{"id":29002,"date":"2022-05-16T13:00:00","date_gmt":"2022-05-16T11:00:00","guid":{"rendered":"http:\/\/lyonbondyblog.fr\/LBB\/?p=29002"},"modified":"2022-05-16T15:35:30","modified_gmt":"2022-05-16T13:35:30","slug":"sasso-et-lallemand-font-la-promotion-de-leur-album-dans-une-soiree-etudiante","status":"publish","type":"post","link":"https:\/\/lyonbondyblog.fr\/LBB\/sasso-et-lallemand-font-la-promotion-de-leur-album-dans-une-soiree-etudiante\/","title":{"rendered":"Sasso et l\u2019Allemand font la promotion de leur album dans une soir\u00e9e \u00e9tudiante"},"content":{"rendered":"\n<h2 class=\"wp-block-heading\">Deux rappeurs lyonnais, Sasso et l\u2019Allemand, ont r\u00e9alis\u00e9 un show-case jeudi 12 mai&nbsp; dernier au ch\u00e2teau de La Cour des Grands. La soir\u00e9e a \u00e9t\u00e9 organis\u00e9e par Hypnotease, une liste d\u2019\u00e9tudiants qui veulent g\u00e9rer le BDE de l\u2019ECE Lyon, une \u00e9cole d\u2019ing\u00e9nieur.<\/h2>\n\n\n\n<p><a href=\"https:\/\/twitter.com\/sasso_officiel?ref_src=twsrc%5Egoogle%7Ctwcamp%5Eserp%7Ctwgr%5Eauthor\" target=\"_blank\" rel=\"noreferrer noopener\">Sasso <\/a>et <a href=\"https:\/\/www.instagram.com\/lallemand_sixnueve\/?hl=fr\" target=\"_blank\" rel=\"noreferrer noopener\">l\u2019Allemand<\/a>, deux rappeurs lyonnais \u00e9taient les t\u00eates d\u2019affiche d\u2019une soir\u00e9e-concert organis\u00e9e par Hypnotease, une liste pour l\u2019accession au BDE d\u2019une \u00e9cole d\u2019ing\u00e9nieur jeudi 12 mai.<\/p>\n\n\n\n<h2 class=\"wp-block-heading\">Deux artistes en promo\u2019<\/h2>\n\n\n\n<p>Sasso et l\u2019Allemand sortaient ce vendredi, \u00e0 minuit, leur projet en commun \u00ab\u00a02 Lions\u00a0\u00bb. Le duo lyonnais \u00e9tait attendu dans une soir\u00e9e d\u2019\u00e9tudiants une heure apr\u00e8s la sortie de ce projet, pour un showcase priv\u00e9 dans le ch\u00e2teau de La Cour des Grands, dans le 5<sup>\u00e8me<\/sup> arrondissement. Fort d\u2019une c\u00e9l\u00e9brit\u00e9 aupr\u00e8s des 18-25 ans, les deux artistes avaient \u00e0 c\u0153ur de venir \u00e9changer au plus pr\u00e8s de leur communaut\u00e9\u00a0: \u00ab\u00a0<em>Vu l\u2019ambiance qu\u2019il y a ce soir, il faut nous pr\u00e9venir la prochaine fois que vous faites une soir\u00e9e, on viendra direct\u00a0<\/em>\u00bb, s\u2019exclame l\u2019Allemand, seulement 5 minutes apr\u00e8s son arriv\u00e9e sur le balcon o\u00f9 il se produit.<\/p>\n\n\n\n<p>Esteban, responsable communication du BDE s\u2019\u00e9tonne du \u00ab&nbsp;<em>hasard du calendrier, qui fait que la soir\u00e9e se d\u00e9roule le jour de la sortie de leur album en commun. C\u2019est \u00e0 la fois deux artistes qui sortent un projet, mais en plus ensemble. C\u2019est vraiment le bon timing&nbsp;<\/em>\u00bb<\/p>\n\n\n\n<div class=\"wp-block-media-text alignwide is-stacked-on-mobile\" style=\"grid-template-columns:19% auto\"><figure class=\"wp-block-media-text__media\"><img loading=\"lazy\" decoding=\"async\" width=\"1200\" height=\"1600\" src=\"https:\/\/lyonbondyblog.fr\/LBB\/wp-content\/uploads\/2022\/05\/WhatsApp-Image-2022-05-16-at-11.49.57.jpeg\" alt=\"\" class=\"wp-image-29008 size-full\" srcset=\"https:\/\/lyonbondyblog.fr\/LBB\/wp-content\/uploads\/2022\/05\/WhatsApp-Image-2022-05-16-at-11.49.57.jpeg 1200w, https:\/\/lyonbondyblog.fr\/LBB\/wp-content\/uploads\/2022\/05\/WhatsApp-Image-2022-05-16-at-11.49.57-900x1200.jpeg 900w, https:\/\/lyonbondyblog.fr\/LBB\/wp-content\/uploads\/2022\/05\/WhatsApp-Image-2022-05-16-at-11.49.57-768x1024.jpeg 768w, https:\/\/lyonbondyblog.fr\/LBB\/wp-content\/uploads\/2022\/05\/WhatsApp-Image-2022-05-16-at-11.49.57-1152x1536.jpeg 1152w\" sizes=\"auto, (max-width: 1200px) 100vw, 1200px\" \/><\/figure><div class=\"wp-block-media-text__content\">\n<p>Malgr\u00e9 une petite exp\u00e9rience sc\u00e9nique, les deux artistes ont tenu une prestation d\u2019une heure, passant d\u2019une s\u00e9rie de leurs morceaux communs et solos d\u00e9j\u00e0 bien rod\u00e9s (J\u2019picole, C\u2019est \u00e7a les rats, Parano) \u00e0 des morceaux que le public a pu d\u00e9couvrir. Toujours selon Esteban, c\u2019est une exp\u00e9rience qui est vou\u00e9e \u00e0 se reproduire&nbsp;: \u00ab&nbsp;O<em>n voudrait renouveler l\u2019exp\u00e9rience l\u2019ann\u00e9e prochaine, avec Jul ou PLK<\/em>&nbsp;\u00bb.<\/p>\n<\/div><\/div>\n\n\n\n<h2 class=\"wp-block-heading\">\u00ab\u00a0<em>Une soir\u00e9e par les \u00e9tudiants pour les \u00e9tudiants<\/em>\u00a0\u00bb<\/h2>\n\n\n\n<p>Ce show priv\u00e9 a \u00e9t\u00e9 possible gr\u00e2ce \u00e0 une organisation men\u00e9e par la liste du BDE de l\u2019\u00e9cole d\u2019ing\u00e9nieurs ECE Lyon. Elle a rassembl\u00e9 400 \u00e9tudiants d\u2019\u00e9coles diff\u00e9rentes via une dizaine de Bureaux Des El\u00e8ves \u00ab&nbsp;<em>d\u00e9march\u00e9s sur Instagram<\/em>&nbsp;\u00bb, nous confie Esteban. La soir\u00e9e \u00e9tudiante du jeudi soir reste \u00ab&nbsp;<em>tr\u00e8s importante dans la semaine de chacun ici <\/em>\u00bb, selon lui.<\/p>\n\n\n\n<p>Pour In\u00e8s Benabdeljalil, responsable \u00e9v\u00e9nementiel de l\u2019association, et principale instigatrice de la soir\u00e9e, l\u2019\u00e9v\u00e9nement a pour objectif de rassembler le maximum d\u2019\u00e9coles diff\u00e9rentes comme \u00ab&nbsp;<em>les BDE des facult\u00e9s de Lyon 3, les \u00e9coles d\u2019ing\u00e9nieurs, l\u2019ESME, l\u2019Ucly, Poly-tech, l\u2019EPITA, et des \u00e9coles comme VATEL, CESI<\/em>&nbsp;\u00bb. Quant au choix du lieu, il \u00e9tait m\u00fbrement r\u00e9fl\u00e9chi, notamment pour sa capacit\u00e9 d\u2019accueil&nbsp;; l\u2019endroit \u00ab<em>&nbsp;ne pouvait accueillir que 400 \u00e0 500 personnes pour ce genre d\u2019\u00e9v\u00e9nement&nbsp;<\/em>\u00bb. Le groupe de b\u00e9n\u00e9voles se f\u00e9licite \u00e9galement de la dynamique positive dans laquelle la soir\u00e9e a pu s\u2019organiser&nbsp;: \u00ab&nbsp;O<em>n a travaill\u00e9 avec un directeur artistique qui nous a aid\u00e9 et nous a fait confiance. Il avait plusieurs lieux comme celui-ci, et par rapport \u00e0 la superficie, ce lieu \u00e9tait le plus appropri\u00e9. C\u2019est un endroit magnifique&nbsp;<\/em>\u00bb.<\/p>\n\n\n\n<h2 class=\"wp-block-heading\">Un BDE en campagne<\/h2>\n\n\n\n<p>Hypnotease et ses 19 b\u00e9n\u00e9voles v\u00eatus de pulls violets, sont candidats \u00e0 la gestion annuelle du BDE de <a>l\u2019ECE Lyon<\/a>. Le groupe d\u2019\u00e9tudiants se pr\u00e9sente pour l\u2019\u00e9lection 2021-2022, apr\u00e8s avoir perdu la pr\u00e9c\u00e9dente \u00e9dition. Pour In\u00e8s, il \u00e9tait impossible de rester sur un \u00e9chec\u00a0: \u00ab<em>\u00a0Nous avions envie de revenir cette ann\u00e9e avec un \u00e9v\u00e9nement choc. On avait plusieurs id\u00e9es en t\u00eate, mais d\u00e9j\u00e0 une envie de faire un showcase avec un artiste lyonnais<\/em>\u00a0\u00bb.<\/p>\n\n\n\n<p>Afin de cr\u00e9er le meilleur show possible, le BDE de l\u2019\u00e9cole d\u2019ing\u00e9 d\u00e9cide de mettre les bouch\u00e9es double et r\u00e9alise une campagne de promotion de leur \u00e9v\u00e9nement. Il fait jouer son r\u00e9seau et entre rapidement en contact avec l\u2019\u00e9quipe de Sasso&nbsp;: \u00ab On<em> voulait viser lyonnais et faire venir un artiste qui \u00e9tait tr\u00e8s appr\u00e9ci\u00e9 par les \u00e9tudiants, <\/em>poursuit-elle. <em>On voulait \u00e9galement travailler avec l\u2019Allemand, et \u00e0 ce moment-l\u00e0, il y avait d\u00e9j\u00e0 des rumeurs selon lesquelles ils allaient sortir un projet en commun. C\u2019\u00e9tait le pr\u00e9texte&nbsp;<\/em>\u00bb.<\/p>\n\n\n\n<figure class=\"wp-block-video\"><video controls src=\"https:\/\/lyonbondyblog.fr\/LBB\/wp-content\/uploads\/2022\/05\/WhatsApp-Video-2022-05-16-at-11.49.52.mp4\"><\/video><\/figure>\n\n\n\n<p>L\u2019occasion aussi pour eux de fid\u00e9liser leur relation avec les autres BDE lyonnais, mais surtout avec les \u00e9tudiants de leur propre \u00e9cole qu\u2019ils esp\u00e8rent rallier \u00e0 leur liste. \u00ab&nbsp;<em>Cet \u00e9v\u00e9nement permet de passer de plus gros partenariats avec d\u2019autres \u00e9coles, et de cr\u00e9er de plus gros projets par la suite<\/em>&nbsp;\u00bb, nous avoue In\u00e8s. C\u2019est un choix logique pour elle&nbsp;: \u00ab On n\u2019organisait pas<em> un concert, mais un show priv\u00e9. Ce n\u2019est pas un \u00e9v\u00e9nement pour tout le monde. On est une liste BDE, donc on va travailler uniquement avec des \u00e9tudiants<\/em>&nbsp;\u00bb.<\/p>\n\n\n\n<h2 class=\"wp-block-heading\">Une initiative r\u00e9compens\u00e9e<\/h2>\n\n\n\n<p>Malgr\u00e9 l\u2019engouement g\u00e9n\u00e9ral lors de la soir\u00e9e, In\u00e8s tient \u00e0 rappeler que l\u2019\u00e9v\u00e9nement a mis du temps \u00e0 rallier autant de monde. \u00ab&nbsp;<em>Le showcase a mis du temps \u00e0 prendre. Nous ne sommes pas pass\u00e9s par une campagne de communication classique, ni par notre BDE, ni par notre \u00e9cole, mais pas nos r\u00e9seaux. On a annonc\u00e9 le projet il y a un peu plus de deux semaines et la billetterie s\u2019est cl\u00f4tur\u00e9e il y a quelques heures.&nbsp;\u00bb<\/em><\/p>\n\n\n\n<p>Du c\u00f4t\u00e9 des artistes, apr\u00e8s avoir cl\u00f4tur\u00e9s le spectacle sur un morceau exclusif de leur dernier projet, l\u2019Allemand et Sasso quittent le balcon. Ils ont l\u2019occasion de f\u00e9liciter l\u2019organisation, et un public lyonnais qui s\u2019est accroch\u00e9 jusqu\u2019au bout \u00e0 la proposition musicale de leurs deux mascottes.<\/p>\n\n\n\n<p>Tristan A.<\/p>\n\n\n\n<p>Dernier article rap <a href=\"https:\/\/lyonbondyblog.fr\/LBB\/festival-roots-de-campagne-a-fleurieux-sur-larbresle\/\">ici <\/a><\/p>\n<!-- AddThis Advanced Settings generic via filter on the_content --><!-- AddThis Share Buttons generic via filter on the_content -->","protected":false},"excerpt":{"rendered":"<p>Deux rappeurs lyonnais, Sasso et l\u2019Allemand, ont r\u00e9alis\u00e9 un show-case jeudi 12 mai&nbsp; dernier au ch\u00e2teau de La Cour des Grands. La soir\u00e9e a \u00e9t\u00e9 &hellip; <!-- AddThis Advanced Settings generic via filter on wp_trim_excerpt --><!-- AddThis Share Buttons generic via filter on wp_trim_excerpt --><\/p>\n","protected":false},"author":1,"featured_media":29018,"comment_status":"open","ping_status":"open","sticky":true,"template":"","format":"standard","meta":{"_FSMCFIC_featured_image_caption":"","_FSMCFIC_featured_image_nocaption":"","_FSMCFIC_featured_image_hide":"","footnotes":""},"categories":[5,3,5324,4,13732],"tags":[],"class_list":["post-29002","post","type-post","status-publish","format-standard","has-post-thumbnail","hentry","category-ambiance","category-culture","category-jeunesse","category-lyon","category-rap"],"yoast_head":"<!-- This site is optimized with the Yoast SEO plugin v22.8 - https:\/\/yoast.com\/wordpress\/plugins\/seo\/ -->\n<title>Sasso et l\u2019Allemand font la promotion de leur album<\/title>\n<meta name=\"description\" content=\"Deux rappeurs lyonnais, Sasso et l\u2019Allemand, ont r\u00e9alis\u00e9 un show-case jeudi 12 mai\u00a0 dernier au ch\u00e2teau de La Cour des Grands.\" \/>\n<meta name=\"robots\" content=\"index, follow, max-snippet:-1, max-image-preview:large, max-video-preview:-1\" \/>\n<link rel=\"canonical\" href=\"https:\/\/lyonbondyblog.fr\/LBB\/sasso-et-lallemand-font-la-promotion-de-leur-album-dans-une-soiree-etudiante\/\" \/>\n<meta property=\"og:locale\" content=\"fr_FR\" \/>\n<meta property=\"og:type\" content=\"article\" \/>\n<meta property=\"og:title\" content=\"Sasso et l\u2019Allemand font la promotion de leur album\" \/>\n<meta property=\"og:description\" content=\"Deux rappeurs lyonnais, Sasso et l\u2019Allemand, ont r\u00e9alis\u00e9 un show-case jeudi 12 mai\u00a0 dernier au ch\u00e2teau de La Cour des Grands.\" \/>\n<meta property=\"og:url\" content=\"https:\/\/lyonbondyblog.fr\/LBB\/sasso-et-lallemand-font-la-promotion-de-leur-album-dans-une-soiree-etudiante\/\" \/>\n<meta property=\"og:site_name\" content=\"Lyon Bondy Blog\" \/>\n<meta property=\"article:publisher\" content=\"https:\/\/www.facebook.com\/lyonbondyblog\" \/>\n<meta property=\"article:author\" content=\"https:\/\/www.facebook.com\/lyonbondyblog\" \/>\n<meta property=\"article:published_time\" content=\"2022-05-16T11:00:00+00:00\" \/>\n<meta property=\"article:modified_time\" content=\"2022-05-16T13:35:30+00:00\" \/>\n<meta property=\"og:image\" content=\"https:\/\/lyonbondyblog.fr\/LBB\/wp-content\/uploads\/2022\/05\/maxresdefault.jpg\" \/>\n\t<meta property=\"og:image:width\" content=\"1280\" \/>\n\t<meta property=\"og:image:height\" content=\"720\" \/>\n\t<meta property=\"og:image:type\" content=\"image\/jpeg\" \/>\n<meta name=\"author\" content=\"La r\u00e9daction\" \/>\n<meta name=\"twitter:card\" content=\"summary_large_image\" \/>\n<meta name=\"twitter:creator\" content=\"@BondyBlogLyon\" \/>\n<meta name=\"twitter:site\" content=\"@bondybloglyon\" \/>\n<script type=\"application\/ld+json\" class=\"yoast-schema-graph\">{\"@context\":\"https:\/\/schema.org\",\"@graph\":[{\"@type\":\"Article\",\"@id\":\"https:\/\/lyonbondyblog.fr\/LBB\/sasso-et-lallemand-font-la-promotion-de-leur-album-dans-une-soiree-etudiante\/#article\",\"isPartOf\":{\"@id\":\"https:\/\/lyonbondyblog.fr\/LBB\/sasso-et-lallemand-font-la-promotion-de-leur-album-dans-une-soiree-etudiante\/\"},\"author\":{\"name\":\"La r\u00e9daction\",\"@id\":\"https:\/\/lyonbondyblog.fr\/LBB\/#\/schema\/person\/e45f8d27baac75072daa0be50c409b25\"},\"headline\":\"Sasso et l\u2019Allemand font la promotion de leur album dans une soir\u00e9e \u00e9tudiante\",\"datePublished\":\"2022-05-16T11:00:00+00:00\",\"dateModified\":\"2022-05-16T13:35:30+00:00\",\"mainEntityOfPage\":{\"@id\":\"https:\/\/lyonbondyblog.fr\/LBB\/sasso-et-lallemand-font-la-promotion-de-leur-album-dans-une-soiree-etudiante\/\"},\"wordCount\":1050,\"commentCount\":0,\"publisher\":{\"@id\":\"https:\/\/lyonbondyblog.fr\/LBB\/#organization\"},\"image\":{\"@id\":\"https:\/\/lyonbondyblog.fr\/LBB\/sasso-et-lallemand-font-la-promotion-de-leur-album-dans-une-soiree-etudiante\/#primaryimage\"},\"thumbnailUrl\":\"https:\/\/lyonbondyblog.fr\/LBB\/wp-content\/uploads\/2022\/05\/maxresdefault.jpg\",\"articleSection\":[\"Ambiance\",\"Culture\",\"Jeunesse\",\"Lyon\",\"Rap\"],\"inLanguage\":\"fr-FR\",\"potentialAction\":[{\"@type\":\"CommentAction\",\"name\":\"Comment\",\"target\":[\"https:\/\/lyonbondyblog.fr\/LBB\/sasso-et-lallemand-font-la-promotion-de-leur-album-dans-une-soiree-etudiante\/#respond\"]}]},{\"@type\":\"WebPage\",\"@id\":\"https:\/\/lyonbondyblog.fr\/LBB\/sasso-et-lallemand-font-la-promotion-de-leur-album-dans-une-soiree-etudiante\/\",\"url\":\"https:\/\/lyonbondyblog.fr\/LBB\/sasso-et-lallemand-font-la-promotion-de-leur-album-dans-une-soiree-etudiante\/\",\"name\":\"Sasso et l\u2019Allemand font la promotion de leur album\",\"isPartOf\":{\"@id\":\"https:\/\/lyonbondyblog.fr\/LBB\/#website\"},\"primaryImageOfPage\":{\"@id\":\"https:\/\/lyonbondyblog.fr\/LBB\/sasso-et-lallemand-font-la-promotion-de-leur-album-dans-une-soiree-etudiante\/#primaryimage\"},\"image\":{\"@id\":\"https:\/\/lyonbondyblog.fr\/LBB\/sasso-et-lallemand-font-la-promotion-de-leur-album-dans-une-soiree-etudiante\/#primaryimage\"},\"thumbnailUrl\":\"https:\/\/lyonbondyblog.fr\/LBB\/wp-content\/uploads\/2022\/05\/maxresdefault.jpg\",\"datePublished\":\"2022-05-16T11:00:00+00:00\",\"dateModified\":\"2022-05-16T13:35:30+00:00\",\"description\":\"Deux rappeurs lyonnais, Sasso et l\u2019Allemand, ont r\u00e9alis\u00e9 un show-case jeudi 12 mai\u00a0 dernier au ch\u00e2teau de La Cour des Grands.\",\"inLanguage\":\"fr-FR\",\"potentialAction\":[{\"@type\":\"ReadAction\",\"target\":[\"https:\/\/lyonbondyblog.fr\/LBB\/sasso-et-lallemand-font-la-promotion-de-leur-album-dans-une-soiree-etudiante\/\"]}]},{\"@type\":\"ImageObject\",\"inLanguage\":\"fr-FR\",\"@id\":\"https:\/\/lyonbondyblog.fr\/LBB\/sasso-et-lallemand-font-la-promotion-de-leur-album-dans-une-soiree-etudiante\/#primaryimage\",\"url\":\"https:\/\/lyonbondyblog.fr\/LBB\/wp-content\/uploads\/2022\/05\/maxresdefault.jpg\",\"contentUrl\":\"https:\/\/lyonbondyblog.fr\/LBB\/wp-content\/uploads\/2022\/05\/maxresdefault.jpg\",\"width\":1280,\"height\":720},{\"@type\":\"WebSite\",\"@id\":\"https:\/\/lyonbondyblog.fr\/LBB\/#website\",\"url\":\"https:\/\/lyonbondyblog.fr\/LBB\/\",\"name\":\"Lyon Bondy Blog\",\"description\":\"\",\"publisher\":{\"@id\":\"https:\/\/lyonbondyblog.fr\/LBB\/#organization\"},\"potentialAction\":[{\"@type\":\"SearchAction\",\"target\":{\"@type\":\"EntryPoint\",\"urlTemplate\":\"https:\/\/lyonbondyblog.fr\/LBB\/?s={search_term_string}\"},\"query-input\":\"required name=search_term_string\"}],\"inLanguage\":\"fr-FR\"},{\"@type\":\"Organization\",\"@id\":\"https:\/\/lyonbondyblog.fr\/LBB\/#organization\",\"name\":\"LYON BONDY BLOG\",\"url\":\"https:\/\/lyonbondyblog.fr\/LBB\/\",\"logo\":{\"@type\":\"ImageObject\",\"inLanguage\":\"fr-FR\",\"@id\":\"https:\/\/lyonbondyblog.fr\/LBB\/#\/schema\/logo\/image\/\",\"url\":\"http:\/\/lyonbondyblog.fr\/LBB\/wp-content\/uploads\/2014\/10\/logo-portable-144.png\",\"contentUrl\":\"http:\/\/lyonbondyblog.fr\/LBB\/wp-content\/uploads\/2014\/10\/logo-portable-144.png\",\"width\":144,\"height\":123,\"caption\":\"LYON BONDY BLOG\"},\"image\":{\"@id\":\"https:\/\/lyonbondyblog.fr\/LBB\/#\/schema\/logo\/image\/\"},\"sameAs\":[\"https:\/\/www.facebook.com\/lyonbondyblog\",\"https:\/\/x.com\/bondybloglyon\"]},{\"@type\":\"Person\",\"@id\":\"https:\/\/lyonbondyblog.fr\/LBB\/#\/schema\/person\/e45f8d27baac75072daa0be50c409b25\",\"name\":\"La r\u00e9daction\",\"description\":\"Cr\u00e9e en 2008, la r\u00e9daction du Lyon Bondy Blog s'applique \u00e0 proposer une information locale diff\u00e9rente et compl\u00e9mentaire des m\u00e9dias traditionnels.\",\"sameAs\":[\"https:\/\/www.facebook.com\/lyonbondyblog\",\"https:\/\/x.com\/BondyBlogLyon\"],\"url\":\"https:\/\/lyonbondyblog.fr\/LBB\/author\/admin\/\"}]}<\/script>\n<!-- \/ Yoast SEO plugin. -->","yoast_head_json":{"title":"Sasso et l\u2019Allemand font la promotion de leur album","description":"Deux rappeurs lyonnais, Sasso et l\u2019Allemand, ont r\u00e9alis\u00e9 un show-case jeudi 12 mai\u00a0 dernier au ch\u00e2teau de La Cour des Grands.","robots":{"index":"index","follow":"follow","max-snippet":"max-snippet:-1","max-image-preview":"max-image-preview:large","max-video-preview":"max-video-preview:-1"},"canonical":"https:\/\/lyonbondyblog.fr\/LBB\/sasso-et-lallemand-font-la-promotion-de-leur-album-dans-une-soiree-etudiante\/","og_locale":"fr_FR","og_type":"article","og_title":"Sasso et l\u2019Allemand font la promotion de leur album","og_description":"Deux rappeurs lyonnais, Sasso et l\u2019Allemand, ont r\u00e9alis\u00e9 un show-case jeudi 12 mai\u00a0 dernier au ch\u00e2teau de La Cour des Grands.","og_url":"https:\/\/lyonbondyblog.fr\/LBB\/sasso-et-lallemand-font-la-promotion-de-leur-album-dans-une-soiree-etudiante\/","og_site_name":"Lyon Bondy Blog","article_publisher":"https:\/\/www.facebook.com\/lyonbondyblog","article_author":"https:\/\/www.facebook.com\/lyonbondyblog","article_published_time":"2022-05-16T11:00:00+00:00","article_modified_time":"2022-05-16T13:35:30+00:00","og_image":[{"width":1280,"height":720,"url":"https:\/\/lyonbondyblog.fr\/LBB\/wp-content\/uploads\/2022\/05\/maxresdefault.jpg","type":"image\/jpeg"}],"author":"La r\u00e9daction","twitter_card":"summary_large_image","twitter_creator":"@BondyBlogLyon","twitter_site":"@bondybloglyon","schema":{"@context":"https:\/\/schema.org","@graph":[{"@type":"Article","@id":"https:\/\/lyonbondyblog.fr\/LBB\/sasso-et-lallemand-font-la-promotion-de-leur-album-dans-une-soiree-etudiante\/#article","isPartOf":{"@id":"https:\/\/lyonbondyblog.fr\/LBB\/sasso-et-lallemand-font-la-promotion-de-leur-album-dans-une-soiree-etudiante\/"},"author":{"name":"La r\u00e9daction","@id":"https:\/\/lyonbondyblog.fr\/LBB\/#\/schema\/person\/e45f8d27baac75072daa0be50c409b25"},"headline":"Sasso et l\u2019Allemand font la promotion de leur album dans une soir\u00e9e \u00e9tudiante","datePublished":"2022-05-16T11:00:00+00:00","dateModified":"2022-05-16T13:35:30+00:00","mainEntityOfPage":{"@id":"https:\/\/lyonbondyblog.fr\/LBB\/sasso-et-lallemand-font-la-promotion-de-leur-album-dans-une-soiree-etudiante\/"},"wordCount":1050,"commentCount":0,"publisher":{"@id":"https:\/\/lyonbondyblog.fr\/LBB\/#organization"},"image":{"@id":"https:\/\/lyonbondyblog.fr\/LBB\/sasso-et-lallemand-font-la-promotion-de-leur-album-dans-une-soiree-etudiante\/#primaryimage"},"thumbnailUrl":"https:\/\/lyonbondyblog.fr\/LBB\/wp-content\/uploads\/2022\/05\/maxresdefault.jpg","articleSection":["Ambiance","Culture","Jeunesse","Lyon","Rap"],"inLanguage":"fr-FR","potentialAction":[{"@type":"CommentAction","name":"Comment","target":["https:\/\/lyonbondyblog.fr\/LBB\/sasso-et-lallemand-font-la-promotion-de-leur-album-dans-une-soiree-etudiante\/#respond"]}]},{"@type":"WebPage","@id":"https:\/\/lyonbondyblog.fr\/LBB\/sasso-et-lallemand-font-la-promotion-de-leur-album-dans-une-soiree-etudiante\/","url":"https:\/\/lyonbondyblog.fr\/LBB\/sasso-et-lallemand-font-la-promotion-de-leur-album-dans-une-soiree-etudiante\/","name":"Sasso et l\u2019Allemand font la promotion de leur album","isPartOf":{"@id":"https:\/\/lyonbondyblog.fr\/LBB\/#website"},"primaryImageOfPage":{"@id":"https:\/\/lyonbondyblog.fr\/LBB\/sasso-et-lallemand-font-la-promotion-de-leur-album-dans-une-soiree-etudiante\/#primaryimage"},"image":{"@id":"https:\/\/lyonbondyblog.fr\/LBB\/sasso-et-lallemand-font-la-promotion-de-leur-album-dans-une-soiree-etudiante\/#primaryimage"},"thumbnailUrl":"https:\/\/lyonbondyblog.fr\/LBB\/wp-content\/uploads\/2022\/05\/maxresdefault.jpg","datePublished":"2022-05-16T11:00:00+00:00","dateModified":"2022-05-16T13:35:30+00:00","description":"Deux rappeurs lyonnais, Sasso et l\u2019Allemand, ont r\u00e9alis\u00e9 un show-case jeudi 12 mai\u00a0 dernier au ch\u00e2teau de La Cour des Grands.","inLanguage":"fr-FR","potentialAction":[{"@type":"ReadAction","target":["https:\/\/lyonbondyblog.fr\/LBB\/sasso-et-lallemand-font-la-promotion-de-leur-album-dans-une-soiree-etudiante\/"]}]},{"@type":"ImageObject","inLanguage":"fr-FR","@id":"https:\/\/lyonbondyblog.fr\/LBB\/sasso-et-lallemand-font-la-promotion-de-leur-album-dans-une-soiree-etudiante\/#primaryimage","url":"https:\/\/lyonbondyblog.fr\/LBB\/wp-content\/uploads\/2022\/05\/maxresdefault.jpg","contentUrl":"https:\/\/lyonbondyblog.fr\/LBB\/wp-content\/uploads\/2022\/05\/maxresdefault.jpg","width":1280,"height":720},{"@type":"WebSite","@id":"https:\/\/lyonbondyblog.fr\/LBB\/#website","url":"https:\/\/lyonbondyblog.fr\/LBB\/","name":"Lyon Bondy Blog","description":"","publisher":{"@id":"https:\/\/lyonbondyblog.fr\/LBB\/#organization"},"potentialAction":[{"@type":"SearchAction","target":{"@type":"EntryPoint","urlTemplate":"https:\/\/lyonbondyblog.fr\/LBB\/?s={search_term_string}"},"query-input":"required name=search_term_string"}],"inLanguage":"fr-FR"},{"@type":"Organization","@id":"https:\/\/lyonbondyblog.fr\/LBB\/#organization","name":"LYON BONDY BLOG","url":"https:\/\/lyonbondyblog.fr\/LBB\/","logo":{"@type":"ImageObject","inLanguage":"fr-FR","@id":"https:\/\/lyonbondyblog.fr\/LBB\/#\/schema\/logo\/image\/","url":"http:\/\/lyonbondyblog.fr\/LBB\/wp-content\/uploads\/2014\/10\/logo-portable-144.png","contentUrl":"http:\/\/lyonbondyblog.fr\/LBB\/wp-content\/uploads\/2014\/10\/logo-portable-144.png","width":144,"height":123,"caption":"LYON BONDY BLOG"},"image":{"@id":"https:\/\/lyonbondyblog.fr\/LBB\/#\/schema\/logo\/image\/"},"sameAs":["https:\/\/www.facebook.com\/lyonbondyblog","https:\/\/x.com\/bondybloglyon"]},{"@type":"Person","@id":"https:\/\/lyonbondyblog.fr\/LBB\/#\/schema\/person\/e45f8d27baac75072daa0be50c409b25","name":"La r\u00e9daction","description":"Cr\u00e9e en 2008, la r\u00e9daction du Lyon Bondy Blog s'applique \u00e0 proposer une information locale diff\u00e9rente et compl\u00e9mentaire des m\u00e9dias traditionnels.","sameAs":["https:\/\/www.facebook.com\/lyonbondyblog","https:\/\/x.com\/BondyBlogLyon"],"url":"https:\/\/lyonbondyblog.fr\/LBB\/author\/admin\/"}]}},"_links":{"self":[{"href":"https:\/\/lyonbondyblog.fr\/LBB\/wp-json\/wp\/v2\/posts\/29002","targetHints":{"allow":["GET"]}}],"collection":[{"href":"https:\/\/lyonbondyblog.fr\/LBB\/wp-json\/wp\/v2\/posts"}],"about":[{"href":"https:\/\/lyonbondyblog.fr\/LBB\/wp-json\/wp\/v2\/types\/post"}],"author":[{"embeddable":true,"href":"https:\/\/lyonbondyblog.fr\/LBB\/wp-json\/wp\/v2\/users\/1"}],"replies":[{"embeddable":true,"href":"https:\/\/lyonbondyblog.fr\/LBB\/wp-json\/wp\/v2\/comments?post=29002"}],"version-history":[{"count":12,"href":"https:\/\/lyonbondyblog.fr\/LBB\/wp-json\/wp\/v2\/posts\/29002\/revisions"}],"predecessor-version":[{"id":29027,"href":"https:\/\/lyonbondyblog.fr\/LBB\/wp-json\/wp\/v2\/posts\/29002\/revisions\/29027"}],"wp:featuredmedia":[{"embeddable":true,"href":"https:\/\/lyonbondyblog.fr\/LBB\/wp-json\/wp\/v2\/media\/29018"}],"wp:attachment":[{"href":"https:\/\/lyonbondyblog.fr\/LBB\/wp-json\/wp\/v2\/media?parent=29002"}],"wp:term":[{"taxonomy":"category","embeddable":true,"href":"https:\/\/lyonbondyblog.fr\/LBB\/wp-json\/wp\/v2\/categories?post=29002"},{"taxonomy":"post_tag","embeddable":true,"href":"https:\/\/lyonbondyblog.fr\/LBB\/wp-json\/wp\/v2\/tags?post=29002"}],"curies":[{"name":"wp","href":"https:\/\/api.w.org\/{rel}","templated":true}]}}