{"id":290,"date":"2013-04-03T17:22:28","date_gmt":"2013-04-03T15:22:28","guid":{"rendered":"http:\/\/lyonbondyblog.fr\/LBB\/?p=290"},"modified":"2013-11-20T18:07:41","modified_gmt":"2013-11-20T17:07:41","slug":"cursus-carceral-lecole-en-detention","status":"publish","type":"post","link":"https:\/\/lyonbondyblog.fr\/LBB\/cursus-carceral-lecole-en-detention\/","title":{"rendered":"Cursus carc\u00e9ral : l\u2019\u00e9cole en d\u00e9tention"},"content":{"rendered":"<p><a href=\"https:\/\/lyonbondyblog.fr\/LBB\/wp-content\/uploads\/2013\/07\/salle-de-classe-prison.jpg\"><img loading=\"lazy\" decoding=\"async\" width=\"300\" height=\"225\" class=\"alignleft size-medium wp-image-291\" alt=\"salle de classe prison\" src=\"https:\/\/lyonbondyblog.fr\/LBB\/wp-content\/uploads\/2013\/07\/salle-de-classe-prison-300x225.jpg\" srcset=\"https:\/\/lyonbondyblog.fr\/LBB\/wp-content\/uploads\/2013\/07\/salle-de-classe-prison-300x225.jpg 300w, https:\/\/lyonbondyblog.fr\/LBB\/wp-content\/uploads\/2013\/07\/salle-de-classe-prison.jpg 400w\" sizes=\"auto, (max-width: 300px) 100vw, 300px\" \/><\/a>Apres les articles sur l\u2019arriv\u00e9e, le jugement et le quotidien du d\u00e9tenu, nous passons \u00e0 l\u2019une des activit\u00e9s possibles en d\u00e9tention : les \u00e9tudes.<\/p>\n<p>L\u2019ensemble des maisons d\u2019arr\u00eat, ainsi que les centrales, proposent la possibilit\u00e9 d\u2019\u00e9tudier. Une aile scolaire est affect\u00e9e \u00e0 cela dans chaque \u00e9tablissement p\u00e9nitentiaire. Encore une fois, l\u2019autorisation, ou non, d\u2019\u00e9tudier rel\u00e8ve du pouvoir discr\u00e9tionnaire du directeur d\u2019\u00e9tablissement. Celui-ci peut tr\u00e8s bien refuser l\u2019acc\u00e8s aux cours, en invoquant des raisons de s\u00e9curit\u00e9 pour un d\u00e9tenu ayant le statut DPS (d\u00e9tenu particuli\u00e8rement surveill\u00e9). Pour autant, il semble difficile de faire le mur en cas d\u2019\u00e9cole buissonni\u00e8re\u2026<\/p>\n<p>A la d\u00e9charge du directeur, il est \u00e0 noter que dans certaines proc\u00e9dures, plusieurs mis en examens dans la m\u00eame affaire se retrouvent dans la m\u00eame prison. Pour des raisons de non concertation entre eux, le juges aux libert\u00e9s et de la d\u00e9tention, donne injonction au directeur de faire en sorte que les pr\u00e9sum\u00e9s innocents ne se retrouvent pas ensembles. La demande de scolarit\u00e9 peut alors servir \u00e0 se retrouver, malgr\u00e9 l\u2019interdiction.<\/p>\n<p>Une fois l\u2019accord obtenu par le directeur, le d\u00e9tenu doit faire son paquetage pour un changement de cellule, et se voit d\u00e9livrer une affectation au b\u00e2timent scolaire. Les cours sont dispens\u00e9s dans des salles pr\u00e9vues \u00e0 cet usage. Bien souvent, il n\u2019y a pas de prises \u00e9lectriques, pour \u00e9viter que celles-ci servent de boites aux lettres \u00ab fant\u00f4mes \u00bb. Environ 20% des d\u00e9tenus sont scolaris\u00e9s. Les mineurs en repr\u00e9sentent plus de la moiti\u00e9. La scolarit\u00e9 est un droit, mais pas une obligation, hormis pour les d\u00e9tenus mineurs. Quel que soit le dipl\u00f4me en pr\u00e9paration, les cours se limitent entre 6 \u00e0 12 heures par semaine, en moyenne. Autant dire que la pol\u00e9mique sur les rythmes scolaires n\u2019a pas franchi les murs d\u2019enceintes des prisons.<\/p>\n<p>Le personnel p\u00e9nitentiaire ne fait qu\u2019assurer les mouvements depuis les cellules jusqu\u2019aux salles de cours, et inversement. Les cours sont dispens\u00e9s par des fonctionnaires de l\u2019\u00e9ducation nationale (<a href=\"http:\/\/www.vie-publique.fr\/documents-vp\/conf021105.pdf\">source : minist\u00e8re de la justice<\/a>), ainsi que par des b\u00e9n\u00e9voles ext\u00e9rieurs dont les rangs les plus fournis proviennent du\u00a0<a href=\"http:\/\/ http:\/\/www.genepi.fr\/\">Groupement Etudiant National pour l\u2019Enseignement aux Personnes Incarc\u00e9r\u00e9es (G\u00e9n\u00e9pi)<\/a>. Bien souvent, il s\u2019agit donc d\u2019\u00e9tudiants ou de professeurs des \u00e9coles.<\/p>\n<p>En compl\u00e9ment des cours avec professeurs, il y a le Centre National d\u2019Etudes \u00e0 Distance (CNED). Tous les d\u00e9tenus ne sont pas \u00e9gaux sur cette option car l\u2019inscription au CNED n\u2019est pas gratuite. Selon le type de dipl\u00f4me, l\u2019addition peut s\u2019\u00e9lever \u00e0 plusieurs centaines d\u2019euros. Si le pr\u00e9tendant \u00e0 cette formule est indigent, il sera compliqu\u00e9, mais pas impossible d\u2019obtenir une prise en charge par le comit\u00e9 d\u2019insertion et le service sociale de la prison.<\/p>\n<p><strong>D\u00e9tenus et \u00e9tudiants libre sur un m\u00eame pied d\u2019\u00e9galit\u00e9 face aux examens<\/strong><\/p>\n<p>Le passage des examens du dipl\u00f4me se fait en d\u00e9tention. Une salle est mise \u00e0 disposition par l\u2019\u00e9tablissement p\u00e9nitentiaire. Un fonctionnaire de l\u2019\u00e9ducation nationale veille \u00e0 ce qu\u2019il n\u2019y pas de fraudes durant le temps de l\u2019\u00e9preuve. Les sujets sont remis au moment de l\u2019examen, et les candidats sont sur un pied d\u2019\u00e9galit\u00e9 avec l\u2019ensemble des \u00e9l\u00e8ves du territoire national passant le m\u00eame dipl\u00f4me.<\/p>\n<p>C\u2019est un comble. Les inscriptions se font en tant que candidats libres par l\u2019administration p\u00e9nitentiaire. Les plis des \u00e9preuves \u00e9tant anonymes, ils sont corrig\u00e9s avec ceux des \u00e9tudiants, vraiment libres, par les acad\u00e9mies concern\u00e9es. Par exemple, un d\u00e9tenu pr\u00e9parant un CAP ou un BEP \u00e0 la maison d\u2019arr\u00eat de Villepinte sera corrig\u00e9 par l\u2019acad\u00e9mie de Cr\u00e9teil. En cas de r\u00e9ussite, un dipl\u00f4me sera remis sans qu\u2019il soit fait mention du lieu de passage de celui-ci. En cas de r\u00e9ussite \u00e0 un Dipl\u00f4me d\u2019Acc\u00e8s aux Etudes Universitaire (DEAU), le candidat d\u00e9tenu \u00e0 la maison d\u2019arr\u00eat de Nanterre se verra remettre un dipl\u00f4me par la tr\u00e8s prestigieuse universit\u00e9 de la Sorbonne.<\/p>\n<p>Au premier semestre 2002, sur 16 357 scolaris\u00e9s : 8 439 \u00e9taient en formation de base (de l\u2019alphab\u00e9tisation \u00e0 la pr\u00e9paration au CFG 1), 4 558 suivaient des cours de niveau 5 d\u00e9bouchant \u00e9ventuellement sur un CAP, un BEP ou un brevet, 1 242 \u00e9taient au niveau du second cycle du second degr\u00e9 et 304 \u00e0 un niveau universitaire (<a href=\"http:\/\/www.cndp.fr\/bienlire\/04-media\/a-enseignement02.asp\">Source : Bien lire<\/a>)<\/p>\n<p>Il serait int\u00e9ressant de savoir le taux de r\u00e9cidive pour des d\u00e9tenus ayant obtenu un ou plusieurs dipl\u00f4mes en d\u00e9tention. Il y a fort \u00e0 parier qu\u2019il serait en-dessous de celui des d\u00e9tenus n\u2019ayant pass\u00e9 leur temps que devant le petit \u00e9cran.<\/p>\n<p>Toujours est-il qu\u2019un r\u00e9el effort est fourni par l\u2019administration p\u00e9nitentiaire pour mettre un minimum de moyens \u00e0 disposition des d\u00e9tenus faisant une demande d\u2019\u00e9tudes. A d\u00e9faut de mettre en pratique ce dicton de Victor Hugo : \u00ab<em>\u00a0ouvrez une \u00e9cole, et vous fermerez une prison<\/em>\u00a0\u00bb, on fait rentrer l\u2019\u00e9cole dans la prison. Et les \u00e9tudes peuvent faire partie du cursus carc\u00e9ral.<\/p>\n<!-- AddThis Advanced Settings generic via filter on the_content --><!-- AddThis Share Buttons generic via filter on the_content -->","protected":false},"excerpt":{"rendered":"<p>Apres les articles sur l\u2019arriv\u00e9e, le jugement et le quotidien du d\u00e9tenu, nous passons \u00e0 l\u2019une des activit\u00e9s possibles en d\u00e9tention : les \u00e9tudes. L\u2019ensemble &hellip; <!-- AddThis Advanced Settings generic via filter on wp_trim_excerpt --><!-- AddThis Share Buttons generic via filter on wp_trim_excerpt --><\/p>\n","protected":false},"author":6,"featured_media":291,"comment_status":"open","ping_status":"open","sticky":false,"template":"","format":"standard","meta":{"_FSMCFIC_featured_image_caption":"","_FSMCFIC_featured_image_nocaption":"","_FSMCFIC_featured_image_hide":"","footnotes":""},"categories":[8,4,64],"tags":[78,79,77,69],"class_list":["post-290","post","type-post","status-publish","format-standard","has-post-thumbnail","hentry","category-france","category-lyon","category-prisons","tag-cours","tag-diplome","tag-ecole","tag-prison"],"yoast_head":"<!-- This site is optimized with the Yoast SEO plugin v22.8 - https:\/\/yoast.com\/wordpress\/plugins\/seo\/ -->\n<title>Cursus carc\u00e9ral : l\u2019\u00e9cole en d\u00e9tention - Lyon Bondy Blog<\/title>\n<meta name=\"robots\" content=\"index, follow, max-snippet:-1, max-image-preview:large, max-video-preview:-1\" \/>\n<link rel=\"canonical\" href=\"https:\/\/lyonbondyblog.fr\/LBB\/cursus-carceral-lecole-en-detention\/\" \/>\n<meta property=\"og:locale\" content=\"fr_FR\" \/>\n<meta property=\"og:type\" content=\"article\" \/>\n<meta property=\"og:title\" content=\"Cursus carc\u00e9ral : l\u2019\u00e9cole en d\u00e9tention - Lyon Bondy Blog\" \/>\n<meta property=\"og:description\" content=\"Apres les articles sur l\u2019arriv\u00e9e, le jugement et le quotidien du d\u00e9tenu, nous passons \u00e0 l\u2019une des activit\u00e9s possibles en d\u00e9tention : les \u00e9tudes. L\u2019ensemble &hellip;\" \/>\n<meta property=\"og:url\" content=\"https:\/\/lyonbondyblog.fr\/LBB\/cursus-carceral-lecole-en-detention\/\" \/>\n<meta property=\"og:site_name\" content=\"Lyon Bondy Blog\" \/>\n<meta property=\"article:publisher\" content=\"https:\/\/www.facebook.com\/lyonbondyblog\" \/>\n<meta property=\"article:published_time\" content=\"2013-04-03T15:22:28+00:00\" \/>\n<meta property=\"article:modified_time\" content=\"2013-11-20T17:07:41+00:00\" \/>\n<meta property=\"og:image\" content=\"https:\/\/lyonbondyblog.fr\/LBB\/wp-content\/uploads\/2013\/07\/salle-de-classe-prison.jpg\" \/>\n\t<meta property=\"og:image:width\" content=\"400\" \/>\n\t<meta property=\"og:image:height\" content=\"300\" \/>\n\t<meta property=\"og:image:type\" content=\"image\/jpeg\" \/>\n<meta name=\"author\" content=\"David Vallat\" \/>\n<meta name=\"twitter:card\" content=\"summary_large_image\" \/>\n<meta name=\"twitter:creator\" content=\"@bondybloglyon\" \/>\n<meta name=\"twitter:site\" content=\"@bondybloglyon\" \/>\n<script type=\"application\/ld+json\" class=\"yoast-schema-graph\">{\"@context\":\"https:\/\/schema.org\",\"@graph\":[{\"@type\":\"Article\",\"@id\":\"https:\/\/lyonbondyblog.fr\/LBB\/cursus-carceral-lecole-en-detention\/#article\",\"isPartOf\":{\"@id\":\"https:\/\/lyonbondyblog.fr\/LBB\/cursus-carceral-lecole-en-detention\/\"},\"author\":{\"name\":\"David Vallat\",\"@id\":\"https:\/\/lyonbondyblog.fr\/LBB\/#\/schema\/person\/e05da4b37301ee95bd3ea4b83193b100\"},\"headline\":\"Cursus carc\u00e9ral : l\u2019\u00e9cole en d\u00e9tention\",\"datePublished\":\"2013-04-03T15:22:28+00:00\",\"dateModified\":\"2013-11-20T17:07:41+00:00\",\"mainEntityOfPage\":{\"@id\":\"https:\/\/lyonbondyblog.fr\/LBB\/cursus-carceral-lecole-en-detention\/\"},\"wordCount\":898,\"commentCount\":0,\"publisher\":{\"@id\":\"https:\/\/lyonbondyblog.fr\/LBB\/#organization\"},\"image\":{\"@id\":\"https:\/\/lyonbondyblog.fr\/LBB\/cursus-carceral-lecole-en-detention\/#primaryimage\"},\"thumbnailUrl\":\"https:\/\/lyonbondyblog.fr\/LBB\/wp-content\/uploads\/2013\/07\/salle-de-classe-prison.jpg\",\"keywords\":[\"cours\",\"dipl\u00f4me\",\"\u00e9cole\",\"prison\"],\"articleSection\":[\"France\",\"Lyon\",\"Prisons\"],\"inLanguage\":\"fr-FR\",\"potentialAction\":[{\"@type\":\"CommentAction\",\"name\":\"Comment\",\"target\":[\"https:\/\/lyonbondyblog.fr\/LBB\/cursus-carceral-lecole-en-detention\/#respond\"]}]},{\"@type\":\"WebPage\",\"@id\":\"https:\/\/lyonbondyblog.fr\/LBB\/cursus-carceral-lecole-en-detention\/\",\"url\":\"https:\/\/lyonbondyblog.fr\/LBB\/cursus-carceral-lecole-en-detention\/\",\"name\":\"Cursus carc\u00e9ral : l\u2019\u00e9cole en d\u00e9tention - Lyon Bondy Blog\",\"isPartOf\":{\"@id\":\"https:\/\/lyonbondyblog.fr\/LBB\/#website\"},\"primaryImageOfPage\":{\"@id\":\"https:\/\/lyonbondyblog.fr\/LBB\/cursus-carceral-lecole-en-detention\/#primaryimage\"},\"image\":{\"@id\":\"https:\/\/lyonbondyblog.fr\/LBB\/cursus-carceral-lecole-en-detention\/#primaryimage\"},\"thumbnailUrl\":\"https:\/\/lyonbondyblog.fr\/LBB\/wp-content\/uploads\/2013\/07\/salle-de-classe-prison.jpg\",\"datePublished\":\"2013-04-03T15:22:28+00:00\",\"dateModified\":\"2013-11-20T17:07:41+00:00\",\"inLanguage\":\"fr-FR\",\"potentialAction\":[{\"@type\":\"ReadAction\",\"target\":[\"https:\/\/lyonbondyblog.fr\/LBB\/cursus-carceral-lecole-en-detention\/\"]}]},{\"@type\":\"ImageObject\",\"inLanguage\":\"fr-FR\",\"@id\":\"https:\/\/lyonbondyblog.fr\/LBB\/cursus-carceral-lecole-en-detention\/#primaryimage\",\"url\":\"https:\/\/lyonbondyblog.fr\/LBB\/wp-content\/uploads\/2013\/07\/salle-de-classe-prison.jpg\",\"contentUrl\":\"https:\/\/lyonbondyblog.fr\/LBB\/wp-content\/uploads\/2013\/07\/salle-de-classe-prison.jpg\",\"width\":400,\"height\":300},{\"@type\":\"WebSite\",\"@id\":\"https:\/\/lyonbondyblog.fr\/LBB\/#website\",\"url\":\"https:\/\/lyonbondyblog.fr\/LBB\/\",\"name\":\"Lyon Bondy Blog\",\"description\":\"\",\"publisher\":{\"@id\":\"https:\/\/lyonbondyblog.fr\/LBB\/#organization\"},\"potentialAction\":[{\"@type\":\"SearchAction\",\"target\":{\"@type\":\"EntryPoint\",\"urlTemplate\":\"https:\/\/lyonbondyblog.fr\/LBB\/?s={search_term_string}\"},\"query-input\":\"required name=search_term_string\"}],\"inLanguage\":\"fr-FR\"},{\"@type\":\"Organization\",\"@id\":\"https:\/\/lyonbondyblog.fr\/LBB\/#organization\",\"name\":\"LYON BONDY BLOG\",\"url\":\"https:\/\/lyonbondyblog.fr\/LBB\/\",\"logo\":{\"@type\":\"ImageObject\",\"inLanguage\":\"fr-FR\",\"@id\":\"https:\/\/lyonbondyblog.fr\/LBB\/#\/schema\/logo\/image\/\",\"url\":\"http:\/\/lyonbondyblog.fr\/LBB\/wp-content\/uploads\/2014\/10\/logo-portable-144.png\",\"contentUrl\":\"http:\/\/lyonbondyblog.fr\/LBB\/wp-content\/uploads\/2014\/10\/logo-portable-144.png\",\"width\":144,\"height\":123,\"caption\":\"LYON BONDY BLOG\"},\"image\":{\"@id\":\"https:\/\/lyonbondyblog.fr\/LBB\/#\/schema\/logo\/image\/\"},\"sameAs\":[\"https:\/\/www.facebook.com\/lyonbondyblog\",\"https:\/\/x.com\/bondybloglyon\"]},{\"@type\":\"Person\",\"@id\":\"https:\/\/lyonbondyblog.fr\/LBB\/#\/schema\/person\/e05da4b37301ee95bd3ea4b83193b100\",\"name\":\"David Vallat\",\"description\":\"J\u2019ai d\u00e9j\u00e0 \u00e9t\u00e9 manutentionnaire, pr\u00e9parateur de commande, soudeur, m\u00e9tallier, d\u00e9panneur, serrurier, \u00e9boueur, administrateur des ventes export, d\u00e9m\u00e9nageur, n\u00e9gociateur immobilier, m\u00e9treur dans le b\u00e2timent, fleuriste, k\u00e9babiste, d\u00e9mineur, agent d\u2019entretien, figurant pour des courts m\u00e9trage, carrossier peintre, m\u00e9canicien auto, consultant en explosif pour le cin\u00e9ma, chasseur alpin au 159 de Brian\u00e7on, peintre en b\u00e2timent, formateur sur armes l\u00e9g\u00e8res et fusils d\u2019assauts, pointeur mortier lourd, poseur de charpentes m\u00e9talliques, restaurateur, conseiller juridique, gr\u00e9viste de la faim, arbitre d\u2019\u00e9preuve pour le brevet de moniteur de ski, comptable dans une association de malfaiteur, traducteur anglais arabe, \u00e9crivain public, \u00e9lagueur pour l\u2019office national des forets, n\u00e9gociant en mat\u00e9riel de toutes sortes, chef de chantier, conducteur de travaux. (Liste non exhaustive). Au Lyon Bondy Blog depuis mars 2012. Ma devise serait : \u00ab Mieux vaut passer pour un ignorant, mais ne pas le rester, plut\u00f4t que de le cacher, et continuer \u00e0 l\u2019\u00eatre. \u00bb\",\"url\":\"https:\/\/lyonbondyblog.fr\/LBB\/author\/david\/\"}]}<\/script>\n<!-- \/ Yoast SEO plugin. -->","yoast_head_json":{"title":"Cursus carc\u00e9ral : l\u2019\u00e9cole en d\u00e9tention - Lyon Bondy Blog","robots":{"index":"index","follow":"follow","max-snippet":"max-snippet:-1","max-image-preview":"max-image-preview:large","max-video-preview":"max-video-preview:-1"},"canonical":"https:\/\/lyonbondyblog.fr\/LBB\/cursus-carceral-lecole-en-detention\/","og_locale":"fr_FR","og_type":"article","og_title":"Cursus carc\u00e9ral : l\u2019\u00e9cole en d\u00e9tention - Lyon Bondy Blog","og_description":"Apres les articles sur l\u2019arriv\u00e9e, le jugement et le quotidien du d\u00e9tenu, nous passons \u00e0 l\u2019une des activit\u00e9s possibles en d\u00e9tention : les \u00e9tudes. L\u2019ensemble &hellip;","og_url":"https:\/\/lyonbondyblog.fr\/LBB\/cursus-carceral-lecole-en-detention\/","og_site_name":"Lyon Bondy Blog","article_publisher":"https:\/\/www.facebook.com\/lyonbondyblog","article_published_time":"2013-04-03T15:22:28+00:00","article_modified_time":"2013-11-20T17:07:41+00:00","og_image":[{"width":400,"height":300,"url":"https:\/\/lyonbondyblog.fr\/LBB\/wp-content\/uploads\/2013\/07\/salle-de-classe-prison.jpg","type":"image\/jpeg"}],"author":"David Vallat","twitter_card":"summary_large_image","twitter_creator":"@bondybloglyon","twitter_site":"@bondybloglyon","schema":{"@context":"https:\/\/schema.org","@graph":[{"@type":"Article","@id":"https:\/\/lyonbondyblog.fr\/LBB\/cursus-carceral-lecole-en-detention\/#article","isPartOf":{"@id":"https:\/\/lyonbondyblog.fr\/LBB\/cursus-carceral-lecole-en-detention\/"},"author":{"name":"David Vallat","@id":"https:\/\/lyonbondyblog.fr\/LBB\/#\/schema\/person\/e05da4b37301ee95bd3ea4b83193b100"},"headline":"Cursus carc\u00e9ral : l\u2019\u00e9cole en d\u00e9tention","datePublished":"2013-04-03T15:22:28+00:00","dateModified":"2013-11-20T17:07:41+00:00","mainEntityOfPage":{"@id":"https:\/\/lyonbondyblog.fr\/LBB\/cursus-carceral-lecole-en-detention\/"},"wordCount":898,"commentCount":0,"publisher":{"@id":"https:\/\/lyonbondyblog.fr\/LBB\/#organization"},"image":{"@id":"https:\/\/lyonbondyblog.fr\/LBB\/cursus-carceral-lecole-en-detention\/#primaryimage"},"thumbnailUrl":"https:\/\/lyonbondyblog.fr\/LBB\/wp-content\/uploads\/2013\/07\/salle-de-classe-prison.jpg","keywords":["cours","dipl\u00f4me","\u00e9cole","prison"],"articleSection":["France","Lyon","Prisons"],"inLanguage":"fr-FR","potentialAction":[{"@type":"CommentAction","name":"Comment","target":["https:\/\/lyonbondyblog.fr\/LBB\/cursus-carceral-lecole-en-detention\/#respond"]}]},{"@type":"WebPage","@id":"https:\/\/lyonbondyblog.fr\/LBB\/cursus-carceral-lecole-en-detention\/","url":"https:\/\/lyonbondyblog.fr\/LBB\/cursus-carceral-lecole-en-detention\/","name":"Cursus carc\u00e9ral : l\u2019\u00e9cole en d\u00e9tention - Lyon Bondy Blog","isPartOf":{"@id":"https:\/\/lyonbondyblog.fr\/LBB\/#website"},"primaryImageOfPage":{"@id":"https:\/\/lyonbondyblog.fr\/LBB\/cursus-carceral-lecole-en-detention\/#primaryimage"},"image":{"@id":"https:\/\/lyonbondyblog.fr\/LBB\/cursus-carceral-lecole-en-detention\/#primaryimage"},"thumbnailUrl":"https:\/\/lyonbondyblog.fr\/LBB\/wp-content\/uploads\/2013\/07\/salle-de-classe-prison.jpg","datePublished":"2013-04-03T15:22:28+00:00","dateModified":"2013-11-20T17:07:41+00:00","inLanguage":"fr-FR","potentialAction":[{"@type":"ReadAction","target":["https:\/\/lyonbondyblog.fr\/LBB\/cursus-carceral-lecole-en-detention\/"]}]},{"@type":"ImageObject","inLanguage":"fr-FR","@id":"https:\/\/lyonbondyblog.fr\/LBB\/cursus-carceral-lecole-en-detention\/#primaryimage","url":"https:\/\/lyonbondyblog.fr\/LBB\/wp-content\/uploads\/2013\/07\/salle-de-classe-prison.jpg","contentUrl":"https:\/\/lyonbondyblog.fr\/LBB\/wp-content\/uploads\/2013\/07\/salle-de-classe-prison.jpg","width":400,"height":300},{"@type":"WebSite","@id":"https:\/\/lyonbondyblog.fr\/LBB\/#website","url":"https:\/\/lyonbondyblog.fr\/LBB\/","name":"Lyon Bondy Blog","description":"","publisher":{"@id":"https:\/\/lyonbondyblog.fr\/LBB\/#organization"},"potentialAction":[{"@type":"SearchAction","target":{"@type":"EntryPoint","urlTemplate":"https:\/\/lyonbondyblog.fr\/LBB\/?s={search_term_string}"},"query-input":"required name=search_term_string"}],"inLanguage":"fr-FR"},{"@type":"Organization","@id":"https:\/\/lyonbondyblog.fr\/LBB\/#organization","name":"LYON BONDY BLOG","url":"https:\/\/lyonbondyblog.fr\/LBB\/","logo":{"@type":"ImageObject","inLanguage":"fr-FR","@id":"https:\/\/lyonbondyblog.fr\/LBB\/#\/schema\/logo\/image\/","url":"http:\/\/lyonbondyblog.fr\/LBB\/wp-content\/uploads\/2014\/10\/logo-portable-144.png","contentUrl":"http:\/\/lyonbondyblog.fr\/LBB\/wp-content\/uploads\/2014\/10\/logo-portable-144.png","width":144,"height":123,"caption":"LYON BONDY BLOG"},"image":{"@id":"https:\/\/lyonbondyblog.fr\/LBB\/#\/schema\/logo\/image\/"},"sameAs":["https:\/\/www.facebook.com\/lyonbondyblog","https:\/\/x.com\/bondybloglyon"]},{"@type":"Person","@id":"https:\/\/lyonbondyblog.fr\/LBB\/#\/schema\/person\/e05da4b37301ee95bd3ea4b83193b100","name":"David Vallat","description":"J\u2019ai d\u00e9j\u00e0 \u00e9t\u00e9 manutentionnaire, pr\u00e9parateur de commande, soudeur, m\u00e9tallier, d\u00e9panneur, serrurier, \u00e9boueur, administrateur des ventes export, d\u00e9m\u00e9nageur, n\u00e9gociateur immobilier, m\u00e9treur dans le b\u00e2timent, fleuriste, k\u00e9babiste, d\u00e9mineur, agent d\u2019entretien, figurant pour des courts m\u00e9trage, carrossier peintre, m\u00e9canicien auto, consultant en explosif pour le cin\u00e9ma, chasseur alpin au 159 de Brian\u00e7on, peintre en b\u00e2timent, formateur sur armes l\u00e9g\u00e8res et fusils d\u2019assauts, pointeur mortier lourd, poseur de charpentes m\u00e9talliques, restaurateur, conseiller juridique, gr\u00e9viste de la faim, arbitre d\u2019\u00e9preuve pour le brevet de moniteur de ski, comptable dans une association de malfaiteur, traducteur anglais arabe, \u00e9crivain public, \u00e9lagueur pour l\u2019office national des forets, n\u00e9gociant en mat\u00e9riel de toutes sortes, chef de chantier, conducteur de travaux. (Liste non exhaustive). Au Lyon Bondy Blog depuis mars 2012. Ma devise serait : \u00ab Mieux vaut passer pour un ignorant, mais ne pas le rester, plut\u00f4t que de le cacher, et continuer \u00e0 l\u2019\u00eatre. \u00bb","url":"https:\/\/lyonbondyblog.fr\/LBB\/author\/david\/"}]}},"_links":{"self":[{"href":"https:\/\/lyonbondyblog.fr\/LBB\/wp-json\/wp\/v2\/posts\/290","targetHints":{"allow":["GET"]}}],"collection":[{"href":"https:\/\/lyonbondyblog.fr\/LBB\/wp-json\/wp\/v2\/posts"}],"about":[{"href":"https:\/\/lyonbondyblog.fr\/LBB\/wp-json\/wp\/v2\/types\/post"}],"author":[{"embeddable":true,"href":"https:\/\/lyonbondyblog.fr\/LBB\/wp-json\/wp\/v2\/users\/6"}],"replies":[{"embeddable":true,"href":"https:\/\/lyonbondyblog.fr\/LBB\/wp-json\/wp\/v2\/comments?post=290"}],"version-history":[{"count":0,"href":"https:\/\/lyonbondyblog.fr\/LBB\/wp-json\/wp\/v2\/posts\/290\/revisions"}],"wp:featuredmedia":[{"embeddable":true,"href":"https:\/\/lyonbondyblog.fr\/LBB\/wp-json\/wp\/v2\/media\/291"}],"wp:attachment":[{"href":"https:\/\/lyonbondyblog.fr\/LBB\/wp-json\/wp\/v2\/media?parent=290"}],"wp:term":[{"taxonomy":"category","embeddable":true,"href":"https:\/\/lyonbondyblog.fr\/LBB\/wp-json\/wp\/v2\/categories?post=290"},{"taxonomy":"post_tag","embeddable":true,"href":"https:\/\/lyonbondyblog.fr\/LBB\/wp-json\/wp\/v2\/tags?post=290"}],"curies":[{"name":"wp","href":"https:\/\/api.w.org\/{rel}","templated":true}]}}