{"id":28812,"date":"2022-05-07T17:00:00","date_gmt":"2022-05-07T15:00:00","guid":{"rendered":"http:\/\/lyonbondyblog.fr\/LBB\/?p=28812"},"modified":"2022-05-11T16:46:47","modified_gmt":"2022-05-11T14:46:47","slug":"rap-edge-lesram-et-zamdane-en-concert-a-lyon","status":"publish","type":"post","link":"https:\/\/lyonbondyblog.fr\/LBB\/rap-edge-lesram-et-zamdane-en-concert-a-lyon\/","title":{"rendered":"Rap : Edge, Lesram et Zamdane en concert \u00e0 Lyon"},"content":{"rendered":"\n<h2 class=\"wp-block-heading\">Edge, Lesram et Zamdane \u00e9taient pr\u00e9sents dans la salle du Ninkasi Gerland pour assurer un show organis\u00e9 par le m\u00e9dia Raplume. Le public lyonnais s\u2019\u00e9tait d\u00e9plac\u00e9 en masse pour les voir.<\/h2>\n\n\n\n<p>La salle de concert du Ninkasi Gerland \u00e9tait pleine pour accueillir 3 artistes de la sc\u00e8ne rap fran\u00e7aise ce jeudi 5 mai&nbsp;: <a href=\"https:\/\/views.fr\/2021\/02\/01\/edge-off-mixtape-interview\/\" target=\"_blank\" rel=\"noreferrer noopener\">Edge<\/a>, Le<a href=\"https:\/\/www.booska-p.com\/personnalite\/lesram\/\" target=\"_blank\" rel=\"noreferrer noopener\">sram<\/a> et <a href=\"https:\/\/cul7ure.fr\/portraits\/zamdane-plus-que-du-potentiel\/\" target=\"_blank\" rel=\"noreferrer noopener\">Zamdane<\/a>. Cette soir\u00e9e \u00e9tait organis\u00e9e par Raplume, un m\u00e9dia rap fran\u00e7ais pr\u00e9sent sur les r\u00e9seaux sociaux notamment. Il s\u2019agissait de la deuxi\u00e8me \u00e9tape d\u2019une tourn\u00e9e nationale pr\u00e9vue courant 2022 par le m\u00e9dia.<\/p>\n\n\n\n<p>Pour cette seconde \u00e9dition, le casting de la soir\u00e9e \u00e9tait consistant&nbsp;: Edge et Lesram, deux rappeurs parisiens, et le marseillais Zamdane, sont venus enflammer le public lyonnais. Avant \u00e7a, un DJ Set de deux heures, assur\u00e9 par Roxane Peyronnenc a permis d\u2019\u00e9chauffer la foule, et d\u2019accueillir les quelques 600 personnes pr\u00e9vues. Le show, sold-out juste avant la mont\u00e9e des artistes sur sc\u00e8ne, a permis \u00e0 la jeunesse lyonnaise de se r\u00e9unir autour de ces trois artistes fran\u00e7ais.<\/p>\n\n\n\n<h2 class=\"wp-block-heading\">Les premiers pas dans le grand bain lyonnais<\/h2>\n\n\n\n<div class=\"wp-block-media-text alignwide is-stacked-on-mobile\" style=\"grid-template-columns:20% auto\"><figure class=\"wp-block-media-text__media\"><img loading=\"lazy\" decoding=\"async\" width=\"1440\" height=\"1920\" src=\"https:\/\/lyonbondyblog.fr\/LBB\/wp-content\/uploads\/2022\/05\/Edge-et-Ratus-1440x1920.jpeg\" alt=\"\" class=\"wp-image-28837 size-full\" srcset=\"https:\/\/lyonbondyblog.fr\/LBB\/wp-content\/uploads\/2022\/05\/Edge-et-Ratus-1440x1920.jpeg 1440w, https:\/\/lyonbondyblog.fr\/LBB\/wp-content\/uploads\/2022\/05\/Edge-et-Ratus-900x1200.jpeg 900w, https:\/\/lyonbondyblog.fr\/LBB\/wp-content\/uploads\/2022\/05\/Edge-et-Ratus-768x1024.jpeg 768w, https:\/\/lyonbondyblog.fr\/LBB\/wp-content\/uploads\/2022\/05\/Edge-et-Ratus-1152x1536.jpeg 1152w, https:\/\/lyonbondyblog.fr\/LBB\/wp-content\/uploads\/2022\/05\/Edge-et-Ratus-1536x2048.jpeg 1536w, https:\/\/lyonbondyblog.fr\/LBB\/wp-content\/uploads\/2022\/05\/Edge-et-Ratus-scaled.jpeg 1920w\" sizes=\"auto, (max-width: 1440px) 100vw, 1440px\" \/><\/figure><div class=\"wp-block-media-text__content\">\n<p>C\u2019est avec l\u2019artiste Edge que d\u00e9bute la soir\u00e9e aux alentours de 21 heures. Avec ses musiques aux sonorit\u00e9s planantes, il r\u00e9ussit une entr\u00e9e en mati\u00e8re douce mais pleine de promesse pour la suite. Sa prestation prend une autre tournure lorsque Ratus, autre rappeur du 93, d\u00e9barque sur sc\u00e8ne pour interpr\u00e9ter leur morceau en featuring \u00ab&nbsp;La Noyade&nbsp;\u00bb, puis d\u2019encha\u00eener sur un morceau solo pr\u00e9sent sur la mixtape d\u2019un autre rappeur Alpha Wann <em>Don Dada Vol.1<\/em> \u00ab&nbsp;Velux&nbsp;\u00bb. L\u2019ambiance est mont\u00e9e d\u2019un niveau apr\u00e8s le passage des deux rappeurs parisiens, pour laisser la place \u00e0 Lesram. <\/p>\n<\/div><\/div>\n\n\n\n<div class=\"wp-block-media-text alignwide has-media-on-the-right is-stacked-on-mobile\" style=\"grid-template-columns:auto 18%\"><figure class=\"wp-block-media-text__media\"><img loading=\"lazy\" decoding=\"async\" width=\"1440\" height=\"1920\" src=\"https:\/\/lyonbondyblog.fr\/LBB\/wp-content\/uploads\/2022\/05\/Lesram-1440x1920.jpeg\" alt=\"\" class=\"wp-image-28838 size-full\" srcset=\"https:\/\/lyonbondyblog.fr\/LBB\/wp-content\/uploads\/2022\/05\/Lesram-1440x1920.jpeg 1440w, https:\/\/lyonbondyblog.fr\/LBB\/wp-content\/uploads\/2022\/05\/Lesram-900x1200.jpeg 900w, https:\/\/lyonbondyblog.fr\/LBB\/wp-content\/uploads\/2022\/05\/Lesram-768x1024.jpeg 768w, https:\/\/lyonbondyblog.fr\/LBB\/wp-content\/uploads\/2022\/05\/Lesram-1152x1536.jpeg 1152w, https:\/\/lyonbondyblog.fr\/LBB\/wp-content\/uploads\/2022\/05\/Lesram-1536x2048.jpeg 1536w, https:\/\/lyonbondyblog.fr\/LBB\/wp-content\/uploads\/2022\/05\/Lesram-scaled.jpeg 1920w\" sizes=\"auto, (max-width: 1440px) 100vw, 1440px\" \/><\/figure><div class=\"wp-block-media-text__content\">\n<p> Le dionysien se pr\u00e9sente face au public avec une certaine pudeur et une nonchalance qui caract\u00e9risent sa personnalit\u00e9 et sa musique. Entour\u00e9 d\u2019une \u00e9quipe de 9 amis, le rappeur du Pr\u00e9-Saint-Gervais apporte une certaine densit\u00e9, une gestuelle et une plume qui enflamme les spectateurs. Proche de son public, il oscille entre plusieurs morceaux de son premier projet <em>G-31<\/em>, et ceux de sa derni\u00e8re sortie <em>Wesh Enfoir\u00e9<\/em>. Il est ovationn\u00e9 avant que Zamdane ne vienne clore le spectacle. <\/p>\n<\/div><\/div>\n\n\n\n<p>Dans une arriv\u00e9e \u00e9galement salu\u00e9e, le troisi\u00e8me artiste sort des backstages pour appara\u00eetre comme le clou du spectacle. Au fur et \u00e0 mesure que sa prestation avance, le rappeur marocain se d\u00e9voile \u00e0 son public&nbsp;: vestimentairement d\u2019abord, en enlevant lunettes de soleil, sa capuche, et enfin sa veste. Mais aussi avec des sons allant de plus en plus vers un propos poignant et personnel. Les spectateurs sont r\u00e9ceptifs et pogotent dans tous les sens. Il assure la fin du concert et demande \u00e0 la r\u00e9gie d\u2019\u00e9teindre la lumi\u00e8re artificielle au profit du public \u00e0 qui il demande d\u2019allumer ses flashs. Il se retrouve seul face \u00e0 cette salle qui l\u2019\u00e9coute rapper les bouts de sa vie, sur une m\u00e9lodie de guitare puissante.<\/p>\n\n\n\n<div class=\"wp-block-image\"><figure class=\"aligncenter size-large is-resized\"><img loading=\"lazy\" decoding=\"async\" src=\"https:\/\/lyonbondyblog.fr\/LBB\/wp-content\/uploads\/2022\/05\/Zamdane-1-1440x1920.jpeg\" alt=\"\" class=\"wp-image-28933\" width=\"360\" height=\"480\" srcset=\"https:\/\/lyonbondyblog.fr\/LBB\/wp-content\/uploads\/2022\/05\/Zamdane-1-1440x1920.jpeg 1440w, https:\/\/lyonbondyblog.fr\/LBB\/wp-content\/uploads\/2022\/05\/Zamdane-1-900x1200.jpeg 900w, https:\/\/lyonbondyblog.fr\/LBB\/wp-content\/uploads\/2022\/05\/Zamdane-1-768x1024.jpeg 768w, https:\/\/lyonbondyblog.fr\/LBB\/wp-content\/uploads\/2022\/05\/Zamdane-1-1152x1536.jpeg 1152w, https:\/\/lyonbondyblog.fr\/LBB\/wp-content\/uploads\/2022\/05\/Zamdane-1-1536x2048.jpeg 1536w, https:\/\/lyonbondyblog.fr\/LBB\/wp-content\/uploads\/2022\/05\/Zamdane-1-scaled.jpeg 1920w\" sizes=\"auto, (max-width: 360px) 100vw, 360px\" \/><figcaption>Cr\u00e9dit : Tristan A.<\/figcaption><\/figure><\/div>\n\n\n\n<h2 class=\"wp-block-heading\">Une soir\u00e9e prometteuse pour le public rap<\/h2>\n\n\n\n<p>Pour un ensemble coh\u00e9rent et collant \u00e0 l\u2019image de Raplume, m\u00e9dia ind\u00e9pendant qui promeut les artistes de la nouvelle g\u00e9n\u00e9ration, le show a permis \u00e0 des artistes avec une fan-base solide ne pouvant pas -encore- remplir ce genre de salle, d\u2019obtenir leurs premiers rodages sc\u00e9niques. Le retour dans les salles du public lyonnais, qui plus est pour du rap, est rassurant pour la suite et montre les ambitions de la ville et de sa jeunesse de rappeler qu\u2019il existe un r\u00e9el amour pour le hip-hop. Le respect montr\u00e9 par des m\u00e9dias parisiens comme Raplume, donnera -on l\u2019esp\u00e8re- envie \u00e0 d\u2019autres structures de tendre l\u2019oreille sur ce qu\u2019il se fait dans le Rh\u00f4ne.<\/p>\n\n\n\n<p>Seul b\u00e9mol de la soir\u00e9e&nbsp;: la fin un peu frustrante pour les spectateurs. Zamdane se retire avant la fin de son dernier morceau, laissant le public scandant son nom seul. Les 600 personnes pr\u00e9sentes ne bougent pas et la foule s\u2019attend \u00e0 son retour, ou \u00e0 une prise de parole de la part d\u2019Alvaro Mena, g\u00e9rant du m\u00e9dia Raplume et organisateur de cette soir\u00e9e. Il n\u2019en est rien et la soir\u00e9e se termine.<\/p>\n\n\n\n<p>Tristan A.<\/p>\n<!-- AddThis Advanced Settings generic via filter on the_content --><!-- AddThis Share Buttons generic via filter on the_content -->","protected":false},"excerpt":{"rendered":"<p>Edge, Lesram et Zamdane \u00e9taient pr\u00e9sents dans la salle du Ninkasi Gerland pour assurer un show organis\u00e9 par le m\u00e9dia Raplume. Le public lyonnais s\u2019\u00e9tait &hellip; <!-- AddThis Advanced Settings generic via filter on wp_trim_excerpt --><!-- AddThis Share Buttons generic via filter on wp_trim_excerpt --><\/p>\n","protected":false},"author":1,"featured_media":28819,"comment_status":"open","ping_status":"open","sticky":true,"template":"","format":"standard","meta":{"_FSMCFIC_featured_image_caption":"","_FSMCFIC_featured_image_nocaption":"","_FSMCFIC_featured_image_hide":"","footnotes":""},"categories":[5,3,18131,4,13732],"tags":[],"class_list":["post-28812","post","type-post","status-publish","format-standard","has-post-thumbnail","hentry","category-ambiance","category-culture","category-evenement","category-lyon","category-rap"],"yoast_head":"<!-- This site is optimized with the Yoast SEO plugin v22.8 - https:\/\/yoast.com\/wordpress\/plugins\/seo\/ -->\n<title>Rap : Edge, Lesram et Zamdane en concert \u00e0 Lyon - Lyon Bondy Blog<\/title>\n<meta name=\"description\" content=\"Edge, Lesram et Zamdane \u00e9taient pr\u00e9sents dans la salle du Ninkasi Gerland pour assurer un show organis\u00e9 par le m\u00e9dia Raplume. Le public lyonnais s\u2019\u00e9tait d\u00e9plac\u00e9 en masse pour les voir.\" \/>\n<meta name=\"robots\" content=\"index, follow, max-snippet:-1, max-image-preview:large, max-video-preview:-1\" \/>\n<link rel=\"canonical\" href=\"https:\/\/lyonbondyblog.fr\/LBB\/rap-edge-lesram-et-zamdane-en-concert-a-lyon\/\" \/>\n<meta property=\"og:locale\" content=\"fr_FR\" \/>\n<meta property=\"og:type\" content=\"article\" \/>\n<meta property=\"og:title\" content=\"Rap : Edge, Lesram et Zamdane en concert \u00e0 Lyon - Lyon Bondy Blog\" \/>\n<meta property=\"og:description\" content=\"Edge, Lesram et Zamdane \u00e9taient pr\u00e9sents dans la salle du Ninkasi Gerland pour assurer un show organis\u00e9 par le m\u00e9dia Raplume. Le public lyonnais s\u2019\u00e9tait d\u00e9plac\u00e9 en masse pour les voir.\" \/>\n<meta property=\"og:url\" content=\"https:\/\/lyonbondyblog.fr\/LBB\/rap-edge-lesram-et-zamdane-en-concert-a-lyon\/\" \/>\n<meta property=\"og:site_name\" content=\"Lyon Bondy Blog\" \/>\n<meta property=\"article:publisher\" content=\"https:\/\/www.facebook.com\/lyonbondyblog\" \/>\n<meta property=\"article:author\" content=\"https:\/\/www.facebook.com\/lyonbondyblog\" \/>\n<meta property=\"article:published_time\" content=\"2022-05-07T15:00:00+00:00\" \/>\n<meta property=\"article:modified_time\" content=\"2022-05-11T14:46:47+00:00\" \/>\n<meta property=\"og:image\" content=\"https:\/\/lyonbondyblog.fr\/LBB\/wp-content\/uploads\/2022\/05\/image-5.png\" \/>\n\t<meta property=\"og:image:width\" content=\"382\" \/>\n\t<meta property=\"og:image:height\" content=\"509\" \/>\n\t<meta property=\"og:image:type\" content=\"image\/png\" \/>\n<meta name=\"author\" content=\"La r\u00e9daction\" \/>\n<meta name=\"twitter:card\" content=\"summary_large_image\" \/>\n<meta name=\"twitter:creator\" content=\"@BondyBlogLyon\" \/>\n<meta name=\"twitter:site\" content=\"@bondybloglyon\" \/>\n<script type=\"application\/ld+json\" class=\"yoast-schema-graph\">{\"@context\":\"https:\/\/schema.org\",\"@graph\":[{\"@type\":\"Article\",\"@id\":\"https:\/\/lyonbondyblog.fr\/LBB\/rap-edge-lesram-et-zamdane-en-concert-a-lyon\/#article\",\"isPartOf\":{\"@id\":\"https:\/\/lyonbondyblog.fr\/LBB\/rap-edge-lesram-et-zamdane-en-concert-a-lyon\/\"},\"author\":{\"name\":\"La r\u00e9daction\",\"@id\":\"https:\/\/lyonbondyblog.fr\/LBB\/#\/schema\/person\/e45f8d27baac75072daa0be50c409b25\"},\"headline\":\"Rap : Edge, Lesram et Zamdane en concert \u00e0 Lyon\",\"datePublished\":\"2022-05-07T15:00:00+00:00\",\"dateModified\":\"2022-05-11T14:46:47+00:00\",\"mainEntityOfPage\":{\"@id\":\"https:\/\/lyonbondyblog.fr\/LBB\/rap-edge-lesram-et-zamdane-en-concert-a-lyon\/\"},\"wordCount\":750,\"commentCount\":0,\"publisher\":{\"@id\":\"https:\/\/lyonbondyblog.fr\/LBB\/#organization\"},\"image\":{\"@id\":\"https:\/\/lyonbondyblog.fr\/LBB\/rap-edge-lesram-et-zamdane-en-concert-a-lyon\/#primaryimage\"},\"thumbnailUrl\":\"https:\/\/lyonbondyblog.fr\/LBB\/wp-content\/uploads\/2022\/05\/image-5.png\",\"articleSection\":[\"Ambiance\",\"Culture\",\"Ev\u00e9nement\",\"Lyon\",\"Rap\"],\"inLanguage\":\"fr-FR\",\"potentialAction\":[{\"@type\":\"CommentAction\",\"name\":\"Comment\",\"target\":[\"https:\/\/lyonbondyblog.fr\/LBB\/rap-edge-lesram-et-zamdane-en-concert-a-lyon\/#respond\"]}]},{\"@type\":\"WebPage\",\"@id\":\"https:\/\/lyonbondyblog.fr\/LBB\/rap-edge-lesram-et-zamdane-en-concert-a-lyon\/\",\"url\":\"https:\/\/lyonbondyblog.fr\/LBB\/rap-edge-lesram-et-zamdane-en-concert-a-lyon\/\",\"name\":\"Rap : Edge, Lesram et Zamdane en concert \u00e0 Lyon - Lyon Bondy Blog\",\"isPartOf\":{\"@id\":\"https:\/\/lyonbondyblog.fr\/LBB\/#website\"},\"primaryImageOfPage\":{\"@id\":\"https:\/\/lyonbondyblog.fr\/LBB\/rap-edge-lesram-et-zamdane-en-concert-a-lyon\/#primaryimage\"},\"image\":{\"@id\":\"https:\/\/lyonbondyblog.fr\/LBB\/rap-edge-lesram-et-zamdane-en-concert-a-lyon\/#primaryimage\"},\"thumbnailUrl\":\"https:\/\/lyonbondyblog.fr\/LBB\/wp-content\/uploads\/2022\/05\/image-5.png\",\"datePublished\":\"2022-05-07T15:00:00+00:00\",\"dateModified\":\"2022-05-11T14:46:47+00:00\",\"description\":\"Edge, Lesram et Zamdane \u00e9taient pr\u00e9sents dans la salle du Ninkasi Gerland pour assurer un show organis\u00e9 par le m\u00e9dia Raplume. Le public lyonnais s\u2019\u00e9tait d\u00e9plac\u00e9 en masse pour les voir.\",\"inLanguage\":\"fr-FR\",\"potentialAction\":[{\"@type\":\"ReadAction\",\"target\":[\"https:\/\/lyonbondyblog.fr\/LBB\/rap-edge-lesram-et-zamdane-en-concert-a-lyon\/\"]}]},{\"@type\":\"ImageObject\",\"inLanguage\":\"fr-FR\",\"@id\":\"https:\/\/lyonbondyblog.fr\/LBB\/rap-edge-lesram-et-zamdane-en-concert-a-lyon\/#primaryimage\",\"url\":\"https:\/\/lyonbondyblog.fr\/LBB\/wp-content\/uploads\/2022\/05\/image-5.png\",\"contentUrl\":\"https:\/\/lyonbondyblog.fr\/LBB\/wp-content\/uploads\/2022\/05\/image-5.png\",\"width\":382,\"height\":509},{\"@type\":\"WebSite\",\"@id\":\"https:\/\/lyonbondyblog.fr\/LBB\/#website\",\"url\":\"https:\/\/lyonbondyblog.fr\/LBB\/\",\"name\":\"Lyon Bondy Blog\",\"description\":\"\",\"publisher\":{\"@id\":\"https:\/\/lyonbondyblog.fr\/LBB\/#organization\"},\"potentialAction\":[{\"@type\":\"SearchAction\",\"target\":{\"@type\":\"EntryPoint\",\"urlTemplate\":\"https:\/\/lyonbondyblog.fr\/LBB\/?s={search_term_string}\"},\"query-input\":\"required name=search_term_string\"}],\"inLanguage\":\"fr-FR\"},{\"@type\":\"Organization\",\"@id\":\"https:\/\/lyonbondyblog.fr\/LBB\/#organization\",\"name\":\"LYON BONDY BLOG\",\"url\":\"https:\/\/lyonbondyblog.fr\/LBB\/\",\"logo\":{\"@type\":\"ImageObject\",\"inLanguage\":\"fr-FR\",\"@id\":\"https:\/\/lyonbondyblog.fr\/LBB\/#\/schema\/logo\/image\/\",\"url\":\"http:\/\/lyonbondyblog.fr\/LBB\/wp-content\/uploads\/2014\/10\/logo-portable-144.png\",\"contentUrl\":\"http:\/\/lyonbondyblog.fr\/LBB\/wp-content\/uploads\/2014\/10\/logo-portable-144.png\",\"width\":144,\"height\":123,\"caption\":\"LYON BONDY BLOG\"},\"image\":{\"@id\":\"https:\/\/lyonbondyblog.fr\/LBB\/#\/schema\/logo\/image\/\"},\"sameAs\":[\"https:\/\/www.facebook.com\/lyonbondyblog\",\"https:\/\/x.com\/bondybloglyon\"]},{\"@type\":\"Person\",\"@id\":\"https:\/\/lyonbondyblog.fr\/LBB\/#\/schema\/person\/e45f8d27baac75072daa0be50c409b25\",\"name\":\"La r\u00e9daction\",\"description\":\"Cr\u00e9e en 2008, la r\u00e9daction du Lyon Bondy Blog s'applique \u00e0 proposer une information locale diff\u00e9rente et compl\u00e9mentaire des m\u00e9dias traditionnels.\",\"sameAs\":[\"https:\/\/www.facebook.com\/lyonbondyblog\",\"https:\/\/x.com\/BondyBlogLyon\"],\"url\":\"https:\/\/lyonbondyblog.fr\/LBB\/author\/admin\/\"}]}<\/script>\n<!-- \/ Yoast SEO plugin. -->","yoast_head_json":{"title":"Rap : Edge, Lesram et Zamdane en concert \u00e0 Lyon - Lyon Bondy Blog","description":"Edge, Lesram et Zamdane \u00e9taient pr\u00e9sents dans la salle du Ninkasi Gerland pour assurer un show organis\u00e9 par le m\u00e9dia Raplume. Le public lyonnais s\u2019\u00e9tait d\u00e9plac\u00e9 en masse pour les voir.","robots":{"index":"index","follow":"follow","max-snippet":"max-snippet:-1","max-image-preview":"max-image-preview:large","max-video-preview":"max-video-preview:-1"},"canonical":"https:\/\/lyonbondyblog.fr\/LBB\/rap-edge-lesram-et-zamdane-en-concert-a-lyon\/","og_locale":"fr_FR","og_type":"article","og_title":"Rap : Edge, Lesram et Zamdane en concert \u00e0 Lyon - Lyon Bondy Blog","og_description":"Edge, Lesram et Zamdane \u00e9taient pr\u00e9sents dans la salle du Ninkasi Gerland pour assurer un show organis\u00e9 par le m\u00e9dia Raplume. Le public lyonnais s\u2019\u00e9tait d\u00e9plac\u00e9 en masse pour les voir.","og_url":"https:\/\/lyonbondyblog.fr\/LBB\/rap-edge-lesram-et-zamdane-en-concert-a-lyon\/","og_site_name":"Lyon Bondy Blog","article_publisher":"https:\/\/www.facebook.com\/lyonbondyblog","article_author":"https:\/\/www.facebook.com\/lyonbondyblog","article_published_time":"2022-05-07T15:00:00+00:00","article_modified_time":"2022-05-11T14:46:47+00:00","og_image":[{"width":382,"height":509,"url":"https:\/\/lyonbondyblog.fr\/LBB\/wp-content\/uploads\/2022\/05\/image-5.png","type":"image\/png"}],"author":"La r\u00e9daction","twitter_card":"summary_large_image","twitter_creator":"@BondyBlogLyon","twitter_site":"@bondybloglyon","schema":{"@context":"https:\/\/schema.org","@graph":[{"@type":"Article","@id":"https:\/\/lyonbondyblog.fr\/LBB\/rap-edge-lesram-et-zamdane-en-concert-a-lyon\/#article","isPartOf":{"@id":"https:\/\/lyonbondyblog.fr\/LBB\/rap-edge-lesram-et-zamdane-en-concert-a-lyon\/"},"author":{"name":"La r\u00e9daction","@id":"https:\/\/lyonbondyblog.fr\/LBB\/#\/schema\/person\/e45f8d27baac75072daa0be50c409b25"},"headline":"Rap : Edge, Lesram et Zamdane en concert \u00e0 Lyon","datePublished":"2022-05-07T15:00:00+00:00","dateModified":"2022-05-11T14:46:47+00:00","mainEntityOfPage":{"@id":"https:\/\/lyonbondyblog.fr\/LBB\/rap-edge-lesram-et-zamdane-en-concert-a-lyon\/"},"wordCount":750,"commentCount":0,"publisher":{"@id":"https:\/\/lyonbondyblog.fr\/LBB\/#organization"},"image":{"@id":"https:\/\/lyonbondyblog.fr\/LBB\/rap-edge-lesram-et-zamdane-en-concert-a-lyon\/#primaryimage"},"thumbnailUrl":"https:\/\/lyonbondyblog.fr\/LBB\/wp-content\/uploads\/2022\/05\/image-5.png","articleSection":["Ambiance","Culture","Ev\u00e9nement","Lyon","Rap"],"inLanguage":"fr-FR","potentialAction":[{"@type":"CommentAction","name":"Comment","target":["https:\/\/lyonbondyblog.fr\/LBB\/rap-edge-lesram-et-zamdane-en-concert-a-lyon\/#respond"]}]},{"@type":"WebPage","@id":"https:\/\/lyonbondyblog.fr\/LBB\/rap-edge-lesram-et-zamdane-en-concert-a-lyon\/","url":"https:\/\/lyonbondyblog.fr\/LBB\/rap-edge-lesram-et-zamdane-en-concert-a-lyon\/","name":"Rap : Edge, Lesram et Zamdane en concert \u00e0 Lyon - Lyon Bondy Blog","isPartOf":{"@id":"https:\/\/lyonbondyblog.fr\/LBB\/#website"},"primaryImageOfPage":{"@id":"https:\/\/lyonbondyblog.fr\/LBB\/rap-edge-lesram-et-zamdane-en-concert-a-lyon\/#primaryimage"},"image":{"@id":"https:\/\/lyonbondyblog.fr\/LBB\/rap-edge-lesram-et-zamdane-en-concert-a-lyon\/#primaryimage"},"thumbnailUrl":"https:\/\/lyonbondyblog.fr\/LBB\/wp-content\/uploads\/2022\/05\/image-5.png","datePublished":"2022-05-07T15:00:00+00:00","dateModified":"2022-05-11T14:46:47+00:00","description":"Edge, Lesram et Zamdane \u00e9taient pr\u00e9sents dans la salle du Ninkasi Gerland pour assurer un show organis\u00e9 par le m\u00e9dia Raplume. Le public lyonnais s\u2019\u00e9tait d\u00e9plac\u00e9 en masse pour les voir.","inLanguage":"fr-FR","potentialAction":[{"@type":"ReadAction","target":["https:\/\/lyonbondyblog.fr\/LBB\/rap-edge-lesram-et-zamdane-en-concert-a-lyon\/"]}]},{"@type":"ImageObject","inLanguage":"fr-FR","@id":"https:\/\/lyonbondyblog.fr\/LBB\/rap-edge-lesram-et-zamdane-en-concert-a-lyon\/#primaryimage","url":"https:\/\/lyonbondyblog.fr\/LBB\/wp-content\/uploads\/2022\/05\/image-5.png","contentUrl":"https:\/\/lyonbondyblog.fr\/LBB\/wp-content\/uploads\/2022\/05\/image-5.png","width":382,"height":509},{"@type":"WebSite","@id":"https:\/\/lyonbondyblog.fr\/LBB\/#website","url":"https:\/\/lyonbondyblog.fr\/LBB\/","name":"Lyon Bondy Blog","description":"","publisher":{"@id":"https:\/\/lyonbondyblog.fr\/LBB\/#organization"},"potentialAction":[{"@type":"SearchAction","target":{"@type":"EntryPoint","urlTemplate":"https:\/\/lyonbondyblog.fr\/LBB\/?s={search_term_string}"},"query-input":"required name=search_term_string"}],"inLanguage":"fr-FR"},{"@type":"Organization","@id":"https:\/\/lyonbondyblog.fr\/LBB\/#organization","name":"LYON BONDY BLOG","url":"https:\/\/lyonbondyblog.fr\/LBB\/","logo":{"@type":"ImageObject","inLanguage":"fr-FR","@id":"https:\/\/lyonbondyblog.fr\/LBB\/#\/schema\/logo\/image\/","url":"http:\/\/lyonbondyblog.fr\/LBB\/wp-content\/uploads\/2014\/10\/logo-portable-144.png","contentUrl":"http:\/\/lyonbondyblog.fr\/LBB\/wp-content\/uploads\/2014\/10\/logo-portable-144.png","width":144,"height":123,"caption":"LYON BONDY BLOG"},"image":{"@id":"https:\/\/lyonbondyblog.fr\/LBB\/#\/schema\/logo\/image\/"},"sameAs":["https:\/\/www.facebook.com\/lyonbondyblog","https:\/\/x.com\/bondybloglyon"]},{"@type":"Person","@id":"https:\/\/lyonbondyblog.fr\/LBB\/#\/schema\/person\/e45f8d27baac75072daa0be50c409b25","name":"La r\u00e9daction","description":"Cr\u00e9e en 2008, la r\u00e9daction du Lyon Bondy Blog s'applique \u00e0 proposer une information locale diff\u00e9rente et compl\u00e9mentaire des m\u00e9dias traditionnels.","sameAs":["https:\/\/www.facebook.com\/lyonbondyblog","https:\/\/x.com\/BondyBlogLyon"],"url":"https:\/\/lyonbondyblog.fr\/LBB\/author\/admin\/"}]}},"_links":{"self":[{"href":"https:\/\/lyonbondyblog.fr\/LBB\/wp-json\/wp\/v2\/posts\/28812","targetHints":{"allow":["GET"]}}],"collection":[{"href":"https:\/\/lyonbondyblog.fr\/LBB\/wp-json\/wp\/v2\/posts"}],"about":[{"href":"https:\/\/lyonbondyblog.fr\/LBB\/wp-json\/wp\/v2\/types\/post"}],"author":[{"embeddable":true,"href":"https:\/\/lyonbondyblog.fr\/LBB\/wp-json\/wp\/v2\/users\/1"}],"replies":[{"embeddable":true,"href":"https:\/\/lyonbondyblog.fr\/LBB\/wp-json\/wp\/v2\/comments?post=28812"}],"version-history":[{"count":22,"href":"https:\/\/lyonbondyblog.fr\/LBB\/wp-json\/wp\/v2\/posts\/28812\/revisions"}],"predecessor-version":[{"id":28938,"href":"https:\/\/lyonbondyblog.fr\/LBB\/wp-json\/wp\/v2\/posts\/28812\/revisions\/28938"}],"wp:featuredmedia":[{"embeddable":true,"href":"https:\/\/lyonbondyblog.fr\/LBB\/wp-json\/wp\/v2\/media\/28819"}],"wp:attachment":[{"href":"https:\/\/lyonbondyblog.fr\/LBB\/wp-json\/wp\/v2\/media?parent=28812"}],"wp:term":[{"taxonomy":"category","embeddable":true,"href":"https:\/\/lyonbondyblog.fr\/LBB\/wp-json\/wp\/v2\/categories?post=28812"},{"taxonomy":"post_tag","embeddable":true,"href":"https:\/\/lyonbondyblog.fr\/LBB\/wp-json\/wp\/v2\/tags?post=28812"}],"curies":[{"name":"wp","href":"https:\/\/api.w.org\/{rel}","templated":true}]}}