{"id":28780,"date":"2022-05-05T17:15:00","date_gmt":"2022-05-05T15:15:00","guid":{"rendered":"http:\/\/lyonbondyblog.fr\/LBB\/?p=28780"},"modified":"2022-05-05T17:12:15","modified_gmt":"2022-05-05T15:12:15","slug":"villeurbanne-clement-charlieu-candidat-udi-aux-legislatives-sur-la-6eme-circonscription","status":"publish","type":"post","link":"https:\/\/lyonbondyblog.fr\/LBB\/villeurbanne-clement-charlieu-candidat-udi-aux-legislatives-sur-la-6eme-circonscription\/","title":{"rendered":"Villeurbanne : Cl\u00e9ment Charlieu, candidat UDI aux l\u00e9gislatives sur la 6\u00e8me circonscription"},"content":{"rendered":"\n<h2 class=\"wp-block-heading\">Ce jeudi 4 mai, Cl\u00e9ment Charlieu a \u00e9t\u00e9 investi part l&rsquo;UDI (Union des d\u00e9mocrates et ind\u00e9pendants)\u00a0pour candidater aux l\u00e9gislatives sur la 6\u00e8me circonscription.\u00a0<\/h2>\n\n\n\n<p><a href=\"https:\/\/twitter.com\/clementcharlieu\" target=\"_blank\" rel=\"noreferrer noopener\">Cl\u00e9ment Charlieu<\/a> se pr\u00e9sente comme candidat aux l\u00e9gislatives sur la 6\u00e8me circonscription de Villeurbanne, avec le parti de centre droit <a href=\"https:\/\/www.parti-udi.fr\/\" target=\"_blank\" rel=\"noreferrer noopener\">UDI (Union des d\u00e9mocrates et ind\u00e9pendants)<\/a>. Ce Villeurbannais, ancien candidat aux municipales \u00e0 Villeurbanne, vient d&rsquo;annoncer sa candidature ce jeudi 5 mai lors d&rsquo;une conf\u00e9rence de presse, o\u00f9 il a pr\u00e9sent\u00e9 ses projets. Il souhaite par exemple amener de nouvelles lois pour aider les citoyens et la plan\u00e8te, en se battant pour une transition \u00e9cologique.<\/p>\n\n\n\n<h2 class=\"wp-block-heading\">Une volont\u00e9 d&rsquo;ind\u00e9pendance<\/h2>\n\n\n\n<p>Directeur op\u00e9rationnel du World Trade Center \u00e0 Lyon, Cl\u00e9ment Charlieu a \u00e9tudi\u00e9 le business et le marketing, et envisage d\u2019exploiter ses comp\u00e9tences dans la politique. Cet homme d\u2019affaires d\u00e9fend le parti UDI et se positionne \u00ab&nbsp;<em>contre les extr\u00eames<\/em>&nbsp;\u00bb. C\u2019est pour lui \u00ab<em>&nbsp;une volont\u00e9 de ne pas \u00eatre asservi ou soumis \u00e0 des dictats<\/em>&nbsp;\u00bb. Il ajoute \u00e9galement : \u00ab&nbsp;<em>Je serai constructif, je d\u00e9fendrais le centre et serai un d\u00e9put\u00e9 ind\u00e9pendant, pour si\u00e9ger \u00e0 l\u2019Assembl\u00e9e nationale<\/em>&nbsp;\u00bb. \u00c9tait \u00e9galement pr\u00e9sent Christophe Geourjon, pr\u00e9sident UDI du Rh\u00f4ne, conseiller r\u00e9gional en Auvergne et conseiller m\u00e9tropolitain, pour soutenir son&nbsp; \u00ab&nbsp;<em>ami<\/em>&nbsp;\u00bb et ses id\u00e9es. \u00ab&nbsp;<em>Cl\u00e9ment, \u00e7a fait des ann\u00e9es qu\u2019il assure le terrain \u00e0 Villeurbanne avec son \u00e9quipe&nbsp;<\/em>\u00bb, d\u00e9clare-t-il.<\/p>\n\n\n\n<h2 class=\"wp-block-heading\">\u00ab&nbsp;<em>Je souhaite \u00eatre le d\u00e9put\u00e9 de la dignit\u00e9&nbsp;<\/em>\u00bb<\/h2>\n\n\n\n<p>Le candidat en a profit\u00e9 pour donner des pr\u00e9cisions sur ses futurs projets : \u00ab&nbsp;<em>Je souhaite \u00eatre le d\u00e9put\u00e9 de la dignit\u00e9 ; la vie est devenue compliqu\u00e9e au niveau de l\u2019ins\u00e9curit\u00e9 et je veux que chacun vive dans la dignit\u00e9 avec un toit et un emploi&nbsp;<\/em>\u00bb. Le terme revient plusieurs fois dans son discours : la dignit\u00e9 dans le logement et dans l\u2019emploi, la dignit\u00e9 pour les personnes \u00e2g\u00e9es, pour les femmes et les personnes en situation de handicap. Cl\u00e9ment Charlieu souhaite amener plusieurs changements soci\u00e9taux, dont des aides aux logement et des propositions de lois pour les bailleurs sociaux. Il \u00e9voque aussi des aides aux emplois pour \u00ab&nbsp;<em>prot\u00e9ger des professions que l\u2019on supprime et remplace par de la technologie ou pour valoriser des entreprises qui s\u2019inscrivent dans une d\u00e9marche d\u2019industrie circulaire<\/em>&nbsp;\u00bb.<\/p>\n\n\n\n<p>L&rsquo;occasion \u00e9galement pour lui de parler d&rsquo;\u00e9conomie : \u00ab\u00a0<em>Nous avons besoin de nous reposer sur des valeurs tr\u00e8s concr\u00e8tes dont la pr\u00e9servation du pouvoir d\u2019achat\u00a0<\/em>\u00bb. Il s&rsquo;attarde ensuite sur le sujet de l&rsquo;\u00e9cologie et explique qu&rsquo;il veut lutter \u00ab\u00a0<em>pour une transition \u00e9cologique\u00a0<\/em>\u00bb. Lutter contre la pr\u00e9carit\u00e9 et contre le gaspillage alimentaire font aussi partie de ses projets d\u00e9j\u00e0 en cours et qu\u2019il compte rendre indispensables s&rsquo;il remportait l&rsquo;\u00e9lection. \u00ab\u00a0<em>Je ne suis pas encore \u00e9lu aujourd\u2019hui, mais si je le suis, je disposerai de moyens plus importants et je pourrais acc\u00e9l\u00e9rer le changement<\/em>\u00a0\u00bb.<\/p>\n\n\n\n<p><strong>A lire aussi les autres articles sur<a href=\"https:\/\/lyonbondyblog.fr\/LBB\/category\/politique\/legislative-2022\/?fbclid=IwAR1zs20jHCiaChnviBOzc0d_xJb0KbTsTCVt26EAxd_Yp9EpKxHXerxAeIs\" target=\"_blank\" rel=\"noreferrer noopener\"> les l\u00e9gislatives<\/a><\/strong><\/p>\n\n\n\n<p> <\/p>\n<!-- AddThis Advanced Settings generic via filter on the_content --><!-- AddThis Share Buttons generic via filter on the_content -->","protected":false},"excerpt":{"rendered":"<p>Ce jeudi 4 mai, Cl\u00e9ment Charlieu a \u00e9t\u00e9 investi part l&rsquo;UDI (Union des d\u00e9mocrates et ind\u00e9pendants)\u00a0pour candidater aux l\u00e9gislatives sur la 6\u00e8me circonscription.\u00a0 Cl\u00e9ment Charlieu &hellip; <!-- AddThis Advanced Settings generic via filter on wp_trim_excerpt --><!-- AddThis Share Buttons generic via filter on wp_trim_excerpt --><\/p>\n","protected":false},"author":23914,"featured_media":28782,"comment_status":"open","ping_status":"open","sticky":true,"template":"","format":"standard","meta":{"_FSMCFIC_featured_image_caption":"","_FSMCFIC_featured_image_nocaption":"","_FSMCFIC_featured_image_hide":"","footnotes":""},"categories":[27827,4,6],"tags":[],"class_list":["post-28780","post","type-post","status-publish","format-standard","has-post-thumbnail","hentry","category-legislative-2022","category-lyon","category-politique"],"yoast_head":"<!-- This site is optimized with the Yoast SEO plugin v22.8 - https:\/\/yoast.com\/wordpress\/plugins\/seo\/ -->\n<title>Cl\u00e9ment Charlieu, candidat UDI aux l\u00e9gislatives sur la 6\u00e8me circonscription<\/title>\n<meta name=\"description\" content=\"Cl\u00e9ment Charlieu a \u00e9t\u00e9 investi part l&#039;UDI (Union des d\u00e9mocrates et ind\u00e9pendants)\u00a0pour candidater aux l\u00e9gislatives sur la 6\u00e8me circonscription.\u00a0\" \/>\n<meta name=\"robots\" content=\"index, follow, max-snippet:-1, max-image-preview:large, max-video-preview:-1\" \/>\n<link rel=\"canonical\" href=\"https:\/\/lyonbondyblog.fr\/LBB\/villeurbanne-clement-charlieu-candidat-udi-aux-legislatives-sur-la-6eme-circonscription\/\" \/>\n<meta property=\"og:locale\" content=\"fr_FR\" \/>\n<meta property=\"og:type\" content=\"article\" \/>\n<meta property=\"og:title\" content=\"Cl\u00e9ment Charlieu, candidat UDI aux l\u00e9gislatives sur la 6\u00e8me circonscription\" \/>\n<meta property=\"og:description\" content=\"Cl\u00e9ment Charlieu a \u00e9t\u00e9 investi part l&#039;UDI (Union des d\u00e9mocrates et ind\u00e9pendants)\u00a0pour candidater aux l\u00e9gislatives sur la 6\u00e8me circonscription.\u00a0\" \/>\n<meta property=\"og:url\" content=\"https:\/\/lyonbondyblog.fr\/LBB\/villeurbanne-clement-charlieu-candidat-udi-aux-legislatives-sur-la-6eme-circonscription\/\" \/>\n<meta property=\"og:site_name\" content=\"Lyon Bondy Blog\" \/>\n<meta property=\"article:publisher\" content=\"https:\/\/www.facebook.com\/lyonbondyblog\" \/>\n<meta property=\"article:published_time\" content=\"2022-05-05T15:15:00+00:00\" \/>\n<meta property=\"article:modified_time\" content=\"2022-05-05T15:12:15+00:00\" \/>\n<meta property=\"og:image\" content=\"https:\/\/lyonbondyblog.fr\/LBB\/wp-content\/uploads\/2022\/05\/photo.jpg\" \/>\n\t<meta property=\"og:image:width\" content=\"750\" \/>\n\t<meta property=\"og:image:height\" content=\"541\" \/>\n\t<meta property=\"og:image:type\" content=\"image\/jpeg\" \/>\n<meta name=\"author\" content=\"Emma Duffrene\" \/>\n<meta name=\"twitter:card\" content=\"summary_large_image\" \/>\n<meta name=\"twitter:creator\" content=\"@bondybloglyon\" \/>\n<meta name=\"twitter:site\" content=\"@bondybloglyon\" \/>\n<script type=\"application\/ld+json\" class=\"yoast-schema-graph\">{\"@context\":\"https:\/\/schema.org\",\"@graph\":[{\"@type\":\"Article\",\"@id\":\"https:\/\/lyonbondyblog.fr\/LBB\/villeurbanne-clement-charlieu-candidat-udi-aux-legislatives-sur-la-6eme-circonscription\/#article\",\"isPartOf\":{\"@id\":\"https:\/\/lyonbondyblog.fr\/LBB\/villeurbanne-clement-charlieu-candidat-udi-aux-legislatives-sur-la-6eme-circonscription\/\"},\"author\":{\"name\":\"Emma Duffrene\",\"@id\":\"https:\/\/lyonbondyblog.fr\/LBB\/#\/schema\/person\/d6cecdd44821a78fea43f927202a5be9\"},\"headline\":\"Villeurbanne : Cl\u00e9ment Charlieu, candidat UDI aux l\u00e9gislatives sur la 6\u00e8me circonscription\",\"datePublished\":\"2022-05-05T15:15:00+00:00\",\"dateModified\":\"2022-05-05T15:12:15+00:00\",\"mainEntityOfPage\":{\"@id\":\"https:\/\/lyonbondyblog.fr\/LBB\/villeurbanne-clement-charlieu-candidat-udi-aux-legislatives-sur-la-6eme-circonscription\/\"},\"wordCount\":540,\"commentCount\":0,\"publisher\":{\"@id\":\"https:\/\/lyonbondyblog.fr\/LBB\/#organization\"},\"image\":{\"@id\":\"https:\/\/lyonbondyblog.fr\/LBB\/villeurbanne-clement-charlieu-candidat-udi-aux-legislatives-sur-la-6eme-circonscription\/#primaryimage\"},\"thumbnailUrl\":\"https:\/\/lyonbondyblog.fr\/LBB\/wp-content\/uploads\/2022\/05\/photo.jpg\",\"articleSection\":[\"L\u00e9gislatives 2022\",\"Lyon\",\"Politique\"],\"inLanguage\":\"fr-FR\",\"potentialAction\":[{\"@type\":\"CommentAction\",\"name\":\"Comment\",\"target\":[\"https:\/\/lyonbondyblog.fr\/LBB\/villeurbanne-clement-charlieu-candidat-udi-aux-legislatives-sur-la-6eme-circonscription\/#respond\"]}]},{\"@type\":\"WebPage\",\"@id\":\"https:\/\/lyonbondyblog.fr\/LBB\/villeurbanne-clement-charlieu-candidat-udi-aux-legislatives-sur-la-6eme-circonscription\/\",\"url\":\"https:\/\/lyonbondyblog.fr\/LBB\/villeurbanne-clement-charlieu-candidat-udi-aux-legislatives-sur-la-6eme-circonscription\/\",\"name\":\"Cl\u00e9ment Charlieu, candidat UDI aux l\u00e9gislatives sur la 6\u00e8me circonscription\",\"isPartOf\":{\"@id\":\"https:\/\/lyonbondyblog.fr\/LBB\/#website\"},\"primaryImageOfPage\":{\"@id\":\"https:\/\/lyonbondyblog.fr\/LBB\/villeurbanne-clement-charlieu-candidat-udi-aux-legislatives-sur-la-6eme-circonscription\/#primaryimage\"},\"image\":{\"@id\":\"https:\/\/lyonbondyblog.fr\/LBB\/villeurbanne-clement-charlieu-candidat-udi-aux-legislatives-sur-la-6eme-circonscription\/#primaryimage\"},\"thumbnailUrl\":\"https:\/\/lyonbondyblog.fr\/LBB\/wp-content\/uploads\/2022\/05\/photo.jpg\",\"datePublished\":\"2022-05-05T15:15:00+00:00\",\"dateModified\":\"2022-05-05T15:12:15+00:00\",\"description\":\"Cl\u00e9ment Charlieu a \u00e9t\u00e9 investi part l'UDI (Union des d\u00e9mocrates et ind\u00e9pendants)\u00a0pour candidater aux l\u00e9gislatives sur la 6\u00e8me circonscription.\u00a0\",\"inLanguage\":\"fr-FR\",\"potentialAction\":[{\"@type\":\"ReadAction\",\"target\":[\"https:\/\/lyonbondyblog.fr\/LBB\/villeurbanne-clement-charlieu-candidat-udi-aux-legislatives-sur-la-6eme-circonscription\/\"]}]},{\"@type\":\"ImageObject\",\"inLanguage\":\"fr-FR\",\"@id\":\"https:\/\/lyonbondyblog.fr\/LBB\/villeurbanne-clement-charlieu-candidat-udi-aux-legislatives-sur-la-6eme-circonscription\/#primaryimage\",\"url\":\"https:\/\/lyonbondyblog.fr\/LBB\/wp-content\/uploads\/2022\/05\/photo.jpg\",\"contentUrl\":\"https:\/\/lyonbondyblog.fr\/LBB\/wp-content\/uploads\/2022\/05\/photo.jpg\",\"width\":750,\"height\":541,\"caption\":\"Christophe Geourjon et Cl\u00e9ment Charlieu\"},{\"@type\":\"WebSite\",\"@id\":\"https:\/\/lyonbondyblog.fr\/LBB\/#website\",\"url\":\"https:\/\/lyonbondyblog.fr\/LBB\/\",\"name\":\"Lyon Bondy Blog\",\"description\":\"\",\"publisher\":{\"@id\":\"https:\/\/lyonbondyblog.fr\/LBB\/#organization\"},\"potentialAction\":[{\"@type\":\"SearchAction\",\"target\":{\"@type\":\"EntryPoint\",\"urlTemplate\":\"https:\/\/lyonbondyblog.fr\/LBB\/?s={search_term_string}\"},\"query-input\":\"required name=search_term_string\"}],\"inLanguage\":\"fr-FR\"},{\"@type\":\"Organization\",\"@id\":\"https:\/\/lyonbondyblog.fr\/LBB\/#organization\",\"name\":\"LYON BONDY BLOG\",\"url\":\"https:\/\/lyonbondyblog.fr\/LBB\/\",\"logo\":{\"@type\":\"ImageObject\",\"inLanguage\":\"fr-FR\",\"@id\":\"https:\/\/lyonbondyblog.fr\/LBB\/#\/schema\/logo\/image\/\",\"url\":\"http:\/\/lyonbondyblog.fr\/LBB\/wp-content\/uploads\/2014\/10\/logo-portable-144.png\",\"contentUrl\":\"http:\/\/lyonbondyblog.fr\/LBB\/wp-content\/uploads\/2014\/10\/logo-portable-144.png\",\"width\":144,\"height\":123,\"caption\":\"LYON BONDY BLOG\"},\"image\":{\"@id\":\"https:\/\/lyonbondyblog.fr\/LBB\/#\/schema\/logo\/image\/\"},\"sameAs\":[\"https:\/\/www.facebook.com\/lyonbondyblog\",\"https:\/\/x.com\/bondybloglyon\"]},{\"@type\":\"Person\",\"@id\":\"https:\/\/lyonbondyblog.fr\/LBB\/#\/schema\/person\/d6cecdd44821a78fea43f927202a5be9\",\"name\":\"Emma Duffrene\",\"url\":\"https:\/\/lyonbondyblog.fr\/LBB\/author\/emma-duffrene\/\"}]}<\/script>\n<!-- \/ Yoast SEO plugin. -->","yoast_head_json":{"title":"Cl\u00e9ment Charlieu, candidat UDI aux l\u00e9gislatives sur la 6\u00e8me circonscription","description":"Cl\u00e9ment Charlieu a \u00e9t\u00e9 investi part l'UDI (Union des d\u00e9mocrates et ind\u00e9pendants)\u00a0pour candidater aux l\u00e9gislatives sur la 6\u00e8me circonscription.\u00a0","robots":{"index":"index","follow":"follow","max-snippet":"max-snippet:-1","max-image-preview":"max-image-preview:large","max-video-preview":"max-video-preview:-1"},"canonical":"https:\/\/lyonbondyblog.fr\/LBB\/villeurbanne-clement-charlieu-candidat-udi-aux-legislatives-sur-la-6eme-circonscription\/","og_locale":"fr_FR","og_type":"article","og_title":"Cl\u00e9ment Charlieu, candidat UDI aux l\u00e9gislatives sur la 6\u00e8me circonscription","og_description":"Cl\u00e9ment Charlieu a \u00e9t\u00e9 investi part l'UDI (Union des d\u00e9mocrates et ind\u00e9pendants)\u00a0pour candidater aux l\u00e9gislatives sur la 6\u00e8me circonscription.\u00a0","og_url":"https:\/\/lyonbondyblog.fr\/LBB\/villeurbanne-clement-charlieu-candidat-udi-aux-legislatives-sur-la-6eme-circonscription\/","og_site_name":"Lyon Bondy Blog","article_publisher":"https:\/\/www.facebook.com\/lyonbondyblog","article_published_time":"2022-05-05T15:15:00+00:00","article_modified_time":"2022-05-05T15:12:15+00:00","og_image":[{"width":750,"height":541,"url":"https:\/\/lyonbondyblog.fr\/LBB\/wp-content\/uploads\/2022\/05\/photo.jpg","type":"image\/jpeg"}],"author":"Emma Duffrene","twitter_card":"summary_large_image","twitter_creator":"@bondybloglyon","twitter_site":"@bondybloglyon","schema":{"@context":"https:\/\/schema.org","@graph":[{"@type":"Article","@id":"https:\/\/lyonbondyblog.fr\/LBB\/villeurbanne-clement-charlieu-candidat-udi-aux-legislatives-sur-la-6eme-circonscription\/#article","isPartOf":{"@id":"https:\/\/lyonbondyblog.fr\/LBB\/villeurbanne-clement-charlieu-candidat-udi-aux-legislatives-sur-la-6eme-circonscription\/"},"author":{"name":"Emma Duffrene","@id":"https:\/\/lyonbondyblog.fr\/LBB\/#\/schema\/person\/d6cecdd44821a78fea43f927202a5be9"},"headline":"Villeurbanne : Cl\u00e9ment Charlieu, candidat UDI aux l\u00e9gislatives sur la 6\u00e8me circonscription","datePublished":"2022-05-05T15:15:00+00:00","dateModified":"2022-05-05T15:12:15+00:00","mainEntityOfPage":{"@id":"https:\/\/lyonbondyblog.fr\/LBB\/villeurbanne-clement-charlieu-candidat-udi-aux-legislatives-sur-la-6eme-circonscription\/"},"wordCount":540,"commentCount":0,"publisher":{"@id":"https:\/\/lyonbondyblog.fr\/LBB\/#organization"},"image":{"@id":"https:\/\/lyonbondyblog.fr\/LBB\/villeurbanne-clement-charlieu-candidat-udi-aux-legislatives-sur-la-6eme-circonscription\/#primaryimage"},"thumbnailUrl":"https:\/\/lyonbondyblog.fr\/LBB\/wp-content\/uploads\/2022\/05\/photo.jpg","articleSection":["L\u00e9gislatives 2022","Lyon","Politique"],"inLanguage":"fr-FR","potentialAction":[{"@type":"CommentAction","name":"Comment","target":["https:\/\/lyonbondyblog.fr\/LBB\/villeurbanne-clement-charlieu-candidat-udi-aux-legislatives-sur-la-6eme-circonscription\/#respond"]}]},{"@type":"WebPage","@id":"https:\/\/lyonbondyblog.fr\/LBB\/villeurbanne-clement-charlieu-candidat-udi-aux-legislatives-sur-la-6eme-circonscription\/","url":"https:\/\/lyonbondyblog.fr\/LBB\/villeurbanne-clement-charlieu-candidat-udi-aux-legislatives-sur-la-6eme-circonscription\/","name":"Cl\u00e9ment Charlieu, candidat UDI aux l\u00e9gislatives sur la 6\u00e8me circonscription","isPartOf":{"@id":"https:\/\/lyonbondyblog.fr\/LBB\/#website"},"primaryImageOfPage":{"@id":"https:\/\/lyonbondyblog.fr\/LBB\/villeurbanne-clement-charlieu-candidat-udi-aux-legislatives-sur-la-6eme-circonscription\/#primaryimage"},"image":{"@id":"https:\/\/lyonbondyblog.fr\/LBB\/villeurbanne-clement-charlieu-candidat-udi-aux-legislatives-sur-la-6eme-circonscription\/#primaryimage"},"thumbnailUrl":"https:\/\/lyonbondyblog.fr\/LBB\/wp-content\/uploads\/2022\/05\/photo.jpg","datePublished":"2022-05-05T15:15:00+00:00","dateModified":"2022-05-05T15:12:15+00:00","description":"Cl\u00e9ment Charlieu a \u00e9t\u00e9 investi part l'UDI (Union des d\u00e9mocrates et ind\u00e9pendants)\u00a0pour candidater aux l\u00e9gislatives sur la 6\u00e8me circonscription.\u00a0","inLanguage":"fr-FR","potentialAction":[{"@type":"ReadAction","target":["https:\/\/lyonbondyblog.fr\/LBB\/villeurbanne-clement-charlieu-candidat-udi-aux-legislatives-sur-la-6eme-circonscription\/"]}]},{"@type":"ImageObject","inLanguage":"fr-FR","@id":"https:\/\/lyonbondyblog.fr\/LBB\/villeurbanne-clement-charlieu-candidat-udi-aux-legislatives-sur-la-6eme-circonscription\/#primaryimage","url":"https:\/\/lyonbondyblog.fr\/LBB\/wp-content\/uploads\/2022\/05\/photo.jpg","contentUrl":"https:\/\/lyonbondyblog.fr\/LBB\/wp-content\/uploads\/2022\/05\/photo.jpg","width":750,"height":541,"caption":"Christophe Geourjon et Cl\u00e9ment Charlieu"},{"@type":"WebSite","@id":"https:\/\/lyonbondyblog.fr\/LBB\/#website","url":"https:\/\/lyonbondyblog.fr\/LBB\/","name":"Lyon Bondy Blog","description":"","publisher":{"@id":"https:\/\/lyonbondyblog.fr\/LBB\/#organization"},"potentialAction":[{"@type":"SearchAction","target":{"@type":"EntryPoint","urlTemplate":"https:\/\/lyonbondyblog.fr\/LBB\/?s={search_term_string}"},"query-input":"required name=search_term_string"}],"inLanguage":"fr-FR"},{"@type":"Organization","@id":"https:\/\/lyonbondyblog.fr\/LBB\/#organization","name":"LYON BONDY BLOG","url":"https:\/\/lyonbondyblog.fr\/LBB\/","logo":{"@type":"ImageObject","inLanguage":"fr-FR","@id":"https:\/\/lyonbondyblog.fr\/LBB\/#\/schema\/logo\/image\/","url":"http:\/\/lyonbondyblog.fr\/LBB\/wp-content\/uploads\/2014\/10\/logo-portable-144.png","contentUrl":"http:\/\/lyonbondyblog.fr\/LBB\/wp-content\/uploads\/2014\/10\/logo-portable-144.png","width":144,"height":123,"caption":"LYON BONDY BLOG"},"image":{"@id":"https:\/\/lyonbondyblog.fr\/LBB\/#\/schema\/logo\/image\/"},"sameAs":["https:\/\/www.facebook.com\/lyonbondyblog","https:\/\/x.com\/bondybloglyon"]},{"@type":"Person","@id":"https:\/\/lyonbondyblog.fr\/LBB\/#\/schema\/person\/d6cecdd44821a78fea43f927202a5be9","name":"Emma Duffrene","url":"https:\/\/lyonbondyblog.fr\/LBB\/author\/emma-duffrene\/"}]}},"_links":{"self":[{"href":"https:\/\/lyonbondyblog.fr\/LBB\/wp-json\/wp\/v2\/posts\/28780","targetHints":{"allow":["GET"]}}],"collection":[{"href":"https:\/\/lyonbondyblog.fr\/LBB\/wp-json\/wp\/v2\/posts"}],"about":[{"href":"https:\/\/lyonbondyblog.fr\/LBB\/wp-json\/wp\/v2\/types\/post"}],"author":[{"embeddable":true,"href":"https:\/\/lyonbondyblog.fr\/LBB\/wp-json\/wp\/v2\/users\/23914"}],"replies":[{"embeddable":true,"href":"https:\/\/lyonbondyblog.fr\/LBB\/wp-json\/wp\/v2\/comments?post=28780"}],"version-history":[{"count":6,"href":"https:\/\/lyonbondyblog.fr\/LBB\/wp-json\/wp\/v2\/posts\/28780\/revisions"}],"predecessor-version":[{"id":28790,"href":"https:\/\/lyonbondyblog.fr\/LBB\/wp-json\/wp\/v2\/posts\/28780\/revisions\/28790"}],"wp:featuredmedia":[{"embeddable":true,"href":"https:\/\/lyonbondyblog.fr\/LBB\/wp-json\/wp\/v2\/media\/28782"}],"wp:attachment":[{"href":"https:\/\/lyonbondyblog.fr\/LBB\/wp-json\/wp\/v2\/media?parent=28780"}],"wp:term":[{"taxonomy":"category","embeddable":true,"href":"https:\/\/lyonbondyblog.fr\/LBB\/wp-json\/wp\/v2\/categories?post=28780"},{"taxonomy":"post_tag","embeddable":true,"href":"https:\/\/lyonbondyblog.fr\/LBB\/wp-json\/wp\/v2\/tags?post=28780"}],"curies":[{"name":"wp","href":"https:\/\/api.w.org\/{rel}","templated":true}]}}