{"id":28694,"date":"2022-05-03T23:14:00","date_gmt":"2022-05-03T21:14:00","guid":{"rendered":"http:\/\/lyonbondyblog.fr\/LBB\/?p=28694"},"modified":"2022-05-04T14:38:52","modified_gmt":"2022-05-04T12:38:52","slug":"presidentielles-2022-le-vote-melenchon-dans-les-banlieues-lyonnaises-une-interpretation-plurielle","status":"publish","type":"post","link":"https:\/\/lyonbondyblog.fr\/LBB\/presidentielles-2022-le-vote-melenchon-dans-les-banlieues-lyonnaises-une-interpretation-plurielle\/","title":{"rendered":"Pr\u00e9sidentielles 2022 : le vote M\u00e9lenchon dans les banlieues lyonnaises, une interpr\u00e9tation plurielle"},"content":{"rendered":"\n<h2 class=\"wp-block-heading\">Alors qu&rsquo;au soir du premier tour de l\u2019\u00e9lection pr\u00e9sidentielle J.L M\u00e9lenchon a remport\u00e9 les suffrages dans nombre de communes de la banlieue lyonnaise, le Lyon Bondy Blog s\u2019est interrog\u00e9 sur les raisons d\u2019une telle dynamique. Des \u00e9lus locaux et un politologue nous ont \u00e9clair\u00e9s sur les ressorts de ce vote, dont la compr\u00e9hension s\u2019av\u00e8re cruciale pour les l\u00e9gislatives.<\/h2>\n\n\n\n<p class=\"has-black-color has-text-color\">Au soir du premier tour de l\u2019\u00e9lection pr\u00e9sidentielle, un ph\u00e9nom\u00e8ne aura marqu\u00e9 les esprits&nbsp;: la reconqu\u00eate d\u2019une nouvelle <a href=\"https:\/\/www.lemonde.fr\/election-presidentielle-2022\/article\/2022\/04\/20\/election-presidentielle-2022-dans-la-nouvelle-banlieue-rouge-la-grande-hesitation-apres-le-triomphe-de-jean-luc-melenchon_6122849_6059010.html\">\u00ab&nbsp;banlieue rouge&nbsp;\u00bb<\/a> par Jean-Luc M\u00e9lenchon. Elle est bien entendu parisienne, mais Lyon n\u2019est pas en reste : <a href=\"https:\/\/www.rue89lyon.fr\/2022\/04\/11\/presidentielle-2022-resultats-metropole-lyon\/\">l\u2019Insoumis est arriv\u00e9 en t\u00eate<\/a> dans les anciens bastions communistes ou socialistes des communes p\u00e9riph\u00e9riques. Son score \u00e9tait majoritaire \u00e0 Vaulx-en-Velin (54,94%) et Saint-Fons (53,65%) et a survol\u00e9 les 40% \u00e0 V\u00e9nissieux (48,79%) et Givors (44,89%). Il a d\u00e9pass\u00e9 les 30% dans 5 communes dont Villeurbanne (37,88%) et Bron (32,02%). Comment expliquer ces r\u00e9sultats&nbsp;qui promettent de rudes batailles pour choisir les candidats de gauche aux l\u00e9gislatives ? Nous avons pos\u00e9 la question \u00e0 des \u00e9lus locaux de gauche&nbsp;issus de La France Insoumise (LFI), d\u2019Europe \u00c9cologie Les Verts (EELV) et du Parti Radical de Gauche (PRG). Le politologue <a href=\"http:\/\/triangle.ens-lyon.fr\/spip.php?article192\">Paul Bacot<\/a>, enseignant-chercheur \u00e0 Science Po Lyon, compl\u00e8te l\u2019analyse.<\/p>\n\n\n\n<figure class=\"wp-block-gallery columns-4 is-cropped wp-block-gallery-1 is-layout-flex wp-block-gallery-is-layout-flex\"><ul class=\"blocks-gallery-grid\"><li class=\"blocks-gallery-item\"><figure><img loading=\"lazy\" decoding=\"async\" width=\"1097\" height=\"1080\" src=\"https:\/\/lyonbondyblog.fr\/LBB\/wp-content\/uploads\/2022\/05\/IMG_2687.jpg\" alt=\"\" data-id=\"28695\" data-link=\"https:\/\/lyonbondyblog.fr\/LBB\/?attachment_id=28695\" class=\"wp-image-28695\" srcset=\"https:\/\/lyonbondyblog.fr\/LBB\/wp-content\/uploads\/2022\/05\/IMG_2687.jpg 1097w, https:\/\/lyonbondyblog.fr\/LBB\/wp-content\/uploads\/2022\/05\/IMG_2687-768x756.jpg 768w\" sizes=\"auto, (max-width: 1097px) 100vw, 1097px\" \/><figcaption class=\"blocks-gallery-item__caption\">Idir Boumertit<\/figcaption><\/figure><\/li><li class=\"blocks-gallery-item\"><figure><img loading=\"lazy\" decoding=\"async\" width=\"173\" height=\"220\" src=\"https:\/\/lyonbondyblog.fr\/LBB\/wp-content\/uploads\/2022\/05\/paul-bacot-science-po-lyon.jpg\" alt=\"\" data-id=\"28696\" data-link=\"https:\/\/lyonbondyblog.fr\/LBB\/?attachment_id=28696\" class=\"wp-image-28696\"\/><figcaption class=\"blocks-gallery-item__caption\">Paul Bacot<\/figcaption><\/figure><\/li><li class=\"blocks-gallery-item\"><figure><img loading=\"lazy\" decoding=\"async\" width=\"233\" height=\"350\" src=\"https:\/\/lyonbondyblog.fr\/LBB\/wp-content\/uploads\/2022\/05\/jonathan-bocquet.jpg\" alt=\"\" data-id=\"28697\" data-link=\"https:\/\/lyonbondyblog.fr\/LBB\/?attachment_id=28697\" class=\"wp-image-28697\"\/><figcaption class=\"blocks-gallery-item__caption\">Jonathan Bocquet<\/figcaption><\/figure><\/li><li class=\"blocks-gallery-item\"><figure><img loading=\"lazy\" decoding=\"async\" width=\"400\" height=\"400\" src=\"https:\/\/lyonbondyblog.fr\/LBB\/wp-content\/uploads\/2022\/05\/benjamin-badouard.jpeg\" alt=\"\" data-id=\"28698\" data-full-url=\"https:\/\/lyonbondyblog.fr\/LBB\/wp-content\/uploads\/2022\/05\/benjamin-badouard.jpeg\" data-link=\"https:\/\/lyonbondyblog.fr\/LBB\/?attachment_id=28698\" class=\"wp-image-28698\" srcset=\"https:\/\/lyonbondyblog.fr\/LBB\/wp-content\/uploads\/2022\/05\/benjamin-badouard.jpeg 400w, https:\/\/lyonbondyblog.fr\/LBB\/wp-content\/uploads\/2022\/05\/benjamin-badouard-150x150.jpeg 150w\" sizes=\"auto, (max-width: 400px) 100vw, 400px\" \/><figcaption class=\"blocks-gallery-item__caption\">Benjamin Badouard<\/figcaption><\/figure><\/li><\/ul><\/figure>\n\n\n\n<h2 class=\"has-black-color has-text-color wp-block-heading\">\u00ab\u00a0On a fait campagne sur un programme qui a redonn\u00e9 de l\u2019espoir aux classes populaires\u00a0\u00bb<\/h2>\n\n\n\n<p class=\"has-black-color has-text-color\">Au sein de la m\u00e9tropole lyonnaise, les scores de Jean-Luc M\u00e9lenchon sont bien meilleurs qu\u2019en 2017, o\u00f9 il remporte 18 communes&nbsp; dont 5 arrondissements lyonnais. On remarque parall\u00e8lement que l\u2019abstention a recul\u00e9 dans certaines villes qui l\u2019ont pl\u00e9biscit\u00e9 (Vaulx-en-Velin, V\u00e9nissieux, Rillieux-la-Pape, Givors, Grigny, Pierre B\u00e9nite). Pour <a href=\"https:\/\/www.ville-venissieux.fr\/Ma-ville\/Le-conseil-municipal\/Les-elus\/Majorite-Les-Venissians-rassembles-pour-une-ville-humaine-ecologique-solidaire-et-citoyenne\/Boumertit-Idir\">Idir Boumertit<\/a>, adjoint LFI \u00e0 la mairie de V\u00e9nissieux et conseiller m\u00e9tropolitain, \u00ab&nbsp;<em>il est en train de se passer quelque chose de nouveau<\/em>. <em>On aurait pu penser que la participation allait \u00eatre catastrophique. On a fait campagne sur un programme qui a donn\u00e9 de l\u2019espoir \u00e0 ces classes populaires, l\u2019espoir qu\u2019on pouvait passer \u00e0 autre chose&nbsp;\u00bb. <\/em>En 2017, \u00e0 V\u00e9nissieux, Jean-Luc M\u00e9lenchon avait r\u00e9colt\u00e9 35,73% des voix quand 33,84% des \u00e9lecteurs s\u2019\u00e9taient abstenus. Cette ann\u00e9e, l\u2019abstention a baiss\u00e9 de deux points (31,50%) quand 48,79% des inscrits ont soutenu l\u2019Union Populaire. D\u2019apr\u00e8s <a href=\"https:\/\/twitter.com\/bbadouard?lang=en\">Benjamin Badouard<\/a>, conseiller m\u00e9tropolitain \u00e9cologiste et co-pr\u00e9sident du groupe \u00e0 la m\u00e9tropole, Jean-Luc M\u00e9lenchon a notamment \u00ab&nbsp;<em>capt\u00e9 sur la question du pouvoir d\u2019achat<\/em>&nbsp;\u00bb. <\/p>\n\n\n\n<div class=\"wp-block-media-text alignwide is-stacked-on-mobile is-image-fill has-white-color has-white-background-color has-text-color has-background\" style=\"grid-template-columns:37% auto\"><figure class=\"wp-block-media-text__media\" style=\"background-image:url(https:\/\/lyonbondyblog.fr\/LBB\/wp-content\/uploads\/2022\/05\/tete-pour-aurore-04-1920x1358.png);background-position:50% 50%\"><img loading=\"lazy\" decoding=\"async\" width=\"1920\" height=\"1358\" src=\"https:\/\/lyonbondyblog.fr\/LBB\/wp-content\/uploads\/2022\/05\/tete-pour-aurore-04-1920x1358.png\" alt=\"\" class=\"wp-image-28711 size-full\" srcset=\"https:\/\/lyonbondyblog.fr\/LBB\/wp-content\/uploads\/2022\/05\/tete-pour-aurore-04-1920x1358.png 1920w, https:\/\/lyonbondyblog.fr\/LBB\/wp-content\/uploads\/2022\/05\/tete-pour-aurore-04-1200x848.png 1200w, https:\/\/lyonbondyblog.fr\/LBB\/wp-content\/uploads\/2022\/05\/tete-pour-aurore-04-768x543.png 768w, https:\/\/lyonbondyblog.fr\/LBB\/wp-content\/uploads\/2022\/05\/tete-pour-aurore-04-1536x1086.png 1536w, https:\/\/lyonbondyblog.fr\/LBB\/wp-content\/uploads\/2022\/05\/tete-pour-aurore-04-2048x1448.png 2048w, https:\/\/lyonbondyblog.fr\/LBB\/wp-content\/uploads\/2022\/05\/tete-pour-aurore-04-120x85.png 120w\" sizes=\"auto, (max-width: 1920px) 100vw, 1920px\" \/><\/figure><div class=\"wp-block-media-text__content\">\n<p><\/p>\n\n\n\n<p class=\"has-black-color has-text-color\"><strong>T\u00e9moignage<\/strong><\/p>\n\n\n\n<p class=\"has-black-color has-text-color\">Une aide-soignante Vaudaise de 47 ans&nbsp;d\u00e9clare \u00ab&nbsp;<em>On croit souvent que dans les banlieues, il n&rsquo;y a pas beaucoup de gens qui travaillent, mais en fait, il y en a beaucoup, et notamment des gens qui font des m\u00e9tiers difficiles. Les gens qui ont vot\u00e9 pour M\u00e9lenchon, c&rsquo;est avant tout pour son programme pour les travailleurs<\/em>&nbsp;\u00bb. &nbsp;<\/p>\n<\/div><\/div>\n\n\n\n<p class=\"has-black-color has-text-color\">Cette adh\u00e9sion des classes populaires est ce qui a manqu\u00e9 aux autres partis de gauche, notamment les \u00e9cologistes qui dirigent la M\u00e9tropole et la ville de Lyon. \u00ab&nbsp;<em>M\u00e9lenchon est tr\u00e8s bon l\u00e0-dessus, tant mieux, <\/em>conc\u00e8de Benjamin Badouard, <em>C\u2019est un \u00e9lectorat qui s\u2019abstient tr\u00e8s souvent, qu\u2019un candidat de gauche aille le capter, c\u2019est une tr\u00e8s bonne chose.Nous, il faut qu\u2019on progresse sur ce point, pour mieux montrer que notre programme est dans le fond tr\u00e8s social&nbsp;\u00bb.<\/em> N\u00e9anmoins, \u00e0 l\u2019\u00e9chelle nationale, sur son score de 21,05%, plus ou moins 10% seraient un vote utile \u00e0 gauche. \u00ab&nbsp;<em>Le surcro\u00eet de vote de M\u00e9lenchon, c\u2019est deux strates&nbsp;: le vote proprement M\u00e9lenchon et petit \u00e0 petit, dans les derni\u00e8res semaines, le vote utile, qui a amen\u00e9 une s\u00e9rie d\u2019\u00e9lecteurs pas du tout m\u00e9lenchonistes. Dans le marasme g\u00e9n\u00e9ral de la gauche, ils se sont dit que c\u2019est lui qui s\u2019en sortirait le moins mal. On ne peut pas analyser ces deux \u00e9lectorats de la m\u00eame fa\u00e7on, ce serait une erreur pour M\u00e9lenchon de le faire, qu\u2019il ne commet pas, de le consid\u00e9rer comme un vote d\u2019adh\u00e9sion&nbsp;\u00bb, <\/em>d\u00e9clare Paul Bacot, politologue \u00e0 Science Po Lyon. &nbsp;<\/p>\n\n\n\n<h2 class=\"wp-block-heading\">Au-del\u00e0 de la mobilisation pour le pouvoir d\u2019achat, \u00ab\u00a0la haine anti-macron\u00a0\u00bb et le rejet de l\u2019extr\u00eame droite<\/h2>\n\n\n\n<p class=\"has-black-color has-text-color\">Pour <a href=\"https:\/\/www.france24.com\/fr\/vid%C3%A9o\/20220411-pr%C3%A9sidentielle-2022-jean-luc-m%C3%A9lenchon-largement-pl%C3%A9biscit%C3%A9-dans-les-quartiers-populaires\">Latifa Oulkhouir<\/a>, directrice du Bondy Blog de Paris, \u00ab <em>Il y a un ras-le bol de la mani\u00e8re dont le gouvernement sortant a stigmatis\u00e9 les habitants de ces quartiers. Il n\u2019a pas fait grand-chose pour eux<\/em> \u00bb. Alors que Jean-Luc M\u00e9lenchon a obtenu 49% des voix en Seine-Saint-Denis, le r\u00e9sultat traduit d\u2019apr\u00e8s elle<em> \u00ab&nbsp;un ras-le-bol et presque une d\u00e9testation du pr\u00e9sident sortant<\/em>&nbsp;\u00bb. Un constat partag\u00e9 par Idir Boumertit&nbsp;: \u00ab&nbsp;<em>Macron, \u00ab&nbsp;le pr\u00e9sident des riches&nbsp;\u00bb, \u00e7a rentre, parce que c\u2019est la v\u00e9rit\u00e9. On dit que le ch\u00f4mage a baiss\u00e9, mais l\u2019emploi ne profite pas forc\u00e9ment \u00e0 ces personnes-l\u00e0&nbsp;: sur le plateau des Minguettes, le ch\u00f4mage est tr\u00e8s important, notamment chez les jeunes \u00bb. <\/em>Le politologue Paul Bacot, quant \u00e0 lui, n\u2019h\u00e9site pas \u00e0 parler de \u00ab&nbsp;<em>haine anti-macron<\/em>,&nbsp;<em>qui est rare et qu\u2019on n\u2019a jamais connue <\/em>\u00bb, notamment \u00e0 cause des choix politiques au d\u00e9but de son quinquennat et de son attitude ressentie comme m\u00e9prisante : \u00ab&nbsp;<em>Il y a un rejet tr\u00e8s fort, \u00e0 la fois pour des raisons mat\u00e9rielles, symboliques et psychologiques.<\/em> <em>Cela vaut pour toute la population, notamment pour ceux qui sont les plus \u00e9loign\u00e9s des riches en question, par exemple les jeunes des milieux populaires<\/em>\u00bb.<\/p>\n\n\n\n<p class=\"has-black-color has-text-color\">D\u2019apr\u00e8s Paul Bacot, ce rejet de Macron ne suffit pas \u00e0 expliquer le vote en faveur de M\u00e9lenchon dans les quartiers populaires. \u00ab&nbsp;<em>Incontestablement, une des caract\u00e9ristiques d\u2019une bonne part des quartiers populaires, c\u2019est la variante religieuse, qui manifestement a jou\u00e9 un r\u00f4le. Clairement, M\u00e9lenchon est apparu comme celui qui posera le moins de probl\u00e8me pour les musulmans, pour le dire tr\u00e8s sch\u00e9matiquement<\/em>, <em>ce qui lui a valu des ennuis avec une partie de l&rsquo;\u00e9lectorat de gauche, qui l&rsquo;a accus\u00e9 de ne pas \u00eatre suffisamment la\u00efque&nbsp;\u00bb. &nbsp;<\/em>Le vote<em> <\/em>doit \u00e9galement \u00eatre consid\u00e9r\u00e9 par un prisme \u00e9conomique et social&nbsp;: \u00ab&nbsp;<em>La classe ouvri\u00e8re d\u2019aujourd\u2019hui n\u2019est plus la classe ouvri\u00e8re d\u2019il y a 40 ans o\u00f9 50 ans<\/em>&nbsp;:<em> dans une proportion importante, elle est d\u2019origine maghr\u00e9bine, donc souvent de culture et de religion musulmane<\/em>&nbsp;\u00bb, pr\u00e9cise-t-il.<\/p>\n\n\n\n<p><\/p>\n\n\n\n<div class=\"wp-block-media-text alignwide is-stacked-on-mobile is-vertically-aligned-top has-black-color has-white-background-color has-text-color has-background\" style=\"grid-template-columns:37% auto\"><figure class=\"wp-block-media-text__media\"><img loading=\"lazy\" decoding=\"async\" width=\"3509\" height=\"2481\" src=\"https:\/\/lyonbondyblog.fr\/LBB\/wp-content\/uploads\/2022\/05\/tete-pour-aurore-03-4.png\" alt=\"\" class=\"wp-image-28710 size-full\" srcset=\"https:\/\/lyonbondyblog.fr\/LBB\/wp-content\/uploads\/2022\/05\/tete-pour-aurore-03-4.png 3509w, https:\/\/lyonbondyblog.fr\/LBB\/wp-content\/uploads\/2022\/05\/tete-pour-aurore-03-4-1200x848.png 1200w, https:\/\/lyonbondyblog.fr\/LBB\/wp-content\/uploads\/2022\/05\/tete-pour-aurore-03-4-1920x1358.png 1920w, https:\/\/lyonbondyblog.fr\/LBB\/wp-content\/uploads\/2022\/05\/tete-pour-aurore-03-4-768x543.png 768w, https:\/\/lyonbondyblog.fr\/LBB\/wp-content\/uploads\/2022\/05\/tete-pour-aurore-03-4-1536x1086.png 1536w, https:\/\/lyonbondyblog.fr\/LBB\/wp-content\/uploads\/2022\/05\/tete-pour-aurore-03-4-2048x1448.png 2048w, https:\/\/lyonbondyblog.fr\/LBB\/wp-content\/uploads\/2022\/05\/tete-pour-aurore-03-4-120x85.png 120w\" sizes=\"auto, (max-width: 3509px) 100vw, 3509px\" \/><\/figure><div class=\"wp-block-media-text__content\">\n<p class=\"has-black-color has-text-color\"><strong>T\u00e9moignage <\/strong><br><br>Le t\u00e9moignage Fatia, 73 ans, retrait\u00e9e vaudaise portant le foulard, montre la complexit\u00e9 des choix&nbsp;de vote. Vivre dans un quartier populaire ne signifie pas forc\u00e9ment ha\u00efr Macron, ni voter selon des consid\u00e9rations uniquement religieuses. Des variables d\u2019\u00e2ge, par exemple, rentrent en compte. \u00ab&nbsp;<em>On \u00e9tait bien M\u00e9lenchon<\/em>&nbsp;\u00bb, nous a-t-elle confi\u00e9 en riant, \u00ab&nbsp;<em>parce qu\u2019il va avec toutes nos id\u00e9es, tous nos principes<\/em>&nbsp;\u00bb. Mais elle s\u2019est empress\u00e9e d\u2019ajouter&nbsp;: \u00ab&nbsp;<em>moi j\u2019aimais bien Macron aussi, il fait tout ce qu\u2019il peut pour la guerre en Ukraine, il s\u2019occupe bien des retrait\u00e9s. Mes enfants d\u2019une cinquantaine d\u2019ann\u00e9es pr\u00e9f\u00e9raient M\u00e9lenchon. Seule ma fille a vot\u00e9 blanc. Au second tour, ils iront voter Emmanuel Macron, parce que vous comprenez, leur maman porte le foulard. Les id\u00e9es que Marine Le Pen v\u00e9hiculent me font peur&nbsp;\u00bb. <\/em>A Vaulx-en-Velin, Marine le Pen a r\u00e9colt\u00e9 28% des voix au second tour, soit 13 points de moins que son score national, mais l\u2019abstention \u00e9tait de 50%.<\/p>\n<\/div><\/div>\n\n\n\n<p class=\"has-black-color has-text-color\">Le politologue insiste sur le fait que les questions de la\u00efcit\u00e9 risquent d\u2019impacter les discussions d\u2019alliance \u00e0 gauche : \u00ab&nbsp;<em>Est-ce que pour int\u00e9grer politiquement, notamment \u00e0 la gauche, la classe ouvri\u00e8re, il faut en passer par des discours conciliants par rapport \u00e0 certains discours et certaines pratiques de la population musulmane,c\u2019est une grande question aujourd\u2019hui<\/em>. \u00bb. L\u2019approche de Jonathan Bocquet, adjoint charg\u00e9 de la d\u00e9mocratie \u00e0 Villeurbanne et membre du PRG le confirme&nbsp;: \u00ab&nbsp;<em>Ce qui est s\u00fbr, c\u2019est que LFI et Jean-Luc M\u00e9lenchon ont tenu un discours r\u00e9solument anti-RN, ils ont battu le fer avec le RN de mani\u00e8re volontariste, au risque parfois de sortir du discours r\u00e9publicain, en particulier le discours universaliste&nbsp;<\/em>\u00bb. <\/p>\n\n\n\n<figure class=\"wp-block-table\"><table class=\"has-black-color has-white-background-color has-text-color has-background\"><tbody><tr><td class=\"has-text-align-left\" data-align=\"left\"><strong>La r\u00e9ponse d&rsquo;Idir Boumertit aux pol\u00e9miques <\/strong><br><br><a href=\"https:\/\/www.facebook.com\/idir.boumertit\">Idir Boumertit <\/a>avait r\u00e9pondu aux accusations d&rsquo;un \u00ab\u00a0vote communautaire\u00a0\u00bb musulman. Voici un extrait d\u2019un post Facebook, dat\u00e9 du 17 avril 2022. <br><br>\u00ab&nbsp;(\u2026) <em>Oui, les villes populaires, les banlieues, les quartiers d\u00e9favoris\u00e9s ont massivement choisi le bulletin Jean-Luc M\u00e9lenchon. Mais, pas parce qu&rsquo;il promettait la r\u00e9publique islamique ou l&rsquo;annulation de la loi de 1905 de s\u00e9paration de l&rsquo;\u00e9glise et de l&rsquo;\u00c9tat (la la\u00efcit\u00e9). Non. Jean-Luc M\u00e9lenchon a su simplement exprimer pour les habitants des villes populaires de la consid\u00e9ration et porter des propositions susceptibles de les aider \u00e0 vivre mieux.(\u2026) Les citoyens de confession musulmane (ou suppos\u00e9e telle) sont aussi divers que l&rsquo;ensemble des autres citoyens de notre pays. Leur vote se porte sur un candidat et un programme dont ils peuvent penser qu&rsquo;il est bon pour le pays. Pourquoi le consid\u00e9rer sous l&rsquo;angle religieux ? Qui peut dire si Farid ou Jamila croit ou ne croit pas, \u00e0 quoi il croit ou ne croit pas, ce qu&rsquo;il pratique ou ne pratique pas ? Moi, je sais en tout cas qu&rsquo;ils ne veulent pas et ne doivent pas \u00eatre assign\u00e9s \u00e0 la dimension spirituelle de leur personne, quand il s&rsquo;agit de voter pour un pr\u00e9sident de la r\u00e9publique ! L&rsquo;assignation \u00e0 r\u00e9sidence dans les m\u00eames quartiers ne suffit-elle pas \u00e0 les stigmatiser ?<\/em> (<em>\u2026) <\/em>&nbsp;\u00bb<br><\/td><\/tr><\/tbody><\/table><\/figure>\n\n\n\n<h2 class=\"wp-block-heading\">La campagne num\u00e9rique de l\u2019Union populaire, \u00e0 l\u2019origine d\u2019un \u00e9veil politique chez les jeunes\u00a0?<\/h2>\n\n\n\n<p class=\"has-black-color has-text-color\"><a href=\"https:\/\/twitter.com\/ilyesramdani1\">Ilyes Ramdani<\/a>, ex-r\u00e9dacteur en chef du Bondy Blog parisien, <a href=\"https:\/\/twitter.com\/Ilyesramdani1\/status\/1513333698900512780\">s\u2019\u00e9tait r\u00e9joui sur Twitter<\/a> d\u2019avoir remarqu\u00e9 \u00ab&nbsp;<em>des visages rarement vus dans les bureaux de vote<\/em>&nbsp;\u00bb dans le 93. LFI pointe une mobilisation exceptionnelle des jeunes en leur faveur, qui aurait permis de relever la participation, chiffres \u00e0 l\u2019appui&nbsp;: <a href=\"https:\/\/www.liberation.fr\/politique\/elections\/jean-luc-melenchon-en-tete-chez-les-jeunes-un-bon-score-mais-ce-nest-pas-un-vote-dadhesion-20220411_UUVK6LEPDJDU3PRS7YCEG44K2M\/\">M\u00e9lenchon est arriv\u00e9 en t\u00eate chez les 18-34 ans au premier tour.<\/a> La m\u00eame dynamique \u00e9tait-elle visible dans les bureaux de vote de l\u2019est lyonnais&nbsp;? Idir Boumertit l\u2019affirme : \u00ab&nbsp;<em>Une nouvelle population s\u2019est d\u00e9plac\u00e9e pour aller voter, des jeunes qui s\u2019int\u00e9ressent \u00e0 ce qui se passe. Une nouvelle cat\u00e9gorie a \u00e9t\u00e9 mobilis\u00e9e par la campagne, par l\u2019id\u00e9e que le vote peut changer les choses et leur avenir&nbsp;<\/em>\u00bb. <\/p>\n\n\n\n<p><\/p>\n\n\n\n<div class=\"wp-block-media-text alignwide is-stacked-on-mobile is-vertically-aligned-top\" style=\"grid-template-columns:37% auto\"><figure class=\"wp-block-media-text__media\"><img loading=\"lazy\" decoding=\"async\" width=\"1920\" height=\"1358\" src=\"https:\/\/lyonbondyblog.fr\/LBB\/wp-content\/uploads\/2022\/05\/tete-pour-aurore-02-1920x1358.png\" alt=\"\" class=\"wp-image-28712 size-full\" srcset=\"https:\/\/lyonbondyblog.fr\/LBB\/wp-content\/uploads\/2022\/05\/tete-pour-aurore-02-1920x1358.png 1920w, https:\/\/lyonbondyblog.fr\/LBB\/wp-content\/uploads\/2022\/05\/tete-pour-aurore-02-1200x848.png 1200w, https:\/\/lyonbondyblog.fr\/LBB\/wp-content\/uploads\/2022\/05\/tete-pour-aurore-02-768x543.png 768w, https:\/\/lyonbondyblog.fr\/LBB\/wp-content\/uploads\/2022\/05\/tete-pour-aurore-02-1536x1086.png 1536w, https:\/\/lyonbondyblog.fr\/LBB\/wp-content\/uploads\/2022\/05\/tete-pour-aurore-02-2048x1448.png 2048w, https:\/\/lyonbondyblog.fr\/LBB\/wp-content\/uploads\/2022\/05\/tete-pour-aurore-02-120x85.png 120w\" sizes=\"auto, (max-width: 1920px) 100vw, 1920px\" \/><\/figure><div class=\"wp-block-media-text__content\">\n<p class=\"has-black-color has-text-color\"><strong>T\u00e9moignage<\/strong><\/p>\n\n\n\n<p class=\"has-black-color has-text-color\">Une jeune habitante de Caluire de 25 ans crois\u00e9e \u00e0 Vaulx-enVelin, t\u00e9moigne : \u00ab\u00a0<em>J&rsquo;ai vot\u00e9 pour M\u00e9lenchon. La construction du programme semblait plut\u00f4t solide, il y avait une justification derri\u00e8re chaque mesure. Il y avait beaucoup de mesures qui correspondaient \u00e0 mes valeurs, comme l&rsquo;\u00e9cologie, le social, l&rsquo;aide aux \u00e9tudiants. Je pense qu&rsquo;il y a un aspect social dans son programme et une plus grande humanit\u00e9, et il y a une reconnaissance de ses id\u00e9es dans les banlieues &nbsp;parce qu&rsquo;il apporte une vrai solution<\/em>&nbsp;\u00bb<\/p>\n<\/div><\/div>\n\n\n\n<p class=\"has-black-color has-text-color\">Idir Boumertit soutient que les r\u00e9seaux sociaux ont contribu\u00e9 \u00e0 \u00ab&nbsp;<em>une politisation nouvelle<\/em>&nbsp;\u00bb voire \u00e0 un \u00ab&nbsp;<em>\u00e9veil&nbsp;<\/em>\u00bb. L\u2019avance de LFI en termes de communication num\u00e9rique est souvent soulign\u00e9e. Jonathan Bocquet, adjoint charg\u00e9 de la transition d\u00e9mocratique \u00e0 Villeurbanne, docteur en science politique et membre du PRG, \u00ab&nbsp;<em>reconnais \u00e0 l\u2019Union populaire d\u2019avoir en partie su r\u00e9enchanter le politique<\/em>&nbsp;\u00bb. Cependant, il reste nuanc\u00e9 sur la question&nbsp;d\u2019une nouvelle conscientisation politique gr\u00e2ce \u00e0 la strat\u00e9gie num\u00e9rique de LFI : \u00ab&nbsp;<em>Jean-Luc M\u00e9lenchon a eu une vraie strat\u00e9gie num\u00e9rique qui a permis de toucher les jeunes qui sont peu pr\u00e9sents sur les m\u00e9dias traditionnels<\/em>, <em>mais c\u2019est exag\u00e9r\u00e9 de parler d\u2019\u00e9veil, a fortiori chez les jeunes pr\u00e9caires, qui restent tr\u00e8s peu pr\u00e9sents dans l&rsquo;\u00e9lectorat<\/em>&nbsp;\u00bb. Pour Paul Bacot, \u00ab&nbsp;<em>quelque chose s\u2019est probablement jou\u00e9 \u00e0 ce niveau-l\u00e0&nbsp;\u00bb <\/em>mais il pr\u00e9cise \u00ab&nbsp;<em>qu\u2019il est difficile d\u2019objectiver tout cela imm\u00e9diatement<\/em>&nbsp;\u00bb.<\/p>\n\n\n\n<p class=\"has-black-color has-text-color\">Cette amorce de reconqu\u00eate des milieux populaires annonce-t-elle un renouveau des forces de gauche&nbsp;vers un discours plus militant et un positionnement affirm\u00e9 contre le capitalisme&nbsp;? Les r\u00e9sultats des prochaines \u00e9lections l\u00e9gislatives nous apporteront une premi\u00e8re r\u00e9ponse. Mais avant cela, il faut voir si les forces de gauche plurielle sont capables de se r\u00e9unir sous une seule banni\u00e8re, c&rsquo;est ce que nous traiterons dans notre prochain article.<\/p>\n<!-- AddThis Advanced Settings generic via filter on the_content --><!-- AddThis Share Buttons generic via filter on the_content -->","protected":false},"excerpt":{"rendered":"<p>Alors qu&rsquo;au soir du premier tour de l\u2019\u00e9lection pr\u00e9sidentielle J.L M\u00e9lenchon a remport\u00e9 les suffrages dans nombre de communes de la banlieue lyonnaise, le Lyon &hellip; <!-- AddThis Advanced Settings generic via filter on wp_trim_excerpt --><!-- AddThis Share Buttons generic via filter on wp_trim_excerpt --><\/p>\n","protected":false},"author":31865,"featured_media":28704,"comment_status":"open","ping_status":"open","sticky":true,"template":"","format":"standard","meta":{"_FSMCFIC_featured_image_caption":"","_FSMCFIC_featured_image_nocaption":"","_FSMCFIC_featured_image_hide":"","footnotes":""},"categories":[4,6,27825],"tags":[],"class_list":["post-28694","post","type-post","status-publish","format-standard","has-post-thumbnail","hentry","category-lyon","category-politique","category-presidentielle-2022"],"yoast_head":"<!-- This site is optimized with the Yoast SEO plugin v22.8 - https:\/\/yoast.com\/wordpress\/plugins\/seo\/ -->\n<title>Pr\u00e9sidentielles 2022 : le vote M\u00e9lenchon dans les banlieues lyonnaises, une interpr\u00e9tation plurielle - Lyon Bondy Blog<\/title>\n<meta name=\"description\" content=\"Alors qu&#039;au soir du premier tour de l\u2019\u00e9lection pr\u00e9sidentielle J.L M\u00e9lenchon a remport\u00e9 les suffrages dans nombre de communes de la banlieue lyonnaise, le Lyon Bondy Blog s\u2019est interrog\u00e9 sur les raisons d\u2019une telle dynamique. Des \u00e9lus locaux et un politologue nous ont \u00e9clair\u00e9s sur les ressorts de ce vote, dont la compr\u00e9hension s\u2019av\u00e8re cruciale pour les l\u00e9gislatives.\" \/>\n<meta name=\"robots\" content=\"index, follow, max-snippet:-1, max-image-preview:large, max-video-preview:-1\" \/>\n<link rel=\"canonical\" href=\"https:\/\/lyonbondyblog.fr\/LBB\/presidentielles-2022-le-vote-melenchon-dans-les-banlieues-lyonnaises-une-interpretation-plurielle\/\" \/>\n<meta property=\"og:locale\" content=\"fr_FR\" \/>\n<meta property=\"og:type\" content=\"article\" \/>\n<meta property=\"og:title\" content=\"Pr\u00e9sidentielles 2022 : le vote M\u00e9lenchon dans les banlieues lyonnaises, une interpr\u00e9tation plurielle - Lyon Bondy Blog\" \/>\n<meta property=\"og:description\" content=\"Alors qu&#039;au soir du premier tour de l\u2019\u00e9lection pr\u00e9sidentielle J.L M\u00e9lenchon a remport\u00e9 les suffrages dans nombre de communes de la banlieue lyonnaise, le Lyon Bondy Blog s\u2019est interrog\u00e9 sur les raisons d\u2019une telle dynamique. Des \u00e9lus locaux et un politologue nous ont \u00e9clair\u00e9s sur les ressorts de ce vote, dont la compr\u00e9hension s\u2019av\u00e8re cruciale pour les l\u00e9gislatives.\" \/>\n<meta property=\"og:url\" content=\"https:\/\/lyonbondyblog.fr\/LBB\/presidentielles-2022-le-vote-melenchon-dans-les-banlieues-lyonnaises-une-interpretation-plurielle\/\" \/>\n<meta property=\"og:site_name\" content=\"Lyon Bondy Blog\" \/>\n<meta property=\"article:publisher\" content=\"https:\/\/www.facebook.com\/lyonbondyblog\" \/>\n<meta property=\"article:published_time\" content=\"2022-05-03T21:14:00+00:00\" \/>\n<meta property=\"article:modified_time\" content=\"2022-05-04T12:38:52+00:00\" \/>\n<meta property=\"og:image\" content=\"https:\/\/lyonbondyblog.fr\/LBB\/wp-content\/uploads\/2022\/05\/Pre\u0301sidentielles-2022.jpg\" \/>\n\t<meta property=\"og:image:width\" content=\"1920\" \/>\n\t<meta property=\"og:image:height\" content=\"1080\" \/>\n\t<meta property=\"og:image:type\" content=\"image\/jpeg\" \/>\n<meta name=\"author\" content=\"Aurore Ployer\" \/>\n<meta name=\"twitter:card\" content=\"summary_large_image\" \/>\n<meta name=\"twitter:creator\" content=\"@bondybloglyon\" \/>\n<meta name=\"twitter:site\" content=\"@bondybloglyon\" \/>\n<script type=\"application\/ld+json\" class=\"yoast-schema-graph\">{\"@context\":\"https:\/\/schema.org\",\"@graph\":[{\"@type\":\"Article\",\"@id\":\"https:\/\/lyonbondyblog.fr\/LBB\/presidentielles-2022-le-vote-melenchon-dans-les-banlieues-lyonnaises-une-interpretation-plurielle\/#article\",\"isPartOf\":{\"@id\":\"https:\/\/lyonbondyblog.fr\/LBB\/presidentielles-2022-le-vote-melenchon-dans-les-banlieues-lyonnaises-une-interpretation-plurielle\/\"},\"author\":{\"name\":\"Aurore Ployer\",\"@id\":\"https:\/\/lyonbondyblog.fr\/LBB\/#\/schema\/person\/32a6ca84915e1d2fced1cef188943fb8\"},\"headline\":\"Pr\u00e9sidentielles 2022 : le vote M\u00e9lenchon dans les banlieues lyonnaises, une interpr\u00e9tation plurielle\",\"datePublished\":\"2022-05-03T21:14:00+00:00\",\"dateModified\":\"2022-05-04T12:38:52+00:00\",\"mainEntityOfPage\":{\"@id\":\"https:\/\/lyonbondyblog.fr\/LBB\/presidentielles-2022-le-vote-melenchon-dans-les-banlieues-lyonnaises-une-interpretation-plurielle\/\"},\"wordCount\":2161,\"commentCount\":0,\"publisher\":{\"@id\":\"https:\/\/lyonbondyblog.fr\/LBB\/#organization\"},\"image\":{\"@id\":\"https:\/\/lyonbondyblog.fr\/LBB\/presidentielles-2022-le-vote-melenchon-dans-les-banlieues-lyonnaises-une-interpretation-plurielle\/#primaryimage\"},\"thumbnailUrl\":\"https:\/\/lyonbondyblog.fr\/LBB\/wp-content\/uploads\/2022\/05\/Pre\u0301sidentielles-2022.jpg\",\"articleSection\":[\"Lyon\",\"Politique\",\"Pr\u00e9sidentielle 2022\"],\"inLanguage\":\"fr-FR\",\"potentialAction\":[{\"@type\":\"CommentAction\",\"name\":\"Comment\",\"target\":[\"https:\/\/lyonbondyblog.fr\/LBB\/presidentielles-2022-le-vote-melenchon-dans-les-banlieues-lyonnaises-une-interpretation-plurielle\/#respond\"]}]},{\"@type\":\"WebPage\",\"@id\":\"https:\/\/lyonbondyblog.fr\/LBB\/presidentielles-2022-le-vote-melenchon-dans-les-banlieues-lyonnaises-une-interpretation-plurielle\/\",\"url\":\"https:\/\/lyonbondyblog.fr\/LBB\/presidentielles-2022-le-vote-melenchon-dans-les-banlieues-lyonnaises-une-interpretation-plurielle\/\",\"name\":\"Pr\u00e9sidentielles 2022 : le vote M\u00e9lenchon dans les banlieues lyonnaises, une interpr\u00e9tation plurielle - Lyon Bondy Blog\",\"isPartOf\":{\"@id\":\"https:\/\/lyonbondyblog.fr\/LBB\/#website\"},\"primaryImageOfPage\":{\"@id\":\"https:\/\/lyonbondyblog.fr\/LBB\/presidentielles-2022-le-vote-melenchon-dans-les-banlieues-lyonnaises-une-interpretation-plurielle\/#primaryimage\"},\"image\":{\"@id\":\"https:\/\/lyonbondyblog.fr\/LBB\/presidentielles-2022-le-vote-melenchon-dans-les-banlieues-lyonnaises-une-interpretation-plurielle\/#primaryimage\"},\"thumbnailUrl\":\"https:\/\/lyonbondyblog.fr\/LBB\/wp-content\/uploads\/2022\/05\/Pre\u0301sidentielles-2022.jpg\",\"datePublished\":\"2022-05-03T21:14:00+00:00\",\"dateModified\":\"2022-05-04T12:38:52+00:00\",\"description\":\"Alors qu'au soir du premier tour de l\u2019\u00e9lection pr\u00e9sidentielle J.L M\u00e9lenchon a remport\u00e9 les suffrages dans nombre de communes de la banlieue lyonnaise, le Lyon Bondy Blog s\u2019est interrog\u00e9 sur les raisons d\u2019une telle dynamique. Des \u00e9lus locaux et un politologue nous ont \u00e9clair\u00e9s sur les ressorts de ce vote, dont la compr\u00e9hension s\u2019av\u00e8re cruciale pour les l\u00e9gislatives.\",\"inLanguage\":\"fr-FR\",\"potentialAction\":[{\"@type\":\"ReadAction\",\"target\":[\"https:\/\/lyonbondyblog.fr\/LBB\/presidentielles-2022-le-vote-melenchon-dans-les-banlieues-lyonnaises-une-interpretation-plurielle\/\"]}]},{\"@type\":\"ImageObject\",\"inLanguage\":\"fr-FR\",\"@id\":\"https:\/\/lyonbondyblog.fr\/LBB\/presidentielles-2022-le-vote-melenchon-dans-les-banlieues-lyonnaises-une-interpretation-plurielle\/#primaryimage\",\"url\":\"https:\/\/lyonbondyblog.fr\/LBB\/wp-content\/uploads\/2022\/05\/Pre\u0301sidentielles-2022.jpg\",\"contentUrl\":\"https:\/\/lyonbondyblog.fr\/LBB\/wp-content\/uploads\/2022\/05\/Pre\u0301sidentielles-2022.jpg\",\"width\":1920,\"height\":1080},{\"@type\":\"WebSite\",\"@id\":\"https:\/\/lyonbondyblog.fr\/LBB\/#website\",\"url\":\"https:\/\/lyonbondyblog.fr\/LBB\/\",\"name\":\"Lyon Bondy Blog\",\"description\":\"\",\"publisher\":{\"@id\":\"https:\/\/lyonbondyblog.fr\/LBB\/#organization\"},\"potentialAction\":[{\"@type\":\"SearchAction\",\"target\":{\"@type\":\"EntryPoint\",\"urlTemplate\":\"https:\/\/lyonbondyblog.fr\/LBB\/?s={search_term_string}\"},\"query-input\":\"required name=search_term_string\"}],\"inLanguage\":\"fr-FR\"},{\"@type\":\"Organization\",\"@id\":\"https:\/\/lyonbondyblog.fr\/LBB\/#organization\",\"name\":\"LYON BONDY BLOG\",\"url\":\"https:\/\/lyonbondyblog.fr\/LBB\/\",\"logo\":{\"@type\":\"ImageObject\",\"inLanguage\":\"fr-FR\",\"@id\":\"https:\/\/lyonbondyblog.fr\/LBB\/#\/schema\/logo\/image\/\",\"url\":\"http:\/\/lyonbondyblog.fr\/LBB\/wp-content\/uploads\/2014\/10\/logo-portable-144.png\",\"contentUrl\":\"http:\/\/lyonbondyblog.fr\/LBB\/wp-content\/uploads\/2014\/10\/logo-portable-144.png\",\"width\":144,\"height\":123,\"caption\":\"LYON BONDY BLOG\"},\"image\":{\"@id\":\"https:\/\/lyonbondyblog.fr\/LBB\/#\/schema\/logo\/image\/\"},\"sameAs\":[\"https:\/\/www.facebook.com\/lyonbondyblog\",\"https:\/\/x.com\/bondybloglyon\"]},{\"@type\":\"Person\",\"@id\":\"https:\/\/lyonbondyblog.fr\/LBB\/#\/schema\/person\/32a6ca84915e1d2fced1cef188943fb8\",\"name\":\"Aurore Ployer\",\"url\":\"https:\/\/lyonbondyblog.fr\/LBB\/author\/auroreployer\/\"}]}<\/script>\n<!-- \/ Yoast SEO plugin. -->","yoast_head_json":{"title":"Pr\u00e9sidentielles 2022 : le vote M\u00e9lenchon dans les banlieues lyonnaises, une interpr\u00e9tation plurielle - Lyon Bondy Blog","description":"Alors qu'au soir du premier tour de l\u2019\u00e9lection pr\u00e9sidentielle J.L M\u00e9lenchon a remport\u00e9 les suffrages dans nombre de communes de la banlieue lyonnaise, le Lyon Bondy Blog s\u2019est interrog\u00e9 sur les raisons d\u2019une telle dynamique. Des \u00e9lus locaux et un politologue nous ont \u00e9clair\u00e9s sur les ressorts de ce vote, dont la compr\u00e9hension s\u2019av\u00e8re cruciale pour les l\u00e9gislatives.","robots":{"index":"index","follow":"follow","max-snippet":"max-snippet:-1","max-image-preview":"max-image-preview:large","max-video-preview":"max-video-preview:-1"},"canonical":"https:\/\/lyonbondyblog.fr\/LBB\/presidentielles-2022-le-vote-melenchon-dans-les-banlieues-lyonnaises-une-interpretation-plurielle\/","og_locale":"fr_FR","og_type":"article","og_title":"Pr\u00e9sidentielles 2022 : le vote M\u00e9lenchon dans les banlieues lyonnaises, une interpr\u00e9tation plurielle - Lyon Bondy Blog","og_description":"Alors qu'au soir du premier tour de l\u2019\u00e9lection pr\u00e9sidentielle J.L M\u00e9lenchon a remport\u00e9 les suffrages dans nombre de communes de la banlieue lyonnaise, le Lyon Bondy Blog s\u2019est interrog\u00e9 sur les raisons d\u2019une telle dynamique. Des \u00e9lus locaux et un politologue nous ont \u00e9clair\u00e9s sur les ressorts de ce vote, dont la compr\u00e9hension s\u2019av\u00e8re cruciale pour les l\u00e9gislatives.","og_url":"https:\/\/lyonbondyblog.fr\/LBB\/presidentielles-2022-le-vote-melenchon-dans-les-banlieues-lyonnaises-une-interpretation-plurielle\/","og_site_name":"Lyon Bondy Blog","article_publisher":"https:\/\/www.facebook.com\/lyonbondyblog","article_published_time":"2022-05-03T21:14:00+00:00","article_modified_time":"2022-05-04T12:38:52+00:00","og_image":[{"width":1920,"height":1080,"url":"https:\/\/lyonbondyblog.fr\/LBB\/wp-content\/uploads\/2022\/05\/Pre\u0301sidentielles-2022.jpg","type":"image\/jpeg"}],"author":"Aurore Ployer","twitter_card":"summary_large_image","twitter_creator":"@bondybloglyon","twitter_site":"@bondybloglyon","schema":{"@context":"https:\/\/schema.org","@graph":[{"@type":"Article","@id":"https:\/\/lyonbondyblog.fr\/LBB\/presidentielles-2022-le-vote-melenchon-dans-les-banlieues-lyonnaises-une-interpretation-plurielle\/#article","isPartOf":{"@id":"https:\/\/lyonbondyblog.fr\/LBB\/presidentielles-2022-le-vote-melenchon-dans-les-banlieues-lyonnaises-une-interpretation-plurielle\/"},"author":{"name":"Aurore Ployer","@id":"https:\/\/lyonbondyblog.fr\/LBB\/#\/schema\/person\/32a6ca84915e1d2fced1cef188943fb8"},"headline":"Pr\u00e9sidentielles 2022 : le vote M\u00e9lenchon dans les banlieues lyonnaises, une interpr\u00e9tation plurielle","datePublished":"2022-05-03T21:14:00+00:00","dateModified":"2022-05-04T12:38:52+00:00","mainEntityOfPage":{"@id":"https:\/\/lyonbondyblog.fr\/LBB\/presidentielles-2022-le-vote-melenchon-dans-les-banlieues-lyonnaises-une-interpretation-plurielle\/"},"wordCount":2161,"commentCount":0,"publisher":{"@id":"https:\/\/lyonbondyblog.fr\/LBB\/#organization"},"image":{"@id":"https:\/\/lyonbondyblog.fr\/LBB\/presidentielles-2022-le-vote-melenchon-dans-les-banlieues-lyonnaises-une-interpretation-plurielle\/#primaryimage"},"thumbnailUrl":"https:\/\/lyonbondyblog.fr\/LBB\/wp-content\/uploads\/2022\/05\/Pre\u0301sidentielles-2022.jpg","articleSection":["Lyon","Politique","Pr\u00e9sidentielle 2022"],"inLanguage":"fr-FR","potentialAction":[{"@type":"CommentAction","name":"Comment","target":["https:\/\/lyonbondyblog.fr\/LBB\/presidentielles-2022-le-vote-melenchon-dans-les-banlieues-lyonnaises-une-interpretation-plurielle\/#respond"]}]},{"@type":"WebPage","@id":"https:\/\/lyonbondyblog.fr\/LBB\/presidentielles-2022-le-vote-melenchon-dans-les-banlieues-lyonnaises-une-interpretation-plurielle\/","url":"https:\/\/lyonbondyblog.fr\/LBB\/presidentielles-2022-le-vote-melenchon-dans-les-banlieues-lyonnaises-une-interpretation-plurielle\/","name":"Pr\u00e9sidentielles 2022 : le vote M\u00e9lenchon dans les banlieues lyonnaises, une interpr\u00e9tation plurielle - Lyon Bondy Blog","isPartOf":{"@id":"https:\/\/lyonbondyblog.fr\/LBB\/#website"},"primaryImageOfPage":{"@id":"https:\/\/lyonbondyblog.fr\/LBB\/presidentielles-2022-le-vote-melenchon-dans-les-banlieues-lyonnaises-une-interpretation-plurielle\/#primaryimage"},"image":{"@id":"https:\/\/lyonbondyblog.fr\/LBB\/presidentielles-2022-le-vote-melenchon-dans-les-banlieues-lyonnaises-une-interpretation-plurielle\/#primaryimage"},"thumbnailUrl":"https:\/\/lyonbondyblog.fr\/LBB\/wp-content\/uploads\/2022\/05\/Pre\u0301sidentielles-2022.jpg","datePublished":"2022-05-03T21:14:00+00:00","dateModified":"2022-05-04T12:38:52+00:00","description":"Alors qu'au soir du premier tour de l\u2019\u00e9lection pr\u00e9sidentielle J.L M\u00e9lenchon a remport\u00e9 les suffrages dans nombre de communes de la banlieue lyonnaise, le Lyon Bondy Blog s\u2019est interrog\u00e9 sur les raisons d\u2019une telle dynamique. Des \u00e9lus locaux et un politologue nous ont \u00e9clair\u00e9s sur les ressorts de ce vote, dont la compr\u00e9hension s\u2019av\u00e8re cruciale pour les l\u00e9gislatives.","inLanguage":"fr-FR","potentialAction":[{"@type":"ReadAction","target":["https:\/\/lyonbondyblog.fr\/LBB\/presidentielles-2022-le-vote-melenchon-dans-les-banlieues-lyonnaises-une-interpretation-plurielle\/"]}]},{"@type":"ImageObject","inLanguage":"fr-FR","@id":"https:\/\/lyonbondyblog.fr\/LBB\/presidentielles-2022-le-vote-melenchon-dans-les-banlieues-lyonnaises-une-interpretation-plurielle\/#primaryimage","url":"https:\/\/lyonbondyblog.fr\/LBB\/wp-content\/uploads\/2022\/05\/Pre\u0301sidentielles-2022.jpg","contentUrl":"https:\/\/lyonbondyblog.fr\/LBB\/wp-content\/uploads\/2022\/05\/Pre\u0301sidentielles-2022.jpg","width":1920,"height":1080},{"@type":"WebSite","@id":"https:\/\/lyonbondyblog.fr\/LBB\/#website","url":"https:\/\/lyonbondyblog.fr\/LBB\/","name":"Lyon Bondy Blog","description":"","publisher":{"@id":"https:\/\/lyonbondyblog.fr\/LBB\/#organization"},"potentialAction":[{"@type":"SearchAction","target":{"@type":"EntryPoint","urlTemplate":"https:\/\/lyonbondyblog.fr\/LBB\/?s={search_term_string}"},"query-input":"required name=search_term_string"}],"inLanguage":"fr-FR"},{"@type":"Organization","@id":"https:\/\/lyonbondyblog.fr\/LBB\/#organization","name":"LYON BONDY BLOG","url":"https:\/\/lyonbondyblog.fr\/LBB\/","logo":{"@type":"ImageObject","inLanguage":"fr-FR","@id":"https:\/\/lyonbondyblog.fr\/LBB\/#\/schema\/logo\/image\/","url":"http:\/\/lyonbondyblog.fr\/LBB\/wp-content\/uploads\/2014\/10\/logo-portable-144.png","contentUrl":"http:\/\/lyonbondyblog.fr\/LBB\/wp-content\/uploads\/2014\/10\/logo-portable-144.png","width":144,"height":123,"caption":"LYON BONDY BLOG"},"image":{"@id":"https:\/\/lyonbondyblog.fr\/LBB\/#\/schema\/logo\/image\/"},"sameAs":["https:\/\/www.facebook.com\/lyonbondyblog","https:\/\/x.com\/bondybloglyon"]},{"@type":"Person","@id":"https:\/\/lyonbondyblog.fr\/LBB\/#\/schema\/person\/32a6ca84915e1d2fced1cef188943fb8","name":"Aurore Ployer","url":"https:\/\/lyonbondyblog.fr\/LBB\/author\/auroreployer\/"}]}},"_links":{"self":[{"href":"https:\/\/lyonbondyblog.fr\/LBB\/wp-json\/wp\/v2\/posts\/28694","targetHints":{"allow":["GET"]}}],"collection":[{"href":"https:\/\/lyonbondyblog.fr\/LBB\/wp-json\/wp\/v2\/posts"}],"about":[{"href":"https:\/\/lyonbondyblog.fr\/LBB\/wp-json\/wp\/v2\/types\/post"}],"author":[{"embeddable":true,"href":"https:\/\/lyonbondyblog.fr\/LBB\/wp-json\/wp\/v2\/users\/31865"}],"replies":[{"embeddable":true,"href":"https:\/\/lyonbondyblog.fr\/LBB\/wp-json\/wp\/v2\/comments?post=28694"}],"version-history":[{"count":11,"href":"https:\/\/lyonbondyblog.fr\/LBB\/wp-json\/wp\/v2\/posts\/28694\/revisions"}],"predecessor-version":[{"id":28726,"href":"https:\/\/lyonbondyblog.fr\/LBB\/wp-json\/wp\/v2\/posts\/28694\/revisions\/28726"}],"wp:featuredmedia":[{"embeddable":true,"href":"https:\/\/lyonbondyblog.fr\/LBB\/wp-json\/wp\/v2\/media\/28704"}],"wp:attachment":[{"href":"https:\/\/lyonbondyblog.fr\/LBB\/wp-json\/wp\/v2\/media?parent=28694"}],"wp:term":[{"taxonomy":"category","embeddable":true,"href":"https:\/\/lyonbondyblog.fr\/LBB\/wp-json\/wp\/v2\/categories?post=28694"},{"taxonomy":"post_tag","embeddable":true,"href":"https:\/\/lyonbondyblog.fr\/LBB\/wp-json\/wp\/v2\/tags?post=28694"}],"curies":[{"name":"wp","href":"https:\/\/api.w.org\/{rel}","templated":true}]}}