{"id":28637,"date":"2022-04-28T23:16:33","date_gmt":"2022-04-28T21:16:33","guid":{"rendered":"http:\/\/lyonbondyblog.fr\/LBB\/?p=28637"},"modified":"2022-04-29T11:39:22","modified_gmt":"2022-04-29T09:39:22","slug":"journee-de-commemoration-des-victimes-de-la-shoah-sur-la-place-des-terreaux-a-lyon","status":"publish","type":"post","link":"https:\/\/lyonbondyblog.fr\/LBB\/journee-de-commemoration-des-victimes-de-la-shoah-sur-la-place-des-terreaux-a-lyon\/","title":{"rendered":"Journ\u00e9e de comm\u00e9moration des victimes de la Shoah sur la place des Terreaux \u00e0 Lyon"},"content":{"rendered":"\n<h2 class=\"wp-block-heading\"><strong>Le Cercle de la Pens\u00e9e Juive Lib\u00e9rale s&rsquo;est install\u00e9 sur la place Terreaux pour la journ\u00e9e internationale de comm\u00e9moration de la Shoah, pour rendre hommage aux d\u00e9port\u00e9s \u00e0 travers des expositions et un temps de recueillement.<\/strong><\/h2>\n\n\n\n<p>Ce jeudi 28 avril 2022 a eu lieu la journ\u00e9e internationale de comm\u00e9moration de la Shoah, cr\u00e9\u00e9e par l\u2019\u00c9tat d\u2019Isra\u00ebl dans la seconde moiti\u00e9 du 20<sup>\u00e8me<\/sup> si\u00e8cle. \u00c0 cette occasion, le Cercle de la Pens\u00e9e Juive Lib\u00e9rale (CPJL) ainsi que la Licra ont organis\u00e9 une comm\u00e9moration afin de laisser une trace de la m\u00e9moire juive \u00e0 Lyon, sur la place des Terreaux o\u00f9 sont install\u00e9es trois tentes blanches entour\u00e9es de barri\u00e8res. L\u2019\u00e9v\u00e9nement est d\u2019autant plus symbolique, qu\u2019entre le 27 et le 28 avril, les h\u00e9breux du monde entier se r\u00e9unissent pour c\u00e9l\u00e9brer le <em>Yom Ha Shoah<\/em>, \u00ab&nbsp;m\u00e9moire de la Shoah&nbsp;\u00bb. Cette ann\u00e9e, on comm\u00e9more \u00e9galement le 77<sup>\u00e8me<\/sup> anniversaire de la lib\u00e9ration d\u2019Auschwitz.<\/p>\n\n\n\n<p>\u00c0 l\u2019int\u00e9rieur de ce lieu prot\u00e9g\u00e9 par une forte pr\u00e9sence polici\u00e8re, le temps est au recueillement. Dans une premi\u00e8re tente blanche, sur laquelle le nom de la CPJL est inscrit, se sont succ\u00e9d\u00e9s des familles de r\u00e9fugi\u00e9s d\u2019apr\u00e8s-guerre, des anciens d\u00e9port\u00e9s ou de simples citoyens de confession juive \u00e0 Lyon. Ils sont venus de 9 \u00e0 17 heures prendre le micro afin de citer, nom apr\u00e8s nom, les d\u00e9port\u00e9s de la Shoah qui ont perdu la vie dans les camps de concentration ou de travail forc\u00e9.<\/p>\n\n\n\n<figure class=\"wp-block-gallery columns-2 is-cropped wp-block-gallery-1 is-layout-flex wp-block-gallery-is-layout-flex\"><ul class=\"blocks-gallery-grid\"><li class=\"blocks-gallery-item\"><figure><img loading=\"lazy\" decoding=\"async\" width=\"518\" height=\"691\" src=\"https:\/\/lyonbondyblog.fr\/LBB\/wp-content\/uploads\/2022\/04\/shoah2.png\" alt=\"\" data-id=\"28638\" data-full-url=\"https:\/\/lyonbondyblog.fr\/LBB\/wp-content\/uploads\/2022\/04\/shoah2.png\" data-link=\"https:\/\/lyonbondyblog.fr\/LBB\/?attachment_id=28638\" class=\"wp-image-28638\"\/><\/figure><\/li><li class=\"blocks-gallery-item\"><figure><img loading=\"lazy\" decoding=\"async\" width=\"608\" height=\"456\" src=\"https:\/\/lyonbondyblog.fr\/LBB\/wp-content\/uploads\/2022\/04\/shoah1.png\" alt=\"\" data-id=\"28639\" data-full-url=\"https:\/\/lyonbondyblog.fr\/LBB\/wp-content\/uploads\/2022\/04\/shoah1.png\" data-link=\"https:\/\/lyonbondyblog.fr\/LBB\/?attachment_id=28639\" class=\"wp-image-28639\"\/><\/figure><\/li><\/ul><\/figure>\n\n\n\n<h2 class=\"wp-block-heading\">Un devoir m\u00e9moriel et une communion contre les extr\u00eames<\/h2>\n\n\n\n<p>L\u2019\u00e9quipe de Gr\u00e9gory Doucet et des repr\u00e9sentants de la m\u00e9tropole de Lyon sont venus symboliquement apporter leur soutien \u00e0 cet \u00e9v\u00e9nement annuel 2 heures avant la fin. Cette venue a \u00e9t\u00e9 salu\u00e9e par le Pr\u00e9sident de l\u2019association de la CPJL, et a \u00e9galement r\u00e9sonn\u00e9 dans la prise de parole \u00e9mouvante du po\u00e8te Jean Levy \u00ab\u00a0<em>un soutien fort et p\u00e9renne de la mairie lyonnaise et de Monsieur Doucet<\/em>\u00a0\u00bb. Le maire \u00e9cologiste, positionn\u00e9 d\u00e8s le d\u00e9but de son mandat sur ces questions de devoir de m\u00e9moire, n\u2019a pas manqu\u00e9 de saluer le litt\u00e9raire avant de s\u2019en aller, apr\u00e8s avoir cit\u00e9 le nom d\u2019une quinzaine de d\u00e9port\u00e9s juifs de France, tous morts du nazisme.<\/p>\n\n\n\n<div class=\"wp-block-image\"><figure class=\"aligncenter size-full is-resized\"><img loading=\"lazy\" decoding=\"async\" src=\"https:\/\/lyonbondyblog.fr\/LBB\/wp-content\/uploads\/2022\/04\/shoah-5.png\" alt=\"\" class=\"wp-image-28642\" width=\"709\" height=\"570\" srcset=\"https:\/\/lyonbondyblog.fr\/LBB\/wp-content\/uploads\/2022\/04\/shoah-5.png 945w, https:\/\/lyonbondyblog.fr\/LBB\/wp-content\/uploads\/2022\/04\/shoah-5-768x618.png 768w\" sizes=\"auto, (max-width: 709px) 100vw, 709px\" \/><\/figure><\/div>\n\n\n\n<p> \u00c0 travers cette demi-heure de prise de parole, de recueillement et de pri\u00e8res, il \u00e9tait l\u2019heure de dresser un bilan. De se rappeler du travail de David Ol\u00e8re qui a peint l\u2019int\u00e9rieur des camps de concentration allemands lorsqu\u2019il \u00e9tait d\u00e9port\u00e9, et dont le travail est accroch\u00e9 \u00e0 l\u2019int\u00e9rieur de la tente o\u00f9 se trouvait la comm\u00e9moration. Il \u00e9tait aussi question de la mont\u00e9e de l\u2019antis\u00e9mitisme sous toutes ses formes\u00a0: la mont\u00e9e de l\u2019extr\u00eame droite au second tour de la pr\u00e9sidentielle, la discrimination faite par les \u00e9lus d\u2019extr\u00eame gauche en vue des prochaines l\u00e9gislatives, o\u00f9 la guerre en Europe -et non pas \u00e0 ses portes- que Poutine fait avec barbarie et x\u00e9nophobie pour les peuples opprim\u00e9s en Ukraine. Enfin, il \u00e9tait aussi question de non-acceptation de l\u2019autre dans un discours fort, r\u00e9alis\u00e9 par le responsable de la culture et de la m\u00e9moire juive \u00e0 l\u2019 Union Etudiant des Juifs Fran\u00e7ais \u00e0 Lyon (UEJF) Nathan Larauze\u00a0: \u00ab\u00a0<em>Notre pays conna\u00eet aujourd\u2019hui des temps politiques troubles, dus \u00e0 la remont\u00e9e des extr\u00eames. Ensemble, nous devons lutter contre toute forme d\u2019antis\u00e9mitisme<\/em>\u00a0\u00bb.<\/p>\n\n\n\n<h2 class=\"wp-block-heading\">Une lutte de tous les instants dans un contexte toujours incertain<\/h2>\n\n\n\n<p>Nathan revient apr\u00e8s l\u2019\u00e9v\u00e9nement sur les raisons de ses prises de position un jour aussi symbolique\u00a0: \u00ab<em>\u00a0La notion de transmission est importante. La m\u00e9moire de la Shoah est un p\u00e8lerinage mondial et c\u2019est d\u2019autant plus important de r\u00e9aliser \u00e7a ici, \u00e0 Lyon, capitale de la r\u00e9sistance. En Isra\u00ebl, le pays va s\u2019arr\u00eater 2 minutes plusieurs fois dans la journ\u00e9e et les citoyens vont devoir r\u00e9aliser un moment de silence\u00a0<\/em>\u00bb. Ce silence, a \u00e9galement \u00e9t\u00e9 entendu durant plusieurs secondes avant de pouvoir d\u00e9marrer quelconque intervention dans le cadre de la venue de Gr\u00e9gory Doucet. Puis, un chant des partisans juifs d\u2019apr\u00e8s-guerre est entonn\u00e9 par une chorale de femmes et d\u2019hommes venus \u00e9galement se recueillir. \u00ab\u00a0<em>Si on n\u2019oublie pas, on ne re-commettra jamais les erreurs<\/em>, poursuit Nathan. <em>On s\u2019engage dans de petites actions pour rappeler que ca a exist\u00e9. On a notamment r\u00e9alis\u00e9 200 collages qui sont partis de Lyon jusqu\u2019\u00e0 Meyzieu, en passant par Villeurbanne. Ces 200 collages repr\u00e9sentaient\u00a0 les noms des 200 enfants lyonnais qui ont \u00e9t\u00e9 d\u00e9port\u00e9s. On a choisi de les mettre sur papier et de les exposer \u00e0 tout le monde\u00a0<\/em>\u00bb.<\/p>\n\n\n\n<p>Ce besoin de se battre, il confie en avoir besoin pour un avenir plus serein pour tous\u00a0: \u00ab\u00a0<em>L\u2019Europe et le monde entier ont ce devoir de m\u00e9moire. Il faut se rappeler ce qu\u2019il s\u2019est pass\u00e9, pour les populations juives, mais aussi les tziganes, les homosexuels, les personnes de couleur. Ne jamais oublier, pour que jamais \u00e7a ne se reproduise<\/em>\u00a0\u00bb. Dans un \u00e9v\u00e9nement tr\u00e8s encadr\u00e9 par les forces de l\u2019ordre, Nathan confie avoir besoin \u00e9galement d\u2019\u00e9lever sa voix aujourd\u2019hui pour d\u00e9fendre les militants des mouvements juifs et non-juifs qui se font attaquer durant leurs manifestations.\u00a0\u00ab<em>\u00a0Nous nous sommes d\u00e9j\u00e0 fait agresser durant des collages, <\/em>explique-t-il.<em> On a un vrai besoin de s\u00e9curit\u00e9. \u00c7a s\u2019est pass\u00e9 dans le 7<sup>\u00e8me<\/sup> envers deux personnes que je connais, durant un collage. La communaut\u00e9 juive a encore ce sentiment d\u2019ins\u00e9curit\u00e9, bien que \u00e7a puisse aussi arriver \u00e0 d\u2019autres populations. C\u2019est ce qu\u2019on combat<\/em>\u00a0\u00bb.<\/p>\n\n\n\n<h2 class=\"wp-block-heading\">Une transmission possible gr\u00e2ce \u00e0 la formation<\/h2>\n\n\n\n<p>En plus de la comm\u00e9moration et de la venue de repr\u00e9sentants locaux, les associations pr\u00e9sentes ont \u00e9galement fait un travail de fond historique sur la Shoah. Notamment gr\u00e2ce \u00e0 la mise en place d\u2019ateliers, d\u2019\u00e9changes et d\u2019affiches qui mettent en avant une nouvelle fa\u00e7on de penser la religion. L\u2019objectif est de lib\u00e9rer la parole et d\u2019\u00e9voquer le sujet pour faire une piqure de rappel historique. L\u2019ensemble du travail est \u00e0 retrouver sur internet, sur les site internet de la Licra, ou de l\u2019association de l\u2019UEJF Lyon.<\/p>\n\n\n\n<p class=\"has-text-align-right\">Tristan A.<\/p>\n<!-- AddThis Advanced Settings generic via filter on the_content --><!-- AddThis Share Buttons generic via filter on the_content -->","protected":false},"excerpt":{"rendered":"<p>Le Cercle de la Pens\u00e9e Juive Lib\u00e9rale s&rsquo;est install\u00e9 sur la place Terreaux pour la journ\u00e9e internationale de comm\u00e9moration de la Shoah, pour rendre hommage &hellip; <!-- AddThis Advanced Settings generic via filter on wp_trim_excerpt --><!-- AddThis Share Buttons generic via filter on wp_trim_excerpt --><\/p>\n","protected":false},"author":1,"featured_media":28640,"comment_status":"open","ping_status":"open","sticky":true,"template":"","format":"standard","meta":{"_FSMCFIC_featured_image_caption":"","_FSMCFIC_featured_image_nocaption":"","_FSMCFIC_featured_image_hide":"","footnotes":""},"categories":[18131,27832,9,4],"tags":[465],"class_list":["post-28637","post","type-post","status-publish","format-standard","has-post-thumbnail","hentry","category-evenement","category-hommage","category-international","category-lyon","tag-commemoration"],"yoast_head":"<!-- This site is optimized with the Yoast SEO plugin v22.8 - https:\/\/yoast.com\/wordpress\/plugins\/seo\/ -->\n<title>Journ\u00e9e de comm\u00e9moration des victimes de la Shoah sur la place des Terreaux \u00e0 Lyon - Lyon Bondy Blog<\/title>\n<meta name=\"description\" content=\"Le Cercle de la Pens\u00e9e Juive Lib\u00e9rale s&#039;est install\u00e9 sur la place Terreaux pour la journ\u00e9e internationale de comm\u00e9moration de la Shoah, pour rendre hommage aux d\u00e9port\u00e9s \u00e0 travers des expositions et un temps de recueillement.\" \/>\n<meta name=\"robots\" content=\"index, follow, max-snippet:-1, max-image-preview:large, max-video-preview:-1\" \/>\n<link rel=\"canonical\" href=\"https:\/\/lyonbondyblog.fr\/LBB\/journee-de-commemoration-des-victimes-de-la-shoah-sur-la-place-des-terreaux-a-lyon\/\" \/>\n<meta property=\"og:locale\" content=\"fr_FR\" \/>\n<meta property=\"og:type\" content=\"article\" \/>\n<meta property=\"og:title\" content=\"Journ\u00e9e de comm\u00e9moration des victimes de la Shoah sur la place des Terreaux \u00e0 Lyon - Lyon Bondy Blog\" \/>\n<meta property=\"og:description\" content=\"Le Cercle de la Pens\u00e9e Juive Lib\u00e9rale s&#039;est install\u00e9 sur la place Terreaux pour la journ\u00e9e internationale de comm\u00e9moration de la Shoah, pour rendre hommage aux d\u00e9port\u00e9s \u00e0 travers des expositions et un temps de recueillement.\" \/>\n<meta property=\"og:url\" content=\"https:\/\/lyonbondyblog.fr\/LBB\/journee-de-commemoration-des-victimes-de-la-shoah-sur-la-place-des-terreaux-a-lyon\/\" \/>\n<meta property=\"og:site_name\" content=\"Lyon Bondy Blog\" \/>\n<meta property=\"article:publisher\" content=\"https:\/\/www.facebook.com\/lyonbondyblog\" \/>\n<meta property=\"article:author\" content=\"https:\/\/www.facebook.com\/lyonbondyblog\" \/>\n<meta property=\"article:published_time\" content=\"2022-04-28T21:16:33+00:00\" \/>\n<meta property=\"article:modified_time\" content=\"2022-04-29T09:39:22+00:00\" \/>\n<meta property=\"og:image\" content=\"https:\/\/lyonbondyblog.fr\/LBB\/wp-content\/uploads\/2022\/04\/shoah3.png\" \/>\n\t<meta property=\"og:image:width\" content=\"945\" \/>\n\t<meta property=\"og:image:height\" content=\"710\" \/>\n\t<meta property=\"og:image:type\" content=\"image\/png\" \/>\n<meta name=\"author\" content=\"La r\u00e9daction\" \/>\n<meta name=\"twitter:card\" content=\"summary_large_image\" \/>\n<meta name=\"twitter:creator\" content=\"@BondyBlogLyon\" \/>\n<meta name=\"twitter:site\" content=\"@bondybloglyon\" \/>\n<script type=\"application\/ld+json\" class=\"yoast-schema-graph\">{\"@context\":\"https:\/\/schema.org\",\"@graph\":[{\"@type\":\"Article\",\"@id\":\"https:\/\/lyonbondyblog.fr\/LBB\/journee-de-commemoration-des-victimes-de-la-shoah-sur-la-place-des-terreaux-a-lyon\/#article\",\"isPartOf\":{\"@id\":\"https:\/\/lyonbondyblog.fr\/LBB\/journee-de-commemoration-des-victimes-de-la-shoah-sur-la-place-des-terreaux-a-lyon\/\"},\"author\":{\"name\":\"La r\u00e9daction\",\"@id\":\"https:\/\/lyonbondyblog.fr\/LBB\/#\/schema\/person\/e45f8d27baac75072daa0be50c409b25\"},\"headline\":\"Journ\u00e9e de comm\u00e9moration des victimes de la Shoah sur la place des Terreaux \u00e0 Lyon\",\"datePublished\":\"2022-04-28T21:16:33+00:00\",\"dateModified\":\"2022-04-29T09:39:22+00:00\",\"mainEntityOfPage\":{\"@id\":\"https:\/\/lyonbondyblog.fr\/LBB\/journee-de-commemoration-des-victimes-de-la-shoah-sur-la-place-des-terreaux-a-lyon\/\"},\"wordCount\":1118,\"commentCount\":0,\"publisher\":{\"@id\":\"https:\/\/lyonbondyblog.fr\/LBB\/#organization\"},\"image\":{\"@id\":\"https:\/\/lyonbondyblog.fr\/LBB\/journee-de-commemoration-des-victimes-de-la-shoah-sur-la-place-des-terreaux-a-lyon\/#primaryimage\"},\"thumbnailUrl\":\"https:\/\/lyonbondyblog.fr\/LBB\/wp-content\/uploads\/2022\/04\/shoah3.png\",\"keywords\":[\"comm\u00e9moration\"],\"articleSection\":[\"Ev\u00e9nement\",\"Hommage\",\"International\",\"Lyon\"],\"inLanguage\":\"fr-FR\",\"potentialAction\":[{\"@type\":\"CommentAction\",\"name\":\"Comment\",\"target\":[\"https:\/\/lyonbondyblog.fr\/LBB\/journee-de-commemoration-des-victimes-de-la-shoah-sur-la-place-des-terreaux-a-lyon\/#respond\"]}]},{\"@type\":\"WebPage\",\"@id\":\"https:\/\/lyonbondyblog.fr\/LBB\/journee-de-commemoration-des-victimes-de-la-shoah-sur-la-place-des-terreaux-a-lyon\/\",\"url\":\"https:\/\/lyonbondyblog.fr\/LBB\/journee-de-commemoration-des-victimes-de-la-shoah-sur-la-place-des-terreaux-a-lyon\/\",\"name\":\"Journ\u00e9e de comm\u00e9moration des victimes de la Shoah sur la place des Terreaux \u00e0 Lyon - Lyon Bondy Blog\",\"isPartOf\":{\"@id\":\"https:\/\/lyonbondyblog.fr\/LBB\/#website\"},\"primaryImageOfPage\":{\"@id\":\"https:\/\/lyonbondyblog.fr\/LBB\/journee-de-commemoration-des-victimes-de-la-shoah-sur-la-place-des-terreaux-a-lyon\/#primaryimage\"},\"image\":{\"@id\":\"https:\/\/lyonbondyblog.fr\/LBB\/journee-de-commemoration-des-victimes-de-la-shoah-sur-la-place-des-terreaux-a-lyon\/#primaryimage\"},\"thumbnailUrl\":\"https:\/\/lyonbondyblog.fr\/LBB\/wp-content\/uploads\/2022\/04\/shoah3.png\",\"datePublished\":\"2022-04-28T21:16:33+00:00\",\"dateModified\":\"2022-04-29T09:39:22+00:00\",\"description\":\"Le Cercle de la Pens\u00e9e Juive Lib\u00e9rale s'est install\u00e9 sur la place Terreaux pour la journ\u00e9e internationale de comm\u00e9moration de la Shoah, pour rendre hommage aux d\u00e9port\u00e9s \u00e0 travers des expositions et un temps de recueillement.\",\"inLanguage\":\"fr-FR\",\"potentialAction\":[{\"@type\":\"ReadAction\",\"target\":[\"https:\/\/lyonbondyblog.fr\/LBB\/journee-de-commemoration-des-victimes-de-la-shoah-sur-la-place-des-terreaux-a-lyon\/\"]}]},{\"@type\":\"ImageObject\",\"inLanguage\":\"fr-FR\",\"@id\":\"https:\/\/lyonbondyblog.fr\/LBB\/journee-de-commemoration-des-victimes-de-la-shoah-sur-la-place-des-terreaux-a-lyon\/#primaryimage\",\"url\":\"https:\/\/lyonbondyblog.fr\/LBB\/wp-content\/uploads\/2022\/04\/shoah3.png\",\"contentUrl\":\"https:\/\/lyonbondyblog.fr\/LBB\/wp-content\/uploads\/2022\/04\/shoah3.png\",\"width\":945,\"height\":710},{\"@type\":\"WebSite\",\"@id\":\"https:\/\/lyonbondyblog.fr\/LBB\/#website\",\"url\":\"https:\/\/lyonbondyblog.fr\/LBB\/\",\"name\":\"Lyon Bondy Blog\",\"description\":\"\",\"publisher\":{\"@id\":\"https:\/\/lyonbondyblog.fr\/LBB\/#organization\"},\"potentialAction\":[{\"@type\":\"SearchAction\",\"target\":{\"@type\":\"EntryPoint\",\"urlTemplate\":\"https:\/\/lyonbondyblog.fr\/LBB\/?s={search_term_string}\"},\"query-input\":\"required name=search_term_string\"}],\"inLanguage\":\"fr-FR\"},{\"@type\":\"Organization\",\"@id\":\"https:\/\/lyonbondyblog.fr\/LBB\/#organization\",\"name\":\"LYON BONDY BLOG\",\"url\":\"https:\/\/lyonbondyblog.fr\/LBB\/\",\"logo\":{\"@type\":\"ImageObject\",\"inLanguage\":\"fr-FR\",\"@id\":\"https:\/\/lyonbondyblog.fr\/LBB\/#\/schema\/logo\/image\/\",\"url\":\"http:\/\/lyonbondyblog.fr\/LBB\/wp-content\/uploads\/2014\/10\/logo-portable-144.png\",\"contentUrl\":\"http:\/\/lyonbondyblog.fr\/LBB\/wp-content\/uploads\/2014\/10\/logo-portable-144.png\",\"width\":144,\"height\":123,\"caption\":\"LYON BONDY BLOG\"},\"image\":{\"@id\":\"https:\/\/lyonbondyblog.fr\/LBB\/#\/schema\/logo\/image\/\"},\"sameAs\":[\"https:\/\/www.facebook.com\/lyonbondyblog\",\"https:\/\/x.com\/bondybloglyon\"]},{\"@type\":\"Person\",\"@id\":\"https:\/\/lyonbondyblog.fr\/LBB\/#\/schema\/person\/e45f8d27baac75072daa0be50c409b25\",\"name\":\"La r\u00e9daction\",\"description\":\"Cr\u00e9e en 2008, la r\u00e9daction du Lyon Bondy Blog s'applique \u00e0 proposer une information locale diff\u00e9rente et compl\u00e9mentaire des m\u00e9dias traditionnels.\",\"sameAs\":[\"https:\/\/www.facebook.com\/lyonbondyblog\",\"https:\/\/x.com\/BondyBlogLyon\"],\"url\":\"https:\/\/lyonbondyblog.fr\/LBB\/author\/admin\/\"}]}<\/script>\n<!-- \/ Yoast SEO plugin. -->","yoast_head_json":{"title":"Journ\u00e9e de comm\u00e9moration des victimes de la Shoah sur la place des Terreaux \u00e0 Lyon - Lyon Bondy Blog","description":"Le Cercle de la Pens\u00e9e Juive Lib\u00e9rale s'est install\u00e9 sur la place Terreaux pour la journ\u00e9e internationale de comm\u00e9moration de la Shoah, pour rendre hommage aux d\u00e9port\u00e9s \u00e0 travers des expositions et un temps de recueillement.","robots":{"index":"index","follow":"follow","max-snippet":"max-snippet:-1","max-image-preview":"max-image-preview:large","max-video-preview":"max-video-preview:-1"},"canonical":"https:\/\/lyonbondyblog.fr\/LBB\/journee-de-commemoration-des-victimes-de-la-shoah-sur-la-place-des-terreaux-a-lyon\/","og_locale":"fr_FR","og_type":"article","og_title":"Journ\u00e9e de comm\u00e9moration des victimes de la Shoah sur la place des Terreaux \u00e0 Lyon - Lyon Bondy Blog","og_description":"Le Cercle de la Pens\u00e9e Juive Lib\u00e9rale s'est install\u00e9 sur la place Terreaux pour la journ\u00e9e internationale de comm\u00e9moration de la Shoah, pour rendre hommage aux d\u00e9port\u00e9s \u00e0 travers des expositions et un temps de recueillement.","og_url":"https:\/\/lyonbondyblog.fr\/LBB\/journee-de-commemoration-des-victimes-de-la-shoah-sur-la-place-des-terreaux-a-lyon\/","og_site_name":"Lyon Bondy Blog","article_publisher":"https:\/\/www.facebook.com\/lyonbondyblog","article_author":"https:\/\/www.facebook.com\/lyonbondyblog","article_published_time":"2022-04-28T21:16:33+00:00","article_modified_time":"2022-04-29T09:39:22+00:00","og_image":[{"width":945,"height":710,"url":"https:\/\/lyonbondyblog.fr\/LBB\/wp-content\/uploads\/2022\/04\/shoah3.png","type":"image\/png"}],"author":"La r\u00e9daction","twitter_card":"summary_large_image","twitter_creator":"@BondyBlogLyon","twitter_site":"@bondybloglyon","schema":{"@context":"https:\/\/schema.org","@graph":[{"@type":"Article","@id":"https:\/\/lyonbondyblog.fr\/LBB\/journee-de-commemoration-des-victimes-de-la-shoah-sur-la-place-des-terreaux-a-lyon\/#article","isPartOf":{"@id":"https:\/\/lyonbondyblog.fr\/LBB\/journee-de-commemoration-des-victimes-de-la-shoah-sur-la-place-des-terreaux-a-lyon\/"},"author":{"name":"La r\u00e9daction","@id":"https:\/\/lyonbondyblog.fr\/LBB\/#\/schema\/person\/e45f8d27baac75072daa0be50c409b25"},"headline":"Journ\u00e9e de comm\u00e9moration des victimes de la Shoah sur la place des Terreaux \u00e0 Lyon","datePublished":"2022-04-28T21:16:33+00:00","dateModified":"2022-04-29T09:39:22+00:00","mainEntityOfPage":{"@id":"https:\/\/lyonbondyblog.fr\/LBB\/journee-de-commemoration-des-victimes-de-la-shoah-sur-la-place-des-terreaux-a-lyon\/"},"wordCount":1118,"commentCount":0,"publisher":{"@id":"https:\/\/lyonbondyblog.fr\/LBB\/#organization"},"image":{"@id":"https:\/\/lyonbondyblog.fr\/LBB\/journee-de-commemoration-des-victimes-de-la-shoah-sur-la-place-des-terreaux-a-lyon\/#primaryimage"},"thumbnailUrl":"https:\/\/lyonbondyblog.fr\/LBB\/wp-content\/uploads\/2022\/04\/shoah3.png","keywords":["comm\u00e9moration"],"articleSection":["Ev\u00e9nement","Hommage","International","Lyon"],"inLanguage":"fr-FR","potentialAction":[{"@type":"CommentAction","name":"Comment","target":["https:\/\/lyonbondyblog.fr\/LBB\/journee-de-commemoration-des-victimes-de-la-shoah-sur-la-place-des-terreaux-a-lyon\/#respond"]}]},{"@type":"WebPage","@id":"https:\/\/lyonbondyblog.fr\/LBB\/journee-de-commemoration-des-victimes-de-la-shoah-sur-la-place-des-terreaux-a-lyon\/","url":"https:\/\/lyonbondyblog.fr\/LBB\/journee-de-commemoration-des-victimes-de-la-shoah-sur-la-place-des-terreaux-a-lyon\/","name":"Journ\u00e9e de comm\u00e9moration des victimes de la Shoah sur la place des Terreaux \u00e0 Lyon - Lyon Bondy Blog","isPartOf":{"@id":"https:\/\/lyonbondyblog.fr\/LBB\/#website"},"primaryImageOfPage":{"@id":"https:\/\/lyonbondyblog.fr\/LBB\/journee-de-commemoration-des-victimes-de-la-shoah-sur-la-place-des-terreaux-a-lyon\/#primaryimage"},"image":{"@id":"https:\/\/lyonbondyblog.fr\/LBB\/journee-de-commemoration-des-victimes-de-la-shoah-sur-la-place-des-terreaux-a-lyon\/#primaryimage"},"thumbnailUrl":"https:\/\/lyonbondyblog.fr\/LBB\/wp-content\/uploads\/2022\/04\/shoah3.png","datePublished":"2022-04-28T21:16:33+00:00","dateModified":"2022-04-29T09:39:22+00:00","description":"Le Cercle de la Pens\u00e9e Juive Lib\u00e9rale s'est install\u00e9 sur la place Terreaux pour la journ\u00e9e internationale de comm\u00e9moration de la Shoah, pour rendre hommage aux d\u00e9port\u00e9s \u00e0 travers des expositions et un temps de recueillement.","inLanguage":"fr-FR","potentialAction":[{"@type":"ReadAction","target":["https:\/\/lyonbondyblog.fr\/LBB\/journee-de-commemoration-des-victimes-de-la-shoah-sur-la-place-des-terreaux-a-lyon\/"]}]},{"@type":"ImageObject","inLanguage":"fr-FR","@id":"https:\/\/lyonbondyblog.fr\/LBB\/journee-de-commemoration-des-victimes-de-la-shoah-sur-la-place-des-terreaux-a-lyon\/#primaryimage","url":"https:\/\/lyonbondyblog.fr\/LBB\/wp-content\/uploads\/2022\/04\/shoah3.png","contentUrl":"https:\/\/lyonbondyblog.fr\/LBB\/wp-content\/uploads\/2022\/04\/shoah3.png","width":945,"height":710},{"@type":"WebSite","@id":"https:\/\/lyonbondyblog.fr\/LBB\/#website","url":"https:\/\/lyonbondyblog.fr\/LBB\/","name":"Lyon Bondy Blog","description":"","publisher":{"@id":"https:\/\/lyonbondyblog.fr\/LBB\/#organization"},"potentialAction":[{"@type":"SearchAction","target":{"@type":"EntryPoint","urlTemplate":"https:\/\/lyonbondyblog.fr\/LBB\/?s={search_term_string}"},"query-input":"required name=search_term_string"}],"inLanguage":"fr-FR"},{"@type":"Organization","@id":"https:\/\/lyonbondyblog.fr\/LBB\/#organization","name":"LYON BONDY BLOG","url":"https:\/\/lyonbondyblog.fr\/LBB\/","logo":{"@type":"ImageObject","inLanguage":"fr-FR","@id":"https:\/\/lyonbondyblog.fr\/LBB\/#\/schema\/logo\/image\/","url":"http:\/\/lyonbondyblog.fr\/LBB\/wp-content\/uploads\/2014\/10\/logo-portable-144.png","contentUrl":"http:\/\/lyonbondyblog.fr\/LBB\/wp-content\/uploads\/2014\/10\/logo-portable-144.png","width":144,"height":123,"caption":"LYON BONDY BLOG"},"image":{"@id":"https:\/\/lyonbondyblog.fr\/LBB\/#\/schema\/logo\/image\/"},"sameAs":["https:\/\/www.facebook.com\/lyonbondyblog","https:\/\/x.com\/bondybloglyon"]},{"@type":"Person","@id":"https:\/\/lyonbondyblog.fr\/LBB\/#\/schema\/person\/e45f8d27baac75072daa0be50c409b25","name":"La r\u00e9daction","description":"Cr\u00e9e en 2008, la r\u00e9daction du Lyon Bondy Blog s'applique \u00e0 proposer une information locale diff\u00e9rente et compl\u00e9mentaire des m\u00e9dias traditionnels.","sameAs":["https:\/\/www.facebook.com\/lyonbondyblog","https:\/\/x.com\/BondyBlogLyon"],"url":"https:\/\/lyonbondyblog.fr\/LBB\/author\/admin\/"}]}},"_links":{"self":[{"href":"https:\/\/lyonbondyblog.fr\/LBB\/wp-json\/wp\/v2\/posts\/28637","targetHints":{"allow":["GET"]}}],"collection":[{"href":"https:\/\/lyonbondyblog.fr\/LBB\/wp-json\/wp\/v2\/posts"}],"about":[{"href":"https:\/\/lyonbondyblog.fr\/LBB\/wp-json\/wp\/v2\/types\/post"}],"author":[{"embeddable":true,"href":"https:\/\/lyonbondyblog.fr\/LBB\/wp-json\/wp\/v2\/users\/1"}],"replies":[{"embeddable":true,"href":"https:\/\/lyonbondyblog.fr\/LBB\/wp-json\/wp\/v2\/comments?post=28637"}],"version-history":[{"count":31,"href":"https:\/\/lyonbondyblog.fr\/LBB\/wp-json\/wp\/v2\/posts\/28637\/revisions"}],"predecessor-version":[{"id":28678,"href":"https:\/\/lyonbondyblog.fr\/LBB\/wp-json\/wp\/v2\/posts\/28637\/revisions\/28678"}],"wp:featuredmedia":[{"embeddable":true,"href":"https:\/\/lyonbondyblog.fr\/LBB\/wp-json\/wp\/v2\/media\/28640"}],"wp:attachment":[{"href":"https:\/\/lyonbondyblog.fr\/LBB\/wp-json\/wp\/v2\/media?parent=28637"}],"wp:term":[{"taxonomy":"category","embeddable":true,"href":"https:\/\/lyonbondyblog.fr\/LBB\/wp-json\/wp\/v2\/categories?post=28637"},{"taxonomy":"post_tag","embeddable":true,"href":"https:\/\/lyonbondyblog.fr\/LBB\/wp-json\/wp\/v2\/tags?post=28637"}],"curies":[{"name":"wp","href":"https:\/\/api.w.org\/{rel}","templated":true}]}}