{"id":28407,"date":"2022-04-14T20:19:59","date_gmt":"2022-04-14T18:19:59","guid":{"rendered":"http:\/\/lyonbondyblog.fr\/LBB\/?p=28407"},"modified":"2022-04-19T11:39:30","modified_gmt":"2022-04-19T09:39:30","slug":"casting-the-voice-kids-ils-ont-trouve-leur-voix","status":"publish","type":"post","link":"https:\/\/lyonbondyblog.fr\/LBB\/casting-the-voice-kids-ils-ont-trouve-leur-voix\/","title":{"rendered":"Casting The Voice Kids : ils ont trouv\u00e9 leur voix"},"content":{"rendered":"\n<h2 class=\"wp-block-heading\">La foire de Lyon a accueilli cinq jeunes chanteurs le dimanche 27 mars \u00e0 Chassieu. L\u2019objectif&nbsp;: \u00eatre s\u00e9lectionn\u00e9 pour l\u2019\u00e9mission t\u00e9l\u00e9vis\u00e9e The Voice Kids.<\/h2>\n\n\n\n<p>Une parenth\u00e8se musicale dans le brouhaha de la foire de Lyon. Les chaises rouges plac\u00e9es devant la sc\u00e8ne d\u2019une dizaine de m\u00e8tres carr\u00e9 se remplissent. Le public patiente dans le grand hall du parc Eurexpo \u00e0 Chassieu ce dimanche 27 mars. Le casting pour l\u2019\u00e9mission t\u00e9l\u00e9visuelle The Voice Kids et The Voice va commencer. \u00c0 droite de l\u2019estrade, habill\u00e9e d\u2019une robe color\u00e9e et coiff\u00e9e d\u2019un bandeau, L\u00e9a est la premi\u00e8re arriv\u00e9e. Accompagn\u00e9e de sa m\u00e8re, elle est la plus jeune candidate. Du haut de ses 11 ans, elle fait des exercices de respiration pour se calmer&nbsp;: \u00ab&nbsp;<em>Je suis stress\u00e9e, j\u2019ai mal au ventre.<\/em>&nbsp;\u00bb Elle rel\u00e2che son corps et fait des vocalises avec sa m\u00e8re&nbsp;: sa partenaire et \u00ab <em>son mod\u00e8le<\/em>. \u00bb Le duo chante ensemble depuis quatre ans. Mais aujourd\u2019hui, L\u00e9a se produira seule sur sc\u00e8ne. Une exp\u00e9rience qu\u2019elle a d\u00e9j\u00e0 v\u00e9cue au concours de chant Voice Only Kids organis\u00e9 par l\u2019association les Nouvelles stars de demain, o\u00f9 elle avait fini finaliste. Elle a \u00e9galement d\u00e9croch\u00e9 la troisi\u00e8me place lors de la Voix des gones, un concours de Radio Scoop.<\/p>\n\n\n\n<p>L\u2019\u00e9v\u00e8nement est \u00e9galement organis\u00e9 par cette radio \u00e0 l\u2019initiative de l\u2019\u00e9quipe de casting The Voice. Loin d\u2019\u00eatre une premi\u00e8re, leur partenariat remonte \u00e0 2018. La mascotte Scoopy, un ours rouge et jaune, va vers Tess pour la d\u00e9stresser. La jeune fille timide de 14 ans ouvre le bal avec Runnin\u2019 de Naughty Boy, Beyonc\u00e9 et Arrow Benjamin. Chemise blanche \u00e0 moiti\u00e9 rentr\u00e9e dans le pantalon, elle se produit sur sc\u00e8ne pour la premi\u00e8re fois.&nbsp;<\/p>\n\n\n\n<h2 class=\"wp-block-heading\">Pas d\u2019esprit de comp\u00e9tition<\/h2>\n\n\n\n<p>Apr\u00e8s trois minutes de performance, elle descend de la sc\u00e8ne, l\u2019\u00e9motion retombe. Elle rit nerveusement : \u00ab&nbsp;<em>Je ne pense pas que je vais \u00eatre prise parce qu\u2019il y a des gens qui chantent tr\u00e8s bien. Cette ann\u00e9e, c\u2019est dur. Mais peut-\u00eatre que je retenterai l\u2019ann\u00e9e prochaine avec plus d\u2019exp\u00e9rience.<\/em>&nbsp;\u00bb Tess n\u2019a jamais pris de cours de chant, mais elle s\u2019entra\u00eene depuis toute petite avec pour mod\u00e8le Ariana Grande. La jeune chanteuse regarde l\u2019\u00e9mission The Voice r\u00e9guli\u00e8rement, \u00ab&nbsp;<em>\u00e7a fait un moment que je voulais y participer mais je ne savais pas si j\u2019avais le talent pour. Aujourd\u2019hui, il n\u2019y a pas vraiment d\u2019esprit de comp\u00e9tition, mais je pense que sur l\u2019\u00e9mission, il y en a.<\/em>&nbsp;\u00bb&nbsp;<\/p>\n\n\n\n<p>Pour participer \u00e0 The Voice Kids, diff\u00e9rentes phases de s\u00e9lection sont mises en place. L\u2019\u00e9tape d\u2019aujourd\u2019hui est la seconde. Apr\u00e8s avoir pass\u00e9 un appel \u00e0 candidature sur les ondes et sur leur site internet pendant un mois, Radio Scoop a envoy\u00e9 les vid\u00e9os et courts portraits des candidats \u00e0 l\u2019\u00e9quipe du casting de l\u2019\u00e9mission. Une pr\u00e9s\u00e9lection des candidats a \u00e9t\u00e9 r\u00e9alis\u00e9e. Leur participation a \u00e9t\u00e9 confirm\u00e9e jeudi dernier. Dimanche matin, une r\u00e9p\u00e9tition g\u00e9n\u00e9rale a eu lieu. Certains participants \u00e9chappent \u00e0 cette s\u00e9lection lorsqu\u2019ils sont recommand\u00e9s par Bruno Berberes, le casteur officiel de l\u2019\u00e9mission. Il \u00e9tait dans le public pour choisir les chanteurs et chanteuses dimanche apr\u00e8s-midi. Ce qui est recherch\u00e9 chez les candidats ? \u00ab <em>Une voix et une originalit\u00e9, une personne qui met son c\u0153ur, son \u00e2me, \u00e0 qui la chanson lui appartient <\/em>\u00bb, d\u2019apr\u00e8s Anthony Gandr\u00e9, responsable promotion pour Radio Scoop. \u00ab <em>Le physique n\u2019est pas pris en compte. <\/em>\u00bb&nbsp;&nbsp;<\/p>\n\n\n\n<div class=\"wp-block-image\"><figure class=\"aligncenter size-full is-resized\"><img loading=\"lazy\" decoding=\"async\" src=\"https:\/\/lyonbondyblog.fr\/LBB\/wp-content\/uploads\/2022\/04\/thevoicekidsimage2.png\" alt=\"\" class=\"wp-image-28409\" width=\"443\" height=\"591\"\/><figcaption>Tiago interpr\u00eate Bohemian Rapsody lors de son passage pour le casting The Voice Kids. \u00a9Margaux Courbon<\/figcaption><\/figure><\/div>\n\n\n\n<h2 class=\"wp-block-heading\">\u00ab&nbsp;Je suis en connexion avec le public.&nbsp;\u00bb<\/h2>\n\n\n\n<p>Cheveux brun et cr\u00e9pus, en jean baskets, Tiago s\u2019assoit devant le public et son piano. Les accords de Bohemian Rhapsody retentissent dans le hall lumineux vitr\u00e9. Une voix douce et puissante sort de son corps mince. Les passants s\u2019arr\u00eatent. Les t\u00eates se tournent. Les spectateurs sont captiv\u00e9s par le jeune prodige. Maintes fois f\u00e9licit\u00e9, Tiago se confie : \u00ab&nbsp;<em>Sur sc\u00e8ne, j\u2019aime bien chanter parce que je suis en connexion avec le public. J\u2019aime partager<\/em>.&nbsp;\u00bbPremi\u00e8re fois qu\u2019il chante sous les projecteurs, il a 14 ans. S\u2019il est pr\u00e9sent aujourd\u2019hui, c\u2019est un peu par hasard&nbsp;:\u00ab&nbsp;<em>C\u2019est ma professeure de chant qui m\u2019a propos\u00e9 de faire le casting.&nbsp;<\/em>\u00bb Depuis un an, il apprend \u00e0 poser sa voix. Ses mod\u00e8les&nbsp;? Nina Simone pour le jazz et Juliette Armanet pour la chanson fran\u00e7aise. Il a d\u00e9j\u00e0 eu l\u2019occasion de se produire sur sc\u00e8ne pour jouer du piano ou faire du th\u00e9\u00e2tre. Son p\u00e8re ajoute apr\u00e8s l\u2019interview : \u00ab <em>Je ne sais pas s\u2019il vous l\u2019a dit, mais il a un r\u00f4le dans la derni\u00e8re com\u00e9die de J\u00e9r\u00f4me Commandeur,<\/em> <em>Irr\u00e9ductible<\/em>. \u00bb Tiago reste humble et garde la t\u00eate froide : \u00ab&nbsp;<em>Je ne sais pas du tout si je vais \u00eatre pris.&nbsp;Si je ne le suis pas, je ne sais pas si je retenterai. Je fais \u00e7a pour l\u2019exp\u00e9rience<\/em>.&nbsp;\u00bb Il rappelle que \u00ab&nbsp;<em>ce n\u2019est qu\u2019une \u00e9tape de la s\u00e9lection pour The Voice Kids<\/em>.&nbsp;\u00bb Il ne regarde pas particuli\u00e8rement l\u2019\u00e9mission, contrairement \u00e0 L\u00e9a&nbsp;qui ne manque aucun rendez-vous du samedi soir.&nbsp;<\/p>\n\n\n\n<p>Le stress est retomb\u00e9 apr\u00e8s le passage de la jeune fille \u00e0 la voix puissante&nbsp;: \u00ab&nbsp;<em>Je ne sais pas si je serai prise, mais je ne pense pas. J\u2019aurais pu faire mieux.<\/em>&nbsp;\u00bb \u00ab&nbsp;<em>On est toujours d\u00e9\u00e7u de sa prestation<\/em> \u00bb, ajoute sa m\u00e8re. Mais L\u00e9a ne se d\u00e9courage pas. Si elle n\u2019est pas prise cette fois-ci, elle retentera. \u00ab&nbsp;<em>Pour moi, le chant, c\u2019est une passion. Je chante tout le temps.<\/em>&nbsp;\u00bb Les candidats obtiendront une r\u00e9ponse dans un d\u00e9lai de quatre semaines. Rendez-vous en septembre sur TF1 pour d\u00e9couvrir qui participera \u00e0 The Voice Kids.&nbsp;<\/p>\n\n\n\n<p>Margaux Courbon<\/p>\n<!-- AddThis Advanced Settings generic via filter on the_content --><!-- AddThis Share Buttons generic via filter on the_content -->","protected":false},"excerpt":{"rendered":"<p>La foire de Lyon a accueilli cinq jeunes chanteurs le dimanche 27 mars \u00e0 Chassieu. L\u2019objectif&nbsp;: \u00eatre s\u00e9lectionn\u00e9 pour l\u2019\u00e9mission t\u00e9l\u00e9vis\u00e9e The Voice Kids. Une &hellip; <!-- AddThis Advanced Settings generic via filter on wp_trim_excerpt --><!-- AddThis Share Buttons generic via filter on wp_trim_excerpt --><\/p>\n","protected":false},"author":1,"featured_media":28408,"comment_status":"open","ping_status":"open","sticky":true,"template":"","format":"standard","meta":{"_FSMCFIC_featured_image_caption":"","_FSMCFIC_featured_image_nocaption":"","_FSMCFIC_featured_image_hide":"","footnotes":""},"categories":[11249,18131,6440],"tags":[1016,27826],"class_list":["post-28407","post","type-post","status-publish","format-standard","has-post-thumbnail","hentry","category-art","category-evenement","category-musique","tag-art","tag-the-voice"],"yoast_head":"<!-- This site is optimized with the Yoast SEO plugin v22.8 - https:\/\/yoast.com\/wordpress\/plugins\/seo\/ -->\n<title>Casting The Voice Kids : ils ont trouv\u00e9 leur voix - Lyon Bondy Blog<\/title>\n<meta name=\"description\" content=\"La foire de Lyon a accueilli cinq jeunes chanteurs le dimanche 27 mars \u00e0 Chassieu. L\u2019objectif\u00a0: \u00eatre s\u00e9lectionn\u00e9 pour l\u2019\u00e9mission t\u00e9l\u00e9vis\u00e9e The Voice Kids.\" \/>\n<meta name=\"robots\" content=\"index, follow, max-snippet:-1, max-image-preview:large, max-video-preview:-1\" \/>\n<link rel=\"canonical\" href=\"https:\/\/lyonbondyblog.fr\/LBB\/casting-the-voice-kids-ils-ont-trouve-leur-voix\/\" \/>\n<meta property=\"og:locale\" content=\"fr_FR\" \/>\n<meta property=\"og:type\" content=\"article\" \/>\n<meta property=\"og:title\" content=\"Casting The Voice Kids : ils ont trouv\u00e9 leur voix - Lyon Bondy Blog\" \/>\n<meta property=\"og:description\" content=\"La foire de Lyon a accueilli cinq jeunes chanteurs le dimanche 27 mars \u00e0 Chassieu. L\u2019objectif\u00a0: \u00eatre s\u00e9lectionn\u00e9 pour l\u2019\u00e9mission t\u00e9l\u00e9vis\u00e9e The Voice Kids.\" \/>\n<meta property=\"og:url\" content=\"https:\/\/lyonbondyblog.fr\/LBB\/casting-the-voice-kids-ils-ont-trouve-leur-voix\/\" \/>\n<meta property=\"og:site_name\" content=\"Lyon Bondy Blog\" \/>\n<meta property=\"article:publisher\" content=\"https:\/\/www.facebook.com\/lyonbondyblog\" \/>\n<meta property=\"article:author\" content=\"https:\/\/www.facebook.com\/lyonbondyblog\" \/>\n<meta property=\"article:published_time\" content=\"2022-04-14T18:19:59+00:00\" \/>\n<meta property=\"article:modified_time\" content=\"2022-04-19T09:39:30+00:00\" \/>\n<meta property=\"og:image\" content=\"https:\/\/lyonbondyblog.fr\/LBB\/wp-content\/uploads\/2022\/04\/image1thevoicekids.png\" \/>\n\t<meta property=\"og:image:width\" content=\"641\" \/>\n\t<meta property=\"og:image:height\" content=\"856\" \/>\n\t<meta property=\"og:image:type\" content=\"image\/png\" \/>\n<meta name=\"author\" content=\"La r\u00e9daction\" \/>\n<meta name=\"twitter:card\" content=\"summary_large_image\" \/>\n<meta name=\"twitter:creator\" content=\"@BondyBlogLyon\" \/>\n<meta name=\"twitter:site\" content=\"@bondybloglyon\" \/>\n<script type=\"application\/ld+json\" class=\"yoast-schema-graph\">{\"@context\":\"https:\/\/schema.org\",\"@graph\":[{\"@type\":\"Article\",\"@id\":\"https:\/\/lyonbondyblog.fr\/LBB\/casting-the-voice-kids-ils-ont-trouve-leur-voix\/#article\",\"isPartOf\":{\"@id\":\"https:\/\/lyonbondyblog.fr\/LBB\/casting-the-voice-kids-ils-ont-trouve-leur-voix\/\"},\"author\":{\"name\":\"La r\u00e9daction\",\"@id\":\"https:\/\/lyonbondyblog.fr\/LBB\/#\/schema\/person\/e45f8d27baac75072daa0be50c409b25\"},\"headline\":\"Casting The Voice Kids : ils ont trouv\u00e9 leur voix\",\"datePublished\":\"2022-04-14T18:19:59+00:00\",\"dateModified\":\"2022-04-19T09:39:30+00:00\",\"mainEntityOfPage\":{\"@id\":\"https:\/\/lyonbondyblog.fr\/LBB\/casting-the-voice-kids-ils-ont-trouve-leur-voix\/\"},\"wordCount\":1081,\"commentCount\":0,\"publisher\":{\"@id\":\"https:\/\/lyonbondyblog.fr\/LBB\/#organization\"},\"image\":{\"@id\":\"https:\/\/lyonbondyblog.fr\/LBB\/casting-the-voice-kids-ils-ont-trouve-leur-voix\/#primaryimage\"},\"thumbnailUrl\":\"https:\/\/lyonbondyblog.fr\/LBB\/wp-content\/uploads\/2022\/04\/image1thevoicekids.png\",\"keywords\":[\"Art\",\"The Voice\"],\"articleSection\":[\"Art\",\"Ev\u00e9nement\",\"Musique\"],\"inLanguage\":\"fr-FR\",\"potentialAction\":[{\"@type\":\"CommentAction\",\"name\":\"Comment\",\"target\":[\"https:\/\/lyonbondyblog.fr\/LBB\/casting-the-voice-kids-ils-ont-trouve-leur-voix\/#respond\"]}]},{\"@type\":\"WebPage\",\"@id\":\"https:\/\/lyonbondyblog.fr\/LBB\/casting-the-voice-kids-ils-ont-trouve-leur-voix\/\",\"url\":\"https:\/\/lyonbondyblog.fr\/LBB\/casting-the-voice-kids-ils-ont-trouve-leur-voix\/\",\"name\":\"Casting The Voice Kids : ils ont trouv\u00e9 leur voix - Lyon Bondy Blog\",\"isPartOf\":{\"@id\":\"https:\/\/lyonbondyblog.fr\/LBB\/#website\"},\"primaryImageOfPage\":{\"@id\":\"https:\/\/lyonbondyblog.fr\/LBB\/casting-the-voice-kids-ils-ont-trouve-leur-voix\/#primaryimage\"},\"image\":{\"@id\":\"https:\/\/lyonbondyblog.fr\/LBB\/casting-the-voice-kids-ils-ont-trouve-leur-voix\/#primaryimage\"},\"thumbnailUrl\":\"https:\/\/lyonbondyblog.fr\/LBB\/wp-content\/uploads\/2022\/04\/image1thevoicekids.png\",\"datePublished\":\"2022-04-14T18:19:59+00:00\",\"dateModified\":\"2022-04-19T09:39:30+00:00\",\"description\":\"La foire de Lyon a accueilli cinq jeunes chanteurs le dimanche 27 mars \u00e0 Chassieu. L\u2019objectif\u00a0: \u00eatre s\u00e9lectionn\u00e9 pour l\u2019\u00e9mission t\u00e9l\u00e9vis\u00e9e The Voice Kids.\",\"inLanguage\":\"fr-FR\",\"potentialAction\":[{\"@type\":\"ReadAction\",\"target\":[\"https:\/\/lyonbondyblog.fr\/LBB\/casting-the-voice-kids-ils-ont-trouve-leur-voix\/\"]}]},{\"@type\":\"ImageObject\",\"inLanguage\":\"fr-FR\",\"@id\":\"https:\/\/lyonbondyblog.fr\/LBB\/casting-the-voice-kids-ils-ont-trouve-leur-voix\/#primaryimage\",\"url\":\"https:\/\/lyonbondyblog.fr\/LBB\/wp-content\/uploads\/2022\/04\/image1thevoicekids.png\",\"contentUrl\":\"https:\/\/lyonbondyblog.fr\/LBB\/wp-content\/uploads\/2022\/04\/image1thevoicekids.png\",\"width\":641,\"height\":856},{\"@type\":\"WebSite\",\"@id\":\"https:\/\/lyonbondyblog.fr\/LBB\/#website\",\"url\":\"https:\/\/lyonbondyblog.fr\/LBB\/\",\"name\":\"Lyon Bondy Blog\",\"description\":\"\",\"publisher\":{\"@id\":\"https:\/\/lyonbondyblog.fr\/LBB\/#organization\"},\"potentialAction\":[{\"@type\":\"SearchAction\",\"target\":{\"@type\":\"EntryPoint\",\"urlTemplate\":\"https:\/\/lyonbondyblog.fr\/LBB\/?s={search_term_string}\"},\"query-input\":\"required name=search_term_string\"}],\"inLanguage\":\"fr-FR\"},{\"@type\":\"Organization\",\"@id\":\"https:\/\/lyonbondyblog.fr\/LBB\/#organization\",\"name\":\"LYON BONDY BLOG\",\"url\":\"https:\/\/lyonbondyblog.fr\/LBB\/\",\"logo\":{\"@type\":\"ImageObject\",\"inLanguage\":\"fr-FR\",\"@id\":\"https:\/\/lyonbondyblog.fr\/LBB\/#\/schema\/logo\/image\/\",\"url\":\"http:\/\/lyonbondyblog.fr\/LBB\/wp-content\/uploads\/2014\/10\/logo-portable-144.png\",\"contentUrl\":\"http:\/\/lyonbondyblog.fr\/LBB\/wp-content\/uploads\/2014\/10\/logo-portable-144.png\",\"width\":144,\"height\":123,\"caption\":\"LYON BONDY BLOG\"},\"image\":{\"@id\":\"https:\/\/lyonbondyblog.fr\/LBB\/#\/schema\/logo\/image\/\"},\"sameAs\":[\"https:\/\/www.facebook.com\/lyonbondyblog\",\"https:\/\/x.com\/bondybloglyon\"]},{\"@type\":\"Person\",\"@id\":\"https:\/\/lyonbondyblog.fr\/LBB\/#\/schema\/person\/e45f8d27baac75072daa0be50c409b25\",\"name\":\"La r\u00e9daction\",\"description\":\"Cr\u00e9e en 2008, la r\u00e9daction du Lyon Bondy Blog s'applique \u00e0 proposer une information locale diff\u00e9rente et compl\u00e9mentaire des m\u00e9dias traditionnels.\",\"sameAs\":[\"https:\/\/www.facebook.com\/lyonbondyblog\",\"https:\/\/x.com\/BondyBlogLyon\"],\"url\":\"https:\/\/lyonbondyblog.fr\/LBB\/author\/admin\/\"}]}<\/script>\n<!-- \/ Yoast SEO plugin. -->","yoast_head_json":{"title":"Casting The Voice Kids : ils ont trouv\u00e9 leur voix - Lyon Bondy Blog","description":"La foire de Lyon a accueilli cinq jeunes chanteurs le dimanche 27 mars \u00e0 Chassieu. L\u2019objectif\u00a0: \u00eatre s\u00e9lectionn\u00e9 pour l\u2019\u00e9mission t\u00e9l\u00e9vis\u00e9e The Voice Kids.","robots":{"index":"index","follow":"follow","max-snippet":"max-snippet:-1","max-image-preview":"max-image-preview:large","max-video-preview":"max-video-preview:-1"},"canonical":"https:\/\/lyonbondyblog.fr\/LBB\/casting-the-voice-kids-ils-ont-trouve-leur-voix\/","og_locale":"fr_FR","og_type":"article","og_title":"Casting The Voice Kids : ils ont trouv\u00e9 leur voix - Lyon Bondy Blog","og_description":"La foire de Lyon a accueilli cinq jeunes chanteurs le dimanche 27 mars \u00e0 Chassieu. L\u2019objectif\u00a0: \u00eatre s\u00e9lectionn\u00e9 pour l\u2019\u00e9mission t\u00e9l\u00e9vis\u00e9e The Voice Kids.","og_url":"https:\/\/lyonbondyblog.fr\/LBB\/casting-the-voice-kids-ils-ont-trouve-leur-voix\/","og_site_name":"Lyon Bondy Blog","article_publisher":"https:\/\/www.facebook.com\/lyonbondyblog","article_author":"https:\/\/www.facebook.com\/lyonbondyblog","article_published_time":"2022-04-14T18:19:59+00:00","article_modified_time":"2022-04-19T09:39:30+00:00","og_image":[{"width":641,"height":856,"url":"https:\/\/lyonbondyblog.fr\/LBB\/wp-content\/uploads\/2022\/04\/image1thevoicekids.png","type":"image\/png"}],"author":"La r\u00e9daction","twitter_card":"summary_large_image","twitter_creator":"@BondyBlogLyon","twitter_site":"@bondybloglyon","schema":{"@context":"https:\/\/schema.org","@graph":[{"@type":"Article","@id":"https:\/\/lyonbondyblog.fr\/LBB\/casting-the-voice-kids-ils-ont-trouve-leur-voix\/#article","isPartOf":{"@id":"https:\/\/lyonbondyblog.fr\/LBB\/casting-the-voice-kids-ils-ont-trouve-leur-voix\/"},"author":{"name":"La r\u00e9daction","@id":"https:\/\/lyonbondyblog.fr\/LBB\/#\/schema\/person\/e45f8d27baac75072daa0be50c409b25"},"headline":"Casting The Voice Kids : ils ont trouv\u00e9 leur voix","datePublished":"2022-04-14T18:19:59+00:00","dateModified":"2022-04-19T09:39:30+00:00","mainEntityOfPage":{"@id":"https:\/\/lyonbondyblog.fr\/LBB\/casting-the-voice-kids-ils-ont-trouve-leur-voix\/"},"wordCount":1081,"commentCount":0,"publisher":{"@id":"https:\/\/lyonbondyblog.fr\/LBB\/#organization"},"image":{"@id":"https:\/\/lyonbondyblog.fr\/LBB\/casting-the-voice-kids-ils-ont-trouve-leur-voix\/#primaryimage"},"thumbnailUrl":"https:\/\/lyonbondyblog.fr\/LBB\/wp-content\/uploads\/2022\/04\/image1thevoicekids.png","keywords":["Art","The Voice"],"articleSection":["Art","Ev\u00e9nement","Musique"],"inLanguage":"fr-FR","potentialAction":[{"@type":"CommentAction","name":"Comment","target":["https:\/\/lyonbondyblog.fr\/LBB\/casting-the-voice-kids-ils-ont-trouve-leur-voix\/#respond"]}]},{"@type":"WebPage","@id":"https:\/\/lyonbondyblog.fr\/LBB\/casting-the-voice-kids-ils-ont-trouve-leur-voix\/","url":"https:\/\/lyonbondyblog.fr\/LBB\/casting-the-voice-kids-ils-ont-trouve-leur-voix\/","name":"Casting The Voice Kids : ils ont trouv\u00e9 leur voix - Lyon Bondy Blog","isPartOf":{"@id":"https:\/\/lyonbondyblog.fr\/LBB\/#website"},"primaryImageOfPage":{"@id":"https:\/\/lyonbondyblog.fr\/LBB\/casting-the-voice-kids-ils-ont-trouve-leur-voix\/#primaryimage"},"image":{"@id":"https:\/\/lyonbondyblog.fr\/LBB\/casting-the-voice-kids-ils-ont-trouve-leur-voix\/#primaryimage"},"thumbnailUrl":"https:\/\/lyonbondyblog.fr\/LBB\/wp-content\/uploads\/2022\/04\/image1thevoicekids.png","datePublished":"2022-04-14T18:19:59+00:00","dateModified":"2022-04-19T09:39:30+00:00","description":"La foire de Lyon a accueilli cinq jeunes chanteurs le dimanche 27 mars \u00e0 Chassieu. L\u2019objectif\u00a0: \u00eatre s\u00e9lectionn\u00e9 pour l\u2019\u00e9mission t\u00e9l\u00e9vis\u00e9e The Voice Kids.","inLanguage":"fr-FR","potentialAction":[{"@type":"ReadAction","target":["https:\/\/lyonbondyblog.fr\/LBB\/casting-the-voice-kids-ils-ont-trouve-leur-voix\/"]}]},{"@type":"ImageObject","inLanguage":"fr-FR","@id":"https:\/\/lyonbondyblog.fr\/LBB\/casting-the-voice-kids-ils-ont-trouve-leur-voix\/#primaryimage","url":"https:\/\/lyonbondyblog.fr\/LBB\/wp-content\/uploads\/2022\/04\/image1thevoicekids.png","contentUrl":"https:\/\/lyonbondyblog.fr\/LBB\/wp-content\/uploads\/2022\/04\/image1thevoicekids.png","width":641,"height":856},{"@type":"WebSite","@id":"https:\/\/lyonbondyblog.fr\/LBB\/#website","url":"https:\/\/lyonbondyblog.fr\/LBB\/","name":"Lyon Bondy Blog","description":"","publisher":{"@id":"https:\/\/lyonbondyblog.fr\/LBB\/#organization"},"potentialAction":[{"@type":"SearchAction","target":{"@type":"EntryPoint","urlTemplate":"https:\/\/lyonbondyblog.fr\/LBB\/?s={search_term_string}"},"query-input":"required name=search_term_string"}],"inLanguage":"fr-FR"},{"@type":"Organization","@id":"https:\/\/lyonbondyblog.fr\/LBB\/#organization","name":"LYON BONDY BLOG","url":"https:\/\/lyonbondyblog.fr\/LBB\/","logo":{"@type":"ImageObject","inLanguage":"fr-FR","@id":"https:\/\/lyonbondyblog.fr\/LBB\/#\/schema\/logo\/image\/","url":"http:\/\/lyonbondyblog.fr\/LBB\/wp-content\/uploads\/2014\/10\/logo-portable-144.png","contentUrl":"http:\/\/lyonbondyblog.fr\/LBB\/wp-content\/uploads\/2014\/10\/logo-portable-144.png","width":144,"height":123,"caption":"LYON BONDY BLOG"},"image":{"@id":"https:\/\/lyonbondyblog.fr\/LBB\/#\/schema\/logo\/image\/"},"sameAs":["https:\/\/www.facebook.com\/lyonbondyblog","https:\/\/x.com\/bondybloglyon"]},{"@type":"Person","@id":"https:\/\/lyonbondyblog.fr\/LBB\/#\/schema\/person\/e45f8d27baac75072daa0be50c409b25","name":"La r\u00e9daction","description":"Cr\u00e9e en 2008, la r\u00e9daction du Lyon Bondy Blog s'applique \u00e0 proposer une information locale diff\u00e9rente et compl\u00e9mentaire des m\u00e9dias traditionnels.","sameAs":["https:\/\/www.facebook.com\/lyonbondyblog","https:\/\/x.com\/BondyBlogLyon"],"url":"https:\/\/lyonbondyblog.fr\/LBB\/author\/admin\/"}]}},"_links":{"self":[{"href":"https:\/\/lyonbondyblog.fr\/LBB\/wp-json\/wp\/v2\/posts\/28407","targetHints":{"allow":["GET"]}}],"collection":[{"href":"https:\/\/lyonbondyblog.fr\/LBB\/wp-json\/wp\/v2\/posts"}],"about":[{"href":"https:\/\/lyonbondyblog.fr\/LBB\/wp-json\/wp\/v2\/types\/post"}],"author":[{"embeddable":true,"href":"https:\/\/lyonbondyblog.fr\/LBB\/wp-json\/wp\/v2\/users\/1"}],"replies":[{"embeddable":true,"href":"https:\/\/lyonbondyblog.fr\/LBB\/wp-json\/wp\/v2\/comments?post=28407"}],"version-history":[{"count":3,"href":"https:\/\/lyonbondyblog.fr\/LBB\/wp-json\/wp\/v2\/posts\/28407\/revisions"}],"predecessor-version":[{"id":28426,"href":"https:\/\/lyonbondyblog.fr\/LBB\/wp-json\/wp\/v2\/posts\/28407\/revisions\/28426"}],"wp:featuredmedia":[{"embeddable":true,"href":"https:\/\/lyonbondyblog.fr\/LBB\/wp-json\/wp\/v2\/media\/28408"}],"wp:attachment":[{"href":"https:\/\/lyonbondyblog.fr\/LBB\/wp-json\/wp\/v2\/media?parent=28407"}],"wp:term":[{"taxonomy":"category","embeddable":true,"href":"https:\/\/lyonbondyblog.fr\/LBB\/wp-json\/wp\/v2\/categories?post=28407"},{"taxonomy":"post_tag","embeddable":true,"href":"https:\/\/lyonbondyblog.fr\/LBB\/wp-json\/wp\/v2\/tags?post=28407"}],"curies":[{"name":"wp","href":"https:\/\/api.w.org\/{rel}","templated":true}]}}