{"id":283,"date":"2013-04-15T17:22:29","date_gmt":"2013-04-15T15:22:29","guid":{"rendered":"http:\/\/lyonbondyblog.fr\/LBB\/?p=283"},"modified":"2013-07-18T14:02:36","modified_gmt":"2013-07-18T12:02:36","slug":"le-theatre-dans-les-etablissements-penitentiaires-pour-mineurs","status":"publish","type":"post","link":"https:\/\/lyonbondyblog.fr\/LBB\/le-theatre-dans-les-etablissements-penitentiaires-pour-mineurs\/","title":{"rendered":"Le th\u00e9\u00e2tre dans les \u00e9tablissements p\u00e9nitentiaires pour mineurs"},"content":{"rendered":"<p>&nbsp;<\/p>\n<p><a style=\"font-style: normal;\" href=\"https:\/\/lyonbondyblog.fr\/LBB\/wp-content\/uploads\/2013\/07\/lien-theatre-prison-final.jpg\"><img loading=\"lazy\" decoding=\"async\" width=\"300\" height=\"180\" class=\"alignleft size-medium wp-image-287\" style=\"border-color: #bbbbbb; background-color: #eeeeee;\" alt=\"lien theatre prison final\" src=\"https:\/\/lyonbondyblog.fr\/LBB\/wp-content\/uploads\/2013\/07\/lien-theatre-prison-final-300x180.jpg\" srcset=\"https:\/\/lyonbondyblog.fr\/LBB\/wp-content\/uploads\/2013\/07\/lien-theatre-prison-final-300x180.jpg 300w, https:\/\/lyonbondyblog.fr\/LBB\/wp-content\/uploads\/2013\/07\/lien-theatre-prison-final.jpg 400w\" sizes=\"auto, (max-width: 300px) 100vw, 300px\" \/><\/a><\/p>\n<p>Les EPM, \u00e9tablissements p\u00e9nitentiaires pour mineurs, existent depuis 2007. Ils ont \u00e9t\u00e9 con\u00e7us pour permettre l&rsquo;\u00e9ducation des jeunes pendant leur peine et emp\u00eacher la r\u00e9cidive. A l\u2019EPM du Rh\u00f4ne, \u00e0 Meyzieu, les jeunes pratiquent de nombreuses activit\u00e9s obligatoires, dont le th\u00e9\u00e2tre, en partenariat avec l&rsquo;association de th\u00e9\u00e2tre citoyen le Lien Th\u00e9\u00e2tre.<\/p>\n<p>Introduire le th\u00e9\u00e2tre en prison, et en l&rsquo;occurrence dans les EPM, n&rsquo;est pas chose \u00e9vidente. La bonne volont\u00e9 et le professionnalisme ne suffisent pas. Il faut savoir aussi transmettre l&rsquo;envie de s&rsquo;impliquer.\u00a0 De nombreuses associations ont auparavant tent\u00e9, en vain, d&rsquo;int\u00e9resser ces jeunes au th\u00e9\u00e2tre. Mais leurs m\u00e9thodes semblaient inefficaces. En cela, la d\u00e9marche du th\u00e9\u00e2tre citoyen s&rsquo;est d\u00e9marqu\u00e9e. Elle a su trouver l&rsquo;approche ad\u00e9quate pour capter l&rsquo;attention et susciter la curiosit\u00e9 de ces jeunes.<\/p>\n<p><strong>\u00ab A ma grande surprise, avec nous \u00e7a a march\u00e9 ! \u00bb<\/strong><\/p>\n<p>En effet quoi de plus \u00e9vident que donner de soi lorsqu&rsquo;on souhaite recevoir ? C&rsquo;est ainsi que travaille l&rsquo;\u00e9quipe du lien th\u00e9\u00e2tre avec les jeunes incarc\u00e9r\u00e9s.\u00a0<em>\u00ab A 9h du matin, lorsqu&rsquo;on arrive, c&rsquo;est nous qui jouons une sc\u00e8ne. Les jeunes nous remercient d&rsquo;avoir donn\u00e9 des \u00e9motions et du coup, ils sont plus amen\u00e9s \u00e0 donner en retour \u00bb<\/em>, explique Anne-Pascale Paris, la directrice artistique de l&rsquo;association.<br \/>\nDe cette premi\u00e8re sc\u00e8ne na\u00eet le d\u00e9bat. Les spectateurs, s\u2019ils le souhaitent, parlent alors de leur ressenti, commentent la sc\u00e8ne, \u00e9voquent l&rsquo;histoire, r\u00e9interpr\u00e8tent un personnage \u00e0 leur fa\u00e7on.\u00a0<em>\u00ab On ne force personne et g\u00e9n\u00e9ralement ils viennent jouer d&rsquo;eux-m\u00eames \u00bb<\/em>. Ceux qui souhaitent ensuite s&rsquo;engager et s&rsquo;impliquer un peu plus se regroupent : Un groupe de volontaires est cr\u00e9\u00e9.\u00a0<em>\u00ab Gar\u00e7ons et filles appartenant \u00e0 diff\u00e9rents groupes sont amen\u00e9s \u00e0 se rencontrer. Ce qui n&rsquo;est bien s\u00fbr pas facile mais d&rsquo;autant plus int\u00e9ressant. \u00bb<\/em><\/p>\n<p><strong>Un franc succ\u00e8s quand la m\u00e9thode est bonne<\/strong><\/p>\n<p>Il leur est alors donn\u00e9 un travail sur un th\u00e8me donn\u00e9 comme \u00ab les mythes \u00bb en 2011.\u00a0<em>\u00ab On leur propose une situation que l&rsquo;on retrouve dans certains mythes puis ils improvisent. Ils restituent des pans entiers de ceux-ci sans m\u00eame le conna\u00eetre. \u00bb<\/em>\u00a0Une fois la pi\u00e8ce improvis\u00e9e, un auteur est charg\u00e9 de la fixer sur le papier. Il leur fournit des lectures de certains mythes, bibliques, par exemple.\u00a0<em>\u00ab Et \u00e7a les int\u00e9resse beaucoup. Ils acceptent ensuite plus facilement de lire alors que g\u00e9n\u00e9ralement ils ont peur ou honte de mal lire. \u00bb<\/em>\u00a0Le but n\u2019est pas de les confronter directement au th\u00e8me pr\u00e9d\u00e9fini, mais de leur montrer qu\u2019ils ont des connaissances personnelles, et de les int\u00e9resser \u00e0 un sujet qui peut para\u00eetre trop \u00ab scolaire \u00bb.<br \/>\nEn somme, la p\u00e9dagogie tourne autour de l&rsquo;\u00e9coute, de l&rsquo;acceptation de la parole de l&rsquo;autre et du jeu des \u00e9motions. Il y a un gros travail sur les \u00e9motions,\u00a0<em>\u00ab ils sont passionn\u00e9s par les \u00e9motions \u00bb.<\/em><\/p>\n<p><strong>\u00ab Le th\u00e9\u00e2tre fait du bien \u00e0 l&rsquo;\u00e2me \u00bb<\/strong><\/p>\n<p>Quand on demande \u00e0 Anne-Pascale Paris en quoi le th\u00e9\u00e2tre est utile et qu&rsquo;est-ce qu&rsquo;il peut apporter \u00e0 des jeunes qui souffrent, elle r\u00e9pond que\u00a0<em>\u00ab le th\u00e9\u00e2tre peut les amener \u00e0 am\u00e9liorer leur confiance en eux et en leur expression. Il leur permet ensuite de se poser des questions sur des th\u00e8mes de soci\u00e9t\u00e9 qui les concernent. Il les aide \u00e0 prendre conscience des codes culturels et des usages du langage. Il les sensibilise aussi au respect d&rsquo;eux-m\u00eames, des autres, aux pratiques de la citoyennet\u00e9 et de l&rsquo;inter culturalit\u00e9 \u00bb.\u00a0<\/em><\/p>\n<p>A son avis le th\u00e9\u00e2tre devrait \u00eatre obligatoire \u00e0 l&rsquo;\u00e9cole. Le th\u00e9\u00e2tre comme elle le dit :\u00a0<em>\u00ab fait du bien \u00e0 l&rsquo;\u00e2me \u00bb<\/em>. Il permet d&rsquo;\u00e9prouver des \u00e9motions sur sc\u00e8ne, d&rsquo;\u00e9tudier comment elles se produisent, pour apprendre \u00e0 les ma\u00eetriser dans la vie r\u00e9elle. Il allie d\u00e9couverte et r\u00e9flexion, action et compr\u00e9hension, travail et divertissement.<\/p>\n<p>Et pour preuve qu&rsquo;il am\u00e9liore les conditions des jeunes en d\u00e9tention, cela fait maintenant trois ans, depuis 2009, que l&rsquo;association Le Lien Th\u00e9\u00e2tre intervient dans l&rsquo;EPM du Rh\u00f4ne, \u00e0 Meyzieu. En 2012, l\u2019association n\u2019a pas pu se rendre pr\u00e8s des jeunes, car l&rsquo;\u00e9tablissement manquait de subventions. Cependant, l\u2019ann\u00e9e suivante, le Lien Th\u00e9\u00e2tre a \u00e9t\u00e9 l&rsquo;un des premiers intervenants \u00e0 \u00eatre rappel\u00e9. M\u00eame si les adolescents ne l&rsquo;expriment pas directement,\u00a0<em>\u00ab il n&rsquo;y a aucun doute qu&rsquo;ils en retirent quelque chose \u00bb<\/em>. Anne-Pascale Paris rajoute avec un radieux sourire :\u00a0<em>\u00ab deux de ces jeunes \u00e9taient tellement impliqu\u00e9s dans la pi\u00e8ce qu&rsquo;on a jou\u00e9 en prison en 2011, L&rsquo;homme arm\u00e9, qu&rsquo;on a r\u00e9ussi \u00e0 obtenir une autorisation exceptionnelle de sortie culturelle pour qu&rsquo;ils viennent jouer le spectacle \u00e0 l&rsquo;ext\u00e9rieur pendant deux soirs. Vous ne vous imaginez pas le bonheur que \u00e7a a \u00e9t\u00e9 pour nous et pour eux ! \u00bb<\/em><\/p>\n<!-- AddThis Advanced Settings generic via filter on the_content --><!-- AddThis Share Buttons generic via filter on the_content -->","protected":false},"excerpt":{"rendered":"<p>&nbsp; Les EPM, \u00e9tablissements p\u00e9nitentiaires pour mineurs, existent depuis 2007. Ils ont \u00e9t\u00e9 con\u00e7us pour permettre l&rsquo;\u00e9ducation des jeunes pendant leur peine et emp\u00eacher la &hellip; <!-- AddThis Advanced Settings generic via filter on wp_trim_excerpt --><!-- AddThis Share Buttons generic via filter on wp_trim_excerpt --><\/p>\n","protected":false},"author":17,"featured_media":287,"comment_status":"open","ping_status":"open","sticky":false,"template":"","format":"standard","meta":{"_FSMCFIC_featured_image_caption":"","_FSMCFIC_featured_image_nocaption":"","_FSMCFIC_featured_image_hide":"","footnotes":""},"categories":[64,2],"tags":[70,75,74,69,76],"class_list":["post-283","post","type-post","status-publish","format-standard","has-post-thumbnail","hentry","category-prisons","category-societe","tag-detention","tag-epm","tag-maison-darret","tag-prison","tag-theatre"],"yoast_head":"<!-- This site is optimized with the Yoast SEO plugin v22.8 - https:\/\/yoast.com\/wordpress\/plugins\/seo\/ -->\n<title>Le th\u00e9\u00e2tre dans les \u00e9tablissements p\u00e9nitentiaires pour mineurs - Lyon Bondy Blog<\/title>\n<meta name=\"robots\" content=\"index, follow, max-snippet:-1, max-image-preview:large, max-video-preview:-1\" \/>\n<link rel=\"canonical\" href=\"https:\/\/lyonbondyblog.fr\/LBB\/le-theatre-dans-les-etablissements-penitentiaires-pour-mineurs\/\" \/>\n<meta property=\"og:locale\" content=\"fr_FR\" \/>\n<meta property=\"og:type\" content=\"article\" \/>\n<meta property=\"og:title\" content=\"Le th\u00e9\u00e2tre dans les \u00e9tablissements p\u00e9nitentiaires pour mineurs - Lyon Bondy Blog\" \/>\n<meta property=\"og:description\" content=\"&nbsp; Les EPM, \u00e9tablissements p\u00e9nitentiaires pour mineurs, existent depuis 2007. Ils ont \u00e9t\u00e9 con\u00e7us pour permettre l&rsquo;\u00e9ducation des jeunes pendant leur peine et emp\u00eacher la &hellip;\" \/>\n<meta property=\"og:url\" content=\"https:\/\/lyonbondyblog.fr\/LBB\/le-theatre-dans-les-etablissements-penitentiaires-pour-mineurs\/\" \/>\n<meta property=\"og:site_name\" content=\"Lyon Bondy Blog\" \/>\n<meta property=\"article:publisher\" content=\"https:\/\/www.facebook.com\/lyonbondyblog\" \/>\n<meta property=\"article:published_time\" content=\"2013-04-15T15:22:29+00:00\" \/>\n<meta property=\"article:modified_time\" content=\"2013-07-18T12:02:36+00:00\" \/>\n<meta property=\"og:image\" content=\"https:\/\/lyonbondyblog.fr\/LBB\/wp-content\/uploads\/2013\/07\/lien-theatre-prison-final.jpg\" \/>\n\t<meta property=\"og:image:width\" content=\"400\" \/>\n\t<meta property=\"og:image:height\" content=\"240\" \/>\n\t<meta property=\"og:image:type\" content=\"image\/jpeg\" \/>\n<meta name=\"author\" content=\"Elsa Laniesse\" \/>\n<meta name=\"twitter:card\" content=\"summary_large_image\" \/>\n<meta name=\"twitter:creator\" content=\"@bondybloglyon\" \/>\n<meta name=\"twitter:site\" content=\"@bondybloglyon\" \/>\n<script type=\"application\/ld+json\" class=\"yoast-schema-graph\">{\"@context\":\"https:\/\/schema.org\",\"@graph\":[{\"@type\":\"Article\",\"@id\":\"https:\/\/lyonbondyblog.fr\/LBB\/le-theatre-dans-les-etablissements-penitentiaires-pour-mineurs\/#article\",\"isPartOf\":{\"@id\":\"https:\/\/lyonbondyblog.fr\/LBB\/le-theatre-dans-les-etablissements-penitentiaires-pour-mineurs\/\"},\"author\":{\"name\":\"Elsa Laniesse\",\"@id\":\"https:\/\/lyonbondyblog.fr\/LBB\/#\/schema\/person\/fa54602a4231b430ed6b9892a791c5ac\"},\"headline\":\"Le th\u00e9\u00e2tre dans les \u00e9tablissements p\u00e9nitentiaires pour mineurs\",\"datePublished\":\"2013-04-15T15:22:29+00:00\",\"dateModified\":\"2013-07-18T12:02:36+00:00\",\"mainEntityOfPage\":{\"@id\":\"https:\/\/lyonbondyblog.fr\/LBB\/le-theatre-dans-les-etablissements-penitentiaires-pour-mineurs\/\"},\"wordCount\":823,\"commentCount\":0,\"publisher\":{\"@id\":\"https:\/\/lyonbondyblog.fr\/LBB\/#organization\"},\"image\":{\"@id\":\"https:\/\/lyonbondyblog.fr\/LBB\/le-theatre-dans-les-etablissements-penitentiaires-pour-mineurs\/#primaryimage\"},\"thumbnailUrl\":\"https:\/\/lyonbondyblog.fr\/LBB\/wp-content\/uploads\/2013\/07\/lien-theatre-prison-final.jpg\",\"keywords\":[\"detention\",\"epm\",\"maison d'arr\u00eat\",\"prison\",\"theatre\"],\"articleSection\":[\"Prisons\",\"Soci\u00e9t\u00e9\"],\"inLanguage\":\"fr-FR\",\"potentialAction\":[{\"@type\":\"CommentAction\",\"name\":\"Comment\",\"target\":[\"https:\/\/lyonbondyblog.fr\/LBB\/le-theatre-dans-les-etablissements-penitentiaires-pour-mineurs\/#respond\"]}]},{\"@type\":\"WebPage\",\"@id\":\"https:\/\/lyonbondyblog.fr\/LBB\/le-theatre-dans-les-etablissements-penitentiaires-pour-mineurs\/\",\"url\":\"https:\/\/lyonbondyblog.fr\/LBB\/le-theatre-dans-les-etablissements-penitentiaires-pour-mineurs\/\",\"name\":\"Le th\u00e9\u00e2tre dans les \u00e9tablissements p\u00e9nitentiaires pour mineurs - Lyon Bondy Blog\",\"isPartOf\":{\"@id\":\"https:\/\/lyonbondyblog.fr\/LBB\/#website\"},\"primaryImageOfPage\":{\"@id\":\"https:\/\/lyonbondyblog.fr\/LBB\/le-theatre-dans-les-etablissements-penitentiaires-pour-mineurs\/#primaryimage\"},\"image\":{\"@id\":\"https:\/\/lyonbondyblog.fr\/LBB\/le-theatre-dans-les-etablissements-penitentiaires-pour-mineurs\/#primaryimage\"},\"thumbnailUrl\":\"https:\/\/lyonbondyblog.fr\/LBB\/wp-content\/uploads\/2013\/07\/lien-theatre-prison-final.jpg\",\"datePublished\":\"2013-04-15T15:22:29+00:00\",\"dateModified\":\"2013-07-18T12:02:36+00:00\",\"inLanguage\":\"fr-FR\",\"potentialAction\":[{\"@type\":\"ReadAction\",\"target\":[\"https:\/\/lyonbondyblog.fr\/LBB\/le-theatre-dans-les-etablissements-penitentiaires-pour-mineurs\/\"]}]},{\"@type\":\"ImageObject\",\"inLanguage\":\"fr-FR\",\"@id\":\"https:\/\/lyonbondyblog.fr\/LBB\/le-theatre-dans-les-etablissements-penitentiaires-pour-mineurs\/#primaryimage\",\"url\":\"https:\/\/lyonbondyblog.fr\/LBB\/wp-content\/uploads\/2013\/07\/lien-theatre-prison-final.jpg\",\"contentUrl\":\"https:\/\/lyonbondyblog.fr\/LBB\/wp-content\/uploads\/2013\/07\/lien-theatre-prison-final.jpg\",\"width\":400,\"height\":240},{\"@type\":\"WebSite\",\"@id\":\"https:\/\/lyonbondyblog.fr\/LBB\/#website\",\"url\":\"https:\/\/lyonbondyblog.fr\/LBB\/\",\"name\":\"Lyon Bondy Blog\",\"description\":\"\",\"publisher\":{\"@id\":\"https:\/\/lyonbondyblog.fr\/LBB\/#organization\"},\"potentialAction\":[{\"@type\":\"SearchAction\",\"target\":{\"@type\":\"EntryPoint\",\"urlTemplate\":\"https:\/\/lyonbondyblog.fr\/LBB\/?s={search_term_string}\"},\"query-input\":\"required name=search_term_string\"}],\"inLanguage\":\"fr-FR\"},{\"@type\":\"Organization\",\"@id\":\"https:\/\/lyonbondyblog.fr\/LBB\/#organization\",\"name\":\"LYON BONDY BLOG\",\"url\":\"https:\/\/lyonbondyblog.fr\/LBB\/\",\"logo\":{\"@type\":\"ImageObject\",\"inLanguage\":\"fr-FR\",\"@id\":\"https:\/\/lyonbondyblog.fr\/LBB\/#\/schema\/logo\/image\/\",\"url\":\"http:\/\/lyonbondyblog.fr\/LBB\/wp-content\/uploads\/2014\/10\/logo-portable-144.png\",\"contentUrl\":\"http:\/\/lyonbondyblog.fr\/LBB\/wp-content\/uploads\/2014\/10\/logo-portable-144.png\",\"width\":144,\"height\":123,\"caption\":\"LYON BONDY BLOG\"},\"image\":{\"@id\":\"https:\/\/lyonbondyblog.fr\/LBB\/#\/schema\/logo\/image\/\"},\"sameAs\":[\"https:\/\/www.facebook.com\/lyonbondyblog\",\"https:\/\/x.com\/bondybloglyon\"]},{\"@type\":\"Person\",\"@id\":\"https:\/\/lyonbondyblog.fr\/LBB\/#\/schema\/person\/fa54602a4231b430ed6b9892a791c5ac\",\"name\":\"Elsa Laniesse\",\"url\":\"https:\/\/lyonbondyblog.fr\/LBB\/author\/elsa\/\"}]}<\/script>\n<!-- \/ Yoast SEO plugin. -->","yoast_head_json":{"title":"Le th\u00e9\u00e2tre dans les \u00e9tablissements p\u00e9nitentiaires pour mineurs - Lyon Bondy Blog","robots":{"index":"index","follow":"follow","max-snippet":"max-snippet:-1","max-image-preview":"max-image-preview:large","max-video-preview":"max-video-preview:-1"},"canonical":"https:\/\/lyonbondyblog.fr\/LBB\/le-theatre-dans-les-etablissements-penitentiaires-pour-mineurs\/","og_locale":"fr_FR","og_type":"article","og_title":"Le th\u00e9\u00e2tre dans les \u00e9tablissements p\u00e9nitentiaires pour mineurs - Lyon Bondy Blog","og_description":"&nbsp; Les EPM, \u00e9tablissements p\u00e9nitentiaires pour mineurs, existent depuis 2007. Ils ont \u00e9t\u00e9 con\u00e7us pour permettre l&rsquo;\u00e9ducation des jeunes pendant leur peine et emp\u00eacher la &hellip;","og_url":"https:\/\/lyonbondyblog.fr\/LBB\/le-theatre-dans-les-etablissements-penitentiaires-pour-mineurs\/","og_site_name":"Lyon Bondy Blog","article_publisher":"https:\/\/www.facebook.com\/lyonbondyblog","article_published_time":"2013-04-15T15:22:29+00:00","article_modified_time":"2013-07-18T12:02:36+00:00","og_image":[{"width":400,"height":240,"url":"https:\/\/lyonbondyblog.fr\/LBB\/wp-content\/uploads\/2013\/07\/lien-theatre-prison-final.jpg","type":"image\/jpeg"}],"author":"Elsa Laniesse","twitter_card":"summary_large_image","twitter_creator":"@bondybloglyon","twitter_site":"@bondybloglyon","schema":{"@context":"https:\/\/schema.org","@graph":[{"@type":"Article","@id":"https:\/\/lyonbondyblog.fr\/LBB\/le-theatre-dans-les-etablissements-penitentiaires-pour-mineurs\/#article","isPartOf":{"@id":"https:\/\/lyonbondyblog.fr\/LBB\/le-theatre-dans-les-etablissements-penitentiaires-pour-mineurs\/"},"author":{"name":"Elsa Laniesse","@id":"https:\/\/lyonbondyblog.fr\/LBB\/#\/schema\/person\/fa54602a4231b430ed6b9892a791c5ac"},"headline":"Le th\u00e9\u00e2tre dans les \u00e9tablissements p\u00e9nitentiaires pour mineurs","datePublished":"2013-04-15T15:22:29+00:00","dateModified":"2013-07-18T12:02:36+00:00","mainEntityOfPage":{"@id":"https:\/\/lyonbondyblog.fr\/LBB\/le-theatre-dans-les-etablissements-penitentiaires-pour-mineurs\/"},"wordCount":823,"commentCount":0,"publisher":{"@id":"https:\/\/lyonbondyblog.fr\/LBB\/#organization"},"image":{"@id":"https:\/\/lyonbondyblog.fr\/LBB\/le-theatre-dans-les-etablissements-penitentiaires-pour-mineurs\/#primaryimage"},"thumbnailUrl":"https:\/\/lyonbondyblog.fr\/LBB\/wp-content\/uploads\/2013\/07\/lien-theatre-prison-final.jpg","keywords":["detention","epm","maison d'arr\u00eat","prison","theatre"],"articleSection":["Prisons","Soci\u00e9t\u00e9"],"inLanguage":"fr-FR","potentialAction":[{"@type":"CommentAction","name":"Comment","target":["https:\/\/lyonbondyblog.fr\/LBB\/le-theatre-dans-les-etablissements-penitentiaires-pour-mineurs\/#respond"]}]},{"@type":"WebPage","@id":"https:\/\/lyonbondyblog.fr\/LBB\/le-theatre-dans-les-etablissements-penitentiaires-pour-mineurs\/","url":"https:\/\/lyonbondyblog.fr\/LBB\/le-theatre-dans-les-etablissements-penitentiaires-pour-mineurs\/","name":"Le th\u00e9\u00e2tre dans les \u00e9tablissements p\u00e9nitentiaires pour mineurs - Lyon Bondy Blog","isPartOf":{"@id":"https:\/\/lyonbondyblog.fr\/LBB\/#website"},"primaryImageOfPage":{"@id":"https:\/\/lyonbondyblog.fr\/LBB\/le-theatre-dans-les-etablissements-penitentiaires-pour-mineurs\/#primaryimage"},"image":{"@id":"https:\/\/lyonbondyblog.fr\/LBB\/le-theatre-dans-les-etablissements-penitentiaires-pour-mineurs\/#primaryimage"},"thumbnailUrl":"https:\/\/lyonbondyblog.fr\/LBB\/wp-content\/uploads\/2013\/07\/lien-theatre-prison-final.jpg","datePublished":"2013-04-15T15:22:29+00:00","dateModified":"2013-07-18T12:02:36+00:00","inLanguage":"fr-FR","potentialAction":[{"@type":"ReadAction","target":["https:\/\/lyonbondyblog.fr\/LBB\/le-theatre-dans-les-etablissements-penitentiaires-pour-mineurs\/"]}]},{"@type":"ImageObject","inLanguage":"fr-FR","@id":"https:\/\/lyonbondyblog.fr\/LBB\/le-theatre-dans-les-etablissements-penitentiaires-pour-mineurs\/#primaryimage","url":"https:\/\/lyonbondyblog.fr\/LBB\/wp-content\/uploads\/2013\/07\/lien-theatre-prison-final.jpg","contentUrl":"https:\/\/lyonbondyblog.fr\/LBB\/wp-content\/uploads\/2013\/07\/lien-theatre-prison-final.jpg","width":400,"height":240},{"@type":"WebSite","@id":"https:\/\/lyonbondyblog.fr\/LBB\/#website","url":"https:\/\/lyonbondyblog.fr\/LBB\/","name":"Lyon Bondy Blog","description":"","publisher":{"@id":"https:\/\/lyonbondyblog.fr\/LBB\/#organization"},"potentialAction":[{"@type":"SearchAction","target":{"@type":"EntryPoint","urlTemplate":"https:\/\/lyonbondyblog.fr\/LBB\/?s={search_term_string}"},"query-input":"required name=search_term_string"}],"inLanguage":"fr-FR"},{"@type":"Organization","@id":"https:\/\/lyonbondyblog.fr\/LBB\/#organization","name":"LYON BONDY BLOG","url":"https:\/\/lyonbondyblog.fr\/LBB\/","logo":{"@type":"ImageObject","inLanguage":"fr-FR","@id":"https:\/\/lyonbondyblog.fr\/LBB\/#\/schema\/logo\/image\/","url":"http:\/\/lyonbondyblog.fr\/LBB\/wp-content\/uploads\/2014\/10\/logo-portable-144.png","contentUrl":"http:\/\/lyonbondyblog.fr\/LBB\/wp-content\/uploads\/2014\/10\/logo-portable-144.png","width":144,"height":123,"caption":"LYON BONDY BLOG"},"image":{"@id":"https:\/\/lyonbondyblog.fr\/LBB\/#\/schema\/logo\/image\/"},"sameAs":["https:\/\/www.facebook.com\/lyonbondyblog","https:\/\/x.com\/bondybloglyon"]},{"@type":"Person","@id":"https:\/\/lyonbondyblog.fr\/LBB\/#\/schema\/person\/fa54602a4231b430ed6b9892a791c5ac","name":"Elsa Laniesse","url":"https:\/\/lyonbondyblog.fr\/LBB\/author\/elsa\/"}]}},"_links":{"self":[{"href":"https:\/\/lyonbondyblog.fr\/LBB\/wp-json\/wp\/v2\/posts\/283","targetHints":{"allow":["GET"]}}],"collection":[{"href":"https:\/\/lyonbondyblog.fr\/LBB\/wp-json\/wp\/v2\/posts"}],"about":[{"href":"https:\/\/lyonbondyblog.fr\/LBB\/wp-json\/wp\/v2\/types\/post"}],"author":[{"embeddable":true,"href":"https:\/\/lyonbondyblog.fr\/LBB\/wp-json\/wp\/v2\/users\/17"}],"replies":[{"embeddable":true,"href":"https:\/\/lyonbondyblog.fr\/LBB\/wp-json\/wp\/v2\/comments?post=283"}],"version-history":[{"count":0,"href":"https:\/\/lyonbondyblog.fr\/LBB\/wp-json\/wp\/v2\/posts\/283\/revisions"}],"wp:featuredmedia":[{"embeddable":true,"href":"https:\/\/lyonbondyblog.fr\/LBB\/wp-json\/wp\/v2\/media\/287"}],"wp:attachment":[{"href":"https:\/\/lyonbondyblog.fr\/LBB\/wp-json\/wp\/v2\/media?parent=283"}],"wp:term":[{"taxonomy":"category","embeddable":true,"href":"https:\/\/lyonbondyblog.fr\/LBB\/wp-json\/wp\/v2\/categories?post=283"},{"taxonomy":"post_tag","embeddable":true,"href":"https:\/\/lyonbondyblog.fr\/LBB\/wp-json\/wp\/v2\/tags?post=283"}],"curies":[{"name":"wp","href":"https:\/\/api.w.org\/{rel}","templated":true}]}}