{"id":28281,"date":"2022-04-07T12:30:42","date_gmt":"2022-04-07T10:30:42","guid":{"rendered":"http:\/\/lyonbondyblog.fr\/LBB\/?p=28281"},"modified":"2022-04-07T12:30:44","modified_gmt":"2022-04-07T10:30:44","slug":"dossier-sur-les-jeunes-militants-de-partis-politiques-avec-le-lbb-episode-11-pauline-husseini-militante-du-parti-lutte-ouvriere-etre-militante-pour-moi-cest","status":"publish","type":"post","link":"https:\/\/lyonbondyblog.fr\/LBB\/dossier-sur-les-jeunes-militants-de-partis-politiques-avec-le-lbb-episode-11-pauline-husseini-militante-du-parti-lutte-ouvriere-etre-militante-pour-moi-cest\/","title":{"rendered":"Dossier sur les jeunes militants de partis politiques avec le LBB \u2013 \u00c9pisode 11 \u2013 Pauline Husseini, militante du parti Lutte Ouvri\u00e8re : \u00ab\u00a0\u00catre militante pour moi c\u2019est se battre contre cette soci\u00e9t\u00e9 au quotidien\u00a0\u00bb"},"content":{"rendered":"\n<h2 class=\"wp-block-heading\">\u00c0 l\u2019approche de l\u2019\u00e9lection pr\u00e9sidentielle 2022, le Lyon Bondy Blog a d\u00e9cid\u00e9 d\u2019aller \u00e0 la rencontre de jeunes militants des diff\u00e9rents partis politiques. Pour notre onzi\u00e8me portrait, nous avons interrog\u00e9 Pauline Husseini, jeune militante du parti Lutte Ouvri\u00e8re.<\/h2>\n\n\n\n<p>Longtemps sans attache politique, Pauline Husseini milite aujourd\u2019hui \u00e0 29 ans pour Lutte ouvri\u00e8re, en parall\u00e8le de son travail d\u2019informaticienne dans une boite qui vend des respirateurs. Mais \u00e7a n\u2019a pas toujours \u00e9t\u00e9 le cas&nbsp;: avant de s\u2019engager, elle votait blanc et s\u2019int\u00e9ressait peu \u00e0 la politique. Pourtant, elle nous explique avoir toujours \u00e9t\u00e9 r\u00e9volt\u00e9e par la soci\u00e9t\u00e9 dans laquelle elle vivait, venant en aide \u00e0 ceux qui en avait besoin par des actions humanitaires ou du b\u00e9n\u00e9volat.<\/p>\n\n\n\n<h2 class=\"wp-block-heading\">La rencontre avec le parti<\/h2>\n\n\n\n<p>Originaire de Colmar, Pauline a grandi en Alsace avec des parents tr\u00e8s peu politis\u00e9s, qui parlaient de l\u2019actualit\u00e9 sans l\u2019associer \u00e0 des partis politiques ou des programmes en particulier. Elle a fait ses \u00e9tudes d\u2019informatique \u00e0 Strasbourg puis \u00e0 Paris. Ensuite, elle s\u2019est install\u00e9e \u00e0 Lyon pour son premier travail en 2015, alors qu\u2019elle avait 22 ans. Deux ans plus tard, lors de la campagne pr\u00e9sidentielle, la jeune femme fait la connaissance \u00ab&nbsp;<em>de camarades&nbsp;\u00bb <\/em>de Lutte Ouvri\u00e8re<em>. \u00ab&nbsp;Ils \u00e9taient devant une fac o\u00f9 je bossais. Ils m\u2019ont interpell\u00e9 en me demandant ce que je pensais de ce qu\u2019il se passe dans le monde&nbsp;\u00bb<\/em>, nous confie-t-elle.<\/p>\n\n\n\n<p>Une rencontre qui l\u2019a marqu\u00e9e puisque c\u2019est \u00e0 partir de ce moment-l\u00e0 qu\u2019elle choisi de s\u2019engager et surtout, de voter pour un parti pour la premi\u00e8re fois de sa vie. \u00ab<em>&nbsp;J\u2019\u00e9tais tr\u00e8s fi\u00e8re de le faire&nbsp;; \u00e7a m\u2019a convaincu&nbsp;!&nbsp;<\/em>\u00bb Tout est all\u00e9 vite, raconte-t-elle&nbsp;: elle participait aux cort\u00e8ges, reprenait leur slogan&#8230; M\u00eame si Pauline n\u2019\u00e9tait peut-\u00eatre pas persuad\u00e9e par toutes les propositions lorsqu\u2019elle a vot\u00e9, elle se disait&nbsp;: \u00ab&nbsp;<em>Il faut dire quelques chose dans cette soci\u00e9t\u00e9, parce qu\u2019en votant blanc je ne montrais rien de tr\u00e8s explicite, alors qu\u2019en votant Lutte ouvri\u00e8re je signifiais explicitement que j\u2019\u00e9tais pour la r\u00e9volution et foutre en l\u2019air le capitalisme.<\/em>&nbsp;\u00bb Elle \u00e9tait aussi contente de rencontrer d\u2019autres r\u00e9volt\u00e9s et de voir que derri\u00e8re le parti, il y avait des id\u00e9es solides. \u00ab&nbsp;\u00c7<em>a m\u2019a donn\u00e9 des armes pour se battre<\/em>&nbsp;\u00bb. Elle pr\u00e9cise qu\u2019elle est \u00e9galement all\u00e9e voir d\u2019autres groupes politiques et qu\u2019elle a discut\u00e9 avec d\u2019autres militants pour voir quel mouvement lui allait le mieux.<\/p>\n\n\n\n<h2 class=\"wp-block-heading\">\u00ab&nbsp;<em>Je milite un peu tout le temps<\/em>&nbsp;\u00bb<\/h2>\n\n\n\n<p>Aujourd\u2019hui, la politique est \u00ab&nbsp;<em>un peu toute [sa] vie&nbsp;<\/em>\u00bb, rigole-t-elle avec un fond de v\u00e9rit\u00e9. En r\u00e9alit\u00e9, Pauline ne fait pas de s\u00e9paration entre sa vie de militante et le reste&nbsp;: \u00ab&nbsp;<em>Je milite un peu tout le temps. M\u00eame au travail, je ne cache pas que je milite et que je suis engag\u00e9e \u00e0 lutte ouvri\u00e8re, je discute de l\u2019actualit\u00e9<\/em>&nbsp;\u00bb. D\u00e8s le matin, lorsqu\u2019elle va travailler, sa pr\u00e9occupation est de trouver une mani\u00e8re de changer cette soci\u00e9t\u00e9. Pour la militante, cela passe par la construction d\u2019un parti des travailleurs et par la compr\u00e9hension des rapports de force actuels. Elle souhaite \u00ab&nbsp;c<em>omprendre pourquoi en ce moment, \u00e7a p\u00e8te.&nbsp;<\/em>\u00bb. Elle se demande \u00e9galement si \u00e0 l\u2019image de la guerre en Ukraine, <em>\u00ab&nbsp;\u00e7a peut p\u00e9ter aussi en France<\/em>&nbsp;\u00bb.<\/p>\n\n\n\n<p>Elle porte une attention tout particuli\u00e8re \u00e0 l\u2019actualit\u00e9, qu\u2019elle suit quotidiennement \u00e0 la t\u00e9l\u00e9, \u00e0 la radio ou sur papier. Son constat est alarmant&nbsp;: le monde est chaotique et va de plus en plus vers la barbarie. \u00ab&nbsp;<em>Aujourd\u2019hui, on pourrait donner \u00e0 manger \u00e0 tout le monde et toutes les 10 secondes, il y a quelqu\u2019un qui cr\u00e8ve de faim. C\u2019est quand m\u00eame dingue&nbsp;! <\/em>\u00bb Elle ne peut pas concevoir qu\u2019on puisse rester la conscience tranquille et les \u00ab&nbsp;bras ballants&nbsp;\u00bb. Mais l\u2019objectif pour elle n\u2019est pas de \u00ab<em>&nbsp;briguer un mandat&nbsp;<\/em>\u00bb, ni d\u2019\u00ab&nbsp;<em>\u00eatre gestionnaire de cette soci\u00e9t\u00e9&nbsp;<\/em>\u00bb, mais bien que ce soit les travailleurs qui prennent le pouvoir. \u00ab&nbsp;<em>\u00catre militante pour moi c\u2019est se battre contre cette soci\u00e9t\u00e9 au quotidien.<\/em>&nbsp;\u00bb<\/p>\n\n\n\n<h2 class=\"wp-block-heading\"><em>\u00ab&nbsp;Il faudrait qu\u2019on s\u2019organise et se rassemble derri\u00e8re un drapeau&nbsp;\u00bb<\/em><\/h2>\n\n\n\n<p>Pour se faire entendre, Pauline Husseini milite sur les march\u00e9s, fait du porte \u00e0 porte, participe aux gr\u00e8ves ou encore r\u00e9alise des campagnes d\u2019affichage, notamment pour les \u00e9lections pr\u00e9sidentielles. \u00ab&nbsp;<em>J\u2019aimerais que nous les travailleurs, on arr\u00eate de se faire tout petit parce qu\u2019on fait tout tourner dans cette soci\u00e9t\u00e9. Il faudrait qu\u2019on s\u2019organise et se rassemble derri\u00e8re un drapeau<\/em>.&nbsp;\u00bb Elle avoue a demi-mot que le parti ne vise pas tellement \u00ab&nbsp;le fauteuil&nbsp;\u00bb pr\u00e9sidentiel ; impossible selon elle, d\u2019am\u00e9liorer <em>\u00ab&nbsp;cette soci\u00e9t\u00e9 capitaliste<\/em>&nbsp;\u00bb.<\/p>\n\n\n\n<p>Le but est bel et bien de combattre, de lutter contre le syst\u00e8me actuel, sans \u00ab&nbsp;<em>programme de gouvernance<\/em>&nbsp;\u00bb et \u00ab&nbsp;<em>sans r\u00e9forme<\/em>&nbsp;\u00bb. Des id\u00e9es qu\u2019on peut d\u00e9fendre \u00e0 tout \u00e2ge, soutient la jeune militante, \u00ab&nbsp;<em>qu\u2019on ait 80 ans ou 20 ans<\/em>&nbsp;\u00bb. Pour elle, c\u2019\u2019est d\u2019ailleurs tr\u00e8s important et tr\u00e8s riche de militer avec des camarades de tous les \u00e2ges, qui n\u2019ont pas les m\u00eames exp\u00e9riences de vie. Au m\u00eame moment, elle est interpell\u00e9e par des jeunes militants Lutte Ouvri\u00e8re qui donnent des tracts dans la rue, puis finit par dire&nbsp;: \u00ab&nbsp;<em>J\u2019esp\u00e8re, pourquoi pas, d\u2019ici 10 ans, voir la r\u00e9volution&nbsp;\u00bb<\/em>.<\/p>\n<!-- AddThis Advanced Settings generic via filter on the_content --><!-- AddThis Share Buttons generic via filter on the_content -->","protected":false},"excerpt":{"rendered":"<p>\u00c0 l\u2019approche de l\u2019\u00e9lection pr\u00e9sidentielle 2022, le Lyon Bondy Blog a d\u00e9cid\u00e9 d\u2019aller \u00e0 la rencontre de jeunes militants des diff\u00e9rents partis politiques. Pour notre &hellip; <!-- AddThis Advanced Settings generic via filter on wp_trim_excerpt --><!-- AddThis Share Buttons generic via filter on wp_trim_excerpt --><\/p>\n","protected":false},"author":31860,"featured_media":28290,"comment_status":"open","ping_status":"open","sticky":true,"template":"","format":"standard","meta":{"_FSMCFIC_featured_image_caption":"","_FSMCFIC_featured_image_nocaption":"","_FSMCFIC_featured_image_hide":"","footnotes":""},"categories":[5324,4,6,700,4097],"tags":[],"class_list":["post-28281","post","type-post","status-publish","format-standard","has-post-thumbnail","hentry","category-jeunesse","category-lyon","category-politique","category-portraits","category-rencontre"],"yoast_head":"<!-- This site is optimized with the Yoast SEO plugin v22.8 - https:\/\/yoast.com\/wordpress\/plugins\/seo\/ -->\n<title>Dossier sur les jeunes militants de partis politiques avec le LBB \u2013 \u00c9pisode 11 \u2013 Pauline Husseini, militante du parti Lutte Ouvri\u00e8re : \u00ab\u00a0\u00catre militante pour moi c\u2019est se battre contre cette soci\u00e9t\u00e9 au quotidien\u00a0\u00bb - Lyon Bondy Blog<\/title>\n<meta name=\"description\" content=\"\u00c0 l\u2019approche de l\u2019\u00e9lection pr\u00e9sidentielle 2022, le Lyon Bondy Blog a d\u00e9cid\u00e9 d\u2019aller \u00e0 la rencontre de jeunes militants des diff\u00e9rents partis politiques. Pour notre onzi\u00e8me portrait, nous avons interrog\u00e9 Pauline Husseini, jeune militante pour le parti Lutte Ouvri\u00e8re.\" \/>\n<meta name=\"robots\" content=\"index, follow, max-snippet:-1, max-image-preview:large, max-video-preview:-1\" \/>\n<link rel=\"canonical\" href=\"https:\/\/lyonbondyblog.fr\/LBB\/dossier-sur-les-jeunes-militants-de-partis-politiques-avec-le-lbb-episode-11-pauline-husseini-militante-du-parti-lutte-ouvriere-etre-militante-pour-moi-cest\/\" \/>\n<meta property=\"og:locale\" content=\"fr_FR\" \/>\n<meta property=\"og:type\" content=\"article\" \/>\n<meta property=\"og:title\" content=\"Dossier sur les jeunes militants de partis politiques avec le LBB \u2013 \u00c9pisode 11 \u2013 Pauline Husseini, militante du parti Lutte Ouvri\u00e8re : \u00ab\u00a0\u00catre militante pour moi c\u2019est se battre contre cette soci\u00e9t\u00e9 au quotidien\u00a0\u00bb - Lyon Bondy Blog\" \/>\n<meta property=\"og:description\" content=\"\u00c0 l\u2019approche de l\u2019\u00e9lection pr\u00e9sidentielle 2022, le Lyon Bondy Blog a d\u00e9cid\u00e9 d\u2019aller \u00e0 la rencontre de jeunes militants des diff\u00e9rents partis politiques. Pour notre onzi\u00e8me portrait, nous avons interrog\u00e9 Pauline Husseini, jeune militante pour le parti Lutte Ouvri\u00e8re.\" \/>\n<meta property=\"og:url\" content=\"https:\/\/lyonbondyblog.fr\/LBB\/dossier-sur-les-jeunes-militants-de-partis-politiques-avec-le-lbb-episode-11-pauline-husseini-militante-du-parti-lutte-ouvriere-etre-militante-pour-moi-cest\/\" \/>\n<meta property=\"og:site_name\" content=\"Lyon Bondy Blog\" \/>\n<meta property=\"article:publisher\" content=\"https:\/\/www.facebook.com\/lyonbondyblog\" \/>\n<meta property=\"article:published_time\" content=\"2022-04-07T10:30:42+00:00\" \/>\n<meta property=\"article:modified_time\" content=\"2022-04-07T10:30:44+00:00\" \/>\n<meta property=\"og:image\" content=\"https:\/\/lyonbondyblog.fr\/LBB\/wp-content\/uploads\/2022\/04\/DSC_0485-scaled.jpg\" \/>\n\t<meta property=\"og:image:width\" content=\"2560\" \/>\n\t<meta property=\"og:image:height\" content=\"1707\" \/>\n\t<meta property=\"og:image:type\" content=\"image\/jpeg\" \/>\n<meta name=\"author\" content=\"In\u00e8s Pallot\" \/>\n<meta name=\"twitter:card\" content=\"summary_large_image\" \/>\n<meta name=\"twitter:creator\" content=\"@bondybloglyon\" \/>\n<meta name=\"twitter:site\" content=\"@bondybloglyon\" \/>\n<script type=\"application\/ld+json\" class=\"yoast-schema-graph\">{\"@context\":\"https:\/\/schema.org\",\"@graph\":[{\"@type\":\"Article\",\"@id\":\"https:\/\/lyonbondyblog.fr\/LBB\/dossier-sur-les-jeunes-militants-de-partis-politiques-avec-le-lbb-episode-11-pauline-husseini-militante-du-parti-lutte-ouvriere-etre-militante-pour-moi-cest\/#article\",\"isPartOf\":{\"@id\":\"https:\/\/lyonbondyblog.fr\/LBB\/dossier-sur-les-jeunes-militants-de-partis-politiques-avec-le-lbb-episode-11-pauline-husseini-militante-du-parti-lutte-ouvriere-etre-militante-pour-moi-cest\/\"},\"author\":{\"name\":\"In\u00e8s Pallot\",\"@id\":\"https:\/\/lyonbondyblog.fr\/LBB\/#\/schema\/person\/9f49d5a620b7ff0b22195422b4ef0cc4\"},\"headline\":\"Dossier sur les jeunes militants de partis politiques avec le LBB \u2013 \u00c9pisode 11 \u2013 Pauline Husseini, militante du parti Lutte Ouvri\u00e8re : \u00ab\u00a0\u00catre militante pour moi c\u2019est se battre contre cette soci\u00e9t\u00e9 au quotidien\u00a0\u00bb\",\"datePublished\":\"2022-04-07T10:30:42+00:00\",\"dateModified\":\"2022-04-07T10:30:44+00:00\",\"mainEntityOfPage\":{\"@id\":\"https:\/\/lyonbondyblog.fr\/LBB\/dossier-sur-les-jeunes-militants-de-partis-politiques-avec-le-lbb-episode-11-pauline-husseini-militante-du-parti-lutte-ouvriere-etre-militante-pour-moi-cest\/\"},\"wordCount\":1027,\"commentCount\":0,\"publisher\":{\"@id\":\"https:\/\/lyonbondyblog.fr\/LBB\/#organization\"},\"image\":{\"@id\":\"https:\/\/lyonbondyblog.fr\/LBB\/dossier-sur-les-jeunes-militants-de-partis-politiques-avec-le-lbb-episode-11-pauline-husseini-militante-du-parti-lutte-ouvriere-etre-militante-pour-moi-cest\/#primaryimage\"},\"thumbnailUrl\":\"https:\/\/lyonbondyblog.fr\/LBB\/wp-content\/uploads\/2022\/04\/DSC_0485-scaled.jpg\",\"articleSection\":[\"Jeunesse\",\"Lyon\",\"Politique\",\"Portraits\",\"Rencontre\"],\"inLanguage\":\"fr-FR\",\"potentialAction\":[{\"@type\":\"CommentAction\",\"name\":\"Comment\",\"target\":[\"https:\/\/lyonbondyblog.fr\/LBB\/dossier-sur-les-jeunes-militants-de-partis-politiques-avec-le-lbb-episode-11-pauline-husseini-militante-du-parti-lutte-ouvriere-etre-militante-pour-moi-cest\/#respond\"]}]},{\"@type\":\"WebPage\",\"@id\":\"https:\/\/lyonbondyblog.fr\/LBB\/dossier-sur-les-jeunes-militants-de-partis-politiques-avec-le-lbb-episode-11-pauline-husseini-militante-du-parti-lutte-ouvriere-etre-militante-pour-moi-cest\/\",\"url\":\"https:\/\/lyonbondyblog.fr\/LBB\/dossier-sur-les-jeunes-militants-de-partis-politiques-avec-le-lbb-episode-11-pauline-husseini-militante-du-parti-lutte-ouvriere-etre-militante-pour-moi-cest\/\",\"name\":\"Dossier sur les jeunes militants de partis politiques avec le LBB \u2013 \u00c9pisode 11 \u2013 Pauline Husseini, militante du parti Lutte Ouvri\u00e8re : \u00ab\u00a0\u00catre militante pour moi c\u2019est se battre contre cette soci\u00e9t\u00e9 au quotidien\u00a0\u00bb - Lyon Bondy Blog\",\"isPartOf\":{\"@id\":\"https:\/\/lyonbondyblog.fr\/LBB\/#website\"},\"primaryImageOfPage\":{\"@id\":\"https:\/\/lyonbondyblog.fr\/LBB\/dossier-sur-les-jeunes-militants-de-partis-politiques-avec-le-lbb-episode-11-pauline-husseini-militante-du-parti-lutte-ouvriere-etre-militante-pour-moi-cest\/#primaryimage\"},\"image\":{\"@id\":\"https:\/\/lyonbondyblog.fr\/LBB\/dossier-sur-les-jeunes-militants-de-partis-politiques-avec-le-lbb-episode-11-pauline-husseini-militante-du-parti-lutte-ouvriere-etre-militante-pour-moi-cest\/#primaryimage\"},\"thumbnailUrl\":\"https:\/\/lyonbondyblog.fr\/LBB\/wp-content\/uploads\/2022\/04\/DSC_0485-scaled.jpg\",\"datePublished\":\"2022-04-07T10:30:42+00:00\",\"dateModified\":\"2022-04-07T10:30:44+00:00\",\"description\":\"\u00c0 l\u2019approche de l\u2019\u00e9lection pr\u00e9sidentielle 2022, le Lyon Bondy Blog a d\u00e9cid\u00e9 d\u2019aller \u00e0 la rencontre de jeunes militants des diff\u00e9rents partis politiques. Pour notre onzi\u00e8me portrait, nous avons interrog\u00e9 Pauline Husseini, jeune militante pour le parti Lutte Ouvri\u00e8re.\",\"inLanguage\":\"fr-FR\",\"potentialAction\":[{\"@type\":\"ReadAction\",\"target\":[\"https:\/\/lyonbondyblog.fr\/LBB\/dossier-sur-les-jeunes-militants-de-partis-politiques-avec-le-lbb-episode-11-pauline-husseini-militante-du-parti-lutte-ouvriere-etre-militante-pour-moi-cest\/\"]}]},{\"@type\":\"ImageObject\",\"inLanguage\":\"fr-FR\",\"@id\":\"https:\/\/lyonbondyblog.fr\/LBB\/dossier-sur-les-jeunes-militants-de-partis-politiques-avec-le-lbb-episode-11-pauline-husseini-militante-du-parti-lutte-ouvriere-etre-militante-pour-moi-cest\/#primaryimage\",\"url\":\"https:\/\/lyonbondyblog.fr\/LBB\/wp-content\/uploads\/2022\/04\/DSC_0485-scaled.jpg\",\"contentUrl\":\"https:\/\/lyonbondyblog.fr\/LBB\/wp-content\/uploads\/2022\/04\/DSC_0485-scaled.jpg\",\"width\":2560,\"height\":1707},{\"@type\":\"WebSite\",\"@id\":\"https:\/\/lyonbondyblog.fr\/LBB\/#website\",\"url\":\"https:\/\/lyonbondyblog.fr\/LBB\/\",\"name\":\"Lyon Bondy Blog\",\"description\":\"\",\"publisher\":{\"@id\":\"https:\/\/lyonbondyblog.fr\/LBB\/#organization\"},\"potentialAction\":[{\"@type\":\"SearchAction\",\"target\":{\"@type\":\"EntryPoint\",\"urlTemplate\":\"https:\/\/lyonbondyblog.fr\/LBB\/?s={search_term_string}\"},\"query-input\":\"required name=search_term_string\"}],\"inLanguage\":\"fr-FR\"},{\"@type\":\"Organization\",\"@id\":\"https:\/\/lyonbondyblog.fr\/LBB\/#organization\",\"name\":\"LYON BONDY BLOG\",\"url\":\"https:\/\/lyonbondyblog.fr\/LBB\/\",\"logo\":{\"@type\":\"ImageObject\",\"inLanguage\":\"fr-FR\",\"@id\":\"https:\/\/lyonbondyblog.fr\/LBB\/#\/schema\/logo\/image\/\",\"url\":\"http:\/\/lyonbondyblog.fr\/LBB\/wp-content\/uploads\/2014\/10\/logo-portable-144.png\",\"contentUrl\":\"http:\/\/lyonbondyblog.fr\/LBB\/wp-content\/uploads\/2014\/10\/logo-portable-144.png\",\"width\":144,\"height\":123,\"caption\":\"LYON BONDY BLOG\"},\"image\":{\"@id\":\"https:\/\/lyonbondyblog.fr\/LBB\/#\/schema\/logo\/image\/\"},\"sameAs\":[\"https:\/\/www.facebook.com\/lyonbondyblog\",\"https:\/\/x.com\/bondybloglyon\"]},{\"@type\":\"Person\",\"@id\":\"https:\/\/lyonbondyblog.fr\/LBB\/#\/schema\/person\/9f49d5a620b7ff0b22195422b4ef0cc4\",\"name\":\"In\u00e8s Pallot\",\"url\":\"https:\/\/lyonbondyblog.fr\/LBB\/author\/inesp\/\"}]}<\/script>\n<!-- \/ Yoast SEO plugin. -->","yoast_head_json":{"title":"Dossier sur les jeunes militants de partis politiques avec le LBB \u2013 \u00c9pisode 11 \u2013 Pauline Husseini, militante du parti Lutte Ouvri\u00e8re : \u00ab\u00a0\u00catre militante pour moi c\u2019est se battre contre cette soci\u00e9t\u00e9 au quotidien\u00a0\u00bb - Lyon Bondy Blog","description":"\u00c0 l\u2019approche de l\u2019\u00e9lection pr\u00e9sidentielle 2022, le Lyon Bondy Blog a d\u00e9cid\u00e9 d\u2019aller \u00e0 la rencontre de jeunes militants des diff\u00e9rents partis politiques. Pour notre onzi\u00e8me portrait, nous avons interrog\u00e9 Pauline Husseini, jeune militante pour le parti Lutte Ouvri\u00e8re.","robots":{"index":"index","follow":"follow","max-snippet":"max-snippet:-1","max-image-preview":"max-image-preview:large","max-video-preview":"max-video-preview:-1"},"canonical":"https:\/\/lyonbondyblog.fr\/LBB\/dossier-sur-les-jeunes-militants-de-partis-politiques-avec-le-lbb-episode-11-pauline-husseini-militante-du-parti-lutte-ouvriere-etre-militante-pour-moi-cest\/","og_locale":"fr_FR","og_type":"article","og_title":"Dossier sur les jeunes militants de partis politiques avec le LBB \u2013 \u00c9pisode 11 \u2013 Pauline Husseini, militante du parti Lutte Ouvri\u00e8re : \u00ab\u00a0\u00catre militante pour moi c\u2019est se battre contre cette soci\u00e9t\u00e9 au quotidien\u00a0\u00bb - Lyon Bondy Blog","og_description":"\u00c0 l\u2019approche de l\u2019\u00e9lection pr\u00e9sidentielle 2022, le Lyon Bondy Blog a d\u00e9cid\u00e9 d\u2019aller \u00e0 la rencontre de jeunes militants des diff\u00e9rents partis politiques. Pour notre onzi\u00e8me portrait, nous avons interrog\u00e9 Pauline Husseini, jeune militante pour le parti Lutte Ouvri\u00e8re.","og_url":"https:\/\/lyonbondyblog.fr\/LBB\/dossier-sur-les-jeunes-militants-de-partis-politiques-avec-le-lbb-episode-11-pauline-husseini-militante-du-parti-lutte-ouvriere-etre-militante-pour-moi-cest\/","og_site_name":"Lyon Bondy Blog","article_publisher":"https:\/\/www.facebook.com\/lyonbondyblog","article_published_time":"2022-04-07T10:30:42+00:00","article_modified_time":"2022-04-07T10:30:44+00:00","og_image":[{"width":2560,"height":1707,"url":"https:\/\/lyonbondyblog.fr\/LBB\/wp-content\/uploads\/2022\/04\/DSC_0485-scaled.jpg","type":"image\/jpeg"}],"author":"In\u00e8s Pallot","twitter_card":"summary_large_image","twitter_creator":"@bondybloglyon","twitter_site":"@bondybloglyon","schema":{"@context":"https:\/\/schema.org","@graph":[{"@type":"Article","@id":"https:\/\/lyonbondyblog.fr\/LBB\/dossier-sur-les-jeunes-militants-de-partis-politiques-avec-le-lbb-episode-11-pauline-husseini-militante-du-parti-lutte-ouvriere-etre-militante-pour-moi-cest\/#article","isPartOf":{"@id":"https:\/\/lyonbondyblog.fr\/LBB\/dossier-sur-les-jeunes-militants-de-partis-politiques-avec-le-lbb-episode-11-pauline-husseini-militante-du-parti-lutte-ouvriere-etre-militante-pour-moi-cest\/"},"author":{"name":"In\u00e8s Pallot","@id":"https:\/\/lyonbondyblog.fr\/LBB\/#\/schema\/person\/9f49d5a620b7ff0b22195422b4ef0cc4"},"headline":"Dossier sur les jeunes militants de partis politiques avec le LBB \u2013 \u00c9pisode 11 \u2013 Pauline Husseini, militante du parti Lutte Ouvri\u00e8re : \u00ab\u00a0\u00catre militante pour moi c\u2019est se battre contre cette soci\u00e9t\u00e9 au quotidien\u00a0\u00bb","datePublished":"2022-04-07T10:30:42+00:00","dateModified":"2022-04-07T10:30:44+00:00","mainEntityOfPage":{"@id":"https:\/\/lyonbondyblog.fr\/LBB\/dossier-sur-les-jeunes-militants-de-partis-politiques-avec-le-lbb-episode-11-pauline-husseini-militante-du-parti-lutte-ouvriere-etre-militante-pour-moi-cest\/"},"wordCount":1027,"commentCount":0,"publisher":{"@id":"https:\/\/lyonbondyblog.fr\/LBB\/#organization"},"image":{"@id":"https:\/\/lyonbondyblog.fr\/LBB\/dossier-sur-les-jeunes-militants-de-partis-politiques-avec-le-lbb-episode-11-pauline-husseini-militante-du-parti-lutte-ouvriere-etre-militante-pour-moi-cest\/#primaryimage"},"thumbnailUrl":"https:\/\/lyonbondyblog.fr\/LBB\/wp-content\/uploads\/2022\/04\/DSC_0485-scaled.jpg","articleSection":["Jeunesse","Lyon","Politique","Portraits","Rencontre"],"inLanguage":"fr-FR","potentialAction":[{"@type":"CommentAction","name":"Comment","target":["https:\/\/lyonbondyblog.fr\/LBB\/dossier-sur-les-jeunes-militants-de-partis-politiques-avec-le-lbb-episode-11-pauline-husseini-militante-du-parti-lutte-ouvriere-etre-militante-pour-moi-cest\/#respond"]}]},{"@type":"WebPage","@id":"https:\/\/lyonbondyblog.fr\/LBB\/dossier-sur-les-jeunes-militants-de-partis-politiques-avec-le-lbb-episode-11-pauline-husseini-militante-du-parti-lutte-ouvriere-etre-militante-pour-moi-cest\/","url":"https:\/\/lyonbondyblog.fr\/LBB\/dossier-sur-les-jeunes-militants-de-partis-politiques-avec-le-lbb-episode-11-pauline-husseini-militante-du-parti-lutte-ouvriere-etre-militante-pour-moi-cest\/","name":"Dossier sur les jeunes militants de partis politiques avec le LBB \u2013 \u00c9pisode 11 \u2013 Pauline Husseini, militante du parti Lutte Ouvri\u00e8re : \u00ab\u00a0\u00catre militante pour moi c\u2019est se battre contre cette soci\u00e9t\u00e9 au quotidien\u00a0\u00bb - Lyon Bondy Blog","isPartOf":{"@id":"https:\/\/lyonbondyblog.fr\/LBB\/#website"},"primaryImageOfPage":{"@id":"https:\/\/lyonbondyblog.fr\/LBB\/dossier-sur-les-jeunes-militants-de-partis-politiques-avec-le-lbb-episode-11-pauline-husseini-militante-du-parti-lutte-ouvriere-etre-militante-pour-moi-cest\/#primaryimage"},"image":{"@id":"https:\/\/lyonbondyblog.fr\/LBB\/dossier-sur-les-jeunes-militants-de-partis-politiques-avec-le-lbb-episode-11-pauline-husseini-militante-du-parti-lutte-ouvriere-etre-militante-pour-moi-cest\/#primaryimage"},"thumbnailUrl":"https:\/\/lyonbondyblog.fr\/LBB\/wp-content\/uploads\/2022\/04\/DSC_0485-scaled.jpg","datePublished":"2022-04-07T10:30:42+00:00","dateModified":"2022-04-07T10:30:44+00:00","description":"\u00c0 l\u2019approche de l\u2019\u00e9lection pr\u00e9sidentielle 2022, le Lyon Bondy Blog a d\u00e9cid\u00e9 d\u2019aller \u00e0 la rencontre de jeunes militants des diff\u00e9rents partis politiques. Pour notre onzi\u00e8me portrait, nous avons interrog\u00e9 Pauline Husseini, jeune militante pour le parti Lutte Ouvri\u00e8re.","inLanguage":"fr-FR","potentialAction":[{"@type":"ReadAction","target":["https:\/\/lyonbondyblog.fr\/LBB\/dossier-sur-les-jeunes-militants-de-partis-politiques-avec-le-lbb-episode-11-pauline-husseini-militante-du-parti-lutte-ouvriere-etre-militante-pour-moi-cest\/"]}]},{"@type":"ImageObject","inLanguage":"fr-FR","@id":"https:\/\/lyonbondyblog.fr\/LBB\/dossier-sur-les-jeunes-militants-de-partis-politiques-avec-le-lbb-episode-11-pauline-husseini-militante-du-parti-lutte-ouvriere-etre-militante-pour-moi-cest\/#primaryimage","url":"https:\/\/lyonbondyblog.fr\/LBB\/wp-content\/uploads\/2022\/04\/DSC_0485-scaled.jpg","contentUrl":"https:\/\/lyonbondyblog.fr\/LBB\/wp-content\/uploads\/2022\/04\/DSC_0485-scaled.jpg","width":2560,"height":1707},{"@type":"WebSite","@id":"https:\/\/lyonbondyblog.fr\/LBB\/#website","url":"https:\/\/lyonbondyblog.fr\/LBB\/","name":"Lyon Bondy Blog","description":"","publisher":{"@id":"https:\/\/lyonbondyblog.fr\/LBB\/#organization"},"potentialAction":[{"@type":"SearchAction","target":{"@type":"EntryPoint","urlTemplate":"https:\/\/lyonbondyblog.fr\/LBB\/?s={search_term_string}"},"query-input":"required name=search_term_string"}],"inLanguage":"fr-FR"},{"@type":"Organization","@id":"https:\/\/lyonbondyblog.fr\/LBB\/#organization","name":"LYON BONDY BLOG","url":"https:\/\/lyonbondyblog.fr\/LBB\/","logo":{"@type":"ImageObject","inLanguage":"fr-FR","@id":"https:\/\/lyonbondyblog.fr\/LBB\/#\/schema\/logo\/image\/","url":"http:\/\/lyonbondyblog.fr\/LBB\/wp-content\/uploads\/2014\/10\/logo-portable-144.png","contentUrl":"http:\/\/lyonbondyblog.fr\/LBB\/wp-content\/uploads\/2014\/10\/logo-portable-144.png","width":144,"height":123,"caption":"LYON BONDY BLOG"},"image":{"@id":"https:\/\/lyonbondyblog.fr\/LBB\/#\/schema\/logo\/image\/"},"sameAs":["https:\/\/www.facebook.com\/lyonbondyblog","https:\/\/x.com\/bondybloglyon"]},{"@type":"Person","@id":"https:\/\/lyonbondyblog.fr\/LBB\/#\/schema\/person\/9f49d5a620b7ff0b22195422b4ef0cc4","name":"In\u00e8s Pallot","url":"https:\/\/lyonbondyblog.fr\/LBB\/author\/inesp\/"}]}},"_links":{"self":[{"href":"https:\/\/lyonbondyblog.fr\/LBB\/wp-json\/wp\/v2\/posts\/28281","targetHints":{"allow":["GET"]}}],"collection":[{"href":"https:\/\/lyonbondyblog.fr\/LBB\/wp-json\/wp\/v2\/posts"}],"about":[{"href":"https:\/\/lyonbondyblog.fr\/LBB\/wp-json\/wp\/v2\/types\/post"}],"author":[{"embeddable":true,"href":"https:\/\/lyonbondyblog.fr\/LBB\/wp-json\/wp\/v2\/users\/31860"}],"replies":[{"embeddable":true,"href":"https:\/\/lyonbondyblog.fr\/LBB\/wp-json\/wp\/v2\/comments?post=28281"}],"version-history":[{"count":9,"href":"https:\/\/lyonbondyblog.fr\/LBB\/wp-json\/wp\/v2\/posts\/28281\/revisions"}],"predecessor-version":[{"id":28291,"href":"https:\/\/lyonbondyblog.fr\/LBB\/wp-json\/wp\/v2\/posts\/28281\/revisions\/28291"}],"wp:featuredmedia":[{"embeddable":true,"href":"https:\/\/lyonbondyblog.fr\/LBB\/wp-json\/wp\/v2\/media\/28290"}],"wp:attachment":[{"href":"https:\/\/lyonbondyblog.fr\/LBB\/wp-json\/wp\/v2\/media?parent=28281"}],"wp:term":[{"taxonomy":"category","embeddable":true,"href":"https:\/\/lyonbondyblog.fr\/LBB\/wp-json\/wp\/v2\/categories?post=28281"},{"taxonomy":"post_tag","embeddable":true,"href":"https:\/\/lyonbondyblog.fr\/LBB\/wp-json\/wp\/v2\/tags?post=28281"}],"curies":[{"name":"wp","href":"https:\/\/api.w.org\/{rel}","templated":true}]}}