{"id":28117,"date":"2022-08-24T17:57:19","date_gmt":"2022-08-24T15:57:19","guid":{"rendered":"http:\/\/lyonbondyblog.fr\/LBB\/?p=28117"},"modified":"2022-08-24T18:01:16","modified_gmt":"2022-08-24T16:01:16","slug":"podcast-la-contraception-un-sujet-qui-concerne-aussi-bien-les-femmes-que-les-hommes","status":"publish","type":"post","link":"https:\/\/lyonbondyblog.fr\/LBB\/podcast-la-contraception-un-sujet-qui-concerne-aussi-bien-les-femmes-que-les-hommes\/","title":{"rendered":"[Podcast] La contraception : un sujet qui concerne aussi bien les femmes que les hommes ?"},"content":{"rendered":"\n<h2 class=\"wp-block-heading\">Le Lyon Bondy Blog a r\u00e9alis\u00e9 une \u00e9mission sur la contraception \u00e0 Radio Pluriel. Nous nous sommes demand\u00e9 dans quelle mesure la contraception f\u00e9minine pose probl\u00e8me. Pour cela, nous sommes all\u00e9s rencontrer des acteurs et t\u00e9moins sur le sujet.<\/h2>\n\n\n\n<p>En ce mois de mars d\u00e9di\u00e9 aux droits des femmes, le Lyon Bondy Blog a souhait\u00e9 r\u00e9aliser une \u00e9mission sur un sujet omnipr\u00e9sent et in\u00e9vitable pour les femmes&nbsp;: la contraception. Autoris\u00e9e en 1967 en France, la contraception f\u00e9minine est devenue remboursable par la S\u00e9curit\u00e9 Sociale en 1974. Cependant, les moyens contraceptifs ont leur part d\u2019ombre. Entre 2012-2013, \u00e9clate \u00ab&nbsp;la crise de la pilule&nbsp;\u00bb. La prise des pilules de 3<sup>\u00e8me<\/sup> et 4<sup>\u00e8me<\/sup> g\u00e9n\u00e9ration multiplie les risques de thrombose et serait responsable de plusieurs milliers d&rsquo;accidents cardiovasculaires. Entre 2010 et 2013, le recours \u00e0 la contraception orale a baiss\u00e9, passant de 50 \u00e0 41 % chez les femmes de 15 \u00e0 49 ans selon l\u2019Ined.<\/p>\n\n\n\n<h2 class=\"wp-block-heading\">Des moyens contraceptifs masculins qui peinent \u00e0 se faire conna\u00eetre et reconna\u00eetre<\/h2>\n\n\n\n<p>Nous nous sommes \u00e9galement int\u00e9ress\u00e9es \u00e0 la contraception masculine, car, oui, c\u2019est un sujet qui concerne les deux genres. Alors que la contraception f\u00e9minine est gratuite pour les 18-25 ans depuis le 1<sup>er<\/sup> janvier 2022, celle dite masculine peine \u00e0 se faire reconna\u00eetre et \u00eatre l\u2019objet de recherches s\u00e9rieuses.<\/p>\n\n\n\n<div class=\"wp-block-image\"><figure class=\"aligncenter size-large is-resized\"><img loading=\"lazy\" decoding=\"async\" src=\"https:\/\/lyonbondyblog.fr\/LBB\/wp-content\/uploads\/2022\/03\/DSC_0444-1920x1280.jpg\" alt=\"\" class=\"wp-image-28126\" width=\"592\" height=\"394\" srcset=\"https:\/\/lyonbondyblog.fr\/LBB\/wp-content\/uploads\/2022\/03\/DSC_0444-1920x1280.jpg 1920w, https:\/\/lyonbondyblog.fr\/LBB\/wp-content\/uploads\/2022\/03\/DSC_0444-1200x800.jpg 1200w, https:\/\/lyonbondyblog.fr\/LBB\/wp-content\/uploads\/2022\/03\/DSC_0444-768x512.jpg 768w, https:\/\/lyonbondyblog.fr\/LBB\/wp-content\/uploads\/2022\/03\/DSC_0444-1536x1024.jpg 1536w, https:\/\/lyonbondyblog.fr\/LBB\/wp-content\/uploads\/2022\/03\/DSC_0444-2048x1365.jpg 2048w, https:\/\/lyonbondyblog.fr\/LBB\/wp-content\/uploads\/2022\/03\/DSC_0444-700x465.jpg 700w, https:\/\/lyonbondyblog.fr\/LBB\/wp-content\/uploads\/2022\/03\/DSC_0444-272x182.jpg 272w\" sizes=\"auto, (max-width: 592px) 100vw, 592px\" \/><figcaption>Deux types de contraceptions masculines thermiques : le<em> jockstrap<\/em> et l&rsquo;anneau en silicone, qui permettent de remonter les testicules. Cr\u00e9dit : In\u00e8s Pallot<\/figcaption><\/figure><\/div>\n\n\n\n<p>Dans un premier temps, nous sommes all\u00e9es rencontrer un des acteurs phares pour un meilleur acc\u00e8s \u00e0 la contraception&nbsp;: le planning familial. C\u2019est une association, au sein de laquelle se relaient chaque semaine des m\u00e9decins, des gyn\u00e9cologues et des sages-femmes qui proposent des consultations sur la contraception f\u00e9minine et masculine. Nous avons interrog\u00e9 le docteur No\u00e9mie Gagnieux, m\u00e9decin g\u00e9n\u00e9raliste, (une des seuls d\u2019ailleurs qui se penche sur la contraception masculine \u00e0 Lyon) sur les st\u00e9r\u00e9otypes ou les difficult\u00e9s autour de la contraception. Elle explique :  \u00ab <em>Je re\u00e7ois malheureusement beaucoup de patientes qui d\u00e9crivent des maltraitances m\u00e9dicales<\/em>&nbsp;\u00bb.<\/p>\n\n\n\n<p>Nous sommes \u00e9galement all\u00e9es \u00e0 la rencontre de Estelle, m\u00e8re de 3 enfants et aujourd&rsquo;hui sans contraception, qui a connu plusieurs m\u00e9saventures avec ses diff\u00e9rents moyens contraceptifs. Et afin de parler des effets secondaires, nous avons pu interrog\u00e9 Carla, 21 ans, sur ses exp\u00e9riences compliqu\u00e9es.  \u00ab <em>J&rsquo;avais tr\u00e8s mal pendant mes r\u00e8gles, et ma gyn\u00e9co ne m&rsquo;a pas trop \u00e9cout\u00e9 parce qu&rsquo;elle m&rsquo;a prescrit la pilule Leeloo, la pilule de base et \u00e7a a accentu\u00e9 mes douleurs de r\u00e8gles x10. C&rsquo;\u00e9tait insoutenable.<\/em> \u00bb<\/p>\n\n\n\n<div class=\"wp-block-image\"><figure class=\"aligncenter size-large is-resized\"><img decoding=\"async\" src=\"https:\/\/lyonbondyblog.fr\/LBB\/wp-content\/uploads\/2022\/03\/IMG_0369-1-edited.jpg\" alt=\"\" class=\"wp-image-28121\" width=\"510\" srcset=\"https:\/\/lyonbondyblog.fr\/LBB\/wp-content\/uploads\/2022\/03\/IMG_0369-1-edited.jpg 1606w, https:\/\/lyonbondyblog.fr\/LBB\/wp-content\/uploads\/2022\/03\/IMG_0369-1-edited-1200x900.jpg 1200w, https:\/\/lyonbondyblog.fr\/LBB\/wp-content\/uploads\/2022\/03\/IMG_0369-1-edited-768x576.jpg 768w, https:\/\/lyonbondyblog.fr\/LBB\/wp-content\/uploads\/2022\/03\/IMG_0369-1-edited-1536x1152.jpg 1536w\" sizes=\"(max-width: 1606px) 100vw, 1606px\" \/><figcaption>Estelle a t\u00e9moign\u00e9 sur ses m\u00e9saventures avec les contraceptions. Cr\u00e9dit : Carmen Buecher<\/figcaption><\/figure><\/div>\n\n\n\n<p>Enfin, nous nous sommes rendus \u00e0 un atelier de couture de ce qu\u2019on appelle les <em>jockstraps<\/em>, des slips pour remonter les testicules, une m\u00e9thode de contraception masculine thermique.<\/p>\n\n\n\n<div class=\"wp-block-image\"><figure class=\"aligncenter size-large is-resized\"><img loading=\"lazy\" decoding=\"async\" src=\"https:\/\/lyonbondyblog.fr\/LBB\/wp-content\/uploads\/2022\/03\/DSC_0441-1920x1280.jpg\" alt=\"\" class=\"wp-image-28122\" width=\"596\" height=\"397\" srcset=\"https:\/\/lyonbondyblog.fr\/LBB\/wp-content\/uploads\/2022\/03\/DSC_0441-1920x1280.jpg 1920w, https:\/\/lyonbondyblog.fr\/LBB\/wp-content\/uploads\/2022\/03\/DSC_0441-1200x800.jpg 1200w, https:\/\/lyonbondyblog.fr\/LBB\/wp-content\/uploads\/2022\/03\/DSC_0441-768x512.jpg 768w, https:\/\/lyonbondyblog.fr\/LBB\/wp-content\/uploads\/2022\/03\/DSC_0441-1536x1024.jpg 1536w, https:\/\/lyonbondyblog.fr\/LBB\/wp-content\/uploads\/2022\/03\/DSC_0441-2048x1365.jpg 2048w, https:\/\/lyonbondyblog.fr\/LBB\/wp-content\/uploads\/2022\/03\/DSC_0441-700x465.jpg 700w, https:\/\/lyonbondyblog.fr\/LBB\/wp-content\/uploads\/2022\/03\/DSC_0441-272x182.jpg 272w\" sizes=\"auto, (max-width: 596px) 100vw, 596px\" \/><figcaption>Les <em>jockstraps<\/em> r\u00e9alis\u00e9s par l&rsquo;association GARCON. Cr\u00e9dit : In\u00e8s Pallot<\/figcaption><\/figure><\/div>\n\n\n\n<p>L\u00e0-bas, nous nous sommes entretenus avec Erwan Taverne, qui animait l\u2019atelier. Il est le co-fondateur de GARCON, Association d\u2019Action et de Recherche pour la CONtraception, qui se penche notamment sur la contraception pour hommes. L\u2019association a pour but de diffuser les savoirs et savoir-faire contraceptifs. Aujourd&rsquo;hui il estime qu&rsquo;il y a \u00ab <em>beaucoup \u00e0 faire et trop peu de moyens, que ce soit humains et financiers<\/em>&nbsp;\u00bb en termes de contraception masculine. Il enchaine  : \u00ab <em>Nous, aujourd&rsquo;hui, on fait le boulot qui n&rsquo;est pas fait par les institutions&nbsp;<\/em>\u00bb.<\/p>\n\n\n\n<div class=\"wp-block-image\"><figure class=\"aligncenter size-large is-resized\"><img loading=\"lazy\" decoding=\"async\" src=\"https:\/\/lyonbondyblog.fr\/LBB\/wp-content\/uploads\/2022\/03\/DSC_0461-1920x1280.jpg\" alt=\"\" class=\"wp-image-28124\" width=\"579\" height=\"385\" srcset=\"https:\/\/lyonbondyblog.fr\/LBB\/wp-content\/uploads\/2022\/03\/DSC_0461-1920x1280.jpg 1920w, https:\/\/lyonbondyblog.fr\/LBB\/wp-content\/uploads\/2022\/03\/DSC_0461-1200x800.jpg 1200w, https:\/\/lyonbondyblog.fr\/LBB\/wp-content\/uploads\/2022\/03\/DSC_0461-768x512.jpg 768w, https:\/\/lyonbondyblog.fr\/LBB\/wp-content\/uploads\/2022\/03\/DSC_0461-1536x1024.jpg 1536w, https:\/\/lyonbondyblog.fr\/LBB\/wp-content\/uploads\/2022\/03\/DSC_0461-2048x1365.jpg 2048w, https:\/\/lyonbondyblog.fr\/LBB\/wp-content\/uploads\/2022\/03\/DSC_0461-700x465.jpg 700w, https:\/\/lyonbondyblog.fr\/LBB\/wp-content\/uploads\/2022\/03\/DSC_0461-272x182.jpg 272w\" sizes=\"auto, (max-width: 579px) 100vw, 579px\" \/><figcaption>Erwan Taverne a co-cr\u00e9\u00e9 GARCON en 2019 pour informer sur les moyens de contraceptions pour hommes, lui qui est d\u00e9j\u00e0 contracept\u00e9 depuis presque 6 ans. <\/figcaption><\/figure><\/div>\n\n\n\n<p>C\u2019\u00e9tait \u00e9galement pour nous l\u2019occasion de parler contraception thermique et fiabilit\u00e9 avec Samuel, pr\u00e9sent \u00e0 l\u2019atelier et membre du collectif parisien \u00ab&nbsp;Z\u00e9ro millions&nbsp;\u00bb, pour le d\u00e9veloppement des contraceptions testiculaires. Il organise aussi des ateliers pour apprendre aux personnes les diff\u00e9rentes pratiques contraceptives, pour les mettre en contact avec des m\u00e9decins sp\u00e9cialis\u00e9s ou encore pour leur permettre de r\u00e9aliser eux-m\u00eames leur propre contraception thermique.<\/p>\n\n\n\n<figure class=\"wp-block-embed is-type-video is-provider-youtube wp-block-embed-youtube wp-embed-aspect-16-9 wp-has-aspect-ratio\"><div class=\"wp-block-embed__wrapper\">\n<iframe loading=\"lazy\" title=\"#contraception #f\u00e9minisme #podcast La contraception, aussi bien pour les hommes que pour les femmes?\" width=\"1200\" height=\"675\" src=\"https:\/\/www.youtube.com\/embed\/Z-0NQBim2IA?feature=oembed\" frameborder=\"0\" allow=\"accelerometer; autoplay; clipboard-write; encrypted-media; gyroscope; picture-in-picture\" allowfullscreen><\/iframe>\n<\/div><\/figure>\n\n\n\n<p><\/p>\n<!-- AddThis Advanced Settings generic via filter on the_content --><!-- AddThis Share Buttons generic via filter on the_content -->","protected":false},"excerpt":{"rendered":"<p>Le Lyon Bondy Blog a r\u00e9alis\u00e9 une \u00e9mission sur la contraception \u00e0 Radio Pluriel. Nous nous sommes demand\u00e9 dans quelle mesure la contraception f\u00e9minine pose &hellip; <!-- AddThis Advanced Settings generic via filter on wp_trim_excerpt --><!-- AddThis Share Buttons generic via filter on wp_trim_excerpt --><\/p>\n","protected":false},"author":1,"featured_media":28126,"comment_status":"open","ping_status":"open","sticky":true,"template":"","format":"standard","meta":{"_FSMCFIC_featured_image_caption":"","_FSMCFIC_featured_image_nocaption":"","_FSMCFIC_featured_image_hide":"","footnotes":""},"categories":[4,14151,2104],"tags":[],"class_list":["post-28117","post","type-post","status-publish","format-standard","has-post-thumbnail","hentry","category-lyon","category-planning-familial","category-podcasts"],"yoast_head":"<!-- This site is optimized with the Yoast SEO plugin v22.8 - https:\/\/yoast.com\/wordpress\/plugins\/seo\/ -->\n<title>[Podcast] La contraception : un sujet qui concerne aussi bien les femmes que les hommes ? - Lyon Bondy Blog<\/title>\n<meta name=\"description\" content=\"Le Lyon Bondy Blog a r\u00e9alis\u00e9 une \u00e9mission sur la contraception \u00e0 Radio Pluriel. Nous nous sommes demand\u00e9 dans quelle mesure la contraception f\u00e9minine pose probl\u00e8me.\" \/>\n<meta name=\"robots\" content=\"index, follow, max-snippet:-1, max-image-preview:large, max-video-preview:-1\" \/>\n<link rel=\"canonical\" href=\"https:\/\/lyonbondyblog.fr\/LBB\/podcast-la-contraception-un-sujet-qui-concerne-aussi-bien-les-femmes-que-les-hommes\/\" \/>\n<meta property=\"og:locale\" content=\"fr_FR\" \/>\n<meta property=\"og:type\" content=\"article\" \/>\n<meta property=\"og:title\" content=\"[Podcast] La contraception : un sujet qui concerne aussi bien les femmes que les hommes ? - Lyon Bondy Blog\" \/>\n<meta property=\"og:description\" content=\"Le Lyon Bondy Blog a r\u00e9alis\u00e9 une \u00e9mission sur la contraception \u00e0 Radio Pluriel. Nous nous sommes demand\u00e9 dans quelle mesure la contraception f\u00e9minine pose probl\u00e8me.\" \/>\n<meta property=\"og:url\" content=\"https:\/\/lyonbondyblog.fr\/LBB\/podcast-la-contraception-un-sujet-qui-concerne-aussi-bien-les-femmes-que-les-hommes\/\" \/>\n<meta property=\"og:site_name\" content=\"Lyon Bondy Blog\" \/>\n<meta property=\"article:publisher\" content=\"https:\/\/www.facebook.com\/lyonbondyblog\" \/>\n<meta property=\"article:author\" content=\"https:\/\/www.facebook.com\/lyonbondyblog\" \/>\n<meta property=\"article:published_time\" content=\"2022-08-24T15:57:19+00:00\" \/>\n<meta property=\"article:modified_time\" content=\"2022-08-24T16:01:16+00:00\" \/>\n<meta property=\"og:image\" content=\"https:\/\/lyonbondyblog.fr\/LBB\/wp-content\/uploads\/2022\/03\/DSC_0444-scaled.jpg\" \/>\n\t<meta property=\"og:image:width\" content=\"2560\" \/>\n\t<meta property=\"og:image:height\" content=\"1707\" \/>\n\t<meta property=\"og:image:type\" content=\"image\/jpeg\" \/>\n<meta name=\"author\" content=\"La r\u00e9daction\" \/>\n<meta name=\"twitter:card\" content=\"summary_large_image\" \/>\n<meta name=\"twitter:creator\" content=\"@BondyBlogLyon\" \/>\n<meta name=\"twitter:site\" content=\"@bondybloglyon\" \/>\n<script type=\"application\/ld+json\" class=\"yoast-schema-graph\">{\"@context\":\"https:\/\/schema.org\",\"@graph\":[{\"@type\":\"Article\",\"@id\":\"https:\/\/lyonbondyblog.fr\/LBB\/podcast-la-contraception-un-sujet-qui-concerne-aussi-bien-les-femmes-que-les-hommes\/#article\",\"isPartOf\":{\"@id\":\"https:\/\/lyonbondyblog.fr\/LBB\/podcast-la-contraception-un-sujet-qui-concerne-aussi-bien-les-femmes-que-les-hommes\/\"},\"author\":{\"name\":\"La r\u00e9daction\",\"@id\":\"https:\/\/lyonbondyblog.fr\/LBB\/#\/schema\/person\/e45f8d27baac75072daa0be50c409b25\"},\"headline\":\"[Podcast] La contraception : un sujet qui concerne aussi bien les femmes que les hommes ?\",\"datePublished\":\"2022-08-24T15:57:19+00:00\",\"dateModified\":\"2022-08-24T16:01:16+00:00\",\"mainEntityOfPage\":{\"@id\":\"https:\/\/lyonbondyblog.fr\/LBB\/podcast-la-contraception-un-sujet-qui-concerne-aussi-bien-les-femmes-que-les-hommes\/\"},\"wordCount\":715,\"commentCount\":0,\"publisher\":{\"@id\":\"https:\/\/lyonbondyblog.fr\/LBB\/#organization\"},\"image\":{\"@id\":\"https:\/\/lyonbondyblog.fr\/LBB\/podcast-la-contraception-un-sujet-qui-concerne-aussi-bien-les-femmes-que-les-hommes\/#primaryimage\"},\"thumbnailUrl\":\"https:\/\/lyonbondyblog.fr\/LBB\/wp-content\/uploads\/2022\/03\/DSC_0444-scaled.jpg\",\"articleSection\":[\"Lyon\",\"Planning familial\",\"Podcasts\"],\"inLanguage\":\"fr-FR\",\"potentialAction\":[{\"@type\":\"CommentAction\",\"name\":\"Comment\",\"target\":[\"https:\/\/lyonbondyblog.fr\/LBB\/podcast-la-contraception-un-sujet-qui-concerne-aussi-bien-les-femmes-que-les-hommes\/#respond\"]}]},{\"@type\":\"WebPage\",\"@id\":\"https:\/\/lyonbondyblog.fr\/LBB\/podcast-la-contraception-un-sujet-qui-concerne-aussi-bien-les-femmes-que-les-hommes\/\",\"url\":\"https:\/\/lyonbondyblog.fr\/LBB\/podcast-la-contraception-un-sujet-qui-concerne-aussi-bien-les-femmes-que-les-hommes\/\",\"name\":\"[Podcast] La contraception : un sujet qui concerne aussi bien les femmes que les hommes ? - Lyon Bondy Blog\",\"isPartOf\":{\"@id\":\"https:\/\/lyonbondyblog.fr\/LBB\/#website\"},\"primaryImageOfPage\":{\"@id\":\"https:\/\/lyonbondyblog.fr\/LBB\/podcast-la-contraception-un-sujet-qui-concerne-aussi-bien-les-femmes-que-les-hommes\/#primaryimage\"},\"image\":{\"@id\":\"https:\/\/lyonbondyblog.fr\/LBB\/podcast-la-contraception-un-sujet-qui-concerne-aussi-bien-les-femmes-que-les-hommes\/#primaryimage\"},\"thumbnailUrl\":\"https:\/\/lyonbondyblog.fr\/LBB\/wp-content\/uploads\/2022\/03\/DSC_0444-scaled.jpg\",\"datePublished\":\"2022-08-24T15:57:19+00:00\",\"dateModified\":\"2022-08-24T16:01:16+00:00\",\"description\":\"Le Lyon Bondy Blog a r\u00e9alis\u00e9 une \u00e9mission sur la contraception \u00e0 Radio Pluriel. Nous nous sommes demand\u00e9 dans quelle mesure la contraception f\u00e9minine pose probl\u00e8me.\",\"inLanguage\":\"fr-FR\",\"potentialAction\":[{\"@type\":\"ReadAction\",\"target\":[\"https:\/\/lyonbondyblog.fr\/LBB\/podcast-la-contraception-un-sujet-qui-concerne-aussi-bien-les-femmes-que-les-hommes\/\"]}]},{\"@type\":\"ImageObject\",\"inLanguage\":\"fr-FR\",\"@id\":\"https:\/\/lyonbondyblog.fr\/LBB\/podcast-la-contraception-un-sujet-qui-concerne-aussi-bien-les-femmes-que-les-hommes\/#primaryimage\",\"url\":\"https:\/\/lyonbondyblog.fr\/LBB\/wp-content\/uploads\/2022\/03\/DSC_0444-scaled.jpg\",\"contentUrl\":\"https:\/\/lyonbondyblog.fr\/LBB\/wp-content\/uploads\/2022\/03\/DSC_0444-scaled.jpg\",\"width\":2560,\"height\":1707},{\"@type\":\"WebSite\",\"@id\":\"https:\/\/lyonbondyblog.fr\/LBB\/#website\",\"url\":\"https:\/\/lyonbondyblog.fr\/LBB\/\",\"name\":\"Lyon Bondy Blog\",\"description\":\"\",\"publisher\":{\"@id\":\"https:\/\/lyonbondyblog.fr\/LBB\/#organization\"},\"potentialAction\":[{\"@type\":\"SearchAction\",\"target\":{\"@type\":\"EntryPoint\",\"urlTemplate\":\"https:\/\/lyonbondyblog.fr\/LBB\/?s={search_term_string}\"},\"query-input\":\"required name=search_term_string\"}],\"inLanguage\":\"fr-FR\"},{\"@type\":\"Organization\",\"@id\":\"https:\/\/lyonbondyblog.fr\/LBB\/#organization\",\"name\":\"LYON BONDY BLOG\",\"url\":\"https:\/\/lyonbondyblog.fr\/LBB\/\",\"logo\":{\"@type\":\"ImageObject\",\"inLanguage\":\"fr-FR\",\"@id\":\"https:\/\/lyonbondyblog.fr\/LBB\/#\/schema\/logo\/image\/\",\"url\":\"http:\/\/lyonbondyblog.fr\/LBB\/wp-content\/uploads\/2014\/10\/logo-portable-144.png\",\"contentUrl\":\"http:\/\/lyonbondyblog.fr\/LBB\/wp-content\/uploads\/2014\/10\/logo-portable-144.png\",\"width\":144,\"height\":123,\"caption\":\"LYON BONDY BLOG\"},\"image\":{\"@id\":\"https:\/\/lyonbondyblog.fr\/LBB\/#\/schema\/logo\/image\/\"},\"sameAs\":[\"https:\/\/www.facebook.com\/lyonbondyblog\",\"https:\/\/x.com\/bondybloglyon\"]},{\"@type\":\"Person\",\"@id\":\"https:\/\/lyonbondyblog.fr\/LBB\/#\/schema\/person\/e45f8d27baac75072daa0be50c409b25\",\"name\":\"La r\u00e9daction\",\"description\":\"Cr\u00e9e en 2008, la r\u00e9daction du Lyon Bondy Blog s'applique \u00e0 proposer une information locale diff\u00e9rente et compl\u00e9mentaire des m\u00e9dias traditionnels.\",\"sameAs\":[\"https:\/\/www.facebook.com\/lyonbondyblog\",\"https:\/\/x.com\/BondyBlogLyon\"],\"url\":\"https:\/\/lyonbondyblog.fr\/LBB\/author\/admin\/\"}]}<\/script>\n<!-- \/ Yoast SEO plugin. -->","yoast_head_json":{"title":"[Podcast] La contraception : un sujet qui concerne aussi bien les femmes que les hommes ? - Lyon Bondy Blog","description":"Le Lyon Bondy Blog a r\u00e9alis\u00e9 une \u00e9mission sur la contraception \u00e0 Radio Pluriel. Nous nous sommes demand\u00e9 dans quelle mesure la contraception f\u00e9minine pose probl\u00e8me.","robots":{"index":"index","follow":"follow","max-snippet":"max-snippet:-1","max-image-preview":"max-image-preview:large","max-video-preview":"max-video-preview:-1"},"canonical":"https:\/\/lyonbondyblog.fr\/LBB\/podcast-la-contraception-un-sujet-qui-concerne-aussi-bien-les-femmes-que-les-hommes\/","og_locale":"fr_FR","og_type":"article","og_title":"[Podcast] La contraception : un sujet qui concerne aussi bien les femmes que les hommes ? - Lyon Bondy Blog","og_description":"Le Lyon Bondy Blog a r\u00e9alis\u00e9 une \u00e9mission sur la contraception \u00e0 Radio Pluriel. Nous nous sommes demand\u00e9 dans quelle mesure la contraception f\u00e9minine pose probl\u00e8me.","og_url":"https:\/\/lyonbondyblog.fr\/LBB\/podcast-la-contraception-un-sujet-qui-concerne-aussi-bien-les-femmes-que-les-hommes\/","og_site_name":"Lyon Bondy Blog","article_publisher":"https:\/\/www.facebook.com\/lyonbondyblog","article_author":"https:\/\/www.facebook.com\/lyonbondyblog","article_published_time":"2022-08-24T15:57:19+00:00","article_modified_time":"2022-08-24T16:01:16+00:00","og_image":[{"width":2560,"height":1707,"url":"https:\/\/lyonbondyblog.fr\/LBB\/wp-content\/uploads\/2022\/03\/DSC_0444-scaled.jpg","type":"image\/jpeg"}],"author":"La r\u00e9daction","twitter_card":"summary_large_image","twitter_creator":"@BondyBlogLyon","twitter_site":"@bondybloglyon","schema":{"@context":"https:\/\/schema.org","@graph":[{"@type":"Article","@id":"https:\/\/lyonbondyblog.fr\/LBB\/podcast-la-contraception-un-sujet-qui-concerne-aussi-bien-les-femmes-que-les-hommes\/#article","isPartOf":{"@id":"https:\/\/lyonbondyblog.fr\/LBB\/podcast-la-contraception-un-sujet-qui-concerne-aussi-bien-les-femmes-que-les-hommes\/"},"author":{"name":"La r\u00e9daction","@id":"https:\/\/lyonbondyblog.fr\/LBB\/#\/schema\/person\/e45f8d27baac75072daa0be50c409b25"},"headline":"[Podcast] La contraception : un sujet qui concerne aussi bien les femmes que les hommes ?","datePublished":"2022-08-24T15:57:19+00:00","dateModified":"2022-08-24T16:01:16+00:00","mainEntityOfPage":{"@id":"https:\/\/lyonbondyblog.fr\/LBB\/podcast-la-contraception-un-sujet-qui-concerne-aussi-bien-les-femmes-que-les-hommes\/"},"wordCount":715,"commentCount":0,"publisher":{"@id":"https:\/\/lyonbondyblog.fr\/LBB\/#organization"},"image":{"@id":"https:\/\/lyonbondyblog.fr\/LBB\/podcast-la-contraception-un-sujet-qui-concerne-aussi-bien-les-femmes-que-les-hommes\/#primaryimage"},"thumbnailUrl":"https:\/\/lyonbondyblog.fr\/LBB\/wp-content\/uploads\/2022\/03\/DSC_0444-scaled.jpg","articleSection":["Lyon","Planning familial","Podcasts"],"inLanguage":"fr-FR","potentialAction":[{"@type":"CommentAction","name":"Comment","target":["https:\/\/lyonbondyblog.fr\/LBB\/podcast-la-contraception-un-sujet-qui-concerne-aussi-bien-les-femmes-que-les-hommes\/#respond"]}]},{"@type":"WebPage","@id":"https:\/\/lyonbondyblog.fr\/LBB\/podcast-la-contraception-un-sujet-qui-concerne-aussi-bien-les-femmes-que-les-hommes\/","url":"https:\/\/lyonbondyblog.fr\/LBB\/podcast-la-contraception-un-sujet-qui-concerne-aussi-bien-les-femmes-que-les-hommes\/","name":"[Podcast] La contraception : un sujet qui concerne aussi bien les femmes que les hommes ? - Lyon Bondy Blog","isPartOf":{"@id":"https:\/\/lyonbondyblog.fr\/LBB\/#website"},"primaryImageOfPage":{"@id":"https:\/\/lyonbondyblog.fr\/LBB\/podcast-la-contraception-un-sujet-qui-concerne-aussi-bien-les-femmes-que-les-hommes\/#primaryimage"},"image":{"@id":"https:\/\/lyonbondyblog.fr\/LBB\/podcast-la-contraception-un-sujet-qui-concerne-aussi-bien-les-femmes-que-les-hommes\/#primaryimage"},"thumbnailUrl":"https:\/\/lyonbondyblog.fr\/LBB\/wp-content\/uploads\/2022\/03\/DSC_0444-scaled.jpg","datePublished":"2022-08-24T15:57:19+00:00","dateModified":"2022-08-24T16:01:16+00:00","description":"Le Lyon Bondy Blog a r\u00e9alis\u00e9 une \u00e9mission sur la contraception \u00e0 Radio Pluriel. Nous nous sommes demand\u00e9 dans quelle mesure la contraception f\u00e9minine pose probl\u00e8me.","inLanguage":"fr-FR","potentialAction":[{"@type":"ReadAction","target":["https:\/\/lyonbondyblog.fr\/LBB\/podcast-la-contraception-un-sujet-qui-concerne-aussi-bien-les-femmes-que-les-hommes\/"]}]},{"@type":"ImageObject","inLanguage":"fr-FR","@id":"https:\/\/lyonbondyblog.fr\/LBB\/podcast-la-contraception-un-sujet-qui-concerne-aussi-bien-les-femmes-que-les-hommes\/#primaryimage","url":"https:\/\/lyonbondyblog.fr\/LBB\/wp-content\/uploads\/2022\/03\/DSC_0444-scaled.jpg","contentUrl":"https:\/\/lyonbondyblog.fr\/LBB\/wp-content\/uploads\/2022\/03\/DSC_0444-scaled.jpg","width":2560,"height":1707},{"@type":"WebSite","@id":"https:\/\/lyonbondyblog.fr\/LBB\/#website","url":"https:\/\/lyonbondyblog.fr\/LBB\/","name":"Lyon Bondy Blog","description":"","publisher":{"@id":"https:\/\/lyonbondyblog.fr\/LBB\/#organization"},"potentialAction":[{"@type":"SearchAction","target":{"@type":"EntryPoint","urlTemplate":"https:\/\/lyonbondyblog.fr\/LBB\/?s={search_term_string}"},"query-input":"required name=search_term_string"}],"inLanguage":"fr-FR"},{"@type":"Organization","@id":"https:\/\/lyonbondyblog.fr\/LBB\/#organization","name":"LYON BONDY BLOG","url":"https:\/\/lyonbondyblog.fr\/LBB\/","logo":{"@type":"ImageObject","inLanguage":"fr-FR","@id":"https:\/\/lyonbondyblog.fr\/LBB\/#\/schema\/logo\/image\/","url":"http:\/\/lyonbondyblog.fr\/LBB\/wp-content\/uploads\/2014\/10\/logo-portable-144.png","contentUrl":"http:\/\/lyonbondyblog.fr\/LBB\/wp-content\/uploads\/2014\/10\/logo-portable-144.png","width":144,"height":123,"caption":"LYON BONDY BLOG"},"image":{"@id":"https:\/\/lyonbondyblog.fr\/LBB\/#\/schema\/logo\/image\/"},"sameAs":["https:\/\/www.facebook.com\/lyonbondyblog","https:\/\/x.com\/bondybloglyon"]},{"@type":"Person","@id":"https:\/\/lyonbondyblog.fr\/LBB\/#\/schema\/person\/e45f8d27baac75072daa0be50c409b25","name":"La r\u00e9daction","description":"Cr\u00e9e en 2008, la r\u00e9daction du Lyon Bondy Blog s'applique \u00e0 proposer une information locale diff\u00e9rente et compl\u00e9mentaire des m\u00e9dias traditionnels.","sameAs":["https:\/\/www.facebook.com\/lyonbondyblog","https:\/\/x.com\/BondyBlogLyon"],"url":"https:\/\/lyonbondyblog.fr\/LBB\/author\/admin\/"}]}},"_links":{"self":[{"href":"https:\/\/lyonbondyblog.fr\/LBB\/wp-json\/wp\/v2\/posts\/28117","targetHints":{"allow":["GET"]}}],"collection":[{"href":"https:\/\/lyonbondyblog.fr\/LBB\/wp-json\/wp\/v2\/posts"}],"about":[{"href":"https:\/\/lyonbondyblog.fr\/LBB\/wp-json\/wp\/v2\/types\/post"}],"author":[{"embeddable":true,"href":"https:\/\/lyonbondyblog.fr\/LBB\/wp-json\/wp\/v2\/users\/1"}],"replies":[{"embeddable":true,"href":"https:\/\/lyonbondyblog.fr\/LBB\/wp-json\/wp\/v2\/comments?post=28117"}],"version-history":[{"count":30,"href":"https:\/\/lyonbondyblog.fr\/LBB\/wp-json\/wp\/v2\/posts\/28117\/revisions"}],"predecessor-version":[{"id":28155,"href":"https:\/\/lyonbondyblog.fr\/LBB\/wp-json\/wp\/v2\/posts\/28117\/revisions\/28155"}],"wp:featuredmedia":[{"embeddable":true,"href":"https:\/\/lyonbondyblog.fr\/LBB\/wp-json\/wp\/v2\/media\/28126"}],"wp:attachment":[{"href":"https:\/\/lyonbondyblog.fr\/LBB\/wp-json\/wp\/v2\/media?parent=28117"}],"wp:term":[{"taxonomy":"category","embeddable":true,"href":"https:\/\/lyonbondyblog.fr\/LBB\/wp-json\/wp\/v2\/categories?post=28117"},{"taxonomy":"post_tag","embeddable":true,"href":"https:\/\/lyonbondyblog.fr\/LBB\/wp-json\/wp\/v2\/tags?post=28117"}],"curies":[{"name":"wp","href":"https:\/\/api.w.org\/{rel}","templated":true}]}}