{"id":27840,"date":"2022-03-16T17:00:09","date_gmt":"2022-03-16T16:00:09","guid":{"rendered":"http:\/\/lyonbondyblog.fr\/LBB\/?p=27840"},"modified":"2022-03-17T10:54:33","modified_gmt":"2022-03-17T09:54:33","slug":"une-assemblee-citoyenne-et-participative-sur-la-democratie-a-villeurbanne-ce-dimanche","status":"publish","type":"post","link":"https:\/\/lyonbondyblog.fr\/LBB\/une-assemblee-citoyenne-et-participative-sur-la-democratie-a-villeurbanne-ce-dimanche\/","title":{"rendered":"Une assembl\u00e9e citoyenne et participative sur la d\u00e9mocratie \u00e0 Villeurbanne, ce dimanche"},"content":{"rendered":"\n<h2 class=\"wp-block-heading\">Dimanche 20 mars, une assembl\u00e9e pour la d\u00e9mocratie aura lieu \u00e0 Villeurbanne, \u00e0 l&rsquo;espace Zola. Chaque citoyen est invit\u00e9 \u00e0 venir pour parler des enjeux d\u00e9mocratiques et nourrir la future convention citoyenne pour le renouveau d\u00e9mocratique.<\/h2>\n\n\n\n<p><a href=\"https:\/\/lescrd.org\/\" target=\"_blank\" rel=\"noreferrer noopener\">Les Citoyens pour le Renouvellement de la D\u00e9mocratie (CRD<\/a>) et <a href=\"https:\/\/www.democratieouverte.org\/\" target=\"_blank\" rel=\"noreferrer noopener\">D\u00e9mocratie Ouverte<\/a> proposent une assembl\u00e9e participative autour de la d\u00e9mocratie ce dimanche 20 mars \u00e0 Villeurbanne, \u00e0 l&rsquo;espace Zola. C\u2019est l\u2019occasion pour les citoyens de \u00ab\u00a0<em>r\u00e9inventer la d\u00e9mocratie<\/em> \u00bb, d\u2019aborder les disfonctionnements du syst\u00e8me actuel et de proposer des solutions par la suite.<\/p>\n\n\n\n<p>\u00ab\u00a0<em>L\u2019abstention, le manque d\u2019\u00e9coute, le manque de transparence<\/em>\u00a0\u00bb\u00a0: il y a plusieurs points sur lesquels il est important de se pencher, explique Marie Blondeau, organisatrice de l\u2019\u00e9v\u00e9nement.\u00a0La journ\u00e9e a \u00e9t\u00e9 \u00e9labor\u00e9e avec l&rsquo;appui de la Convention Citoyenne sur le Renouveau D\u00e9mocratique, le Pacte Civique et la Primaire Populaire de Lyon et \u00ab\u00a0<em>sans parti pris. L\u2019objectif n\u2019est pas de faire de la politique de parti mais de r\u00e9fl\u00e9chir \u00e0 ce que l\u2019on veut pour une d\u00e9mocratie plus proche de nos attentes<\/em>\u00a0\u00bb, pr\u00e9f\u00e8re-t-elle ajouter.<\/p>\n\n\n\n<h2 class=\"wp-block-heading\">\u00ab&nbsp;<em>Donner plus de pouvoir d\u2019agir aux citoyens<\/em>&nbsp;\u00bb <\/h2>\n\n\n\n<p>La journ\u00e9e d\u00e9bute par un temps d\u2019\u00e9coute des citoyens. Chacun pourra s\u2019exprimer sur le sujet qu\u2019il souhaite (\u00e9videmment li\u00e9 \u00e0 la d\u00e9mocratie), avec des animateurs qui encadreront le temps de partage. Louis-Marie Blanchard, co-pr\u00e9sident des CRD, sera notamment pr\u00e9sent pour animer les d\u00e9bats&nbsp;: <em>\u00ab&nbsp;Le matin, on va tester un jeu qui s\u2019appelle \u00ab&nbsp;la fresque de la d\u00e9mocratie&nbsp;\u00bb, qu\u2019on d\u00e9veloppe avec l\u2019association D\u00e9mocratie Ouverte, notre partenaire.&nbsp;Comme le jeu de la fresque du climat.<\/em>&nbsp;\u00bb C\u2019est un jeu de cartes qui permet de comprendre les diff\u00e9rentes probl\u00e9matiques li\u00e9es \u00e0 la d\u00e9mocratie, en reconstituant les liens de cause \u00e0 effet. Le but est de se rendre compte des diff\u00e9rents enjeux et que les citoyens puissent se former aux questions d\u00e9mocratiques.<\/p>\n\n\n\n<p>Le reste de l\u2019apr\u00e8s-midi, les citoyens vont pouvoir proposer des solutions concr\u00e8tes, sur la base de la campagne nationale \u00ab&nbsp;<a href=\"https:\/\/fairegagnerlademocratie.fr\/\">Faire gagner la d\u00e9mocratie&nbsp;<\/a>\u00bb qui r\u00e9clame une convention citoyenne pour le renouveau d\u00e9mocratique. Dedans, on retrouve 6 grandes mesures pour \u00ab&nbsp;<em>donner plus de pouvoir d\u2019agir aux citoyens<\/em>&nbsp;\u00bb, d\u00e9crit Marie Blondeau. \u00c0 la fin de la journ\u00e9e, le but est justement d\u2019apporter de la mati\u00e8re \u00e0 cette convention avec les id\u00e9es et propositions des participants.<\/p>\n\n\n\n<p>La journ\u00e9e commencera \u00e0 partir de 10 heures jusqu&rsquo;\u00e0 18 heures, avec une pause d\u00e9jeuner de 12h45 \u00e0 14h15. Il y aura \u00e9galement le m\u00eame type d\u2019\u00e9v\u00e9nement dans d\u2019autres villes en France comme Bordeaux, Paris etc.<\/p>\n<!-- AddThis Advanced Settings generic via filter on the_content --><!-- AddThis Share Buttons generic via filter on the_content -->","protected":false},"excerpt":{"rendered":"<p>Dimanche 20 mars, une assembl\u00e9e pour la d\u00e9mocratie aura lieu \u00e0 Villeurbanne, \u00e0 l&rsquo;espace Zola. Chaque citoyen est invit\u00e9 \u00e0 venir pour parler des enjeux &hellip; <!-- AddThis Advanced Settings generic via filter on wp_trim_excerpt --><!-- AddThis Share Buttons generic via filter on wp_trim_excerpt --><\/p>\n","protected":false},"author":31860,"featured_media":27859,"comment_status":"open","ping_status":"open","sticky":true,"template":"","format":"standard","meta":{"_FSMCFIC_featured_image_caption":"","_FSMCFIC_featured_image_nocaption":"","_FSMCFIC_featured_image_hide":"","footnotes":""},"categories":[4],"tags":[],"class_list":["post-27840","post","type-post","status-publish","format-standard","has-post-thumbnail","hentry","category-lyon"],"yoast_head":"<!-- This site is optimized with the Yoast SEO plugin v22.8 - https:\/\/yoast.com\/wordpress\/plugins\/seo\/ -->\n<title>Une assembl\u00e9e citoyenne et participative sur la d\u00e9mocratie \u00e0 Villeurbanne, ce dimanche - Lyon Bondy Blog<\/title>\n<meta name=\"robots\" content=\"index, follow, max-snippet:-1, max-image-preview:large, max-video-preview:-1\" \/>\n<link rel=\"canonical\" href=\"https:\/\/lyonbondyblog.fr\/LBB\/une-assemblee-citoyenne-et-participative-sur-la-democratie-a-villeurbanne-ce-dimanche\/\" \/>\n<meta property=\"og:locale\" content=\"fr_FR\" \/>\n<meta property=\"og:type\" content=\"article\" \/>\n<meta property=\"og:title\" content=\"Une assembl\u00e9e citoyenne et participative sur la d\u00e9mocratie \u00e0 Villeurbanne, ce dimanche - Lyon Bondy Blog\" \/>\n<meta property=\"og:description\" content=\"Dimanche 20 mars, une assembl\u00e9e pour la d\u00e9mocratie aura lieu \u00e0 Villeurbanne, \u00e0 l&rsquo;espace Zola. Chaque citoyen est invit\u00e9 \u00e0 venir pour parler des enjeux &hellip;\" \/>\n<meta property=\"og:url\" content=\"https:\/\/lyonbondyblog.fr\/LBB\/une-assemblee-citoyenne-et-participative-sur-la-democratie-a-villeurbanne-ce-dimanche\/\" \/>\n<meta property=\"og:site_name\" content=\"Lyon Bondy Blog\" \/>\n<meta property=\"article:publisher\" content=\"https:\/\/www.facebook.com\/lyonbondyblog\" \/>\n<meta property=\"article:published_time\" content=\"2022-03-16T16:00:09+00:00\" \/>\n<meta property=\"article:modified_time\" content=\"2022-03-17T09:54:33+00:00\" \/>\n<meta property=\"og:image\" content=\"https:\/\/lyonbondyblog.fr\/LBB\/wp-content\/uploads\/2022\/03\/Copie-de-AD_20MARS_A5_page-0001-e1647447250757.jpg\" \/>\n\t<meta property=\"og:image:width\" content=\"1240\" \/>\n\t<meta property=\"og:image:height\" content=\"877\" \/>\n\t<meta property=\"og:image:type\" content=\"image\/jpeg\" \/>\n<meta name=\"author\" content=\"In\u00e8s Pallot\" \/>\n<meta name=\"twitter:card\" content=\"summary_large_image\" \/>\n<meta name=\"twitter:creator\" content=\"@bondybloglyon\" \/>\n<meta name=\"twitter:site\" content=\"@bondybloglyon\" \/>\n<script type=\"application\/ld+json\" class=\"yoast-schema-graph\">{\"@context\":\"https:\/\/schema.org\",\"@graph\":[{\"@type\":\"Article\",\"@id\":\"https:\/\/lyonbondyblog.fr\/LBB\/une-assemblee-citoyenne-et-participative-sur-la-democratie-a-villeurbanne-ce-dimanche\/#article\",\"isPartOf\":{\"@id\":\"https:\/\/lyonbondyblog.fr\/LBB\/une-assemblee-citoyenne-et-participative-sur-la-democratie-a-villeurbanne-ce-dimanche\/\"},\"author\":{\"name\":\"In\u00e8s Pallot\",\"@id\":\"https:\/\/lyonbondyblog.fr\/LBB\/#\/schema\/person\/9f49d5a620b7ff0b22195422b4ef0cc4\"},\"headline\":\"Une assembl\u00e9e citoyenne et participative sur la d\u00e9mocratie \u00e0 Villeurbanne, ce dimanche\",\"datePublished\":\"2022-03-16T16:00:09+00:00\",\"dateModified\":\"2022-03-17T09:54:33+00:00\",\"mainEntityOfPage\":{\"@id\":\"https:\/\/lyonbondyblog.fr\/LBB\/une-assemblee-citoyenne-et-participative-sur-la-democratie-a-villeurbanne-ce-dimanche\/\"},\"wordCount\":481,\"commentCount\":0,\"publisher\":{\"@id\":\"https:\/\/lyonbondyblog.fr\/LBB\/#organization\"},\"image\":{\"@id\":\"https:\/\/lyonbondyblog.fr\/LBB\/une-assemblee-citoyenne-et-participative-sur-la-democratie-a-villeurbanne-ce-dimanche\/#primaryimage\"},\"thumbnailUrl\":\"https:\/\/lyonbondyblog.fr\/LBB\/wp-content\/uploads\/2022\/03\/Copie-de-AD_20MARS_A5_page-0001-e1647447250757.jpg\",\"articleSection\":[\"Lyon\"],\"inLanguage\":\"fr-FR\",\"potentialAction\":[{\"@type\":\"CommentAction\",\"name\":\"Comment\",\"target\":[\"https:\/\/lyonbondyblog.fr\/LBB\/une-assemblee-citoyenne-et-participative-sur-la-democratie-a-villeurbanne-ce-dimanche\/#respond\"]}]},{\"@type\":\"WebPage\",\"@id\":\"https:\/\/lyonbondyblog.fr\/LBB\/une-assemblee-citoyenne-et-participative-sur-la-democratie-a-villeurbanne-ce-dimanche\/\",\"url\":\"https:\/\/lyonbondyblog.fr\/LBB\/une-assemblee-citoyenne-et-participative-sur-la-democratie-a-villeurbanne-ce-dimanche\/\",\"name\":\"Une assembl\u00e9e citoyenne et participative sur la d\u00e9mocratie \u00e0 Villeurbanne, ce dimanche - Lyon Bondy Blog\",\"isPartOf\":{\"@id\":\"https:\/\/lyonbondyblog.fr\/LBB\/#website\"},\"primaryImageOfPage\":{\"@id\":\"https:\/\/lyonbondyblog.fr\/LBB\/une-assemblee-citoyenne-et-participative-sur-la-democratie-a-villeurbanne-ce-dimanche\/#primaryimage\"},\"image\":{\"@id\":\"https:\/\/lyonbondyblog.fr\/LBB\/une-assemblee-citoyenne-et-participative-sur-la-democratie-a-villeurbanne-ce-dimanche\/#primaryimage\"},\"thumbnailUrl\":\"https:\/\/lyonbondyblog.fr\/LBB\/wp-content\/uploads\/2022\/03\/Copie-de-AD_20MARS_A5_page-0001-e1647447250757.jpg\",\"datePublished\":\"2022-03-16T16:00:09+00:00\",\"dateModified\":\"2022-03-17T09:54:33+00:00\",\"inLanguage\":\"fr-FR\",\"potentialAction\":[{\"@type\":\"ReadAction\",\"target\":[\"https:\/\/lyonbondyblog.fr\/LBB\/une-assemblee-citoyenne-et-participative-sur-la-democratie-a-villeurbanne-ce-dimanche\/\"]}]},{\"@type\":\"ImageObject\",\"inLanguage\":\"fr-FR\",\"@id\":\"https:\/\/lyonbondyblog.fr\/LBB\/une-assemblee-citoyenne-et-participative-sur-la-democratie-a-villeurbanne-ce-dimanche\/#primaryimage\",\"url\":\"https:\/\/lyonbondyblog.fr\/LBB\/wp-content\/uploads\/2022\/03\/Copie-de-AD_20MARS_A5_page-0001-e1647447250757.jpg\",\"contentUrl\":\"https:\/\/lyonbondyblog.fr\/LBB\/wp-content\/uploads\/2022\/03\/Copie-de-AD_20MARS_A5_page-0001-e1647447250757.jpg\",\"width\":1240,\"height\":877},{\"@type\":\"WebSite\",\"@id\":\"https:\/\/lyonbondyblog.fr\/LBB\/#website\",\"url\":\"https:\/\/lyonbondyblog.fr\/LBB\/\",\"name\":\"Lyon Bondy Blog\",\"description\":\"\",\"publisher\":{\"@id\":\"https:\/\/lyonbondyblog.fr\/LBB\/#organization\"},\"potentialAction\":[{\"@type\":\"SearchAction\",\"target\":{\"@type\":\"EntryPoint\",\"urlTemplate\":\"https:\/\/lyonbondyblog.fr\/LBB\/?s={search_term_string}\"},\"query-input\":\"required name=search_term_string\"}],\"inLanguage\":\"fr-FR\"},{\"@type\":\"Organization\",\"@id\":\"https:\/\/lyonbondyblog.fr\/LBB\/#organization\",\"name\":\"LYON BONDY BLOG\",\"url\":\"https:\/\/lyonbondyblog.fr\/LBB\/\",\"logo\":{\"@type\":\"ImageObject\",\"inLanguage\":\"fr-FR\",\"@id\":\"https:\/\/lyonbondyblog.fr\/LBB\/#\/schema\/logo\/image\/\",\"url\":\"http:\/\/lyonbondyblog.fr\/LBB\/wp-content\/uploads\/2014\/10\/logo-portable-144.png\",\"contentUrl\":\"http:\/\/lyonbondyblog.fr\/LBB\/wp-content\/uploads\/2014\/10\/logo-portable-144.png\",\"width\":144,\"height\":123,\"caption\":\"LYON BONDY BLOG\"},\"image\":{\"@id\":\"https:\/\/lyonbondyblog.fr\/LBB\/#\/schema\/logo\/image\/\"},\"sameAs\":[\"https:\/\/www.facebook.com\/lyonbondyblog\",\"https:\/\/x.com\/bondybloglyon\"]},{\"@type\":\"Person\",\"@id\":\"https:\/\/lyonbondyblog.fr\/LBB\/#\/schema\/person\/9f49d5a620b7ff0b22195422b4ef0cc4\",\"name\":\"In\u00e8s Pallot\",\"url\":\"https:\/\/lyonbondyblog.fr\/LBB\/author\/inesp\/\"}]}<\/script>\n<!-- \/ Yoast SEO plugin. -->","yoast_head_json":{"title":"Une assembl\u00e9e citoyenne et participative sur la d\u00e9mocratie \u00e0 Villeurbanne, ce dimanche - Lyon Bondy Blog","robots":{"index":"index","follow":"follow","max-snippet":"max-snippet:-1","max-image-preview":"max-image-preview:large","max-video-preview":"max-video-preview:-1"},"canonical":"https:\/\/lyonbondyblog.fr\/LBB\/une-assemblee-citoyenne-et-participative-sur-la-democratie-a-villeurbanne-ce-dimanche\/","og_locale":"fr_FR","og_type":"article","og_title":"Une assembl\u00e9e citoyenne et participative sur la d\u00e9mocratie \u00e0 Villeurbanne, ce dimanche - Lyon Bondy Blog","og_description":"Dimanche 20 mars, une assembl\u00e9e pour la d\u00e9mocratie aura lieu \u00e0 Villeurbanne, \u00e0 l&rsquo;espace Zola. Chaque citoyen est invit\u00e9 \u00e0 venir pour parler des enjeux &hellip;","og_url":"https:\/\/lyonbondyblog.fr\/LBB\/une-assemblee-citoyenne-et-participative-sur-la-democratie-a-villeurbanne-ce-dimanche\/","og_site_name":"Lyon Bondy Blog","article_publisher":"https:\/\/www.facebook.com\/lyonbondyblog","article_published_time":"2022-03-16T16:00:09+00:00","article_modified_time":"2022-03-17T09:54:33+00:00","og_image":[{"width":1240,"height":877,"url":"https:\/\/lyonbondyblog.fr\/LBB\/wp-content\/uploads\/2022\/03\/Copie-de-AD_20MARS_A5_page-0001-e1647447250757.jpg","type":"image\/jpeg"}],"author":"In\u00e8s Pallot","twitter_card":"summary_large_image","twitter_creator":"@bondybloglyon","twitter_site":"@bondybloglyon","schema":{"@context":"https:\/\/schema.org","@graph":[{"@type":"Article","@id":"https:\/\/lyonbondyblog.fr\/LBB\/une-assemblee-citoyenne-et-participative-sur-la-democratie-a-villeurbanne-ce-dimanche\/#article","isPartOf":{"@id":"https:\/\/lyonbondyblog.fr\/LBB\/une-assemblee-citoyenne-et-participative-sur-la-democratie-a-villeurbanne-ce-dimanche\/"},"author":{"name":"In\u00e8s Pallot","@id":"https:\/\/lyonbondyblog.fr\/LBB\/#\/schema\/person\/9f49d5a620b7ff0b22195422b4ef0cc4"},"headline":"Une assembl\u00e9e citoyenne et participative sur la d\u00e9mocratie \u00e0 Villeurbanne, ce dimanche","datePublished":"2022-03-16T16:00:09+00:00","dateModified":"2022-03-17T09:54:33+00:00","mainEntityOfPage":{"@id":"https:\/\/lyonbondyblog.fr\/LBB\/une-assemblee-citoyenne-et-participative-sur-la-democratie-a-villeurbanne-ce-dimanche\/"},"wordCount":481,"commentCount":0,"publisher":{"@id":"https:\/\/lyonbondyblog.fr\/LBB\/#organization"},"image":{"@id":"https:\/\/lyonbondyblog.fr\/LBB\/une-assemblee-citoyenne-et-participative-sur-la-democratie-a-villeurbanne-ce-dimanche\/#primaryimage"},"thumbnailUrl":"https:\/\/lyonbondyblog.fr\/LBB\/wp-content\/uploads\/2022\/03\/Copie-de-AD_20MARS_A5_page-0001-e1647447250757.jpg","articleSection":["Lyon"],"inLanguage":"fr-FR","potentialAction":[{"@type":"CommentAction","name":"Comment","target":["https:\/\/lyonbondyblog.fr\/LBB\/une-assemblee-citoyenne-et-participative-sur-la-democratie-a-villeurbanne-ce-dimanche\/#respond"]}]},{"@type":"WebPage","@id":"https:\/\/lyonbondyblog.fr\/LBB\/une-assemblee-citoyenne-et-participative-sur-la-democratie-a-villeurbanne-ce-dimanche\/","url":"https:\/\/lyonbondyblog.fr\/LBB\/une-assemblee-citoyenne-et-participative-sur-la-democratie-a-villeurbanne-ce-dimanche\/","name":"Une assembl\u00e9e citoyenne et participative sur la d\u00e9mocratie \u00e0 Villeurbanne, ce dimanche - Lyon Bondy Blog","isPartOf":{"@id":"https:\/\/lyonbondyblog.fr\/LBB\/#website"},"primaryImageOfPage":{"@id":"https:\/\/lyonbondyblog.fr\/LBB\/une-assemblee-citoyenne-et-participative-sur-la-democratie-a-villeurbanne-ce-dimanche\/#primaryimage"},"image":{"@id":"https:\/\/lyonbondyblog.fr\/LBB\/une-assemblee-citoyenne-et-participative-sur-la-democratie-a-villeurbanne-ce-dimanche\/#primaryimage"},"thumbnailUrl":"https:\/\/lyonbondyblog.fr\/LBB\/wp-content\/uploads\/2022\/03\/Copie-de-AD_20MARS_A5_page-0001-e1647447250757.jpg","datePublished":"2022-03-16T16:00:09+00:00","dateModified":"2022-03-17T09:54:33+00:00","inLanguage":"fr-FR","potentialAction":[{"@type":"ReadAction","target":["https:\/\/lyonbondyblog.fr\/LBB\/une-assemblee-citoyenne-et-participative-sur-la-democratie-a-villeurbanne-ce-dimanche\/"]}]},{"@type":"ImageObject","inLanguage":"fr-FR","@id":"https:\/\/lyonbondyblog.fr\/LBB\/une-assemblee-citoyenne-et-participative-sur-la-democratie-a-villeurbanne-ce-dimanche\/#primaryimage","url":"https:\/\/lyonbondyblog.fr\/LBB\/wp-content\/uploads\/2022\/03\/Copie-de-AD_20MARS_A5_page-0001-e1647447250757.jpg","contentUrl":"https:\/\/lyonbondyblog.fr\/LBB\/wp-content\/uploads\/2022\/03\/Copie-de-AD_20MARS_A5_page-0001-e1647447250757.jpg","width":1240,"height":877},{"@type":"WebSite","@id":"https:\/\/lyonbondyblog.fr\/LBB\/#website","url":"https:\/\/lyonbondyblog.fr\/LBB\/","name":"Lyon Bondy Blog","description":"","publisher":{"@id":"https:\/\/lyonbondyblog.fr\/LBB\/#organization"},"potentialAction":[{"@type":"SearchAction","target":{"@type":"EntryPoint","urlTemplate":"https:\/\/lyonbondyblog.fr\/LBB\/?s={search_term_string}"},"query-input":"required name=search_term_string"}],"inLanguage":"fr-FR"},{"@type":"Organization","@id":"https:\/\/lyonbondyblog.fr\/LBB\/#organization","name":"LYON BONDY BLOG","url":"https:\/\/lyonbondyblog.fr\/LBB\/","logo":{"@type":"ImageObject","inLanguage":"fr-FR","@id":"https:\/\/lyonbondyblog.fr\/LBB\/#\/schema\/logo\/image\/","url":"http:\/\/lyonbondyblog.fr\/LBB\/wp-content\/uploads\/2014\/10\/logo-portable-144.png","contentUrl":"http:\/\/lyonbondyblog.fr\/LBB\/wp-content\/uploads\/2014\/10\/logo-portable-144.png","width":144,"height":123,"caption":"LYON BONDY BLOG"},"image":{"@id":"https:\/\/lyonbondyblog.fr\/LBB\/#\/schema\/logo\/image\/"},"sameAs":["https:\/\/www.facebook.com\/lyonbondyblog","https:\/\/x.com\/bondybloglyon"]},{"@type":"Person","@id":"https:\/\/lyonbondyblog.fr\/LBB\/#\/schema\/person\/9f49d5a620b7ff0b22195422b4ef0cc4","name":"In\u00e8s Pallot","url":"https:\/\/lyonbondyblog.fr\/LBB\/author\/inesp\/"}]}},"_links":{"self":[{"href":"https:\/\/lyonbondyblog.fr\/LBB\/wp-json\/wp\/v2\/posts\/27840","targetHints":{"allow":["GET"]}}],"collection":[{"href":"https:\/\/lyonbondyblog.fr\/LBB\/wp-json\/wp\/v2\/posts"}],"about":[{"href":"https:\/\/lyonbondyblog.fr\/LBB\/wp-json\/wp\/v2\/types\/post"}],"author":[{"embeddable":true,"href":"https:\/\/lyonbondyblog.fr\/LBB\/wp-json\/wp\/v2\/users\/31860"}],"replies":[{"embeddable":true,"href":"https:\/\/lyonbondyblog.fr\/LBB\/wp-json\/wp\/v2\/comments?post=27840"}],"version-history":[{"count":21,"href":"https:\/\/lyonbondyblog.fr\/LBB\/wp-json\/wp\/v2\/posts\/27840\/revisions"}],"predecessor-version":[{"id":27866,"href":"https:\/\/lyonbondyblog.fr\/LBB\/wp-json\/wp\/v2\/posts\/27840\/revisions\/27866"}],"wp:featuredmedia":[{"embeddable":true,"href":"https:\/\/lyonbondyblog.fr\/LBB\/wp-json\/wp\/v2\/media\/27859"}],"wp:attachment":[{"href":"https:\/\/lyonbondyblog.fr\/LBB\/wp-json\/wp\/v2\/media?parent=27840"}],"wp:term":[{"taxonomy":"category","embeddable":true,"href":"https:\/\/lyonbondyblog.fr\/LBB\/wp-json\/wp\/v2\/categories?post=27840"},{"taxonomy":"post_tag","embeddable":true,"href":"https:\/\/lyonbondyblog.fr\/LBB\/wp-json\/wp\/v2\/tags?post=27840"}],"curies":[{"name":"wp","href":"https:\/\/api.w.org\/{rel}","templated":true}]}}