{"id":2779,"date":"2010-05-19T13:11:44","date_gmt":"2010-05-19T11:11:44","guid":{"rendered":"http:\/\/lyonbondyblog.fr\/LBB\/?p=2779"},"modified":"2013-08-01T13:15:49","modified_gmt":"2013-08-01T11:15:49","slug":"les-gratte-ciel-ou-lhistoire-des-juifs-de-villeurbanne","status":"publish","type":"post","link":"https:\/\/lyonbondyblog.fr\/LBB\/les-gratte-ciel-ou-lhistoire-des-juifs-de-villeurbanne\/","title":{"rendered":"Les Gratte-ciel ou l&rsquo;histoire des juifs de Villeurbanne"},"content":{"rendered":"<p><strong>Alesson nous fait d\u00e9couvrir l&rsquo;histoire de la communaut\u00e9 juive de Villeurbanne, la plus importante de la r\u00e9gion Rh\u00f4ne-Alpes&#8230;<\/strong><\/p>\n<p><a href=\"https:\/\/lyonbondyblog.fr\/LBB\/wp-content\/uploads\/2013\/08\/gratteciel_t.png\"><img loading=\"lazy\" decoding=\"async\" class=\"size-full wp-image-2783 alignleft\" alt=\"gratteciel_t\" src=\"https:\/\/lyonbondyblog.fr\/LBB\/wp-content\/uploads\/2013\/08\/gratteciel_t.png\" width=\"193\" height=\"145\" \/><\/a><br \/>\nLes Gratte-Ciel, c&rsquo;est un peu le symbole de la ville de Villeurbanne. Con\u00e7u dans les ann\u00e9es 30 pour palier au manque de logements sur la commune, l&rsquo;ouvrage, ultra-moderne pour son \u00e9poque, avait aussi \u00e9t\u00e9 imagin\u00e9 pour affirmer l&rsquo;identit\u00e9 de Villeurbanne face \u00e0 la grande voisine d\u00e9voreuse : Lyon.<\/p>\n<p>Ce que tr\u00e8s peu de gens savent c&rsquo;est que les soixante-cinq m\u00e8tres de marbre ont \u00e9t\u00e9 la principale raison de la venue de la plus grande communaut\u00e9 juive de la r\u00e9gion Rh\u00f4ne-Alpes. \u00ab L&rsquo;\u00e9poque de l&rsquo;ach\u00e8vement des Gratte-Ciel co\u00efncide avec celle de la fuite des juifs allemands chass\u00e9s par les nazis. Une partie de ces juifs allemands pers\u00e9cut\u00e9s sont alors venus s&rsquo;installer en Rh\u00f4ne-Alpes \u00bb, t\u00e9moigne Francine Kahn, fille de juifs allemands arriv\u00e9s \u00e0 Villeurbanne \u00e0 cette \u00e9poque-l\u00e0.<\/p>\n<p>La communaut\u00e9 juive prend peu \u00e0 peu ses marques et s&rsquo;int\u00e8gre dans la vie municipale. En 1964, avec l&rsquo;aide des protestants et des fonds provenant d&rsquo;Allemagne, la \u00ab Synagogue de la Fraternit\u00e9 \u00bb est inaugur\u00e9e. Ce sera la toute premi\u00e8re synagogue de Villeurbanne. 40 ans plus tard, \u00e0 la sortie de cette m\u00eame synagogue, je rencontre Samuel, 25 ans, \u00e9tudiant en Histoire. \u00ab Villeurbanne a toujours eu une tradition d&rsquo;accueil des immigr\u00e9s, mais c&rsquo;est vrai qu&rsquo;il y a un accueil sp\u00e9cial, si l&rsquo;on peut dire, avec les juifs car c&rsquo;\u00e9tait la premi\u00e8re population \u00e9trang\u00e8re \u00e0 occuper des postes au sein de la municipalit\u00e9 et une grande partie du quartier de la mairie (ndrl Gratte-ciel) est habit\u00e9e par des juifs. Villeurbanne s&rsquo;est m\u00eame jumel\u00e9e dans les ann\u00e9es 70 \u00e0 une ville isra\u00e9lienne(Bat Yam) \u00bb.<\/p>\n<p>Quelques d\u00e9cennies apr\u00e8s la venue des juifs allemands, une nouvelle communaut\u00e9 juive arrive en France : les s\u00e9pharades. \u00ab A cette \u00e9poque, tous les juifs ashk\u00e9nazes, c&rsquo;est-\u00e0-dire venus d&rsquo;Allemagne ou de l&rsquo;Europe de l&rsquo;Est, \u00e9taient soit morts , soit partis vivre en Isra\u00ebl comme mes parents. Leurs fils, des jeunes tr\u00e8s dipl\u00f4m\u00e9s, ont d\u00e9cid\u00e9 eux aussi de vivre ailleurs. Ensuite, apr\u00e8s la Guerre d&rsquo;Alg\u00e9rie, une nouvelle communaut\u00e9 juive, les s\u00e9pharades, est venue vivre \u00e0 Lyon. Ils se sont install\u00e9s \u00e0 la Duch\u00e8re, \u00e0 Saint-Fons, ils ont cr\u00e9\u00e9 leur propre synagogue. Il y a eu aussi une immigration des juifs polonais qui se sont install\u00e9s apr\u00e8s guerre. Et sans oublier la communaut\u00e9 juive fran\u00e7aise.\u00a0\u00bb, pr\u00e9cise Francine.<\/p>\n<p>Des incidents antis\u00e9mites dans la banlieue vont bouleverser et changer encore une fois l&rsquo;histoire de la communaut\u00e9 juive \u00e0 Villeurbanne. \u00ab Certains juifs qui habitaient en banlieue ont \u00e9t\u00e9 victimes de l&rsquo;antis\u00e9mitisme. C&rsquo;\u00e9taient des juifs religieux, diff\u00e9rents de mes parents. Ils ont alors d\u00e9cid\u00e9 de quitter ces quartiers. Une partie est all\u00e9e en Isra\u00ebl et une autre partie s&rsquo;est regroup\u00e9e \u00e0 Villeurbanne. \u00c7a date des ann\u00e9es 80-95. \u00bb<\/p>\n<p>Rapidement, cette nouvelle communaut\u00e9 juive s\u00e9pharade a construit son propre mode de vie. Des supermarch\u00e9s, des boucheries cashers (inexistantes \u00e0 l&rsquo;\u00e9poque des parents de Francine), des \u00e9coles. Sans parler, bien \u00e9videment, de la synagogue qui a \u00e9t\u00e9 reprise. Francine, qui s&rsquo;auto-d\u00e9clare la\u00efque, \u00abath\u00e9e, m\u00eame si cette histoire fait partie de moi \u00bb d\u00e9nonce un juda\u00efsme assez radical et int\u00e9griste pr\u00e9sent actuellement \u00e0 Villeurbanne.<\/p>\n<p>\u00abMalheureusement, on voit de plus en plus la croissance des nouveaux sectarismes dans les courants religieux qui se d\u00e9veloppent pour un tas de raisons sociologiques, politiques, des sectes, soit dans le juda\u00efsme, soit dans l&rsquo;islam. En France, nous avons la chance d&rsquo;avoir une \u00e9cole la\u00efque et r\u00e9publicaine. Pour des enfants d&rsquo;immigr\u00e9s comme moi, \u00e7a a \u00e9t\u00e9 une source d&rsquo;int\u00e9gration extraordinaire.. \u00bb, me confie Francine.<\/p>\n<p>Maril\u00e8ne, habitante des Gratte-Ciel, ath\u00e9e, me livre son regard sur la communaut\u00e9 juive villeurbannaise : \u00ab Je ne saurais pas vous dire pourquoi les juifs se sont install\u00e9s dans le quartier, cependant je dirais que les jeunes sont beaucoup plus ouverts que leurs parents, m\u00eame s&rsquo;il y en a beaucoup qui restent entre eux, parce qu\u00a0\u00bbils vont au m\u00eame lyc\u00e9e (juif). Par contre, je vois de plus en plus de jeunes juifs avec d&rsquo;autres jeunes non- juifs. Cela n&rsquo;existait pas il y a 10 ans ! \u00bb.<\/p>\n<p>Il y aurait environ 10 milles juifs dans la r\u00e9gion Rh\u00f4ne-Alpes. Sa grande majorit\u00e9 vit \u00e0 Villeurbanne et ce sont des juifs s\u00e9pharades.<\/p>\n<p><span style=\"text-decoration: underline;\">Auteur :\u00a0\u00a0Alesson Souza<\/span><\/p>\n<!-- AddThis Advanced Settings generic via filter on the_content --><!-- AddThis Share Buttons generic via filter on the_content -->","protected":false},"excerpt":{"rendered":"<p>Alesson nous fait d\u00e9couvrir l&rsquo;histoire de la communaut\u00e9 juive de Villeurbanne, la plus importante de la r\u00e9gion Rh\u00f4ne-Alpes&#8230; Les Gratte-Ciel, c&rsquo;est un peu le symbole &hellip; <!-- AddThis Advanced Settings generic via filter on wp_trim_excerpt --><!-- AddThis Share Buttons generic via filter on wp_trim_excerpt --><\/p>\n","protected":false},"author":1,"featured_media":2783,"comment_status":"open","ping_status":"open","sticky":false,"template":"","format":"standard","meta":{"_FSMCFIC_featured_image_caption":"","_FSMCFIC_featured_image_nocaption":"","_FSMCFIC_featured_image_hide":"","footnotes":""},"categories":[4],"tags":[10,112],"class_list":["post-2779","post","type-post","status-publish","format-standard","has-post-thumbnail","hentry","category-lyon","tag-lyon-2","tag-lyon-bondy-blog"],"yoast_head":"<!-- This site is optimized with the Yoast SEO plugin v22.8 - https:\/\/yoast.com\/wordpress\/plugins\/seo\/ -->\n<title>Les Gratte-ciel ou l&#039;histoire des juifs de Villeurbanne - Lyon Bondy Blog<\/title>\n<meta name=\"robots\" content=\"index, follow, max-snippet:-1, max-image-preview:large, max-video-preview:-1\" \/>\n<link rel=\"canonical\" href=\"https:\/\/lyonbondyblog.fr\/LBB\/les-gratte-ciel-ou-lhistoire-des-juifs-de-villeurbanne\/\" \/>\n<meta property=\"og:locale\" content=\"fr_FR\" \/>\n<meta property=\"og:type\" content=\"article\" \/>\n<meta property=\"og:title\" content=\"Les Gratte-ciel ou l&#039;histoire des juifs de Villeurbanne - Lyon Bondy Blog\" \/>\n<meta property=\"og:description\" content=\"Alesson nous fait d\u00e9couvrir l&rsquo;histoire de la communaut\u00e9 juive de Villeurbanne, la plus importante de la r\u00e9gion Rh\u00f4ne-Alpes&#8230; Les Gratte-Ciel, c&rsquo;est un peu le symbole &hellip;\" \/>\n<meta property=\"og:url\" content=\"https:\/\/lyonbondyblog.fr\/LBB\/les-gratte-ciel-ou-lhistoire-des-juifs-de-villeurbanne\/\" \/>\n<meta property=\"og:site_name\" content=\"Lyon Bondy Blog\" \/>\n<meta property=\"article:publisher\" content=\"https:\/\/www.facebook.com\/lyonbondyblog\" \/>\n<meta property=\"article:author\" content=\"https:\/\/www.facebook.com\/lyonbondyblog\" \/>\n<meta property=\"article:published_time\" content=\"2010-05-19T11:11:44+00:00\" \/>\n<meta property=\"article:modified_time\" content=\"2013-08-01T11:15:49+00:00\" \/>\n<meta property=\"og:image\" content=\"https:\/\/lyonbondyblog.fr\/LBB\/wp-content\/uploads\/2013\/08\/gratteciel_t.png\" \/>\n\t<meta property=\"og:image:width\" content=\"193\" \/>\n\t<meta property=\"og:image:height\" content=\"145\" \/>\n\t<meta property=\"og:image:type\" content=\"image\/png\" \/>\n<meta name=\"author\" content=\"La r\u00e9daction\" \/>\n<meta name=\"twitter:card\" content=\"summary_large_image\" \/>\n<meta name=\"twitter:creator\" content=\"@BondyBlogLyon\" \/>\n<meta name=\"twitter:site\" content=\"@bondybloglyon\" \/>\n<script type=\"application\/ld+json\" class=\"yoast-schema-graph\">{\"@context\":\"https:\/\/schema.org\",\"@graph\":[{\"@type\":\"Article\",\"@id\":\"https:\/\/lyonbondyblog.fr\/LBB\/les-gratte-ciel-ou-lhistoire-des-juifs-de-villeurbanne\/#article\",\"isPartOf\":{\"@id\":\"https:\/\/lyonbondyblog.fr\/LBB\/les-gratte-ciel-ou-lhistoire-des-juifs-de-villeurbanne\/\"},\"author\":{\"name\":\"La r\u00e9daction\",\"@id\":\"https:\/\/lyonbondyblog.fr\/LBB\/#\/schema\/person\/e45f8d27baac75072daa0be50c409b25\"},\"headline\":\"Les Gratte-ciel ou l&rsquo;histoire des juifs de Villeurbanne\",\"datePublished\":\"2010-05-19T11:11:44+00:00\",\"dateModified\":\"2013-08-01T11:15:49+00:00\",\"mainEntityOfPage\":{\"@id\":\"https:\/\/lyonbondyblog.fr\/LBB\/les-gratte-ciel-ou-lhistoire-des-juifs-de-villeurbanne\/\"},\"wordCount\":756,\"commentCount\":0,\"publisher\":{\"@id\":\"https:\/\/lyonbondyblog.fr\/LBB\/#organization\"},\"image\":{\"@id\":\"https:\/\/lyonbondyblog.fr\/LBB\/les-gratte-ciel-ou-lhistoire-des-juifs-de-villeurbanne\/#primaryimage\"},\"thumbnailUrl\":\"https:\/\/lyonbondyblog.fr\/LBB\/wp-content\/uploads\/2013\/08\/gratteciel_t.png\",\"keywords\":[\"lyon\",\"Lyon Bondy Blog\"],\"articleSection\":[\"Lyon\"],\"inLanguage\":\"fr-FR\",\"potentialAction\":[{\"@type\":\"CommentAction\",\"name\":\"Comment\",\"target\":[\"https:\/\/lyonbondyblog.fr\/LBB\/les-gratte-ciel-ou-lhistoire-des-juifs-de-villeurbanne\/#respond\"]}]},{\"@type\":\"WebPage\",\"@id\":\"https:\/\/lyonbondyblog.fr\/LBB\/les-gratte-ciel-ou-lhistoire-des-juifs-de-villeurbanne\/\",\"url\":\"https:\/\/lyonbondyblog.fr\/LBB\/les-gratte-ciel-ou-lhistoire-des-juifs-de-villeurbanne\/\",\"name\":\"Les Gratte-ciel ou l'histoire des juifs de Villeurbanne - Lyon Bondy Blog\",\"isPartOf\":{\"@id\":\"https:\/\/lyonbondyblog.fr\/LBB\/#website\"},\"primaryImageOfPage\":{\"@id\":\"https:\/\/lyonbondyblog.fr\/LBB\/les-gratte-ciel-ou-lhistoire-des-juifs-de-villeurbanne\/#primaryimage\"},\"image\":{\"@id\":\"https:\/\/lyonbondyblog.fr\/LBB\/les-gratte-ciel-ou-lhistoire-des-juifs-de-villeurbanne\/#primaryimage\"},\"thumbnailUrl\":\"https:\/\/lyonbondyblog.fr\/LBB\/wp-content\/uploads\/2013\/08\/gratteciel_t.png\",\"datePublished\":\"2010-05-19T11:11:44+00:00\",\"dateModified\":\"2013-08-01T11:15:49+00:00\",\"inLanguage\":\"fr-FR\",\"potentialAction\":[{\"@type\":\"ReadAction\",\"target\":[\"https:\/\/lyonbondyblog.fr\/LBB\/les-gratte-ciel-ou-lhistoire-des-juifs-de-villeurbanne\/\"]}]},{\"@type\":\"ImageObject\",\"inLanguage\":\"fr-FR\",\"@id\":\"https:\/\/lyonbondyblog.fr\/LBB\/les-gratte-ciel-ou-lhistoire-des-juifs-de-villeurbanne\/#primaryimage\",\"url\":\"https:\/\/lyonbondyblog.fr\/LBB\/wp-content\/uploads\/2013\/08\/gratteciel_t.png\",\"contentUrl\":\"https:\/\/lyonbondyblog.fr\/LBB\/wp-content\/uploads\/2013\/08\/gratteciel_t.png\",\"width\":193,\"height\":145},{\"@type\":\"WebSite\",\"@id\":\"https:\/\/lyonbondyblog.fr\/LBB\/#website\",\"url\":\"https:\/\/lyonbondyblog.fr\/LBB\/\",\"name\":\"Lyon Bondy Blog\",\"description\":\"\",\"publisher\":{\"@id\":\"https:\/\/lyonbondyblog.fr\/LBB\/#organization\"},\"potentialAction\":[{\"@type\":\"SearchAction\",\"target\":{\"@type\":\"EntryPoint\",\"urlTemplate\":\"https:\/\/lyonbondyblog.fr\/LBB\/?s={search_term_string}\"},\"query-input\":\"required name=search_term_string\"}],\"inLanguage\":\"fr-FR\"},{\"@type\":\"Organization\",\"@id\":\"https:\/\/lyonbondyblog.fr\/LBB\/#organization\",\"name\":\"LYON BONDY BLOG\",\"url\":\"https:\/\/lyonbondyblog.fr\/LBB\/\",\"logo\":{\"@type\":\"ImageObject\",\"inLanguage\":\"fr-FR\",\"@id\":\"https:\/\/lyonbondyblog.fr\/LBB\/#\/schema\/logo\/image\/\",\"url\":\"http:\/\/lyonbondyblog.fr\/LBB\/wp-content\/uploads\/2014\/10\/logo-portable-144.png\",\"contentUrl\":\"http:\/\/lyonbondyblog.fr\/LBB\/wp-content\/uploads\/2014\/10\/logo-portable-144.png\",\"width\":144,\"height\":123,\"caption\":\"LYON BONDY BLOG\"},\"image\":{\"@id\":\"https:\/\/lyonbondyblog.fr\/LBB\/#\/schema\/logo\/image\/\"},\"sameAs\":[\"https:\/\/www.facebook.com\/lyonbondyblog\",\"https:\/\/x.com\/bondybloglyon\"]},{\"@type\":\"Person\",\"@id\":\"https:\/\/lyonbondyblog.fr\/LBB\/#\/schema\/person\/e45f8d27baac75072daa0be50c409b25\",\"name\":\"La r\u00e9daction\",\"description\":\"Cr\u00e9e en 2008, la r\u00e9daction du Lyon Bondy Blog s'applique \u00e0 proposer une information locale diff\u00e9rente et compl\u00e9mentaire des m\u00e9dias traditionnels.\",\"sameAs\":[\"https:\/\/www.facebook.com\/lyonbondyblog\",\"https:\/\/x.com\/BondyBlogLyon\"],\"url\":\"https:\/\/lyonbondyblog.fr\/LBB\/author\/admin\/\"}]}<\/script>\n<!-- \/ Yoast SEO plugin. -->","yoast_head_json":{"title":"Les Gratte-ciel ou l'histoire des juifs de Villeurbanne - Lyon Bondy Blog","robots":{"index":"index","follow":"follow","max-snippet":"max-snippet:-1","max-image-preview":"max-image-preview:large","max-video-preview":"max-video-preview:-1"},"canonical":"https:\/\/lyonbondyblog.fr\/LBB\/les-gratte-ciel-ou-lhistoire-des-juifs-de-villeurbanne\/","og_locale":"fr_FR","og_type":"article","og_title":"Les Gratte-ciel ou l'histoire des juifs de Villeurbanne - Lyon Bondy Blog","og_description":"Alesson nous fait d\u00e9couvrir l&rsquo;histoire de la communaut\u00e9 juive de Villeurbanne, la plus importante de la r\u00e9gion Rh\u00f4ne-Alpes&#8230; Les Gratte-Ciel, c&rsquo;est un peu le symbole &hellip;","og_url":"https:\/\/lyonbondyblog.fr\/LBB\/les-gratte-ciel-ou-lhistoire-des-juifs-de-villeurbanne\/","og_site_name":"Lyon Bondy Blog","article_publisher":"https:\/\/www.facebook.com\/lyonbondyblog","article_author":"https:\/\/www.facebook.com\/lyonbondyblog","article_published_time":"2010-05-19T11:11:44+00:00","article_modified_time":"2013-08-01T11:15:49+00:00","og_image":[{"width":193,"height":145,"url":"https:\/\/lyonbondyblog.fr\/LBB\/wp-content\/uploads\/2013\/08\/gratteciel_t.png","type":"image\/png"}],"author":"La r\u00e9daction","twitter_card":"summary_large_image","twitter_creator":"@BondyBlogLyon","twitter_site":"@bondybloglyon","schema":{"@context":"https:\/\/schema.org","@graph":[{"@type":"Article","@id":"https:\/\/lyonbondyblog.fr\/LBB\/les-gratte-ciel-ou-lhistoire-des-juifs-de-villeurbanne\/#article","isPartOf":{"@id":"https:\/\/lyonbondyblog.fr\/LBB\/les-gratte-ciel-ou-lhistoire-des-juifs-de-villeurbanne\/"},"author":{"name":"La r\u00e9daction","@id":"https:\/\/lyonbondyblog.fr\/LBB\/#\/schema\/person\/e45f8d27baac75072daa0be50c409b25"},"headline":"Les Gratte-ciel ou l&rsquo;histoire des juifs de Villeurbanne","datePublished":"2010-05-19T11:11:44+00:00","dateModified":"2013-08-01T11:15:49+00:00","mainEntityOfPage":{"@id":"https:\/\/lyonbondyblog.fr\/LBB\/les-gratte-ciel-ou-lhistoire-des-juifs-de-villeurbanne\/"},"wordCount":756,"commentCount":0,"publisher":{"@id":"https:\/\/lyonbondyblog.fr\/LBB\/#organization"},"image":{"@id":"https:\/\/lyonbondyblog.fr\/LBB\/les-gratte-ciel-ou-lhistoire-des-juifs-de-villeurbanne\/#primaryimage"},"thumbnailUrl":"https:\/\/lyonbondyblog.fr\/LBB\/wp-content\/uploads\/2013\/08\/gratteciel_t.png","keywords":["lyon","Lyon Bondy Blog"],"articleSection":["Lyon"],"inLanguage":"fr-FR","potentialAction":[{"@type":"CommentAction","name":"Comment","target":["https:\/\/lyonbondyblog.fr\/LBB\/les-gratte-ciel-ou-lhistoire-des-juifs-de-villeurbanne\/#respond"]}]},{"@type":"WebPage","@id":"https:\/\/lyonbondyblog.fr\/LBB\/les-gratte-ciel-ou-lhistoire-des-juifs-de-villeurbanne\/","url":"https:\/\/lyonbondyblog.fr\/LBB\/les-gratte-ciel-ou-lhistoire-des-juifs-de-villeurbanne\/","name":"Les Gratte-ciel ou l'histoire des juifs de Villeurbanne - Lyon Bondy Blog","isPartOf":{"@id":"https:\/\/lyonbondyblog.fr\/LBB\/#website"},"primaryImageOfPage":{"@id":"https:\/\/lyonbondyblog.fr\/LBB\/les-gratte-ciel-ou-lhistoire-des-juifs-de-villeurbanne\/#primaryimage"},"image":{"@id":"https:\/\/lyonbondyblog.fr\/LBB\/les-gratte-ciel-ou-lhistoire-des-juifs-de-villeurbanne\/#primaryimage"},"thumbnailUrl":"https:\/\/lyonbondyblog.fr\/LBB\/wp-content\/uploads\/2013\/08\/gratteciel_t.png","datePublished":"2010-05-19T11:11:44+00:00","dateModified":"2013-08-01T11:15:49+00:00","inLanguage":"fr-FR","potentialAction":[{"@type":"ReadAction","target":["https:\/\/lyonbondyblog.fr\/LBB\/les-gratte-ciel-ou-lhistoire-des-juifs-de-villeurbanne\/"]}]},{"@type":"ImageObject","inLanguage":"fr-FR","@id":"https:\/\/lyonbondyblog.fr\/LBB\/les-gratte-ciel-ou-lhistoire-des-juifs-de-villeurbanne\/#primaryimage","url":"https:\/\/lyonbondyblog.fr\/LBB\/wp-content\/uploads\/2013\/08\/gratteciel_t.png","contentUrl":"https:\/\/lyonbondyblog.fr\/LBB\/wp-content\/uploads\/2013\/08\/gratteciel_t.png","width":193,"height":145},{"@type":"WebSite","@id":"https:\/\/lyonbondyblog.fr\/LBB\/#website","url":"https:\/\/lyonbondyblog.fr\/LBB\/","name":"Lyon Bondy Blog","description":"","publisher":{"@id":"https:\/\/lyonbondyblog.fr\/LBB\/#organization"},"potentialAction":[{"@type":"SearchAction","target":{"@type":"EntryPoint","urlTemplate":"https:\/\/lyonbondyblog.fr\/LBB\/?s={search_term_string}"},"query-input":"required name=search_term_string"}],"inLanguage":"fr-FR"},{"@type":"Organization","@id":"https:\/\/lyonbondyblog.fr\/LBB\/#organization","name":"LYON BONDY BLOG","url":"https:\/\/lyonbondyblog.fr\/LBB\/","logo":{"@type":"ImageObject","inLanguage":"fr-FR","@id":"https:\/\/lyonbondyblog.fr\/LBB\/#\/schema\/logo\/image\/","url":"http:\/\/lyonbondyblog.fr\/LBB\/wp-content\/uploads\/2014\/10\/logo-portable-144.png","contentUrl":"http:\/\/lyonbondyblog.fr\/LBB\/wp-content\/uploads\/2014\/10\/logo-portable-144.png","width":144,"height":123,"caption":"LYON BONDY BLOG"},"image":{"@id":"https:\/\/lyonbondyblog.fr\/LBB\/#\/schema\/logo\/image\/"},"sameAs":["https:\/\/www.facebook.com\/lyonbondyblog","https:\/\/x.com\/bondybloglyon"]},{"@type":"Person","@id":"https:\/\/lyonbondyblog.fr\/LBB\/#\/schema\/person\/e45f8d27baac75072daa0be50c409b25","name":"La r\u00e9daction","description":"Cr\u00e9e en 2008, la r\u00e9daction du Lyon Bondy Blog s'applique \u00e0 proposer une information locale diff\u00e9rente et compl\u00e9mentaire des m\u00e9dias traditionnels.","sameAs":["https:\/\/www.facebook.com\/lyonbondyblog","https:\/\/x.com\/BondyBlogLyon"],"url":"https:\/\/lyonbondyblog.fr\/LBB\/author\/admin\/"}]}},"_links":{"self":[{"href":"https:\/\/lyonbondyblog.fr\/LBB\/wp-json\/wp\/v2\/posts\/2779","targetHints":{"allow":["GET"]}}],"collection":[{"href":"https:\/\/lyonbondyblog.fr\/LBB\/wp-json\/wp\/v2\/posts"}],"about":[{"href":"https:\/\/lyonbondyblog.fr\/LBB\/wp-json\/wp\/v2\/types\/post"}],"author":[{"embeddable":true,"href":"https:\/\/lyonbondyblog.fr\/LBB\/wp-json\/wp\/v2\/users\/1"}],"replies":[{"embeddable":true,"href":"https:\/\/lyonbondyblog.fr\/LBB\/wp-json\/wp\/v2\/comments?post=2779"}],"version-history":[{"count":0,"href":"https:\/\/lyonbondyblog.fr\/LBB\/wp-json\/wp\/v2\/posts\/2779\/revisions"}],"wp:featuredmedia":[{"embeddable":true,"href":"https:\/\/lyonbondyblog.fr\/LBB\/wp-json\/wp\/v2\/media\/2783"}],"wp:attachment":[{"href":"https:\/\/lyonbondyblog.fr\/LBB\/wp-json\/wp\/v2\/media?parent=2779"}],"wp:term":[{"taxonomy":"category","embeddable":true,"href":"https:\/\/lyonbondyblog.fr\/LBB\/wp-json\/wp\/v2\/categories?post=2779"},{"taxonomy":"post_tag","embeddable":true,"href":"https:\/\/lyonbondyblog.fr\/LBB\/wp-json\/wp\/v2\/tags?post=2779"}],"curies":[{"name":"wp","href":"https:\/\/api.w.org\/{rel}","templated":true}]}}