{"id":2767,"date":"2010-06-01T11:55:00","date_gmt":"2010-06-01T09:55:00","guid":{"rendered":"http:\/\/lyonbondyblog.fr\/LBB\/?p=2767"},"modified":"2013-08-01T11:56:53","modified_gmt":"2013-08-01T09:56:53","slug":"aller-simple-lyon-tokyo","status":"publish","type":"post","link":"https:\/\/lyonbondyblog.fr\/LBB\/aller-simple-lyon-tokyo\/","title":{"rendered":"Aller simple, Lyon-Tokyo"},"content":{"rendered":"<p><strong>Portraits crois\u00e9s d&rsquo;une Lyonnaise amoureuse de Japon et d&rsquo;un Japonais, passionn\u00e9 par la France.<\/strong><\/p>\n<div><a title=\" -- Cliquez pour voir l'image en entier\" href=\"http:\/\/yahoo.lyon.bondyblog.fr\/images\/1274879420.png\" target=\"_blank\"> <img decoding=\"async\" class=\"alignright\" alt=\" -- Cliquez pour voir l'image en entier\" src=\"http:\/\/yahoo.lyon.bondyblog.fr\/images\/1274879420_t.png\" border=\"0\" \/> <\/a><\/div>\n<div><\/div>\n<div><\/div>\n<p><span style=\"font-family: Calibri,sans-serif;\"><span style=\"font-size: medium;\">La France, le pays-monde ador\u00e9 par tous les \u00e9trangers. Ce pays, qui n&rsquo;a \u00a0jamais connu une immigration japonaise comme le Br\u00e9sil ou les \u00c9tats-Unis, voit aujourd&rsquo;hui une onde de japonais d\u00e9barquer\u00a0: non seulement pour passer des vacances, mais aussi et surtout pour apprendre la langue de Moli\u00e8re, comme Yusuke Asakura, 24 ans, \u00e9tudiant en Lettres Modernes \u00e0 Lyon 3.<\/span><\/span><\/p>\n<p><span style=\"font-family: Calibri,sans-serif;\"><span style=\"font-size: medium;\">\u00ab <\/span><span style=\"font-size: medium;\"><i>Mon int\u00e9r\u00eat pour la France est venu par la langue. Je trouvais le fran\u00e7ais tr\u00e8s beau, les voyelles, la prononciation, la fa\u00e7on dont on s&rsquo;exprime en Fran\u00e7ais. Contrairement aux autres \u00e9tudiants, je ne me suis jamais int\u00e9ress\u00e9 \u00e0 la culture Fran\u00e7aise avant de venir, ma passion n&rsquo;a \u00e9t\u00e9 vraiment que la langue. <\/i><\/span><span style=\"font-size: medium;\">\u00bb Croire que le Japon se r\u00e9sume aux sushis et aux mangas est l&rsquo;un des grands pr\u00e9jug\u00e9s cr\u00e9\u00e9s par la majorit\u00e9 des Fran\u00e7ais qui s&rsquo;int\u00e9ressent \u00e0 ce pays. Marie, elle, a d\u00e9couvert le pays du soleil levant \u00e0 travers la litt\u00e9rature. Elle a m\u00eame fini par en tomber amoureuse\u2026<\/span><\/span><\/p>\n<p><span style=\"font-family: Calibri,sans-serif;\"><span style=\"font-size: medium;\">\u00ab <i>Mon histoire d\u2019amour entre le Japon a commenc\u00e9 lorsque j\u2019ai entendu une chanson en japonais. J&rsquo;ai trouv\u00e9 \u00e7a beau, magique et j&rsquo;ai d\u00e9cid\u00e9 d&rsquo;apprendre la langue. Il y a aussi le fait que ma famille a un pass\u00e9 li\u00e9 \u00e0 l&rsquo;Asie, mon grand-p\u00e8re vient du Cambodge. Quand j&rsquo;\u00e9tais en terminale, j&rsquo;ai d\u00e9cid\u00e9 de faire du japonais \u00e0 la fac. Comme j&rsquo;aimais beaucoup bouquiner, j&rsquo;ai d\u00e9cid\u00e9 d&rsquo;aller \u00e0 la fac pour faire un LCE (Litt\u00e9rature Culture Etrangere) en Japonais et c&rsquo;est \u00e0 partir de l\u00e0 qu&rsquo;est na\u00eet ma passion pour la culture Japonaise<\/i>.\u00bb<\/span><\/span><\/p>\n<p><span style=\"font-family: Calibri,sans-serif;\"><span style=\"font-size: medium;\">Marie part en septembre au Japon dans le cadre de son doctorat. Sa proximit\u00e9 avec les Japonais lui a permis de comprendre un peu mieux leurs us et coutumes et ainsi, de ne pas seulement aimer la vision mythique du Japon. \u00ab <i>Sans jamais avoir \u00e9t\u00e9 au Japon, mais avec le v\u00e9cu partag\u00e9 entre des amis japonais et des connaissances que j&rsquo;ai acquises gr\u00e2ce \u00e0 mes \u00e9tudes, je dirais que la soci\u00e9t\u00e9 japonaise est tr\u00e8s hi\u00e9rarchis\u00e9e, tr\u00e8s compliqu\u00e9e et n\u2019accepte pas facilement les \u00e9trangers. <\/i>\u00bb<\/span><\/span><\/p>\n<p><span style=\"font-family: Calibri,sans-serif;\"><span style=\"font-size: medium;\">De son c\u00f4t\u00e9, Yusuke regrette un peu l\u2019image \u00ab\u00a0manga\u00a0\u00bb de son pays. \u00a0\u00ab <i>C&rsquo;est pour cela que j&rsquo;appelle \u00ab\u00a0abruti\u00a0\u00bb celui qui aime le Japon des mangas, des jeux vid\u00e9os, car il parle d&rsquo;un Japon merveilleux o\u00f9 tout le monde aime tout le monde, ce qui n&rsquo;est pas vrai. \u00bb<\/i> Par contre, il affirme n\u2019avoir eu aucun mal \u00e0 s&rsquo;adapter \u00e0 la vie lyonnaise. \u00ab <i>Je trouve normal d\u2019avoir des difficult\u00e9s \u00e0 s\u2019adapter lorsque l&rsquo;on ne parle pas bien le Fran\u00e7ais. On cherche ses racines pour ne pas \u00eatre perdu&#8230; Mais par rapport aux autres asiatiques, comme les Chinois, nous sommes beaucoup moins communautaires. Moi, par exemple, j&rsquo;ai beaucoup plus d&rsquo;amis Fran\u00e7ais ou non japonais que des japonais. <\/i>\u00bb d\u00e9clare Yusuke.<\/span><\/span><\/p>\n<p><span style=\"font-family: Calibri,sans-serif;\"><span style=\"font-size: medium;\">Marie rebondit sur ses propos\u00a0: \u00a0\u00ab <i>Je dirais que les Chinois ont en quelque sorte peur de l&rsquo;autre, car les occidentaux, parfois, les acceptent mal. Les Japonais aiment aussi rester entre eux, mais ils sont bien plus facilement int\u00e9gr\u00e9s parce que le Japon est un pays riche et tr\u00e8s occidentalis\u00e9 et il n\u2019existe plus de sentiment anti-japonais en Occident <\/i>\u00bb. \u00a0L&rsquo;int\u00e9gration des Lyonnais ou de n&rsquo;importe quel Fran\u00e7ais dans le Pays du Soleil Levant reste cependant bien plus compliqu\u00e9e. M\u00eame les Sansei, Yonsei, c&rsquo;est-\u00e0-dire, les fils et petit-fils des immigr\u00e9s qui sont partis au Br\u00e9sil pendant la Guerre, ne sont ni vus ni accept\u00e9s comme des Japonais (m\u00eame s&rsquo;ils parlent le Japonais et ont un ph\u00e9notype japonais).<\/span><\/span><\/p>\n<p><span style=\"font-family: Calibri,sans-serif;\"><span style=\"font-size: medium;\">Peur de tout \u00e7a\u00a0? Quelques mois avant de partir pour sa nouvelle vie \u00e0 l\u2019autre bout du monde, Marie dit ne pas s&rsquo;inqui\u00e9ter. Quant aux Japonais-lyonnais, Marie affirme qu&rsquo;ils \u00ab <i>nous apprennent des choses, nous font red\u00e9couvrir des particularit\u00e9s dont on ne se rend plus compte \u00e0 cause de la routine qui ferme nos yeux. C&rsquo;est toujours marrant de voir un Japonais venir chez moi et m&rsquo;offrir un &lsquo;bon vin&rsquo;, fran\u00e7ais, choisi par lui-m\u00eame (rires)<\/i> \u00bb.<\/span><\/span><\/p>\n<p style=\"text-align: right;\"><span style=\"text-decoration: underline;\">Alesson Souza<\/span><\/p>\n<!-- AddThis Advanced Settings generic via filter on the_content --><!-- AddThis Share Buttons generic via filter on the_content -->","protected":false},"excerpt":{"rendered":"<p>Portraits crois\u00e9s d&rsquo;une Lyonnaise amoureuse de Japon et d&rsquo;un Japonais, passionn\u00e9 par la France. La France, le pays-monde ador\u00e9 par tous les \u00e9trangers. Ce pays, &hellip; <!-- AddThis Advanced Settings generic via filter on wp_trim_excerpt --><!-- AddThis Share Buttons generic via filter on wp_trim_excerpt --><\/p>\n","protected":false},"author":1,"featured_media":2770,"comment_status":"open","ping_status":"open","sticky":false,"template":"","format":"standard","meta":{"_FSMCFIC_featured_image_caption":"","_FSMCFIC_featured_image_nocaption":"","_FSMCFIC_featured_image_hide":"","footnotes":""},"categories":[8,9],"tags":[11,701,10,112,1954],"class_list":["post-2767","post","type-post","status-publish","format-standard","has-post-thumbnail","hentry","category-france","category-international","tag-france-2","tag-japon","tag-lyon-2","tag-lyon-bondy-blog","tag-portraits"],"yoast_head":"<!-- This site is optimized with the Yoast SEO plugin v22.8 - https:\/\/yoast.com\/wordpress\/plugins\/seo\/ -->\n<title>Aller simple, Lyon-Tokyo - Lyon Bondy Blog<\/title>\n<meta name=\"robots\" content=\"index, follow, max-snippet:-1, max-image-preview:large, max-video-preview:-1\" \/>\n<link rel=\"canonical\" href=\"https:\/\/lyonbondyblog.fr\/LBB\/aller-simple-lyon-tokyo\/\" \/>\n<meta property=\"og:locale\" content=\"fr_FR\" \/>\n<meta property=\"og:type\" content=\"article\" \/>\n<meta property=\"og:title\" content=\"Aller simple, Lyon-Tokyo - Lyon Bondy Blog\" \/>\n<meta property=\"og:description\" content=\"Portraits crois\u00e9s d&rsquo;une Lyonnaise amoureuse de Japon et d&rsquo;un Japonais, passionn\u00e9 par la France. La France, le pays-monde ador\u00e9 par tous les \u00e9trangers. Ce pays, &hellip;\" \/>\n<meta property=\"og:url\" content=\"https:\/\/lyonbondyblog.fr\/LBB\/aller-simple-lyon-tokyo\/\" \/>\n<meta property=\"og:site_name\" content=\"Lyon Bondy Blog\" \/>\n<meta property=\"article:publisher\" content=\"https:\/\/www.facebook.com\/lyonbondyblog\" \/>\n<meta property=\"article:author\" content=\"https:\/\/www.facebook.com\/lyonbondyblog\" \/>\n<meta property=\"article:published_time\" content=\"2010-06-01T09:55:00+00:00\" \/>\n<meta property=\"article:modified_time\" content=\"2013-08-01T09:56:53+00:00\" \/>\n<meta property=\"og:image\" content=\"https:\/\/lyonbondyblog.fr\/LBB\/wp-content\/uploads\/2013\/08\/couple.png\" \/>\n\t<meta property=\"og:image:width\" content=\"194\" \/>\n\t<meta property=\"og:image:height\" content=\"258\" \/>\n\t<meta property=\"og:image:type\" content=\"image\/png\" \/>\n<meta name=\"author\" content=\"La r\u00e9daction\" \/>\n<meta name=\"twitter:card\" content=\"summary_large_image\" \/>\n<meta name=\"twitter:creator\" content=\"@BondyBlogLyon\" \/>\n<meta name=\"twitter:site\" content=\"@bondybloglyon\" \/>\n<script type=\"application\/ld+json\" class=\"yoast-schema-graph\">{\"@context\":\"https:\/\/schema.org\",\"@graph\":[{\"@type\":\"Article\",\"@id\":\"https:\/\/lyonbondyblog.fr\/LBB\/aller-simple-lyon-tokyo\/#article\",\"isPartOf\":{\"@id\":\"https:\/\/lyonbondyblog.fr\/LBB\/aller-simple-lyon-tokyo\/\"},\"author\":{\"name\":\"La r\u00e9daction\",\"@id\":\"https:\/\/lyonbondyblog.fr\/LBB\/#\/schema\/person\/e45f8d27baac75072daa0be50c409b25\"},\"headline\":\"Aller simple, Lyon-Tokyo\",\"datePublished\":\"2010-06-01T09:55:00+00:00\",\"dateModified\":\"2013-08-01T09:56:53+00:00\",\"mainEntityOfPage\":{\"@id\":\"https:\/\/lyonbondyblog.fr\/LBB\/aller-simple-lyon-tokyo\/\"},\"wordCount\":711,\"commentCount\":0,\"publisher\":{\"@id\":\"https:\/\/lyonbondyblog.fr\/LBB\/#organization\"},\"image\":{\"@id\":\"https:\/\/lyonbondyblog.fr\/LBB\/aller-simple-lyon-tokyo\/#primaryimage\"},\"thumbnailUrl\":\"https:\/\/lyonbondyblog.fr\/LBB\/wp-content\/uploads\/2013\/08\/couple.png\",\"keywords\":[\"france\",\"Japon\",\"lyon\",\"Lyon Bondy Blog\",\"portraits\"],\"articleSection\":[\"France\",\"International\"],\"inLanguage\":\"fr-FR\",\"potentialAction\":[{\"@type\":\"CommentAction\",\"name\":\"Comment\",\"target\":[\"https:\/\/lyonbondyblog.fr\/LBB\/aller-simple-lyon-tokyo\/#respond\"]}]},{\"@type\":\"WebPage\",\"@id\":\"https:\/\/lyonbondyblog.fr\/LBB\/aller-simple-lyon-tokyo\/\",\"url\":\"https:\/\/lyonbondyblog.fr\/LBB\/aller-simple-lyon-tokyo\/\",\"name\":\"Aller simple, Lyon-Tokyo - Lyon Bondy Blog\",\"isPartOf\":{\"@id\":\"https:\/\/lyonbondyblog.fr\/LBB\/#website\"},\"primaryImageOfPage\":{\"@id\":\"https:\/\/lyonbondyblog.fr\/LBB\/aller-simple-lyon-tokyo\/#primaryimage\"},\"image\":{\"@id\":\"https:\/\/lyonbondyblog.fr\/LBB\/aller-simple-lyon-tokyo\/#primaryimage\"},\"thumbnailUrl\":\"https:\/\/lyonbondyblog.fr\/LBB\/wp-content\/uploads\/2013\/08\/couple.png\",\"datePublished\":\"2010-06-01T09:55:00+00:00\",\"dateModified\":\"2013-08-01T09:56:53+00:00\",\"inLanguage\":\"fr-FR\",\"potentialAction\":[{\"@type\":\"ReadAction\",\"target\":[\"https:\/\/lyonbondyblog.fr\/LBB\/aller-simple-lyon-tokyo\/\"]}]},{\"@type\":\"ImageObject\",\"inLanguage\":\"fr-FR\",\"@id\":\"https:\/\/lyonbondyblog.fr\/LBB\/aller-simple-lyon-tokyo\/#primaryimage\",\"url\":\"https:\/\/lyonbondyblog.fr\/LBB\/wp-content\/uploads\/2013\/08\/couple.png\",\"contentUrl\":\"https:\/\/lyonbondyblog.fr\/LBB\/wp-content\/uploads\/2013\/08\/couple.png\",\"width\":194,\"height\":258},{\"@type\":\"WebSite\",\"@id\":\"https:\/\/lyonbondyblog.fr\/LBB\/#website\",\"url\":\"https:\/\/lyonbondyblog.fr\/LBB\/\",\"name\":\"Lyon Bondy Blog\",\"description\":\"\",\"publisher\":{\"@id\":\"https:\/\/lyonbondyblog.fr\/LBB\/#organization\"},\"potentialAction\":[{\"@type\":\"SearchAction\",\"target\":{\"@type\":\"EntryPoint\",\"urlTemplate\":\"https:\/\/lyonbondyblog.fr\/LBB\/?s={search_term_string}\"},\"query-input\":\"required name=search_term_string\"}],\"inLanguage\":\"fr-FR\"},{\"@type\":\"Organization\",\"@id\":\"https:\/\/lyonbondyblog.fr\/LBB\/#organization\",\"name\":\"LYON BONDY BLOG\",\"url\":\"https:\/\/lyonbondyblog.fr\/LBB\/\",\"logo\":{\"@type\":\"ImageObject\",\"inLanguage\":\"fr-FR\",\"@id\":\"https:\/\/lyonbondyblog.fr\/LBB\/#\/schema\/logo\/image\/\",\"url\":\"http:\/\/lyonbondyblog.fr\/LBB\/wp-content\/uploads\/2014\/10\/logo-portable-144.png\",\"contentUrl\":\"http:\/\/lyonbondyblog.fr\/LBB\/wp-content\/uploads\/2014\/10\/logo-portable-144.png\",\"width\":144,\"height\":123,\"caption\":\"LYON BONDY BLOG\"},\"image\":{\"@id\":\"https:\/\/lyonbondyblog.fr\/LBB\/#\/schema\/logo\/image\/\"},\"sameAs\":[\"https:\/\/www.facebook.com\/lyonbondyblog\",\"https:\/\/x.com\/bondybloglyon\"]},{\"@type\":\"Person\",\"@id\":\"https:\/\/lyonbondyblog.fr\/LBB\/#\/schema\/person\/e45f8d27baac75072daa0be50c409b25\",\"name\":\"La r\u00e9daction\",\"description\":\"Cr\u00e9e en 2008, la r\u00e9daction du Lyon Bondy Blog s'applique \u00e0 proposer une information locale diff\u00e9rente et compl\u00e9mentaire des m\u00e9dias traditionnels.\",\"sameAs\":[\"https:\/\/www.facebook.com\/lyonbondyblog\",\"https:\/\/x.com\/BondyBlogLyon\"],\"url\":\"https:\/\/lyonbondyblog.fr\/LBB\/author\/admin\/\"}]}<\/script>\n<!-- \/ Yoast SEO plugin. -->","yoast_head_json":{"title":"Aller simple, Lyon-Tokyo - Lyon Bondy Blog","robots":{"index":"index","follow":"follow","max-snippet":"max-snippet:-1","max-image-preview":"max-image-preview:large","max-video-preview":"max-video-preview:-1"},"canonical":"https:\/\/lyonbondyblog.fr\/LBB\/aller-simple-lyon-tokyo\/","og_locale":"fr_FR","og_type":"article","og_title":"Aller simple, Lyon-Tokyo - Lyon Bondy Blog","og_description":"Portraits crois\u00e9s d&rsquo;une Lyonnaise amoureuse de Japon et d&rsquo;un Japonais, passionn\u00e9 par la France. La France, le pays-monde ador\u00e9 par tous les \u00e9trangers. Ce pays, &hellip;","og_url":"https:\/\/lyonbondyblog.fr\/LBB\/aller-simple-lyon-tokyo\/","og_site_name":"Lyon Bondy Blog","article_publisher":"https:\/\/www.facebook.com\/lyonbondyblog","article_author":"https:\/\/www.facebook.com\/lyonbondyblog","article_published_time":"2010-06-01T09:55:00+00:00","article_modified_time":"2013-08-01T09:56:53+00:00","og_image":[{"width":194,"height":258,"url":"https:\/\/lyonbondyblog.fr\/LBB\/wp-content\/uploads\/2013\/08\/couple.png","type":"image\/png"}],"author":"La r\u00e9daction","twitter_card":"summary_large_image","twitter_creator":"@BondyBlogLyon","twitter_site":"@bondybloglyon","schema":{"@context":"https:\/\/schema.org","@graph":[{"@type":"Article","@id":"https:\/\/lyonbondyblog.fr\/LBB\/aller-simple-lyon-tokyo\/#article","isPartOf":{"@id":"https:\/\/lyonbondyblog.fr\/LBB\/aller-simple-lyon-tokyo\/"},"author":{"name":"La r\u00e9daction","@id":"https:\/\/lyonbondyblog.fr\/LBB\/#\/schema\/person\/e45f8d27baac75072daa0be50c409b25"},"headline":"Aller simple, Lyon-Tokyo","datePublished":"2010-06-01T09:55:00+00:00","dateModified":"2013-08-01T09:56:53+00:00","mainEntityOfPage":{"@id":"https:\/\/lyonbondyblog.fr\/LBB\/aller-simple-lyon-tokyo\/"},"wordCount":711,"commentCount":0,"publisher":{"@id":"https:\/\/lyonbondyblog.fr\/LBB\/#organization"},"image":{"@id":"https:\/\/lyonbondyblog.fr\/LBB\/aller-simple-lyon-tokyo\/#primaryimage"},"thumbnailUrl":"https:\/\/lyonbondyblog.fr\/LBB\/wp-content\/uploads\/2013\/08\/couple.png","keywords":["france","Japon","lyon","Lyon Bondy Blog","portraits"],"articleSection":["France","International"],"inLanguage":"fr-FR","potentialAction":[{"@type":"CommentAction","name":"Comment","target":["https:\/\/lyonbondyblog.fr\/LBB\/aller-simple-lyon-tokyo\/#respond"]}]},{"@type":"WebPage","@id":"https:\/\/lyonbondyblog.fr\/LBB\/aller-simple-lyon-tokyo\/","url":"https:\/\/lyonbondyblog.fr\/LBB\/aller-simple-lyon-tokyo\/","name":"Aller simple, Lyon-Tokyo - Lyon Bondy Blog","isPartOf":{"@id":"https:\/\/lyonbondyblog.fr\/LBB\/#website"},"primaryImageOfPage":{"@id":"https:\/\/lyonbondyblog.fr\/LBB\/aller-simple-lyon-tokyo\/#primaryimage"},"image":{"@id":"https:\/\/lyonbondyblog.fr\/LBB\/aller-simple-lyon-tokyo\/#primaryimage"},"thumbnailUrl":"https:\/\/lyonbondyblog.fr\/LBB\/wp-content\/uploads\/2013\/08\/couple.png","datePublished":"2010-06-01T09:55:00+00:00","dateModified":"2013-08-01T09:56:53+00:00","inLanguage":"fr-FR","potentialAction":[{"@type":"ReadAction","target":["https:\/\/lyonbondyblog.fr\/LBB\/aller-simple-lyon-tokyo\/"]}]},{"@type":"ImageObject","inLanguage":"fr-FR","@id":"https:\/\/lyonbondyblog.fr\/LBB\/aller-simple-lyon-tokyo\/#primaryimage","url":"https:\/\/lyonbondyblog.fr\/LBB\/wp-content\/uploads\/2013\/08\/couple.png","contentUrl":"https:\/\/lyonbondyblog.fr\/LBB\/wp-content\/uploads\/2013\/08\/couple.png","width":194,"height":258},{"@type":"WebSite","@id":"https:\/\/lyonbondyblog.fr\/LBB\/#website","url":"https:\/\/lyonbondyblog.fr\/LBB\/","name":"Lyon Bondy Blog","description":"","publisher":{"@id":"https:\/\/lyonbondyblog.fr\/LBB\/#organization"},"potentialAction":[{"@type":"SearchAction","target":{"@type":"EntryPoint","urlTemplate":"https:\/\/lyonbondyblog.fr\/LBB\/?s={search_term_string}"},"query-input":"required name=search_term_string"}],"inLanguage":"fr-FR"},{"@type":"Organization","@id":"https:\/\/lyonbondyblog.fr\/LBB\/#organization","name":"LYON BONDY BLOG","url":"https:\/\/lyonbondyblog.fr\/LBB\/","logo":{"@type":"ImageObject","inLanguage":"fr-FR","@id":"https:\/\/lyonbondyblog.fr\/LBB\/#\/schema\/logo\/image\/","url":"http:\/\/lyonbondyblog.fr\/LBB\/wp-content\/uploads\/2014\/10\/logo-portable-144.png","contentUrl":"http:\/\/lyonbondyblog.fr\/LBB\/wp-content\/uploads\/2014\/10\/logo-portable-144.png","width":144,"height":123,"caption":"LYON BONDY BLOG"},"image":{"@id":"https:\/\/lyonbondyblog.fr\/LBB\/#\/schema\/logo\/image\/"},"sameAs":["https:\/\/www.facebook.com\/lyonbondyblog","https:\/\/x.com\/bondybloglyon"]},{"@type":"Person","@id":"https:\/\/lyonbondyblog.fr\/LBB\/#\/schema\/person\/e45f8d27baac75072daa0be50c409b25","name":"La r\u00e9daction","description":"Cr\u00e9e en 2008, la r\u00e9daction du Lyon Bondy Blog s'applique \u00e0 proposer une information locale diff\u00e9rente et compl\u00e9mentaire des m\u00e9dias traditionnels.","sameAs":["https:\/\/www.facebook.com\/lyonbondyblog","https:\/\/x.com\/BondyBlogLyon"],"url":"https:\/\/lyonbondyblog.fr\/LBB\/author\/admin\/"}]}},"_links":{"self":[{"href":"https:\/\/lyonbondyblog.fr\/LBB\/wp-json\/wp\/v2\/posts\/2767","targetHints":{"allow":["GET"]}}],"collection":[{"href":"https:\/\/lyonbondyblog.fr\/LBB\/wp-json\/wp\/v2\/posts"}],"about":[{"href":"https:\/\/lyonbondyblog.fr\/LBB\/wp-json\/wp\/v2\/types\/post"}],"author":[{"embeddable":true,"href":"https:\/\/lyonbondyblog.fr\/LBB\/wp-json\/wp\/v2\/users\/1"}],"replies":[{"embeddable":true,"href":"https:\/\/lyonbondyblog.fr\/LBB\/wp-json\/wp\/v2\/comments?post=2767"}],"version-history":[{"count":0,"href":"https:\/\/lyonbondyblog.fr\/LBB\/wp-json\/wp\/v2\/posts\/2767\/revisions"}],"wp:featuredmedia":[{"embeddable":true,"href":"https:\/\/lyonbondyblog.fr\/LBB\/wp-json\/wp\/v2\/media\/2770"}],"wp:attachment":[{"href":"https:\/\/lyonbondyblog.fr\/LBB\/wp-json\/wp\/v2\/media?parent=2767"}],"wp:term":[{"taxonomy":"category","embeddable":true,"href":"https:\/\/lyonbondyblog.fr\/LBB\/wp-json\/wp\/v2\/categories?post=2767"},{"taxonomy":"post_tag","embeddable":true,"href":"https:\/\/lyonbondyblog.fr\/LBB\/wp-json\/wp\/v2\/tags?post=2767"}],"curies":[{"name":"wp","href":"https:\/\/api.w.org\/{rel}","templated":true}]}}