{"id":27643,"date":"2022-03-09T12:00:00","date_gmt":"2022-03-09T11:00:00","guid":{"rendered":"http:\/\/lyonbondyblog.fr\/LBB\/?p=27643"},"modified":"2022-04-27T11:03:29","modified_gmt":"2022-04-27T09:03:29","slug":"exclu-lbb-anne-prost-candidate-a-la-1ere-circonscription-ouvre-son-local-de-campagne-pour-les-legislatives","status":"publish","type":"post","link":"https:\/\/lyonbondyblog.fr\/LBB\/exclu-lbb-anne-prost-candidate-a-la-1ere-circonscription-ouvre-son-local-de-campagne-pour-les-legislatives\/","title":{"rendered":"Exclu LBB : Anne Prost, candidate \u00e0 la 1\u00e8re circonscription, ouvre son local de campagne pour les l\u00e9gislatives"},"content":{"rendered":"\n<h2 class=\"wp-block-heading\">La candidate LR \u00e0 la premi\u00e8re circonscription de Lyon aux \u00e9lections l\u00e9gislatives, Anne Prost, a inaugur\u00e9 son local de campagne hier soir. <\/h2>\n\n\n\n<p>Mardi 8 mars au soir, Anne Prost, candidate LR \u00e0 la premi\u00e8re circonscription de Lyon pour les \u00e9lections l\u00e9gislatives, a ouvert son local de campagne \u00e0 Vieux Lyon. L\u2019occasion pour elle de l\u2019inaugurer en invitant sa famille politique r\u00e9publicaine, avec entre autres Pierre Oliver, maire du 2<sup>\u00e8me<\/sup> arrondissement, et Gilles Gascon, maire de Saint-Priest.<\/p>\n\n\n\n<div class=\"wp-block-image\"><figure class=\"aligncenter size-full is-resized\"><img loading=\"lazy\" decoding=\"async\" src=\"https:\/\/lyonbondyblog.fr\/LBB\/wp-content\/uploads\/2022\/03\/275209165_629981091434432_6617074452989585174_n.jpg\" alt=\"\" class=\"wp-image-27655\" width=\"485\" height=\"364\" srcset=\"https:\/\/lyonbondyblog.fr\/LBB\/wp-content\/uploads\/2022\/03\/275209165_629981091434432_6617074452989585174_n.jpg 960w, https:\/\/lyonbondyblog.fr\/LBB\/wp-content\/uploads\/2022\/03\/275209165_629981091434432_6617074452989585174_n-768x576.jpg 768w\" sizes=\"auto, (max-width: 485px) 100vw, 485px\" \/><figcaption>Cr\u00e9dit : Facebook Anne Prost<\/figcaption><\/figure><\/div>\n\n\n\n<p>Nous sommes all\u00e9s leur poser quelques questions sur leur potentiel soutien envers Anne Prost, et \u00e9galement sur les pr\u00e9sidentielles actuelles et les futures l\u00e9gislatives.<\/p>\n\n\n\n<div class=\"wp-block-image\"><figure class=\"aligncenter size-full is-resized\"><img loading=\"lazy\" decoding=\"async\" src=\"https:\/\/lyonbondyblog.fr\/LBB\/wp-content\/uploads\/2022\/03\/248344757_10226787656895905_8501330850223727349_n.jpg\" alt=\"\" class=\"wp-image-27662\" width=\"279\" height=\"279\" srcset=\"https:\/\/lyonbondyblog.fr\/LBB\/wp-content\/uploads\/2022\/03\/248344757_10226787656895905_8501330850223727349_n.jpg 960w, https:\/\/lyonbondyblog.fr\/LBB\/wp-content\/uploads\/2022\/03\/248344757_10226787656895905_8501330850223727349_n-150x150.jpg 150w, https:\/\/lyonbondyblog.fr\/LBB\/wp-content\/uploads\/2022\/03\/248344757_10226787656895905_8501330850223727349_n-768x768.jpg 768w\" sizes=\"auto, (max-width: 279px) 100vw, 279px\" \/><figcaption>Cr\u00e9dit : Facebook Pierre Oliver<\/figcaption><\/figure><\/div>\n\n\n\n<figure class=\"wp-block-audio\"><audio controls src=\"https:\/\/lyonbondyblog.fr\/LBB\/wp-content\/uploads\/2022\/03\/Pierre-Oliver-1.mp3\"><\/audio><figcaption>Pierre Oliver, maire du 2\u00e8me arrondissement, explique que la \u00ab\u00a0force [des] R\u00e9publicains c&rsquo;est d&rsquo;avoir un maillage global, avec beaucoup de communes de plus de 10 000 habitants\u00a0\u00bb.<\/figcaption><\/figure>\n\n\n\n<div class=\"wp-block-image\"><figure class=\"aligncenter size-full is-resized\"><a href=\"https:\/\/www.facebook.com\/GillesGascon.fr\"><img loading=\"lazy\" decoding=\"async\" src=\"https:\/\/lyonbondyblog.fr\/LBB\/wp-content\/uploads\/2022\/03\/271782722_339675521496594_1245485907528151199_n.jpg\" alt=\"\" class=\"wp-image-27659\" width=\"271\" height=\"271\" srcset=\"https:\/\/lyonbondyblog.fr\/LBB\/wp-content\/uploads\/2022\/03\/271782722_339675521496594_1245485907528151199_n.jpg 1525w, https:\/\/lyonbondyblog.fr\/LBB\/wp-content\/uploads\/2022\/03\/271782722_339675521496594_1245485907528151199_n-1200x1200.jpg 1200w, https:\/\/lyonbondyblog.fr\/LBB\/wp-content\/uploads\/2022\/03\/271782722_339675521496594_1245485907528151199_n-150x150.jpg 150w, https:\/\/lyonbondyblog.fr\/LBB\/wp-content\/uploads\/2022\/03\/271782722_339675521496594_1245485907528151199_n-768x768.jpg 768w\" sizes=\"auto, (max-width: 271px) 100vw, 271px\" \/><\/a><figcaption>Cr\u00e9dit : Facebook Gilles Gascon<\/figcaption><\/figure><\/div>\n\n\n\n<figure class=\"wp-block-audio\"><audio controls src=\"https:\/\/lyonbondyblog.fr\/LBB\/wp-content\/uploads\/2022\/03\/Gilles-Gascon.mp3\"><\/audio><figcaption>Gilles Gascon, maire de Saint-Priest, pense qu'\u00a0\u00bbon peut tout-\u00e0-fait imaginer que la majorit\u00e9 parlementaire ne soit pas la m\u00eame qu&rsquo;au premier mandat et que tout les champs des possibles soient ouvertes\u00a0\u00bb pour eux. <\/figcaption><\/figure>\n\n\n\n<p>Puis, nous sommes \u00e9galement all\u00e9s prendre la temp\u00e9rature aupr\u00e8s de la candidate en question, pour avoir son ressenti et comprendre son objectif de campagne.<\/p>\n\n\n\n<div class=\"wp-block-image\"><figure class=\"aligncenter size-large is-resized\"><img loading=\"lazy\" decoding=\"async\" src=\"https:\/\/lyonbondyblog.fr\/LBB\/wp-content\/uploads\/2022\/03\/kjlm-1920x1280.jpg\" alt=\"\" class=\"wp-image-27670\" width=\"360\" height=\"240\" srcset=\"https:\/\/lyonbondyblog.fr\/LBB\/wp-content\/uploads\/2022\/03\/kjlm-1920x1280.jpg 1920w, https:\/\/lyonbondyblog.fr\/LBB\/wp-content\/uploads\/2022\/03\/kjlm-1200x800.jpg 1200w, https:\/\/lyonbondyblog.fr\/LBB\/wp-content\/uploads\/2022\/03\/kjlm-768x512.jpg 768w, https:\/\/lyonbondyblog.fr\/LBB\/wp-content\/uploads\/2022\/03\/kjlm-1536x1024.jpg 1536w, https:\/\/lyonbondyblog.fr\/LBB\/wp-content\/uploads\/2022\/03\/kjlm-2048x1365.jpg 2048w, https:\/\/lyonbondyblog.fr\/LBB\/wp-content\/uploads\/2022\/03\/kjlm-700x465.jpg 700w, https:\/\/lyonbondyblog.fr\/LBB\/wp-content\/uploads\/2022\/03\/kjlm-272x182.jpg 272w\" sizes=\"auto, (max-width: 360px) 100vw, 360px\" \/><figcaption>Cr\u00e9dit : In\u00e8s Pallot<\/figcaption><\/figure><\/div>\n\n\n\n<figure class=\"wp-block-audio\"><audio controls src=\"https:\/\/lyonbondyblog.fr\/LBB\/wp-content\/uploads\/2022\/03\/Anne-Prost.mp3\"><\/audio><figcaption>Anne Prost pr\u00e9cise qu&rsquo;elle fait \u00ab\u00a0un gros travail de visibilit\u00e9 depuis des mois [&#8230;] : je suis sur le terrain, sur les march\u00e9s \u00e0 rencontrer les pr\u00e9sidents d&rsquo;association, les habitants, les acteurs \u00e9conomiques\u00a0\u00bb.<\/figcaption><\/figure>\n<!-- AddThis Advanced Settings generic via filter on the_content --><!-- AddThis Share Buttons generic via filter on the_content -->","protected":false},"excerpt":{"rendered":"<p>La candidate LR \u00e0 la premi\u00e8re circonscription de Lyon aux \u00e9lections l\u00e9gislatives, Anne Prost, a inaugur\u00e9 son local de campagne hier soir. Mardi 8 mars &hellip; <!-- AddThis Advanced Settings generic via filter on wp_trim_excerpt --><!-- AddThis Share Buttons generic via filter on wp_trim_excerpt --><\/p>\n","protected":false},"author":31860,"featured_media":27666,"comment_status":"open","ping_status":"open","sticky":true,"template":"","format":"standard","meta":{"_FSMCFIC_featured_image_caption":"","_FSMCFIC_featured_image_nocaption":"","_FSMCFIC_featured_image_hide":"","footnotes":""},"categories":[2256,27827,4,6],"tags":[],"class_list":["post-27643","post","type-post","status-publish","format-standard","has-post-thumbnail","hentry","category-audio","category-legislative-2022","category-lyon","category-politique"],"yoast_head":"<!-- This site is optimized with the Yoast SEO plugin v22.8 - https:\/\/yoast.com\/wordpress\/plugins\/seo\/ -->\n<title>Exclu LBB : Anne Prost, candidate \u00e0 la 1\u00e8re circonscription, ouvre son local de campagne pour les l\u00e9gislatives - Lyon Bondy Blog<\/title>\n<meta name=\"description\" content=\"La candidate LR \u00e0 la premi\u00e8re circonscription de Lyon aux \u00e9lections l\u00e9gislatives, Anne Prost, a inaugur\u00e9 son local de campagne hier soir.\" \/>\n<meta name=\"robots\" content=\"index, follow, max-snippet:-1, max-image-preview:large, max-video-preview:-1\" \/>\n<link rel=\"canonical\" href=\"https:\/\/lyonbondyblog.fr\/LBB\/exclu-lbb-anne-prost-candidate-a-la-1ere-circonscription-ouvre-son-local-de-campagne-pour-les-legislatives\/\" \/>\n<meta property=\"og:locale\" content=\"fr_FR\" \/>\n<meta property=\"og:type\" content=\"article\" \/>\n<meta property=\"og:title\" content=\"Exclu LBB : Anne Prost, candidate \u00e0 la 1\u00e8re circonscription, ouvre son local de campagne pour les l\u00e9gislatives - Lyon Bondy Blog\" \/>\n<meta property=\"og:description\" content=\"La candidate LR \u00e0 la premi\u00e8re circonscription de Lyon aux \u00e9lections l\u00e9gislatives, Anne Prost, a inaugur\u00e9 son local de campagne hier soir.\" \/>\n<meta property=\"og:url\" content=\"https:\/\/lyonbondyblog.fr\/LBB\/exclu-lbb-anne-prost-candidate-a-la-1ere-circonscription-ouvre-son-local-de-campagne-pour-les-legislatives\/\" \/>\n<meta property=\"og:site_name\" content=\"Lyon Bondy Blog\" \/>\n<meta property=\"article:publisher\" content=\"https:\/\/www.facebook.com\/lyonbondyblog\" \/>\n<meta property=\"article:published_time\" content=\"2022-03-09T11:00:00+00:00\" \/>\n<meta property=\"article:modified_time\" content=\"2022-04-27T09:03:29+00:00\" \/>\n<meta property=\"og:image\" content=\"https:\/\/lyonbondyblog.fr\/LBB\/wp-content\/uploads\/2022\/03\/DSC_0374-scaled.jpg\" \/>\n\t<meta property=\"og:image:width\" content=\"2560\" \/>\n\t<meta property=\"og:image:height\" content=\"1707\" \/>\n\t<meta property=\"og:image:type\" content=\"image\/jpeg\" \/>\n<meta name=\"author\" content=\"In\u00e8s Pallot\" \/>\n<meta name=\"twitter:card\" content=\"summary_large_image\" \/>\n<meta name=\"twitter:creator\" content=\"@bondybloglyon\" \/>\n<meta name=\"twitter:site\" content=\"@bondybloglyon\" \/>\n<script type=\"application\/ld+json\" class=\"yoast-schema-graph\">{\"@context\":\"https:\/\/schema.org\",\"@graph\":[{\"@type\":\"Article\",\"@id\":\"https:\/\/lyonbondyblog.fr\/LBB\/exclu-lbb-anne-prost-candidate-a-la-1ere-circonscription-ouvre-son-local-de-campagne-pour-les-legislatives\/#article\",\"isPartOf\":{\"@id\":\"https:\/\/lyonbondyblog.fr\/LBB\/exclu-lbb-anne-prost-candidate-a-la-1ere-circonscription-ouvre-son-local-de-campagne-pour-les-legislatives\/\"},\"author\":{\"name\":\"In\u00e8s Pallot\",\"@id\":\"https:\/\/lyonbondyblog.fr\/LBB\/#\/schema\/person\/9f49d5a620b7ff0b22195422b4ef0cc4\"},\"headline\":\"Exclu LBB : Anne Prost, candidate \u00e0 la 1\u00e8re circonscription, ouvre son local de campagne pour les l\u00e9gislatives\",\"datePublished\":\"2022-03-09T11:00:00+00:00\",\"dateModified\":\"2022-04-27T09:03:29+00:00\",\"mainEntityOfPage\":{\"@id\":\"https:\/\/lyonbondyblog.fr\/LBB\/exclu-lbb-anne-prost-candidate-a-la-1ere-circonscription-ouvre-son-local-de-campagne-pour-les-legislatives\/\"},\"wordCount\":265,\"commentCount\":0,\"publisher\":{\"@id\":\"https:\/\/lyonbondyblog.fr\/LBB\/#organization\"},\"image\":{\"@id\":\"https:\/\/lyonbondyblog.fr\/LBB\/exclu-lbb-anne-prost-candidate-a-la-1ere-circonscription-ouvre-son-local-de-campagne-pour-les-legislatives\/#primaryimage\"},\"thumbnailUrl\":\"https:\/\/lyonbondyblog.fr\/LBB\/wp-content\/uploads\/2022\/03\/DSC_0374-scaled.jpg\",\"articleSection\":[\"Audio\",\"L\u00e9gislatives 2022\",\"Lyon\",\"Politique\"],\"inLanguage\":\"fr-FR\",\"potentialAction\":[{\"@type\":\"CommentAction\",\"name\":\"Comment\",\"target\":[\"https:\/\/lyonbondyblog.fr\/LBB\/exclu-lbb-anne-prost-candidate-a-la-1ere-circonscription-ouvre-son-local-de-campagne-pour-les-legislatives\/#respond\"]}]},{\"@type\":\"WebPage\",\"@id\":\"https:\/\/lyonbondyblog.fr\/LBB\/exclu-lbb-anne-prost-candidate-a-la-1ere-circonscription-ouvre-son-local-de-campagne-pour-les-legislatives\/\",\"url\":\"https:\/\/lyonbondyblog.fr\/LBB\/exclu-lbb-anne-prost-candidate-a-la-1ere-circonscription-ouvre-son-local-de-campagne-pour-les-legislatives\/\",\"name\":\"Exclu LBB : Anne Prost, candidate \u00e0 la 1\u00e8re circonscription, ouvre son local de campagne pour les l\u00e9gislatives - Lyon Bondy Blog\",\"isPartOf\":{\"@id\":\"https:\/\/lyonbondyblog.fr\/LBB\/#website\"},\"primaryImageOfPage\":{\"@id\":\"https:\/\/lyonbondyblog.fr\/LBB\/exclu-lbb-anne-prost-candidate-a-la-1ere-circonscription-ouvre-son-local-de-campagne-pour-les-legislatives\/#primaryimage\"},\"image\":{\"@id\":\"https:\/\/lyonbondyblog.fr\/LBB\/exclu-lbb-anne-prost-candidate-a-la-1ere-circonscription-ouvre-son-local-de-campagne-pour-les-legislatives\/#primaryimage\"},\"thumbnailUrl\":\"https:\/\/lyonbondyblog.fr\/LBB\/wp-content\/uploads\/2022\/03\/DSC_0374-scaled.jpg\",\"datePublished\":\"2022-03-09T11:00:00+00:00\",\"dateModified\":\"2022-04-27T09:03:29+00:00\",\"description\":\"La candidate LR \u00e0 la premi\u00e8re circonscription de Lyon aux \u00e9lections l\u00e9gislatives, Anne Prost, a inaugur\u00e9 son local de campagne hier soir.\",\"inLanguage\":\"fr-FR\",\"potentialAction\":[{\"@type\":\"ReadAction\",\"target\":[\"https:\/\/lyonbondyblog.fr\/LBB\/exclu-lbb-anne-prost-candidate-a-la-1ere-circonscription-ouvre-son-local-de-campagne-pour-les-legislatives\/\"]}]},{\"@type\":\"ImageObject\",\"inLanguage\":\"fr-FR\",\"@id\":\"https:\/\/lyonbondyblog.fr\/LBB\/exclu-lbb-anne-prost-candidate-a-la-1ere-circonscription-ouvre-son-local-de-campagne-pour-les-legislatives\/#primaryimage\",\"url\":\"https:\/\/lyonbondyblog.fr\/LBB\/wp-content\/uploads\/2022\/03\/DSC_0374-scaled.jpg\",\"contentUrl\":\"https:\/\/lyonbondyblog.fr\/LBB\/wp-content\/uploads\/2022\/03\/DSC_0374-scaled.jpg\",\"width\":2560,\"height\":1707},{\"@type\":\"WebSite\",\"@id\":\"https:\/\/lyonbondyblog.fr\/LBB\/#website\",\"url\":\"https:\/\/lyonbondyblog.fr\/LBB\/\",\"name\":\"Lyon Bondy Blog\",\"description\":\"\",\"publisher\":{\"@id\":\"https:\/\/lyonbondyblog.fr\/LBB\/#organization\"},\"potentialAction\":[{\"@type\":\"SearchAction\",\"target\":{\"@type\":\"EntryPoint\",\"urlTemplate\":\"https:\/\/lyonbondyblog.fr\/LBB\/?s={search_term_string}\"},\"query-input\":\"required name=search_term_string\"}],\"inLanguage\":\"fr-FR\"},{\"@type\":\"Organization\",\"@id\":\"https:\/\/lyonbondyblog.fr\/LBB\/#organization\",\"name\":\"LYON BONDY BLOG\",\"url\":\"https:\/\/lyonbondyblog.fr\/LBB\/\",\"logo\":{\"@type\":\"ImageObject\",\"inLanguage\":\"fr-FR\",\"@id\":\"https:\/\/lyonbondyblog.fr\/LBB\/#\/schema\/logo\/image\/\",\"url\":\"http:\/\/lyonbondyblog.fr\/LBB\/wp-content\/uploads\/2014\/10\/logo-portable-144.png\",\"contentUrl\":\"http:\/\/lyonbondyblog.fr\/LBB\/wp-content\/uploads\/2014\/10\/logo-portable-144.png\",\"width\":144,\"height\":123,\"caption\":\"LYON BONDY BLOG\"},\"image\":{\"@id\":\"https:\/\/lyonbondyblog.fr\/LBB\/#\/schema\/logo\/image\/\"},\"sameAs\":[\"https:\/\/www.facebook.com\/lyonbondyblog\",\"https:\/\/x.com\/bondybloglyon\"]},{\"@type\":\"Person\",\"@id\":\"https:\/\/lyonbondyblog.fr\/LBB\/#\/schema\/person\/9f49d5a620b7ff0b22195422b4ef0cc4\",\"name\":\"In\u00e8s Pallot\",\"url\":\"https:\/\/lyonbondyblog.fr\/LBB\/author\/inesp\/\"}]}<\/script>\n<!-- \/ Yoast SEO plugin. -->","yoast_head_json":{"title":"Exclu LBB : Anne Prost, candidate \u00e0 la 1\u00e8re circonscription, ouvre son local de campagne pour les l\u00e9gislatives - Lyon Bondy Blog","description":"La candidate LR \u00e0 la premi\u00e8re circonscription de Lyon aux \u00e9lections l\u00e9gislatives, Anne Prost, a inaugur\u00e9 son local de campagne hier soir.","robots":{"index":"index","follow":"follow","max-snippet":"max-snippet:-1","max-image-preview":"max-image-preview:large","max-video-preview":"max-video-preview:-1"},"canonical":"https:\/\/lyonbondyblog.fr\/LBB\/exclu-lbb-anne-prost-candidate-a-la-1ere-circonscription-ouvre-son-local-de-campagne-pour-les-legislatives\/","og_locale":"fr_FR","og_type":"article","og_title":"Exclu LBB : Anne Prost, candidate \u00e0 la 1\u00e8re circonscription, ouvre son local de campagne pour les l\u00e9gislatives - Lyon Bondy Blog","og_description":"La candidate LR \u00e0 la premi\u00e8re circonscription de Lyon aux \u00e9lections l\u00e9gislatives, Anne Prost, a inaugur\u00e9 son local de campagne hier soir.","og_url":"https:\/\/lyonbondyblog.fr\/LBB\/exclu-lbb-anne-prost-candidate-a-la-1ere-circonscription-ouvre-son-local-de-campagne-pour-les-legislatives\/","og_site_name":"Lyon Bondy Blog","article_publisher":"https:\/\/www.facebook.com\/lyonbondyblog","article_published_time":"2022-03-09T11:00:00+00:00","article_modified_time":"2022-04-27T09:03:29+00:00","og_image":[{"width":2560,"height":1707,"url":"https:\/\/lyonbondyblog.fr\/LBB\/wp-content\/uploads\/2022\/03\/DSC_0374-scaled.jpg","type":"image\/jpeg"}],"author":"In\u00e8s Pallot","twitter_card":"summary_large_image","twitter_creator":"@bondybloglyon","twitter_site":"@bondybloglyon","schema":{"@context":"https:\/\/schema.org","@graph":[{"@type":"Article","@id":"https:\/\/lyonbondyblog.fr\/LBB\/exclu-lbb-anne-prost-candidate-a-la-1ere-circonscription-ouvre-son-local-de-campagne-pour-les-legislatives\/#article","isPartOf":{"@id":"https:\/\/lyonbondyblog.fr\/LBB\/exclu-lbb-anne-prost-candidate-a-la-1ere-circonscription-ouvre-son-local-de-campagne-pour-les-legislatives\/"},"author":{"name":"In\u00e8s Pallot","@id":"https:\/\/lyonbondyblog.fr\/LBB\/#\/schema\/person\/9f49d5a620b7ff0b22195422b4ef0cc4"},"headline":"Exclu LBB : Anne Prost, candidate \u00e0 la 1\u00e8re circonscription, ouvre son local de campagne pour les l\u00e9gislatives","datePublished":"2022-03-09T11:00:00+00:00","dateModified":"2022-04-27T09:03:29+00:00","mainEntityOfPage":{"@id":"https:\/\/lyonbondyblog.fr\/LBB\/exclu-lbb-anne-prost-candidate-a-la-1ere-circonscription-ouvre-son-local-de-campagne-pour-les-legislatives\/"},"wordCount":265,"commentCount":0,"publisher":{"@id":"https:\/\/lyonbondyblog.fr\/LBB\/#organization"},"image":{"@id":"https:\/\/lyonbondyblog.fr\/LBB\/exclu-lbb-anne-prost-candidate-a-la-1ere-circonscription-ouvre-son-local-de-campagne-pour-les-legislatives\/#primaryimage"},"thumbnailUrl":"https:\/\/lyonbondyblog.fr\/LBB\/wp-content\/uploads\/2022\/03\/DSC_0374-scaled.jpg","articleSection":["Audio","L\u00e9gislatives 2022","Lyon","Politique"],"inLanguage":"fr-FR","potentialAction":[{"@type":"CommentAction","name":"Comment","target":["https:\/\/lyonbondyblog.fr\/LBB\/exclu-lbb-anne-prost-candidate-a-la-1ere-circonscription-ouvre-son-local-de-campagne-pour-les-legislatives\/#respond"]}]},{"@type":"WebPage","@id":"https:\/\/lyonbondyblog.fr\/LBB\/exclu-lbb-anne-prost-candidate-a-la-1ere-circonscription-ouvre-son-local-de-campagne-pour-les-legislatives\/","url":"https:\/\/lyonbondyblog.fr\/LBB\/exclu-lbb-anne-prost-candidate-a-la-1ere-circonscription-ouvre-son-local-de-campagne-pour-les-legislatives\/","name":"Exclu LBB : Anne Prost, candidate \u00e0 la 1\u00e8re circonscription, ouvre son local de campagne pour les l\u00e9gislatives - Lyon Bondy Blog","isPartOf":{"@id":"https:\/\/lyonbondyblog.fr\/LBB\/#website"},"primaryImageOfPage":{"@id":"https:\/\/lyonbondyblog.fr\/LBB\/exclu-lbb-anne-prost-candidate-a-la-1ere-circonscription-ouvre-son-local-de-campagne-pour-les-legislatives\/#primaryimage"},"image":{"@id":"https:\/\/lyonbondyblog.fr\/LBB\/exclu-lbb-anne-prost-candidate-a-la-1ere-circonscription-ouvre-son-local-de-campagne-pour-les-legislatives\/#primaryimage"},"thumbnailUrl":"https:\/\/lyonbondyblog.fr\/LBB\/wp-content\/uploads\/2022\/03\/DSC_0374-scaled.jpg","datePublished":"2022-03-09T11:00:00+00:00","dateModified":"2022-04-27T09:03:29+00:00","description":"La candidate LR \u00e0 la premi\u00e8re circonscription de Lyon aux \u00e9lections l\u00e9gislatives, Anne Prost, a inaugur\u00e9 son local de campagne hier soir.","inLanguage":"fr-FR","potentialAction":[{"@type":"ReadAction","target":["https:\/\/lyonbondyblog.fr\/LBB\/exclu-lbb-anne-prost-candidate-a-la-1ere-circonscription-ouvre-son-local-de-campagne-pour-les-legislatives\/"]}]},{"@type":"ImageObject","inLanguage":"fr-FR","@id":"https:\/\/lyonbondyblog.fr\/LBB\/exclu-lbb-anne-prost-candidate-a-la-1ere-circonscription-ouvre-son-local-de-campagne-pour-les-legislatives\/#primaryimage","url":"https:\/\/lyonbondyblog.fr\/LBB\/wp-content\/uploads\/2022\/03\/DSC_0374-scaled.jpg","contentUrl":"https:\/\/lyonbondyblog.fr\/LBB\/wp-content\/uploads\/2022\/03\/DSC_0374-scaled.jpg","width":2560,"height":1707},{"@type":"WebSite","@id":"https:\/\/lyonbondyblog.fr\/LBB\/#website","url":"https:\/\/lyonbondyblog.fr\/LBB\/","name":"Lyon Bondy Blog","description":"","publisher":{"@id":"https:\/\/lyonbondyblog.fr\/LBB\/#organization"},"potentialAction":[{"@type":"SearchAction","target":{"@type":"EntryPoint","urlTemplate":"https:\/\/lyonbondyblog.fr\/LBB\/?s={search_term_string}"},"query-input":"required name=search_term_string"}],"inLanguage":"fr-FR"},{"@type":"Organization","@id":"https:\/\/lyonbondyblog.fr\/LBB\/#organization","name":"LYON BONDY BLOG","url":"https:\/\/lyonbondyblog.fr\/LBB\/","logo":{"@type":"ImageObject","inLanguage":"fr-FR","@id":"https:\/\/lyonbondyblog.fr\/LBB\/#\/schema\/logo\/image\/","url":"http:\/\/lyonbondyblog.fr\/LBB\/wp-content\/uploads\/2014\/10\/logo-portable-144.png","contentUrl":"http:\/\/lyonbondyblog.fr\/LBB\/wp-content\/uploads\/2014\/10\/logo-portable-144.png","width":144,"height":123,"caption":"LYON BONDY BLOG"},"image":{"@id":"https:\/\/lyonbondyblog.fr\/LBB\/#\/schema\/logo\/image\/"},"sameAs":["https:\/\/www.facebook.com\/lyonbondyblog","https:\/\/x.com\/bondybloglyon"]},{"@type":"Person","@id":"https:\/\/lyonbondyblog.fr\/LBB\/#\/schema\/person\/9f49d5a620b7ff0b22195422b4ef0cc4","name":"In\u00e8s Pallot","url":"https:\/\/lyonbondyblog.fr\/LBB\/author\/inesp\/"}]}},"_links":{"self":[{"href":"https:\/\/lyonbondyblog.fr\/LBB\/wp-json\/wp\/v2\/posts\/27643","targetHints":{"allow":["GET"]}}],"collection":[{"href":"https:\/\/lyonbondyblog.fr\/LBB\/wp-json\/wp\/v2\/posts"}],"about":[{"href":"https:\/\/lyonbondyblog.fr\/LBB\/wp-json\/wp\/v2\/types\/post"}],"author":[{"embeddable":true,"href":"https:\/\/lyonbondyblog.fr\/LBB\/wp-json\/wp\/v2\/users\/31860"}],"replies":[{"embeddable":true,"href":"https:\/\/lyonbondyblog.fr\/LBB\/wp-json\/wp\/v2\/comments?post=27643"}],"version-history":[{"count":22,"href":"https:\/\/lyonbondyblog.fr\/LBB\/wp-json\/wp\/v2\/posts\/27643\/revisions"}],"predecessor-version":[{"id":27677,"href":"https:\/\/lyonbondyblog.fr\/LBB\/wp-json\/wp\/v2\/posts\/27643\/revisions\/27677"}],"wp:featuredmedia":[{"embeddable":true,"href":"https:\/\/lyonbondyblog.fr\/LBB\/wp-json\/wp\/v2\/media\/27666"}],"wp:attachment":[{"href":"https:\/\/lyonbondyblog.fr\/LBB\/wp-json\/wp\/v2\/media?parent=27643"}],"wp:term":[{"taxonomy":"category","embeddable":true,"href":"https:\/\/lyonbondyblog.fr\/LBB\/wp-json\/wp\/v2\/categories?post=27643"},{"taxonomy":"post_tag","embeddable":true,"href":"https:\/\/lyonbondyblog.fr\/LBB\/wp-json\/wp\/v2\/tags?post=27643"}],"curies":[{"name":"wp","href":"https:\/\/api.w.org\/{rel}","templated":true}]}}