{"id":27574,"date":"2022-03-07T17:00:00","date_gmt":"2022-03-07T16:00:00","guid":{"rendered":"http:\/\/lyonbondyblog.fr\/LBB\/?p=27574"},"modified":"2022-03-07T17:23:36","modified_gmt":"2022-03-07T16:23:36","slug":"semaine-destinee-aux-femmes-le-train-pour-legalite-fait-son-tour-de-france","status":"publish","type":"post","link":"https:\/\/lyonbondyblog.fr\/LBB\/semaine-destinee-aux-femmes-le-train-pour-legalite-fait-son-tour-de-france\/","title":{"rendered":"[Semaine destin\u00e9e aux femmes] Le train pour l\u2019\u00e9galit\u00e9 fait son tour de France"},"content":{"rendered":"\n<h2 class=\"wp-block-heading\">Organis\u00e9 par la Fondation des Femmes, le train pour l\u2019\u00e9galit\u00e9 a sillonn\u00e9 la France du 26 f\u00e9vrier au 7 mars. Il s\u2019est arr\u00eat\u00e9 \u00e0 Paris, Nantes, Bordeaux, Toulouse, Marseille, Grenoble, Lyon, Strasbourg et Lille. En ce qui concerne Lyon, il a \u00e9t\u00e9 accueilli \u00e0 la gare de Perrache le 4 mars.<\/h2>\n\n\n\n<p>Pour sa premi\u00e8re \u00e9dition, le train pour l\u2019\u00e9galit\u00e9 \u00e9tait \u00e0 Lyon durant toute la journ\u00e9e du 4 mars. A Perrache, voie A, le train attend son public. <a href=\"https:\/\/fondationdesfemmes.org\/\">La Fondation des Femmes<\/a> accueillait le matin les \u00e9coles, le midi, le maire, et \u00e0 partir de 14h jusqu\u2019\u00e0 15h30, le public. Le train propose des expositions, des conf\u00e9rences et des formations. <em>\u00ab&nbsp;Ce qui est marrant avec un train c\u2019est que \u00e7a va de ville en ville, c\u2019est grand, c\u2019est gros et \u00e7a fait du bruit&nbsp;\u00bb,<\/em> livre Anne-C\u00e9cile Mailfert, pr\u00e9sidente de la Fondation des Femmes. Ce projet a pour but de mobiliser et de sensibiliser tous les fran\u00e7ais aux grands enjeux de l\u2019\u00e9galit\u00e9 femmes-hommes.<\/p>\n\n\n\n<figure class=\"wp-block-embed is-type-rich is-provider-twitter wp-block-embed-twitter\"><div class=\"wp-block-embed__wrapper\">\nhttps:\/\/twitter.com\/comitejupe\/status\/1495013397091569667\n<\/div><\/figure>\n\n\n\n<p><em>\u00ab&nbsp;Le train a pour message g\u00e9n\u00e9ral&nbsp;: \u00e9coutez-nous bien,<\/em> ajoute Anne-C\u00e9cile Mailfert, <em>les femmes parlent mais on ne les \u00e9coute toujours pas suffisamment&nbsp;\u00bb. <\/em>Le Centre d\u2019Informations Des Femmes et Familles (CIDFF) b\u00e9n\u00e9ficie de deux wagons, port\u00e9s sur la lutte contre les violences sexistes et sexuelles et sur l\u2019emploi. <em>\u00ab&nbsp;Dans ce train, on va pr\u00e9senter au public nos actions et comment on travaille avec les femmes et aussi les outils que nous pouvons utiliser&nbsp;\u00bb,<\/em> explique Myriam Thomas, charg\u00e9e d\u2019accompagnement des victimes. Son objectif&nbsp;: sensibiliser sur les st\u00e9r\u00e9otypes mais surtout sur la lutte contre les violences sexistes et sexuelles.<\/p>\n\n\n\n<p>Cette premi\u00e8re \u00e9dition a \u00e9galement pour but d\u2019alerter pendant les pr\u00e9sidentielles, sur l\u2019urgence de la situation. Effectivement, <a href=\"https:\/\/www.ipsos.com\/fr-fr\/81-des-femmes-en-france-ont-deja-ete-victimes-de-harcelement-sexuel-dans-les-lieux-publics\">81 % des femmes ont d\u00e9j\u00e0 \u00e9t\u00e9 victimes de harc\u00e8lement sexuel dans l\u2019espace public<\/a>, selon Ipsos. Fondation des Femmes a mis au point un plan d\u2019urgence qu\u2019ils proposent aux candidats \u00e0 la pr\u00e9sidentielle. Ce plan contient dix mesures \u00e0 r\u00e9aliser dans les 100 jours du prochain quinquennat.<\/p>\n\n\n\n<figure class=\"wp-block-embed is-type-video is-provider-youtube wp-block-embed-youtube wp-embed-aspect-16-9 wp-has-aspect-ratio\"><div class=\"wp-block-embed__wrapper\">\n<iframe loading=\"lazy\" title=\"Train pour l&#039;\u00e9galit\u00e9\" width=\"1200\" height=\"675\" src=\"https:\/\/www.youtube.com\/embed\/_Tbhdl8wUgM?feature=oembed\" frameborder=\"0\" allow=\"accelerometer; autoplay; clipboard-write; encrypted-media; gyroscope; picture-in-picture\" allowfullscreen><\/iframe>\n<\/div><figcaption>Pour cet arr\u00eat \u00e0 Lyon, Anne Soupa, fondatrice du comit\u00e9 de la jupe a tenu une conf\u00e9rence sur les femmes et la religion<\/figcaption><\/figure>\n\n\n\n<p>Carmen Buecher<\/p>\n<!-- AddThis Advanced Settings generic via filter on the_content --><!-- AddThis Share Buttons generic via filter on the_content -->","protected":false},"excerpt":{"rendered":"<p>Organis\u00e9 par la Fondation des Femmes, le train pour l\u2019\u00e9galit\u00e9 a sillonn\u00e9 la France du 26 f\u00e9vrier au 7 mars. Il s\u2019est arr\u00eat\u00e9 \u00e0 Paris, &hellip; <!-- AddThis Advanced Settings generic via filter on wp_trim_excerpt --><!-- AddThis Share Buttons generic via filter on wp_trim_excerpt --><\/p>\n","protected":false},"author":1,"featured_media":27575,"comment_status":"open","ping_status":"open","sticky":true,"template":"","format":"standard","meta":{"_FSMCFIC_featured_image_caption":"","_FSMCFIC_featured_image_nocaption":"","_FSMCFIC_featured_image_hide":"","footnotes":""},"categories":[22680,4],"tags":[],"class_list":["post-27574","post","type-post","status-publish","format-standard","has-post-thumbnail","hentry","category-feminisme","category-lyon"],"yoast_head":"<!-- This site is optimized with the Yoast SEO plugin v22.8 - https:\/\/yoast.com\/wordpress\/plugins\/seo\/ -->\n<title>[Semaine destin\u00e9e aux femmes] Le train pour l\u2019\u00e9galit\u00e9 fait son tour de France - Lyon Bondy Blog<\/title>\n<meta name=\"description\" content=\"Organis\u00e9 par la Fondation des Femmes, le train pour l\u2019\u00e9galit\u00e9 sillonnera la France du 26 f\u00e9vrier au 7 mars. Le train s\u2019arr\u00eatera \u00e0 Paris, Nantes, Bordeaux, Toulouse, Marseille, Grenoble, Lyon, Strasbourg et Lille. Il a effectu\u00e9 un arr\u00eat le 4 mars \u00e0 la gare de Perrache \u00e0 Lyon.\" \/>\n<meta name=\"robots\" content=\"index, follow, max-snippet:-1, max-image-preview:large, max-video-preview:-1\" \/>\n<link rel=\"canonical\" href=\"https:\/\/lyonbondyblog.fr\/LBB\/semaine-destinee-aux-femmes-le-train-pour-legalite-fait-son-tour-de-france\/\" \/>\n<meta property=\"og:locale\" content=\"fr_FR\" \/>\n<meta property=\"og:type\" content=\"article\" \/>\n<meta property=\"og:title\" content=\"[Semaine destin\u00e9e aux femmes] Le train pour l\u2019\u00e9galit\u00e9 fait son tour de France - Lyon Bondy Blog\" \/>\n<meta property=\"og:description\" content=\"Organis\u00e9 par la Fondation des Femmes, le train pour l\u2019\u00e9galit\u00e9 sillonnera la France du 26 f\u00e9vrier au 7 mars. Le train s\u2019arr\u00eatera \u00e0 Paris, Nantes, Bordeaux, Toulouse, Marseille, Grenoble, Lyon, Strasbourg et Lille. Il a effectu\u00e9 un arr\u00eat le 4 mars \u00e0 la gare de Perrache \u00e0 Lyon.\" \/>\n<meta property=\"og:url\" content=\"https:\/\/lyonbondyblog.fr\/LBB\/semaine-destinee-aux-femmes-le-train-pour-legalite-fait-son-tour-de-france\/\" \/>\n<meta property=\"og:site_name\" content=\"Lyon Bondy Blog\" \/>\n<meta property=\"article:publisher\" content=\"https:\/\/www.facebook.com\/lyonbondyblog\" \/>\n<meta property=\"article:author\" content=\"https:\/\/www.facebook.com\/lyonbondyblog\" \/>\n<meta property=\"article:published_time\" content=\"2022-03-07T16:00:00+00:00\" \/>\n<meta property=\"article:modified_time\" content=\"2022-03-07T16:23:36+00:00\" \/>\n<meta property=\"og:image\" content=\"https:\/\/lyonbondyblog.fr\/LBB\/wp-content\/uploads\/2022\/03\/IMG_0075-scaled.jpg\" \/>\n\t<meta property=\"og:image:width\" content=\"2560\" \/>\n\t<meta property=\"og:image:height\" content=\"1920\" \/>\n\t<meta property=\"og:image:type\" content=\"image\/jpeg\" \/>\n<meta name=\"author\" content=\"La r\u00e9daction\" \/>\n<meta name=\"twitter:card\" content=\"summary_large_image\" \/>\n<meta name=\"twitter:creator\" content=\"@BondyBlogLyon\" \/>\n<meta name=\"twitter:site\" content=\"@bondybloglyon\" \/>\n<script type=\"application\/ld+json\" class=\"yoast-schema-graph\">{\"@context\":\"https:\/\/schema.org\",\"@graph\":[{\"@type\":\"Article\",\"@id\":\"https:\/\/lyonbondyblog.fr\/LBB\/semaine-destinee-aux-femmes-le-train-pour-legalite-fait-son-tour-de-france\/#article\",\"isPartOf\":{\"@id\":\"https:\/\/lyonbondyblog.fr\/LBB\/semaine-destinee-aux-femmes-le-train-pour-legalite-fait-son-tour-de-france\/\"},\"author\":{\"name\":\"La r\u00e9daction\",\"@id\":\"https:\/\/lyonbondyblog.fr\/LBB\/#\/schema\/person\/e45f8d27baac75072daa0be50c409b25\"},\"headline\":\"[Semaine destin\u00e9e aux femmes] Le train pour l\u2019\u00e9galit\u00e9 fait son tour de France\",\"datePublished\":\"2022-03-07T16:00:00+00:00\",\"dateModified\":\"2022-03-07T16:23:36+00:00\",\"mainEntityOfPage\":{\"@id\":\"https:\/\/lyonbondyblog.fr\/LBB\/semaine-destinee-aux-femmes-le-train-pour-legalite-fait-son-tour-de-france\/\"},\"wordCount\":407,\"commentCount\":0,\"publisher\":{\"@id\":\"https:\/\/lyonbondyblog.fr\/LBB\/#organization\"},\"image\":{\"@id\":\"https:\/\/lyonbondyblog.fr\/LBB\/semaine-destinee-aux-femmes-le-train-pour-legalite-fait-son-tour-de-france\/#primaryimage\"},\"thumbnailUrl\":\"https:\/\/lyonbondyblog.fr\/LBB\/wp-content\/uploads\/2022\/03\/IMG_0075-scaled.jpg\",\"articleSection\":[\"F\u00e9minisme\",\"Lyon\"],\"inLanguage\":\"fr-FR\",\"potentialAction\":[{\"@type\":\"CommentAction\",\"name\":\"Comment\",\"target\":[\"https:\/\/lyonbondyblog.fr\/LBB\/semaine-destinee-aux-femmes-le-train-pour-legalite-fait-son-tour-de-france\/#respond\"]}]},{\"@type\":\"WebPage\",\"@id\":\"https:\/\/lyonbondyblog.fr\/LBB\/semaine-destinee-aux-femmes-le-train-pour-legalite-fait-son-tour-de-france\/\",\"url\":\"https:\/\/lyonbondyblog.fr\/LBB\/semaine-destinee-aux-femmes-le-train-pour-legalite-fait-son-tour-de-france\/\",\"name\":\"[Semaine destin\u00e9e aux femmes] Le train pour l\u2019\u00e9galit\u00e9 fait son tour de France - Lyon Bondy Blog\",\"isPartOf\":{\"@id\":\"https:\/\/lyonbondyblog.fr\/LBB\/#website\"},\"primaryImageOfPage\":{\"@id\":\"https:\/\/lyonbondyblog.fr\/LBB\/semaine-destinee-aux-femmes-le-train-pour-legalite-fait-son-tour-de-france\/#primaryimage\"},\"image\":{\"@id\":\"https:\/\/lyonbondyblog.fr\/LBB\/semaine-destinee-aux-femmes-le-train-pour-legalite-fait-son-tour-de-france\/#primaryimage\"},\"thumbnailUrl\":\"https:\/\/lyonbondyblog.fr\/LBB\/wp-content\/uploads\/2022\/03\/IMG_0075-scaled.jpg\",\"datePublished\":\"2022-03-07T16:00:00+00:00\",\"dateModified\":\"2022-03-07T16:23:36+00:00\",\"description\":\"Organis\u00e9 par la Fondation des Femmes, le train pour l\u2019\u00e9galit\u00e9 sillonnera la France du 26 f\u00e9vrier au 7 mars. Le train s\u2019arr\u00eatera \u00e0 Paris, Nantes, Bordeaux, Toulouse, Marseille, Grenoble, Lyon, Strasbourg et Lille. Il a effectu\u00e9 un arr\u00eat le 4 mars \u00e0 la gare de Perrache \u00e0 Lyon.\",\"inLanguage\":\"fr-FR\",\"potentialAction\":[{\"@type\":\"ReadAction\",\"target\":[\"https:\/\/lyonbondyblog.fr\/LBB\/semaine-destinee-aux-femmes-le-train-pour-legalite-fait-son-tour-de-france\/\"]}]},{\"@type\":\"ImageObject\",\"inLanguage\":\"fr-FR\",\"@id\":\"https:\/\/lyonbondyblog.fr\/LBB\/semaine-destinee-aux-femmes-le-train-pour-legalite-fait-son-tour-de-france\/#primaryimage\",\"url\":\"https:\/\/lyonbondyblog.fr\/LBB\/wp-content\/uploads\/2022\/03\/IMG_0075-scaled.jpg\",\"contentUrl\":\"https:\/\/lyonbondyblog.fr\/LBB\/wp-content\/uploads\/2022\/03\/IMG_0075-scaled.jpg\",\"width\":2560,\"height\":1920},{\"@type\":\"WebSite\",\"@id\":\"https:\/\/lyonbondyblog.fr\/LBB\/#website\",\"url\":\"https:\/\/lyonbondyblog.fr\/LBB\/\",\"name\":\"Lyon Bondy Blog\",\"description\":\"\",\"publisher\":{\"@id\":\"https:\/\/lyonbondyblog.fr\/LBB\/#organization\"},\"potentialAction\":[{\"@type\":\"SearchAction\",\"target\":{\"@type\":\"EntryPoint\",\"urlTemplate\":\"https:\/\/lyonbondyblog.fr\/LBB\/?s={search_term_string}\"},\"query-input\":\"required name=search_term_string\"}],\"inLanguage\":\"fr-FR\"},{\"@type\":\"Organization\",\"@id\":\"https:\/\/lyonbondyblog.fr\/LBB\/#organization\",\"name\":\"LYON BONDY BLOG\",\"url\":\"https:\/\/lyonbondyblog.fr\/LBB\/\",\"logo\":{\"@type\":\"ImageObject\",\"inLanguage\":\"fr-FR\",\"@id\":\"https:\/\/lyonbondyblog.fr\/LBB\/#\/schema\/logo\/image\/\",\"url\":\"http:\/\/lyonbondyblog.fr\/LBB\/wp-content\/uploads\/2014\/10\/logo-portable-144.png\",\"contentUrl\":\"http:\/\/lyonbondyblog.fr\/LBB\/wp-content\/uploads\/2014\/10\/logo-portable-144.png\",\"width\":144,\"height\":123,\"caption\":\"LYON BONDY BLOG\"},\"image\":{\"@id\":\"https:\/\/lyonbondyblog.fr\/LBB\/#\/schema\/logo\/image\/\"},\"sameAs\":[\"https:\/\/www.facebook.com\/lyonbondyblog\",\"https:\/\/x.com\/bondybloglyon\"]},{\"@type\":\"Person\",\"@id\":\"https:\/\/lyonbondyblog.fr\/LBB\/#\/schema\/person\/e45f8d27baac75072daa0be50c409b25\",\"name\":\"La r\u00e9daction\",\"description\":\"Cr\u00e9e en 2008, la r\u00e9daction du Lyon Bondy Blog s'applique \u00e0 proposer une information locale diff\u00e9rente et compl\u00e9mentaire des m\u00e9dias traditionnels.\",\"sameAs\":[\"https:\/\/www.facebook.com\/lyonbondyblog\",\"https:\/\/x.com\/BondyBlogLyon\"],\"url\":\"https:\/\/lyonbondyblog.fr\/LBB\/author\/admin\/\"}]}<\/script>\n<!-- \/ Yoast SEO plugin. -->","yoast_head_json":{"title":"[Semaine destin\u00e9e aux femmes] Le train pour l\u2019\u00e9galit\u00e9 fait son tour de France - Lyon Bondy Blog","description":"Organis\u00e9 par la Fondation des Femmes, le train pour l\u2019\u00e9galit\u00e9 sillonnera la France du 26 f\u00e9vrier au 7 mars. Le train s\u2019arr\u00eatera \u00e0 Paris, Nantes, Bordeaux, Toulouse, Marseille, Grenoble, Lyon, Strasbourg et Lille. Il a effectu\u00e9 un arr\u00eat le 4 mars \u00e0 la gare de Perrache \u00e0 Lyon.","robots":{"index":"index","follow":"follow","max-snippet":"max-snippet:-1","max-image-preview":"max-image-preview:large","max-video-preview":"max-video-preview:-1"},"canonical":"https:\/\/lyonbondyblog.fr\/LBB\/semaine-destinee-aux-femmes-le-train-pour-legalite-fait-son-tour-de-france\/","og_locale":"fr_FR","og_type":"article","og_title":"[Semaine destin\u00e9e aux femmes] Le train pour l\u2019\u00e9galit\u00e9 fait son tour de France - Lyon Bondy Blog","og_description":"Organis\u00e9 par la Fondation des Femmes, le train pour l\u2019\u00e9galit\u00e9 sillonnera la France du 26 f\u00e9vrier au 7 mars. Le train s\u2019arr\u00eatera \u00e0 Paris, Nantes, Bordeaux, Toulouse, Marseille, Grenoble, Lyon, Strasbourg et Lille. Il a effectu\u00e9 un arr\u00eat le 4 mars \u00e0 la gare de Perrache \u00e0 Lyon.","og_url":"https:\/\/lyonbondyblog.fr\/LBB\/semaine-destinee-aux-femmes-le-train-pour-legalite-fait-son-tour-de-france\/","og_site_name":"Lyon Bondy Blog","article_publisher":"https:\/\/www.facebook.com\/lyonbondyblog","article_author":"https:\/\/www.facebook.com\/lyonbondyblog","article_published_time":"2022-03-07T16:00:00+00:00","article_modified_time":"2022-03-07T16:23:36+00:00","og_image":[{"width":2560,"height":1920,"url":"https:\/\/lyonbondyblog.fr\/LBB\/wp-content\/uploads\/2022\/03\/IMG_0075-scaled.jpg","type":"image\/jpeg"}],"author":"La r\u00e9daction","twitter_card":"summary_large_image","twitter_creator":"@BondyBlogLyon","twitter_site":"@bondybloglyon","schema":{"@context":"https:\/\/schema.org","@graph":[{"@type":"Article","@id":"https:\/\/lyonbondyblog.fr\/LBB\/semaine-destinee-aux-femmes-le-train-pour-legalite-fait-son-tour-de-france\/#article","isPartOf":{"@id":"https:\/\/lyonbondyblog.fr\/LBB\/semaine-destinee-aux-femmes-le-train-pour-legalite-fait-son-tour-de-france\/"},"author":{"name":"La r\u00e9daction","@id":"https:\/\/lyonbondyblog.fr\/LBB\/#\/schema\/person\/e45f8d27baac75072daa0be50c409b25"},"headline":"[Semaine destin\u00e9e aux femmes] Le train pour l\u2019\u00e9galit\u00e9 fait son tour de France","datePublished":"2022-03-07T16:00:00+00:00","dateModified":"2022-03-07T16:23:36+00:00","mainEntityOfPage":{"@id":"https:\/\/lyonbondyblog.fr\/LBB\/semaine-destinee-aux-femmes-le-train-pour-legalite-fait-son-tour-de-france\/"},"wordCount":407,"commentCount":0,"publisher":{"@id":"https:\/\/lyonbondyblog.fr\/LBB\/#organization"},"image":{"@id":"https:\/\/lyonbondyblog.fr\/LBB\/semaine-destinee-aux-femmes-le-train-pour-legalite-fait-son-tour-de-france\/#primaryimage"},"thumbnailUrl":"https:\/\/lyonbondyblog.fr\/LBB\/wp-content\/uploads\/2022\/03\/IMG_0075-scaled.jpg","articleSection":["F\u00e9minisme","Lyon"],"inLanguage":"fr-FR","potentialAction":[{"@type":"CommentAction","name":"Comment","target":["https:\/\/lyonbondyblog.fr\/LBB\/semaine-destinee-aux-femmes-le-train-pour-legalite-fait-son-tour-de-france\/#respond"]}]},{"@type":"WebPage","@id":"https:\/\/lyonbondyblog.fr\/LBB\/semaine-destinee-aux-femmes-le-train-pour-legalite-fait-son-tour-de-france\/","url":"https:\/\/lyonbondyblog.fr\/LBB\/semaine-destinee-aux-femmes-le-train-pour-legalite-fait-son-tour-de-france\/","name":"[Semaine destin\u00e9e aux femmes] Le train pour l\u2019\u00e9galit\u00e9 fait son tour de France - Lyon Bondy Blog","isPartOf":{"@id":"https:\/\/lyonbondyblog.fr\/LBB\/#website"},"primaryImageOfPage":{"@id":"https:\/\/lyonbondyblog.fr\/LBB\/semaine-destinee-aux-femmes-le-train-pour-legalite-fait-son-tour-de-france\/#primaryimage"},"image":{"@id":"https:\/\/lyonbondyblog.fr\/LBB\/semaine-destinee-aux-femmes-le-train-pour-legalite-fait-son-tour-de-france\/#primaryimage"},"thumbnailUrl":"https:\/\/lyonbondyblog.fr\/LBB\/wp-content\/uploads\/2022\/03\/IMG_0075-scaled.jpg","datePublished":"2022-03-07T16:00:00+00:00","dateModified":"2022-03-07T16:23:36+00:00","description":"Organis\u00e9 par la Fondation des Femmes, le train pour l\u2019\u00e9galit\u00e9 sillonnera la France du 26 f\u00e9vrier au 7 mars. Le train s\u2019arr\u00eatera \u00e0 Paris, Nantes, Bordeaux, Toulouse, Marseille, Grenoble, Lyon, Strasbourg et Lille. Il a effectu\u00e9 un arr\u00eat le 4 mars \u00e0 la gare de Perrache \u00e0 Lyon.","inLanguage":"fr-FR","potentialAction":[{"@type":"ReadAction","target":["https:\/\/lyonbondyblog.fr\/LBB\/semaine-destinee-aux-femmes-le-train-pour-legalite-fait-son-tour-de-france\/"]}]},{"@type":"ImageObject","inLanguage":"fr-FR","@id":"https:\/\/lyonbondyblog.fr\/LBB\/semaine-destinee-aux-femmes-le-train-pour-legalite-fait-son-tour-de-france\/#primaryimage","url":"https:\/\/lyonbondyblog.fr\/LBB\/wp-content\/uploads\/2022\/03\/IMG_0075-scaled.jpg","contentUrl":"https:\/\/lyonbondyblog.fr\/LBB\/wp-content\/uploads\/2022\/03\/IMG_0075-scaled.jpg","width":2560,"height":1920},{"@type":"WebSite","@id":"https:\/\/lyonbondyblog.fr\/LBB\/#website","url":"https:\/\/lyonbondyblog.fr\/LBB\/","name":"Lyon Bondy Blog","description":"","publisher":{"@id":"https:\/\/lyonbondyblog.fr\/LBB\/#organization"},"potentialAction":[{"@type":"SearchAction","target":{"@type":"EntryPoint","urlTemplate":"https:\/\/lyonbondyblog.fr\/LBB\/?s={search_term_string}"},"query-input":"required name=search_term_string"}],"inLanguage":"fr-FR"},{"@type":"Organization","@id":"https:\/\/lyonbondyblog.fr\/LBB\/#organization","name":"LYON BONDY BLOG","url":"https:\/\/lyonbondyblog.fr\/LBB\/","logo":{"@type":"ImageObject","inLanguage":"fr-FR","@id":"https:\/\/lyonbondyblog.fr\/LBB\/#\/schema\/logo\/image\/","url":"http:\/\/lyonbondyblog.fr\/LBB\/wp-content\/uploads\/2014\/10\/logo-portable-144.png","contentUrl":"http:\/\/lyonbondyblog.fr\/LBB\/wp-content\/uploads\/2014\/10\/logo-portable-144.png","width":144,"height":123,"caption":"LYON BONDY BLOG"},"image":{"@id":"https:\/\/lyonbondyblog.fr\/LBB\/#\/schema\/logo\/image\/"},"sameAs":["https:\/\/www.facebook.com\/lyonbondyblog","https:\/\/x.com\/bondybloglyon"]},{"@type":"Person","@id":"https:\/\/lyonbondyblog.fr\/LBB\/#\/schema\/person\/e45f8d27baac75072daa0be50c409b25","name":"La r\u00e9daction","description":"Cr\u00e9e en 2008, la r\u00e9daction du Lyon Bondy Blog s'applique \u00e0 proposer une information locale diff\u00e9rente et compl\u00e9mentaire des m\u00e9dias traditionnels.","sameAs":["https:\/\/www.facebook.com\/lyonbondyblog","https:\/\/x.com\/BondyBlogLyon"],"url":"https:\/\/lyonbondyblog.fr\/LBB\/author\/admin\/"}]}},"_links":{"self":[{"href":"https:\/\/lyonbondyblog.fr\/LBB\/wp-json\/wp\/v2\/posts\/27574","targetHints":{"allow":["GET"]}}],"collection":[{"href":"https:\/\/lyonbondyblog.fr\/LBB\/wp-json\/wp\/v2\/posts"}],"about":[{"href":"https:\/\/lyonbondyblog.fr\/LBB\/wp-json\/wp\/v2\/types\/post"}],"author":[{"embeddable":true,"href":"https:\/\/lyonbondyblog.fr\/LBB\/wp-json\/wp\/v2\/users\/1"}],"replies":[{"embeddable":true,"href":"https:\/\/lyonbondyblog.fr\/LBB\/wp-json\/wp\/v2\/comments?post=27574"}],"version-history":[{"count":8,"href":"https:\/\/lyonbondyblog.fr\/LBB\/wp-json\/wp\/v2\/posts\/27574\/revisions"}],"predecessor-version":[{"id":27627,"href":"https:\/\/lyonbondyblog.fr\/LBB\/wp-json\/wp\/v2\/posts\/27574\/revisions\/27627"}],"wp:featuredmedia":[{"embeddable":true,"href":"https:\/\/lyonbondyblog.fr\/LBB\/wp-json\/wp\/v2\/media\/27575"}],"wp:attachment":[{"href":"https:\/\/lyonbondyblog.fr\/LBB\/wp-json\/wp\/v2\/media?parent=27574"}],"wp:term":[{"taxonomy":"category","embeddable":true,"href":"https:\/\/lyonbondyblog.fr\/LBB\/wp-json\/wp\/v2\/categories?post=27574"},{"taxonomy":"post_tag","embeddable":true,"href":"https:\/\/lyonbondyblog.fr\/LBB\/wp-json\/wp\/v2\/tags?post=27574"}],"curies":[{"name":"wp","href":"https:\/\/api.w.org\/{rel}","templated":true}]}}