{"id":2749,"date":"2010-05-20T11:46:48","date_gmt":"2010-05-20T09:46:48","guid":{"rendered":"http:\/\/lyonbondyblog.fr\/LBB\/?p=2749"},"modified":"2013-08-01T11:48:39","modified_gmt":"2013-08-01T09:48:39","slug":"ils-ont-tue-la-mixite-sociale-au-lieu-de-la-creer","status":"publish","type":"post","link":"https:\/\/lyonbondyblog.fr\/LBB\/ils-ont-tue-la-mixite-sociale-au-lieu-de-la-creer\/","title":{"rendered":"\u00ab\u00a0Ils ont tu\u00e9 la mixit\u00e9 sociale au lieu de la cr\u00e9er\u00a0\u00bb"},"content":{"rendered":"<p><strong>A l\u2019occasion de la destruction de la barre 220, le Groupe de Travail Interquartiers (GTI) a organis\u00e9 un pique-nique r\u00e9unissant les anciens habitants de la Duch\u00e8re, le mardi 18 mai au centre commercial du Plateau.<\/strong><\/p>\n<p><a href=\"https:\/\/lyonbondyblog.fr\/LBB\/wp-content\/uploads\/2013\/08\/La_Duchere_DSCN3860_t.jpg\"><img loading=\"lazy\" decoding=\"async\" class=\"size-full wp-image-2750 alignleft\" alt=\"La_Duchere_DSCN3860_t\" src=\"https:\/\/lyonbondyblog.fr\/LBB\/wp-content\/uploads\/2013\/08\/La_Duchere_DSCN3860_t.jpg\" width=\"193\" height=\"145\" \/><\/a><br \/>\nCe mardi, \u00e0 19 heures, veille de la destruction de la barre 220, dans l\u2019all\u00e9e du centre commercial du plateau, les duch\u00e8rois, anciens ou actuels, se sont retrouv\u00e9s autour d\u2019un pique-nique convivial. Chacun devait apporter un \u00e9l\u00e9ment de repas \u00e0 partager avec ses voisins. Le GTI, collectif des habitants de la Duch\u00e8re, avait fourni les tables et les chaises, les m\u00e8res de familles distribuaient boissons et nourriture. Tous sont venus en famille pour partager ce moment qui marquait une nouvelle \u00e9tape dans l\u2019histoire de la Duch\u00e8re.<\/p>\n<p>Pendant le repas, les langues se d\u00e9lient. Beaucoup regrettent leur ancien quartier et ce qu\u2019il est devenu aujourd\u2019hui. Certains vivent ici depuis sa cr\u00e9ation. Sabah, 47 ans, m\u00e8re au foyer a vu la plupart de ses enfants naitre et grandir ici. Elle nous confie sa d\u00e9ception quant \u00e0 la politique de r\u00e9am\u00e9nagement entreprise par la Ville. \u00ab Cela fait maintenant 18 ans que je vis \u00e0 la Duch\u00e8re, tout le monde se connaissait. Avec cette reconstruction, j\u2019ai perdu la plupart de mes amis et connaissances. Je sais que je ne suis pas la seule \u00e0 partager ce sentiment car la plupart des anciens habitants d\u00e9j\u00e0 partis viennent encore au march\u00e9 du samedi pour nous revoir \u00bb.<\/p>\n<p>Une autre Fatima, \u00e0 la Duch\u00e8re depuis 30 ans, m\u2019interpelle sur les loyers qui ont consid\u00e9rablement augment\u00e9s : \u00ab Maintenant, on ne trouve plus de logements \u00e0 moins de 700\u20ac de loyer. Ils ont tu\u00e9 la mixit\u00e9 sociale au lieu de la cr\u00e9er car nous avons perdu la solidarit\u00e9 qui nous unissait. Les gens ne se connaissent plus ! Et de toute fa\u00e7on, nous ne pourrons pas continuer \u00e0 vivre ici car la vie sera trop ch\u00e8re. La ville de Lyon a cependant sign\u00e9 avec beaucoup de familles nombreuses pour qu\u2019elles puissent revenir dans le quartier et retrouver un logement \u00e0 un prix d\u00e9cent \u00bb, ajoute-t-elle.<\/p>\n<p>Des vies se sont \u00e9coul\u00e9es dans ce quartier laissant derri\u00e8re elles de nombreux souvenirs. Hafsa, 15 ans se souvient des f\u00eates du quartier \u00ab quand il y avait beaucoup plus de jeunes et que tout le monde se connaissait \u00bb nous dit-elle. Fatima et Sabah ont d\u00e9m\u00e9nag\u00e9 chacune 3 fois \u00e0 la Duch\u00e8re car elles voulaient absolument y rester. Youssef, 26 ans, trouve que c\u2019est une bonne initiative de reconstruire le quartier, de l\u2019am\u00e9liorer. Et m\u00eame si les loyers sont nettement plus chers, il ne le quittera pas.<\/p>\n<p>La ville voulait, au d\u00e9part, cr\u00e9er de la mixit\u00e9 sociale et abolir les ZEP en instaurant 20% de logements sociaux dans tous les arrondissements de Lyon. Cela ne va pas forc\u00e9ment de pairs avec les loyers exorbitants des nouveaux logements. Rappelons toutefois que la Duch\u00e8re, situ\u00e9e dans le 9\u00e9me arrondissement de Lyon, reste le seul ghetto au sein de la Ville. Il \u00e9tait donc n\u00e9cessaire pour les \u00e9lus de restaurer son image. C\u2019est peut-\u00eatre ici que r\u00e9sident les v\u00e9ritables motivations des personnes qui ont entam\u00e9 cette politique urbaine.<\/p>\n<p><span style=\"text-decoration: underline;\">Auteur :\u00a0Ibtissem Boufassa<\/span><\/p>\n<!-- AddThis Advanced Settings generic via filter on the_content --><!-- AddThis Share Buttons generic via filter on the_content -->","protected":false},"excerpt":{"rendered":"<p>A l\u2019occasion de la destruction de la barre 220, le Groupe de Travail Interquartiers (GTI) a organis\u00e9 un pique-nique r\u00e9unissant les anciens habitants de la &hellip; <!-- AddThis Advanced Settings generic via filter on wp_trim_excerpt --><!-- AddThis Share Buttons generic via filter on wp_trim_excerpt --><\/p>\n","protected":false},"author":1,"featured_media":2750,"comment_status":"open","ping_status":"open","sticky":false,"template":"","format":"standard","meta":{"_FSMCFIC_featured_image_caption":"","_FSMCFIC_featured_image_nocaption":"","_FSMCFIC_featured_image_hide":"","footnotes":""},"categories":[4,2],"tags":[10,112],"class_list":["post-2749","post","type-post","status-publish","format-standard","has-post-thumbnail","hentry","category-lyon","category-societe","tag-lyon-2","tag-lyon-bondy-blog"],"yoast_head":"<!-- This site is optimized with the Yoast SEO plugin v22.8 - https:\/\/yoast.com\/wordpress\/plugins\/seo\/ -->\n<title>&quot;Ils ont tu\u00e9 la mixit\u00e9 sociale au lieu de la cr\u00e9er&quot; - Lyon Bondy Blog<\/title>\n<meta name=\"robots\" content=\"index, follow, max-snippet:-1, max-image-preview:large, max-video-preview:-1\" \/>\n<link rel=\"canonical\" href=\"https:\/\/lyonbondyblog.fr\/LBB\/ils-ont-tue-la-mixite-sociale-au-lieu-de-la-creer\/\" \/>\n<meta property=\"og:locale\" content=\"fr_FR\" \/>\n<meta property=\"og:type\" content=\"article\" \/>\n<meta property=\"og:title\" content=\"&quot;Ils ont tu\u00e9 la mixit\u00e9 sociale au lieu de la cr\u00e9er&quot; - Lyon Bondy Blog\" \/>\n<meta property=\"og:description\" content=\"A l\u2019occasion de la destruction de la barre 220, le Groupe de Travail Interquartiers (GTI) a organis\u00e9 un pique-nique r\u00e9unissant les anciens habitants de la &hellip;\" \/>\n<meta property=\"og:url\" content=\"https:\/\/lyonbondyblog.fr\/LBB\/ils-ont-tue-la-mixite-sociale-au-lieu-de-la-creer\/\" \/>\n<meta property=\"og:site_name\" content=\"Lyon Bondy Blog\" \/>\n<meta property=\"article:publisher\" content=\"https:\/\/www.facebook.com\/lyonbondyblog\" \/>\n<meta property=\"article:author\" content=\"https:\/\/www.facebook.com\/lyonbondyblog\" \/>\n<meta property=\"article:published_time\" content=\"2010-05-20T09:46:48+00:00\" \/>\n<meta property=\"article:modified_time\" content=\"2013-08-01T09:48:39+00:00\" \/>\n<meta property=\"og:image\" content=\"https:\/\/lyonbondyblog.fr\/LBB\/wp-content\/uploads\/2013\/08\/La_Duchere_DSCN3860_t.jpg\" \/>\n\t<meta property=\"og:image:width\" content=\"193\" \/>\n\t<meta property=\"og:image:height\" content=\"145\" \/>\n\t<meta property=\"og:image:type\" content=\"image\/jpeg\" \/>\n<meta name=\"author\" content=\"La r\u00e9daction\" \/>\n<meta name=\"twitter:card\" content=\"summary_large_image\" \/>\n<meta name=\"twitter:creator\" content=\"@BondyBlogLyon\" \/>\n<meta name=\"twitter:site\" content=\"@bondybloglyon\" \/>\n<script type=\"application\/ld+json\" class=\"yoast-schema-graph\">{\"@context\":\"https:\/\/schema.org\",\"@graph\":[{\"@type\":\"Article\",\"@id\":\"https:\/\/lyonbondyblog.fr\/LBB\/ils-ont-tue-la-mixite-sociale-au-lieu-de-la-creer\/#article\",\"isPartOf\":{\"@id\":\"https:\/\/lyonbondyblog.fr\/LBB\/ils-ont-tue-la-mixite-sociale-au-lieu-de-la-creer\/\"},\"author\":{\"name\":\"La r\u00e9daction\",\"@id\":\"https:\/\/lyonbondyblog.fr\/LBB\/#\/schema\/person\/e45f8d27baac75072daa0be50c409b25\"},\"headline\":\"\u00ab\u00a0Ils ont tu\u00e9 la mixit\u00e9 sociale au lieu de la cr\u00e9er\u00a0\u00bb\",\"datePublished\":\"2010-05-20T09:46:48+00:00\",\"dateModified\":\"2013-08-01T09:48:39+00:00\",\"mainEntityOfPage\":{\"@id\":\"https:\/\/lyonbondyblog.fr\/LBB\/ils-ont-tue-la-mixite-sociale-au-lieu-de-la-creer\/\"},\"wordCount\":557,\"commentCount\":0,\"publisher\":{\"@id\":\"https:\/\/lyonbondyblog.fr\/LBB\/#organization\"},\"image\":{\"@id\":\"https:\/\/lyonbondyblog.fr\/LBB\/ils-ont-tue-la-mixite-sociale-au-lieu-de-la-creer\/#primaryimage\"},\"thumbnailUrl\":\"https:\/\/lyonbondyblog.fr\/LBB\/wp-content\/uploads\/2013\/08\/La_Duchere_DSCN3860_t.jpg\",\"keywords\":[\"lyon\",\"Lyon Bondy Blog\"],\"articleSection\":[\"Lyon\",\"Soci\u00e9t\u00e9\"],\"inLanguage\":\"fr-FR\",\"potentialAction\":[{\"@type\":\"CommentAction\",\"name\":\"Comment\",\"target\":[\"https:\/\/lyonbondyblog.fr\/LBB\/ils-ont-tue-la-mixite-sociale-au-lieu-de-la-creer\/#respond\"]}]},{\"@type\":\"WebPage\",\"@id\":\"https:\/\/lyonbondyblog.fr\/LBB\/ils-ont-tue-la-mixite-sociale-au-lieu-de-la-creer\/\",\"url\":\"https:\/\/lyonbondyblog.fr\/LBB\/ils-ont-tue-la-mixite-sociale-au-lieu-de-la-creer\/\",\"name\":\"\\\"Ils ont tu\u00e9 la mixit\u00e9 sociale au lieu de la cr\u00e9er\\\" - Lyon Bondy Blog\",\"isPartOf\":{\"@id\":\"https:\/\/lyonbondyblog.fr\/LBB\/#website\"},\"primaryImageOfPage\":{\"@id\":\"https:\/\/lyonbondyblog.fr\/LBB\/ils-ont-tue-la-mixite-sociale-au-lieu-de-la-creer\/#primaryimage\"},\"image\":{\"@id\":\"https:\/\/lyonbondyblog.fr\/LBB\/ils-ont-tue-la-mixite-sociale-au-lieu-de-la-creer\/#primaryimage\"},\"thumbnailUrl\":\"https:\/\/lyonbondyblog.fr\/LBB\/wp-content\/uploads\/2013\/08\/La_Duchere_DSCN3860_t.jpg\",\"datePublished\":\"2010-05-20T09:46:48+00:00\",\"dateModified\":\"2013-08-01T09:48:39+00:00\",\"inLanguage\":\"fr-FR\",\"potentialAction\":[{\"@type\":\"ReadAction\",\"target\":[\"https:\/\/lyonbondyblog.fr\/LBB\/ils-ont-tue-la-mixite-sociale-au-lieu-de-la-creer\/\"]}]},{\"@type\":\"ImageObject\",\"inLanguage\":\"fr-FR\",\"@id\":\"https:\/\/lyonbondyblog.fr\/LBB\/ils-ont-tue-la-mixite-sociale-au-lieu-de-la-creer\/#primaryimage\",\"url\":\"https:\/\/lyonbondyblog.fr\/LBB\/wp-content\/uploads\/2013\/08\/La_Duchere_DSCN3860_t.jpg\",\"contentUrl\":\"https:\/\/lyonbondyblog.fr\/LBB\/wp-content\/uploads\/2013\/08\/La_Duchere_DSCN3860_t.jpg\",\"width\":193,\"height\":145},{\"@type\":\"WebSite\",\"@id\":\"https:\/\/lyonbondyblog.fr\/LBB\/#website\",\"url\":\"https:\/\/lyonbondyblog.fr\/LBB\/\",\"name\":\"Lyon Bondy Blog\",\"description\":\"\",\"publisher\":{\"@id\":\"https:\/\/lyonbondyblog.fr\/LBB\/#organization\"},\"potentialAction\":[{\"@type\":\"SearchAction\",\"target\":{\"@type\":\"EntryPoint\",\"urlTemplate\":\"https:\/\/lyonbondyblog.fr\/LBB\/?s={search_term_string}\"},\"query-input\":\"required name=search_term_string\"}],\"inLanguage\":\"fr-FR\"},{\"@type\":\"Organization\",\"@id\":\"https:\/\/lyonbondyblog.fr\/LBB\/#organization\",\"name\":\"LYON BONDY BLOG\",\"url\":\"https:\/\/lyonbondyblog.fr\/LBB\/\",\"logo\":{\"@type\":\"ImageObject\",\"inLanguage\":\"fr-FR\",\"@id\":\"https:\/\/lyonbondyblog.fr\/LBB\/#\/schema\/logo\/image\/\",\"url\":\"http:\/\/lyonbondyblog.fr\/LBB\/wp-content\/uploads\/2014\/10\/logo-portable-144.png\",\"contentUrl\":\"http:\/\/lyonbondyblog.fr\/LBB\/wp-content\/uploads\/2014\/10\/logo-portable-144.png\",\"width\":144,\"height\":123,\"caption\":\"LYON BONDY BLOG\"},\"image\":{\"@id\":\"https:\/\/lyonbondyblog.fr\/LBB\/#\/schema\/logo\/image\/\"},\"sameAs\":[\"https:\/\/www.facebook.com\/lyonbondyblog\",\"https:\/\/x.com\/bondybloglyon\"]},{\"@type\":\"Person\",\"@id\":\"https:\/\/lyonbondyblog.fr\/LBB\/#\/schema\/person\/e45f8d27baac75072daa0be50c409b25\",\"name\":\"La r\u00e9daction\",\"description\":\"Cr\u00e9e en 2008, la r\u00e9daction du Lyon Bondy Blog s'applique \u00e0 proposer une information locale diff\u00e9rente et compl\u00e9mentaire des m\u00e9dias traditionnels.\",\"sameAs\":[\"https:\/\/www.facebook.com\/lyonbondyblog\",\"https:\/\/x.com\/BondyBlogLyon\"],\"url\":\"https:\/\/lyonbondyblog.fr\/LBB\/author\/admin\/\"}]}<\/script>\n<!-- \/ Yoast SEO plugin. -->","yoast_head_json":{"title":"\"Ils ont tu\u00e9 la mixit\u00e9 sociale au lieu de la cr\u00e9er\" - Lyon Bondy Blog","robots":{"index":"index","follow":"follow","max-snippet":"max-snippet:-1","max-image-preview":"max-image-preview:large","max-video-preview":"max-video-preview:-1"},"canonical":"https:\/\/lyonbondyblog.fr\/LBB\/ils-ont-tue-la-mixite-sociale-au-lieu-de-la-creer\/","og_locale":"fr_FR","og_type":"article","og_title":"\"Ils ont tu\u00e9 la mixit\u00e9 sociale au lieu de la cr\u00e9er\" - Lyon Bondy Blog","og_description":"A l\u2019occasion de la destruction de la barre 220, le Groupe de Travail Interquartiers (GTI) a organis\u00e9 un pique-nique r\u00e9unissant les anciens habitants de la &hellip;","og_url":"https:\/\/lyonbondyblog.fr\/LBB\/ils-ont-tue-la-mixite-sociale-au-lieu-de-la-creer\/","og_site_name":"Lyon Bondy Blog","article_publisher":"https:\/\/www.facebook.com\/lyonbondyblog","article_author":"https:\/\/www.facebook.com\/lyonbondyblog","article_published_time":"2010-05-20T09:46:48+00:00","article_modified_time":"2013-08-01T09:48:39+00:00","og_image":[{"width":193,"height":145,"url":"https:\/\/lyonbondyblog.fr\/LBB\/wp-content\/uploads\/2013\/08\/La_Duchere_DSCN3860_t.jpg","type":"image\/jpeg"}],"author":"La r\u00e9daction","twitter_card":"summary_large_image","twitter_creator":"@BondyBlogLyon","twitter_site":"@bondybloglyon","schema":{"@context":"https:\/\/schema.org","@graph":[{"@type":"Article","@id":"https:\/\/lyonbondyblog.fr\/LBB\/ils-ont-tue-la-mixite-sociale-au-lieu-de-la-creer\/#article","isPartOf":{"@id":"https:\/\/lyonbondyblog.fr\/LBB\/ils-ont-tue-la-mixite-sociale-au-lieu-de-la-creer\/"},"author":{"name":"La r\u00e9daction","@id":"https:\/\/lyonbondyblog.fr\/LBB\/#\/schema\/person\/e45f8d27baac75072daa0be50c409b25"},"headline":"\u00ab\u00a0Ils ont tu\u00e9 la mixit\u00e9 sociale au lieu de la cr\u00e9er\u00a0\u00bb","datePublished":"2010-05-20T09:46:48+00:00","dateModified":"2013-08-01T09:48:39+00:00","mainEntityOfPage":{"@id":"https:\/\/lyonbondyblog.fr\/LBB\/ils-ont-tue-la-mixite-sociale-au-lieu-de-la-creer\/"},"wordCount":557,"commentCount":0,"publisher":{"@id":"https:\/\/lyonbondyblog.fr\/LBB\/#organization"},"image":{"@id":"https:\/\/lyonbondyblog.fr\/LBB\/ils-ont-tue-la-mixite-sociale-au-lieu-de-la-creer\/#primaryimage"},"thumbnailUrl":"https:\/\/lyonbondyblog.fr\/LBB\/wp-content\/uploads\/2013\/08\/La_Duchere_DSCN3860_t.jpg","keywords":["lyon","Lyon Bondy Blog"],"articleSection":["Lyon","Soci\u00e9t\u00e9"],"inLanguage":"fr-FR","potentialAction":[{"@type":"CommentAction","name":"Comment","target":["https:\/\/lyonbondyblog.fr\/LBB\/ils-ont-tue-la-mixite-sociale-au-lieu-de-la-creer\/#respond"]}]},{"@type":"WebPage","@id":"https:\/\/lyonbondyblog.fr\/LBB\/ils-ont-tue-la-mixite-sociale-au-lieu-de-la-creer\/","url":"https:\/\/lyonbondyblog.fr\/LBB\/ils-ont-tue-la-mixite-sociale-au-lieu-de-la-creer\/","name":"\"Ils ont tu\u00e9 la mixit\u00e9 sociale au lieu de la cr\u00e9er\" - Lyon Bondy Blog","isPartOf":{"@id":"https:\/\/lyonbondyblog.fr\/LBB\/#website"},"primaryImageOfPage":{"@id":"https:\/\/lyonbondyblog.fr\/LBB\/ils-ont-tue-la-mixite-sociale-au-lieu-de-la-creer\/#primaryimage"},"image":{"@id":"https:\/\/lyonbondyblog.fr\/LBB\/ils-ont-tue-la-mixite-sociale-au-lieu-de-la-creer\/#primaryimage"},"thumbnailUrl":"https:\/\/lyonbondyblog.fr\/LBB\/wp-content\/uploads\/2013\/08\/La_Duchere_DSCN3860_t.jpg","datePublished":"2010-05-20T09:46:48+00:00","dateModified":"2013-08-01T09:48:39+00:00","inLanguage":"fr-FR","potentialAction":[{"@type":"ReadAction","target":["https:\/\/lyonbondyblog.fr\/LBB\/ils-ont-tue-la-mixite-sociale-au-lieu-de-la-creer\/"]}]},{"@type":"ImageObject","inLanguage":"fr-FR","@id":"https:\/\/lyonbondyblog.fr\/LBB\/ils-ont-tue-la-mixite-sociale-au-lieu-de-la-creer\/#primaryimage","url":"https:\/\/lyonbondyblog.fr\/LBB\/wp-content\/uploads\/2013\/08\/La_Duchere_DSCN3860_t.jpg","contentUrl":"https:\/\/lyonbondyblog.fr\/LBB\/wp-content\/uploads\/2013\/08\/La_Duchere_DSCN3860_t.jpg","width":193,"height":145},{"@type":"WebSite","@id":"https:\/\/lyonbondyblog.fr\/LBB\/#website","url":"https:\/\/lyonbondyblog.fr\/LBB\/","name":"Lyon Bondy Blog","description":"","publisher":{"@id":"https:\/\/lyonbondyblog.fr\/LBB\/#organization"},"potentialAction":[{"@type":"SearchAction","target":{"@type":"EntryPoint","urlTemplate":"https:\/\/lyonbondyblog.fr\/LBB\/?s={search_term_string}"},"query-input":"required name=search_term_string"}],"inLanguage":"fr-FR"},{"@type":"Organization","@id":"https:\/\/lyonbondyblog.fr\/LBB\/#organization","name":"LYON BONDY BLOG","url":"https:\/\/lyonbondyblog.fr\/LBB\/","logo":{"@type":"ImageObject","inLanguage":"fr-FR","@id":"https:\/\/lyonbondyblog.fr\/LBB\/#\/schema\/logo\/image\/","url":"http:\/\/lyonbondyblog.fr\/LBB\/wp-content\/uploads\/2014\/10\/logo-portable-144.png","contentUrl":"http:\/\/lyonbondyblog.fr\/LBB\/wp-content\/uploads\/2014\/10\/logo-portable-144.png","width":144,"height":123,"caption":"LYON BONDY BLOG"},"image":{"@id":"https:\/\/lyonbondyblog.fr\/LBB\/#\/schema\/logo\/image\/"},"sameAs":["https:\/\/www.facebook.com\/lyonbondyblog","https:\/\/x.com\/bondybloglyon"]},{"@type":"Person","@id":"https:\/\/lyonbondyblog.fr\/LBB\/#\/schema\/person\/e45f8d27baac75072daa0be50c409b25","name":"La r\u00e9daction","description":"Cr\u00e9e en 2008, la r\u00e9daction du Lyon Bondy Blog s'applique \u00e0 proposer une information locale diff\u00e9rente et compl\u00e9mentaire des m\u00e9dias traditionnels.","sameAs":["https:\/\/www.facebook.com\/lyonbondyblog","https:\/\/x.com\/BondyBlogLyon"],"url":"https:\/\/lyonbondyblog.fr\/LBB\/author\/admin\/"}]}},"_links":{"self":[{"href":"https:\/\/lyonbondyblog.fr\/LBB\/wp-json\/wp\/v2\/posts\/2749","targetHints":{"allow":["GET"]}}],"collection":[{"href":"https:\/\/lyonbondyblog.fr\/LBB\/wp-json\/wp\/v2\/posts"}],"about":[{"href":"https:\/\/lyonbondyblog.fr\/LBB\/wp-json\/wp\/v2\/types\/post"}],"author":[{"embeddable":true,"href":"https:\/\/lyonbondyblog.fr\/LBB\/wp-json\/wp\/v2\/users\/1"}],"replies":[{"embeddable":true,"href":"https:\/\/lyonbondyblog.fr\/LBB\/wp-json\/wp\/v2\/comments?post=2749"}],"version-history":[{"count":0,"href":"https:\/\/lyonbondyblog.fr\/LBB\/wp-json\/wp\/v2\/posts\/2749\/revisions"}],"wp:featuredmedia":[{"embeddable":true,"href":"https:\/\/lyonbondyblog.fr\/LBB\/wp-json\/wp\/v2\/media\/2750"}],"wp:attachment":[{"href":"https:\/\/lyonbondyblog.fr\/LBB\/wp-json\/wp\/v2\/media?parent=2749"}],"wp:term":[{"taxonomy":"category","embeddable":true,"href":"https:\/\/lyonbondyblog.fr\/LBB\/wp-json\/wp\/v2\/categories?post=2749"},{"taxonomy":"post_tag","embeddable":true,"href":"https:\/\/lyonbondyblog.fr\/LBB\/wp-json\/wp\/v2\/tags?post=2749"}],"curies":[{"name":"wp","href":"https:\/\/api.w.org\/{rel}","templated":true}]}}