{"id":27417,"date":"2022-02-22T17:04:44","date_gmt":"2022-02-22T16:04:44","guid":{"rendered":"http:\/\/lyonbondyblog.fr\/LBB\/?p=27417"},"modified":"2022-03-02T16:32:10","modified_gmt":"2022-03-02T15:32:10","slug":"les-travaux-de-la-premiere-ligne-cyclable-demarrent-aujourdhui-quai-claude-bernard","status":"publish","type":"post","link":"https:\/\/lyonbondyblog.fr\/LBB\/les-travaux-de-la-premiere-ligne-cyclable-demarrent-aujourdhui-quai-claude-bernard\/","title":{"rendered":"Les travaux de la premi\u00e8re ligne cyclable d\u00e9marrent aujourd\u2019hui quai Claude Bernard"},"content":{"rendered":"\n<h2 class=\"wp-block-heading\">Les travaux quai Claude Bernard pour construire la premi\u00e8re voie cyclable lyonnaise d\u00e9bute aujourd\u2019hui, dans le cadre des Voies lyonnaises. Ce premier tron\u00e7on de la ligne 1 sera fini le 24 juin 2022.<\/h2>\n\n\n\n<p>C\u2019est aujourd\u2019hui que d\u00e9bute les travaux du premier tron\u00e7on de la premi\u00e8re ligne cyclable lyonnaise, devant l\u2019Universit\u00e9 Jean Moulin Lyon 3, sur les quais du Rh\u00f4ne. Ils entraineront la r\u00e9duction du quai Claude Bernard \u00e0 une voie de circulation jusqu\u2019au 24 juin, fin de l\u2019am\u00e9nagement. A termes, en 2026, la voie cyclable devra relier Vaulx-en-Velin \u00e0 Saint-Fons sur une longueur de 20,5km.<\/p>\n\n\n\n<figure class=\"wp-block-embed is-type-rich is-provider-twitter wp-block-embed-twitter\"><div class=\"wp-block-embed__wrapper\">\nhttps:\/\/twitter.com\/Fabien_Bagnon\/status\/1496094941935812609\n<\/div><\/figure>\n\n\n\n<h2 class=\"wp-block-heading\">Des travaux en quatre \u00e9tapes<\/h2>\n\n\n\n<p>Les travaux seront faits de fa\u00e7on progressive et en quatre temps. Entre la piscine du Rh\u00f4ne et le pont de l&rsquo;Universit\u00e9, il n\u2019y aura plus qu\u2019une voie de circulation jusqu\u2019au 4 mai. Jusqu\u2019au 8 mars, c\u2019est au niveau de la rue Jaboulay qu\u2019il n\u2019y aura plus qu\u2019une seule voie, puis deux voies entre la rue Jaboulay et le Pont Gallieni jusqu\u2019au 30 mars.<\/p>\n\n\n\n<p>Enfin, il n\u2019y aura plus que deux voies entre la rue du Professeur Grignard et le Pont Gallieni jusqu\u2019au 12 mai. La derni\u00e8re \u00e9tape d\u00e9butera le 5 mai pour r\u00e9duire \u00e0 une voie la section entre pont de l&rsquo;Universit\u00e9 et la rue Jaboulay et finira le 24 juin.<\/p>\n\n\n\n<p class=\"has-black-color has-text-color has-background\" style=\"background-color:#ceecff\"><strong>Retrouvez aussi notre article sur l&rsquo;annonce de la voie cyclable : <a href=\"https:\/\/lyonbondyblog.fr\/LBB\/les-projets-annonces-par-la-mairie-en-2022\/\">https:\/\/lyonbondyblog.fr\/LBB\/les-projets-annonces-par-la-mairie-en-2022\/<\/a><\/strong><\/p>\n\n\n\n<p>Il est \u00e9galement pr\u00e9vu que la section entre le pont de la Guilloti\u00e8re et la T\u00eate d\u2019Or soit \u00e9largie fin d\u2019ann\u00e9e 2022 pour mesurer 4m. Les d\u00e9placements des pi\u00e9tons et des cycles seront maintenus pendant toute la dur\u00e9e des changements. Certains des travaux seront faits de nuit pour ne pas perturber la ligne des tramways, notamment la mise en place du balisage cette semaine.<\/p>\n\n\n\n<figure class=\"wp-block-image size-full is-resized\"><img loading=\"lazy\" decoding=\"async\" src=\"https:\/\/lyonbondyblog.fr\/LBB\/wp-content\/uploads\/2022\/02\/E_4EWG9VEAYe9qk.jpg\" alt=\"\" class=\"wp-image-27424\" width=\"479\" height=\"479\" srcset=\"https:\/\/lyonbondyblog.fr\/LBB\/wp-content\/uploads\/2022\/02\/E_4EWG9VEAYe9qk.jpg 1180w, https:\/\/lyonbondyblog.fr\/LBB\/wp-content\/uploads\/2022\/02\/E_4EWG9VEAYe9qk-150x150.jpg 150w, https:\/\/lyonbondyblog.fr\/LBB\/wp-content\/uploads\/2022\/02\/E_4EWG9VEAYe9qk-768x768.jpg 768w\" sizes=\"auto, (max-width: 479px) 100vw, 479px\" \/><figcaption>Le r\u00e9seaux des voies lyonnaises. Cr\u00e9dit : Grand Lyon<\/figcaption><\/figure>\n\n\n\n<p>Un projet men\u00e9 par la M\u00e9tropole, qui souhaite, \u00e0 termes, cr\u00e9er un r\u00e9seau des voies lyonnaises avec 12 lignes diff\u00e9rentes. Elles permettront de relier les communes de la p\u00e9riph\u00e9rie au c\u0153ur de la M\u00e9tropole, mais aussi les villes de la premi\u00e8re couronne entre elles. Le pr\u00e9sident de la M\u00e9tropole, Bruno Bernard, explique que leur \u00ab&nbsp;<em>objectif est de multiplier par trois d\u2019ici \u00e0 2026 le nombre de d\u00e9placements \u00e0 v\u00e9lo<\/em>&nbsp;\u00bb. Cette ann\u00e9e, les travaux des lignes 2 (dans le quartier de Part-Dieu) et 3 (\u00e0 la sortie du tunnel de Croix-Rousse jusqu&rsquo;\u00e0 l&rsquo;\u00eele Barbe et \u00e0 Couzon-au-Mont-d\u2019Or) commenceront \u00e9galement.<\/p>\n<!-- AddThis Advanced Settings generic via filter on the_content --><!-- AddThis Share Buttons generic via filter on the_content -->","protected":false},"excerpt":{"rendered":"<p>Les travaux quai Claude Bernard pour construire la premi\u00e8re voie cyclable lyonnaise d\u00e9bute aujourd\u2019hui, dans le cadre des Voies lyonnaises. Ce premier tron\u00e7on de la &hellip; <!-- AddThis Advanced Settings generic via filter on wp_trim_excerpt --><!-- AddThis Share Buttons generic via filter on wp_trim_excerpt --><\/p>\n","protected":false},"author":31860,"featured_media":27430,"comment_status":"open","ping_status":"open","sticky":true,"template":"","format":"standard","meta":{"_FSMCFIC_featured_image_caption":"","_FSMCFIC_featured_image_nocaption":"","_FSMCFIC_featured_image_hide":"","footnotes":""},"categories":[4,22015],"tags":[],"class_list":["post-27417","post","type-post","status-publish","format-standard","has-post-thumbnail","hentry","category-lyon","category-metropole"],"yoast_head":"<!-- This site is optimized with the Yoast SEO plugin v22.8 - https:\/\/yoast.com\/wordpress\/plugins\/seo\/ -->\n<title>Les travaux de la premi\u00e8re ligne cyclable d\u00e9marrent aujourd\u2019hui quai Claude Bernard - Lyon Bondy Blog<\/title>\n<meta name=\"description\" content=\"Les travaux pour construire la premi\u00e8re voie cyclable lyonnaise d\u00e9bute aujourd\u2019hui sur le quai Claude Bernard, le long du Rh\u00f4ne. Cette ligne 1 sera finie le 24 juin 2022.\" \/>\n<meta name=\"robots\" content=\"index, follow, max-snippet:-1, max-image-preview:large, max-video-preview:-1\" \/>\n<link rel=\"canonical\" href=\"https:\/\/lyonbondyblog.fr\/LBB\/les-travaux-de-la-premiere-ligne-cyclable-demarrent-aujourdhui-quai-claude-bernard\/\" \/>\n<meta property=\"og:locale\" content=\"fr_FR\" \/>\n<meta property=\"og:type\" content=\"article\" \/>\n<meta property=\"og:title\" content=\"Les travaux de la premi\u00e8re ligne cyclable d\u00e9marrent aujourd\u2019hui quai Claude Bernard - Lyon Bondy Blog\" \/>\n<meta property=\"og:description\" content=\"Les travaux pour construire la premi\u00e8re voie cyclable lyonnaise d\u00e9bute aujourd\u2019hui sur le quai Claude Bernard, le long du Rh\u00f4ne. Cette ligne 1 sera finie le 24 juin 2022.\" \/>\n<meta property=\"og:url\" content=\"https:\/\/lyonbondyblog.fr\/LBB\/les-travaux-de-la-premiere-ligne-cyclable-demarrent-aujourdhui-quai-claude-bernard\/\" \/>\n<meta property=\"og:site_name\" content=\"Lyon Bondy Blog\" \/>\n<meta property=\"article:publisher\" content=\"https:\/\/www.facebook.com\/lyonbondyblog\" \/>\n<meta property=\"article:published_time\" content=\"2022-02-22T16:04:44+00:00\" \/>\n<meta property=\"article:modified_time\" content=\"2022-03-02T15:32:10+00:00\" \/>\n<meta property=\"og:image\" content=\"https:\/\/lyonbondyblog.fr\/LBB\/wp-content\/uploads\/2022\/02\/pexels-kaique-rocha-109920-scaled.jpg\" \/>\n\t<meta property=\"og:image:width\" content=\"2560\" \/>\n\t<meta property=\"og:image:height\" content=\"1440\" \/>\n\t<meta property=\"og:image:type\" content=\"image\/jpeg\" \/>\n<meta name=\"author\" content=\"In\u00e8s Pallot\" \/>\n<meta name=\"twitter:card\" content=\"summary_large_image\" \/>\n<meta name=\"twitter:creator\" content=\"@bondybloglyon\" \/>\n<meta name=\"twitter:site\" content=\"@bondybloglyon\" \/>\n<script type=\"application\/ld+json\" class=\"yoast-schema-graph\">{\"@context\":\"https:\/\/schema.org\",\"@graph\":[{\"@type\":\"Article\",\"@id\":\"https:\/\/lyonbondyblog.fr\/LBB\/les-travaux-de-la-premiere-ligne-cyclable-demarrent-aujourdhui-quai-claude-bernard\/#article\",\"isPartOf\":{\"@id\":\"https:\/\/lyonbondyblog.fr\/LBB\/les-travaux-de-la-premiere-ligne-cyclable-demarrent-aujourdhui-quai-claude-bernard\/\"},\"author\":{\"name\":\"In\u00e8s Pallot\",\"@id\":\"https:\/\/lyonbondyblog.fr\/LBB\/#\/schema\/person\/9f49d5a620b7ff0b22195422b4ef0cc4\"},\"headline\":\"Les travaux de la premi\u00e8re ligne cyclable d\u00e9marrent aujourd\u2019hui quai Claude Bernard\",\"datePublished\":\"2022-02-22T16:04:44+00:00\",\"dateModified\":\"2022-03-02T15:32:10+00:00\",\"mainEntityOfPage\":{\"@id\":\"https:\/\/lyonbondyblog.fr\/LBB\/les-travaux-de-la-premiere-ligne-cyclable-demarrent-aujourdhui-quai-claude-bernard\/\"},\"wordCount\":453,\"commentCount\":0,\"publisher\":{\"@id\":\"https:\/\/lyonbondyblog.fr\/LBB\/#organization\"},\"image\":{\"@id\":\"https:\/\/lyonbondyblog.fr\/LBB\/les-travaux-de-la-premiere-ligne-cyclable-demarrent-aujourdhui-quai-claude-bernard\/#primaryimage\"},\"thumbnailUrl\":\"https:\/\/lyonbondyblog.fr\/LBB\/wp-content\/uploads\/2022\/02\/pexels-kaique-rocha-109920-scaled.jpg\",\"articleSection\":[\"Lyon\",\"M\u00e9tropole\"],\"inLanguage\":\"fr-FR\",\"potentialAction\":[{\"@type\":\"CommentAction\",\"name\":\"Comment\",\"target\":[\"https:\/\/lyonbondyblog.fr\/LBB\/les-travaux-de-la-premiere-ligne-cyclable-demarrent-aujourdhui-quai-claude-bernard\/#respond\"]}]},{\"@type\":\"WebPage\",\"@id\":\"https:\/\/lyonbondyblog.fr\/LBB\/les-travaux-de-la-premiere-ligne-cyclable-demarrent-aujourdhui-quai-claude-bernard\/\",\"url\":\"https:\/\/lyonbondyblog.fr\/LBB\/les-travaux-de-la-premiere-ligne-cyclable-demarrent-aujourdhui-quai-claude-bernard\/\",\"name\":\"Les travaux de la premi\u00e8re ligne cyclable d\u00e9marrent aujourd\u2019hui quai Claude Bernard - Lyon Bondy Blog\",\"isPartOf\":{\"@id\":\"https:\/\/lyonbondyblog.fr\/LBB\/#website\"},\"primaryImageOfPage\":{\"@id\":\"https:\/\/lyonbondyblog.fr\/LBB\/les-travaux-de-la-premiere-ligne-cyclable-demarrent-aujourdhui-quai-claude-bernard\/#primaryimage\"},\"image\":{\"@id\":\"https:\/\/lyonbondyblog.fr\/LBB\/les-travaux-de-la-premiere-ligne-cyclable-demarrent-aujourdhui-quai-claude-bernard\/#primaryimage\"},\"thumbnailUrl\":\"https:\/\/lyonbondyblog.fr\/LBB\/wp-content\/uploads\/2022\/02\/pexels-kaique-rocha-109920-scaled.jpg\",\"datePublished\":\"2022-02-22T16:04:44+00:00\",\"dateModified\":\"2022-03-02T15:32:10+00:00\",\"description\":\"Les travaux pour construire la premi\u00e8re voie cyclable lyonnaise d\u00e9bute aujourd\u2019hui sur le quai Claude Bernard, le long du Rh\u00f4ne. Cette ligne 1 sera finie le 24 juin 2022.\",\"inLanguage\":\"fr-FR\",\"potentialAction\":[{\"@type\":\"ReadAction\",\"target\":[\"https:\/\/lyonbondyblog.fr\/LBB\/les-travaux-de-la-premiere-ligne-cyclable-demarrent-aujourdhui-quai-claude-bernard\/\"]}]},{\"@type\":\"ImageObject\",\"inLanguage\":\"fr-FR\",\"@id\":\"https:\/\/lyonbondyblog.fr\/LBB\/les-travaux-de-la-premiere-ligne-cyclable-demarrent-aujourdhui-quai-claude-bernard\/#primaryimage\",\"url\":\"https:\/\/lyonbondyblog.fr\/LBB\/wp-content\/uploads\/2022\/02\/pexels-kaique-rocha-109920-scaled.jpg\",\"contentUrl\":\"https:\/\/lyonbondyblog.fr\/LBB\/wp-content\/uploads\/2022\/02\/pexels-kaique-rocha-109920-scaled.jpg\",\"width\":2560,\"height\":1440},{\"@type\":\"WebSite\",\"@id\":\"https:\/\/lyonbondyblog.fr\/LBB\/#website\",\"url\":\"https:\/\/lyonbondyblog.fr\/LBB\/\",\"name\":\"Lyon Bondy Blog\",\"description\":\"\",\"publisher\":{\"@id\":\"https:\/\/lyonbondyblog.fr\/LBB\/#organization\"},\"potentialAction\":[{\"@type\":\"SearchAction\",\"target\":{\"@type\":\"EntryPoint\",\"urlTemplate\":\"https:\/\/lyonbondyblog.fr\/LBB\/?s={search_term_string}\"},\"query-input\":\"required name=search_term_string\"}],\"inLanguage\":\"fr-FR\"},{\"@type\":\"Organization\",\"@id\":\"https:\/\/lyonbondyblog.fr\/LBB\/#organization\",\"name\":\"LYON BONDY BLOG\",\"url\":\"https:\/\/lyonbondyblog.fr\/LBB\/\",\"logo\":{\"@type\":\"ImageObject\",\"inLanguage\":\"fr-FR\",\"@id\":\"https:\/\/lyonbondyblog.fr\/LBB\/#\/schema\/logo\/image\/\",\"url\":\"http:\/\/lyonbondyblog.fr\/LBB\/wp-content\/uploads\/2014\/10\/logo-portable-144.png\",\"contentUrl\":\"http:\/\/lyonbondyblog.fr\/LBB\/wp-content\/uploads\/2014\/10\/logo-portable-144.png\",\"width\":144,\"height\":123,\"caption\":\"LYON BONDY BLOG\"},\"image\":{\"@id\":\"https:\/\/lyonbondyblog.fr\/LBB\/#\/schema\/logo\/image\/\"},\"sameAs\":[\"https:\/\/www.facebook.com\/lyonbondyblog\",\"https:\/\/x.com\/bondybloglyon\"]},{\"@type\":\"Person\",\"@id\":\"https:\/\/lyonbondyblog.fr\/LBB\/#\/schema\/person\/9f49d5a620b7ff0b22195422b4ef0cc4\",\"name\":\"In\u00e8s Pallot\",\"url\":\"https:\/\/lyonbondyblog.fr\/LBB\/author\/inesp\/\"}]}<\/script>\n<!-- \/ Yoast SEO plugin. -->","yoast_head_json":{"title":"Les travaux de la premi\u00e8re ligne cyclable d\u00e9marrent aujourd\u2019hui quai Claude Bernard - Lyon Bondy Blog","description":"Les travaux pour construire la premi\u00e8re voie cyclable lyonnaise d\u00e9bute aujourd\u2019hui sur le quai Claude Bernard, le long du Rh\u00f4ne. Cette ligne 1 sera finie le 24 juin 2022.","robots":{"index":"index","follow":"follow","max-snippet":"max-snippet:-1","max-image-preview":"max-image-preview:large","max-video-preview":"max-video-preview:-1"},"canonical":"https:\/\/lyonbondyblog.fr\/LBB\/les-travaux-de-la-premiere-ligne-cyclable-demarrent-aujourdhui-quai-claude-bernard\/","og_locale":"fr_FR","og_type":"article","og_title":"Les travaux de la premi\u00e8re ligne cyclable d\u00e9marrent aujourd\u2019hui quai Claude Bernard - Lyon Bondy Blog","og_description":"Les travaux pour construire la premi\u00e8re voie cyclable lyonnaise d\u00e9bute aujourd\u2019hui sur le quai Claude Bernard, le long du Rh\u00f4ne. Cette ligne 1 sera finie le 24 juin 2022.","og_url":"https:\/\/lyonbondyblog.fr\/LBB\/les-travaux-de-la-premiere-ligne-cyclable-demarrent-aujourdhui-quai-claude-bernard\/","og_site_name":"Lyon Bondy Blog","article_publisher":"https:\/\/www.facebook.com\/lyonbondyblog","article_published_time":"2022-02-22T16:04:44+00:00","article_modified_time":"2022-03-02T15:32:10+00:00","og_image":[{"width":2560,"height":1440,"url":"https:\/\/lyonbondyblog.fr\/LBB\/wp-content\/uploads\/2022\/02\/pexels-kaique-rocha-109920-scaled.jpg","type":"image\/jpeg"}],"author":"In\u00e8s Pallot","twitter_card":"summary_large_image","twitter_creator":"@bondybloglyon","twitter_site":"@bondybloglyon","schema":{"@context":"https:\/\/schema.org","@graph":[{"@type":"Article","@id":"https:\/\/lyonbondyblog.fr\/LBB\/les-travaux-de-la-premiere-ligne-cyclable-demarrent-aujourdhui-quai-claude-bernard\/#article","isPartOf":{"@id":"https:\/\/lyonbondyblog.fr\/LBB\/les-travaux-de-la-premiere-ligne-cyclable-demarrent-aujourdhui-quai-claude-bernard\/"},"author":{"name":"In\u00e8s Pallot","@id":"https:\/\/lyonbondyblog.fr\/LBB\/#\/schema\/person\/9f49d5a620b7ff0b22195422b4ef0cc4"},"headline":"Les travaux de la premi\u00e8re ligne cyclable d\u00e9marrent aujourd\u2019hui quai Claude Bernard","datePublished":"2022-02-22T16:04:44+00:00","dateModified":"2022-03-02T15:32:10+00:00","mainEntityOfPage":{"@id":"https:\/\/lyonbondyblog.fr\/LBB\/les-travaux-de-la-premiere-ligne-cyclable-demarrent-aujourdhui-quai-claude-bernard\/"},"wordCount":453,"commentCount":0,"publisher":{"@id":"https:\/\/lyonbondyblog.fr\/LBB\/#organization"},"image":{"@id":"https:\/\/lyonbondyblog.fr\/LBB\/les-travaux-de-la-premiere-ligne-cyclable-demarrent-aujourdhui-quai-claude-bernard\/#primaryimage"},"thumbnailUrl":"https:\/\/lyonbondyblog.fr\/LBB\/wp-content\/uploads\/2022\/02\/pexels-kaique-rocha-109920-scaled.jpg","articleSection":["Lyon","M\u00e9tropole"],"inLanguage":"fr-FR","potentialAction":[{"@type":"CommentAction","name":"Comment","target":["https:\/\/lyonbondyblog.fr\/LBB\/les-travaux-de-la-premiere-ligne-cyclable-demarrent-aujourdhui-quai-claude-bernard\/#respond"]}]},{"@type":"WebPage","@id":"https:\/\/lyonbondyblog.fr\/LBB\/les-travaux-de-la-premiere-ligne-cyclable-demarrent-aujourdhui-quai-claude-bernard\/","url":"https:\/\/lyonbondyblog.fr\/LBB\/les-travaux-de-la-premiere-ligne-cyclable-demarrent-aujourdhui-quai-claude-bernard\/","name":"Les travaux de la premi\u00e8re ligne cyclable d\u00e9marrent aujourd\u2019hui quai Claude Bernard - Lyon Bondy Blog","isPartOf":{"@id":"https:\/\/lyonbondyblog.fr\/LBB\/#website"},"primaryImageOfPage":{"@id":"https:\/\/lyonbondyblog.fr\/LBB\/les-travaux-de-la-premiere-ligne-cyclable-demarrent-aujourdhui-quai-claude-bernard\/#primaryimage"},"image":{"@id":"https:\/\/lyonbondyblog.fr\/LBB\/les-travaux-de-la-premiere-ligne-cyclable-demarrent-aujourdhui-quai-claude-bernard\/#primaryimage"},"thumbnailUrl":"https:\/\/lyonbondyblog.fr\/LBB\/wp-content\/uploads\/2022\/02\/pexels-kaique-rocha-109920-scaled.jpg","datePublished":"2022-02-22T16:04:44+00:00","dateModified":"2022-03-02T15:32:10+00:00","description":"Les travaux pour construire la premi\u00e8re voie cyclable lyonnaise d\u00e9bute aujourd\u2019hui sur le quai Claude Bernard, le long du Rh\u00f4ne. Cette ligne 1 sera finie le 24 juin 2022.","inLanguage":"fr-FR","potentialAction":[{"@type":"ReadAction","target":["https:\/\/lyonbondyblog.fr\/LBB\/les-travaux-de-la-premiere-ligne-cyclable-demarrent-aujourdhui-quai-claude-bernard\/"]}]},{"@type":"ImageObject","inLanguage":"fr-FR","@id":"https:\/\/lyonbondyblog.fr\/LBB\/les-travaux-de-la-premiere-ligne-cyclable-demarrent-aujourdhui-quai-claude-bernard\/#primaryimage","url":"https:\/\/lyonbondyblog.fr\/LBB\/wp-content\/uploads\/2022\/02\/pexels-kaique-rocha-109920-scaled.jpg","contentUrl":"https:\/\/lyonbondyblog.fr\/LBB\/wp-content\/uploads\/2022\/02\/pexels-kaique-rocha-109920-scaled.jpg","width":2560,"height":1440},{"@type":"WebSite","@id":"https:\/\/lyonbondyblog.fr\/LBB\/#website","url":"https:\/\/lyonbondyblog.fr\/LBB\/","name":"Lyon Bondy Blog","description":"","publisher":{"@id":"https:\/\/lyonbondyblog.fr\/LBB\/#organization"},"potentialAction":[{"@type":"SearchAction","target":{"@type":"EntryPoint","urlTemplate":"https:\/\/lyonbondyblog.fr\/LBB\/?s={search_term_string}"},"query-input":"required name=search_term_string"}],"inLanguage":"fr-FR"},{"@type":"Organization","@id":"https:\/\/lyonbondyblog.fr\/LBB\/#organization","name":"LYON BONDY BLOG","url":"https:\/\/lyonbondyblog.fr\/LBB\/","logo":{"@type":"ImageObject","inLanguage":"fr-FR","@id":"https:\/\/lyonbondyblog.fr\/LBB\/#\/schema\/logo\/image\/","url":"http:\/\/lyonbondyblog.fr\/LBB\/wp-content\/uploads\/2014\/10\/logo-portable-144.png","contentUrl":"http:\/\/lyonbondyblog.fr\/LBB\/wp-content\/uploads\/2014\/10\/logo-portable-144.png","width":144,"height":123,"caption":"LYON BONDY BLOG"},"image":{"@id":"https:\/\/lyonbondyblog.fr\/LBB\/#\/schema\/logo\/image\/"},"sameAs":["https:\/\/www.facebook.com\/lyonbondyblog","https:\/\/x.com\/bondybloglyon"]},{"@type":"Person","@id":"https:\/\/lyonbondyblog.fr\/LBB\/#\/schema\/person\/9f49d5a620b7ff0b22195422b4ef0cc4","name":"In\u00e8s Pallot","url":"https:\/\/lyonbondyblog.fr\/LBB\/author\/inesp\/"}]}},"_links":{"self":[{"href":"https:\/\/lyonbondyblog.fr\/LBB\/wp-json\/wp\/v2\/posts\/27417","targetHints":{"allow":["GET"]}}],"collection":[{"href":"https:\/\/lyonbondyblog.fr\/LBB\/wp-json\/wp\/v2\/posts"}],"about":[{"href":"https:\/\/lyonbondyblog.fr\/LBB\/wp-json\/wp\/v2\/types\/post"}],"author":[{"embeddable":true,"href":"https:\/\/lyonbondyblog.fr\/LBB\/wp-json\/wp\/v2\/users\/31860"}],"replies":[{"embeddable":true,"href":"https:\/\/lyonbondyblog.fr\/LBB\/wp-json\/wp\/v2\/comments?post=27417"}],"version-history":[{"count":15,"href":"https:\/\/lyonbondyblog.fr\/LBB\/wp-json\/wp\/v2\/posts\/27417\/revisions"}],"predecessor-version":[{"id":27528,"href":"https:\/\/lyonbondyblog.fr\/LBB\/wp-json\/wp\/v2\/posts\/27417\/revisions\/27528"}],"wp:featuredmedia":[{"embeddable":true,"href":"https:\/\/lyonbondyblog.fr\/LBB\/wp-json\/wp\/v2\/media\/27430"}],"wp:attachment":[{"href":"https:\/\/lyonbondyblog.fr\/LBB\/wp-json\/wp\/v2\/media?parent=27417"}],"wp:term":[{"taxonomy":"category","embeddable":true,"href":"https:\/\/lyonbondyblog.fr\/LBB\/wp-json\/wp\/v2\/categories?post=27417"},{"taxonomy":"post_tag","embeddable":true,"href":"https:\/\/lyonbondyblog.fr\/LBB\/wp-json\/wp\/v2\/tags?post=27417"}],"curies":[{"name":"wp","href":"https:\/\/api.w.org\/{rel}","templated":true}]}}