{"id":27320,"date":"2022-02-17T18:18:47","date_gmt":"2022-02-17T17:18:47","guid":{"rendered":"http:\/\/lyonbondyblog.fr\/LBB\/?p=27320"},"modified":"2022-02-17T18:37:16","modified_gmt":"2022-02-17T17:37:16","slug":"ceremonie-de-cloture-du-festival-international-du-film-sur-les-handicaps-fifh-lutter-contre-lessentialisation-du-handicap-par-le-7eme-art","status":"publish","type":"post","link":"https:\/\/lyonbondyblog.fr\/LBB\/ceremonie-de-cloture-du-festival-international-du-film-sur-les-handicaps-fifh-lutter-contre-lessentialisation-du-handicap-par-le-7eme-art\/","title":{"rendered":"C\u00e9r\u00e9monie de cl\u00f4ture du Festival International du Film sur les Handicaps (FIFH) : lutter contre l\u2019essentialisation du handicap par le 7\u00e8me art"},"content":{"rendered":"\n<h2 class=\"wp-block-heading\">Le mercredi 9 f\u00e9vrier a eu lieu la c\u00e9r\u00e9monie de cl\u00f4ture du FIFH \u00e0 l\u2019Institut Lumi\u00e8re, en pr\u00e9sence de nombreux repr\u00e9sentants institutionnels fran\u00e7ais et \u00e9trangers. Si le festival est engag\u00e9 contre l\u2019essentialisation du handicap, ce n\u2019est pas le propos des films qui ont \u00e9t\u00e9 r\u00e9compens\u00e9s. Ce sont la cr\u00e9ativit\u00e9 et le talent de r\u00e9alisateurs du monde entier qui ont \u00e9t\u00e9 c\u00e9l\u00e9br\u00e9s.<\/h2>\n\n\n\n<p>C\u2019est Alexandre Philip, acteur, sc\u00e9nariste et r\u00e9alisateur, qui ouvre la soir\u00e9e apr\u00e8s une entr\u00e9e tonitruante sur un air de m\u00e9tal. Prenant le contrepied des attentes des invit\u00e9s, il se lance dans un discours caustique d\u00e9non\u00e7ant le lien trop facilement \u00e9tabli entre handicap et d\u00e9passement de soi. Apr\u00e8s avoir cit\u00e9 les ach\u00e8vements de Philippe Croizon, qui a fait une travers\u00e9e remarqu\u00e9e de la Manche \u00e0 la nage en 2010&nbsp;alors qu\u2019il \u00e9tait amput\u00e9 des quatre membres, et ceux de Luc Rodriguez, son coll\u00e8gue dans la s\u00e9rie <em>Vestiaires <\/em>et handicap\u00e9 moteur, il d\u00e9clare&nbsp;: <em>\u00ab&nbsp;Ces gens, ils n\u2019en ont rien \u00e0 foutre de donner une le\u00e7on de vie. Ce soir, on va remettre des prix \u00e0 des femmes, \u00e0 des hommes. On n\u2019est pas l\u00e0 pour dire \u00ab&nbsp;c\u2019est admirable au vu de leur condition ce qu\u2019ils ont fait, quelle belle le\u00e7on de vie&nbsp;!&nbsp;\u00bb. Ce soir, ce que je vous demande, c\u2019est de c\u00e9l\u00e9brer le talent, le travail, la cr\u00e9ativit\u00e9, l\u2019humour, la sensibilit\u00e9.&nbsp;\u00bb. &nbsp;<\/em><\/p>\n\n\n\n<p>Le ton de la soir\u00e9e est donn\u00e9. Il s\u2019agit de ne pas essentialiser le handicap&nbsp;: chaque personne handicap\u00e9e a des passions, des espoirs, des r\u00eaves irr\u00e9ductibles \u00e0 sa situation et qui lui sont propres. Philippe Lefait, \u00e9crivain et journaliste parrain du festival, approuve&nbsp;: \u00ab <em>Je n\u2019aime pas le mot handicap,<\/em> <em>je pr\u00e9f\u00e8re singularit\u00e9, car quand il y a singularit\u00e9, on est tous \u00e0 \u00e9galit\u00e9. La connerie est une singularit\u00e9 parmi d\u2019autre au m\u00eame titre que le handicap.&nbsp;\u00bb.<\/em><\/p>\n\n\n\n<h2 class=\"wp-block-heading\"><strong>Un festival engag\u00e9&nbsp;mais des \u0153uvres avant tout artistiques<\/strong><\/h2>\n\n\n\n<p>Marie-Castille Mention Schaar, productrice, sc\u00e9nariste et r\u00e9alisatrice, pr\u00e9sidait le jury fiction tandis que le docteur Jean-Baptiste Richardier, cofondateur d\u2019Handicap International, celui du jury documentaire. Il s\u2019est permis lors d\u2019une intervention de clarifier les enjeux du festival. Si son existence t\u00e9moigne d\u2019une volont\u00e9 de lutter contre l\u2019essentialisation du handicap, d\u2019apr\u00e8s lui,&nbsp;les films ne sont pas engag\u00e9s&nbsp;: \u00ab <em>Ce n\u2019est pas le propos de cr\u00e9ation \u00e0 laquelle se sont livr\u00e9s toutes celles et ceux qui ont propos\u00e9s des films. Ce sont des \u0153uvres de cr\u00e9ation artistique, volontiers po\u00e9tique et fortement marqu\u00e9es par les diff\u00e9rences culturelles o\u00f9 ces \u0153uvres ont vu le jour&nbsp;\u00bb. <\/em>Il ajoute&nbsp;: \u00ab&nbsp;<em>Chacune d\u2019elle est une exploration du foisonnement des richesses int\u00e9rieures, qu\u2019elles soient individuelles, familiales ou communautaires. Les scenarii sont souvent dr\u00f4les, parfois graves mais jamais mis\u00e9rabilistes.&nbsp;\u00bb<\/em><\/p>\n\n\n\n<div class=\"wp-block-image\"><figure class=\"aligncenter size-large is-resized\"><img loading=\"lazy\" decoding=\"async\" src=\"https:\/\/lyonbondyblog.fr\/LBB\/wp-content\/uploads\/2022\/02\/Ce\u0301re\u0301monie-Baptiste-Retouche_5-1920x1280.jpg\" alt=\"\" class=\"wp-image-27322\" width=\"842\" height=\"561\" srcset=\"https:\/\/lyonbondyblog.fr\/LBB\/wp-content\/uploads\/2022\/02\/Ce\u0301re\u0301monie-Baptiste-Retouche_5-1920x1280.jpg 1920w, https:\/\/lyonbondyblog.fr\/LBB\/wp-content\/uploads\/2022\/02\/Ce\u0301re\u0301monie-Baptiste-Retouche_5-1200x800.jpg 1200w, https:\/\/lyonbondyblog.fr\/LBB\/wp-content\/uploads\/2022\/02\/Ce\u0301re\u0301monie-Baptiste-Retouche_5-768x512.jpg 768w, https:\/\/lyonbondyblog.fr\/LBB\/wp-content\/uploads\/2022\/02\/Ce\u0301re\u0301monie-Baptiste-Retouche_5-1536x1024.jpg 1536w, https:\/\/lyonbondyblog.fr\/LBB\/wp-content\/uploads\/2022\/02\/Ce\u0301re\u0301monie-Baptiste-Retouche_5-2048x1365.jpg 2048w, https:\/\/lyonbondyblog.fr\/LBB\/wp-content\/uploads\/2022\/02\/Ce\u0301re\u0301monie-Baptiste-Retouche_5-700x465.jpg 700w, https:\/\/lyonbondyblog.fr\/LBB\/wp-content\/uploads\/2022\/02\/Ce\u0301re\u0301monie-Baptiste-Retouche_5-272x182.jpg 272w\" sizes=\"auto, (max-width: 842px) 100vw, 842px\" \/><figcaption>De gauche \u00e0 droite : Alexandre Philip (acteur, r\u00e9alisateur et sc\u00e9nariste), Jean-Baptiste Richardier (co-fondateur d&rsquo;Handicap International), Philippe Lefait (\u00e9crivain et journaliste parrain du festival), Marie-Castille Mention-Schaar (r\u00e9alisatrice, sc\u00e9natrice, pr\u00e9sidente du Jury Fiction),  Marta Pardo-Badier (deuxi\u00e8me animatrice de la soir\u00e9e), cr\u00e9dits photos : FIFH<\/figcaption><\/figure><\/div>\n\n\n\n<p><a href=\"https:\/\/www.facebook.com\/823239967712108\/videos\/990810681843118\/\">Ce sont deux films ex-aequo qui remportent le prix du Meilleur long-m\u00e9trage fiction.<\/a> <a href=\"https:\/\/www.youtube.com\/watch?v=yjVKTJQEiTY\"><em>Romy\u2019s Salon<\/em> de Mischa Kamp<\/a>, une r\u00e9alisatrice n\u00e9erlandaise, raconte l\u2019histoire d\u2019une grand-m\u00e8re coiffeuse qui affronte les premiers stigmates de la maladie d\u2019Alzheimer. Elle accepte \u00e0 contrec\u0153ur de s\u2019occuper de sa petite-fille Romy, mais leur relation change quand elle se confie \u00e0 elle. Le film para\u00eet \u00eatre un savant m\u00e9lange entre rire et \u00e9motions. <a href=\"https:\/\/www.youtube.com\/watch?v=U6p8GSnLuXk\"><em>Bitva<\/em> d\u2019Anar Abbasov<\/a>, un r\u00e9alisateur Russe, conte quant \u00e0 lui l\u2019\u00e9pop\u00e9e d\u2019Anton, danseur de rue talentueux, qui voit ses r\u00eaves an\u00e9antis quand une blessure le plonge dans un monde de silence. C\u2019est dans cette p\u00e9riode difficile qu\u2019il rencontre l\u2019amour de sa vie et se rend compte que son amour de la danse est plus fort que tout. Les sc\u00e8nes de <em>battle<\/em> de danse ont l\u2019air grandioses et les s\u00e9quences bien rythm\u00e9es sont dignes d\u2019un film hollywoodien.<\/p>\n\n\n\n<div class=\"wp-block-image\"><figure class=\"aligncenter size-large is-resized\"><img loading=\"lazy\" decoding=\"async\" src=\"https:\/\/lyonbondyblog.fr\/LBB\/wp-content\/uploads\/2022\/02\/Ce\u0301re\u0301monie-Baptiste-Retouche_28-1-1920x1280.jpg\" alt=\"\" class=\"wp-image-27329\" width=\"805\" height=\"536\" srcset=\"https:\/\/lyonbondyblog.fr\/LBB\/wp-content\/uploads\/2022\/02\/Ce\u0301re\u0301monie-Baptiste-Retouche_28-1-1920x1280.jpg 1920w, https:\/\/lyonbondyblog.fr\/LBB\/wp-content\/uploads\/2022\/02\/Ce\u0301re\u0301monie-Baptiste-Retouche_28-1-1200x800.jpg 1200w, https:\/\/lyonbondyblog.fr\/LBB\/wp-content\/uploads\/2022\/02\/Ce\u0301re\u0301monie-Baptiste-Retouche_28-1-768x512.jpg 768w, https:\/\/lyonbondyblog.fr\/LBB\/wp-content\/uploads\/2022\/02\/Ce\u0301re\u0301monie-Baptiste-Retouche_28-1-1536x1024.jpg 1536w, https:\/\/lyonbondyblog.fr\/LBB\/wp-content\/uploads\/2022\/02\/Ce\u0301re\u0301monie-Baptiste-Retouche_28-1-2048x1366.jpg 2048w, https:\/\/lyonbondyblog.fr\/LBB\/wp-content\/uploads\/2022\/02\/Ce\u0301re\u0301monie-Baptiste-Retouche_28-1-700x465.jpg 700w, https:\/\/lyonbondyblog.fr\/LBB\/wp-content\/uploads\/2022\/02\/Ce\u0301re\u0301monie-Baptiste-Retouche_28-1-272x182.jpg 272w\" sizes=\"auto, (max-width: 805px) 100vw, 805px\" \/><figcaption>De gauche \u00e0 droite : Jean-Baptiste Richardier et Dominique Franc (Pr\u00e9sident de S\u00e9same autisme Rh\u00f4ne-Alpes) remettant le prix du meilleur long-m\u00e9trage documentaire, cr\u00e9dits photos : FIFH<\/figcaption><\/figure><\/div>\n\n\n\n<p>C\u2019est le documentaire <em>Sais-tu pourquoi je saute<\/em> (ou <em>The Reason I Jump<\/em> en version originale) de Jerry Rothwell, r\u00e9alisateur britannique, qui remporte le s\u00e9same du meilleur long-m\u00e9trage documentaire. Jean-Baptiste Richardier&nbsp;en a fait un tr\u00e8s bel \u00e9loge : \u00ab&nbsp;<em>certaines prises de vues rel\u00e8vent de la prouesse, le montage est excellent, la musique est tr\u00e8s bien choisie. Dans ce film, il n\u2019y a pas de pathos, seulement un t\u00e9moignage juste, sans pr\u00e9tention pros\u00e9lyte. La profondeur des interviews et la sinc\u00e9rit\u00e9 des parents sont remarquables. Le film rend bien compte de la dimension, internationale et universelle de l\u2019autisme&nbsp;: il nous montre que le handicap n\u2019est pas d\u00e9fini, reconnu et accompagn\u00e9 de la m\u00eame mani\u00e8re selon le pays o\u00f9 on se trouve&nbsp;\u00bb. <\/em>Pour en savoir plus sur le documentaire et ses impressions faites lors de son avant-premi\u00e8re mondiale, vous pouvez vous reporter \u00e0 <a href=\"https:\/\/lyonbondyblog.fr\/LBB\/sais-tu-pourquoi-je-saute-lautisme-non-verbal-eclaire-par-limmersion-cinematographique\/\">cet article.<\/a><\/p>\n\n\n\n<p>On peut citer enfin le film <em><a href=\"https:\/\/www.youtube.com\/watch?v=5RcyiCdFHK0\">A Butterfly&rsquo;s Heart <\/a><\/em>d\u2019Inesa Kurklietyte, une r\u00e9alisatrice lituanienne, qui a remport\u00e9 le prix du membre d&rsquo;honneur du festival Pascal Duquenne.<\/p>\n\n\n\n<div class=\"wp-block-image\"><figure class=\"aligncenter size-full is-resized\"><img loading=\"lazy\" decoding=\"async\" src=\"https:\/\/lyonbondyblog.fr\/LBB\/wp-content\/uploads\/2022\/02\/273694189_471835314528094_6616480258389315719_n-1.jpeg\" alt=\"\" class=\"wp-image-27332\" width=\"809\" height=\"539\" srcset=\"https:\/\/lyonbondyblog.fr\/LBB\/wp-content\/uploads\/2022\/02\/273694189_471835314528094_6616480258389315719_n-1.jpeg 1690w, https:\/\/lyonbondyblog.fr\/LBB\/wp-content\/uploads\/2022\/02\/273694189_471835314528094_6616480258389315719_n-1-1200x800.jpeg 1200w, https:\/\/lyonbondyblog.fr\/LBB\/wp-content\/uploads\/2022\/02\/273694189_471835314528094_6616480258389315719_n-1-768x512.jpeg 768w, https:\/\/lyonbondyblog.fr\/LBB\/wp-content\/uploads\/2022\/02\/273694189_471835314528094_6616480258389315719_n-1-1536x1024.jpeg 1536w, https:\/\/lyonbondyblog.fr\/LBB\/wp-content\/uploads\/2022\/02\/273694189_471835314528094_6616480258389315719_n-1-700x465.jpeg 700w, https:\/\/lyonbondyblog.fr\/LBB\/wp-content\/uploads\/2022\/02\/273694189_471835314528094_6616480258389315719_n-1-272x182.jpeg 272w\" sizes=\"auto, (max-width: 809px) 100vw, 809px\" \/><figcaption>De gauche \u00e0 droite :  Zivile Gallego, productrice d&rsquo;Inesa Kurklietyte, Pascal Duquenne et Marta Pardo-Badier. Cr\u00e9dits photos : FIFH<\/figcaption><\/figure><\/div>\n\n\n\n<h2 class=\"wp-block-heading\"><strong>Deux principes&nbsp;: plus de consid\u00e9ration dans le monde du travail et \u00e9ducation de la jeunesse<\/strong><\/h2>\n\n\n\n<p>C\u2019est V\u00e9ronique Montangerand, inspectrice de l\u2019\u00e9ducation nationale et conseill\u00e8re technique aupr\u00e8s du recteur qui a remis le prix du Meilleur court-m\u00e9trage de l\u2019acad\u00e9mie de Lyon dans la s\u00e9lection jeunesse&nbsp;au film <em>Les chaussures de Louis<\/em> de Th\u00e9o Jamin. \u00ab&nbsp;<em>450 \u00e9l\u00e8ves \u00e9taient inscrits pour participer \u00e0 ce festival&nbsp;\u00bb,<\/em> pr\u00e9cise-t-elle, \u00ab&nbsp;<em>nous invitions chacun des \u00e9l\u00e8ves pr\u00e9sents \u00e0 ces projections \u00e0 voter pour le court m\u00e9trage qu\u2019ils ont pr\u00e9f\u00e9r\u00e9.&nbsp;\u00bb. <\/em>Le sup\u00e9rieur n\u2019est pas en reste puisque L\u2019Universit\u00e9 Lumi\u00e8re Lyon 2 a un prix d\u00e9di\u00e9. Les \u00e9tudiants ont r\u00e9compens\u00e9 un court m\u00e9trage de la s\u00e9lection \u00ab&nbsp;Troisi\u00e8me ange&nbsp;\u00bb. Nicolas Navarro, vice-pr\u00e9sident \u00e0 la culture de l\u2019\u00e9tablissement, explique l\u2019int\u00e9r\u00eat des projections&nbsp;: \u00ab&nbsp;<em>faire dialoguer des formations diff\u00e9rentes et donc des points de vues diff\u00e9rents sur ces cr\u00e9ations artistiques. Dans le jury, il y avait des \u00e9tudiants plut\u00f4t en cin\u00e9ma, d\u2019autres en sciences sociales.&nbsp;\u00bb<\/em><\/p>\n\n\n\n<div class=\"wp-block-image\"><figure class=\"aligncenter size-large is-resized\"><img loading=\"lazy\" decoding=\"async\" src=\"https:\/\/lyonbondyblog.fr\/LBB\/wp-content\/uploads\/2022\/02\/Ce\u0301re\u0301monie-Baptiste-Retouche_9-1920x1685.jpg\" alt=\"\" class=\"wp-image-27328\" width=\"619\" height=\"543\" srcset=\"https:\/\/lyonbondyblog.fr\/LBB\/wp-content\/uploads\/2022\/02\/Ce\u0301re\u0301monie-Baptiste-Retouche_9-1920x1685.jpg 1920w, https:\/\/lyonbondyblog.fr\/LBB\/wp-content\/uploads\/2022\/02\/Ce\u0301re\u0301monie-Baptiste-Retouche_9-1200x1053.jpg 1200w, https:\/\/lyonbondyblog.fr\/LBB\/wp-content\/uploads\/2022\/02\/Ce\u0301re\u0301monie-Baptiste-Retouche_9-768x674.jpg 768w, https:\/\/lyonbondyblog.fr\/LBB\/wp-content\/uploads\/2022\/02\/Ce\u0301re\u0301monie-Baptiste-Retouche_9-1536x1348.jpg 1536w, https:\/\/lyonbondyblog.fr\/LBB\/wp-content\/uploads\/2022\/02\/Ce\u0301re\u0301monie-Baptiste-Retouche_9-2048x1798.jpg 2048w\" sizes=\"auto, (max-width: 619px) 100vw, 619px\" \/><figcaption>De gauche \u00e0 droite : Alexandre Philip et V\u00e9ronique Montangerand (inspectrice de l\u2019\u00e9ducation nationale et conseill\u00e8re technique aupr\u00e8s du recteur), cr\u00e9dits photos : FIFH<\/figcaption><\/figure><\/div>\n\n\n\n<p>Le festival met aussi un point d\u2019honneur \u00e0 interroger la place des personnes handicap\u00e9es dans le monde du travail. C\u2019est Fabrice Faure, fondateur du Groupe de recrutement et d\u2019int\u00e9rim LIP, qui a remis le prix du meilleur court m\u00e9trage s\u00e9lection \u00ab&nbsp;Je veux travailler&nbsp;!&nbsp;\u00bb au film <em>Marjorie<\/em> D&rsquo;Anne Le Graciet. Son entreprise poss\u00e8de un fond de dotation, LIP s\u2019engage, destin\u00e9 \u00e0 lutter contre toutes les formes de discrimination \u00e0 l\u2019emploi. Ce sont les fr\u00e8res Incorviaia, passionn\u00e9s de cin\u00e9ma, qui ont initi\u00e9 la s\u00e9lection \u00ab&nbsp;Je veux Travailler&nbsp;!&nbsp;\u00bb. Thomas et Tristan ont livr\u00e9 un t\u00e9moignage percutant&nbsp;: \u00ab&nbsp;<em>Le monde du travail pour les personnes handicap\u00e9es reste une forteresse inaccessible. Tel Don Quichotte qui se bat contre des moulins \u00e0 vent, nous tentons d\u00e9sesp\u00e9r\u00e9ment de trouver une faille qui nous permette d\u2019acc\u00e9der \u00e0 ce monde o\u00f9 nous restons totalement inconnus<\/em>&nbsp;\u00bb.<\/p>\n\n\n\n<div class=\"wp-block-image\"><figure class=\"aligncenter size-large is-resized\"><img loading=\"lazy\" decoding=\"async\" src=\"https:\/\/lyonbondyblog.fr\/LBB\/wp-content\/uploads\/2022\/02\/Ce\u0301re\u0301monie-Baptiste-Retouche_31-1920x1280.jpg\" alt=\"\" class=\"wp-image-27323\" width=\"807\" height=\"538\" srcset=\"https:\/\/lyonbondyblog.fr\/LBB\/wp-content\/uploads\/2022\/02\/Ce\u0301re\u0301monie-Baptiste-Retouche_31-1920x1280.jpg 1920w, https:\/\/lyonbondyblog.fr\/LBB\/wp-content\/uploads\/2022\/02\/Ce\u0301re\u0301monie-Baptiste-Retouche_31-1200x800.jpg 1200w, https:\/\/lyonbondyblog.fr\/LBB\/wp-content\/uploads\/2022\/02\/Ce\u0301re\u0301monie-Baptiste-Retouche_31-768x512.jpg 768w, https:\/\/lyonbondyblog.fr\/LBB\/wp-content\/uploads\/2022\/02\/Ce\u0301re\u0301monie-Baptiste-Retouche_31-1536x1024.jpg 1536w, https:\/\/lyonbondyblog.fr\/LBB\/wp-content\/uploads\/2022\/02\/Ce\u0301re\u0301monie-Baptiste-Retouche_31-2048x1366.jpg 2048w, https:\/\/lyonbondyblog.fr\/LBB\/wp-content\/uploads\/2022\/02\/Ce\u0301re\u0301monie-Baptiste-Retouche_31-272x182.jpg 272w\" sizes=\"auto, (max-width: 807px) 100vw, 807px\" \/><figcaption>De gauche \u00e0 droite : Alexandre Philip, Marta Pardo-Badier, Jessica Martin-Maresco (pr\u00e9sidente de l&rsquo;association du FIFH). Cr\u00e9dits photos : FIFH<\/figcaption><\/figure><\/div>\n\n\n\n<p>Jessica Martin Maresco, pr\u00e9sidente de l\u2019association du FIFH, nous rappelle l\u2019importance d\u2019une \u00e9cole inclusive pour changer le regard sur le handicap&nbsp;: \u00ab&nbsp;<em>Ma fille est all\u00e9e voir Sais-tu Pourquoi je saute. Je lui ai demand\u00e9 si elle avait appris quelque chose, elle m\u2019a dit que non. Pourquoi savait-elle d\u00e9j\u00e0 des choses que certains adultes ne savaient pas&nbsp;? Parce que dans son \u00e9cole, on accueille des autistes, parce qu\u2019elle les connait, elle les c\u00f4toie, parce que c\u2019est une conversation qu\u2019elle a d\u00e9j\u00e0 eu avec ses professeurs et les encadrants des jeunes autistes.&nbsp;\u00catre handicap\u00e9, c\u2019est \u00eatre soumis \u00e0 l\u2019ignorance des gens qui vous entourent<\/em>.&nbsp;\u00bb.<\/p>\n\n\n\n<h2 class=\"wp-block-heading\"><strong>Un coup de projecteur sur le Cambodge<\/strong><\/h2>\n\n\n\n<p>De nombreux officiels et r\u00e9alisateurs internationaux ont particip\u00e9 \u00e0 la c\u00e9r\u00e9monie, en montant directement sur la sc\u00e8ne ou par l\u2019interm\u00e9diaire de vid\u00e9os de remerciements qui ont \u00e9t\u00e9 projet\u00e9es. On peut souligner la pr\u00e9sence de Son Altesse Royale (SAR) La Princesse Sylvia Sisowath du Cambodge, marraine du festival. Elle a notamment remis le prix du meilleur court m\u00e9trage fiction dans la s\u00e9lection \u00ab&nbsp;Fais-moi du cin\u00e9ma&nbsp;! \u00bb, qui est nourrie par des partenariats avec des \u00e9coles de cin\u00e9ma en France et \u00e0 l\u2019\u00e9tranger. C\u2019est le film <em>Across the fear<\/em> de Jian Juan Ting, \u00e9tudiant \u00e0 Yunlin University de Taiwan, qui a \u00e9t\u00e9 r\u00e9compens\u00e9. &nbsp;<\/p>\n\n\n\n<div class=\"wp-block-image\"><figure class=\"aligncenter size-large is-resized\"><img loading=\"lazy\" decoding=\"async\" src=\"https:\/\/lyonbondyblog.fr\/LBB\/wp-content\/uploads\/2022\/02\/Ce\u0301re\u0301monie-PREVIEW_172-1920x1289.jpg\" alt=\"\" class=\"wp-image-27325\" width=\"810\" height=\"543\" srcset=\"https:\/\/lyonbondyblog.fr\/LBB\/wp-content\/uploads\/2022\/02\/Ce\u0301re\u0301monie-PREVIEW_172-1920x1289.jpg 1920w, https:\/\/lyonbondyblog.fr\/LBB\/wp-content\/uploads\/2022\/02\/Ce\u0301re\u0301monie-PREVIEW_172-1200x806.jpg 1200w, https:\/\/lyonbondyblog.fr\/LBB\/wp-content\/uploads\/2022\/02\/Ce\u0301re\u0301monie-PREVIEW_172-768x516.jpg 768w, https:\/\/lyonbondyblog.fr\/LBB\/wp-content\/uploads\/2022\/02\/Ce\u0301re\u0301monie-PREVIEW_172-1536x1031.jpg 1536w, https:\/\/lyonbondyblog.fr\/LBB\/wp-content\/uploads\/2022\/02\/Ce\u0301re\u0301monie-PREVIEW_172-2048x1375.jpg 2048w, https:\/\/lyonbondyblog.fr\/LBB\/wp-content\/uploads\/2022\/02\/Ce\u0301re\u0301monie-PREVIEW_172-272x182.jpg 272w\" sizes=\"auto, (max-width: 810px) 100vw, 810px\" \/><figcaption>De gauche \u00e0 droite : Patricia Malissard (responsable d\u2019Handicap International \u00e0 Nice), Nicolas Vannier (producteur et pr\u00e9sident du Jury \u00ab&nbsp;Fais-Moi du Cin\u00e9ma&nbsp;\u00bb), Son Altesse Royale (SAR) La Princesse Sylvia Sisowath du Cambodge (marraine du festival), cr\u00e9dits photos : FIFH<\/figcaption><\/figure><\/div>\n\n\n\n<p>Elle a par ailleurs assist\u00e9 \u00e0 de nombreuses projections avec les scolaires qui l\u2019ont ravie&nbsp;: \u00ab&nbsp;<em>Je peux vous assurer que vous faites un travail extraordinaire pour captiver l\u2019attention de ces jeunes. Je n\u2019ai jamais vu une audience aussi calme et attentive<\/em>. <em>Ce seront vos ambassadeurs pour ouvrir le festival dans d\u2019autres r\u00e9gions<\/em>&nbsp;\u00bb. Katia Martin-Maresco, la fondatrice du festival, l\u2019avait rencontr\u00e9e gr\u00e2ce \u00e0 Patricia Malissard, responsable d\u2019Handicap International \u00e0 Nice, qui \u00e9tait son amie d\u2019enfance. SAR Sylvia Sisowath travaillait alors avec le r\u00e9alisateur franco-cambodgien Rithy Panh, dont les longs-m\u00e9trages ont \u00e9t\u00e9 s\u00e9lectionn\u00e9s de nombreuses fois pour le Festival de Cannes.<\/p>\n\n\n\n<h2 class=\"wp-block-heading\"><strong>Une dimension internationale qui prend sens par la tourn\u00e9e mondiale du festival<\/strong><\/h2>\n\n\n\n<p>Le chef du bureau consulaire du Japon \u00e0 Lyon, Monsieur Kuratomi Kenji, \u00e9tait pr\u00e9sent quant \u00e0 lui afin de remettre le prix \u00ab&nbsp;Coup de c\u0153ur de Caza&nbsp;\u00bb \u00e0 son compatriote Yurugu Matsumoto pour son docu-fiction <em>Talking to the Starry Sky<\/em>. Il \u00e9voque la question des personnes en situation de handicap au regard de la catastrophe de Fukushima.<\/p>\n\n\n\n<div class=\"wp-block-image\"><figure class=\"aligncenter size-large is-resized\"><img loading=\"lazy\" decoding=\"async\" src=\"https:\/\/lyonbondyblog.fr\/LBB\/wp-content\/uploads\/2022\/02\/Ce\u0301re\u0301monie-Baptiste-Retouche_34-1920x1280.jpg\" alt=\"\" class=\"wp-image-27326\" width=\"837\" height=\"558\" srcset=\"https:\/\/lyonbondyblog.fr\/LBB\/wp-content\/uploads\/2022\/02\/Ce\u0301re\u0301monie-Baptiste-Retouche_34-1920x1280.jpg 1920w, https:\/\/lyonbondyblog.fr\/LBB\/wp-content\/uploads\/2022\/02\/Ce\u0301re\u0301monie-Baptiste-Retouche_34-1200x800.jpg 1200w, https:\/\/lyonbondyblog.fr\/LBB\/wp-content\/uploads\/2022\/02\/Ce\u0301re\u0301monie-Baptiste-Retouche_34-768x512.jpg 768w, https:\/\/lyonbondyblog.fr\/LBB\/wp-content\/uploads\/2022\/02\/Ce\u0301re\u0301monie-Baptiste-Retouche_34-1536x1024.jpg 1536w, https:\/\/lyonbondyblog.fr\/LBB\/wp-content\/uploads\/2022\/02\/Ce\u0301re\u0301monie-Baptiste-Retouche_34-2048x1366.jpg 2048w, https:\/\/lyonbondyblog.fr\/LBB\/wp-content\/uploads\/2022\/02\/Ce\u0301re\u0301monie-Baptiste-Retouche_34-272x182.jpg 272w\" sizes=\"auto, (max-width: 837px) 100vw, 837px\" \/><figcaption>De gauche \u00e0 droite : Marta Pardo-Badier, Jessica Martin-Maresco, Kenji Kuratomi (chef du bureau consulaire du Japon \u00e0 Lyon), cr\u00e9dits photos : FIFH<\/figcaption><\/figure><\/div>\n\n\n\n<p>Katia Martin-Maresco pr\u00e9cise bien que son label \u00ab&nbsp;<em>international&nbsp;<\/em>\u00bb ne vaut pas seulement parce qu\u2019il re\u00e7oit et r\u00e9compense des films \u00e9trangers&nbsp;: l\u2019id\u00e9e est d\u2019\u00ab <em>aller v\u00e9ritablement \u00e0 la rencontre des autres&nbsp;\u00bb. <\/em>Sa dimension internationale s\u2019envisage par sa tourn\u00e9e dans les autres pays : le festival s\u2019envole en avril au Br\u00e9sil pour une semaine. C\u2019est une nouvelle occasion d\u2019aller \u00e0 la rencontre des scolaires du monde entier. L\u2019organisation est la m\u00eame que lors du festival lyonnais&nbsp;: tandis que les projections sont destin\u00e9es aux jeunes dans la matin\u00e9e, c\u2019est le grand public qui prend le relai l\u2019apr\u00e8s-midi.<\/p>\n\n\n\n<p>On peut conclure sur les mots de Jessica Martin-Maresco&nbsp;: \u00ab&nbsp;<em>Ce festival<\/em> <em>a pour but de faire reculer cette ignorance qui est universelle en donnant \u00e0 voir, \u00e0 comprendre, \u00e0 ressentir, \u00e0 partager, ce qui pour certains demeure un myst\u00e8re<\/em>&nbsp;\u00bb.<\/p>\n<!-- AddThis Advanced Settings generic via filter on the_content --><!-- AddThis Share Buttons generic via filter on the_content -->","protected":false},"excerpt":{"rendered":"<p>Le mercredi 9 f\u00e9vrier a eu lieu la c\u00e9r\u00e9monie de cl\u00f4ture du FIFH \u00e0 l\u2019Institut Lumi\u00e8re, en pr\u00e9sence de nombreux repr\u00e9sentants institutionnels fran\u00e7ais et \u00e9trangers. &hellip; <!-- AddThis Advanced Settings generic via filter on wp_trim_excerpt --><!-- AddThis Share Buttons generic via filter on wp_trim_excerpt --><\/p>\n","protected":false},"author":31865,"featured_media":27331,"comment_status":"open","ping_status":"open","sticky":true,"template":"","format":"standard","meta":{"_FSMCFIC_featured_image_caption":"","_FSMCFIC_featured_image_nocaption":"","_FSMCFIC_featured_image_hide":"","footnotes":""},"categories":[11249,13114,3792,6949,18122,4],"tags":[],"class_list":["post-27320","post","type-post","status-publish","format-standard","has-post-thumbnail","hentry","category-art","category-cinema","category-festival","category-film","category-handicap","category-lyon"],"yoast_head":"<!-- This site is optimized with the Yoast SEO plugin v22.8 - https:\/\/yoast.com\/wordpress\/plugins\/seo\/ -->\n<title>C\u00e9r\u00e9monie de cl\u00f4ture du Festival International du Film sur les Handicaps (FIFH) : lutter contre l\u2019essentialisation du handicap par le 7\u00e8me art - Lyon Bondy Blog<\/title>\n<meta name=\"description\" content=\"Le mercredi 9 f\u00e9vrier a eu lieu la c\u00e9r\u00e9monie de cl\u00f4ture du FIFH \u00e0 l\u2019Institut Lumi\u00e8re, en pr\u00e9sence de nombreux repr\u00e9sentants institutionnels fran\u00e7ais et \u00e9trangers. Si le festival est engag\u00e9 contre l\u2019essentialisation du handicap, ce n\u2019est pas le propos des films qui ont \u00e9t\u00e9 r\u00e9compens\u00e9s. Ce sont la cr\u00e9ativit\u00e9 et le talent de r\u00e9alisateurs du monde entier qui ont \u00e9t\u00e9 c\u00e9l\u00e9br\u00e9s.\" \/>\n<meta name=\"robots\" content=\"index, follow, max-snippet:-1, max-image-preview:large, max-video-preview:-1\" \/>\n<link rel=\"canonical\" href=\"https:\/\/lyonbondyblog.fr\/LBB\/ceremonie-de-cloture-du-festival-international-du-film-sur-les-handicaps-fifh-lutter-contre-lessentialisation-du-handicap-par-le-7eme-art\/\" \/>\n<meta property=\"og:locale\" content=\"fr_FR\" \/>\n<meta property=\"og:type\" content=\"article\" \/>\n<meta property=\"og:title\" content=\"C\u00e9r\u00e9monie de cl\u00f4ture du Festival International du Film sur les Handicaps (FIFH) : lutter contre l\u2019essentialisation du handicap par le 7\u00e8me art - Lyon Bondy Blog\" \/>\n<meta property=\"og:description\" content=\"Le mercredi 9 f\u00e9vrier a eu lieu la c\u00e9r\u00e9monie de cl\u00f4ture du FIFH \u00e0 l\u2019Institut Lumi\u00e8re, en pr\u00e9sence de nombreux repr\u00e9sentants institutionnels fran\u00e7ais et \u00e9trangers. Si le festival est engag\u00e9 contre l\u2019essentialisation du handicap, ce n\u2019est pas le propos des films qui ont \u00e9t\u00e9 r\u00e9compens\u00e9s. Ce sont la cr\u00e9ativit\u00e9 et le talent de r\u00e9alisateurs du monde entier qui ont \u00e9t\u00e9 c\u00e9l\u00e9br\u00e9s.\" \/>\n<meta property=\"og:url\" content=\"https:\/\/lyonbondyblog.fr\/LBB\/ceremonie-de-cloture-du-festival-international-du-film-sur-les-handicaps-fifh-lutter-contre-lessentialisation-du-handicap-par-le-7eme-art\/\" \/>\n<meta property=\"og:site_name\" content=\"Lyon Bondy Blog\" \/>\n<meta property=\"article:publisher\" content=\"https:\/\/www.facebook.com\/lyonbondyblog\" \/>\n<meta property=\"article:published_time\" content=\"2022-02-17T17:18:47+00:00\" \/>\n<meta property=\"article:modified_time\" content=\"2022-02-17T17:37:16+00:00\" \/>\n<meta property=\"og:image\" content=\"https:\/\/lyonbondyblog.fr\/LBB\/wp-content\/uploads\/2022\/02\/IMG_1991-scaled.jpg\" \/>\n\t<meta property=\"og:image:width\" content=\"2560\" \/>\n\t<meta property=\"og:image:height\" content=\"1920\" \/>\n\t<meta property=\"og:image:type\" content=\"image\/jpeg\" \/>\n<meta name=\"author\" content=\"Aurore Ployer\" \/>\n<meta name=\"twitter:card\" content=\"summary_large_image\" \/>\n<meta name=\"twitter:creator\" content=\"@bondybloglyon\" \/>\n<meta name=\"twitter:site\" content=\"@bondybloglyon\" \/>\n<script type=\"application\/ld+json\" class=\"yoast-schema-graph\">{\"@context\":\"https:\/\/schema.org\",\"@graph\":[{\"@type\":\"Article\",\"@id\":\"https:\/\/lyonbondyblog.fr\/LBB\/ceremonie-de-cloture-du-festival-international-du-film-sur-les-handicaps-fifh-lutter-contre-lessentialisation-du-handicap-par-le-7eme-art\/#article\",\"isPartOf\":{\"@id\":\"https:\/\/lyonbondyblog.fr\/LBB\/ceremonie-de-cloture-du-festival-international-du-film-sur-les-handicaps-fifh-lutter-contre-lessentialisation-du-handicap-par-le-7eme-art\/\"},\"author\":{\"name\":\"Aurore Ployer\",\"@id\":\"https:\/\/lyonbondyblog.fr\/LBB\/#\/schema\/person\/32a6ca84915e1d2fced1cef188943fb8\"},\"headline\":\"C\u00e9r\u00e9monie de cl\u00f4ture du Festival International du Film sur les Handicaps (FIFH) : lutter contre l\u2019essentialisation du handicap par le 7\u00e8me art\",\"datePublished\":\"2022-02-17T17:18:47+00:00\",\"dateModified\":\"2022-02-17T17:37:16+00:00\",\"mainEntityOfPage\":{\"@id\":\"https:\/\/lyonbondyblog.fr\/LBB\/ceremonie-de-cloture-du-festival-international-du-film-sur-les-handicaps-fifh-lutter-contre-lessentialisation-du-handicap-par-le-7eme-art\/\"},\"wordCount\":2042,\"commentCount\":0,\"publisher\":{\"@id\":\"https:\/\/lyonbondyblog.fr\/LBB\/#organization\"},\"image\":{\"@id\":\"https:\/\/lyonbondyblog.fr\/LBB\/ceremonie-de-cloture-du-festival-international-du-film-sur-les-handicaps-fifh-lutter-contre-lessentialisation-du-handicap-par-le-7eme-art\/#primaryimage\"},\"thumbnailUrl\":\"https:\/\/lyonbondyblog.fr\/LBB\/wp-content\/uploads\/2022\/02\/IMG_1991-scaled.jpg\",\"articleSection\":[\"Art\",\"Cin\u00e9ma\",\"Festival\",\"Film\",\"Handicap\",\"Lyon\"],\"inLanguage\":\"fr-FR\",\"potentialAction\":[{\"@type\":\"CommentAction\",\"name\":\"Comment\",\"target\":[\"https:\/\/lyonbondyblog.fr\/LBB\/ceremonie-de-cloture-du-festival-international-du-film-sur-les-handicaps-fifh-lutter-contre-lessentialisation-du-handicap-par-le-7eme-art\/#respond\"]}]},{\"@type\":\"WebPage\",\"@id\":\"https:\/\/lyonbondyblog.fr\/LBB\/ceremonie-de-cloture-du-festival-international-du-film-sur-les-handicaps-fifh-lutter-contre-lessentialisation-du-handicap-par-le-7eme-art\/\",\"url\":\"https:\/\/lyonbondyblog.fr\/LBB\/ceremonie-de-cloture-du-festival-international-du-film-sur-les-handicaps-fifh-lutter-contre-lessentialisation-du-handicap-par-le-7eme-art\/\",\"name\":\"C\u00e9r\u00e9monie de cl\u00f4ture du Festival International du Film sur les Handicaps (FIFH) : lutter contre l\u2019essentialisation du handicap par le 7\u00e8me art - Lyon Bondy Blog\",\"isPartOf\":{\"@id\":\"https:\/\/lyonbondyblog.fr\/LBB\/#website\"},\"primaryImageOfPage\":{\"@id\":\"https:\/\/lyonbondyblog.fr\/LBB\/ceremonie-de-cloture-du-festival-international-du-film-sur-les-handicaps-fifh-lutter-contre-lessentialisation-du-handicap-par-le-7eme-art\/#primaryimage\"},\"image\":{\"@id\":\"https:\/\/lyonbondyblog.fr\/LBB\/ceremonie-de-cloture-du-festival-international-du-film-sur-les-handicaps-fifh-lutter-contre-lessentialisation-du-handicap-par-le-7eme-art\/#primaryimage\"},\"thumbnailUrl\":\"https:\/\/lyonbondyblog.fr\/LBB\/wp-content\/uploads\/2022\/02\/IMG_1991-scaled.jpg\",\"datePublished\":\"2022-02-17T17:18:47+00:00\",\"dateModified\":\"2022-02-17T17:37:16+00:00\",\"description\":\"Le mercredi 9 f\u00e9vrier a eu lieu la c\u00e9r\u00e9monie de cl\u00f4ture du FIFH \u00e0 l\u2019Institut Lumi\u00e8re, en pr\u00e9sence de nombreux repr\u00e9sentants institutionnels fran\u00e7ais et \u00e9trangers. Si le festival est engag\u00e9 contre l\u2019essentialisation du handicap, ce n\u2019est pas le propos des films qui ont \u00e9t\u00e9 r\u00e9compens\u00e9s. Ce sont la cr\u00e9ativit\u00e9 et le talent de r\u00e9alisateurs du monde entier qui ont \u00e9t\u00e9 c\u00e9l\u00e9br\u00e9s.\",\"inLanguage\":\"fr-FR\",\"potentialAction\":[{\"@type\":\"ReadAction\",\"target\":[\"https:\/\/lyonbondyblog.fr\/LBB\/ceremonie-de-cloture-du-festival-international-du-film-sur-les-handicaps-fifh-lutter-contre-lessentialisation-du-handicap-par-le-7eme-art\/\"]}]},{\"@type\":\"ImageObject\",\"inLanguage\":\"fr-FR\",\"@id\":\"https:\/\/lyonbondyblog.fr\/LBB\/ceremonie-de-cloture-du-festival-international-du-film-sur-les-handicaps-fifh-lutter-contre-lessentialisation-du-handicap-par-le-7eme-art\/#primaryimage\",\"url\":\"https:\/\/lyonbondyblog.fr\/LBB\/wp-content\/uploads\/2022\/02\/IMG_1991-scaled.jpg\",\"contentUrl\":\"https:\/\/lyonbondyblog.fr\/LBB\/wp-content\/uploads\/2022\/02\/IMG_1991-scaled.jpg\",\"width\":2560,\"height\":1920},{\"@type\":\"WebSite\",\"@id\":\"https:\/\/lyonbondyblog.fr\/LBB\/#website\",\"url\":\"https:\/\/lyonbondyblog.fr\/LBB\/\",\"name\":\"Lyon Bondy Blog\",\"description\":\"\",\"publisher\":{\"@id\":\"https:\/\/lyonbondyblog.fr\/LBB\/#organization\"},\"potentialAction\":[{\"@type\":\"SearchAction\",\"target\":{\"@type\":\"EntryPoint\",\"urlTemplate\":\"https:\/\/lyonbondyblog.fr\/LBB\/?s={search_term_string}\"},\"query-input\":\"required name=search_term_string\"}],\"inLanguage\":\"fr-FR\"},{\"@type\":\"Organization\",\"@id\":\"https:\/\/lyonbondyblog.fr\/LBB\/#organization\",\"name\":\"LYON BONDY BLOG\",\"url\":\"https:\/\/lyonbondyblog.fr\/LBB\/\",\"logo\":{\"@type\":\"ImageObject\",\"inLanguage\":\"fr-FR\",\"@id\":\"https:\/\/lyonbondyblog.fr\/LBB\/#\/schema\/logo\/image\/\",\"url\":\"http:\/\/lyonbondyblog.fr\/LBB\/wp-content\/uploads\/2014\/10\/logo-portable-144.png\",\"contentUrl\":\"http:\/\/lyonbondyblog.fr\/LBB\/wp-content\/uploads\/2014\/10\/logo-portable-144.png\",\"width\":144,\"height\":123,\"caption\":\"LYON BONDY BLOG\"},\"image\":{\"@id\":\"https:\/\/lyonbondyblog.fr\/LBB\/#\/schema\/logo\/image\/\"},\"sameAs\":[\"https:\/\/www.facebook.com\/lyonbondyblog\",\"https:\/\/x.com\/bondybloglyon\"]},{\"@type\":\"Person\",\"@id\":\"https:\/\/lyonbondyblog.fr\/LBB\/#\/schema\/person\/32a6ca84915e1d2fced1cef188943fb8\",\"name\":\"Aurore Ployer\",\"url\":\"https:\/\/lyonbondyblog.fr\/LBB\/author\/auroreployer\/\"}]}<\/script>\n<!-- \/ Yoast SEO plugin. -->","yoast_head_json":{"title":"C\u00e9r\u00e9monie de cl\u00f4ture du Festival International du Film sur les Handicaps (FIFH) : lutter contre l\u2019essentialisation du handicap par le 7\u00e8me art - Lyon Bondy Blog","description":"Le mercredi 9 f\u00e9vrier a eu lieu la c\u00e9r\u00e9monie de cl\u00f4ture du FIFH \u00e0 l\u2019Institut Lumi\u00e8re, en pr\u00e9sence de nombreux repr\u00e9sentants institutionnels fran\u00e7ais et \u00e9trangers. Si le festival est engag\u00e9 contre l\u2019essentialisation du handicap, ce n\u2019est pas le propos des films qui ont \u00e9t\u00e9 r\u00e9compens\u00e9s. Ce sont la cr\u00e9ativit\u00e9 et le talent de r\u00e9alisateurs du monde entier qui ont \u00e9t\u00e9 c\u00e9l\u00e9br\u00e9s.","robots":{"index":"index","follow":"follow","max-snippet":"max-snippet:-1","max-image-preview":"max-image-preview:large","max-video-preview":"max-video-preview:-1"},"canonical":"https:\/\/lyonbondyblog.fr\/LBB\/ceremonie-de-cloture-du-festival-international-du-film-sur-les-handicaps-fifh-lutter-contre-lessentialisation-du-handicap-par-le-7eme-art\/","og_locale":"fr_FR","og_type":"article","og_title":"C\u00e9r\u00e9monie de cl\u00f4ture du Festival International du Film sur les Handicaps (FIFH) : lutter contre l\u2019essentialisation du handicap par le 7\u00e8me art - Lyon Bondy Blog","og_description":"Le mercredi 9 f\u00e9vrier a eu lieu la c\u00e9r\u00e9monie de cl\u00f4ture du FIFH \u00e0 l\u2019Institut Lumi\u00e8re, en pr\u00e9sence de nombreux repr\u00e9sentants institutionnels fran\u00e7ais et \u00e9trangers. Si le festival est engag\u00e9 contre l\u2019essentialisation du handicap, ce n\u2019est pas le propos des films qui ont \u00e9t\u00e9 r\u00e9compens\u00e9s. Ce sont la cr\u00e9ativit\u00e9 et le talent de r\u00e9alisateurs du monde entier qui ont \u00e9t\u00e9 c\u00e9l\u00e9br\u00e9s.","og_url":"https:\/\/lyonbondyblog.fr\/LBB\/ceremonie-de-cloture-du-festival-international-du-film-sur-les-handicaps-fifh-lutter-contre-lessentialisation-du-handicap-par-le-7eme-art\/","og_site_name":"Lyon Bondy Blog","article_publisher":"https:\/\/www.facebook.com\/lyonbondyblog","article_published_time":"2022-02-17T17:18:47+00:00","article_modified_time":"2022-02-17T17:37:16+00:00","og_image":[{"width":2560,"height":1920,"url":"https:\/\/lyonbondyblog.fr\/LBB\/wp-content\/uploads\/2022\/02\/IMG_1991-scaled.jpg","type":"image\/jpeg"}],"author":"Aurore Ployer","twitter_card":"summary_large_image","twitter_creator":"@bondybloglyon","twitter_site":"@bondybloglyon","schema":{"@context":"https:\/\/schema.org","@graph":[{"@type":"Article","@id":"https:\/\/lyonbondyblog.fr\/LBB\/ceremonie-de-cloture-du-festival-international-du-film-sur-les-handicaps-fifh-lutter-contre-lessentialisation-du-handicap-par-le-7eme-art\/#article","isPartOf":{"@id":"https:\/\/lyonbondyblog.fr\/LBB\/ceremonie-de-cloture-du-festival-international-du-film-sur-les-handicaps-fifh-lutter-contre-lessentialisation-du-handicap-par-le-7eme-art\/"},"author":{"name":"Aurore Ployer","@id":"https:\/\/lyonbondyblog.fr\/LBB\/#\/schema\/person\/32a6ca84915e1d2fced1cef188943fb8"},"headline":"C\u00e9r\u00e9monie de cl\u00f4ture du Festival International du Film sur les Handicaps (FIFH) : lutter contre l\u2019essentialisation du handicap par le 7\u00e8me art","datePublished":"2022-02-17T17:18:47+00:00","dateModified":"2022-02-17T17:37:16+00:00","mainEntityOfPage":{"@id":"https:\/\/lyonbondyblog.fr\/LBB\/ceremonie-de-cloture-du-festival-international-du-film-sur-les-handicaps-fifh-lutter-contre-lessentialisation-du-handicap-par-le-7eme-art\/"},"wordCount":2042,"commentCount":0,"publisher":{"@id":"https:\/\/lyonbondyblog.fr\/LBB\/#organization"},"image":{"@id":"https:\/\/lyonbondyblog.fr\/LBB\/ceremonie-de-cloture-du-festival-international-du-film-sur-les-handicaps-fifh-lutter-contre-lessentialisation-du-handicap-par-le-7eme-art\/#primaryimage"},"thumbnailUrl":"https:\/\/lyonbondyblog.fr\/LBB\/wp-content\/uploads\/2022\/02\/IMG_1991-scaled.jpg","articleSection":["Art","Cin\u00e9ma","Festival","Film","Handicap","Lyon"],"inLanguage":"fr-FR","potentialAction":[{"@type":"CommentAction","name":"Comment","target":["https:\/\/lyonbondyblog.fr\/LBB\/ceremonie-de-cloture-du-festival-international-du-film-sur-les-handicaps-fifh-lutter-contre-lessentialisation-du-handicap-par-le-7eme-art\/#respond"]}]},{"@type":"WebPage","@id":"https:\/\/lyonbondyblog.fr\/LBB\/ceremonie-de-cloture-du-festival-international-du-film-sur-les-handicaps-fifh-lutter-contre-lessentialisation-du-handicap-par-le-7eme-art\/","url":"https:\/\/lyonbondyblog.fr\/LBB\/ceremonie-de-cloture-du-festival-international-du-film-sur-les-handicaps-fifh-lutter-contre-lessentialisation-du-handicap-par-le-7eme-art\/","name":"C\u00e9r\u00e9monie de cl\u00f4ture du Festival International du Film sur les Handicaps (FIFH) : lutter contre l\u2019essentialisation du handicap par le 7\u00e8me art - Lyon Bondy Blog","isPartOf":{"@id":"https:\/\/lyonbondyblog.fr\/LBB\/#website"},"primaryImageOfPage":{"@id":"https:\/\/lyonbondyblog.fr\/LBB\/ceremonie-de-cloture-du-festival-international-du-film-sur-les-handicaps-fifh-lutter-contre-lessentialisation-du-handicap-par-le-7eme-art\/#primaryimage"},"image":{"@id":"https:\/\/lyonbondyblog.fr\/LBB\/ceremonie-de-cloture-du-festival-international-du-film-sur-les-handicaps-fifh-lutter-contre-lessentialisation-du-handicap-par-le-7eme-art\/#primaryimage"},"thumbnailUrl":"https:\/\/lyonbondyblog.fr\/LBB\/wp-content\/uploads\/2022\/02\/IMG_1991-scaled.jpg","datePublished":"2022-02-17T17:18:47+00:00","dateModified":"2022-02-17T17:37:16+00:00","description":"Le mercredi 9 f\u00e9vrier a eu lieu la c\u00e9r\u00e9monie de cl\u00f4ture du FIFH \u00e0 l\u2019Institut Lumi\u00e8re, en pr\u00e9sence de nombreux repr\u00e9sentants institutionnels fran\u00e7ais et \u00e9trangers. Si le festival est engag\u00e9 contre l\u2019essentialisation du handicap, ce n\u2019est pas le propos des films qui ont \u00e9t\u00e9 r\u00e9compens\u00e9s. Ce sont la cr\u00e9ativit\u00e9 et le talent de r\u00e9alisateurs du monde entier qui ont \u00e9t\u00e9 c\u00e9l\u00e9br\u00e9s.","inLanguage":"fr-FR","potentialAction":[{"@type":"ReadAction","target":["https:\/\/lyonbondyblog.fr\/LBB\/ceremonie-de-cloture-du-festival-international-du-film-sur-les-handicaps-fifh-lutter-contre-lessentialisation-du-handicap-par-le-7eme-art\/"]}]},{"@type":"ImageObject","inLanguage":"fr-FR","@id":"https:\/\/lyonbondyblog.fr\/LBB\/ceremonie-de-cloture-du-festival-international-du-film-sur-les-handicaps-fifh-lutter-contre-lessentialisation-du-handicap-par-le-7eme-art\/#primaryimage","url":"https:\/\/lyonbondyblog.fr\/LBB\/wp-content\/uploads\/2022\/02\/IMG_1991-scaled.jpg","contentUrl":"https:\/\/lyonbondyblog.fr\/LBB\/wp-content\/uploads\/2022\/02\/IMG_1991-scaled.jpg","width":2560,"height":1920},{"@type":"WebSite","@id":"https:\/\/lyonbondyblog.fr\/LBB\/#website","url":"https:\/\/lyonbondyblog.fr\/LBB\/","name":"Lyon Bondy Blog","description":"","publisher":{"@id":"https:\/\/lyonbondyblog.fr\/LBB\/#organization"},"potentialAction":[{"@type":"SearchAction","target":{"@type":"EntryPoint","urlTemplate":"https:\/\/lyonbondyblog.fr\/LBB\/?s={search_term_string}"},"query-input":"required name=search_term_string"}],"inLanguage":"fr-FR"},{"@type":"Organization","@id":"https:\/\/lyonbondyblog.fr\/LBB\/#organization","name":"LYON BONDY BLOG","url":"https:\/\/lyonbondyblog.fr\/LBB\/","logo":{"@type":"ImageObject","inLanguage":"fr-FR","@id":"https:\/\/lyonbondyblog.fr\/LBB\/#\/schema\/logo\/image\/","url":"http:\/\/lyonbondyblog.fr\/LBB\/wp-content\/uploads\/2014\/10\/logo-portable-144.png","contentUrl":"http:\/\/lyonbondyblog.fr\/LBB\/wp-content\/uploads\/2014\/10\/logo-portable-144.png","width":144,"height":123,"caption":"LYON BONDY BLOG"},"image":{"@id":"https:\/\/lyonbondyblog.fr\/LBB\/#\/schema\/logo\/image\/"},"sameAs":["https:\/\/www.facebook.com\/lyonbondyblog","https:\/\/x.com\/bondybloglyon"]},{"@type":"Person","@id":"https:\/\/lyonbondyblog.fr\/LBB\/#\/schema\/person\/32a6ca84915e1d2fced1cef188943fb8","name":"Aurore Ployer","url":"https:\/\/lyonbondyblog.fr\/LBB\/author\/auroreployer\/"}]}},"_links":{"self":[{"href":"https:\/\/lyonbondyblog.fr\/LBB\/wp-json\/wp\/v2\/posts\/27320","targetHints":{"allow":["GET"]}}],"collection":[{"href":"https:\/\/lyonbondyblog.fr\/LBB\/wp-json\/wp\/v2\/posts"}],"about":[{"href":"https:\/\/lyonbondyblog.fr\/LBB\/wp-json\/wp\/v2\/types\/post"}],"author":[{"embeddable":true,"href":"https:\/\/lyonbondyblog.fr\/LBB\/wp-json\/wp\/v2\/users\/31865"}],"replies":[{"embeddable":true,"href":"https:\/\/lyonbondyblog.fr\/LBB\/wp-json\/wp\/v2\/comments?post=27320"}],"version-history":[{"count":6,"href":"https:\/\/lyonbondyblog.fr\/LBB\/wp-json\/wp\/v2\/posts\/27320\/revisions"}],"predecessor-version":[{"id":27335,"href":"https:\/\/lyonbondyblog.fr\/LBB\/wp-json\/wp\/v2\/posts\/27320\/revisions\/27335"}],"wp:featuredmedia":[{"embeddable":true,"href":"https:\/\/lyonbondyblog.fr\/LBB\/wp-json\/wp\/v2\/media\/27331"}],"wp:attachment":[{"href":"https:\/\/lyonbondyblog.fr\/LBB\/wp-json\/wp\/v2\/media?parent=27320"}],"wp:term":[{"taxonomy":"category","embeddable":true,"href":"https:\/\/lyonbondyblog.fr\/LBB\/wp-json\/wp\/v2\/categories?post=27320"},{"taxonomy":"post_tag","embeddable":true,"href":"https:\/\/lyonbondyblog.fr\/LBB\/wp-json\/wp\/v2\/tags?post=27320"}],"curies":[{"name":"wp","href":"https:\/\/api.w.org\/{rel}","templated":true}]}}