{"id":27241,"date":"2022-02-11T17:00:00","date_gmt":"2022-02-11T16:00:00","guid":{"rendered":"http:\/\/lyonbondyblog.fr\/LBB\/?p=27241"},"modified":"2022-02-28T11:36:59","modified_gmt":"2022-02-28T10:36:59","slug":"florine-vialle-jeune-photographe-professionnelle-souhaite-casser-un-peu-les-representations-classiques","status":"publish","type":"post","link":"https:\/\/lyonbondyblog.fr\/LBB\/florine-vialle-jeune-photographe-professionnelle-souhaite-casser-un-peu-les-representations-classiques\/","title":{"rendered":"Florine Vialle, jeune photographe professionnelle, souhaite casser un peu les repr\u00e9sentations classiques"},"content":{"rendered":"\n<h2 class=\"wp-block-heading\">\u00c0 22 ans, Florine est une jeune photographe lyonnaise qui \u00e9volue dans un univers aux tons froids. Elle s\u2019inspire de la sph\u00e8re alternative, d\u2019univers un peu dark en \u00e9tant aussi inclusive et humaine que possible.<\/h2>\n\n\n\n<p>La jeune femme, sp\u00e9cialis\u00e9e dans le portrait, exerce depuis bient\u00f4t un an \u00e0 Lyon. Elle travaille principalement avec des particuliers et esp\u00e8re, \u00e0 termes, \u00e9laborer des projets avec des marques et des entreprises. Elle couvre \u00e9galement des \u00e9v\u00e9nements sociaux comme les mariages et de l\u2019\u00e9v\u00e9nementiel en soir\u00e9e.<\/p>\n\n\n\n<h2 class=\"wp-block-heading\">Faire de la photographie, c\u2019est avant tout traiter de l\u2019humain<\/h2>\n\n\n\n<p>\u00ab&nbsp;<em>Lors de mes tout d\u00e9buts en client\u00e8le, j\u2019ai photographi\u00e9 une personne souffrant d\u2019handicaps physiques et qui n\u2019avait pas vraiment la possibilit\u00e9 de se voir de dos. Gr\u00e2ce aux images, elle a pu se d\u00e9couvrir de dos pour la premi\u00e8re fois depuis un certain temps et elle a vraiment \u00e9t\u00e9 touch\u00e9. C\u2019\u00e9tait fort pour moi d\u2019avoir pu participer \u00e0 cela \u00e0 travers les images<\/em> \u00bb nous confie l\u2019artiste. M\u00eame en dehors de ces s\u00e9ances de self love et d\u2019acceptation de soi, la photographie lui donne l\u2019impression de se sentir utile, \u00ab&nbsp;<em>on immortalise des moments pr\u00e9cieux, des \u00e9motions vol\u00e9es. Les gens nous remercient. Une fois, une personne m\u2019a dit que lorsqu\u2019elle avait fait la s\u00e9ance, elle ne se sentait pas au top et que ce moment l\u2019a aid\u00e9e \u00e0 garder le cap. \u00c7a m\u2019a vraiment fait plaisir<\/em> \u00bb dit-elle en souriant.<\/p>\n\n\n\n<p>Pour autant, elle ne pr\u00e9f\u00e8re pas se pr\u00e9tendre photographe body positive parce qu\u2019elle fait toujours un travail de retouche apr\u00e8s les prises&nbsp;: \u00ab&nbsp;<em>M\u00eame si je n\u2019enl\u00e8verai jamais quelque chose qui est l\u00e0 de mani\u00e8re permanente, comme un grain de beaut\u00e9 ou des vergetures, je m\u2019occupe de retaper les peaux, de faire un travail de clean parce que pour moi \u00e7a fait partie de mon travail artistique. Je remod\u00e9lise les corps que je vois parce que je les stylise dans mon art. La retouche ce n\u2019est pas grossir les seins mais c\u2019est le travail obligatoire du traitement de l\u2019image parce que lorsque la photographie sort du boitier, c\u2019est un format qui n\u2019est lisible qu\u2019en passant par un logiciel pro. Il faut forc\u00e9ment passer par la case colorim\u00e9trie, ton, pour qu\u2019elle ressemble \u00e0 une \u0153uvre. En fait, la photo, quand elle sort de l\u2019appareil, c\u2019est comme une toile blanche pour un peintre et nous, les photographes, on fait un travail de retouche derri\u00e8re pour pouvoir dire apr\u00e8s que c\u2019est notre \u0153uvre et qu\u2019elle est finie<\/em> \u00bb.<\/p>\n\n\n\n<p>C\u2019est \u00e9galement une grande responsabilit\u00e9 d\u2019exercer ce m\u00e9tier, \u00ab&nbsp;<em>en tant que photographe, on est acteur de la visibilit\u00e9 et des repr\u00e9sentations.<\/em> \u00bb Florine souhaite se d\u00e9marquer de ce que l\u2019on voit habituellement pour repr\u00e9senter des personnes peu visibilis\u00e9es, qui ne rentrent pas dans les codes de beaut\u00e9 classiques. Selon elle, \u00ab&nbsp;<em>c\u2019est aller contre l\u2019h\u00e9g\u00e9monie et l\u2019homog\u00e9n\u00e9it\u00e9 des repr\u00e9sentations des beaut\u00e9s. C\u2019est participer au paysage de l\u2019image et apporter quelque chose d\u2019un peu diff\u00e9rent<\/em> \u00bb. Elle tient \u00e0 dire qu\u2019elle ne pr\u00e9tend pas faire mieux que ses coll\u00e8gues, mais \u00e0 sa mani\u00e8re.<\/p>\n\n\n\n<h2 class=\"wp-block-heading\">Un univers aux tons froids mais qui n\u2019est pas d\u00e9nu\u00e9 de chaleur<\/h2>\n\n\n\n<p>Inspir\u00e9e par les travaux de Tim Walker (photographe de mode anglais), elle \u00e9pluche aussi de nombreux magazines comme Normal magazine, Fisheye, Polka et Vogue. Sur les r\u00e9seaux sociaux, elle tente \u00e9galement de d\u00e9nicher de nouveaux talents et suit des r\u00e9f\u00e9rences en termes de business (des photographes qui ont r\u00e9ussi \u00e0 se faire un nom en ville). Bien qu\u2019elle s\u2019inspire beaucoup d\u2019Instagram, elle tente de s\u2019en \u00e9loigner un peu.<\/p>\n\n\n\n<p>Lorsqu\u2019elle cr\u00e9\u00e9e des th\u00e9matiques, elle s\u2019inspire des saisons, <em>\u00ab \u00e7a permet \u00e0 chaque saison de proposer des choses nouvelles. L\u00e0, en l\u2019occurrence, c\u2019\u00e9tait l\u2019hiver. On avait donc des p\u00e9riodes de givre \u00e0 Lyon et \u00e7a rendait le paysage compl\u00e8tement blanc, glacial. Comme je travaille des colorim\u00e9tries tr\u00e8s froides, c\u2019\u00e9tait naturel que j\u2019aille vers \u00e7a. L\u2019id\u00e9e \u00e9tait en accord avec la ligne \u00e9ditoriale&nbsp;; je suis donc all\u00e9e chercher des personnes aux cheveux tr\u00e8s clairs pour trouver cette id\u00e9e de beaut\u00e9 froide, atypique. C\u2019est aussi aller avec les tendances, par exemple les sourcils d\u00e9color\u00e9s<\/em> \u00bb. Son travail consiste donc \u00e0 reprendre les codes et les tendances actuelles, \u00e0 se les r\u00e9approprier et proposer des th\u00e9matiques autour qui conviennent.<\/p>\n\n\n\n<div class=\"wp-block-image\"><figure class=\"aligncenter size-full is-resized\"><img loading=\"lazy\" decoding=\"async\" src=\"https:\/\/lyonbondyblog.fr\/LBB\/wp-content\/uploads\/2022\/02\/photo-florine-modele-.jpg\" alt=\"\" class=\"wp-image-27244\" width=\"343\" height=\"514\"\/><figcaption>Photographie th\u00e9matique de l&rsquo;hiver 2022. <\/figcaption><\/figure><\/div>\n\n\n\n<h2 class=\"wp-block-heading\">Et c\u2019est quoi le quotidien d\u2019une photographe&nbsp;?<\/h2>\n\n\n\n<p>Elle s\u2019organise \u00e0 la semaine, \u00ab&nbsp;<em>je fais pas mal de postes calcul\u00e9s \u00e0 l\u2019avance que je publie \u00e0 des moments strat\u00e9giques \u00bb. <\/em>En ce moment c\u2019est la Saint-Valentin, les photographes lifestyle remettent donc en avant des offres sp\u00e9ciales, \u00ab&nbsp;<em>on va faire des remises sur les s\u00e9ances de couple pour l\u2019occasion<\/em> \u00bb. Dans son travail au quotidien, elle essaye pourtant de se d\u00e9tacher des r\u00e9seaux sociaux, \u00ab&nbsp;<em>Aujourd\u2019hui, j\u2019essaye de moins d\u00e9pendre d\u2019Instagram (m\u00eame si j\u2019ai deux comptes professionnels dessus un tourn\u00e9 vers la <a href=\"https:\/\/www.instagram.com\/flovlphoto\/\">culture alternative<\/a> et <a href=\"https:\/\/www.instagram.com\/florineviallephotographe\/\">l&rsquo;autre plus lifestyle<\/a>), j\u2019ai cr\u00e9\u00e9 mon <a href=\"https:\/\/www.florinevialle.com\/\">propre site web<\/a> et je pr\u00e9f\u00e8re fonctionner plus par bouche \u00e0 oreille parce que c\u2019est ce qui fonctionne le mieux. L\u2019algorithme d\u2019Instagram est d\u00e9j\u00e0 biais\u00e9 et nous fait confondre la fame (la notori\u00e9t\u00e9) et la qualit\u00e9<\/em> \u00bb. Instagram pour elle c\u2019est un lieu o\u00f9 trouver de la client\u00e8le, ce n\u2019est pas une course au like.<\/p>\n\n\n\n<p>Faire de la photographie, c\u2019est beaucoup travailler sur l\u2019ordinateur, contacter des personnes, faire de la retouche, faire de la compta et de la logistique, \u00ab&nbsp;<em>faire de la photo proprement dite, ce n\u2019est parfois que 20 % de mon travail <\/em>\u00bb. Pour elle, l\u2019essentiel n\u2019est pas d\u2019\u00eatre un as du mat\u00e9riel, de la technique, ce qui est important c\u2019est d\u2019avoir une grande sensibilit\u00e9 artistique, \u00ab&nbsp;<em>trouver une niche qui fonctionne pour toi o\u00f9 tu peux d\u00e9velopper ta cr\u00e9ativit\u00e9<\/em> \u00bb. La photographe s\u2019est form\u00e9e sur le tas apr\u00e8s une licence d\u2019arts du spectacle tr\u00e8s th\u00e9orique et fortement ax\u00e9e sur le cin\u00e9ma. Au d\u00e9but, tout n\u2019a pas \u00e9t\u00e9 facile, \u00ab&nbsp;<em>depuis que j\u2019ai un espace priv\u00e9 on m\u2019a dit que je m\u2019\u00e9tais am\u00e9lior\u00e9e mais c\u2019est juste j\u2019en ai d\u00e9sormais les moyens. Avant, j\u2019\u00e9tais d\u00e9j\u00e0 capable de faire ce que je fais mais ce n\u2019\u00e9tait pas r\u00e9alisable dans un 9m<sup>2<\/sup><\/em> \u00bb. Si la photographie demande effectivement d\u2019avoir des moyens, elle tient \u00e0 dire que ce n\u2019est pas inaccessible et qu\u2019on peut en vivre. La jeune femme a fait le choix d\u2019avoir un emploi \u00e0 mi-temps \u00e0 cot\u00e9 pour avoir une rentr\u00e9e d\u2019argent r\u00e9guli\u00e8re tous les mois&nbsp;: \u00ab&nbsp;<em>Cela me permet d\u2019\u00eatre plus sereine, de faire mon petit nid et de voir si c\u2019est quelque chose de viable pour moi sur le long terme<\/em> \u00bb. Et aussi parce que prendre soin des autres, c\u2019est d\u2019abord prendre soin de soi, l\u2019artiste a opt\u00e9 pour ce choix de vie plus lent, <em>\u00ab&nbsp;la slow life<\/em> \u00bb.<\/p>\n<!-- AddThis Advanced Settings generic via filter on the_content --><!-- AddThis Share Buttons generic via filter on the_content -->","protected":false},"excerpt":{"rendered":"<p>\u00c0 22 ans, Florine est une jeune photographe lyonnaise qui \u00e9volue dans un univers aux tons froids. Elle s\u2019inspire de la sph\u00e8re alternative, d\u2019univers un &hellip; <!-- AddThis Advanced Settings generic via filter on wp_trim_excerpt --><!-- AddThis Share Buttons generic via filter on wp_trim_excerpt --><\/p>\n","protected":false},"author":1,"featured_media":27242,"comment_status":"open","ping_status":"open","sticky":true,"template":"","format":"standard","meta":{"_FSMCFIC_featured_image_caption":"","_FSMCFIC_featured_image_nocaption":"","_FSMCFIC_featured_image_hide":"","footnotes":""},"categories":[3],"tags":[],"class_list":["post-27241","post","type-post","status-publish","format-standard","has-post-thumbnail","hentry","category-culture"],"yoast_head":"<!-- This site is optimized with the Yoast SEO plugin v22.8 - https:\/\/yoast.com\/wordpress\/plugins\/seo\/ -->\n<title>Florine Vialle, jeune photographe professionnelle, souhaite casser un peu les repr\u00e9sentations classiques - Lyon Bondy Blog<\/title>\n<meta name=\"description\" content=\"\u00c0 22 ans, Florine est une jeune photographe lyonnaise qui \u00e9volue dans un univers aux tons froids. Elle s\u2019inspire de la sph\u00e8re alternative, d\u2019univers un peu dark en \u00e9tant aussi inclusive et humaine que possible.\" \/>\n<meta name=\"robots\" content=\"index, follow, max-snippet:-1, max-image-preview:large, max-video-preview:-1\" \/>\n<link rel=\"canonical\" href=\"https:\/\/lyonbondyblog.fr\/LBB\/florine-vialle-jeune-photographe-professionnelle-souhaite-casser-un-peu-les-representations-classiques\/\" \/>\n<meta property=\"og:locale\" content=\"fr_FR\" \/>\n<meta property=\"og:type\" content=\"article\" \/>\n<meta property=\"og:title\" content=\"Florine Vialle, jeune photographe professionnelle, souhaite casser un peu les repr\u00e9sentations classiques - Lyon Bondy Blog\" \/>\n<meta property=\"og:description\" content=\"\u00c0 22 ans, Florine est une jeune photographe lyonnaise qui \u00e9volue dans un univers aux tons froids. Elle s\u2019inspire de la sph\u00e8re alternative, d\u2019univers un peu dark en \u00e9tant aussi inclusive et humaine que possible.\" \/>\n<meta property=\"og:url\" content=\"https:\/\/lyonbondyblog.fr\/LBB\/florine-vialle-jeune-photographe-professionnelle-souhaite-casser-un-peu-les-representations-classiques\/\" \/>\n<meta property=\"og:site_name\" content=\"Lyon Bondy Blog\" \/>\n<meta property=\"article:publisher\" content=\"https:\/\/www.facebook.com\/lyonbondyblog\" \/>\n<meta property=\"article:author\" content=\"https:\/\/www.facebook.com\/lyonbondyblog\" \/>\n<meta property=\"article:published_time\" content=\"2022-02-11T16:00:00+00:00\" \/>\n<meta property=\"article:modified_time\" content=\"2022-02-28T10:36:59+00:00\" \/>\n<meta property=\"og:image\" content=\"https:\/\/lyonbondyblog.fr\/LBB\/wp-content\/uploads\/2022\/02\/florine-photo--scaled.jpg\" \/>\n\t<meta property=\"og:image:width\" content=\"2560\" \/>\n\t<meta property=\"og:image:height\" content=\"1707\" \/>\n\t<meta property=\"og:image:type\" content=\"image\/jpeg\" \/>\n<meta name=\"author\" content=\"La r\u00e9daction\" \/>\n<meta name=\"twitter:card\" content=\"summary_large_image\" \/>\n<meta name=\"twitter:creator\" content=\"@BondyBlogLyon\" \/>\n<meta name=\"twitter:site\" content=\"@bondybloglyon\" \/>\n<script type=\"application\/ld+json\" class=\"yoast-schema-graph\">{\"@context\":\"https:\/\/schema.org\",\"@graph\":[{\"@type\":\"Article\",\"@id\":\"https:\/\/lyonbondyblog.fr\/LBB\/florine-vialle-jeune-photographe-professionnelle-souhaite-casser-un-peu-les-representations-classiques\/#article\",\"isPartOf\":{\"@id\":\"https:\/\/lyonbondyblog.fr\/LBB\/florine-vialle-jeune-photographe-professionnelle-souhaite-casser-un-peu-les-representations-classiques\/\"},\"author\":{\"name\":\"La r\u00e9daction\",\"@id\":\"https:\/\/lyonbondyblog.fr\/LBB\/#\/schema\/person\/e45f8d27baac75072daa0be50c409b25\"},\"headline\":\"Florine Vialle, jeune photographe professionnelle, souhaite casser un peu les repr\u00e9sentations classiques\",\"datePublished\":\"2022-02-11T16:00:00+00:00\",\"dateModified\":\"2022-02-28T10:36:59+00:00\",\"mainEntityOfPage\":{\"@id\":\"https:\/\/lyonbondyblog.fr\/LBB\/florine-vialle-jeune-photographe-professionnelle-souhaite-casser-un-peu-les-representations-classiques\/\"},\"wordCount\":1283,\"commentCount\":0,\"publisher\":{\"@id\":\"https:\/\/lyonbondyblog.fr\/LBB\/#organization\"},\"image\":{\"@id\":\"https:\/\/lyonbondyblog.fr\/LBB\/florine-vialle-jeune-photographe-professionnelle-souhaite-casser-un-peu-les-representations-classiques\/#primaryimage\"},\"thumbnailUrl\":\"https:\/\/lyonbondyblog.fr\/LBB\/wp-content\/uploads\/2022\/02\/florine-photo--scaled.jpg\",\"articleSection\":[\"Culture\"],\"inLanguage\":\"fr-FR\",\"potentialAction\":[{\"@type\":\"CommentAction\",\"name\":\"Comment\",\"target\":[\"https:\/\/lyonbondyblog.fr\/LBB\/florine-vialle-jeune-photographe-professionnelle-souhaite-casser-un-peu-les-representations-classiques\/#respond\"]}]},{\"@type\":\"WebPage\",\"@id\":\"https:\/\/lyonbondyblog.fr\/LBB\/florine-vialle-jeune-photographe-professionnelle-souhaite-casser-un-peu-les-representations-classiques\/\",\"url\":\"https:\/\/lyonbondyblog.fr\/LBB\/florine-vialle-jeune-photographe-professionnelle-souhaite-casser-un-peu-les-representations-classiques\/\",\"name\":\"Florine Vialle, jeune photographe professionnelle, souhaite casser un peu les repr\u00e9sentations classiques - Lyon Bondy Blog\",\"isPartOf\":{\"@id\":\"https:\/\/lyonbondyblog.fr\/LBB\/#website\"},\"primaryImageOfPage\":{\"@id\":\"https:\/\/lyonbondyblog.fr\/LBB\/florine-vialle-jeune-photographe-professionnelle-souhaite-casser-un-peu-les-representations-classiques\/#primaryimage\"},\"image\":{\"@id\":\"https:\/\/lyonbondyblog.fr\/LBB\/florine-vialle-jeune-photographe-professionnelle-souhaite-casser-un-peu-les-representations-classiques\/#primaryimage\"},\"thumbnailUrl\":\"https:\/\/lyonbondyblog.fr\/LBB\/wp-content\/uploads\/2022\/02\/florine-photo--scaled.jpg\",\"datePublished\":\"2022-02-11T16:00:00+00:00\",\"dateModified\":\"2022-02-28T10:36:59+00:00\",\"description\":\"\u00c0 22 ans, Florine est une jeune photographe lyonnaise qui \u00e9volue dans un univers aux tons froids. Elle s\u2019inspire de la sph\u00e8re alternative, d\u2019univers un peu dark en \u00e9tant aussi inclusive et humaine que possible.\",\"inLanguage\":\"fr-FR\",\"potentialAction\":[{\"@type\":\"ReadAction\",\"target\":[\"https:\/\/lyonbondyblog.fr\/LBB\/florine-vialle-jeune-photographe-professionnelle-souhaite-casser-un-peu-les-representations-classiques\/\"]}]},{\"@type\":\"ImageObject\",\"inLanguage\":\"fr-FR\",\"@id\":\"https:\/\/lyonbondyblog.fr\/LBB\/florine-vialle-jeune-photographe-professionnelle-souhaite-casser-un-peu-les-representations-classiques\/#primaryimage\",\"url\":\"https:\/\/lyonbondyblog.fr\/LBB\/wp-content\/uploads\/2022\/02\/florine-photo--scaled.jpg\",\"contentUrl\":\"https:\/\/lyonbondyblog.fr\/LBB\/wp-content\/uploads\/2022\/02\/florine-photo--scaled.jpg\",\"width\":2560,\"height\":1707},{\"@type\":\"WebSite\",\"@id\":\"https:\/\/lyonbondyblog.fr\/LBB\/#website\",\"url\":\"https:\/\/lyonbondyblog.fr\/LBB\/\",\"name\":\"Lyon Bondy Blog\",\"description\":\"\",\"publisher\":{\"@id\":\"https:\/\/lyonbondyblog.fr\/LBB\/#organization\"},\"potentialAction\":[{\"@type\":\"SearchAction\",\"target\":{\"@type\":\"EntryPoint\",\"urlTemplate\":\"https:\/\/lyonbondyblog.fr\/LBB\/?s={search_term_string}\"},\"query-input\":\"required name=search_term_string\"}],\"inLanguage\":\"fr-FR\"},{\"@type\":\"Organization\",\"@id\":\"https:\/\/lyonbondyblog.fr\/LBB\/#organization\",\"name\":\"LYON BONDY BLOG\",\"url\":\"https:\/\/lyonbondyblog.fr\/LBB\/\",\"logo\":{\"@type\":\"ImageObject\",\"inLanguage\":\"fr-FR\",\"@id\":\"https:\/\/lyonbondyblog.fr\/LBB\/#\/schema\/logo\/image\/\",\"url\":\"http:\/\/lyonbondyblog.fr\/LBB\/wp-content\/uploads\/2014\/10\/logo-portable-144.png\",\"contentUrl\":\"http:\/\/lyonbondyblog.fr\/LBB\/wp-content\/uploads\/2014\/10\/logo-portable-144.png\",\"width\":144,\"height\":123,\"caption\":\"LYON BONDY BLOG\"},\"image\":{\"@id\":\"https:\/\/lyonbondyblog.fr\/LBB\/#\/schema\/logo\/image\/\"},\"sameAs\":[\"https:\/\/www.facebook.com\/lyonbondyblog\",\"https:\/\/x.com\/bondybloglyon\"]},{\"@type\":\"Person\",\"@id\":\"https:\/\/lyonbondyblog.fr\/LBB\/#\/schema\/person\/e45f8d27baac75072daa0be50c409b25\",\"name\":\"La r\u00e9daction\",\"description\":\"Cr\u00e9e en 2008, la r\u00e9daction du Lyon Bondy Blog s'applique \u00e0 proposer une information locale diff\u00e9rente et compl\u00e9mentaire des m\u00e9dias traditionnels.\",\"sameAs\":[\"https:\/\/www.facebook.com\/lyonbondyblog\",\"https:\/\/x.com\/BondyBlogLyon\"],\"url\":\"https:\/\/lyonbondyblog.fr\/LBB\/author\/admin\/\"}]}<\/script>\n<!-- \/ Yoast SEO plugin. -->","yoast_head_json":{"title":"Florine Vialle, jeune photographe professionnelle, souhaite casser un peu les repr\u00e9sentations classiques - Lyon Bondy Blog","description":"\u00c0 22 ans, Florine est une jeune photographe lyonnaise qui \u00e9volue dans un univers aux tons froids. Elle s\u2019inspire de la sph\u00e8re alternative, d\u2019univers un peu dark en \u00e9tant aussi inclusive et humaine que possible.","robots":{"index":"index","follow":"follow","max-snippet":"max-snippet:-1","max-image-preview":"max-image-preview:large","max-video-preview":"max-video-preview:-1"},"canonical":"https:\/\/lyonbondyblog.fr\/LBB\/florine-vialle-jeune-photographe-professionnelle-souhaite-casser-un-peu-les-representations-classiques\/","og_locale":"fr_FR","og_type":"article","og_title":"Florine Vialle, jeune photographe professionnelle, souhaite casser un peu les repr\u00e9sentations classiques - Lyon Bondy Blog","og_description":"\u00c0 22 ans, Florine est une jeune photographe lyonnaise qui \u00e9volue dans un univers aux tons froids. Elle s\u2019inspire de la sph\u00e8re alternative, d\u2019univers un peu dark en \u00e9tant aussi inclusive et humaine que possible.","og_url":"https:\/\/lyonbondyblog.fr\/LBB\/florine-vialle-jeune-photographe-professionnelle-souhaite-casser-un-peu-les-representations-classiques\/","og_site_name":"Lyon Bondy Blog","article_publisher":"https:\/\/www.facebook.com\/lyonbondyblog","article_author":"https:\/\/www.facebook.com\/lyonbondyblog","article_published_time":"2022-02-11T16:00:00+00:00","article_modified_time":"2022-02-28T10:36:59+00:00","og_image":[{"width":2560,"height":1707,"url":"https:\/\/lyonbondyblog.fr\/LBB\/wp-content\/uploads\/2022\/02\/florine-photo--scaled.jpg","type":"image\/jpeg"}],"author":"La r\u00e9daction","twitter_card":"summary_large_image","twitter_creator":"@BondyBlogLyon","twitter_site":"@bondybloglyon","schema":{"@context":"https:\/\/schema.org","@graph":[{"@type":"Article","@id":"https:\/\/lyonbondyblog.fr\/LBB\/florine-vialle-jeune-photographe-professionnelle-souhaite-casser-un-peu-les-representations-classiques\/#article","isPartOf":{"@id":"https:\/\/lyonbondyblog.fr\/LBB\/florine-vialle-jeune-photographe-professionnelle-souhaite-casser-un-peu-les-representations-classiques\/"},"author":{"name":"La r\u00e9daction","@id":"https:\/\/lyonbondyblog.fr\/LBB\/#\/schema\/person\/e45f8d27baac75072daa0be50c409b25"},"headline":"Florine Vialle, jeune photographe professionnelle, souhaite casser un peu les repr\u00e9sentations classiques","datePublished":"2022-02-11T16:00:00+00:00","dateModified":"2022-02-28T10:36:59+00:00","mainEntityOfPage":{"@id":"https:\/\/lyonbondyblog.fr\/LBB\/florine-vialle-jeune-photographe-professionnelle-souhaite-casser-un-peu-les-representations-classiques\/"},"wordCount":1283,"commentCount":0,"publisher":{"@id":"https:\/\/lyonbondyblog.fr\/LBB\/#organization"},"image":{"@id":"https:\/\/lyonbondyblog.fr\/LBB\/florine-vialle-jeune-photographe-professionnelle-souhaite-casser-un-peu-les-representations-classiques\/#primaryimage"},"thumbnailUrl":"https:\/\/lyonbondyblog.fr\/LBB\/wp-content\/uploads\/2022\/02\/florine-photo--scaled.jpg","articleSection":["Culture"],"inLanguage":"fr-FR","potentialAction":[{"@type":"CommentAction","name":"Comment","target":["https:\/\/lyonbondyblog.fr\/LBB\/florine-vialle-jeune-photographe-professionnelle-souhaite-casser-un-peu-les-representations-classiques\/#respond"]}]},{"@type":"WebPage","@id":"https:\/\/lyonbondyblog.fr\/LBB\/florine-vialle-jeune-photographe-professionnelle-souhaite-casser-un-peu-les-representations-classiques\/","url":"https:\/\/lyonbondyblog.fr\/LBB\/florine-vialle-jeune-photographe-professionnelle-souhaite-casser-un-peu-les-representations-classiques\/","name":"Florine Vialle, jeune photographe professionnelle, souhaite casser un peu les repr\u00e9sentations classiques - Lyon Bondy Blog","isPartOf":{"@id":"https:\/\/lyonbondyblog.fr\/LBB\/#website"},"primaryImageOfPage":{"@id":"https:\/\/lyonbondyblog.fr\/LBB\/florine-vialle-jeune-photographe-professionnelle-souhaite-casser-un-peu-les-representations-classiques\/#primaryimage"},"image":{"@id":"https:\/\/lyonbondyblog.fr\/LBB\/florine-vialle-jeune-photographe-professionnelle-souhaite-casser-un-peu-les-representations-classiques\/#primaryimage"},"thumbnailUrl":"https:\/\/lyonbondyblog.fr\/LBB\/wp-content\/uploads\/2022\/02\/florine-photo--scaled.jpg","datePublished":"2022-02-11T16:00:00+00:00","dateModified":"2022-02-28T10:36:59+00:00","description":"\u00c0 22 ans, Florine est une jeune photographe lyonnaise qui \u00e9volue dans un univers aux tons froids. Elle s\u2019inspire de la sph\u00e8re alternative, d\u2019univers un peu dark en \u00e9tant aussi inclusive et humaine que possible.","inLanguage":"fr-FR","potentialAction":[{"@type":"ReadAction","target":["https:\/\/lyonbondyblog.fr\/LBB\/florine-vialle-jeune-photographe-professionnelle-souhaite-casser-un-peu-les-representations-classiques\/"]}]},{"@type":"ImageObject","inLanguage":"fr-FR","@id":"https:\/\/lyonbondyblog.fr\/LBB\/florine-vialle-jeune-photographe-professionnelle-souhaite-casser-un-peu-les-representations-classiques\/#primaryimage","url":"https:\/\/lyonbondyblog.fr\/LBB\/wp-content\/uploads\/2022\/02\/florine-photo--scaled.jpg","contentUrl":"https:\/\/lyonbondyblog.fr\/LBB\/wp-content\/uploads\/2022\/02\/florine-photo--scaled.jpg","width":2560,"height":1707},{"@type":"WebSite","@id":"https:\/\/lyonbondyblog.fr\/LBB\/#website","url":"https:\/\/lyonbondyblog.fr\/LBB\/","name":"Lyon Bondy Blog","description":"","publisher":{"@id":"https:\/\/lyonbondyblog.fr\/LBB\/#organization"},"potentialAction":[{"@type":"SearchAction","target":{"@type":"EntryPoint","urlTemplate":"https:\/\/lyonbondyblog.fr\/LBB\/?s={search_term_string}"},"query-input":"required name=search_term_string"}],"inLanguage":"fr-FR"},{"@type":"Organization","@id":"https:\/\/lyonbondyblog.fr\/LBB\/#organization","name":"LYON BONDY BLOG","url":"https:\/\/lyonbondyblog.fr\/LBB\/","logo":{"@type":"ImageObject","inLanguage":"fr-FR","@id":"https:\/\/lyonbondyblog.fr\/LBB\/#\/schema\/logo\/image\/","url":"http:\/\/lyonbondyblog.fr\/LBB\/wp-content\/uploads\/2014\/10\/logo-portable-144.png","contentUrl":"http:\/\/lyonbondyblog.fr\/LBB\/wp-content\/uploads\/2014\/10\/logo-portable-144.png","width":144,"height":123,"caption":"LYON BONDY BLOG"},"image":{"@id":"https:\/\/lyonbondyblog.fr\/LBB\/#\/schema\/logo\/image\/"},"sameAs":["https:\/\/www.facebook.com\/lyonbondyblog","https:\/\/x.com\/bondybloglyon"]},{"@type":"Person","@id":"https:\/\/lyonbondyblog.fr\/LBB\/#\/schema\/person\/e45f8d27baac75072daa0be50c409b25","name":"La r\u00e9daction","description":"Cr\u00e9e en 2008, la r\u00e9daction du Lyon Bondy Blog s'applique \u00e0 proposer une information locale diff\u00e9rente et compl\u00e9mentaire des m\u00e9dias traditionnels.","sameAs":["https:\/\/www.facebook.com\/lyonbondyblog","https:\/\/x.com\/BondyBlogLyon"],"url":"https:\/\/lyonbondyblog.fr\/LBB\/author\/admin\/"}]}},"_links":{"self":[{"href":"https:\/\/lyonbondyblog.fr\/LBB\/wp-json\/wp\/v2\/posts\/27241","targetHints":{"allow":["GET"]}}],"collection":[{"href":"https:\/\/lyonbondyblog.fr\/LBB\/wp-json\/wp\/v2\/posts"}],"about":[{"href":"https:\/\/lyonbondyblog.fr\/LBB\/wp-json\/wp\/v2\/types\/post"}],"author":[{"embeddable":true,"href":"https:\/\/lyonbondyblog.fr\/LBB\/wp-json\/wp\/v2\/users\/1"}],"replies":[{"embeddable":true,"href":"https:\/\/lyonbondyblog.fr\/LBB\/wp-json\/wp\/v2\/comments?post=27241"}],"version-history":[{"count":4,"href":"https:\/\/lyonbondyblog.fr\/LBB\/wp-json\/wp\/v2\/posts\/27241\/revisions"}],"predecessor-version":[{"id":27464,"href":"https:\/\/lyonbondyblog.fr\/LBB\/wp-json\/wp\/v2\/posts\/27241\/revisions\/27464"}],"wp:featuredmedia":[{"embeddable":true,"href":"https:\/\/lyonbondyblog.fr\/LBB\/wp-json\/wp\/v2\/media\/27242"}],"wp:attachment":[{"href":"https:\/\/lyonbondyblog.fr\/LBB\/wp-json\/wp\/v2\/media?parent=27241"}],"wp:term":[{"taxonomy":"category","embeddable":true,"href":"https:\/\/lyonbondyblog.fr\/LBB\/wp-json\/wp\/v2\/categories?post=27241"},{"taxonomy":"post_tag","embeddable":true,"href":"https:\/\/lyonbondyblog.fr\/LBB\/wp-json\/wp\/v2\/tags?post=27241"}],"curies":[{"name":"wp","href":"https:\/\/api.w.org\/{rel}","templated":true}]}}