{"id":27232,"date":"2022-02-10T17:45:04","date_gmt":"2022-02-10T16:45:04","guid":{"rendered":"http:\/\/lyonbondyblog.fr\/LBB\/?p=27232"},"modified":"2022-02-21T10:13:42","modified_gmt":"2022-02-21T09:13:42","slug":"initiative-citoyenne-squat-pour-mineurs-isoles-a-la-croix-rousse","status":"publish","type":"post","link":"https:\/\/lyonbondyblog.fr\/LBB\/initiative-citoyenne-squat-pour-mineurs-isoles-a-la-croix-rousse\/","title":{"rendered":"Initiative citoyenne, squat pour mineurs isol\u00e9s \u00e0 la Croix-Rousse"},"content":{"rendered":"\n<h2 class=\"wp-block-heading\">\u00c0 la Croix-Rousse, un squat a ouvert en mai 2021 pour venir en aide aux mineurs isol\u00e9s expuls\u00e9s du coll\u00e8ge Maurice S\u00e8ve. Ce squat, b\u00e2timent v\u00e9tuste regroupant initialement quatre appartements de quatre chambres, peut accueillir 37 personnes. Pourtant, ils sont aujourd\u2019hui 50 \u00e0 occuper les lieux par manque de moyens.<\/h2>\n\n\n\n<p>Ce squat, destin\u00e9 aux jeunes gar\u00e7ons immigr\u00e9s, a \u00e9t\u00e9 ouvert pour les h\u00e9berger le temps qu\u2019ils soient jug\u00e9s et reconnus comme mineurs isol\u00e9s. Ils arrivent ici apr\u00e8s s\u2019\u00eatre vu refuser leur statut de mineur par le Forum R\u00e9fugi\u00e9s. En attendant leur jugement, ils sont dans un vide juridique qui ne leur donne droit \u00e0 aucune prise en charge. La m\u00e9tropole ne consid\u00e8re pas que leur situation est de son ressort puisqu\u2019ils ne sont pas encore reconnus comme mineurs et les institutions attendent le jugement pour les prendre en charge. Lisa, voisine et b\u00e9n\u00e9vole pr\u00e9sente le parcours de la plupart de ces jeunes&nbsp;: \u00ab&nbsp;<em>Ils arrivent souvent d\u2019Italie ou d\u2019Espagne et se pr\u00e9sentent au Forum R\u00e9fugi\u00e9s qui est cens\u00e9 leur faire passer une \u00e9valuation permettant de savoir s\u2019ils sont mineurs. S\u2019ils se voient refuser le statut de mineur, ils peuvent faire un recours et passer devant le juge des enfants. La plupart du temps, celui-ci reconnait leur minorit\u00e9. Mais en attendant ce jugement, ils ne sont pas pris en charge, ils sont \u00e0 la rue et ils ne parlent pas toujours la langue.<\/em> \u00bb Ce statut, o\u00f9 ils ne sont ni reconnus comme mineurs ni reconnus comme majeurs, ne leur donne pas acc\u00e8s \u00e0 une couverture sant\u00e9 ou \u00e0 la scolarisation. L\u2019association AMIE se charge de leur venir en aide pour le cot\u00e9 administratif, \u00ab&nbsp;<em>ils font venir leurs papiers de leur pays d\u2019origine, ils leur trouvent un avocat pour le jugement <\/em>\u00bb. Cette proc\u00e9dure peut aller de quatre \u00e0 six mois, \u00ab&nbsp;<em>c\u2019est souvent le temps de regrouper les papiers<\/em> \u00bb explique la jeune femme. Le squat, qui s\u2019est cr\u00e9\u00e9 \u00e0 l\u2019initiative de citoyens, a pour but de les h\u00e9berger durant cette p\u00e9riode.<\/p>\n\n\n\n<h2 class=\"wp-block-heading\">\u00ab&nbsp;<em>Le but, ce n\u2019est pas qu\u2019ils restent ici mais plut\u00f4t qu\u2019ils soient r\u00e9ellement pris en charge <\/em>\u00bb<\/h2>\n\n\n\n<p>Cette histoire remonte au coll\u00e8ge Maurice S\u00e8ve. L\u2019\u00e9tablissement \u00e9tait occup\u00e9 l\u00e9galement par 350 migrants au moment de la crise sanitaire mais ils ont fini par \u00eatre expuls\u00e9s. Des campements ont alors commenc\u00e9 \u00e0 se former et, quelques temps apr\u00e8s, le squat s\u2019est ouvert. Les propri\u00e9taires, des bailleurs sociaux, souhaitaient d\u00e9truire le b\u00e2timent pour en faire des logements sociaux. Les locaux \u00e9taient cependant d\u00e9j\u00e0 occup\u00e9s et un proc\u00e8s a eu lieu en novembre \u00e0 l\u2019issue duquel les mineurs se sont vus accorder le droit de rester pendant un peu plus d\u2019un an. Lisa rappelle que \u00ab&nbsp;<em>le but, ce n\u2019est pas qu\u2019ils restent ici mais plut\u00f4t qu\u2019ils soient r\u00e9ellement pris en charge <\/em>\u00bb. Le squat peut accueillir 37 personnes, \u00ab&nbsp;<em>avant, on avait mis des tentes dans la mont\u00e9e de la Grande-C\u00f4te et quand une place se lib\u00e9rait, ils venaient ici. Ceux qui partaient, c\u2019\u00e9tait souvent parce qu\u2019une autre place se lib\u00e9rait dans les locaux de la Part-Dieu pr\u00eat\u00e9s par la mairie centrale qui b\u00e9n\u00e9ficient de conditions plus confortables (ici on n\u2019a pas eu l\u2019\u00e9lectricit\u00e9 jusqu\u2019au 23 d\u00e9cembre)<\/em> \u00bb pr\u00e9cise-t-elle. \u00ab&nbsp;<em>Il en restait encore dehors mais on a bourr\u00e9 un peu ici et aujourd\u2019hui on loge 50 jeunes (certains sont six dans une chambre).<\/em> \u00bb Pour autant, ce n\u2019est pas un puit sans fond, au fur et \u00e0 mesure le nombre d\u2019occupants s\u2019\u00e9quilibre, certains arrivent \u00e0 \u00eatre plac\u00e9s, ils sont entre 120 et 150. Ceux qui n\u2019ont pas de place pour dormir vont le soir \u00e0 la Marmite (salle de la municipalit\u00e9 de la mairie de Lyon 1).<\/p>\n\n\n\n<p>Le squat est tenu essentiellement par des initiatives citoyennes. \u00ab\u00a0<em>Il y a notamment l\u2019association CUM (coordination urgence migrants) qui s\u2019occupe du proc\u00e8s, qui g\u00e8re la cagnotte.<\/em> \u00bb Les mineurs ne sont pas livr\u00e9s \u00e0 eux-m\u00eames, \u00ab\u00a0<em>en tout, on est une trentaine de personnes<\/em> \u00bb. Il y a toujours quelques adultes en pr\u00e9sentiel et aussi d\u2019autres personnes qui viennent plus ponctuellement, pour des travaux par exemple. Certains s\u2019occupent uniquement du cot\u00e9 administratif. \u00ab\u00a0<em>Il y a ceux qui g\u00e8rent la vie quotidienne (faire des courses, aider pour les lessives), d\u2019autres la logistique ou encore la mobilisation m\u00e9diatique et militante pour essayer de faire bouger les institutions<\/em>\u00a0<em>en plus. Il nous faut g\u00e9rer urgence sur urgence<\/em> \u00bb. Elle continue\u00a0: <em>\u00ab\u00a0Il y a une belle mobilisation citoyenne <\/em>\u00bb et, comme pour illustrer son propos, Lisa d\u00e9clare\u00a0: \u00ab\u00a0<em>Tout ce qui est ici, livres, nourritures, chaises ce sont des dons<\/em> \u00bb. Sur sa page Facebook, le squat met chaque semaine ce dont il a besoin et des personnes viennent selon les besoins. \u00ab\u00a0<em>On a aussi la chance d\u2019avoir un couple de m\u00e9decins \u00e0 la retraite qui vient une fois par semaine. Ils ont r\u00e9alis\u00e9 une grande campagne de vaccination pour le Covid et font des d\u00e9pistages de maladies pulmonaires.<\/em> \u00bb Malgr\u00e9 tout, il y a un manque de personnel et la b\u00e9n\u00e9vole rappelle les limites de ce syst\u00e8me\u00a0: \u00ab\u00a0<em>On n\u2019est pas \u00e9ducateurs sp\u00e9cialis\u00e9s, infirmiers ou profs<\/em> \u00bb. Ces jeunes font face \u00e0 l\u2019ennui et l\u2019inactivit\u00e9. Ils n\u2019ont droit qu\u2019\u00e0 deux heures de cours par jour et ne peuvent gu\u00e8re se balader. Ils n\u2019ont souvent pas de quoi se payer un tiquet TCL et n\u2019aiment pas frauder.<\/p>\n\n\n\n<div class=\"wp-block-image\"><figure class=\"aligncenter size-large is-resized\"><img loading=\"lazy\" decoding=\"async\" src=\"https:\/\/lyonbondyblog.fr\/LBB\/wp-content\/uploads\/2022\/02\/salle-a-manger-squat--1920x1280.jpg\" alt=\"\" class=\"wp-image-27235\" width=\"522\" height=\"348\" srcset=\"https:\/\/lyonbondyblog.fr\/LBB\/wp-content\/uploads\/2022\/02\/salle-a-manger-squat--1920x1280.jpg 1920w, https:\/\/lyonbondyblog.fr\/LBB\/wp-content\/uploads\/2022\/02\/salle-a-manger-squat--1200x800.jpg 1200w, https:\/\/lyonbondyblog.fr\/LBB\/wp-content\/uploads\/2022\/02\/salle-a-manger-squat--768x512.jpg 768w, https:\/\/lyonbondyblog.fr\/LBB\/wp-content\/uploads\/2022\/02\/salle-a-manger-squat--1536x1024.jpg 1536w, https:\/\/lyonbondyblog.fr\/LBB\/wp-content\/uploads\/2022\/02\/salle-a-manger-squat--2048x1365.jpg 2048w, https:\/\/lyonbondyblog.fr\/LBB\/wp-content\/uploads\/2022\/02\/salle-a-manger-squat--700x465.jpg 700w, https:\/\/lyonbondyblog.fr\/LBB\/wp-content\/uploads\/2022\/02\/salle-a-manger-squat--272x182.jpg 272w\" sizes=\"auto, (max-width: 522px) 100vw, 522px\" \/><figcaption>Salle \u00e0 manger du squat. Cr\u00e9dit photo : In\u00e8s Pallot<\/figcaption><\/figure><\/div>\n\n\n\n<h2 class=\"wp-block-heading\">Un quotidien difficile, racont\u00e9 par les jeunes <\/h2>\n\n\n\n<p>Zidane, 15 ans, habite dans le squat depuis 3-4 mois et explique leur quotidien l\u00e0-bas&nbsp;: \u00ab&nbsp;<em>Y\u2019a des gens qui sortent chaque jour du forum r\u00e9fugi\u00e9s. Par exemple, hier il y avait neuf personnes qui sont sortis d\u2019un coup en une soir\u00e9e. Ici, les conditions de vie ne sont pas tr\u00e8s ad\u00e9quates, pas tr\u00e8s faciles. Mais de jour en jour \u00e7a va mieux&nbsp;; avant il n\u2019y avait pas l\u2019\u00e9lectricit\u00e9, il n\u2019y avait pas de chauffage, on \u00e9tait tout le temps dans le froid. Les douches \u00e9taient froides ou sinon pour prendre les douches, on \u00e9tait oblig\u00e9 d\u2019aller dans un stade.&nbsp;Maintenant, il y a des bouilloires et le micro-onde pour chauffer l\u2019eau. \u00c7a prend du temps, parce qu\u2019il n\u2019y a que trois bouilloires, c\u2019est un peu compliqu\u00e9. Il n\u2019y a pas de chauffage dans la douche. Pour pr\u00e9parer la nourriture, on a maintenant du gaz \u00e0 la cuisine et le micro-onde. On pr\u00e9pare un repas par jour. La cuisine est ouverte \u00e0 partir de 16 heures, pour pr\u00e9parer la nourriture pour la soir\u00e9e.<\/em>&nbsp;\u00bb Quand on leur demande ce qu\u2019ils cuisinent, Dave, un jeune du squat, r\u00e9pond instinctivement&nbsp;: \u00ab&nbsp;<em>Du riz&nbsp;!&nbsp;Sur 31 jour, on mange du riz<\/em>&nbsp;\u00bb. Du riz avec de la sauce graine, du riz avec de la sauce oignon, du riz avec de la sauce d\u2019arachide.<\/p>\n\n\n\n<p>Ils nous expliquent leur journ\u00e9e type dans cette vieille maison abandonn\u00e9e&nbsp;: le matin, ils se rendent \u00e0 leur cours d\u2019une heure trente \u00e0 Jean Mac\u00e9, \u00e0 tour de r\u00f4le, \u00e0 raison d\u2019une vingtaine par cours. Puis, ils vont manger au restaurant social municipal pr\u00e8s de la place Guichard.<\/p>\n\n\n\n<p>Zidane&nbsp;: \u00ab&nbsp;<em>C\u2019est la routine, c\u2019est comme \u00e7a chaque jour. On va, on vient.&nbsp;<\/em>\u00bb Le reste de la journ\u00e9e, ils s\u2019occupent&nbsp;; certains jouent au foot, d\u2019autres font de la boxe. Et puis la musique a aussi une place importante dans leur vie&nbsp;: \u00ab&nbsp;<em>Il y a en qui font de la musique wolof, il y a des rappeurs<\/em>&nbsp;\u00bb, explique Dave. \u00ab&nbsp;<em>Il y a des jeunes ici qui rappaient bien&nbsp;\u00bb,<\/em> pr\u00e9cise Lisa, avant d\u2019ajouter&nbsp;: \u00ab&nbsp;<em>Avant, on organisait tous les dimanches le \u00ab&nbsp;dimanche solidaire&nbsp;\u00bb \u00e0 c\u00f4t\u00e9 du campement. On vendait \u00e0 manger, pr\u00e9par\u00e9 par les jeunes, et certains faisaient des concerts<\/em>&nbsp;\u00bb. Beaucoup \u00e9crivent leurs textes de rap, certains m\u00eame apprennent la guitare, comme un ancien habitant du squat, Amara.<\/p>\n\n\n\n<p>Il arrive aussi pour certains d\u2019arriver \u00e0 \u00eatre scolaris\u00e9, dans un coll\u00e8ge ou dans un lyc\u00e9e. \u00ab&nbsp;<em>Ils ont un entretien au Centre d\u2019informations et d\u2019orientation. Ils envoient ensuite leur dossier au rectorat qui les convoquent \u00e0 passer des tests dans diff\u00e9rentes \u00e9coles. La plupart passent en UPE2A, classe pour les primo-arrivants et selon leur niveau, ils les font basculer dans des classes \u00ab&nbsp;normales&nbsp;\u00bb<\/em>&nbsp;\u00bb, explique Lisa.<\/p>\n\n\n\n<div class=\"wp-block-image\"><figure class=\"aligncenter size-large is-resized\"><img loading=\"lazy\" decoding=\"async\" src=\"https:\/\/lyonbondyblog.fr\/LBB\/wp-content\/uploads\/2022\/02\/photo-salle-de-bain-1280x1920.jpg\" alt=\"\" class=\"wp-image-27234\" width=\"335\" height=\"502\" srcset=\"https:\/\/lyonbondyblog.fr\/LBB\/wp-content\/uploads\/2022\/02\/photo-salle-de-bain-1280x1920.jpg 1280w, https:\/\/lyonbondyblog.fr\/LBB\/wp-content\/uploads\/2022\/02\/photo-salle-de-bain-800x1200.jpg 800w, https:\/\/lyonbondyblog.fr\/LBB\/wp-content\/uploads\/2022\/02\/photo-salle-de-bain-768x1152.jpg 768w, https:\/\/lyonbondyblog.fr\/LBB\/wp-content\/uploads\/2022\/02\/photo-salle-de-bain-1024x1536.jpg 1024w, https:\/\/lyonbondyblog.fr\/LBB\/wp-content\/uploads\/2022\/02\/photo-salle-de-bain-1365x2048.jpg 1365w, https:\/\/lyonbondyblog.fr\/LBB\/wp-content\/uploads\/2022\/02\/photo-salle-de-bain-scaled.jpg 1707w\" sizes=\"auto, (max-width: 335px) 100vw, 335px\" \/><figcaption>Une des salles de bain du squat. Cr\u00e9dit photo : In\u00e8s Pallot<\/figcaption><\/figure><\/div>\n\n\n\n<h2 class=\"wp-block-heading\">Pour la m\u00e9tropole, \u00ab<em> \u00e7a fait tache de savoir qu\u2019il y a des mineurs dans un lieux \u00e0 z\u00e9ro degr\u00e9 <\/em>\u00bb<\/h2>\n\n\n\n<p>Lisa se sent d\u00e9munie face aux institutions\u00a0: <em>\u00ab\u00a0On ne sait plus quoi faire pour attirer leur attention. Au d\u00e9but, on a alert\u00e9 la M\u00e9tropole mais, comme nos gars ne sont pas reconnus comme mineurs, ce n\u2019est pas \u00e0 eux de g\u00e9rer \u00e7a. C\u2019est plut\u00f4t du ressort de l\u2019\u00c9tat<\/em> \u00bb. Elle pense qu\u2019il y a un manque de volont\u00e9 de la part des institutions. Il y a beaucoup de lieux vacants \u00e0 Lyon et les mettre \u00e0 disposition ne r\u00e9clame pas beaucoup de moyens. Pour avoir du chauffage, ils ont d\u00fb batailler. La M\u00e9tropole a ouvert le d\u00e9bat avec ICF, le bailleur social du b\u00e2timent. Mais la b\u00e9n\u00e9vole ne se berce pas d\u2019illusions, \u00ab\u00a0<em>s\u2019ils ont fait cela<\/em> [la M\u00e9tropole], <em>c\u2019est parce que \u00e7a fait tache de savoir qu\u2019il y a des mineurs dans un lieux \u00e0 z\u00e9ro degr\u00e9. Puis le d\u00e9bat a dur\u00e9 de longues semaines ; au 23 d\u00e9cembre, l\u2019hiver \u00e9tait d\u00e9j\u00e0 bien entam\u00e9<\/em> \u00bb. C\u2019est la fondation Abb\u00e9 Pierre qui a financ\u00e9 les travaux. La qualit\u00e9 de vie est tr\u00e8s m\u00e9diocre, le b\u00e2timent allait \u00eatre d\u00e9truit lorsqu\u2019il a commenc\u00e9 \u00e0 \u00eatre occup\u00e9 et on observe de la moisissure au mur \u00e0 cause du manque de chauffage.<\/p>\n\n\n\n<p>Malgr\u00e9 ces conditions de vie d\u00e9plorables, les jeunes font preuve de g\u00e9n\u00e9rosit\u00e9 les uns envers les autres, \u00ab\u00a0<em>ils sont tr\u00e8s solidaires et bienveillants entre eux.<\/em>\u00a0<em>Depuis plusieurs ann\u00e9es, ils sont sur les routes, sans famille ni ami. Ils ont souffert de la privation et pourtant ils ne laisseront jamais personne avoir faim. Ils se taquinent, se chamaillent mais il n\u2019y a jamais d\u2019humiliation<\/em>.  \u00bb<\/p>\n<!-- AddThis Advanced Settings generic via filter on the_content --><!-- AddThis Share Buttons generic via filter on the_content -->","protected":false},"excerpt":{"rendered":"<p>\u00c0 la Croix-Rousse, un squat a ouvert en mai 2021 pour venir en aide aux mineurs isol\u00e9s expuls\u00e9s du coll\u00e8ge Maurice S\u00e8ve. Ce squat, b\u00e2timent &hellip; <!-- AddThis Advanced Settings generic via filter on wp_trim_excerpt --><!-- AddThis Share Buttons generic via filter on wp_trim_excerpt --><\/p>\n","protected":false},"author":31864,"featured_media":27233,"comment_status":"open","ping_status":"open","sticky":true,"template":"","format":"standard","meta":{"_FSMCFIC_featured_image_caption":"","_FSMCFIC_featured_image_nocaption":"","_FSMCFIC_featured_image_hide":"","footnotes":""},"categories":[23073,2,6506],"tags":[],"class_list":["post-27232","post","type-post","status-publish","format-standard","has-post-thumbnail","hentry","category-logement-durgence","category-societe","category-solidarite"],"yoast_head":"<!-- This site is optimized with the Yoast SEO plugin v22.8 - https:\/\/yoast.com\/wordpress\/plugins\/seo\/ -->\n<title>Initiative citoyenne, squat pour mineurs isol\u00e9s \u00e0 la Croix-Rousse - Lyon Bondy Blog<\/title>\n<meta name=\"description\" content=\"\u00c0 la Croix-Rousse, un squat a ouvert en mai 2021 pour venir en aide aux mineurs isol\u00e9s expuls\u00e9s du coll\u00e8ge Moricet. Ce squat, b\u00e2timent v\u00e9tuste regroupant initialement quatre appartements de quatre chambres, peut accueillir 37 personnes. Pourtant, ils sont aujourd\u2019hui 50 \u00e0 occuper les lieux par manque de moyens.\" \/>\n<meta name=\"robots\" content=\"index, follow, max-snippet:-1, max-image-preview:large, max-video-preview:-1\" \/>\n<link rel=\"canonical\" href=\"https:\/\/lyonbondyblog.fr\/LBB\/initiative-citoyenne-squat-pour-mineurs-isoles-a-la-croix-rousse\/\" \/>\n<meta property=\"og:locale\" content=\"fr_FR\" \/>\n<meta property=\"og:type\" content=\"article\" \/>\n<meta property=\"og:title\" content=\"Initiative citoyenne, squat pour mineurs isol\u00e9s \u00e0 la Croix-Rousse - Lyon Bondy Blog\" \/>\n<meta property=\"og:description\" content=\"\u00c0 la Croix-Rousse, un squat a ouvert en mai 2021 pour venir en aide aux mineurs isol\u00e9s expuls\u00e9s du coll\u00e8ge Moricet. Ce squat, b\u00e2timent v\u00e9tuste regroupant initialement quatre appartements de quatre chambres, peut accueillir 37 personnes. Pourtant, ils sont aujourd\u2019hui 50 \u00e0 occuper les lieux par manque de moyens.\" \/>\n<meta property=\"og:url\" content=\"https:\/\/lyonbondyblog.fr\/LBB\/initiative-citoyenne-squat-pour-mineurs-isoles-a-la-croix-rousse\/\" \/>\n<meta property=\"og:site_name\" content=\"Lyon Bondy Blog\" \/>\n<meta property=\"article:publisher\" content=\"https:\/\/www.facebook.com\/lyonbondyblog\" \/>\n<meta property=\"article:published_time\" content=\"2022-02-10T16:45:04+00:00\" \/>\n<meta property=\"article:modified_time\" content=\"2022-02-21T09:13:42+00:00\" \/>\n<meta property=\"og:image\" content=\"https:\/\/lyonbondyblog.fr\/LBB\/wp-content\/uploads\/2022\/02\/photo-mis-en-avt-squat-scaled.jpg\" \/>\n\t<meta property=\"og:image:width\" content=\"2560\" \/>\n\t<meta property=\"og:image:height\" content=\"1707\" \/>\n\t<meta property=\"og:image:type\" content=\"image\/jpeg\" \/>\n<meta name=\"author\" content=\"Elisabeth Khanchali\" \/>\n<meta name=\"twitter:card\" content=\"summary_large_image\" \/>\n<meta name=\"twitter:creator\" content=\"@bondybloglyon\" \/>\n<meta name=\"twitter:site\" content=\"@bondybloglyon\" \/>\n<script type=\"application\/ld+json\" class=\"yoast-schema-graph\">{\"@context\":\"https:\/\/schema.org\",\"@graph\":[{\"@type\":\"Article\",\"@id\":\"https:\/\/lyonbondyblog.fr\/LBB\/initiative-citoyenne-squat-pour-mineurs-isoles-a-la-croix-rousse\/#article\",\"isPartOf\":{\"@id\":\"https:\/\/lyonbondyblog.fr\/LBB\/initiative-citoyenne-squat-pour-mineurs-isoles-a-la-croix-rousse\/\"},\"author\":{\"name\":\"Elisabeth Khanchali\",\"@id\":\"https:\/\/lyonbondyblog.fr\/LBB\/#\/schema\/person\/fc5924b2e90ba5be6452108f983c4c35\"},\"headline\":\"Initiative citoyenne, squat pour mineurs isol\u00e9s \u00e0 la Croix-Rousse\",\"datePublished\":\"2022-02-10T16:45:04+00:00\",\"dateModified\":\"2022-02-21T09:13:42+00:00\",\"mainEntityOfPage\":{\"@id\":\"https:\/\/lyonbondyblog.fr\/LBB\/initiative-citoyenne-squat-pour-mineurs-isoles-a-la-croix-rousse\/\"},\"wordCount\":1811,\"commentCount\":0,\"publisher\":{\"@id\":\"https:\/\/lyonbondyblog.fr\/LBB\/#organization\"},\"image\":{\"@id\":\"https:\/\/lyonbondyblog.fr\/LBB\/initiative-citoyenne-squat-pour-mineurs-isoles-a-la-croix-rousse\/#primaryimage\"},\"thumbnailUrl\":\"https:\/\/lyonbondyblog.fr\/LBB\/wp-content\/uploads\/2022\/02\/photo-mis-en-avt-squat-scaled.jpg\",\"articleSection\":[\"Logement d\u2019urgence\",\"Soci\u00e9t\u00e9\",\"Solidarit\u00e9\"],\"inLanguage\":\"fr-FR\",\"potentialAction\":[{\"@type\":\"CommentAction\",\"name\":\"Comment\",\"target\":[\"https:\/\/lyonbondyblog.fr\/LBB\/initiative-citoyenne-squat-pour-mineurs-isoles-a-la-croix-rousse\/#respond\"]}]},{\"@type\":\"WebPage\",\"@id\":\"https:\/\/lyonbondyblog.fr\/LBB\/initiative-citoyenne-squat-pour-mineurs-isoles-a-la-croix-rousse\/\",\"url\":\"https:\/\/lyonbondyblog.fr\/LBB\/initiative-citoyenne-squat-pour-mineurs-isoles-a-la-croix-rousse\/\",\"name\":\"Initiative citoyenne, squat pour mineurs isol\u00e9s \u00e0 la Croix-Rousse - Lyon Bondy Blog\",\"isPartOf\":{\"@id\":\"https:\/\/lyonbondyblog.fr\/LBB\/#website\"},\"primaryImageOfPage\":{\"@id\":\"https:\/\/lyonbondyblog.fr\/LBB\/initiative-citoyenne-squat-pour-mineurs-isoles-a-la-croix-rousse\/#primaryimage\"},\"image\":{\"@id\":\"https:\/\/lyonbondyblog.fr\/LBB\/initiative-citoyenne-squat-pour-mineurs-isoles-a-la-croix-rousse\/#primaryimage\"},\"thumbnailUrl\":\"https:\/\/lyonbondyblog.fr\/LBB\/wp-content\/uploads\/2022\/02\/photo-mis-en-avt-squat-scaled.jpg\",\"datePublished\":\"2022-02-10T16:45:04+00:00\",\"dateModified\":\"2022-02-21T09:13:42+00:00\",\"description\":\"\u00c0 la Croix-Rousse, un squat a ouvert en mai 2021 pour venir en aide aux mineurs isol\u00e9s expuls\u00e9s du coll\u00e8ge Moricet. Ce squat, b\u00e2timent v\u00e9tuste regroupant initialement quatre appartements de quatre chambres, peut accueillir 37 personnes. Pourtant, ils sont aujourd\u2019hui 50 \u00e0 occuper les lieux par manque de moyens.\",\"inLanguage\":\"fr-FR\",\"potentialAction\":[{\"@type\":\"ReadAction\",\"target\":[\"https:\/\/lyonbondyblog.fr\/LBB\/initiative-citoyenne-squat-pour-mineurs-isoles-a-la-croix-rousse\/\"]}]},{\"@type\":\"ImageObject\",\"inLanguage\":\"fr-FR\",\"@id\":\"https:\/\/lyonbondyblog.fr\/LBB\/initiative-citoyenne-squat-pour-mineurs-isoles-a-la-croix-rousse\/#primaryimage\",\"url\":\"https:\/\/lyonbondyblog.fr\/LBB\/wp-content\/uploads\/2022\/02\/photo-mis-en-avt-squat-scaled.jpg\",\"contentUrl\":\"https:\/\/lyonbondyblog.fr\/LBB\/wp-content\/uploads\/2022\/02\/photo-mis-en-avt-squat-scaled.jpg\",\"width\":2560,\"height\":1707},{\"@type\":\"WebSite\",\"@id\":\"https:\/\/lyonbondyblog.fr\/LBB\/#website\",\"url\":\"https:\/\/lyonbondyblog.fr\/LBB\/\",\"name\":\"Lyon Bondy Blog\",\"description\":\"\",\"publisher\":{\"@id\":\"https:\/\/lyonbondyblog.fr\/LBB\/#organization\"},\"potentialAction\":[{\"@type\":\"SearchAction\",\"target\":{\"@type\":\"EntryPoint\",\"urlTemplate\":\"https:\/\/lyonbondyblog.fr\/LBB\/?s={search_term_string}\"},\"query-input\":\"required name=search_term_string\"}],\"inLanguage\":\"fr-FR\"},{\"@type\":\"Organization\",\"@id\":\"https:\/\/lyonbondyblog.fr\/LBB\/#organization\",\"name\":\"LYON BONDY BLOG\",\"url\":\"https:\/\/lyonbondyblog.fr\/LBB\/\",\"logo\":{\"@type\":\"ImageObject\",\"inLanguage\":\"fr-FR\",\"@id\":\"https:\/\/lyonbondyblog.fr\/LBB\/#\/schema\/logo\/image\/\",\"url\":\"http:\/\/lyonbondyblog.fr\/LBB\/wp-content\/uploads\/2014\/10\/logo-portable-144.png\",\"contentUrl\":\"http:\/\/lyonbondyblog.fr\/LBB\/wp-content\/uploads\/2014\/10\/logo-portable-144.png\",\"width\":144,\"height\":123,\"caption\":\"LYON BONDY BLOG\"},\"image\":{\"@id\":\"https:\/\/lyonbondyblog.fr\/LBB\/#\/schema\/logo\/image\/\"},\"sameAs\":[\"https:\/\/www.facebook.com\/lyonbondyblog\",\"https:\/\/x.com\/bondybloglyon\"]},{\"@type\":\"Person\",\"@id\":\"https:\/\/lyonbondyblog.fr\/LBB\/#\/schema\/person\/fc5924b2e90ba5be6452108f983c4c35\",\"name\":\"Elisabeth Khanchali\",\"url\":\"https:\/\/lyonbondyblog.fr\/LBB\/author\/elisabeth\/\"}]}<\/script>\n<!-- \/ Yoast SEO plugin. -->","yoast_head_json":{"title":"Initiative citoyenne, squat pour mineurs isol\u00e9s \u00e0 la Croix-Rousse - Lyon Bondy Blog","description":"\u00c0 la Croix-Rousse, un squat a ouvert en mai 2021 pour venir en aide aux mineurs isol\u00e9s expuls\u00e9s du coll\u00e8ge Moricet. Ce squat, b\u00e2timent v\u00e9tuste regroupant initialement quatre appartements de quatre chambres, peut accueillir 37 personnes. Pourtant, ils sont aujourd\u2019hui 50 \u00e0 occuper les lieux par manque de moyens.","robots":{"index":"index","follow":"follow","max-snippet":"max-snippet:-1","max-image-preview":"max-image-preview:large","max-video-preview":"max-video-preview:-1"},"canonical":"https:\/\/lyonbondyblog.fr\/LBB\/initiative-citoyenne-squat-pour-mineurs-isoles-a-la-croix-rousse\/","og_locale":"fr_FR","og_type":"article","og_title":"Initiative citoyenne, squat pour mineurs isol\u00e9s \u00e0 la Croix-Rousse - Lyon Bondy Blog","og_description":"\u00c0 la Croix-Rousse, un squat a ouvert en mai 2021 pour venir en aide aux mineurs isol\u00e9s expuls\u00e9s du coll\u00e8ge Moricet. Ce squat, b\u00e2timent v\u00e9tuste regroupant initialement quatre appartements de quatre chambres, peut accueillir 37 personnes. Pourtant, ils sont aujourd\u2019hui 50 \u00e0 occuper les lieux par manque de moyens.","og_url":"https:\/\/lyonbondyblog.fr\/LBB\/initiative-citoyenne-squat-pour-mineurs-isoles-a-la-croix-rousse\/","og_site_name":"Lyon Bondy Blog","article_publisher":"https:\/\/www.facebook.com\/lyonbondyblog","article_published_time":"2022-02-10T16:45:04+00:00","article_modified_time":"2022-02-21T09:13:42+00:00","og_image":[{"width":2560,"height":1707,"url":"https:\/\/lyonbondyblog.fr\/LBB\/wp-content\/uploads\/2022\/02\/photo-mis-en-avt-squat-scaled.jpg","type":"image\/jpeg"}],"author":"Elisabeth Khanchali","twitter_card":"summary_large_image","twitter_creator":"@bondybloglyon","twitter_site":"@bondybloglyon","schema":{"@context":"https:\/\/schema.org","@graph":[{"@type":"Article","@id":"https:\/\/lyonbondyblog.fr\/LBB\/initiative-citoyenne-squat-pour-mineurs-isoles-a-la-croix-rousse\/#article","isPartOf":{"@id":"https:\/\/lyonbondyblog.fr\/LBB\/initiative-citoyenne-squat-pour-mineurs-isoles-a-la-croix-rousse\/"},"author":{"name":"Elisabeth Khanchali","@id":"https:\/\/lyonbondyblog.fr\/LBB\/#\/schema\/person\/fc5924b2e90ba5be6452108f983c4c35"},"headline":"Initiative citoyenne, squat pour mineurs isol\u00e9s \u00e0 la Croix-Rousse","datePublished":"2022-02-10T16:45:04+00:00","dateModified":"2022-02-21T09:13:42+00:00","mainEntityOfPage":{"@id":"https:\/\/lyonbondyblog.fr\/LBB\/initiative-citoyenne-squat-pour-mineurs-isoles-a-la-croix-rousse\/"},"wordCount":1811,"commentCount":0,"publisher":{"@id":"https:\/\/lyonbondyblog.fr\/LBB\/#organization"},"image":{"@id":"https:\/\/lyonbondyblog.fr\/LBB\/initiative-citoyenne-squat-pour-mineurs-isoles-a-la-croix-rousse\/#primaryimage"},"thumbnailUrl":"https:\/\/lyonbondyblog.fr\/LBB\/wp-content\/uploads\/2022\/02\/photo-mis-en-avt-squat-scaled.jpg","articleSection":["Logement d\u2019urgence","Soci\u00e9t\u00e9","Solidarit\u00e9"],"inLanguage":"fr-FR","potentialAction":[{"@type":"CommentAction","name":"Comment","target":["https:\/\/lyonbondyblog.fr\/LBB\/initiative-citoyenne-squat-pour-mineurs-isoles-a-la-croix-rousse\/#respond"]}]},{"@type":"WebPage","@id":"https:\/\/lyonbondyblog.fr\/LBB\/initiative-citoyenne-squat-pour-mineurs-isoles-a-la-croix-rousse\/","url":"https:\/\/lyonbondyblog.fr\/LBB\/initiative-citoyenne-squat-pour-mineurs-isoles-a-la-croix-rousse\/","name":"Initiative citoyenne, squat pour mineurs isol\u00e9s \u00e0 la Croix-Rousse - Lyon Bondy Blog","isPartOf":{"@id":"https:\/\/lyonbondyblog.fr\/LBB\/#website"},"primaryImageOfPage":{"@id":"https:\/\/lyonbondyblog.fr\/LBB\/initiative-citoyenne-squat-pour-mineurs-isoles-a-la-croix-rousse\/#primaryimage"},"image":{"@id":"https:\/\/lyonbondyblog.fr\/LBB\/initiative-citoyenne-squat-pour-mineurs-isoles-a-la-croix-rousse\/#primaryimage"},"thumbnailUrl":"https:\/\/lyonbondyblog.fr\/LBB\/wp-content\/uploads\/2022\/02\/photo-mis-en-avt-squat-scaled.jpg","datePublished":"2022-02-10T16:45:04+00:00","dateModified":"2022-02-21T09:13:42+00:00","description":"\u00c0 la Croix-Rousse, un squat a ouvert en mai 2021 pour venir en aide aux mineurs isol\u00e9s expuls\u00e9s du coll\u00e8ge Moricet. Ce squat, b\u00e2timent v\u00e9tuste regroupant initialement quatre appartements de quatre chambres, peut accueillir 37 personnes. Pourtant, ils sont aujourd\u2019hui 50 \u00e0 occuper les lieux par manque de moyens.","inLanguage":"fr-FR","potentialAction":[{"@type":"ReadAction","target":["https:\/\/lyonbondyblog.fr\/LBB\/initiative-citoyenne-squat-pour-mineurs-isoles-a-la-croix-rousse\/"]}]},{"@type":"ImageObject","inLanguage":"fr-FR","@id":"https:\/\/lyonbondyblog.fr\/LBB\/initiative-citoyenne-squat-pour-mineurs-isoles-a-la-croix-rousse\/#primaryimage","url":"https:\/\/lyonbondyblog.fr\/LBB\/wp-content\/uploads\/2022\/02\/photo-mis-en-avt-squat-scaled.jpg","contentUrl":"https:\/\/lyonbondyblog.fr\/LBB\/wp-content\/uploads\/2022\/02\/photo-mis-en-avt-squat-scaled.jpg","width":2560,"height":1707},{"@type":"WebSite","@id":"https:\/\/lyonbondyblog.fr\/LBB\/#website","url":"https:\/\/lyonbondyblog.fr\/LBB\/","name":"Lyon Bondy Blog","description":"","publisher":{"@id":"https:\/\/lyonbondyblog.fr\/LBB\/#organization"},"potentialAction":[{"@type":"SearchAction","target":{"@type":"EntryPoint","urlTemplate":"https:\/\/lyonbondyblog.fr\/LBB\/?s={search_term_string}"},"query-input":"required name=search_term_string"}],"inLanguage":"fr-FR"},{"@type":"Organization","@id":"https:\/\/lyonbondyblog.fr\/LBB\/#organization","name":"LYON BONDY BLOG","url":"https:\/\/lyonbondyblog.fr\/LBB\/","logo":{"@type":"ImageObject","inLanguage":"fr-FR","@id":"https:\/\/lyonbondyblog.fr\/LBB\/#\/schema\/logo\/image\/","url":"http:\/\/lyonbondyblog.fr\/LBB\/wp-content\/uploads\/2014\/10\/logo-portable-144.png","contentUrl":"http:\/\/lyonbondyblog.fr\/LBB\/wp-content\/uploads\/2014\/10\/logo-portable-144.png","width":144,"height":123,"caption":"LYON BONDY BLOG"},"image":{"@id":"https:\/\/lyonbondyblog.fr\/LBB\/#\/schema\/logo\/image\/"},"sameAs":["https:\/\/www.facebook.com\/lyonbondyblog","https:\/\/x.com\/bondybloglyon"]},{"@type":"Person","@id":"https:\/\/lyonbondyblog.fr\/LBB\/#\/schema\/person\/fc5924b2e90ba5be6452108f983c4c35","name":"Elisabeth Khanchali","url":"https:\/\/lyonbondyblog.fr\/LBB\/author\/elisabeth\/"}]}},"_links":{"self":[{"href":"https:\/\/lyonbondyblog.fr\/LBB\/wp-json\/wp\/v2\/posts\/27232","targetHints":{"allow":["GET"]}}],"collection":[{"href":"https:\/\/lyonbondyblog.fr\/LBB\/wp-json\/wp\/v2\/posts"}],"about":[{"href":"https:\/\/lyonbondyblog.fr\/LBB\/wp-json\/wp\/v2\/types\/post"}],"author":[{"embeddable":true,"href":"https:\/\/lyonbondyblog.fr\/LBB\/wp-json\/wp\/v2\/users\/31864"}],"replies":[{"embeddable":true,"href":"https:\/\/lyonbondyblog.fr\/LBB\/wp-json\/wp\/v2\/comments?post=27232"}],"version-history":[{"count":18,"href":"https:\/\/lyonbondyblog.fr\/LBB\/wp-json\/wp\/v2\/posts\/27232\/revisions"}],"predecessor-version":[{"id":27393,"href":"https:\/\/lyonbondyblog.fr\/LBB\/wp-json\/wp\/v2\/posts\/27232\/revisions\/27393"}],"wp:featuredmedia":[{"embeddable":true,"href":"https:\/\/lyonbondyblog.fr\/LBB\/wp-json\/wp\/v2\/media\/27233"}],"wp:attachment":[{"href":"https:\/\/lyonbondyblog.fr\/LBB\/wp-json\/wp\/v2\/media?parent=27232"}],"wp:term":[{"taxonomy":"category","embeddable":true,"href":"https:\/\/lyonbondyblog.fr\/LBB\/wp-json\/wp\/v2\/categories?post=27232"},{"taxonomy":"post_tag","embeddable":true,"href":"https:\/\/lyonbondyblog.fr\/LBB\/wp-json\/wp\/v2\/tags?post=27232"}],"curies":[{"name":"wp","href":"https:\/\/api.w.org\/{rel}","templated":true}]}}