{"id":2716,"date":"2010-06-11T11:27:16","date_gmt":"2010-06-11T09:27:16","guid":{"rendered":"http:\/\/lyonbondyblog.fr\/LBB\/?p=2716"},"modified":"2013-08-01T11:29:42","modified_gmt":"2013-08-01T09:29:42","slug":"coupe-du-monde-les-supporters-attendent-le-premier-coup-de-sifflet","status":"publish","type":"post","link":"https:\/\/lyonbondyblog.fr\/LBB\/coupe-du-monde-les-supporters-attendent-le-premier-coup-de-sifflet\/","title":{"rendered":"Coupe du Monde : les supporters attendent le premier coup de sifflet"},"content":{"rendered":"<p><strong>A quelques heures \u00e0 peine du coup d\u2019envoi de la Coupe du Monde 2010, petite prise de temp\u00e9rature dans les rues de Vaulx-en-Velin pour voir comment les habitants pr\u00e9parent cette comp\u00e9tition.<\/strong><\/p>\n<p><a href=\"https:\/\/lyonbondyblog.fr\/LBB\/wp-content\/uploads\/2013\/08\/france_t.jpg\"><img loading=\"lazy\" decoding=\"async\" class=\"size-full wp-image-2718 alignleft\" alt=\"france_t\" src=\"https:\/\/lyonbondyblog.fr\/LBB\/wp-content\/uploads\/2013\/08\/france_t.jpg\" width=\"193\" height=\"128\" \/><\/a><br \/>\nLes rues paraissent calmes. Les drapeaux des nations ne sont pas encore de sortie. J\u2019aper\u00e7ois un groupe de jeunes gar\u00e7ons jouant au football su stade municipal de Vaulx-en-Velin. Deux d\u2019entre eux portent le maillot de l\u2019Alg\u00e9rie. Je me dirige vers eux. \u00ab La coupe du monde ? On a trop h\u00e2te qu\u2019elle commence ! Elle aura lieu en Afrique du Sud et c\u2019est un honneur. Tout le monde l\u2019attend avec impatience ! Le match le plus attendu c\u2019est l\u2019Alg\u00e9rie contre la Slov\u00e9nie dimanche \u00bb, l\u00e2che Marouane, 19 ans qui n\u2019a dieu que pour le ballon rond.<\/p>\n<p>\u00ab Ce sport tient une place importante chez nous, on ne parle que de \u00e7a depuis quelques semaines,\u00bb dixit Kamel, fervent supporter de l\u2019Alg\u00e9rie mais aussi du Br\u00e9sil. Et l\u2019\u00e9quipe de France ? \u00ab Oui, on va la supporter aussi, on ne va pas renier le pays dans lequel on vit ! \u00bb, r\u00e9torque Kader, \u00e9tudiant en comptabilit\u00e9, qui r\u00eavait de devenir joueur professionnel. \u00ab On va voir les matchs dans des bars parce qu\u2019il y a une ambiance de folie \u00bb, poursuit Kader. Ils iront donc voir les matches ensemble, le maillot de leur \u00e9quipe favorite endoss\u00e9, dans un bar situ\u00e9 \u00e0 quelques m\u00e8tres du terrain de foot.<\/p>\n<p>Ce bar, justement, n\u2019a visiblement pas l\u2019air d\u2019\u00eatre encore aux couleurs de la coupe du monde. Il dispose, n\u00e9anmoins, d\u2019un \u00e9cran g\u00e9ant. Le g\u00e9rant, un cinquantenaire, me d\u00e9voile qu\u2019il d\u00e9corera son \u00e9tablissement le matin m\u00eame du Mondial avec des murs qui seront recouverts de drapeaux et d\u2019\u00e9charpes de toutes les \u00e9quipes pour que les supporters puissent vivre au plus pr\u00e8s cette comp\u00e9tition. Il sera aid\u00e9 par ses innombrables clients qui lui sont fid\u00e8les.<\/p>\n<p>Mais pourquoi tant d\u2019effervescence autour de ce Mondial ? \u00ab La Coupe du Monde est synonyme de grande joie, de partage. La passion est plus forte pour les \u00e9quipes nationales car c\u2019est tout un peuple qui est derri\u00e8re l\u2019\u00e9quipe. C\u2019est un grand moment de rassemblement de tous les footballeurs et c\u2019est surtout l\u2019occasion pour les femmes de s\u2019y mettre ! \u00bb, me confie t-il. \u00ab Le foot, c\u2019est mon sport favori, je vis pour le foot, c\u2019est un plaisir de pouvoir partager cette passion avec les clients \u00bb, rajoute le chef de l\u2019\u00e9tablissement. Le bar retransmettra donc tous les matches de l\u2019apr\u00e8s-midi et du soir, de toutes les \u00e9quipes.<\/p>\n<p>Si Vaulx-en-Velin ne vibre pas totalement au rythme de la coupe du monde, nous sentons tout de m\u00eame qu\u2019un grand \u00e9v\u00e9nement sportif se rapproche avec des minots qui, tous les jours, foulent les terrains de football, se prenant pour leurs idoles.<\/p>\n<p>La coupe du monde 2010 d\u00e9butera ce vendredi pour un mois de comp\u00e9tition. Rendez-vous le 11 juillet pour connaitre l\u2019\u00e9quipe qui brandira le troph\u00e9e !<\/p>\n<p><span style=\"text-decoration: underline;\">Auteur :\u00a0Dalila Khenfri<\/span><\/p>\n<!-- AddThis Advanced Settings generic via filter on the_content --><!-- AddThis Share Buttons generic via filter on the_content -->","protected":false},"excerpt":{"rendered":"<p>A quelques heures \u00e0 peine du coup d\u2019envoi de la Coupe du Monde 2010, petite prise de temp\u00e9rature dans les rues de Vaulx-en-Velin pour voir &hellip; <!-- AddThis Advanced Settings generic via filter on wp_trim_excerpt --><!-- AddThis Share Buttons generic via filter on wp_trim_excerpt --><\/p>\n","protected":false},"author":1,"featured_media":2718,"comment_status":"open","ping_status":"open","sticky":false,"template":"","format":"standard","meta":{"_FSMCFIC_featured_image_caption":"","_FSMCFIC_featured_image_nocaption":"","_FSMCFIC_featured_image_hide":"","footnotes":""},"categories":[8],"tags":[10,112],"class_list":["post-2716","post","type-post","status-publish","format-standard","has-post-thumbnail","hentry","category-france","tag-lyon-2","tag-lyon-bondy-blog"],"yoast_head":"<!-- This site is optimized with the Yoast SEO plugin v22.8 - https:\/\/yoast.com\/wordpress\/plugins\/seo\/ -->\n<title>Coupe du Monde : les supporters attendent le premier coup de sifflet - Lyon Bondy Blog<\/title>\n<meta name=\"robots\" content=\"index, follow, max-snippet:-1, max-image-preview:large, max-video-preview:-1\" \/>\n<link rel=\"canonical\" href=\"https:\/\/lyonbondyblog.fr\/LBB\/coupe-du-monde-les-supporters-attendent-le-premier-coup-de-sifflet\/\" \/>\n<meta property=\"og:locale\" content=\"fr_FR\" \/>\n<meta property=\"og:type\" content=\"article\" \/>\n<meta property=\"og:title\" content=\"Coupe du Monde : les supporters attendent le premier coup de sifflet - Lyon Bondy Blog\" \/>\n<meta property=\"og:description\" content=\"A quelques heures \u00e0 peine du coup d\u2019envoi de la Coupe du Monde 2010, petite prise de temp\u00e9rature dans les rues de Vaulx-en-Velin pour voir &hellip;\" \/>\n<meta property=\"og:url\" content=\"https:\/\/lyonbondyblog.fr\/LBB\/coupe-du-monde-les-supporters-attendent-le-premier-coup-de-sifflet\/\" \/>\n<meta property=\"og:site_name\" content=\"Lyon Bondy Blog\" \/>\n<meta property=\"article:publisher\" content=\"https:\/\/www.facebook.com\/lyonbondyblog\" \/>\n<meta property=\"article:author\" content=\"https:\/\/www.facebook.com\/lyonbondyblog\" \/>\n<meta property=\"article:published_time\" content=\"2010-06-11T09:27:16+00:00\" \/>\n<meta property=\"article:modified_time\" content=\"2013-08-01T09:29:42+00:00\" \/>\n<meta property=\"og:image\" content=\"https:\/\/lyonbondyblog.fr\/LBB\/wp-content\/uploads\/2013\/08\/france_t.jpg\" \/>\n\t<meta property=\"og:image:width\" content=\"193\" \/>\n\t<meta property=\"og:image:height\" content=\"128\" \/>\n\t<meta property=\"og:image:type\" content=\"image\/jpeg\" \/>\n<meta name=\"author\" content=\"La r\u00e9daction\" \/>\n<meta name=\"twitter:card\" content=\"summary_large_image\" \/>\n<meta name=\"twitter:creator\" content=\"@BondyBlogLyon\" \/>\n<meta name=\"twitter:site\" content=\"@bondybloglyon\" \/>\n<script type=\"application\/ld+json\" class=\"yoast-schema-graph\">{\"@context\":\"https:\/\/schema.org\",\"@graph\":[{\"@type\":\"Article\",\"@id\":\"https:\/\/lyonbondyblog.fr\/LBB\/coupe-du-monde-les-supporters-attendent-le-premier-coup-de-sifflet\/#article\",\"isPartOf\":{\"@id\":\"https:\/\/lyonbondyblog.fr\/LBB\/coupe-du-monde-les-supporters-attendent-le-premier-coup-de-sifflet\/\"},\"author\":{\"name\":\"La r\u00e9daction\",\"@id\":\"https:\/\/lyonbondyblog.fr\/LBB\/#\/schema\/person\/e45f8d27baac75072daa0be50c409b25\"},\"headline\":\"Coupe du Monde : les supporters attendent le premier coup de sifflet\",\"datePublished\":\"2010-06-11T09:27:16+00:00\",\"dateModified\":\"2013-08-01T09:29:42+00:00\",\"mainEntityOfPage\":{\"@id\":\"https:\/\/lyonbondyblog.fr\/LBB\/coupe-du-monde-les-supporters-attendent-le-premier-coup-de-sifflet\/\"},\"wordCount\":536,\"commentCount\":0,\"publisher\":{\"@id\":\"https:\/\/lyonbondyblog.fr\/LBB\/#organization\"},\"image\":{\"@id\":\"https:\/\/lyonbondyblog.fr\/LBB\/coupe-du-monde-les-supporters-attendent-le-premier-coup-de-sifflet\/#primaryimage\"},\"thumbnailUrl\":\"https:\/\/lyonbondyblog.fr\/LBB\/wp-content\/uploads\/2013\/08\/france_t.jpg\",\"keywords\":[\"lyon\",\"Lyon Bondy Blog\"],\"articleSection\":[\"France\"],\"inLanguage\":\"fr-FR\",\"potentialAction\":[{\"@type\":\"CommentAction\",\"name\":\"Comment\",\"target\":[\"https:\/\/lyonbondyblog.fr\/LBB\/coupe-du-monde-les-supporters-attendent-le-premier-coup-de-sifflet\/#respond\"]}]},{\"@type\":\"WebPage\",\"@id\":\"https:\/\/lyonbondyblog.fr\/LBB\/coupe-du-monde-les-supporters-attendent-le-premier-coup-de-sifflet\/\",\"url\":\"https:\/\/lyonbondyblog.fr\/LBB\/coupe-du-monde-les-supporters-attendent-le-premier-coup-de-sifflet\/\",\"name\":\"Coupe du Monde : les supporters attendent le premier coup de sifflet - Lyon Bondy Blog\",\"isPartOf\":{\"@id\":\"https:\/\/lyonbondyblog.fr\/LBB\/#website\"},\"primaryImageOfPage\":{\"@id\":\"https:\/\/lyonbondyblog.fr\/LBB\/coupe-du-monde-les-supporters-attendent-le-premier-coup-de-sifflet\/#primaryimage\"},\"image\":{\"@id\":\"https:\/\/lyonbondyblog.fr\/LBB\/coupe-du-monde-les-supporters-attendent-le-premier-coup-de-sifflet\/#primaryimage\"},\"thumbnailUrl\":\"https:\/\/lyonbondyblog.fr\/LBB\/wp-content\/uploads\/2013\/08\/france_t.jpg\",\"datePublished\":\"2010-06-11T09:27:16+00:00\",\"dateModified\":\"2013-08-01T09:29:42+00:00\",\"inLanguage\":\"fr-FR\",\"potentialAction\":[{\"@type\":\"ReadAction\",\"target\":[\"https:\/\/lyonbondyblog.fr\/LBB\/coupe-du-monde-les-supporters-attendent-le-premier-coup-de-sifflet\/\"]}]},{\"@type\":\"ImageObject\",\"inLanguage\":\"fr-FR\",\"@id\":\"https:\/\/lyonbondyblog.fr\/LBB\/coupe-du-monde-les-supporters-attendent-le-premier-coup-de-sifflet\/#primaryimage\",\"url\":\"https:\/\/lyonbondyblog.fr\/LBB\/wp-content\/uploads\/2013\/08\/france_t.jpg\",\"contentUrl\":\"https:\/\/lyonbondyblog.fr\/LBB\/wp-content\/uploads\/2013\/08\/france_t.jpg\",\"width\":193,\"height\":128},{\"@type\":\"WebSite\",\"@id\":\"https:\/\/lyonbondyblog.fr\/LBB\/#website\",\"url\":\"https:\/\/lyonbondyblog.fr\/LBB\/\",\"name\":\"Lyon Bondy Blog\",\"description\":\"\",\"publisher\":{\"@id\":\"https:\/\/lyonbondyblog.fr\/LBB\/#organization\"},\"potentialAction\":[{\"@type\":\"SearchAction\",\"target\":{\"@type\":\"EntryPoint\",\"urlTemplate\":\"https:\/\/lyonbondyblog.fr\/LBB\/?s={search_term_string}\"},\"query-input\":\"required name=search_term_string\"}],\"inLanguage\":\"fr-FR\"},{\"@type\":\"Organization\",\"@id\":\"https:\/\/lyonbondyblog.fr\/LBB\/#organization\",\"name\":\"LYON BONDY BLOG\",\"url\":\"https:\/\/lyonbondyblog.fr\/LBB\/\",\"logo\":{\"@type\":\"ImageObject\",\"inLanguage\":\"fr-FR\",\"@id\":\"https:\/\/lyonbondyblog.fr\/LBB\/#\/schema\/logo\/image\/\",\"url\":\"http:\/\/lyonbondyblog.fr\/LBB\/wp-content\/uploads\/2014\/10\/logo-portable-144.png\",\"contentUrl\":\"http:\/\/lyonbondyblog.fr\/LBB\/wp-content\/uploads\/2014\/10\/logo-portable-144.png\",\"width\":144,\"height\":123,\"caption\":\"LYON BONDY BLOG\"},\"image\":{\"@id\":\"https:\/\/lyonbondyblog.fr\/LBB\/#\/schema\/logo\/image\/\"},\"sameAs\":[\"https:\/\/www.facebook.com\/lyonbondyblog\",\"https:\/\/x.com\/bondybloglyon\"]},{\"@type\":\"Person\",\"@id\":\"https:\/\/lyonbondyblog.fr\/LBB\/#\/schema\/person\/e45f8d27baac75072daa0be50c409b25\",\"name\":\"La r\u00e9daction\",\"description\":\"Cr\u00e9e en 2008, la r\u00e9daction du Lyon Bondy Blog s'applique \u00e0 proposer une information locale diff\u00e9rente et compl\u00e9mentaire des m\u00e9dias traditionnels.\",\"sameAs\":[\"https:\/\/www.facebook.com\/lyonbondyblog\",\"https:\/\/x.com\/BondyBlogLyon\"],\"url\":\"https:\/\/lyonbondyblog.fr\/LBB\/author\/admin\/\"}]}<\/script>\n<!-- \/ Yoast SEO plugin. -->","yoast_head_json":{"title":"Coupe du Monde : les supporters attendent le premier coup de sifflet - Lyon Bondy Blog","robots":{"index":"index","follow":"follow","max-snippet":"max-snippet:-1","max-image-preview":"max-image-preview:large","max-video-preview":"max-video-preview:-1"},"canonical":"https:\/\/lyonbondyblog.fr\/LBB\/coupe-du-monde-les-supporters-attendent-le-premier-coup-de-sifflet\/","og_locale":"fr_FR","og_type":"article","og_title":"Coupe du Monde : les supporters attendent le premier coup de sifflet - Lyon Bondy Blog","og_description":"A quelques heures \u00e0 peine du coup d\u2019envoi de la Coupe du Monde 2010, petite prise de temp\u00e9rature dans les rues de Vaulx-en-Velin pour voir &hellip;","og_url":"https:\/\/lyonbondyblog.fr\/LBB\/coupe-du-monde-les-supporters-attendent-le-premier-coup-de-sifflet\/","og_site_name":"Lyon Bondy Blog","article_publisher":"https:\/\/www.facebook.com\/lyonbondyblog","article_author":"https:\/\/www.facebook.com\/lyonbondyblog","article_published_time":"2010-06-11T09:27:16+00:00","article_modified_time":"2013-08-01T09:29:42+00:00","og_image":[{"width":193,"height":128,"url":"https:\/\/lyonbondyblog.fr\/LBB\/wp-content\/uploads\/2013\/08\/france_t.jpg","type":"image\/jpeg"}],"author":"La r\u00e9daction","twitter_card":"summary_large_image","twitter_creator":"@BondyBlogLyon","twitter_site":"@bondybloglyon","schema":{"@context":"https:\/\/schema.org","@graph":[{"@type":"Article","@id":"https:\/\/lyonbondyblog.fr\/LBB\/coupe-du-monde-les-supporters-attendent-le-premier-coup-de-sifflet\/#article","isPartOf":{"@id":"https:\/\/lyonbondyblog.fr\/LBB\/coupe-du-monde-les-supporters-attendent-le-premier-coup-de-sifflet\/"},"author":{"name":"La r\u00e9daction","@id":"https:\/\/lyonbondyblog.fr\/LBB\/#\/schema\/person\/e45f8d27baac75072daa0be50c409b25"},"headline":"Coupe du Monde : les supporters attendent le premier coup de sifflet","datePublished":"2010-06-11T09:27:16+00:00","dateModified":"2013-08-01T09:29:42+00:00","mainEntityOfPage":{"@id":"https:\/\/lyonbondyblog.fr\/LBB\/coupe-du-monde-les-supporters-attendent-le-premier-coup-de-sifflet\/"},"wordCount":536,"commentCount":0,"publisher":{"@id":"https:\/\/lyonbondyblog.fr\/LBB\/#organization"},"image":{"@id":"https:\/\/lyonbondyblog.fr\/LBB\/coupe-du-monde-les-supporters-attendent-le-premier-coup-de-sifflet\/#primaryimage"},"thumbnailUrl":"https:\/\/lyonbondyblog.fr\/LBB\/wp-content\/uploads\/2013\/08\/france_t.jpg","keywords":["lyon","Lyon Bondy Blog"],"articleSection":["France"],"inLanguage":"fr-FR","potentialAction":[{"@type":"CommentAction","name":"Comment","target":["https:\/\/lyonbondyblog.fr\/LBB\/coupe-du-monde-les-supporters-attendent-le-premier-coup-de-sifflet\/#respond"]}]},{"@type":"WebPage","@id":"https:\/\/lyonbondyblog.fr\/LBB\/coupe-du-monde-les-supporters-attendent-le-premier-coup-de-sifflet\/","url":"https:\/\/lyonbondyblog.fr\/LBB\/coupe-du-monde-les-supporters-attendent-le-premier-coup-de-sifflet\/","name":"Coupe du Monde : les supporters attendent le premier coup de sifflet - Lyon Bondy Blog","isPartOf":{"@id":"https:\/\/lyonbondyblog.fr\/LBB\/#website"},"primaryImageOfPage":{"@id":"https:\/\/lyonbondyblog.fr\/LBB\/coupe-du-monde-les-supporters-attendent-le-premier-coup-de-sifflet\/#primaryimage"},"image":{"@id":"https:\/\/lyonbondyblog.fr\/LBB\/coupe-du-monde-les-supporters-attendent-le-premier-coup-de-sifflet\/#primaryimage"},"thumbnailUrl":"https:\/\/lyonbondyblog.fr\/LBB\/wp-content\/uploads\/2013\/08\/france_t.jpg","datePublished":"2010-06-11T09:27:16+00:00","dateModified":"2013-08-01T09:29:42+00:00","inLanguage":"fr-FR","potentialAction":[{"@type":"ReadAction","target":["https:\/\/lyonbondyblog.fr\/LBB\/coupe-du-monde-les-supporters-attendent-le-premier-coup-de-sifflet\/"]}]},{"@type":"ImageObject","inLanguage":"fr-FR","@id":"https:\/\/lyonbondyblog.fr\/LBB\/coupe-du-monde-les-supporters-attendent-le-premier-coup-de-sifflet\/#primaryimage","url":"https:\/\/lyonbondyblog.fr\/LBB\/wp-content\/uploads\/2013\/08\/france_t.jpg","contentUrl":"https:\/\/lyonbondyblog.fr\/LBB\/wp-content\/uploads\/2013\/08\/france_t.jpg","width":193,"height":128},{"@type":"WebSite","@id":"https:\/\/lyonbondyblog.fr\/LBB\/#website","url":"https:\/\/lyonbondyblog.fr\/LBB\/","name":"Lyon Bondy Blog","description":"","publisher":{"@id":"https:\/\/lyonbondyblog.fr\/LBB\/#organization"},"potentialAction":[{"@type":"SearchAction","target":{"@type":"EntryPoint","urlTemplate":"https:\/\/lyonbondyblog.fr\/LBB\/?s={search_term_string}"},"query-input":"required name=search_term_string"}],"inLanguage":"fr-FR"},{"@type":"Organization","@id":"https:\/\/lyonbondyblog.fr\/LBB\/#organization","name":"LYON BONDY BLOG","url":"https:\/\/lyonbondyblog.fr\/LBB\/","logo":{"@type":"ImageObject","inLanguage":"fr-FR","@id":"https:\/\/lyonbondyblog.fr\/LBB\/#\/schema\/logo\/image\/","url":"http:\/\/lyonbondyblog.fr\/LBB\/wp-content\/uploads\/2014\/10\/logo-portable-144.png","contentUrl":"http:\/\/lyonbondyblog.fr\/LBB\/wp-content\/uploads\/2014\/10\/logo-portable-144.png","width":144,"height":123,"caption":"LYON BONDY BLOG"},"image":{"@id":"https:\/\/lyonbondyblog.fr\/LBB\/#\/schema\/logo\/image\/"},"sameAs":["https:\/\/www.facebook.com\/lyonbondyblog","https:\/\/x.com\/bondybloglyon"]},{"@type":"Person","@id":"https:\/\/lyonbondyblog.fr\/LBB\/#\/schema\/person\/e45f8d27baac75072daa0be50c409b25","name":"La r\u00e9daction","description":"Cr\u00e9e en 2008, la r\u00e9daction du Lyon Bondy Blog s'applique \u00e0 proposer une information locale diff\u00e9rente et compl\u00e9mentaire des m\u00e9dias traditionnels.","sameAs":["https:\/\/www.facebook.com\/lyonbondyblog","https:\/\/x.com\/BondyBlogLyon"],"url":"https:\/\/lyonbondyblog.fr\/LBB\/author\/admin\/"}]}},"_links":{"self":[{"href":"https:\/\/lyonbondyblog.fr\/LBB\/wp-json\/wp\/v2\/posts\/2716","targetHints":{"allow":["GET"]}}],"collection":[{"href":"https:\/\/lyonbondyblog.fr\/LBB\/wp-json\/wp\/v2\/posts"}],"about":[{"href":"https:\/\/lyonbondyblog.fr\/LBB\/wp-json\/wp\/v2\/types\/post"}],"author":[{"embeddable":true,"href":"https:\/\/lyonbondyblog.fr\/LBB\/wp-json\/wp\/v2\/users\/1"}],"replies":[{"embeddable":true,"href":"https:\/\/lyonbondyblog.fr\/LBB\/wp-json\/wp\/v2\/comments?post=2716"}],"version-history":[{"count":0,"href":"https:\/\/lyonbondyblog.fr\/LBB\/wp-json\/wp\/v2\/posts\/2716\/revisions"}],"wp:featuredmedia":[{"embeddable":true,"href":"https:\/\/lyonbondyblog.fr\/LBB\/wp-json\/wp\/v2\/media\/2718"}],"wp:attachment":[{"href":"https:\/\/lyonbondyblog.fr\/LBB\/wp-json\/wp\/v2\/media?parent=2716"}],"wp:term":[{"taxonomy":"category","embeddable":true,"href":"https:\/\/lyonbondyblog.fr\/LBB\/wp-json\/wp\/v2\/categories?post=2716"},{"taxonomy":"post_tag","embeddable":true,"href":"https:\/\/lyonbondyblog.fr\/LBB\/wp-json\/wp\/v2\/tags?post=2716"}],"curies":[{"name":"wp","href":"https:\/\/api.w.org\/{rel}","templated":true}]}}