{"id":27074,"date":"2022-02-02T17:00:00","date_gmt":"2022-02-02T16:00:00","guid":{"rendered":"http:\/\/lyonbondyblog.fr\/LBB\/?p=27074"},"modified":"2022-02-07T10:04:25","modified_gmt":"2022-02-07T09:04:25","slug":"festival-international-du-film-sur-les-handicaps-fifh-un-cinema-exigeant-re-enchanteur-du-vivre-ensemble","status":"publish","type":"post","link":"https:\/\/lyonbondyblog.fr\/LBB\/festival-international-du-film-sur-les-handicaps-fifh-un-cinema-exigeant-re-enchanteur-du-vivre-ensemble\/","title":{"rendered":"Festival International du Film sur les Handicaps (FIFH) : un cin\u00e9ma exigeant r\u00e9-enchanteur du vivre-ensemble"},"content":{"rendered":"\n<h2 class=\"wp-block-heading\">Du 4 au 9 f\u00e9vrier 2022, Lyon accueille la cinqui\u00e8me \u00e9dition du festival FIFH. La s\u00e9lection promet de changer nos regards sur la diversit\u00e9 humaine par un voyage \u00e0 travers des histoires \u00e9tonnantes et venues d\u2019ailleurs. Les \u0153uvres seront projet\u00e9es notamment au cin\u00e9ma Lumi\u00e8re Terreaux, \u00e0 l\u2019Institut Lumi\u00e8re, au cin\u00e9ma Comoedia, au si\u00e8ge d\u2019Orange Lumi\u00e8re et \u00e0 l\u2019Universit\u00e9 Lumi\u00e8re Lyon 2.&nbsp;Les entr\u00e9es sont pour la plupart libres et gratuites mais sur r\u00e9servation.&nbsp;<\/h2>\n\n\n\n<p>Pr\u00e8s de 70 films et courts-m\u00e9trages fictions et documentaires provenant de 23 pays sont en comp\u00e9tition.&nbsp;La fondatrice du <a href=\"https:\/\/www.festival-international-du-film-sur-le-handicap.fr\">FIFH<\/a>, Katia Martin-Maresco, se ravit de l\u2019ampleur que prend l\u2019\u00e9v\u00e8nement : \u00ab&nbsp;<em>Je ne pensais pas du tout qu\u2019il y allait avoir un tel engouement et qu\u2019on recevrait des films qui viennent du Japon, d\u2019Australie, du Canada\u2026 c\u2019est extraordinaire&nbsp;! Quand on a d\u00e9marr\u00e9, on avait re\u00e7u une cinquantaine de films mais la majorit\u00e9 \u00e9taient des films reportages, et c\u2019est ce qui ne m\u2019int\u00e9resse pas<\/em>&nbsp;\u00bb.<\/p>\n\n\n\n<p>La s\u00e9lection qui a \u00e9t\u00e9 faite cette ann\u00e9e parmi 2000 films venus des quatre coins du monde est exigeante et \u00ab&nbsp;<em>permet les identifications habituelles du cin\u00e9ma&nbsp;\u00bb,&nbsp;<\/em>affirme le parrain du festival Philippe Lefait dans un t\u00e9moignage du dossier de presse. Si vous vous rendez \u00e0 des projections, vous ne d\u00e9couvrirez donc pas des reportages classiques sur les handicaps mais des histoires fantastiques, dr\u00f4les, surprenantes\u2026 soit de v\u00e9ritables films de cin\u00e9ma. Katia Martin-Maresco, elle-m\u00eame r\u00e9alisatrice et donc passionn\u00e9e du septi\u00e8me art insiste&nbsp;:&nbsp;\u00ab&nbsp;<em>C\u2019est un festival de cin\u00e9ma avant tout, avec des sc\u00e9narios, des acteurs&nbsp;: ce n\u2019est pas un festival m\u00e9dicalis\u00e9, et c\u2019est cela que l\u2019on a du mal \u00e0 faire comprendre en France<\/em>&nbsp;\u00bb. Cette cinqui\u00e8me \u00e9dition repr\u00e9sente d\u2019ailleurs un double int\u00e9r\u00eat puisqu\u2019elle met en lumi\u00e8re nombre de films r\u00e9alis\u00e9s par des femmes.<\/p>\n\n\n\n<p><\/p>\n\n\n\n<p><\/p>\n\n\n\n<figure class=\"wp-block-image size-full\"><img loading=\"lazy\" decoding=\"async\" width=\"1920\" height=\"1080\" src=\"https:\/\/lyonbondyblog.fr\/LBB\/wp-content\/uploads\/2022\/02\/Photo-8-1602326989604-4.jpg\" alt=\"\" class=\"wp-image-27075\" srcset=\"https:\/\/lyonbondyblog.fr\/LBB\/wp-content\/uploads\/2022\/02\/Photo-8-1602326989604-4.jpg 1920w, https:\/\/lyonbondyblog.fr\/LBB\/wp-content\/uploads\/2022\/02\/Photo-8-1602326989604-4-1200x675.jpg 1200w, https:\/\/lyonbondyblog.fr\/LBB\/wp-content\/uploads\/2022\/02\/Photo-8-1602326989604-4-768x432.jpg 768w, https:\/\/lyonbondyblog.fr\/LBB\/wp-content\/uploads\/2022\/02\/Photo-8-1602326989604-4-1536x864.jpg 1536w\" sizes=\"auto, (max-width: 1920px) 100vw, 1920px\" \/><figcaption><em>Mudflat<\/em>&nbsp;de Lee Hyuk (2021), Cor\u00e9e du Sud, 1h10, en comp\u00e9tition dans la cat\u00e9gorie Longs-m\u00e9trages fictions, cr\u00e9dits&nbsp;: FIFH<\/figcaption><\/figure>\n\n\n\n<p>La <a href=\"https:\/\/www.festival-international-du-film-sur-le-handicap.fr\/medias\/2022\/programme-fifh-2022-web.pdf\">programmation<\/a> est riche de diff\u00e9rentes cat\u00e9gories&nbsp;: outre les films de fiction et les documentaires, il existe des s\u00e9lections \u00e0 part qui se concentrent sur des th\u00e8mes pr\u00e9cis comme \u00ab&nbsp;Fais-moi du cin\u00e9ma&nbsp;\u00bb, \u00ab&nbsp;Je veux travailler&nbsp;!&nbsp;\u00bb et \u00ab&nbsp;Cartes Blanches&nbsp;\u00bb. \u00ab&nbsp;Fais-moi du cin\u00e9ma&nbsp;\u00bb rassemble des courts-m\u00e9trages r\u00e9alis\u00e9s en partenariat avec des \u00e9coles de cin\u00e9ma en France et \u00e0 l\u2019\u00e9tranger sur le th\u00e8me du handicap invisible. \u00ab&nbsp;Je veux travailler&nbsp;\u00bb correspond notamment \u00e0 des reportages en entreprises qui plongent dans la r\u00e9alit\u00e9 quotidienne des personnes en situation de handicap.&nbsp;<\/p>\n\n\n\n<h2 class=\"wp-block-heading\">Lyon, la seule ville de France o\u00f9 riment cin\u00e9ma et accessibilit\u00e9<\/h2>\n\n\n\n<p>Les nombreuses rencontres de Katia Martin-Maresco avec des personnes en situation de handicap lors du\u00a0<em>Tr\u00e8s Court International Film Festival<\/em>\u00a0ont r\u00e9v\u00e9l\u00e9 une volont\u00e9 commune de cr\u00e9er une s\u00e9lection d\u00e9di\u00e9e \u00e0 ce th\u00e8me. La quantit\u00e9 des films propos\u00e9s a vite transform\u00e9 les projections d\u2019une demi-heure au sein de l\u2019\u00e9v\u00e8nement en un festival d\u00e9di\u00e9, en collaboration avec le directeur des Tr\u00e8s Courts Philippe Caza.\u00a0<\/p>\n\n\n\n<div class=\"wp-block-image\"><figure class=\"aligncenter size-large is-resized\"><img loading=\"lazy\" decoding=\"async\" src=\"https:\/\/lyonbondyblog.fr\/LBB\/wp-content\/uploads\/2022\/02\/Katia-Martin-Maresco-photo-de-Lucien-Clergue-1920x1372.jpg\" alt=\"\" class=\"wp-image-27076\" width=\"604\" height=\"432\" srcset=\"https:\/\/lyonbondyblog.fr\/LBB\/wp-content\/uploads\/2022\/02\/Katia-Martin-Maresco-photo-de-Lucien-Clergue-1920x1372.jpg 1920w, https:\/\/lyonbondyblog.fr\/LBB\/wp-content\/uploads\/2022\/02\/Katia-Martin-Maresco-photo-de-Lucien-Clergue-1200x858.jpg 1200w, https:\/\/lyonbondyblog.fr\/LBB\/wp-content\/uploads\/2022\/02\/Katia-Martin-Maresco-photo-de-Lucien-Clergue-768x549.jpg 768w, https:\/\/lyonbondyblog.fr\/LBB\/wp-content\/uploads\/2022\/02\/Katia-Martin-Maresco-photo-de-Lucien-Clergue-1536x1098.jpg 1536w, https:\/\/lyonbondyblog.fr\/LBB\/wp-content\/uploads\/2022\/02\/Katia-Martin-Maresco-photo-de-Lucien-Clergue-2048x1464.jpg 2048w, https:\/\/lyonbondyblog.fr\/LBB\/wp-content\/uploads\/2022\/02\/Katia-Martin-Maresco-photo-de-Lucien-Clergue-120x85.jpg 120w\" sizes=\"auto, (max-width: 604px) 100vw, 604px\" \/><figcaption>Katia Martin-Maresco, fondatrice du FIFH, cr\u00e9dits&nbsp;: Lucien Clergue<\/figcaption><\/figure><\/div>\n\n\n\n<p>Apr\u00e8s les deux premi\u00e8res \u00e9ditions \u00e0 Cannes en 2016 et en 2017, le festival s\u2019est install\u00e9 \u00e0 Lyon l\u2019ann\u00e9e suivante car c\u2019est une ville de cin\u00e9ma accessible&nbsp;: \u00ab&nbsp;<em>Nous avons \u00e9t\u00e9 invit\u00e9s par la ville de Lyon parce qu\u2019elle donne la possibilit\u00e9 \u00e0 des personnes en situation de handicap de pouvoir se d\u00e9placer, que \u00e7a soit en bus, en tram, en m\u00e9tro, \u00e7a ne pose pas de souci<\/em>&nbsp;\u00bb, explique Katia Martin Maresco. En effet, Lyon a re\u00e7u le prix de la ville la plus accessible d\u2019Europe en 2018, l<em>\u2019Access City Award<\/em>, d\u00e9cern\u00e9 par la Commission europ\u00e9enne.&nbsp;<\/p>\n\n\n\n<h2 class=\"wp-block-heading\">L\u2019\u00e9ducation des jeunes g\u00e9n\u00e9rations, premi\u00e8re arme pour changer la vision du handicap<\/h2>\n\n\n\n<p>La phrase qui a avant tout inspir\u00e9 la fondatrice, c\u2019est celle de Nelson Mandela, \u00ab&nbsp;<em>L\u2019\u00e9ducation est l\u2019arme la plus puissante qui puisse changer le monde<\/em>&nbsp;\u00bb. Toutes les projections en matin\u00e9e sont destin\u00e9es aux scolaires et le festival a \u00e9galement une forme nomade gr\u00e2ce au Tour&nbsp;Festival. Il permet de diffuser sur l\u2019ensemble du territoire des s\u00e9lections de courts-m\u00e9trages traitant de toutes sortes de handicap. Chaque action men\u00e9e est&nbsp;en partenariat avec des collectivit\u00e9s locales, un \u00e9tablissement public, une association ou une entreprise. Par exemple,&nbsp;une projection sp\u00e9ciale pour l\u2019enfance sera propos\u00e9e aux enfants, parents et enseignants de l\u2019\u00c9cole Jules-Ferry d\u2019Oullins le mardi 8 f\u00e9vrier.&nbsp;<\/p>\n\n\n\n<p>Katia Martin-Maresco reste cependant nuanc\u00e9e sur l\u2019impact \u00e0 long terme que pourrait avoir le festival sur les spectateurs. D\u2019apr\u00e8s elle, le FIFH \u00ab&nbsp;<em>ne changera pas le regard des adultes, qui sont pour la plupart born\u00e9s&nbsp;\u00bb.&nbsp;<\/em>C\u2019est pour cela qu\u2019elle s\u2019int\u00e9resse d\u2019abord aux scolaires&nbsp;: \u00ab&nbsp;<em>toutes les matin\u00e9es leurs sont destin\u00e9es, parce que ce sont eux qui vont nous fabriquer la soci\u00e9t\u00e9 de demain<\/em><em>et qui vont \u00e9duquer leurs parents&nbsp;\u00bb.&nbsp;<\/em><\/p>\n\n\n\n<div class=\"wp-block-image\"><figure class=\"aligncenter size-large is-resized\"><img loading=\"lazy\" decoding=\"async\" src=\"https:\/\/lyonbondyblog.fr\/LBB\/wp-content\/uploads\/2022\/02\/Still-2_A-Butterflys-heart-1920x1280.jpg\" alt=\"\" class=\"wp-image-27077\" width=\"751\" height=\"501\" srcset=\"https:\/\/lyonbondyblog.fr\/LBB\/wp-content\/uploads\/2022\/02\/Still-2_A-Butterflys-heart-1920x1280.jpg 1920w, https:\/\/lyonbondyblog.fr\/LBB\/wp-content\/uploads\/2022\/02\/Still-2_A-Butterflys-heart-1200x800.jpg 1200w, https:\/\/lyonbondyblog.fr\/LBB\/wp-content\/uploads\/2022\/02\/Still-2_A-Butterflys-heart-768x512.jpg 768w, https:\/\/lyonbondyblog.fr\/LBB\/wp-content\/uploads\/2022\/02\/Still-2_A-Butterflys-heart-1536x1024.jpg 1536w, https:\/\/lyonbondyblog.fr\/LBB\/wp-content\/uploads\/2022\/02\/Still-2_A-Butterflys-heart-272x182.jpg 272w, https:\/\/lyonbondyblog.fr\/LBB\/wp-content\/uploads\/2022\/02\/Still-2_A-Butterflys-heart.jpg 2048w\" sizes=\"auto, (max-width: 751px) 100vw, 751px\" \/><figcaption><em>A Butterfly\u2019s heart&nbsp;<\/em>d\u2019Inesa Kurklietyte, 2021, Lituanie, 1h48, en comp\u00e9tition dans la cat\u00e9gorie Longs-m\u00e9trages fictions, cr\u00e9dits&nbsp;: FIFH<\/figcaption><\/figure><\/div>\n\n\n\n<p>Elle fait par ailleurs le triste constat que la France est en retard sur la consid\u00e9ration des personnes en situation de handicap par rapport aux pays \u00e9trangers, notamment dans le milieu du cin\u00e9ma&nbsp;: \u00ab<em>&nbsp;Handicap\u00e9, c\u2019est un mot qui fait peur en France mais pas ailleurs. J\u2019aimerai bien qu\u2019on ait plus besoin de faire un festival sur ce th\u00e8me-l\u00e0&nbsp;\u00bb.&nbsp;<\/em><\/p>\n\n\n\n<p>Le FIFH reste n\u00e9anmoins un \u00e9v\u00e8nement remarquable en ce qu\u2019il participe \u00e0 changer la vision du monde sur le handicap par le 7<sup>\u00e8me<\/sup>&nbsp;art. Il propose des films fran\u00e7ais et \u00e9trangers de grande qualit\u00e9, dignes de ravir un public diversifi\u00e9 et les cin\u00e9philes en qu\u00eate de nouveaut\u00e9s et de surprises.&nbsp;<\/p>\n\n\n\n<p>Aurore Ployer<\/p>\n\n\n\n<p>&nbsp;<\/p>\n<!-- AddThis Advanced Settings generic via filter on the_content --><!-- AddThis Share Buttons generic via filter on the_content -->","protected":false},"excerpt":{"rendered":"<p>Du 4 au 9 f\u00e9vrier 2022, Lyon accueille la cinqui\u00e8me \u00e9dition du festival FIFH. La s\u00e9lection promet de changer nos regards sur la diversit\u00e9 humaine &hellip; <!-- AddThis Advanced Settings generic via filter on wp_trim_excerpt --><!-- AddThis Share Buttons generic via filter on wp_trim_excerpt --><\/p>\n","protected":false},"author":1,"featured_media":27078,"comment_status":"open","ping_status":"open","sticky":true,"template":"","format":"standard","meta":{"_FSMCFIC_featured_image_caption":"","_FSMCFIC_featured_image_nocaption":"","_FSMCFIC_featured_image_hide":"","footnotes":""},"categories":[11249,13114,3,3792,18122],"tags":[],"class_list":["post-27074","post","type-post","status-publish","format-standard","has-post-thumbnail","hentry","category-art","category-cinema","category-culture","category-festival","category-handicap"],"yoast_head":"<!-- This site is optimized with the Yoast SEO plugin v22.8 - https:\/\/yoast.com\/wordpress\/plugins\/seo\/ -->\n<title>Festival International du Film sur les Handicaps (FIFH) : un cin\u00e9ma exigeant r\u00e9-enchanteur du vivre-ensemble - Lyon Bondy Blog<\/title>\n<meta name=\"description\" content=\"Du 4 au 9 f\u00e9vrier 2022, Lyon accueille la cinqui\u00e8me \u00e9dition du festival FIFH. La s\u00e9lection promet de changer nos regards sur la diversit\u00e9 humaine par un voyage \u00e0 travers des histoires \u00e9tonnantes et venues d\u2019ailleurs.\" \/>\n<meta name=\"robots\" content=\"index, follow, max-snippet:-1, max-image-preview:large, max-video-preview:-1\" \/>\n<link rel=\"canonical\" href=\"https:\/\/lyonbondyblog.fr\/LBB\/festival-international-du-film-sur-les-handicaps-fifh-un-cinema-exigeant-re-enchanteur-du-vivre-ensemble\/\" \/>\n<meta property=\"og:locale\" content=\"fr_FR\" \/>\n<meta property=\"og:type\" content=\"article\" \/>\n<meta property=\"og:title\" content=\"Festival International du Film sur les Handicaps (FIFH) : un cin\u00e9ma exigeant r\u00e9-enchanteur du vivre-ensemble - Lyon Bondy Blog\" \/>\n<meta property=\"og:description\" content=\"Du 4 au 9 f\u00e9vrier 2022, Lyon accueille la cinqui\u00e8me \u00e9dition du festival FIFH. La s\u00e9lection promet de changer nos regards sur la diversit\u00e9 humaine par un voyage \u00e0 travers des histoires \u00e9tonnantes et venues d\u2019ailleurs.\" \/>\n<meta property=\"og:url\" content=\"https:\/\/lyonbondyblog.fr\/LBB\/festival-international-du-film-sur-les-handicaps-fifh-un-cinema-exigeant-re-enchanteur-du-vivre-ensemble\/\" \/>\n<meta property=\"og:site_name\" content=\"Lyon Bondy Blog\" \/>\n<meta property=\"article:publisher\" content=\"https:\/\/www.facebook.com\/lyonbondyblog\" \/>\n<meta property=\"article:author\" content=\"https:\/\/www.facebook.com\/lyonbondyblog\" \/>\n<meta property=\"article:published_time\" content=\"2022-02-02T16:00:00+00:00\" \/>\n<meta property=\"article:modified_time\" content=\"2022-02-07T09:04:25+00:00\" \/>\n<meta property=\"og:image\" content=\"https:\/\/lyonbondyblog.fr\/LBB\/wp-content\/uploads\/2022\/02\/Affiche-FIFH2022-A4-horiz-web.jpeg\" \/>\n\t<meta property=\"og:image:width\" content=\"850\" \/>\n\t<meta property=\"og:image:height\" content=\"595\" \/>\n\t<meta property=\"og:image:type\" content=\"image\/jpeg\" \/>\n<meta name=\"author\" content=\"La r\u00e9daction\" \/>\n<meta name=\"twitter:card\" content=\"summary_large_image\" \/>\n<meta name=\"twitter:creator\" content=\"@BondyBlogLyon\" \/>\n<meta name=\"twitter:site\" content=\"@bondybloglyon\" \/>\n<script type=\"application\/ld+json\" class=\"yoast-schema-graph\">{\"@context\":\"https:\/\/schema.org\",\"@graph\":[{\"@type\":\"Article\",\"@id\":\"https:\/\/lyonbondyblog.fr\/LBB\/festival-international-du-film-sur-les-handicaps-fifh-un-cinema-exigeant-re-enchanteur-du-vivre-ensemble\/#article\",\"isPartOf\":{\"@id\":\"https:\/\/lyonbondyblog.fr\/LBB\/festival-international-du-film-sur-les-handicaps-fifh-un-cinema-exigeant-re-enchanteur-du-vivre-ensemble\/\"},\"author\":{\"name\":\"La r\u00e9daction\",\"@id\":\"https:\/\/lyonbondyblog.fr\/LBB\/#\/schema\/person\/e45f8d27baac75072daa0be50c409b25\"},\"headline\":\"Festival International du Film sur les Handicaps (FIFH) : un cin\u00e9ma exigeant r\u00e9-enchanteur du vivre-ensemble\",\"datePublished\":\"2022-02-02T16:00:00+00:00\",\"dateModified\":\"2022-02-07T09:04:25+00:00\",\"mainEntityOfPage\":{\"@id\":\"https:\/\/lyonbondyblog.fr\/LBB\/festival-international-du-film-sur-les-handicaps-fifh-un-cinema-exigeant-re-enchanteur-du-vivre-ensemble\/\"},\"wordCount\":1085,\"commentCount\":0,\"publisher\":{\"@id\":\"https:\/\/lyonbondyblog.fr\/LBB\/#organization\"},\"image\":{\"@id\":\"https:\/\/lyonbondyblog.fr\/LBB\/festival-international-du-film-sur-les-handicaps-fifh-un-cinema-exigeant-re-enchanteur-du-vivre-ensemble\/#primaryimage\"},\"thumbnailUrl\":\"https:\/\/lyonbondyblog.fr\/LBB\/wp-content\/uploads\/2022\/02\/Affiche-FIFH2022-A4-horiz-web.jpeg\",\"articleSection\":[\"Art\",\"Cin\u00e9ma\",\"Culture\",\"Festival\",\"Handicap\"],\"inLanguage\":\"fr-FR\",\"potentialAction\":[{\"@type\":\"CommentAction\",\"name\":\"Comment\",\"target\":[\"https:\/\/lyonbondyblog.fr\/LBB\/festival-international-du-film-sur-les-handicaps-fifh-un-cinema-exigeant-re-enchanteur-du-vivre-ensemble\/#respond\"]}]},{\"@type\":\"WebPage\",\"@id\":\"https:\/\/lyonbondyblog.fr\/LBB\/festival-international-du-film-sur-les-handicaps-fifh-un-cinema-exigeant-re-enchanteur-du-vivre-ensemble\/\",\"url\":\"https:\/\/lyonbondyblog.fr\/LBB\/festival-international-du-film-sur-les-handicaps-fifh-un-cinema-exigeant-re-enchanteur-du-vivre-ensemble\/\",\"name\":\"Festival International du Film sur les Handicaps (FIFH) : un cin\u00e9ma exigeant r\u00e9-enchanteur du vivre-ensemble - Lyon Bondy Blog\",\"isPartOf\":{\"@id\":\"https:\/\/lyonbondyblog.fr\/LBB\/#website\"},\"primaryImageOfPage\":{\"@id\":\"https:\/\/lyonbondyblog.fr\/LBB\/festival-international-du-film-sur-les-handicaps-fifh-un-cinema-exigeant-re-enchanteur-du-vivre-ensemble\/#primaryimage\"},\"image\":{\"@id\":\"https:\/\/lyonbondyblog.fr\/LBB\/festival-international-du-film-sur-les-handicaps-fifh-un-cinema-exigeant-re-enchanteur-du-vivre-ensemble\/#primaryimage\"},\"thumbnailUrl\":\"https:\/\/lyonbondyblog.fr\/LBB\/wp-content\/uploads\/2022\/02\/Affiche-FIFH2022-A4-horiz-web.jpeg\",\"datePublished\":\"2022-02-02T16:00:00+00:00\",\"dateModified\":\"2022-02-07T09:04:25+00:00\",\"description\":\"Du 4 au 9 f\u00e9vrier 2022, Lyon accueille la cinqui\u00e8me \u00e9dition du festival FIFH. La s\u00e9lection promet de changer nos regards sur la diversit\u00e9 humaine par un voyage \u00e0 travers des histoires \u00e9tonnantes et venues d\u2019ailleurs.\",\"inLanguage\":\"fr-FR\",\"potentialAction\":[{\"@type\":\"ReadAction\",\"target\":[\"https:\/\/lyonbondyblog.fr\/LBB\/festival-international-du-film-sur-les-handicaps-fifh-un-cinema-exigeant-re-enchanteur-du-vivre-ensemble\/\"]}]},{\"@type\":\"ImageObject\",\"inLanguage\":\"fr-FR\",\"@id\":\"https:\/\/lyonbondyblog.fr\/LBB\/festival-international-du-film-sur-les-handicaps-fifh-un-cinema-exigeant-re-enchanteur-du-vivre-ensemble\/#primaryimage\",\"url\":\"https:\/\/lyonbondyblog.fr\/LBB\/wp-content\/uploads\/2022\/02\/Affiche-FIFH2022-A4-horiz-web.jpeg\",\"contentUrl\":\"https:\/\/lyonbondyblog.fr\/LBB\/wp-content\/uploads\/2022\/02\/Affiche-FIFH2022-A4-horiz-web.jpeg\",\"width\":850,\"height\":595},{\"@type\":\"WebSite\",\"@id\":\"https:\/\/lyonbondyblog.fr\/LBB\/#website\",\"url\":\"https:\/\/lyonbondyblog.fr\/LBB\/\",\"name\":\"Lyon Bondy Blog\",\"description\":\"\",\"publisher\":{\"@id\":\"https:\/\/lyonbondyblog.fr\/LBB\/#organization\"},\"potentialAction\":[{\"@type\":\"SearchAction\",\"target\":{\"@type\":\"EntryPoint\",\"urlTemplate\":\"https:\/\/lyonbondyblog.fr\/LBB\/?s={search_term_string}\"},\"query-input\":\"required name=search_term_string\"}],\"inLanguage\":\"fr-FR\"},{\"@type\":\"Organization\",\"@id\":\"https:\/\/lyonbondyblog.fr\/LBB\/#organization\",\"name\":\"LYON BONDY BLOG\",\"url\":\"https:\/\/lyonbondyblog.fr\/LBB\/\",\"logo\":{\"@type\":\"ImageObject\",\"inLanguage\":\"fr-FR\",\"@id\":\"https:\/\/lyonbondyblog.fr\/LBB\/#\/schema\/logo\/image\/\",\"url\":\"http:\/\/lyonbondyblog.fr\/LBB\/wp-content\/uploads\/2014\/10\/logo-portable-144.png\",\"contentUrl\":\"http:\/\/lyonbondyblog.fr\/LBB\/wp-content\/uploads\/2014\/10\/logo-portable-144.png\",\"width\":144,\"height\":123,\"caption\":\"LYON BONDY BLOG\"},\"image\":{\"@id\":\"https:\/\/lyonbondyblog.fr\/LBB\/#\/schema\/logo\/image\/\"},\"sameAs\":[\"https:\/\/www.facebook.com\/lyonbondyblog\",\"https:\/\/x.com\/bondybloglyon\"]},{\"@type\":\"Person\",\"@id\":\"https:\/\/lyonbondyblog.fr\/LBB\/#\/schema\/person\/e45f8d27baac75072daa0be50c409b25\",\"name\":\"La r\u00e9daction\",\"description\":\"Cr\u00e9e en 2008, la r\u00e9daction du Lyon Bondy Blog s'applique \u00e0 proposer une information locale diff\u00e9rente et compl\u00e9mentaire des m\u00e9dias traditionnels.\",\"sameAs\":[\"https:\/\/www.facebook.com\/lyonbondyblog\",\"https:\/\/x.com\/BondyBlogLyon\"],\"url\":\"https:\/\/lyonbondyblog.fr\/LBB\/author\/admin\/\"}]}<\/script>\n<!-- \/ Yoast SEO plugin. -->","yoast_head_json":{"title":"Festival International du Film sur les Handicaps (FIFH) : un cin\u00e9ma exigeant r\u00e9-enchanteur du vivre-ensemble - Lyon Bondy Blog","description":"Du 4 au 9 f\u00e9vrier 2022, Lyon accueille la cinqui\u00e8me \u00e9dition du festival FIFH. La s\u00e9lection promet de changer nos regards sur la diversit\u00e9 humaine par un voyage \u00e0 travers des histoires \u00e9tonnantes et venues d\u2019ailleurs.","robots":{"index":"index","follow":"follow","max-snippet":"max-snippet:-1","max-image-preview":"max-image-preview:large","max-video-preview":"max-video-preview:-1"},"canonical":"https:\/\/lyonbondyblog.fr\/LBB\/festival-international-du-film-sur-les-handicaps-fifh-un-cinema-exigeant-re-enchanteur-du-vivre-ensemble\/","og_locale":"fr_FR","og_type":"article","og_title":"Festival International du Film sur les Handicaps (FIFH) : un cin\u00e9ma exigeant r\u00e9-enchanteur du vivre-ensemble - Lyon Bondy Blog","og_description":"Du 4 au 9 f\u00e9vrier 2022, Lyon accueille la cinqui\u00e8me \u00e9dition du festival FIFH. La s\u00e9lection promet de changer nos regards sur la diversit\u00e9 humaine par un voyage \u00e0 travers des histoires \u00e9tonnantes et venues d\u2019ailleurs.","og_url":"https:\/\/lyonbondyblog.fr\/LBB\/festival-international-du-film-sur-les-handicaps-fifh-un-cinema-exigeant-re-enchanteur-du-vivre-ensemble\/","og_site_name":"Lyon Bondy Blog","article_publisher":"https:\/\/www.facebook.com\/lyonbondyblog","article_author":"https:\/\/www.facebook.com\/lyonbondyblog","article_published_time":"2022-02-02T16:00:00+00:00","article_modified_time":"2022-02-07T09:04:25+00:00","og_image":[{"width":850,"height":595,"url":"https:\/\/lyonbondyblog.fr\/LBB\/wp-content\/uploads\/2022\/02\/Affiche-FIFH2022-A4-horiz-web.jpeg","type":"image\/jpeg"}],"author":"La r\u00e9daction","twitter_card":"summary_large_image","twitter_creator":"@BondyBlogLyon","twitter_site":"@bondybloglyon","schema":{"@context":"https:\/\/schema.org","@graph":[{"@type":"Article","@id":"https:\/\/lyonbondyblog.fr\/LBB\/festival-international-du-film-sur-les-handicaps-fifh-un-cinema-exigeant-re-enchanteur-du-vivre-ensemble\/#article","isPartOf":{"@id":"https:\/\/lyonbondyblog.fr\/LBB\/festival-international-du-film-sur-les-handicaps-fifh-un-cinema-exigeant-re-enchanteur-du-vivre-ensemble\/"},"author":{"name":"La r\u00e9daction","@id":"https:\/\/lyonbondyblog.fr\/LBB\/#\/schema\/person\/e45f8d27baac75072daa0be50c409b25"},"headline":"Festival International du Film sur les Handicaps (FIFH) : un cin\u00e9ma exigeant r\u00e9-enchanteur du vivre-ensemble","datePublished":"2022-02-02T16:00:00+00:00","dateModified":"2022-02-07T09:04:25+00:00","mainEntityOfPage":{"@id":"https:\/\/lyonbondyblog.fr\/LBB\/festival-international-du-film-sur-les-handicaps-fifh-un-cinema-exigeant-re-enchanteur-du-vivre-ensemble\/"},"wordCount":1085,"commentCount":0,"publisher":{"@id":"https:\/\/lyonbondyblog.fr\/LBB\/#organization"},"image":{"@id":"https:\/\/lyonbondyblog.fr\/LBB\/festival-international-du-film-sur-les-handicaps-fifh-un-cinema-exigeant-re-enchanteur-du-vivre-ensemble\/#primaryimage"},"thumbnailUrl":"https:\/\/lyonbondyblog.fr\/LBB\/wp-content\/uploads\/2022\/02\/Affiche-FIFH2022-A4-horiz-web.jpeg","articleSection":["Art","Cin\u00e9ma","Culture","Festival","Handicap"],"inLanguage":"fr-FR","potentialAction":[{"@type":"CommentAction","name":"Comment","target":["https:\/\/lyonbondyblog.fr\/LBB\/festival-international-du-film-sur-les-handicaps-fifh-un-cinema-exigeant-re-enchanteur-du-vivre-ensemble\/#respond"]}]},{"@type":"WebPage","@id":"https:\/\/lyonbondyblog.fr\/LBB\/festival-international-du-film-sur-les-handicaps-fifh-un-cinema-exigeant-re-enchanteur-du-vivre-ensemble\/","url":"https:\/\/lyonbondyblog.fr\/LBB\/festival-international-du-film-sur-les-handicaps-fifh-un-cinema-exigeant-re-enchanteur-du-vivre-ensemble\/","name":"Festival International du Film sur les Handicaps (FIFH) : un cin\u00e9ma exigeant r\u00e9-enchanteur du vivre-ensemble - Lyon Bondy Blog","isPartOf":{"@id":"https:\/\/lyonbondyblog.fr\/LBB\/#website"},"primaryImageOfPage":{"@id":"https:\/\/lyonbondyblog.fr\/LBB\/festival-international-du-film-sur-les-handicaps-fifh-un-cinema-exigeant-re-enchanteur-du-vivre-ensemble\/#primaryimage"},"image":{"@id":"https:\/\/lyonbondyblog.fr\/LBB\/festival-international-du-film-sur-les-handicaps-fifh-un-cinema-exigeant-re-enchanteur-du-vivre-ensemble\/#primaryimage"},"thumbnailUrl":"https:\/\/lyonbondyblog.fr\/LBB\/wp-content\/uploads\/2022\/02\/Affiche-FIFH2022-A4-horiz-web.jpeg","datePublished":"2022-02-02T16:00:00+00:00","dateModified":"2022-02-07T09:04:25+00:00","description":"Du 4 au 9 f\u00e9vrier 2022, Lyon accueille la cinqui\u00e8me \u00e9dition du festival FIFH. La s\u00e9lection promet de changer nos regards sur la diversit\u00e9 humaine par un voyage \u00e0 travers des histoires \u00e9tonnantes et venues d\u2019ailleurs.","inLanguage":"fr-FR","potentialAction":[{"@type":"ReadAction","target":["https:\/\/lyonbondyblog.fr\/LBB\/festival-international-du-film-sur-les-handicaps-fifh-un-cinema-exigeant-re-enchanteur-du-vivre-ensemble\/"]}]},{"@type":"ImageObject","inLanguage":"fr-FR","@id":"https:\/\/lyonbondyblog.fr\/LBB\/festival-international-du-film-sur-les-handicaps-fifh-un-cinema-exigeant-re-enchanteur-du-vivre-ensemble\/#primaryimage","url":"https:\/\/lyonbondyblog.fr\/LBB\/wp-content\/uploads\/2022\/02\/Affiche-FIFH2022-A4-horiz-web.jpeg","contentUrl":"https:\/\/lyonbondyblog.fr\/LBB\/wp-content\/uploads\/2022\/02\/Affiche-FIFH2022-A4-horiz-web.jpeg","width":850,"height":595},{"@type":"WebSite","@id":"https:\/\/lyonbondyblog.fr\/LBB\/#website","url":"https:\/\/lyonbondyblog.fr\/LBB\/","name":"Lyon Bondy Blog","description":"","publisher":{"@id":"https:\/\/lyonbondyblog.fr\/LBB\/#organization"},"potentialAction":[{"@type":"SearchAction","target":{"@type":"EntryPoint","urlTemplate":"https:\/\/lyonbondyblog.fr\/LBB\/?s={search_term_string}"},"query-input":"required name=search_term_string"}],"inLanguage":"fr-FR"},{"@type":"Organization","@id":"https:\/\/lyonbondyblog.fr\/LBB\/#organization","name":"LYON BONDY BLOG","url":"https:\/\/lyonbondyblog.fr\/LBB\/","logo":{"@type":"ImageObject","inLanguage":"fr-FR","@id":"https:\/\/lyonbondyblog.fr\/LBB\/#\/schema\/logo\/image\/","url":"http:\/\/lyonbondyblog.fr\/LBB\/wp-content\/uploads\/2014\/10\/logo-portable-144.png","contentUrl":"http:\/\/lyonbondyblog.fr\/LBB\/wp-content\/uploads\/2014\/10\/logo-portable-144.png","width":144,"height":123,"caption":"LYON BONDY BLOG"},"image":{"@id":"https:\/\/lyonbondyblog.fr\/LBB\/#\/schema\/logo\/image\/"},"sameAs":["https:\/\/www.facebook.com\/lyonbondyblog","https:\/\/x.com\/bondybloglyon"]},{"@type":"Person","@id":"https:\/\/lyonbondyblog.fr\/LBB\/#\/schema\/person\/e45f8d27baac75072daa0be50c409b25","name":"La r\u00e9daction","description":"Cr\u00e9e en 2008, la r\u00e9daction du Lyon Bondy Blog s'applique \u00e0 proposer une information locale diff\u00e9rente et compl\u00e9mentaire des m\u00e9dias traditionnels.","sameAs":["https:\/\/www.facebook.com\/lyonbondyblog","https:\/\/x.com\/BondyBlogLyon"],"url":"https:\/\/lyonbondyblog.fr\/LBB\/author\/admin\/"}]}},"_links":{"self":[{"href":"https:\/\/lyonbondyblog.fr\/LBB\/wp-json\/wp\/v2\/posts\/27074","targetHints":{"allow":["GET"]}}],"collection":[{"href":"https:\/\/lyonbondyblog.fr\/LBB\/wp-json\/wp\/v2\/posts"}],"about":[{"href":"https:\/\/lyonbondyblog.fr\/LBB\/wp-json\/wp\/v2\/types\/post"}],"author":[{"embeddable":true,"href":"https:\/\/lyonbondyblog.fr\/LBB\/wp-json\/wp\/v2\/users\/1"}],"replies":[{"embeddable":true,"href":"https:\/\/lyonbondyblog.fr\/LBB\/wp-json\/wp\/v2\/comments?post=27074"}],"version-history":[{"count":4,"href":"https:\/\/lyonbondyblog.fr\/LBB\/wp-json\/wp\/v2\/posts\/27074\/revisions"}],"predecessor-version":[{"id":27188,"href":"https:\/\/lyonbondyblog.fr\/LBB\/wp-json\/wp\/v2\/posts\/27074\/revisions\/27188"}],"wp:featuredmedia":[{"embeddable":true,"href":"https:\/\/lyonbondyblog.fr\/LBB\/wp-json\/wp\/v2\/media\/27078"}],"wp:attachment":[{"href":"https:\/\/lyonbondyblog.fr\/LBB\/wp-json\/wp\/v2\/media?parent=27074"}],"wp:term":[{"taxonomy":"category","embeddable":true,"href":"https:\/\/lyonbondyblog.fr\/LBB\/wp-json\/wp\/v2\/categories?post=27074"},{"taxonomy":"post_tag","embeddable":true,"href":"https:\/\/lyonbondyblog.fr\/LBB\/wp-json\/wp\/v2\/tags?post=27074"}],"curies":[{"name":"wp","href":"https:\/\/api.w.org\/{rel}","templated":true}]}}