{"id":26831,"date":"2022-01-15T17:04:38","date_gmt":"2022-01-15T16:04:38","guid":{"rendered":"https:\/\/lyonbondyblog.fr\/LBB\/?p=26831"},"modified":"2022-01-15T17:04:41","modified_gmt":"2022-01-15T16:04:41","slug":"presidentielle-2022-la-gauche-se-divise-encore-un-peu-plus-a-lyon","status":"publish","type":"post","link":"https:\/\/lyonbondyblog.fr\/LBB\/presidentielle-2022-la-gauche-se-divise-encore-un-peu-plus-a-lyon\/","title":{"rendered":"Pr\u00e9sidentielle 2022 : la gauche se divise encore un peu plus \u00e0 Lyon"},"content":{"rendered":"\n<h2 class=\"wp-block-heading\">La d\u00e9claration \u00e9tait attendue. Un peu plus d\u2019un mois apr\u00e8s avoir annonc\u00e9 sa possible pr\u00e9sence dans la course \u00e0 l\u2019\u00e9lection pr\u00e9sidentielle, Christiane Taubira a officialis\u00e9 sa candidature ce samedi matin depuis l\u2019esplanade de la grande c\u00f4te \u00e0 Lyon. La gauche compte d\u00e9sormais six candidats.<\/h2>\n\n\n\n<p>Le rendez-vous a \u00e9t\u00e9 fix\u00e9 au milieu de la semaine.<a href=\"https:\/\/www.franceinter.fr\/personnes\/christiane-taubira\"> Christiane Taubira<\/a>, l\u2019ancienne ministre de la Justice, a convoqu\u00e9 ses sympathisants ce samedi 15 janvier \u00e0 Lyon, sur l\u2019esplanade de la Grande C\u00f4t\u00e9, lieu embl\u00e9matique de <a href=\"https:\/\/www.herodote.net\/22_novembre_1831-evenement-18311122.php\">la R\u00e9volte des Canuts en 1831<\/a>. Ouvriers de la soie, les Canut sont \u00e0 l\u2019origine de nombreuses r\u00e9voltes sociales. 10 H 30, les premiers soutiens commencent \u00e0 investir les lieux, pancarte \u00e0 la main.<em> \u00ab\u00a0On est l\u00e0 pour soutenir la seule candidate possible pour l\u2019union de la gauche\u00a0\u00bb<\/em>, lance Marjorie, militante. Depuis l\u2019annonce de sa potentielle candidature, la candidate \u00e0 l\u2019\u00e9lection pr\u00e9sidentielle de 2002, forte de sa place dans le paysage politique fran\u00e7ais, a d\u00e9j\u00e0 r\u00e9ussi \u00e0 f\u00e9d\u00e9rer autour d\u2019elle. L\u2019esplanade se remplit peu \u00e0 peu. La presse, venue en nombre couvrir l\u2019\u00e9v\u00e9nement installe son mat\u00e9riel, la prise de parole va commencer. Pr\u00e8s de 500 personnes attendent Christiane Taubira. Il est 11 H 15, <a href=\"https:\/\/www.grandlyon.com\/elus\/renaud-payre.html\">Renaud Payre<\/a>, vice-pr\u00e9sident de la M\u00e9tropole de Lyon, ouvre le bal, rappelle l\u2019histoire des canuts, de ce lieu si symbolique et conclue par un <em>\u00ab\u00a0merci Christiane de porter l\u2019espoir\u00a0\u00bb<\/em>. Olivia Fortin, adjointe au maire \u00e0 Marseille et fondatrice du collectif citoyen Mad Mars lui succ\u00e8de.\u00a0<\/p>\n\n\n\n<h2 class=\"wp-block-heading\"><em>\u00ab&nbsp;Je suis candidate \u00e0 l\u2019\u00e9lection pr\u00e9sidentielle&nbsp;\u00bb<\/em><\/h2>\n\n\n\n<p>L\u2019ancienne garde des Sceaux arrive ensuite. Manteau \u00e9pais, \u00e9charpe autour du cou pour faire face la fra\u00eecheur lyonnaise, elle rejoint l\u2019estrade et le pupitre sous une pluie d\u2019applaudissements.<a href=\"https:\/\/www.francetvinfo.fr\/politique\/christiane-taubira\/christiane-taubira-envisage-d-etre-candidate-a-l-election-presidentielle-et-donne-rendez-vous-a-la-mi-janvier_4884769.html\"> \u00ab J\u2019honore le rendez-vous que je vous avais fix\u00e9 pour la mi-janvier \u00bb<\/a>, lance-t-elle au d\u00e9but de son propos. La pression monte, il est alors 11 H 35 et Christiane Taubira s\u2019exclame : \u00ab\u00a0Je suis candidate \u00e0 l\u2019\u00e9lection pr\u00e9sidentielle. \u00bb Explosion de joie pour les 500 sympathisants. C\u2019est donc la fin du suspense, celle qui s\u2019est \u00e9loign\u00e9e de la vie politique apr\u00e8s sa d\u00e9mission du gouvernement en janvier 2016, est officiellement candidate \u00e0 la pr\u00e9sidence de la R\u00e9publique. Dans la suite de son discours, la d\u00e9sormais candidate a pr\u00e9sent\u00e9 les grandes lignes de son programme : <em>\u00ab \u00c9mancipation jeunesse, justice sociale et \u00e9cologique. \u00bb <\/em>Plusieurs propositions ont \u00e9t\u00e9 avanc\u00e9es : revenu de 800 euros par mois pour les \u00e9tudiants, SMIC \u00e0 1400 euros net, le recrutement de 100 000 soignants ou encore permettre \u00e0 ce que tous les fran\u00e7ais aient acc\u00e8s \u00e0 un m\u00e9decin soignant. Discours termin\u00e9, Christiane Taubira a profit\u00e9 d\u2019un dernier bain de foule puis est repartie, toujours sous les applaudissements.\u00a0<\/p>\n\n\n\n<h2 class=\"wp-block-heading\">Six candidats \u00e0 gauche<\/h2>\n\n\n\n<p>Tous les yeux se tournent maintenant vers Anne Hidalgo, elle aussi en campagne \u00e0 Lyon ce samedi 15 janvier. Si Taubira rejoint la primaire populaire et qu\u2019elle en<a href=\"https:\/\/la1ere.francetvinfo.fr\/christiane-taubira-candidate-a-l-election-presidentielle-1204258.html\"> \u00ab&nbsp;reconna\u00eetra le r\u00e9sultat&nbsp;\u00bb <\/a>, la candidate du PS pour l\u2019\u00e9lection pr\u00e9sidentielle qui souffle le chaud et le froid concernant cette primaire, ne semble vraiment plus d\u00e9cider \u00e0 y participer. Ainsi, avec la candidature de la femme politique n\u00e9e en Guyane, \u00e0 gauche, on retrouve maintenant six candidats : Yannick Jadot, Jean-Luc M\u00e9lenchon, Fabien Roussel, Arnaud Montebourg, Anne Hidalgo et donc Christiane Taubira. <a href=\"https:\/\/www.lci.fr\/amp\/politique\/sondage-exclusif-presidentielle-2022-les-resultats-de-notre-enquete-quotidienne-du-14-janvier-ifop-lci-paris-match-sud-radio-2207223.html\">D\u2019apr\u00e8s un sondage de l\u2019Ifop-Fiducial<\/a>, aucun ne d\u00e9passe les 10%, le candidat de la France Insoumise cumule \u00e0 8,5% quand la maire de Paris atteint 3,5%. \u00c0 un peu moins de 100 jours de l\u2019\u00e9lection pr\u00e9sidentielle, la gauche se divise encore un peu plus et complique encore davantage le choix des \u00e9lecteurs.&nbsp;<\/p>\n<!-- AddThis Advanced Settings generic via filter on the_content --><!-- AddThis Share Buttons generic via filter on the_content -->","protected":false},"excerpt":{"rendered":"<p>La d\u00e9claration \u00e9tait attendue. Un peu plus d\u2019un mois apr\u00e8s avoir annonc\u00e9 sa possible pr\u00e9sence dans la course \u00e0 l\u2019\u00e9lection pr\u00e9sidentielle, Christiane Taubira a officialis\u00e9 &hellip; <!-- AddThis Advanced Settings generic via filter on wp_trim_excerpt --><!-- AddThis Share Buttons generic via filter on wp_trim_excerpt --><\/p>\n","protected":false},"author":31863,"featured_media":26832,"comment_status":"open","ping_status":"open","sticky":true,"template":"","format":"standard","meta":{"_FSMCFIC_featured_image_caption":"","_FSMCFIC_featured_image_nocaption":"","_FSMCFIC_featured_image_hide":"","footnotes":""},"categories":[4,6],"tags":[27811,10,27116,350,27810],"class_list":["post-26831","post","type-post","status-publish","format-standard","has-post-thumbnail","hentry","category-lyon","category-politique","tag-hidalgo","tag-lyon-2","tag-presidentielle-2022","tag-ps","tag-taubira"],"yoast_head":"<!-- This site is optimized with the Yoast SEO plugin v22.8 - https:\/\/yoast.com\/wordpress\/plugins\/seo\/ -->\n<title>Pr\u00e9sidentielle 2022 : la gauche se divise encore un peu plus \u00e0 Lyon - Lyon Bondy Blog<\/title>\n<meta name=\"description\" content=\"La d\u00e9claration \u00e9tait attendue. Un peu plus d\u2019un mois apr\u00e8s avoir annonc\u00e9 sa possible pr\u00e9sence dans la course \u00e0 l\u2019\u00e9lection pr\u00e9sidentielle, Christiane Taubira a officialis\u00e9 sa candidature ce samedi depuis l\u2019esplanade de la grande c\u00f4te \u00e0 Lyon. La gauche compte d\u00e9sormais huit candidats\" \/>\n<meta name=\"robots\" content=\"index, follow, max-snippet:-1, max-image-preview:large, max-video-preview:-1\" \/>\n<link rel=\"canonical\" href=\"https:\/\/lyonbondyblog.fr\/LBB\/presidentielle-2022-la-gauche-se-divise-encore-un-peu-plus-a-lyon\/\" \/>\n<meta property=\"og:locale\" content=\"fr_FR\" \/>\n<meta property=\"og:type\" content=\"article\" \/>\n<meta property=\"og:title\" content=\"Pr\u00e9sidentielle 2022 : la gauche se divise encore un peu plus \u00e0 Lyon - Lyon Bondy Blog\" \/>\n<meta property=\"og:description\" content=\"La d\u00e9claration \u00e9tait attendue. Un peu plus d\u2019un mois apr\u00e8s avoir annonc\u00e9 sa possible pr\u00e9sence dans la course \u00e0 l\u2019\u00e9lection pr\u00e9sidentielle, Christiane Taubira a officialis\u00e9 sa candidature ce samedi depuis l\u2019esplanade de la grande c\u00f4te \u00e0 Lyon. La gauche compte d\u00e9sormais huit candidats\" \/>\n<meta property=\"og:url\" content=\"https:\/\/lyonbondyblog.fr\/LBB\/presidentielle-2022-la-gauche-se-divise-encore-un-peu-plus-a-lyon\/\" \/>\n<meta property=\"og:site_name\" content=\"Lyon Bondy Blog\" \/>\n<meta property=\"article:publisher\" content=\"https:\/\/www.facebook.com\/lyonbondyblog\" \/>\n<meta property=\"article:published_time\" content=\"2022-01-15T16:04:38+00:00\" \/>\n<meta property=\"article:modified_time\" content=\"2022-01-15T16:04:41+00:00\" \/>\n<meta property=\"og:image\" content=\"https:\/\/lyonbondyblog.fr\/LBB\/wp-content\/uploads\/2022\/01\/IMG_4124.jpg\" \/>\n\t<meta property=\"og:image:width\" content=\"2185\" \/>\n\t<meta property=\"og:image:height\" content=\"1776\" \/>\n\t<meta property=\"og:image:type\" content=\"image\/jpeg\" \/>\n<meta name=\"author\" content=\"Pierre Antoine Valade\" \/>\n<meta name=\"twitter:card\" content=\"summary_large_image\" \/>\n<meta name=\"twitter:creator\" content=\"@bondybloglyon\" \/>\n<meta name=\"twitter:site\" content=\"@bondybloglyon\" \/>\n<script type=\"application\/ld+json\" class=\"yoast-schema-graph\">{\"@context\":\"https:\/\/schema.org\",\"@graph\":[{\"@type\":\"Article\",\"@id\":\"https:\/\/lyonbondyblog.fr\/LBB\/presidentielle-2022-la-gauche-se-divise-encore-un-peu-plus-a-lyon\/#article\",\"isPartOf\":{\"@id\":\"https:\/\/lyonbondyblog.fr\/LBB\/presidentielle-2022-la-gauche-se-divise-encore-un-peu-plus-a-lyon\/\"},\"author\":{\"name\":\"Pierre Antoine Valade\",\"@id\":\"https:\/\/lyonbondyblog.fr\/LBB\/#\/schema\/person\/6ad0efe336b2b0ddcb96bb1eafc95441\"},\"headline\":\"Pr\u00e9sidentielle 2022 : la gauche se divise encore un peu plus \u00e0 Lyon\",\"datePublished\":\"2022-01-15T16:04:38+00:00\",\"dateModified\":\"2022-01-15T16:04:41+00:00\",\"mainEntityOfPage\":{\"@id\":\"https:\/\/lyonbondyblog.fr\/LBB\/presidentielle-2022-la-gauche-se-divise-encore-un-peu-plus-a-lyon\/\"},\"wordCount\":620,\"commentCount\":0,\"publisher\":{\"@id\":\"https:\/\/lyonbondyblog.fr\/LBB\/#organization\"},\"image\":{\"@id\":\"https:\/\/lyonbondyblog.fr\/LBB\/presidentielle-2022-la-gauche-se-divise-encore-un-peu-plus-a-lyon\/#primaryimage\"},\"thumbnailUrl\":\"https:\/\/lyonbondyblog.fr\/LBB\/wp-content\/uploads\/2022\/01\/IMG_4124.jpg\",\"keywords\":[\"Hidalgo\",\"lyon\",\"Pr\u00e9sidentielle 2022\",\"PS\",\"Taubira\"],\"articleSection\":[\"Lyon\",\"Politique\"],\"inLanguage\":\"fr-FR\",\"potentialAction\":[{\"@type\":\"CommentAction\",\"name\":\"Comment\",\"target\":[\"https:\/\/lyonbondyblog.fr\/LBB\/presidentielle-2022-la-gauche-se-divise-encore-un-peu-plus-a-lyon\/#respond\"]}]},{\"@type\":\"WebPage\",\"@id\":\"https:\/\/lyonbondyblog.fr\/LBB\/presidentielle-2022-la-gauche-se-divise-encore-un-peu-plus-a-lyon\/\",\"url\":\"https:\/\/lyonbondyblog.fr\/LBB\/presidentielle-2022-la-gauche-se-divise-encore-un-peu-plus-a-lyon\/\",\"name\":\"Pr\u00e9sidentielle 2022 : la gauche se divise encore un peu plus \u00e0 Lyon - Lyon Bondy Blog\",\"isPartOf\":{\"@id\":\"https:\/\/lyonbondyblog.fr\/LBB\/#website\"},\"primaryImageOfPage\":{\"@id\":\"https:\/\/lyonbondyblog.fr\/LBB\/presidentielle-2022-la-gauche-se-divise-encore-un-peu-plus-a-lyon\/#primaryimage\"},\"image\":{\"@id\":\"https:\/\/lyonbondyblog.fr\/LBB\/presidentielle-2022-la-gauche-se-divise-encore-un-peu-plus-a-lyon\/#primaryimage\"},\"thumbnailUrl\":\"https:\/\/lyonbondyblog.fr\/LBB\/wp-content\/uploads\/2022\/01\/IMG_4124.jpg\",\"datePublished\":\"2022-01-15T16:04:38+00:00\",\"dateModified\":\"2022-01-15T16:04:41+00:00\",\"description\":\"La d\u00e9claration \u00e9tait attendue. Un peu plus d\u2019un mois apr\u00e8s avoir annonc\u00e9 sa possible pr\u00e9sence dans la course \u00e0 l\u2019\u00e9lection pr\u00e9sidentielle, Christiane Taubira a officialis\u00e9 sa candidature ce samedi depuis l\u2019esplanade de la grande c\u00f4te \u00e0 Lyon. La gauche compte d\u00e9sormais huit candidats\",\"inLanguage\":\"fr-FR\",\"potentialAction\":[{\"@type\":\"ReadAction\",\"target\":[\"https:\/\/lyonbondyblog.fr\/LBB\/presidentielle-2022-la-gauche-se-divise-encore-un-peu-plus-a-lyon\/\"]}]},{\"@type\":\"ImageObject\",\"inLanguage\":\"fr-FR\",\"@id\":\"https:\/\/lyonbondyblog.fr\/LBB\/presidentielle-2022-la-gauche-se-divise-encore-un-peu-plus-a-lyon\/#primaryimage\",\"url\":\"https:\/\/lyonbondyblog.fr\/LBB\/wp-content\/uploads\/2022\/01\/IMG_4124.jpg\",\"contentUrl\":\"https:\/\/lyonbondyblog.fr\/LBB\/wp-content\/uploads\/2022\/01\/IMG_4124.jpg\",\"width\":2185,\"height\":1776},{\"@type\":\"WebSite\",\"@id\":\"https:\/\/lyonbondyblog.fr\/LBB\/#website\",\"url\":\"https:\/\/lyonbondyblog.fr\/LBB\/\",\"name\":\"Lyon Bondy Blog\",\"description\":\"\",\"publisher\":{\"@id\":\"https:\/\/lyonbondyblog.fr\/LBB\/#organization\"},\"potentialAction\":[{\"@type\":\"SearchAction\",\"target\":{\"@type\":\"EntryPoint\",\"urlTemplate\":\"https:\/\/lyonbondyblog.fr\/LBB\/?s={search_term_string}\"},\"query-input\":\"required name=search_term_string\"}],\"inLanguage\":\"fr-FR\"},{\"@type\":\"Organization\",\"@id\":\"https:\/\/lyonbondyblog.fr\/LBB\/#organization\",\"name\":\"LYON BONDY BLOG\",\"url\":\"https:\/\/lyonbondyblog.fr\/LBB\/\",\"logo\":{\"@type\":\"ImageObject\",\"inLanguage\":\"fr-FR\",\"@id\":\"https:\/\/lyonbondyblog.fr\/LBB\/#\/schema\/logo\/image\/\",\"url\":\"http:\/\/lyonbondyblog.fr\/LBB\/wp-content\/uploads\/2014\/10\/logo-portable-144.png\",\"contentUrl\":\"http:\/\/lyonbondyblog.fr\/LBB\/wp-content\/uploads\/2014\/10\/logo-portable-144.png\",\"width\":144,\"height\":123,\"caption\":\"LYON BONDY BLOG\"},\"image\":{\"@id\":\"https:\/\/lyonbondyblog.fr\/LBB\/#\/schema\/logo\/image\/\"},\"sameAs\":[\"https:\/\/www.facebook.com\/lyonbondyblog\",\"https:\/\/x.com\/bondybloglyon\"]},{\"@type\":\"Person\",\"@id\":\"https:\/\/lyonbondyblog.fr\/LBB\/#\/schema\/person\/6ad0efe336b2b0ddcb96bb1eafc95441\",\"name\":\"Pierre Antoine Valade\",\"url\":\"https:\/\/lyonbondyblog.fr\/LBB\/author\/pierreantoine-valade\/\"}]}<\/script>\n<!-- \/ Yoast SEO plugin. -->","yoast_head_json":{"title":"Pr\u00e9sidentielle 2022 : la gauche se divise encore un peu plus \u00e0 Lyon - Lyon Bondy Blog","description":"La d\u00e9claration \u00e9tait attendue. Un peu plus d\u2019un mois apr\u00e8s avoir annonc\u00e9 sa possible pr\u00e9sence dans la course \u00e0 l\u2019\u00e9lection pr\u00e9sidentielle, Christiane Taubira a officialis\u00e9 sa candidature ce samedi depuis l\u2019esplanade de la grande c\u00f4te \u00e0 Lyon. La gauche compte d\u00e9sormais huit candidats","robots":{"index":"index","follow":"follow","max-snippet":"max-snippet:-1","max-image-preview":"max-image-preview:large","max-video-preview":"max-video-preview:-1"},"canonical":"https:\/\/lyonbondyblog.fr\/LBB\/presidentielle-2022-la-gauche-se-divise-encore-un-peu-plus-a-lyon\/","og_locale":"fr_FR","og_type":"article","og_title":"Pr\u00e9sidentielle 2022 : la gauche se divise encore un peu plus \u00e0 Lyon - Lyon Bondy Blog","og_description":"La d\u00e9claration \u00e9tait attendue. Un peu plus d\u2019un mois apr\u00e8s avoir annonc\u00e9 sa possible pr\u00e9sence dans la course \u00e0 l\u2019\u00e9lection pr\u00e9sidentielle, Christiane Taubira a officialis\u00e9 sa candidature ce samedi depuis l\u2019esplanade de la grande c\u00f4te \u00e0 Lyon. La gauche compte d\u00e9sormais huit candidats","og_url":"https:\/\/lyonbondyblog.fr\/LBB\/presidentielle-2022-la-gauche-se-divise-encore-un-peu-plus-a-lyon\/","og_site_name":"Lyon Bondy Blog","article_publisher":"https:\/\/www.facebook.com\/lyonbondyblog","article_published_time":"2022-01-15T16:04:38+00:00","article_modified_time":"2022-01-15T16:04:41+00:00","og_image":[{"width":2185,"height":1776,"url":"https:\/\/lyonbondyblog.fr\/LBB\/wp-content\/uploads\/2022\/01\/IMG_4124.jpg","type":"image\/jpeg"}],"author":"Pierre Antoine Valade","twitter_card":"summary_large_image","twitter_creator":"@bondybloglyon","twitter_site":"@bondybloglyon","schema":{"@context":"https:\/\/schema.org","@graph":[{"@type":"Article","@id":"https:\/\/lyonbondyblog.fr\/LBB\/presidentielle-2022-la-gauche-se-divise-encore-un-peu-plus-a-lyon\/#article","isPartOf":{"@id":"https:\/\/lyonbondyblog.fr\/LBB\/presidentielle-2022-la-gauche-se-divise-encore-un-peu-plus-a-lyon\/"},"author":{"name":"Pierre Antoine Valade","@id":"https:\/\/lyonbondyblog.fr\/LBB\/#\/schema\/person\/6ad0efe336b2b0ddcb96bb1eafc95441"},"headline":"Pr\u00e9sidentielle 2022 : la gauche se divise encore un peu plus \u00e0 Lyon","datePublished":"2022-01-15T16:04:38+00:00","dateModified":"2022-01-15T16:04:41+00:00","mainEntityOfPage":{"@id":"https:\/\/lyonbondyblog.fr\/LBB\/presidentielle-2022-la-gauche-se-divise-encore-un-peu-plus-a-lyon\/"},"wordCount":620,"commentCount":0,"publisher":{"@id":"https:\/\/lyonbondyblog.fr\/LBB\/#organization"},"image":{"@id":"https:\/\/lyonbondyblog.fr\/LBB\/presidentielle-2022-la-gauche-se-divise-encore-un-peu-plus-a-lyon\/#primaryimage"},"thumbnailUrl":"https:\/\/lyonbondyblog.fr\/LBB\/wp-content\/uploads\/2022\/01\/IMG_4124.jpg","keywords":["Hidalgo","lyon","Pr\u00e9sidentielle 2022","PS","Taubira"],"articleSection":["Lyon","Politique"],"inLanguage":"fr-FR","potentialAction":[{"@type":"CommentAction","name":"Comment","target":["https:\/\/lyonbondyblog.fr\/LBB\/presidentielle-2022-la-gauche-se-divise-encore-un-peu-plus-a-lyon\/#respond"]}]},{"@type":"WebPage","@id":"https:\/\/lyonbondyblog.fr\/LBB\/presidentielle-2022-la-gauche-se-divise-encore-un-peu-plus-a-lyon\/","url":"https:\/\/lyonbondyblog.fr\/LBB\/presidentielle-2022-la-gauche-se-divise-encore-un-peu-plus-a-lyon\/","name":"Pr\u00e9sidentielle 2022 : la gauche se divise encore un peu plus \u00e0 Lyon - Lyon Bondy Blog","isPartOf":{"@id":"https:\/\/lyonbondyblog.fr\/LBB\/#website"},"primaryImageOfPage":{"@id":"https:\/\/lyonbondyblog.fr\/LBB\/presidentielle-2022-la-gauche-se-divise-encore-un-peu-plus-a-lyon\/#primaryimage"},"image":{"@id":"https:\/\/lyonbondyblog.fr\/LBB\/presidentielle-2022-la-gauche-se-divise-encore-un-peu-plus-a-lyon\/#primaryimage"},"thumbnailUrl":"https:\/\/lyonbondyblog.fr\/LBB\/wp-content\/uploads\/2022\/01\/IMG_4124.jpg","datePublished":"2022-01-15T16:04:38+00:00","dateModified":"2022-01-15T16:04:41+00:00","description":"La d\u00e9claration \u00e9tait attendue. Un peu plus d\u2019un mois apr\u00e8s avoir annonc\u00e9 sa possible pr\u00e9sence dans la course \u00e0 l\u2019\u00e9lection pr\u00e9sidentielle, Christiane Taubira a officialis\u00e9 sa candidature ce samedi depuis l\u2019esplanade de la grande c\u00f4te \u00e0 Lyon. La gauche compte d\u00e9sormais huit candidats","inLanguage":"fr-FR","potentialAction":[{"@type":"ReadAction","target":["https:\/\/lyonbondyblog.fr\/LBB\/presidentielle-2022-la-gauche-se-divise-encore-un-peu-plus-a-lyon\/"]}]},{"@type":"ImageObject","inLanguage":"fr-FR","@id":"https:\/\/lyonbondyblog.fr\/LBB\/presidentielle-2022-la-gauche-se-divise-encore-un-peu-plus-a-lyon\/#primaryimage","url":"https:\/\/lyonbondyblog.fr\/LBB\/wp-content\/uploads\/2022\/01\/IMG_4124.jpg","contentUrl":"https:\/\/lyonbondyblog.fr\/LBB\/wp-content\/uploads\/2022\/01\/IMG_4124.jpg","width":2185,"height":1776},{"@type":"WebSite","@id":"https:\/\/lyonbondyblog.fr\/LBB\/#website","url":"https:\/\/lyonbondyblog.fr\/LBB\/","name":"Lyon Bondy Blog","description":"","publisher":{"@id":"https:\/\/lyonbondyblog.fr\/LBB\/#organization"},"potentialAction":[{"@type":"SearchAction","target":{"@type":"EntryPoint","urlTemplate":"https:\/\/lyonbondyblog.fr\/LBB\/?s={search_term_string}"},"query-input":"required name=search_term_string"}],"inLanguage":"fr-FR"},{"@type":"Organization","@id":"https:\/\/lyonbondyblog.fr\/LBB\/#organization","name":"LYON BONDY BLOG","url":"https:\/\/lyonbondyblog.fr\/LBB\/","logo":{"@type":"ImageObject","inLanguage":"fr-FR","@id":"https:\/\/lyonbondyblog.fr\/LBB\/#\/schema\/logo\/image\/","url":"http:\/\/lyonbondyblog.fr\/LBB\/wp-content\/uploads\/2014\/10\/logo-portable-144.png","contentUrl":"http:\/\/lyonbondyblog.fr\/LBB\/wp-content\/uploads\/2014\/10\/logo-portable-144.png","width":144,"height":123,"caption":"LYON BONDY BLOG"},"image":{"@id":"https:\/\/lyonbondyblog.fr\/LBB\/#\/schema\/logo\/image\/"},"sameAs":["https:\/\/www.facebook.com\/lyonbondyblog","https:\/\/x.com\/bondybloglyon"]},{"@type":"Person","@id":"https:\/\/lyonbondyblog.fr\/LBB\/#\/schema\/person\/6ad0efe336b2b0ddcb96bb1eafc95441","name":"Pierre Antoine Valade","url":"https:\/\/lyonbondyblog.fr\/LBB\/author\/pierreantoine-valade\/"}]}},"_links":{"self":[{"href":"https:\/\/lyonbondyblog.fr\/LBB\/wp-json\/wp\/v2\/posts\/26831","targetHints":{"allow":["GET"]}}],"collection":[{"href":"https:\/\/lyonbondyblog.fr\/LBB\/wp-json\/wp\/v2\/posts"}],"about":[{"href":"https:\/\/lyonbondyblog.fr\/LBB\/wp-json\/wp\/v2\/types\/post"}],"author":[{"embeddable":true,"href":"https:\/\/lyonbondyblog.fr\/LBB\/wp-json\/wp\/v2\/users\/31863"}],"replies":[{"embeddable":true,"href":"https:\/\/lyonbondyblog.fr\/LBB\/wp-json\/wp\/v2\/comments?post=26831"}],"version-history":[{"count":3,"href":"https:\/\/lyonbondyblog.fr\/LBB\/wp-json\/wp\/v2\/posts\/26831\/revisions"}],"predecessor-version":[{"id":26835,"href":"https:\/\/lyonbondyblog.fr\/LBB\/wp-json\/wp\/v2\/posts\/26831\/revisions\/26835"}],"wp:featuredmedia":[{"embeddable":true,"href":"https:\/\/lyonbondyblog.fr\/LBB\/wp-json\/wp\/v2\/media\/26832"}],"wp:attachment":[{"href":"https:\/\/lyonbondyblog.fr\/LBB\/wp-json\/wp\/v2\/media?parent=26831"}],"wp:term":[{"taxonomy":"category","embeddable":true,"href":"https:\/\/lyonbondyblog.fr\/LBB\/wp-json\/wp\/v2\/categories?post=26831"},{"taxonomy":"post_tag","embeddable":true,"href":"https:\/\/lyonbondyblog.fr\/LBB\/wp-json\/wp\/v2\/tags?post=26831"}],"curies":[{"name":"wp","href":"https:\/\/api.w.org\/{rel}","templated":true}]}}