{"id":2679,"date":"2010-06-18T11:07:34","date_gmt":"2010-06-18T09:07:34","guid":{"rendered":"http:\/\/lyonbondyblog.fr\/LBB\/?p=2679"},"modified":"2013-08-01T11:11:58","modified_gmt":"2013-08-01T09:11:58","slug":"si-lalgerie-et-la-france-venaient-a-gagner-la-coupe-du-monde-je-me-mettrais-a-poil-sous-ma-fenetre","status":"publish","type":"post","link":"https:\/\/lyonbondyblog.fr\/LBB\/si-lalgerie-et-la-france-venaient-a-gagner-la-coupe-du-monde-je-me-mettrais-a-poil-sous-ma-fenetre\/","title":{"rendered":"\u00ab\u00a0Si l\u2019Alg\u00e9rie et la France venaient \u00e0 gagner la coupe du monde, je me mettrais \u00e0 poil sous ma fen\u00eatre.\u00a0\u00bb"},"content":{"rendered":"<p><strong>LIVE BLOGGING. Des jeunes amateurs de foot de Gerland nous donnent leur avis sur le Mondial de foot 2010. <\/strong><\/p>\n<p><a href=\"https:\/\/lyonbondyblog.fr\/LBB\/wp-content\/uploads\/2013\/08\/liveblogging_t.png\"><img loading=\"lazy\" decoding=\"async\" class=\"size-full wp-image-2680 alignleft\" alt=\"liveblogging_t\" src=\"https:\/\/lyonbondyblog.fr\/LBB\/wp-content\/uploads\/2013\/08\/liveblogging_t.png\" width=\"193\" height=\"145\" \/><\/a><br \/>\n\u00ab\u00a0<em>Avant le mondial, j\u2019\u00e9tais tous les jours dehors avec des potes. Mes potes me disaient tout le temps que l\u2019Alg\u00e9rie passerait le premier tour. Pour la France, ils me disaient qu\u2019il n\u2019allait m\u00eame pas gagner un match et comme toujours le Br\u00e9sil est le favori. Nos parents ne regardent pas trop les matchs, sauf le match de la France o\u00f9 ils insultent les joueurs qui sont nuls et surtout le s\u00e9lectionneur. Je tiens \u00e0 dire que c\u2019est vraiment dommage que ma copine d\u00e9teste le foot . Les femmes n\u2019aiment pas le foot \u00e0 cause des prestations des bleus.<\/em><\/p>\n<p><em>Depuis que le Mondial a commenc\u00e9, je passe beaucoup plus de temps chez moi, je suis quasiment tous les matches chez moi dans ma chambre. Si l\u2019Alg\u00e9rie et la France sont \u00e9limin\u00e9s je serais pour le Br\u00e9sil car il y a M.Bastos. Les bleus, ils disent qu\u2019ils sont solidaires, mais c&rsquo;est pas du tout vrai. Cela cache une v\u00e9rit\u00e9 : ils ne s\u2019aiment pas et ils s\u2019en foutent de nous. Devant les cam\u00e9ras, ils sont gentils, mais je ne pense pas que ce soit vrai<\/em>.\u00a0\u00bb, Yacine, 15 ans<\/p>\n<p>\u00ab\u00a0<em>Le mondial de football de l\u2019ann\u00e9e 2010 est de\u00e7evant les \u00e9quipes favorites ne montre pas ce que l\u2019on attend d\u2019eux . Si l\u2019Alg\u00e9rie et la France venaient a gagner la coupe du monde, je me mettrais \u00e0 poil sous ma fenetre<\/em>.\u00a0\u00bb, Idriss , 15 ans<\/p>\n<p>\u00ab\u00a0Bonjour, je m&rsquo;appelle Ilies j&rsquo;ai 14 ans.J&rsquo;habite \u00e0 Gerland. Le mondial est mauvais parce que la France perd tout leur match sans Zinedine Zidane et personne peut le remplacer. J&rsquo;ai connu le foot gr\u00e2ce \u00e0 Zinedine Zidane. Il m&rsquo;a donn\u00e9 l&rsquo;envie de jouer au foot. Je joue au FC Vaulx en ligue honneur.<\/p>\n<p>\u00ab\u00a0<em>Si l&rsquo;Alg\u00e9rie et la France ne se qualifient pas, je supporte le M\u00e9xique, l&rsquo;Argentine et le Br\u00e9sil.J&rsquo;aime le foot parce que \u00e7a rapporte beaucoup d&rsquo;argent<\/em>.\u00a0\u00bb Illies, 14 ans<\/p>\n<p><span style=\"text-decoration: underline;\">Auteurs :\u00a0Illies, Ydriss, Yacine<\/span><\/p>\n<!-- AddThis Advanced Settings generic via filter on the_content --><!-- AddThis Share Buttons generic via filter on the_content -->","protected":false},"excerpt":{"rendered":"<p>LIVE BLOGGING. Des jeunes amateurs de foot de Gerland nous donnent leur avis sur le Mondial de foot 2010. \u00ab\u00a0Avant le mondial, j\u2019\u00e9tais tous les &hellip; <!-- AddThis Advanced Settings generic via filter on wp_trim_excerpt --><!-- AddThis Share Buttons generic via filter on wp_trim_excerpt --><\/p>\n","protected":false},"author":1,"featured_media":2680,"comment_status":"open","ping_status":"open","sticky":false,"template":"","format":"standard","meta":{"_FSMCFIC_featured_image_caption":"","_FSMCFIC_featured_image_nocaption":"","_FSMCFIC_featured_image_hide":"","footnotes":""},"categories":[8],"tags":[112],"class_list":["post-2679","post","type-post","status-publish","format-standard","has-post-thumbnail","hentry","category-france","tag-lyon-bondy-blog"],"yoast_head":"<!-- This site is optimized with the Yoast SEO plugin v22.8 - https:\/\/yoast.com\/wordpress\/plugins\/seo\/ -->\n<title>&quot;Si l\u2019Alg\u00e9rie et la France venaient \u00e0 gagner la coupe du monde, je me mettrais \u00e0 poil sous ma fen\u00eatre.&quot; - Lyon Bondy Blog<\/title>\n<meta name=\"robots\" content=\"index, follow, max-snippet:-1, max-image-preview:large, max-video-preview:-1\" \/>\n<link rel=\"canonical\" href=\"https:\/\/lyonbondyblog.fr\/LBB\/si-lalgerie-et-la-france-venaient-a-gagner-la-coupe-du-monde-je-me-mettrais-a-poil-sous-ma-fenetre\/\" \/>\n<meta property=\"og:locale\" content=\"fr_FR\" \/>\n<meta property=\"og:type\" content=\"article\" \/>\n<meta property=\"og:title\" content=\"&quot;Si l\u2019Alg\u00e9rie et la France venaient \u00e0 gagner la coupe du monde, je me mettrais \u00e0 poil sous ma fen\u00eatre.&quot; - Lyon Bondy Blog\" \/>\n<meta property=\"og:description\" content=\"LIVE BLOGGING. Des jeunes amateurs de foot de Gerland nous donnent leur avis sur le Mondial de foot 2010. \u00ab\u00a0Avant le mondial, j\u2019\u00e9tais tous les &hellip;\" \/>\n<meta property=\"og:url\" content=\"https:\/\/lyonbondyblog.fr\/LBB\/si-lalgerie-et-la-france-venaient-a-gagner-la-coupe-du-monde-je-me-mettrais-a-poil-sous-ma-fenetre\/\" \/>\n<meta property=\"og:site_name\" content=\"Lyon Bondy Blog\" \/>\n<meta property=\"article:publisher\" content=\"https:\/\/www.facebook.com\/lyonbondyblog\" \/>\n<meta property=\"article:author\" content=\"https:\/\/www.facebook.com\/lyonbondyblog\" \/>\n<meta property=\"article:published_time\" content=\"2010-06-18T09:07:34+00:00\" \/>\n<meta property=\"article:modified_time\" content=\"2013-08-01T09:11:58+00:00\" \/>\n<meta property=\"og:image\" content=\"https:\/\/lyonbondyblog.fr\/LBB\/wp-content\/uploads\/2013\/08\/liveblogging_t.png\" \/>\n\t<meta property=\"og:image:width\" content=\"193\" \/>\n\t<meta property=\"og:image:height\" content=\"145\" \/>\n\t<meta property=\"og:image:type\" content=\"image\/png\" \/>\n<meta name=\"author\" content=\"La r\u00e9daction\" \/>\n<meta name=\"twitter:card\" content=\"summary_large_image\" \/>\n<meta name=\"twitter:creator\" content=\"@BondyBlogLyon\" \/>\n<meta name=\"twitter:site\" content=\"@bondybloglyon\" \/>\n<script type=\"application\/ld+json\" class=\"yoast-schema-graph\">{\"@context\":\"https:\/\/schema.org\",\"@graph\":[{\"@type\":\"Article\",\"@id\":\"https:\/\/lyonbondyblog.fr\/LBB\/si-lalgerie-et-la-france-venaient-a-gagner-la-coupe-du-monde-je-me-mettrais-a-poil-sous-ma-fenetre\/#article\",\"isPartOf\":{\"@id\":\"https:\/\/lyonbondyblog.fr\/LBB\/si-lalgerie-et-la-france-venaient-a-gagner-la-coupe-du-monde-je-me-mettrais-a-poil-sous-ma-fenetre\/\"},\"author\":{\"name\":\"La r\u00e9daction\",\"@id\":\"https:\/\/lyonbondyblog.fr\/LBB\/#\/schema\/person\/e45f8d27baac75072daa0be50c409b25\"},\"headline\":\"\u00ab\u00a0Si l\u2019Alg\u00e9rie et la France venaient \u00e0 gagner la coupe du monde, je me mettrais \u00e0 poil sous ma fen\u00eatre.\u00a0\u00bb\",\"datePublished\":\"2010-06-18T09:07:34+00:00\",\"dateModified\":\"2013-08-01T09:11:58+00:00\",\"mainEntityOfPage\":{\"@id\":\"https:\/\/lyonbondyblog.fr\/LBB\/si-lalgerie-et-la-france-venaient-a-gagner-la-coupe-du-monde-je-me-mettrais-a-poil-sous-ma-fenetre\/\"},\"wordCount\":375,\"commentCount\":0,\"publisher\":{\"@id\":\"https:\/\/lyonbondyblog.fr\/LBB\/#organization\"},\"image\":{\"@id\":\"https:\/\/lyonbondyblog.fr\/LBB\/si-lalgerie-et-la-france-venaient-a-gagner-la-coupe-du-monde-je-me-mettrais-a-poil-sous-ma-fenetre\/#primaryimage\"},\"thumbnailUrl\":\"https:\/\/lyonbondyblog.fr\/LBB\/wp-content\/uploads\/2013\/08\/liveblogging_t.png\",\"keywords\":[\"Lyon Bondy Blog\"],\"articleSection\":[\"France\"],\"inLanguage\":\"fr-FR\",\"potentialAction\":[{\"@type\":\"CommentAction\",\"name\":\"Comment\",\"target\":[\"https:\/\/lyonbondyblog.fr\/LBB\/si-lalgerie-et-la-france-venaient-a-gagner-la-coupe-du-monde-je-me-mettrais-a-poil-sous-ma-fenetre\/#respond\"]}]},{\"@type\":\"WebPage\",\"@id\":\"https:\/\/lyonbondyblog.fr\/LBB\/si-lalgerie-et-la-france-venaient-a-gagner-la-coupe-du-monde-je-me-mettrais-a-poil-sous-ma-fenetre\/\",\"url\":\"https:\/\/lyonbondyblog.fr\/LBB\/si-lalgerie-et-la-france-venaient-a-gagner-la-coupe-du-monde-je-me-mettrais-a-poil-sous-ma-fenetre\/\",\"name\":\"\\\"Si l\u2019Alg\u00e9rie et la France venaient \u00e0 gagner la coupe du monde, je me mettrais \u00e0 poil sous ma fen\u00eatre.\\\" - Lyon Bondy Blog\",\"isPartOf\":{\"@id\":\"https:\/\/lyonbondyblog.fr\/LBB\/#website\"},\"primaryImageOfPage\":{\"@id\":\"https:\/\/lyonbondyblog.fr\/LBB\/si-lalgerie-et-la-france-venaient-a-gagner-la-coupe-du-monde-je-me-mettrais-a-poil-sous-ma-fenetre\/#primaryimage\"},\"image\":{\"@id\":\"https:\/\/lyonbondyblog.fr\/LBB\/si-lalgerie-et-la-france-venaient-a-gagner-la-coupe-du-monde-je-me-mettrais-a-poil-sous-ma-fenetre\/#primaryimage\"},\"thumbnailUrl\":\"https:\/\/lyonbondyblog.fr\/LBB\/wp-content\/uploads\/2013\/08\/liveblogging_t.png\",\"datePublished\":\"2010-06-18T09:07:34+00:00\",\"dateModified\":\"2013-08-01T09:11:58+00:00\",\"inLanguage\":\"fr-FR\",\"potentialAction\":[{\"@type\":\"ReadAction\",\"target\":[\"https:\/\/lyonbondyblog.fr\/LBB\/si-lalgerie-et-la-france-venaient-a-gagner-la-coupe-du-monde-je-me-mettrais-a-poil-sous-ma-fenetre\/\"]}]},{\"@type\":\"ImageObject\",\"inLanguage\":\"fr-FR\",\"@id\":\"https:\/\/lyonbondyblog.fr\/LBB\/si-lalgerie-et-la-france-venaient-a-gagner-la-coupe-du-monde-je-me-mettrais-a-poil-sous-ma-fenetre\/#primaryimage\",\"url\":\"https:\/\/lyonbondyblog.fr\/LBB\/wp-content\/uploads\/2013\/08\/liveblogging_t.png\",\"contentUrl\":\"https:\/\/lyonbondyblog.fr\/LBB\/wp-content\/uploads\/2013\/08\/liveblogging_t.png\",\"width\":193,\"height\":145},{\"@type\":\"WebSite\",\"@id\":\"https:\/\/lyonbondyblog.fr\/LBB\/#website\",\"url\":\"https:\/\/lyonbondyblog.fr\/LBB\/\",\"name\":\"Lyon Bondy Blog\",\"description\":\"\",\"publisher\":{\"@id\":\"https:\/\/lyonbondyblog.fr\/LBB\/#organization\"},\"potentialAction\":[{\"@type\":\"SearchAction\",\"target\":{\"@type\":\"EntryPoint\",\"urlTemplate\":\"https:\/\/lyonbondyblog.fr\/LBB\/?s={search_term_string}\"},\"query-input\":\"required name=search_term_string\"}],\"inLanguage\":\"fr-FR\"},{\"@type\":\"Organization\",\"@id\":\"https:\/\/lyonbondyblog.fr\/LBB\/#organization\",\"name\":\"LYON BONDY BLOG\",\"url\":\"https:\/\/lyonbondyblog.fr\/LBB\/\",\"logo\":{\"@type\":\"ImageObject\",\"inLanguage\":\"fr-FR\",\"@id\":\"https:\/\/lyonbondyblog.fr\/LBB\/#\/schema\/logo\/image\/\",\"url\":\"http:\/\/lyonbondyblog.fr\/LBB\/wp-content\/uploads\/2014\/10\/logo-portable-144.png\",\"contentUrl\":\"http:\/\/lyonbondyblog.fr\/LBB\/wp-content\/uploads\/2014\/10\/logo-portable-144.png\",\"width\":144,\"height\":123,\"caption\":\"LYON BONDY BLOG\"},\"image\":{\"@id\":\"https:\/\/lyonbondyblog.fr\/LBB\/#\/schema\/logo\/image\/\"},\"sameAs\":[\"https:\/\/www.facebook.com\/lyonbondyblog\",\"https:\/\/x.com\/bondybloglyon\"]},{\"@type\":\"Person\",\"@id\":\"https:\/\/lyonbondyblog.fr\/LBB\/#\/schema\/person\/e45f8d27baac75072daa0be50c409b25\",\"name\":\"La r\u00e9daction\",\"description\":\"Cr\u00e9e en 2008, la r\u00e9daction du Lyon Bondy Blog s'applique \u00e0 proposer une information locale diff\u00e9rente et compl\u00e9mentaire des m\u00e9dias traditionnels.\",\"sameAs\":[\"https:\/\/www.facebook.com\/lyonbondyblog\",\"https:\/\/x.com\/BondyBlogLyon\"],\"url\":\"https:\/\/lyonbondyblog.fr\/LBB\/author\/admin\/\"}]}<\/script>\n<!-- \/ Yoast SEO plugin. -->","yoast_head_json":{"title":"\"Si l\u2019Alg\u00e9rie et la France venaient \u00e0 gagner la coupe du monde, je me mettrais \u00e0 poil sous ma fen\u00eatre.\" - Lyon Bondy Blog","robots":{"index":"index","follow":"follow","max-snippet":"max-snippet:-1","max-image-preview":"max-image-preview:large","max-video-preview":"max-video-preview:-1"},"canonical":"https:\/\/lyonbondyblog.fr\/LBB\/si-lalgerie-et-la-france-venaient-a-gagner-la-coupe-du-monde-je-me-mettrais-a-poil-sous-ma-fenetre\/","og_locale":"fr_FR","og_type":"article","og_title":"\"Si l\u2019Alg\u00e9rie et la France venaient \u00e0 gagner la coupe du monde, je me mettrais \u00e0 poil sous ma fen\u00eatre.\" - Lyon Bondy Blog","og_description":"LIVE BLOGGING. Des jeunes amateurs de foot de Gerland nous donnent leur avis sur le Mondial de foot 2010. \u00ab\u00a0Avant le mondial, j\u2019\u00e9tais tous les &hellip;","og_url":"https:\/\/lyonbondyblog.fr\/LBB\/si-lalgerie-et-la-france-venaient-a-gagner-la-coupe-du-monde-je-me-mettrais-a-poil-sous-ma-fenetre\/","og_site_name":"Lyon Bondy Blog","article_publisher":"https:\/\/www.facebook.com\/lyonbondyblog","article_author":"https:\/\/www.facebook.com\/lyonbondyblog","article_published_time":"2010-06-18T09:07:34+00:00","article_modified_time":"2013-08-01T09:11:58+00:00","og_image":[{"width":193,"height":145,"url":"https:\/\/lyonbondyblog.fr\/LBB\/wp-content\/uploads\/2013\/08\/liveblogging_t.png","type":"image\/png"}],"author":"La r\u00e9daction","twitter_card":"summary_large_image","twitter_creator":"@BondyBlogLyon","twitter_site":"@bondybloglyon","schema":{"@context":"https:\/\/schema.org","@graph":[{"@type":"Article","@id":"https:\/\/lyonbondyblog.fr\/LBB\/si-lalgerie-et-la-france-venaient-a-gagner-la-coupe-du-monde-je-me-mettrais-a-poil-sous-ma-fenetre\/#article","isPartOf":{"@id":"https:\/\/lyonbondyblog.fr\/LBB\/si-lalgerie-et-la-france-venaient-a-gagner-la-coupe-du-monde-je-me-mettrais-a-poil-sous-ma-fenetre\/"},"author":{"name":"La r\u00e9daction","@id":"https:\/\/lyonbondyblog.fr\/LBB\/#\/schema\/person\/e45f8d27baac75072daa0be50c409b25"},"headline":"\u00ab\u00a0Si l\u2019Alg\u00e9rie et la France venaient \u00e0 gagner la coupe du monde, je me mettrais \u00e0 poil sous ma fen\u00eatre.\u00a0\u00bb","datePublished":"2010-06-18T09:07:34+00:00","dateModified":"2013-08-01T09:11:58+00:00","mainEntityOfPage":{"@id":"https:\/\/lyonbondyblog.fr\/LBB\/si-lalgerie-et-la-france-venaient-a-gagner-la-coupe-du-monde-je-me-mettrais-a-poil-sous-ma-fenetre\/"},"wordCount":375,"commentCount":0,"publisher":{"@id":"https:\/\/lyonbondyblog.fr\/LBB\/#organization"},"image":{"@id":"https:\/\/lyonbondyblog.fr\/LBB\/si-lalgerie-et-la-france-venaient-a-gagner-la-coupe-du-monde-je-me-mettrais-a-poil-sous-ma-fenetre\/#primaryimage"},"thumbnailUrl":"https:\/\/lyonbondyblog.fr\/LBB\/wp-content\/uploads\/2013\/08\/liveblogging_t.png","keywords":["Lyon Bondy Blog"],"articleSection":["France"],"inLanguage":"fr-FR","potentialAction":[{"@type":"CommentAction","name":"Comment","target":["https:\/\/lyonbondyblog.fr\/LBB\/si-lalgerie-et-la-france-venaient-a-gagner-la-coupe-du-monde-je-me-mettrais-a-poil-sous-ma-fenetre\/#respond"]}]},{"@type":"WebPage","@id":"https:\/\/lyonbondyblog.fr\/LBB\/si-lalgerie-et-la-france-venaient-a-gagner-la-coupe-du-monde-je-me-mettrais-a-poil-sous-ma-fenetre\/","url":"https:\/\/lyonbondyblog.fr\/LBB\/si-lalgerie-et-la-france-venaient-a-gagner-la-coupe-du-monde-je-me-mettrais-a-poil-sous-ma-fenetre\/","name":"\"Si l\u2019Alg\u00e9rie et la France venaient \u00e0 gagner la coupe du monde, je me mettrais \u00e0 poil sous ma fen\u00eatre.\" - Lyon Bondy Blog","isPartOf":{"@id":"https:\/\/lyonbondyblog.fr\/LBB\/#website"},"primaryImageOfPage":{"@id":"https:\/\/lyonbondyblog.fr\/LBB\/si-lalgerie-et-la-france-venaient-a-gagner-la-coupe-du-monde-je-me-mettrais-a-poil-sous-ma-fenetre\/#primaryimage"},"image":{"@id":"https:\/\/lyonbondyblog.fr\/LBB\/si-lalgerie-et-la-france-venaient-a-gagner-la-coupe-du-monde-je-me-mettrais-a-poil-sous-ma-fenetre\/#primaryimage"},"thumbnailUrl":"https:\/\/lyonbondyblog.fr\/LBB\/wp-content\/uploads\/2013\/08\/liveblogging_t.png","datePublished":"2010-06-18T09:07:34+00:00","dateModified":"2013-08-01T09:11:58+00:00","inLanguage":"fr-FR","potentialAction":[{"@type":"ReadAction","target":["https:\/\/lyonbondyblog.fr\/LBB\/si-lalgerie-et-la-france-venaient-a-gagner-la-coupe-du-monde-je-me-mettrais-a-poil-sous-ma-fenetre\/"]}]},{"@type":"ImageObject","inLanguage":"fr-FR","@id":"https:\/\/lyonbondyblog.fr\/LBB\/si-lalgerie-et-la-france-venaient-a-gagner-la-coupe-du-monde-je-me-mettrais-a-poil-sous-ma-fenetre\/#primaryimage","url":"https:\/\/lyonbondyblog.fr\/LBB\/wp-content\/uploads\/2013\/08\/liveblogging_t.png","contentUrl":"https:\/\/lyonbondyblog.fr\/LBB\/wp-content\/uploads\/2013\/08\/liveblogging_t.png","width":193,"height":145},{"@type":"WebSite","@id":"https:\/\/lyonbondyblog.fr\/LBB\/#website","url":"https:\/\/lyonbondyblog.fr\/LBB\/","name":"Lyon Bondy Blog","description":"","publisher":{"@id":"https:\/\/lyonbondyblog.fr\/LBB\/#organization"},"potentialAction":[{"@type":"SearchAction","target":{"@type":"EntryPoint","urlTemplate":"https:\/\/lyonbondyblog.fr\/LBB\/?s={search_term_string}"},"query-input":"required name=search_term_string"}],"inLanguage":"fr-FR"},{"@type":"Organization","@id":"https:\/\/lyonbondyblog.fr\/LBB\/#organization","name":"LYON BONDY BLOG","url":"https:\/\/lyonbondyblog.fr\/LBB\/","logo":{"@type":"ImageObject","inLanguage":"fr-FR","@id":"https:\/\/lyonbondyblog.fr\/LBB\/#\/schema\/logo\/image\/","url":"http:\/\/lyonbondyblog.fr\/LBB\/wp-content\/uploads\/2014\/10\/logo-portable-144.png","contentUrl":"http:\/\/lyonbondyblog.fr\/LBB\/wp-content\/uploads\/2014\/10\/logo-portable-144.png","width":144,"height":123,"caption":"LYON BONDY BLOG"},"image":{"@id":"https:\/\/lyonbondyblog.fr\/LBB\/#\/schema\/logo\/image\/"},"sameAs":["https:\/\/www.facebook.com\/lyonbondyblog","https:\/\/x.com\/bondybloglyon"]},{"@type":"Person","@id":"https:\/\/lyonbondyblog.fr\/LBB\/#\/schema\/person\/e45f8d27baac75072daa0be50c409b25","name":"La r\u00e9daction","description":"Cr\u00e9e en 2008, la r\u00e9daction du Lyon Bondy Blog s'applique \u00e0 proposer une information locale diff\u00e9rente et compl\u00e9mentaire des m\u00e9dias traditionnels.","sameAs":["https:\/\/www.facebook.com\/lyonbondyblog","https:\/\/x.com\/BondyBlogLyon"],"url":"https:\/\/lyonbondyblog.fr\/LBB\/author\/admin\/"}]}},"_links":{"self":[{"href":"https:\/\/lyonbondyblog.fr\/LBB\/wp-json\/wp\/v2\/posts\/2679","targetHints":{"allow":["GET"]}}],"collection":[{"href":"https:\/\/lyonbondyblog.fr\/LBB\/wp-json\/wp\/v2\/posts"}],"about":[{"href":"https:\/\/lyonbondyblog.fr\/LBB\/wp-json\/wp\/v2\/types\/post"}],"author":[{"embeddable":true,"href":"https:\/\/lyonbondyblog.fr\/LBB\/wp-json\/wp\/v2\/users\/1"}],"replies":[{"embeddable":true,"href":"https:\/\/lyonbondyblog.fr\/LBB\/wp-json\/wp\/v2\/comments?post=2679"}],"version-history":[{"count":0,"href":"https:\/\/lyonbondyblog.fr\/LBB\/wp-json\/wp\/v2\/posts\/2679\/revisions"}],"wp:featuredmedia":[{"embeddable":true,"href":"https:\/\/lyonbondyblog.fr\/LBB\/wp-json\/wp\/v2\/media\/2680"}],"wp:attachment":[{"href":"https:\/\/lyonbondyblog.fr\/LBB\/wp-json\/wp\/v2\/media?parent=2679"}],"wp:term":[{"taxonomy":"category","embeddable":true,"href":"https:\/\/lyonbondyblog.fr\/LBB\/wp-json\/wp\/v2\/categories?post=2679"},{"taxonomy":"post_tag","embeddable":true,"href":"https:\/\/lyonbondyblog.fr\/LBB\/wp-json\/wp\/v2\/tags?post=2679"}],"curies":[{"name":"wp","href":"https:\/\/api.w.org\/{rel}","templated":true}]}}