{"id":2673,"date":"2010-06-19T11:03:52","date_gmt":"2010-06-19T09:03:52","guid":{"rendered":"http:\/\/lyonbondyblog.fr\/LBB\/?p=2673"},"modified":"2013-08-01T11:07:20","modified_gmt":"2013-08-01T09:07:20","slug":"cest-du-a-la-mauvaise-ambiance-creee-par-le-selectionneur-raymond-domenech-et-aux-caprices-des-footballeurs-trop-gates-par-largent-et-decourages-par-le-public-francais","status":"publish","type":"post","link":"https:\/\/lyonbondyblog.fr\/LBB\/cest-du-a-la-mauvaise-ambiance-creee-par-le-selectionneur-raymond-domenech-et-aux-caprices-des-footballeurs-trop-gates-par-largent-et-decourages-par-le-public-francais\/","title":{"rendered":"\u00ab\u00a0C\u2019est d\u00fb a la mauvaise ambiance cr\u00e9\u00e9e par le s\u00e9lectionneur Raymond Domenech et aux caprices des footballeurs trop g\u00e2t\u00e9s par l\u2019argent et d\u00e9courag\u00e9s par le public fran\u00e7ais\u00a0\u00bb"},"content":{"rendered":"<p><strong>LIVE BLOGGING. Des jeunes amateurs de foot de Gerland nous donnent leur avis sur le Mondial de foot 2010.<\/strong><\/p>\n<p><strong> <a href=\"https:\/\/lyonbondyblog.fr\/LBB\/wp-content\/uploads\/2013\/08\/coupe_du_monde_afrique_du_sud_t.jpg\"><img loading=\"lazy\" decoding=\"async\" class=\"size-full wp-image-2674 alignleft\" alt=\"coupe_du_monde_afrique_du_sud_t\" src=\"https:\/\/lyonbondyblog.fr\/LBB\/wp-content\/uploads\/2013\/08\/coupe_du_monde_afrique_du_sud_t.jpg\" width=\"193\" height=\"249\" \/><\/a><\/strong>\u00ab\u00a0<em>Ce matin je me suis r\u00e9veill\u00e9 pour aller faire du tennis, et apr\u00e8s moi mon fr\u00e8re et mes potes on a vu le tournoi. On est rentr\u00e9 dedans on a jou\u00e9 aux activit\u00e9s propos\u00e9e et j\u2019ai jou\u00e9 \u00e0 FIFA . Au d\u00e9but j\u2019\u00e9tais venu pour jouer au tennis mais \u00e0 la fin je suis all\u00e9 au foot ind\u2019or.<\/em><\/p>\n<p><em>Je pense que l\u2019Alg\u00e9rie a bien jou\u00e9 contre l\u2019Angleterre, ils ont tr\u00e8s bien jou\u00e9 m\u00eame et je pense qu\u2019elle pourrait gagner contre la France mais ils ne vont pas jouer contre eux, car ils vont surement \u00eatre \u00e9limin\u00e9s au premier tour et je suis pour l\u2019Argentine car ils ont Messi le meilleur joueur du monde et Maradona en entra\u00eeneur.<\/em> \u00bb Ali, 11 ans<\/p>\n<p>\u00ab On habite a Gerland .On conna\u00eet Foot Ind\u2019or gr\u00e2ce au coll\u00e8ge et comme nous sommes licenci\u00e9s dans des clubs diff\u00e9rents moi au CASCOL et Mohamed au FC Gerland l\u2019entr\u00e9e est gratuite pour nous . C\u2019\u00e9tait bien surtout quand on a jou\u00e9 a la Ps3.<br \/>\n<strong>\u00a0Sur le Le match Alg\u00e9rie Angleterre :<\/strong><\/p>\n<p>\u00ab <em>L\u2019Alg\u00e9rie a fait un tr\u00e8s bon match, on pensait qu\u2019ils allaient perdre mais ils se sont bien d\u00e9fendus et ont bien jou\u00e9s. Nos pronostics sur la finale : Argentine-Mexique pour nous deux. Je pense que les pays africains ont une chance quasiment nulle d\u2019aller en finale. Cette ann\u00e9e la France a \u00e9t\u00e9 pour nous l\u2019\u00e9quipe la moins impressionnante voire m\u00eame la plus ridicule et c\u2019est d\u00fb a la mauvaise ambiance cr\u00e9\u00e9e par le s\u00e9lectionneur Raymond Domenech et aux caprices des footballeurs trop g\u00e2t\u00e9s par l\u2019argent et d\u00e9courag\u00e9s par le public fran\u00e7ais comme par exemple avec le match France-Mexique qui c\u2019est termin\u00e9 avec un score final de 0-2.<\/em> \u00bbMohamed, 14 ans, Yassin 13 ans<\/p>\n<p><strong>Sur l&rsquo;affaire Anelka<\/strong><\/p>\n<p>\u00ab\u00a0<em>A propos de la coupe du monde, j\u2019entends les m\u00e9dias, les gens dire que l\u2019\u00e9quipe de France n\u2019est pas top que c\u2019est le s\u00e9lectionneur ou les joueurs qui sont faibles ou que ce n\u2019est pas la bonne \u00e9quipe. Pour ma part, j\u2019appellerais plut\u00f4t \u00e7a un retour de flamme. Rappelez-vous la main de Thierry Henry contre l\u2019Irlande. La France ne devait pas aller en coupe du monde. Je ne m\u2019\u00e9tonne pas de ces scores pitoyables mais bon, peut-\u00eatre qu\u2019ils arriveront \u00e0 se qualifier dans 4 ans pour la coupe du monde au Br\u00e9sil et qui sait, peut-\u00eatre m\u00eame nous faire plaisir comme en 1998. Mais \u00e0 l\u2019heure d\u2019aujourd\u2019hui en Afrique du sud faut pas ce faire de film, les Fran\u00e7ais vont rapidement reprendre leur bagage pour revenir en France car la roue a bel et bien tourn\u00e9!! (PS : je suis fennec (Alg\u00e9rien) et j\u2019esp\u00e8re qu\u2019ils nous feront autant plaisir cette ann\u00e9e que la France en 1998 !!! one two tree viva l\u2019Alg\u00e9rie)<\/em>\u00ab\u00a0, D\u00e9radji,29 ans<\/p>\n<p><span style=\"text-decoration: underline;\">Auteur :\u00a0Paolo Kahn<\/span><\/p>\n<!-- AddThis Advanced Settings generic via filter on the_content --><!-- AddThis Share Buttons generic via filter on the_content -->","protected":false},"excerpt":{"rendered":"<p>LIVE BLOGGING. Des jeunes amateurs de foot de Gerland nous donnent leur avis sur le Mondial de foot 2010. \u00ab\u00a0Ce matin je me suis r\u00e9veill\u00e9 &hellip; <!-- AddThis Advanced Settings generic via filter on wp_trim_excerpt --><!-- AddThis Share Buttons generic via filter on wp_trim_excerpt --><\/p>\n","protected":false},"author":1,"featured_media":2674,"comment_status":"open","ping_status":"open","sticky":false,"template":"","format":"standard","meta":{"_FSMCFIC_featured_image_caption":"","_FSMCFIC_featured_image_nocaption":"","_FSMCFIC_featured_image_hide":"","footnotes":""},"categories":[8],"tags":[10,112],"class_list":["post-2673","post","type-post","status-publish","format-standard","has-post-thumbnail","hentry","category-france","tag-lyon-2","tag-lyon-bondy-blog"],"yoast_head":"<!-- This site is optimized with the Yoast SEO plugin v22.8 - https:\/\/yoast.com\/wordpress\/plugins\/seo\/ -->\n<title>&quot;C\u2019est d\u00fb a la mauvaise ambiance cr\u00e9\u00e9e par le s\u00e9lectionneur Raymond Domenech et aux caprices des footballeurs trop g\u00e2t\u00e9s par l\u2019argent et d\u00e9courag\u00e9s par le public fran\u00e7ais&quot; - Lyon Bondy Blog<\/title>\n<meta name=\"robots\" content=\"index, follow, max-snippet:-1, max-image-preview:large, max-video-preview:-1\" \/>\n<link rel=\"canonical\" href=\"https:\/\/lyonbondyblog.fr\/LBB\/cest-du-a-la-mauvaise-ambiance-creee-par-le-selectionneur-raymond-domenech-et-aux-caprices-des-footballeurs-trop-gates-par-largent-et-decourages-par-le-public-francais\/\" \/>\n<meta property=\"og:locale\" content=\"fr_FR\" \/>\n<meta property=\"og:type\" content=\"article\" \/>\n<meta property=\"og:title\" content=\"&quot;C\u2019est d\u00fb a la mauvaise ambiance cr\u00e9\u00e9e par le s\u00e9lectionneur Raymond Domenech et aux caprices des footballeurs trop g\u00e2t\u00e9s par l\u2019argent et d\u00e9courag\u00e9s par le public fran\u00e7ais&quot; - Lyon Bondy Blog\" \/>\n<meta property=\"og:description\" content=\"LIVE BLOGGING. Des jeunes amateurs de foot de Gerland nous donnent leur avis sur le Mondial de foot 2010. \u00ab\u00a0Ce matin je me suis r\u00e9veill\u00e9 &hellip;\" \/>\n<meta property=\"og:url\" content=\"https:\/\/lyonbondyblog.fr\/LBB\/cest-du-a-la-mauvaise-ambiance-creee-par-le-selectionneur-raymond-domenech-et-aux-caprices-des-footballeurs-trop-gates-par-largent-et-decourages-par-le-public-francais\/\" \/>\n<meta property=\"og:site_name\" content=\"Lyon Bondy Blog\" \/>\n<meta property=\"article:publisher\" content=\"https:\/\/www.facebook.com\/lyonbondyblog\" \/>\n<meta property=\"article:author\" content=\"https:\/\/www.facebook.com\/lyonbondyblog\" \/>\n<meta property=\"article:published_time\" content=\"2010-06-19T09:03:52+00:00\" \/>\n<meta property=\"article:modified_time\" content=\"2013-08-01T09:07:20+00:00\" \/>\n<meta property=\"og:image\" content=\"https:\/\/lyonbondyblog.fr\/LBB\/wp-content\/uploads\/2013\/08\/coupe_du_monde_afrique_du_sud_t.jpg\" \/>\n\t<meta property=\"og:image:width\" content=\"193\" \/>\n\t<meta property=\"og:image:height\" content=\"249\" \/>\n\t<meta property=\"og:image:type\" content=\"image\/jpeg\" \/>\n<meta name=\"author\" content=\"La r\u00e9daction\" \/>\n<meta name=\"twitter:card\" content=\"summary_large_image\" \/>\n<meta name=\"twitter:creator\" content=\"@BondyBlogLyon\" \/>\n<meta name=\"twitter:site\" content=\"@bondybloglyon\" \/>\n<script type=\"application\/ld+json\" class=\"yoast-schema-graph\">{\"@context\":\"https:\/\/schema.org\",\"@graph\":[{\"@type\":\"Article\",\"@id\":\"https:\/\/lyonbondyblog.fr\/LBB\/cest-du-a-la-mauvaise-ambiance-creee-par-le-selectionneur-raymond-domenech-et-aux-caprices-des-footballeurs-trop-gates-par-largent-et-decourages-par-le-public-francais\/#article\",\"isPartOf\":{\"@id\":\"https:\/\/lyonbondyblog.fr\/LBB\/cest-du-a-la-mauvaise-ambiance-creee-par-le-selectionneur-raymond-domenech-et-aux-caprices-des-footballeurs-trop-gates-par-largent-et-decourages-par-le-public-francais\/\"},\"author\":{\"name\":\"La r\u00e9daction\",\"@id\":\"https:\/\/lyonbondyblog.fr\/LBB\/#\/schema\/person\/e45f8d27baac75072daa0be50c409b25\"},\"headline\":\"\u00ab\u00a0C\u2019est d\u00fb a la mauvaise ambiance cr\u00e9\u00e9e par le s\u00e9lectionneur Raymond Domenech et aux caprices des footballeurs trop g\u00e2t\u00e9s par l\u2019argent et d\u00e9courag\u00e9s par le public fran\u00e7ais\u00a0\u00bb\",\"datePublished\":\"2010-06-19T09:03:52+00:00\",\"dateModified\":\"2013-08-01T09:07:20+00:00\",\"mainEntityOfPage\":{\"@id\":\"https:\/\/lyonbondyblog.fr\/LBB\/cest-du-a-la-mauvaise-ambiance-creee-par-le-selectionneur-raymond-domenech-et-aux-caprices-des-footballeurs-trop-gates-par-largent-et-decourages-par-le-public-francais\/\"},\"wordCount\":568,\"commentCount\":0,\"publisher\":{\"@id\":\"https:\/\/lyonbondyblog.fr\/LBB\/#organization\"},\"image\":{\"@id\":\"https:\/\/lyonbondyblog.fr\/LBB\/cest-du-a-la-mauvaise-ambiance-creee-par-le-selectionneur-raymond-domenech-et-aux-caprices-des-footballeurs-trop-gates-par-largent-et-decourages-par-le-public-francais\/#primaryimage\"},\"thumbnailUrl\":\"https:\/\/lyonbondyblog.fr\/LBB\/wp-content\/uploads\/2013\/08\/coupe_du_monde_afrique_du_sud_t.jpg\",\"keywords\":[\"lyon\",\"Lyon Bondy Blog\"],\"articleSection\":[\"France\"],\"inLanguage\":\"fr-FR\",\"potentialAction\":[{\"@type\":\"CommentAction\",\"name\":\"Comment\",\"target\":[\"https:\/\/lyonbondyblog.fr\/LBB\/cest-du-a-la-mauvaise-ambiance-creee-par-le-selectionneur-raymond-domenech-et-aux-caprices-des-footballeurs-trop-gates-par-largent-et-decourages-par-le-public-francais\/#respond\"]}]},{\"@type\":\"WebPage\",\"@id\":\"https:\/\/lyonbondyblog.fr\/LBB\/cest-du-a-la-mauvaise-ambiance-creee-par-le-selectionneur-raymond-domenech-et-aux-caprices-des-footballeurs-trop-gates-par-largent-et-decourages-par-le-public-francais\/\",\"url\":\"https:\/\/lyonbondyblog.fr\/LBB\/cest-du-a-la-mauvaise-ambiance-creee-par-le-selectionneur-raymond-domenech-et-aux-caprices-des-footballeurs-trop-gates-par-largent-et-decourages-par-le-public-francais\/\",\"name\":\"\\\"C\u2019est d\u00fb a la mauvaise ambiance cr\u00e9\u00e9e par le s\u00e9lectionneur Raymond Domenech et aux caprices des footballeurs trop g\u00e2t\u00e9s par l\u2019argent et d\u00e9courag\u00e9s par le public fran\u00e7ais\\\" - Lyon Bondy Blog\",\"isPartOf\":{\"@id\":\"https:\/\/lyonbondyblog.fr\/LBB\/#website\"},\"primaryImageOfPage\":{\"@id\":\"https:\/\/lyonbondyblog.fr\/LBB\/cest-du-a-la-mauvaise-ambiance-creee-par-le-selectionneur-raymond-domenech-et-aux-caprices-des-footballeurs-trop-gates-par-largent-et-decourages-par-le-public-francais\/#primaryimage\"},\"image\":{\"@id\":\"https:\/\/lyonbondyblog.fr\/LBB\/cest-du-a-la-mauvaise-ambiance-creee-par-le-selectionneur-raymond-domenech-et-aux-caprices-des-footballeurs-trop-gates-par-largent-et-decourages-par-le-public-francais\/#primaryimage\"},\"thumbnailUrl\":\"https:\/\/lyonbondyblog.fr\/LBB\/wp-content\/uploads\/2013\/08\/coupe_du_monde_afrique_du_sud_t.jpg\",\"datePublished\":\"2010-06-19T09:03:52+00:00\",\"dateModified\":\"2013-08-01T09:07:20+00:00\",\"inLanguage\":\"fr-FR\",\"potentialAction\":[{\"@type\":\"ReadAction\",\"target\":[\"https:\/\/lyonbondyblog.fr\/LBB\/cest-du-a-la-mauvaise-ambiance-creee-par-le-selectionneur-raymond-domenech-et-aux-caprices-des-footballeurs-trop-gates-par-largent-et-decourages-par-le-public-francais\/\"]}]},{\"@type\":\"ImageObject\",\"inLanguage\":\"fr-FR\",\"@id\":\"https:\/\/lyonbondyblog.fr\/LBB\/cest-du-a-la-mauvaise-ambiance-creee-par-le-selectionneur-raymond-domenech-et-aux-caprices-des-footballeurs-trop-gates-par-largent-et-decourages-par-le-public-francais\/#primaryimage\",\"url\":\"https:\/\/lyonbondyblog.fr\/LBB\/wp-content\/uploads\/2013\/08\/coupe_du_monde_afrique_du_sud_t.jpg\",\"contentUrl\":\"https:\/\/lyonbondyblog.fr\/LBB\/wp-content\/uploads\/2013\/08\/coupe_du_monde_afrique_du_sud_t.jpg\",\"width\":193,\"height\":249},{\"@type\":\"WebSite\",\"@id\":\"https:\/\/lyonbondyblog.fr\/LBB\/#website\",\"url\":\"https:\/\/lyonbondyblog.fr\/LBB\/\",\"name\":\"Lyon Bondy Blog\",\"description\":\"\",\"publisher\":{\"@id\":\"https:\/\/lyonbondyblog.fr\/LBB\/#organization\"},\"potentialAction\":[{\"@type\":\"SearchAction\",\"target\":{\"@type\":\"EntryPoint\",\"urlTemplate\":\"https:\/\/lyonbondyblog.fr\/LBB\/?s={search_term_string}\"},\"query-input\":\"required name=search_term_string\"}],\"inLanguage\":\"fr-FR\"},{\"@type\":\"Organization\",\"@id\":\"https:\/\/lyonbondyblog.fr\/LBB\/#organization\",\"name\":\"LYON BONDY BLOG\",\"url\":\"https:\/\/lyonbondyblog.fr\/LBB\/\",\"logo\":{\"@type\":\"ImageObject\",\"inLanguage\":\"fr-FR\",\"@id\":\"https:\/\/lyonbondyblog.fr\/LBB\/#\/schema\/logo\/image\/\",\"url\":\"http:\/\/lyonbondyblog.fr\/LBB\/wp-content\/uploads\/2014\/10\/logo-portable-144.png\",\"contentUrl\":\"http:\/\/lyonbondyblog.fr\/LBB\/wp-content\/uploads\/2014\/10\/logo-portable-144.png\",\"width\":144,\"height\":123,\"caption\":\"LYON BONDY BLOG\"},\"image\":{\"@id\":\"https:\/\/lyonbondyblog.fr\/LBB\/#\/schema\/logo\/image\/\"},\"sameAs\":[\"https:\/\/www.facebook.com\/lyonbondyblog\",\"https:\/\/x.com\/bondybloglyon\"]},{\"@type\":\"Person\",\"@id\":\"https:\/\/lyonbondyblog.fr\/LBB\/#\/schema\/person\/e45f8d27baac75072daa0be50c409b25\",\"name\":\"La r\u00e9daction\",\"description\":\"Cr\u00e9e en 2008, la r\u00e9daction du Lyon Bondy Blog s'applique \u00e0 proposer une information locale diff\u00e9rente et compl\u00e9mentaire des m\u00e9dias traditionnels.\",\"sameAs\":[\"https:\/\/www.facebook.com\/lyonbondyblog\",\"https:\/\/x.com\/BondyBlogLyon\"],\"url\":\"https:\/\/lyonbondyblog.fr\/LBB\/author\/admin\/\"}]}<\/script>\n<!-- \/ Yoast SEO plugin. -->","yoast_head_json":{"title":"\"C\u2019est d\u00fb a la mauvaise ambiance cr\u00e9\u00e9e par le s\u00e9lectionneur Raymond Domenech et aux caprices des footballeurs trop g\u00e2t\u00e9s par l\u2019argent et d\u00e9courag\u00e9s par le public fran\u00e7ais\" - Lyon Bondy Blog","robots":{"index":"index","follow":"follow","max-snippet":"max-snippet:-1","max-image-preview":"max-image-preview:large","max-video-preview":"max-video-preview:-1"},"canonical":"https:\/\/lyonbondyblog.fr\/LBB\/cest-du-a-la-mauvaise-ambiance-creee-par-le-selectionneur-raymond-domenech-et-aux-caprices-des-footballeurs-trop-gates-par-largent-et-decourages-par-le-public-francais\/","og_locale":"fr_FR","og_type":"article","og_title":"\"C\u2019est d\u00fb a la mauvaise ambiance cr\u00e9\u00e9e par le s\u00e9lectionneur Raymond Domenech et aux caprices des footballeurs trop g\u00e2t\u00e9s par l\u2019argent et d\u00e9courag\u00e9s par le public fran\u00e7ais\" - Lyon Bondy Blog","og_description":"LIVE BLOGGING. Des jeunes amateurs de foot de Gerland nous donnent leur avis sur le Mondial de foot 2010. \u00ab\u00a0Ce matin je me suis r\u00e9veill\u00e9 &hellip;","og_url":"https:\/\/lyonbondyblog.fr\/LBB\/cest-du-a-la-mauvaise-ambiance-creee-par-le-selectionneur-raymond-domenech-et-aux-caprices-des-footballeurs-trop-gates-par-largent-et-decourages-par-le-public-francais\/","og_site_name":"Lyon Bondy Blog","article_publisher":"https:\/\/www.facebook.com\/lyonbondyblog","article_author":"https:\/\/www.facebook.com\/lyonbondyblog","article_published_time":"2010-06-19T09:03:52+00:00","article_modified_time":"2013-08-01T09:07:20+00:00","og_image":[{"width":193,"height":249,"url":"https:\/\/lyonbondyblog.fr\/LBB\/wp-content\/uploads\/2013\/08\/coupe_du_monde_afrique_du_sud_t.jpg","type":"image\/jpeg"}],"author":"La r\u00e9daction","twitter_card":"summary_large_image","twitter_creator":"@BondyBlogLyon","twitter_site":"@bondybloglyon","schema":{"@context":"https:\/\/schema.org","@graph":[{"@type":"Article","@id":"https:\/\/lyonbondyblog.fr\/LBB\/cest-du-a-la-mauvaise-ambiance-creee-par-le-selectionneur-raymond-domenech-et-aux-caprices-des-footballeurs-trop-gates-par-largent-et-decourages-par-le-public-francais\/#article","isPartOf":{"@id":"https:\/\/lyonbondyblog.fr\/LBB\/cest-du-a-la-mauvaise-ambiance-creee-par-le-selectionneur-raymond-domenech-et-aux-caprices-des-footballeurs-trop-gates-par-largent-et-decourages-par-le-public-francais\/"},"author":{"name":"La r\u00e9daction","@id":"https:\/\/lyonbondyblog.fr\/LBB\/#\/schema\/person\/e45f8d27baac75072daa0be50c409b25"},"headline":"\u00ab\u00a0C\u2019est d\u00fb a la mauvaise ambiance cr\u00e9\u00e9e par le s\u00e9lectionneur Raymond Domenech et aux caprices des footballeurs trop g\u00e2t\u00e9s par l\u2019argent et d\u00e9courag\u00e9s par le public fran\u00e7ais\u00a0\u00bb","datePublished":"2010-06-19T09:03:52+00:00","dateModified":"2013-08-01T09:07:20+00:00","mainEntityOfPage":{"@id":"https:\/\/lyonbondyblog.fr\/LBB\/cest-du-a-la-mauvaise-ambiance-creee-par-le-selectionneur-raymond-domenech-et-aux-caprices-des-footballeurs-trop-gates-par-largent-et-decourages-par-le-public-francais\/"},"wordCount":568,"commentCount":0,"publisher":{"@id":"https:\/\/lyonbondyblog.fr\/LBB\/#organization"},"image":{"@id":"https:\/\/lyonbondyblog.fr\/LBB\/cest-du-a-la-mauvaise-ambiance-creee-par-le-selectionneur-raymond-domenech-et-aux-caprices-des-footballeurs-trop-gates-par-largent-et-decourages-par-le-public-francais\/#primaryimage"},"thumbnailUrl":"https:\/\/lyonbondyblog.fr\/LBB\/wp-content\/uploads\/2013\/08\/coupe_du_monde_afrique_du_sud_t.jpg","keywords":["lyon","Lyon Bondy Blog"],"articleSection":["France"],"inLanguage":"fr-FR","potentialAction":[{"@type":"CommentAction","name":"Comment","target":["https:\/\/lyonbondyblog.fr\/LBB\/cest-du-a-la-mauvaise-ambiance-creee-par-le-selectionneur-raymond-domenech-et-aux-caprices-des-footballeurs-trop-gates-par-largent-et-decourages-par-le-public-francais\/#respond"]}]},{"@type":"WebPage","@id":"https:\/\/lyonbondyblog.fr\/LBB\/cest-du-a-la-mauvaise-ambiance-creee-par-le-selectionneur-raymond-domenech-et-aux-caprices-des-footballeurs-trop-gates-par-largent-et-decourages-par-le-public-francais\/","url":"https:\/\/lyonbondyblog.fr\/LBB\/cest-du-a-la-mauvaise-ambiance-creee-par-le-selectionneur-raymond-domenech-et-aux-caprices-des-footballeurs-trop-gates-par-largent-et-decourages-par-le-public-francais\/","name":"\"C\u2019est d\u00fb a la mauvaise ambiance cr\u00e9\u00e9e par le s\u00e9lectionneur Raymond Domenech et aux caprices des footballeurs trop g\u00e2t\u00e9s par l\u2019argent et d\u00e9courag\u00e9s par le public fran\u00e7ais\" - Lyon Bondy Blog","isPartOf":{"@id":"https:\/\/lyonbondyblog.fr\/LBB\/#website"},"primaryImageOfPage":{"@id":"https:\/\/lyonbondyblog.fr\/LBB\/cest-du-a-la-mauvaise-ambiance-creee-par-le-selectionneur-raymond-domenech-et-aux-caprices-des-footballeurs-trop-gates-par-largent-et-decourages-par-le-public-francais\/#primaryimage"},"image":{"@id":"https:\/\/lyonbondyblog.fr\/LBB\/cest-du-a-la-mauvaise-ambiance-creee-par-le-selectionneur-raymond-domenech-et-aux-caprices-des-footballeurs-trop-gates-par-largent-et-decourages-par-le-public-francais\/#primaryimage"},"thumbnailUrl":"https:\/\/lyonbondyblog.fr\/LBB\/wp-content\/uploads\/2013\/08\/coupe_du_monde_afrique_du_sud_t.jpg","datePublished":"2010-06-19T09:03:52+00:00","dateModified":"2013-08-01T09:07:20+00:00","inLanguage":"fr-FR","potentialAction":[{"@type":"ReadAction","target":["https:\/\/lyonbondyblog.fr\/LBB\/cest-du-a-la-mauvaise-ambiance-creee-par-le-selectionneur-raymond-domenech-et-aux-caprices-des-footballeurs-trop-gates-par-largent-et-decourages-par-le-public-francais\/"]}]},{"@type":"ImageObject","inLanguage":"fr-FR","@id":"https:\/\/lyonbondyblog.fr\/LBB\/cest-du-a-la-mauvaise-ambiance-creee-par-le-selectionneur-raymond-domenech-et-aux-caprices-des-footballeurs-trop-gates-par-largent-et-decourages-par-le-public-francais\/#primaryimage","url":"https:\/\/lyonbondyblog.fr\/LBB\/wp-content\/uploads\/2013\/08\/coupe_du_monde_afrique_du_sud_t.jpg","contentUrl":"https:\/\/lyonbondyblog.fr\/LBB\/wp-content\/uploads\/2013\/08\/coupe_du_monde_afrique_du_sud_t.jpg","width":193,"height":249},{"@type":"WebSite","@id":"https:\/\/lyonbondyblog.fr\/LBB\/#website","url":"https:\/\/lyonbondyblog.fr\/LBB\/","name":"Lyon Bondy Blog","description":"","publisher":{"@id":"https:\/\/lyonbondyblog.fr\/LBB\/#organization"},"potentialAction":[{"@type":"SearchAction","target":{"@type":"EntryPoint","urlTemplate":"https:\/\/lyonbondyblog.fr\/LBB\/?s={search_term_string}"},"query-input":"required name=search_term_string"}],"inLanguage":"fr-FR"},{"@type":"Organization","@id":"https:\/\/lyonbondyblog.fr\/LBB\/#organization","name":"LYON BONDY BLOG","url":"https:\/\/lyonbondyblog.fr\/LBB\/","logo":{"@type":"ImageObject","inLanguage":"fr-FR","@id":"https:\/\/lyonbondyblog.fr\/LBB\/#\/schema\/logo\/image\/","url":"http:\/\/lyonbondyblog.fr\/LBB\/wp-content\/uploads\/2014\/10\/logo-portable-144.png","contentUrl":"http:\/\/lyonbondyblog.fr\/LBB\/wp-content\/uploads\/2014\/10\/logo-portable-144.png","width":144,"height":123,"caption":"LYON BONDY BLOG"},"image":{"@id":"https:\/\/lyonbondyblog.fr\/LBB\/#\/schema\/logo\/image\/"},"sameAs":["https:\/\/www.facebook.com\/lyonbondyblog","https:\/\/x.com\/bondybloglyon"]},{"@type":"Person","@id":"https:\/\/lyonbondyblog.fr\/LBB\/#\/schema\/person\/e45f8d27baac75072daa0be50c409b25","name":"La r\u00e9daction","description":"Cr\u00e9e en 2008, la r\u00e9daction du Lyon Bondy Blog s'applique \u00e0 proposer une information locale diff\u00e9rente et compl\u00e9mentaire des m\u00e9dias traditionnels.","sameAs":["https:\/\/www.facebook.com\/lyonbondyblog","https:\/\/x.com\/BondyBlogLyon"],"url":"https:\/\/lyonbondyblog.fr\/LBB\/author\/admin\/"}]}},"_links":{"self":[{"href":"https:\/\/lyonbondyblog.fr\/LBB\/wp-json\/wp\/v2\/posts\/2673","targetHints":{"allow":["GET"]}}],"collection":[{"href":"https:\/\/lyonbondyblog.fr\/LBB\/wp-json\/wp\/v2\/posts"}],"about":[{"href":"https:\/\/lyonbondyblog.fr\/LBB\/wp-json\/wp\/v2\/types\/post"}],"author":[{"embeddable":true,"href":"https:\/\/lyonbondyblog.fr\/LBB\/wp-json\/wp\/v2\/users\/1"}],"replies":[{"embeddable":true,"href":"https:\/\/lyonbondyblog.fr\/LBB\/wp-json\/wp\/v2\/comments?post=2673"}],"version-history":[{"count":0,"href":"https:\/\/lyonbondyblog.fr\/LBB\/wp-json\/wp\/v2\/posts\/2673\/revisions"}],"wp:featuredmedia":[{"embeddable":true,"href":"https:\/\/lyonbondyblog.fr\/LBB\/wp-json\/wp\/v2\/media\/2674"}],"wp:attachment":[{"href":"https:\/\/lyonbondyblog.fr\/LBB\/wp-json\/wp\/v2\/media?parent=2673"}],"wp:term":[{"taxonomy":"category","embeddable":true,"href":"https:\/\/lyonbondyblog.fr\/LBB\/wp-json\/wp\/v2\/categories?post=2673"},{"taxonomy":"post_tag","embeddable":true,"href":"https:\/\/lyonbondyblog.fr\/LBB\/wp-json\/wp\/v2\/tags?post=2673"}],"curies":[{"name":"wp","href":"https:\/\/api.w.org\/{rel}","templated":true}]}}