{"id":2663,"date":"2010-07-05T10:59:31","date_gmt":"2010-07-05T08:59:31","guid":{"rendered":"http:\/\/lyonbondyblog.fr\/LBB\/?p=2663"},"modified":"2013-08-01T11:01:17","modified_gmt":"2013-08-01T09:01:17","slug":"les-yeux-dans-la-banlieue-un-web-doc-a-ne-pas-manquer","status":"publish","type":"post","link":"https:\/\/lyonbondyblog.fr\/LBB\/les-yeux-dans-la-banlieue-un-web-doc-a-ne-pas-manquer\/","title":{"rendered":"\u00ab\u00a0Les yeux dans la banlieue\u00a0\u00bb, un web-doc \u00e0 ne pas manquer"},"content":{"rendered":"<p><strong>Les journalistes Bruno Lorvao et Philippe Ramos racontent la banlieue autrement gr\u00e2ce \u00e0 un documentaire multim\u00e9dia original.<\/strong><\/p>\n<div><a title=\" -- Cliquez pour voir l'image en entier\" href=\"http:\/\/yahoo.lyon.bondyblog.fr\/images\/lesyeux.png\" target=\"_blank\"> <img decoding=\"async\" class=\"alignright\" alt=\" -- Cliquez pour voir l'image en entier\" src=\"http:\/\/yahoo.lyon.bondyblog.fr\/images\/lesyeux_t.png\" border=\"0\" \/> <\/a><\/div>\n<div><\/div>\n<p>Le journal Lib\u00e9ration vient de publier l\u2019innovant web documentaire \u201cLes yeux de la banlieue\u201d. La simple et banale histoire d&rsquo;Ang\u00e9lique, Tarah, Ramlata, Ugo, Adrien, Allan, Chekn\u00e9, Quentin et Djoudi, le coach, tous des jeunes banlieusards qui vivent ensemble, autour du foot&#8230; \u00e0 Athis-Mons.<\/p>\n<p>Le\u00a0web-doc produit par Bruno Lorvao et Philippe Ramos et le journal Lib\u00e9ration est tr\u00e8s innovant, non seulement au niveau de la technologie employ\u00e9e, mais surtout par la position prise par les auteurs.\u00a0Il n\u2019y a pas de narrateur, critique, 3\u00e8me personne. Les seuls acteurs sont les jeunes, leur coach et le foot. Avec cela, le web-doc permet de faire parler la banlieue, pas seulement de souffrance, de discrimination et tous les discours d\u00e9j\u00e0 entendus, mais aussi de sa vie quotidienne, des sms \u00e9chang\u00e9s, des produits de marques achet\u00e9s et des sentiments de ces jeunes envers la France, la police, les amis et leurs parents.<\/p>\n<p>\u201cLa France repr\u00e9sentait la terre d\u2019espoirs pour mes parents, mais pour moi elle est devenue la terre du ch\u00f4mage. En banlieue, on est tous des d\u00e9brouillards. Moi, j\u2019ai pas envie de d\u00e9charger des camions toute ma vie, je veux avoir le \u201cmax\u201d de dipl\u00f4mes pour passer des concours\u201d, t\u00e9moigne Adrien.<\/p>\n<p>\u201cJ\u2019ai beaucoup de chance d\u2019\u00eatre Fran\u00e7ais, vivre dans ce pays qui a accueilli mes parents comme aucun d\u2019autre l&rsquo;aurait fait. Vivre en Afrique, \u00e7a doit \u00eatre dur\u201d, explique Chekn\u00e9.<\/p>\n<p>\u201cLa banlieue pour moi n\u2019a aucune connotation p\u00e9jorative, c\u2019est l\u2019endroit autour de Paris et voil\u00e0\u201d, confie Ligo.<\/p>\n<p>Le documentaire multim\u00e9dia nous permet d\u2019entrer dans l\u2019esprit, dans la vie quotidienne des 5 banlieusards qui repr\u00e9sentent d\u2019autres millions. Par des clics, on peut comprendre, rire, pleurer, mais surtout conna\u00eetre le point de vue de ceux qui veulent en quelque sorte parler.<\/p>\n<p>Pour ceux qui n\u2019ont jamais \u00e9t\u00e9 en banlieue, c\u2019est une carte de visite virtuelle pour casser les pr\u00e9jug\u00e9s. Pour ceux qui y sont n\u00e9s et y vivent toujours, ce web-doc offre une multitude de visions sur cette banlieue qui fait partie int\u00e9grante de la France.<\/p>\n<p><span style=\"text-decoration: underline;\"><b>VOIR LE WEB-DOC\u00a0:<\/b><\/span><\/p>\n<p><a href=\"http:\/\/www.liberation.fr\/lesyeuxdanslabanlieue\">www.liberation.fr\/lesyeuxdanslabanlieue<\/a><\/p>\n<p style=\"text-align: right;\"><span style=\"text-decoration: underline;\">Alesson Souza<\/span><\/p>\n<!-- AddThis Advanced Settings generic via filter on the_content --><!-- AddThis Share Buttons generic via filter on the_content -->","protected":false},"excerpt":{"rendered":"<p>Les journalistes Bruno Lorvao et Philippe Ramos racontent la banlieue autrement gr\u00e2ce \u00e0 un documentaire multim\u00e9dia original. Le journal Lib\u00e9ration vient de publier l\u2019innovant web &hellip; <!-- AddThis Advanced Settings generic via filter on wp_trim_excerpt --><!-- AddThis Share Buttons generic via filter on wp_trim_excerpt --><\/p>\n","protected":false},"author":1,"featured_media":2666,"comment_status":"open","ping_status":"open","sticky":false,"template":"","format":"standard","meta":{"_FSMCFIC_featured_image_caption":"","_FSMCFIC_featured_image_nocaption":"","_FSMCFIC_featured_image_hide":"","footnotes":""},"categories":[4],"tags":[687,686,10,112,688],"class_list":["post-2663","post","type-post","status-publish","format-standard","has-post-thumbnail","hentry","category-lyon","tag-banlieue","tag-les-yeux-dans-la-banlieue","tag-lyon-2","tag-lyon-bondy-blog","tag-web-doc"],"yoast_head":"<!-- This site is optimized with the Yoast SEO plugin v22.8 - https:\/\/yoast.com\/wordpress\/plugins\/seo\/ -->\n<title>&quot;Les yeux dans la banlieue&quot;, un web-doc \u00e0 ne pas manquer - Lyon Bondy Blog<\/title>\n<meta name=\"robots\" content=\"index, follow, max-snippet:-1, max-image-preview:large, max-video-preview:-1\" \/>\n<link rel=\"canonical\" href=\"https:\/\/lyonbondyblog.fr\/LBB\/les-yeux-dans-la-banlieue-un-web-doc-a-ne-pas-manquer\/\" \/>\n<meta property=\"og:locale\" content=\"fr_FR\" \/>\n<meta property=\"og:type\" content=\"article\" \/>\n<meta property=\"og:title\" content=\"&quot;Les yeux dans la banlieue&quot;, un web-doc \u00e0 ne pas manquer - Lyon Bondy Blog\" \/>\n<meta property=\"og:description\" content=\"Les journalistes Bruno Lorvao et Philippe Ramos racontent la banlieue autrement gr\u00e2ce \u00e0 un documentaire multim\u00e9dia original. Le journal Lib\u00e9ration vient de publier l\u2019innovant web &hellip;\" \/>\n<meta property=\"og:url\" content=\"https:\/\/lyonbondyblog.fr\/LBB\/les-yeux-dans-la-banlieue-un-web-doc-a-ne-pas-manquer\/\" \/>\n<meta property=\"og:site_name\" content=\"Lyon Bondy Blog\" \/>\n<meta property=\"article:publisher\" content=\"https:\/\/www.facebook.com\/lyonbondyblog\" \/>\n<meta property=\"article:author\" content=\"https:\/\/www.facebook.com\/lyonbondyblog\" \/>\n<meta property=\"article:published_time\" content=\"2010-07-05T08:59:31+00:00\" \/>\n<meta property=\"article:modified_time\" content=\"2013-08-01T09:01:17+00:00\" \/>\n<meta property=\"og:image\" content=\"https:\/\/lyonbondyblog.fr\/LBB\/wp-content\/uploads\/2013\/08\/lesyeux_t.png\" \/>\n\t<meta property=\"og:image:width\" content=\"194\" \/>\n\t<meta property=\"og:image:height\" content=\"97\" \/>\n\t<meta property=\"og:image:type\" content=\"image\/png\" \/>\n<meta name=\"author\" content=\"La r\u00e9daction\" \/>\n<meta name=\"twitter:card\" content=\"summary_large_image\" \/>\n<meta name=\"twitter:creator\" content=\"@BondyBlogLyon\" \/>\n<meta name=\"twitter:site\" content=\"@bondybloglyon\" \/>\n<script type=\"application\/ld+json\" class=\"yoast-schema-graph\">{\"@context\":\"https:\/\/schema.org\",\"@graph\":[{\"@type\":\"Article\",\"@id\":\"https:\/\/lyonbondyblog.fr\/LBB\/les-yeux-dans-la-banlieue-un-web-doc-a-ne-pas-manquer\/#article\",\"isPartOf\":{\"@id\":\"https:\/\/lyonbondyblog.fr\/LBB\/les-yeux-dans-la-banlieue-un-web-doc-a-ne-pas-manquer\/\"},\"author\":{\"name\":\"La r\u00e9daction\",\"@id\":\"https:\/\/lyonbondyblog.fr\/LBB\/#\/schema\/person\/e45f8d27baac75072daa0be50c409b25\"},\"headline\":\"\u00ab\u00a0Les yeux dans la banlieue\u00a0\u00bb, un web-doc \u00e0 ne pas manquer\",\"datePublished\":\"2010-07-05T08:59:31+00:00\",\"dateModified\":\"2013-08-01T09:01:17+00:00\",\"mainEntityOfPage\":{\"@id\":\"https:\/\/lyonbondyblog.fr\/LBB\/les-yeux-dans-la-banlieue-un-web-doc-a-ne-pas-manquer\/\"},\"wordCount\":404,\"commentCount\":0,\"publisher\":{\"@id\":\"https:\/\/lyonbondyblog.fr\/LBB\/#organization\"},\"image\":{\"@id\":\"https:\/\/lyonbondyblog.fr\/LBB\/les-yeux-dans-la-banlieue-un-web-doc-a-ne-pas-manquer\/#primaryimage\"},\"thumbnailUrl\":\"https:\/\/lyonbondyblog.fr\/LBB\/wp-content\/uploads\/2013\/08\/lesyeux_t.png\",\"keywords\":[\"banlieue\",\"Les yeux dans la banlieue\",\"lyon\",\"Lyon Bondy Blog\",\"web doc\"],\"articleSection\":[\"Lyon\"],\"inLanguage\":\"fr-FR\",\"potentialAction\":[{\"@type\":\"CommentAction\",\"name\":\"Comment\",\"target\":[\"https:\/\/lyonbondyblog.fr\/LBB\/les-yeux-dans-la-banlieue-un-web-doc-a-ne-pas-manquer\/#respond\"]}]},{\"@type\":\"WebPage\",\"@id\":\"https:\/\/lyonbondyblog.fr\/LBB\/les-yeux-dans-la-banlieue-un-web-doc-a-ne-pas-manquer\/\",\"url\":\"https:\/\/lyonbondyblog.fr\/LBB\/les-yeux-dans-la-banlieue-un-web-doc-a-ne-pas-manquer\/\",\"name\":\"\\\"Les yeux dans la banlieue\\\", un web-doc \u00e0 ne pas manquer - Lyon Bondy Blog\",\"isPartOf\":{\"@id\":\"https:\/\/lyonbondyblog.fr\/LBB\/#website\"},\"primaryImageOfPage\":{\"@id\":\"https:\/\/lyonbondyblog.fr\/LBB\/les-yeux-dans-la-banlieue-un-web-doc-a-ne-pas-manquer\/#primaryimage\"},\"image\":{\"@id\":\"https:\/\/lyonbondyblog.fr\/LBB\/les-yeux-dans-la-banlieue-un-web-doc-a-ne-pas-manquer\/#primaryimage\"},\"thumbnailUrl\":\"https:\/\/lyonbondyblog.fr\/LBB\/wp-content\/uploads\/2013\/08\/lesyeux_t.png\",\"datePublished\":\"2010-07-05T08:59:31+00:00\",\"dateModified\":\"2013-08-01T09:01:17+00:00\",\"inLanguage\":\"fr-FR\",\"potentialAction\":[{\"@type\":\"ReadAction\",\"target\":[\"https:\/\/lyonbondyblog.fr\/LBB\/les-yeux-dans-la-banlieue-un-web-doc-a-ne-pas-manquer\/\"]}]},{\"@type\":\"ImageObject\",\"inLanguage\":\"fr-FR\",\"@id\":\"https:\/\/lyonbondyblog.fr\/LBB\/les-yeux-dans-la-banlieue-un-web-doc-a-ne-pas-manquer\/#primaryimage\",\"url\":\"https:\/\/lyonbondyblog.fr\/LBB\/wp-content\/uploads\/2013\/08\/lesyeux_t.png\",\"contentUrl\":\"https:\/\/lyonbondyblog.fr\/LBB\/wp-content\/uploads\/2013\/08\/lesyeux_t.png\",\"width\":194,\"height\":97},{\"@type\":\"WebSite\",\"@id\":\"https:\/\/lyonbondyblog.fr\/LBB\/#website\",\"url\":\"https:\/\/lyonbondyblog.fr\/LBB\/\",\"name\":\"Lyon Bondy Blog\",\"description\":\"\",\"publisher\":{\"@id\":\"https:\/\/lyonbondyblog.fr\/LBB\/#organization\"},\"potentialAction\":[{\"@type\":\"SearchAction\",\"target\":{\"@type\":\"EntryPoint\",\"urlTemplate\":\"https:\/\/lyonbondyblog.fr\/LBB\/?s={search_term_string}\"},\"query-input\":\"required name=search_term_string\"}],\"inLanguage\":\"fr-FR\"},{\"@type\":\"Organization\",\"@id\":\"https:\/\/lyonbondyblog.fr\/LBB\/#organization\",\"name\":\"LYON BONDY BLOG\",\"url\":\"https:\/\/lyonbondyblog.fr\/LBB\/\",\"logo\":{\"@type\":\"ImageObject\",\"inLanguage\":\"fr-FR\",\"@id\":\"https:\/\/lyonbondyblog.fr\/LBB\/#\/schema\/logo\/image\/\",\"url\":\"http:\/\/lyonbondyblog.fr\/LBB\/wp-content\/uploads\/2014\/10\/logo-portable-144.png\",\"contentUrl\":\"http:\/\/lyonbondyblog.fr\/LBB\/wp-content\/uploads\/2014\/10\/logo-portable-144.png\",\"width\":144,\"height\":123,\"caption\":\"LYON BONDY BLOG\"},\"image\":{\"@id\":\"https:\/\/lyonbondyblog.fr\/LBB\/#\/schema\/logo\/image\/\"},\"sameAs\":[\"https:\/\/www.facebook.com\/lyonbondyblog\",\"https:\/\/x.com\/bondybloglyon\"]},{\"@type\":\"Person\",\"@id\":\"https:\/\/lyonbondyblog.fr\/LBB\/#\/schema\/person\/e45f8d27baac75072daa0be50c409b25\",\"name\":\"La r\u00e9daction\",\"description\":\"Cr\u00e9e en 2008, la r\u00e9daction du Lyon Bondy Blog s'applique \u00e0 proposer une information locale diff\u00e9rente et compl\u00e9mentaire des m\u00e9dias traditionnels.\",\"sameAs\":[\"https:\/\/www.facebook.com\/lyonbondyblog\",\"https:\/\/x.com\/BondyBlogLyon\"],\"url\":\"https:\/\/lyonbondyblog.fr\/LBB\/author\/admin\/\"}]}<\/script>\n<!-- \/ Yoast SEO plugin. -->","yoast_head_json":{"title":"\"Les yeux dans la banlieue\", un web-doc \u00e0 ne pas manquer - Lyon Bondy Blog","robots":{"index":"index","follow":"follow","max-snippet":"max-snippet:-1","max-image-preview":"max-image-preview:large","max-video-preview":"max-video-preview:-1"},"canonical":"https:\/\/lyonbondyblog.fr\/LBB\/les-yeux-dans-la-banlieue-un-web-doc-a-ne-pas-manquer\/","og_locale":"fr_FR","og_type":"article","og_title":"\"Les yeux dans la banlieue\", un web-doc \u00e0 ne pas manquer - Lyon Bondy Blog","og_description":"Les journalistes Bruno Lorvao et Philippe Ramos racontent la banlieue autrement gr\u00e2ce \u00e0 un documentaire multim\u00e9dia original. Le journal Lib\u00e9ration vient de publier l\u2019innovant web &hellip;","og_url":"https:\/\/lyonbondyblog.fr\/LBB\/les-yeux-dans-la-banlieue-un-web-doc-a-ne-pas-manquer\/","og_site_name":"Lyon Bondy Blog","article_publisher":"https:\/\/www.facebook.com\/lyonbondyblog","article_author":"https:\/\/www.facebook.com\/lyonbondyblog","article_published_time":"2010-07-05T08:59:31+00:00","article_modified_time":"2013-08-01T09:01:17+00:00","og_image":[{"width":194,"height":97,"url":"https:\/\/lyonbondyblog.fr\/LBB\/wp-content\/uploads\/2013\/08\/lesyeux_t.png","type":"image\/png"}],"author":"La r\u00e9daction","twitter_card":"summary_large_image","twitter_creator":"@BondyBlogLyon","twitter_site":"@bondybloglyon","schema":{"@context":"https:\/\/schema.org","@graph":[{"@type":"Article","@id":"https:\/\/lyonbondyblog.fr\/LBB\/les-yeux-dans-la-banlieue-un-web-doc-a-ne-pas-manquer\/#article","isPartOf":{"@id":"https:\/\/lyonbondyblog.fr\/LBB\/les-yeux-dans-la-banlieue-un-web-doc-a-ne-pas-manquer\/"},"author":{"name":"La r\u00e9daction","@id":"https:\/\/lyonbondyblog.fr\/LBB\/#\/schema\/person\/e45f8d27baac75072daa0be50c409b25"},"headline":"\u00ab\u00a0Les yeux dans la banlieue\u00a0\u00bb, un web-doc \u00e0 ne pas manquer","datePublished":"2010-07-05T08:59:31+00:00","dateModified":"2013-08-01T09:01:17+00:00","mainEntityOfPage":{"@id":"https:\/\/lyonbondyblog.fr\/LBB\/les-yeux-dans-la-banlieue-un-web-doc-a-ne-pas-manquer\/"},"wordCount":404,"commentCount":0,"publisher":{"@id":"https:\/\/lyonbondyblog.fr\/LBB\/#organization"},"image":{"@id":"https:\/\/lyonbondyblog.fr\/LBB\/les-yeux-dans-la-banlieue-un-web-doc-a-ne-pas-manquer\/#primaryimage"},"thumbnailUrl":"https:\/\/lyonbondyblog.fr\/LBB\/wp-content\/uploads\/2013\/08\/lesyeux_t.png","keywords":["banlieue","Les yeux dans la banlieue","lyon","Lyon Bondy Blog","web doc"],"articleSection":["Lyon"],"inLanguage":"fr-FR","potentialAction":[{"@type":"CommentAction","name":"Comment","target":["https:\/\/lyonbondyblog.fr\/LBB\/les-yeux-dans-la-banlieue-un-web-doc-a-ne-pas-manquer\/#respond"]}]},{"@type":"WebPage","@id":"https:\/\/lyonbondyblog.fr\/LBB\/les-yeux-dans-la-banlieue-un-web-doc-a-ne-pas-manquer\/","url":"https:\/\/lyonbondyblog.fr\/LBB\/les-yeux-dans-la-banlieue-un-web-doc-a-ne-pas-manquer\/","name":"\"Les yeux dans la banlieue\", un web-doc \u00e0 ne pas manquer - Lyon Bondy Blog","isPartOf":{"@id":"https:\/\/lyonbondyblog.fr\/LBB\/#website"},"primaryImageOfPage":{"@id":"https:\/\/lyonbondyblog.fr\/LBB\/les-yeux-dans-la-banlieue-un-web-doc-a-ne-pas-manquer\/#primaryimage"},"image":{"@id":"https:\/\/lyonbondyblog.fr\/LBB\/les-yeux-dans-la-banlieue-un-web-doc-a-ne-pas-manquer\/#primaryimage"},"thumbnailUrl":"https:\/\/lyonbondyblog.fr\/LBB\/wp-content\/uploads\/2013\/08\/lesyeux_t.png","datePublished":"2010-07-05T08:59:31+00:00","dateModified":"2013-08-01T09:01:17+00:00","inLanguage":"fr-FR","potentialAction":[{"@type":"ReadAction","target":["https:\/\/lyonbondyblog.fr\/LBB\/les-yeux-dans-la-banlieue-un-web-doc-a-ne-pas-manquer\/"]}]},{"@type":"ImageObject","inLanguage":"fr-FR","@id":"https:\/\/lyonbondyblog.fr\/LBB\/les-yeux-dans-la-banlieue-un-web-doc-a-ne-pas-manquer\/#primaryimage","url":"https:\/\/lyonbondyblog.fr\/LBB\/wp-content\/uploads\/2013\/08\/lesyeux_t.png","contentUrl":"https:\/\/lyonbondyblog.fr\/LBB\/wp-content\/uploads\/2013\/08\/lesyeux_t.png","width":194,"height":97},{"@type":"WebSite","@id":"https:\/\/lyonbondyblog.fr\/LBB\/#website","url":"https:\/\/lyonbondyblog.fr\/LBB\/","name":"Lyon Bondy Blog","description":"","publisher":{"@id":"https:\/\/lyonbondyblog.fr\/LBB\/#organization"},"potentialAction":[{"@type":"SearchAction","target":{"@type":"EntryPoint","urlTemplate":"https:\/\/lyonbondyblog.fr\/LBB\/?s={search_term_string}"},"query-input":"required name=search_term_string"}],"inLanguage":"fr-FR"},{"@type":"Organization","@id":"https:\/\/lyonbondyblog.fr\/LBB\/#organization","name":"LYON BONDY BLOG","url":"https:\/\/lyonbondyblog.fr\/LBB\/","logo":{"@type":"ImageObject","inLanguage":"fr-FR","@id":"https:\/\/lyonbondyblog.fr\/LBB\/#\/schema\/logo\/image\/","url":"http:\/\/lyonbondyblog.fr\/LBB\/wp-content\/uploads\/2014\/10\/logo-portable-144.png","contentUrl":"http:\/\/lyonbondyblog.fr\/LBB\/wp-content\/uploads\/2014\/10\/logo-portable-144.png","width":144,"height":123,"caption":"LYON BONDY BLOG"},"image":{"@id":"https:\/\/lyonbondyblog.fr\/LBB\/#\/schema\/logo\/image\/"},"sameAs":["https:\/\/www.facebook.com\/lyonbondyblog","https:\/\/x.com\/bondybloglyon"]},{"@type":"Person","@id":"https:\/\/lyonbondyblog.fr\/LBB\/#\/schema\/person\/e45f8d27baac75072daa0be50c409b25","name":"La r\u00e9daction","description":"Cr\u00e9e en 2008, la r\u00e9daction du Lyon Bondy Blog s'applique \u00e0 proposer une information locale diff\u00e9rente et compl\u00e9mentaire des m\u00e9dias traditionnels.","sameAs":["https:\/\/www.facebook.com\/lyonbondyblog","https:\/\/x.com\/BondyBlogLyon"],"url":"https:\/\/lyonbondyblog.fr\/LBB\/author\/admin\/"}]}},"_links":{"self":[{"href":"https:\/\/lyonbondyblog.fr\/LBB\/wp-json\/wp\/v2\/posts\/2663","targetHints":{"allow":["GET"]}}],"collection":[{"href":"https:\/\/lyonbondyblog.fr\/LBB\/wp-json\/wp\/v2\/posts"}],"about":[{"href":"https:\/\/lyonbondyblog.fr\/LBB\/wp-json\/wp\/v2\/types\/post"}],"author":[{"embeddable":true,"href":"https:\/\/lyonbondyblog.fr\/LBB\/wp-json\/wp\/v2\/users\/1"}],"replies":[{"embeddable":true,"href":"https:\/\/lyonbondyblog.fr\/LBB\/wp-json\/wp\/v2\/comments?post=2663"}],"version-history":[{"count":0,"href":"https:\/\/lyonbondyblog.fr\/LBB\/wp-json\/wp\/v2\/posts\/2663\/revisions"}],"wp:featuredmedia":[{"embeddable":true,"href":"https:\/\/lyonbondyblog.fr\/LBB\/wp-json\/wp\/v2\/media\/2666"}],"wp:attachment":[{"href":"https:\/\/lyonbondyblog.fr\/LBB\/wp-json\/wp\/v2\/media?parent=2663"}],"wp:term":[{"taxonomy":"category","embeddable":true,"href":"https:\/\/lyonbondyblog.fr\/LBB\/wp-json\/wp\/v2\/categories?post=2663"},{"taxonomy":"post_tag","embeddable":true,"href":"https:\/\/lyonbondyblog.fr\/LBB\/wp-json\/wp\/v2\/tags?post=2663"}],"curies":[{"name":"wp","href":"https:\/\/api.w.org\/{rel}","templated":true}]}}