{"id":2659,"date":"2010-06-21T10:57:13","date_gmt":"2010-06-21T08:57:13","guid":{"rendered":"http:\/\/lyonbondyblog.fr\/LBB\/?p=2659"},"modified":"2013-08-01T11:00:14","modified_gmt":"2013-08-01T09:00:14","slug":"etat-des-lieux-de-la-violence-dans-le-football-amateur","status":"publish","type":"post","link":"https:\/\/lyonbondyblog.fr\/LBB\/etat-des-lieux-de-la-violence-dans-le-football-amateur\/","title":{"rendered":"Etat des lieux de la violence dans le football amateur"},"content":{"rendered":"<p><a href=\"https:\/\/lyonbondyblog.fr\/LBB\/wp-content\/uploads\/2013\/08\/arbitre_t.png\"><img loading=\"lazy\" decoding=\"async\" class=\"size-full wp-image-2661 alignleft\" alt=\"arbitre_t\" src=\"https:\/\/lyonbondyblog.fr\/LBB\/wp-content\/uploads\/2013\/08\/arbitre_t.png\" width=\"194\" height=\"223\" \/><\/a><\/p>\n<p><strong>Le foot fran\u00e7ais, ce n\u2019est pas que des histoires de gros sous, de soir\u00e9es bling bling arros\u00e9es ou encore d\u2019egos surdimensionn\u00e9s. Le foot fran\u00e7ais, c\u2019est aussi et surtout 2,1 millions de licenci\u00e9s, 1 million de matches par an, 17800 clubs actifs et, parfois, quelques d\u00e9rapages. Explications.\u00a0<\/strong><\/p>\n<p>Le Foot Indor a \u00e9t\u00e9 l\u2019occasion de faire le bilan des incivilit\u00e9s dans le football fran\u00e7ais amateur. Venu sp\u00e9cialement de la FFF (F\u00e9d\u00e9ration Fran\u00e7aise de Foot), Patrick Wincke, charg\u00e9 de mission pour l\u2019Observatoire de la violence, a livr\u00e9 les chiffres des incidents relev\u00e9s au cours de la saison sur, et, en dehors des terrains. Coups, insultes, menaces\u2026 au total, 1,76 % des matches ont connu des actes de violences ou d\u2019incivilit\u00e9s cette ann\u00e9e. Une l\u00e9g\u00e8re augmentation par rapport \u00e0 la saison pass\u00e9e. \u00ab Nous avons analys\u00e9 ces matches afin de savoir quelles cat\u00e9gories \u00e9taient les plus enclines \u00e0 conna\u00eetre ce type de probl\u00e8mes. Clairement, ce sont les s\u00e9niors et les \u00e9quipes des 17-18 ans qui posent le plus de difficult\u00e9s. \u00bb, note Patrick Wincke. Ce dernier explique par ailleurs que la violence se d\u00e9place de plus en plus dans l\u2019entourage du terrain. Et sur le terrain, la violence verbale ou physique touche encore le corps arbitral. (0,73 % des matches sont concern\u00e9s)<\/p>\n<p>Afin de lutter contre ces probl\u00e8mes de comportements, \u00ab qui ne sont que le reflet de la soci\u00e9t\u00e9 \u00bb, souligne M.Wincke, la F\u00e9d\u00e9ration Fran\u00e7aise de Football sugg\u00e8re quelques id\u00e9es, d\u00e9j\u00e0 appliqu\u00e9es dans certains clubs. Parmi ces pr\u00e9conisations : le carton blanc, les amendes, la licence \u00e0 points, plus d\u2019informations sur les risques des sanctions p\u00e9nales aupr\u00e8s des joueurs, des travaux d\u2019int\u00e9r\u00eat g\u00e9n\u00e9raux\u2026 Mais le r\u00e9pressif et les sanctions financi\u00e8res ne sont pas les seules solutions pour la FFF. \u00ab Il est aussi important d\u2019organiser plus de moments conviviaux entre les clubs. \u00bb, conclura Patrick Wincke.<\/p>\n<p>Au-del\u00e0 des chiffres, deux sociologues de l\u2019universit\u00e9 d\u2019Artois, Nicolas Penin et Williams Nuytens, experts sur cette th\u00e9matique des incivilit\u00e9s dans le foot amateur, ont tent\u00e9 de donner une explication \u00e0 ces faits de violence. Apr\u00e8s avoir suivi pendant plusieurs saisons 10 clubs amateurs du Nord Pas de Calais, ces derniers \u00e9taient \u00e0 m\u00eame de casser quelques pr\u00e9jug\u00e9s bien ancr\u00e9s dans les mentalit\u00e9s. \u00ab Nous avons d\u00e9couverts que les cas de violence n\u2019\u00e9taient ni li\u00e9s au budget du club, ni au niveau de dipl\u00f4me des encadrants, ni \u00e0 une quelconque situation g\u00e9ographique. \u00bb, rel\u00e8ve les deux hommes. \u00ab Il n\u2019y a pas d\u2019explications toutes faites. Mais ce qui est certain c\u2019est que plus les gens se connaissent, mieux les matches se passent. Nous avons aussi not\u00e9 que le contr\u00f4le social du groupe sur lui-m\u00eame \u00e9tait plus fort dans les petits clubs et les petits districts. \u00bb. Regrettant la stigmatisation des clubs des quartiers sensibles (\u00ab qui ne refl\u00e8te en rien la r\u00e9alit\u00e9 \u00bb), les sociologues passionn\u00e9s de ballon rond, ont aussi \u00e9clair\u00e9 les pro du football pr\u00e9sents sur la n\u00e9cessit\u00e9 de mieux former les arbitres amateurs. \u00ab\u00a0<em>Malheureusement, on ne leur apprend pas suffisamment \u00e0 juger, \u00e0 garder leur libre-arbitre<\/em> !\u00a0\u00bb<\/p>\n<p><strong>L&rsquo;avis d&rsquo;un joueur :\u00a0<\/strong><\/p>\n<p>\u00ab <em>Salut, je m\u2019appelle D\u00e9radji, j\u2019ai 29 ans, je suis de Paris et je joue au foot depuis l\u2019\u00e2ge de 13 ans. Ca fait 3 ans que j\u2019habite dans la r\u00e9gion de l\u2019Is\u00e8re et que je recherche un club mais je n\u2019ai toujours pas trouv\u00e9 un club o\u00f9 quand il y a une erreur, les gens attendent de r\u00e8gler \u00e7a \u00e0 la mi- temps ou \u00e0 la fin du match. Je trouve cela bien dommage. Je ne dis pas qu\u2019a Paris cela est diff\u00e9rent mais les joueurs en n\u2019ont tellement eu marre des incivilit\u00e9s qu\u2019ils ne veulent plus jouer avec des personnages vulgaires et agressifs. Le football est avant tout un sport dit collectif, pas un ring de boxe ni un parti politique. Pour ma part, je prends du plaisir \u00e0 jouer m\u00eame avec mon pire ennemi. J\u2019aime, je respire et je vis football ! Celui qui n\u2019a pas saisi \u00e7a, eh bien, il faut qu&rsquo;il change de sport ! Maintenant, je suis venu \u00e0 ce salon de foot indor pour kiffer et je n\u2019ai pas vu de gens se manquer de respect mais plut\u00f4t prendre plaisir m\u00eame s\u2019ils n\u2019\u00e9taient pas forc\u00e9ment amis. Qui sait, le sont-ils peut-\u00eatre devenus !<\/em> \u00bb<\/p>\n<p><span style=\"text-decoration: underline;\">Auteur :\u00a0Pascale Lagahe et D\u00e9radji<\/span><\/p>\n<!-- AddThis Advanced Settings generic via filter on the_content --><!-- AddThis Share Buttons generic via filter on the_content -->","protected":false},"excerpt":{"rendered":"<p>Le foot fran\u00e7ais, ce n\u2019est pas que des histoires de gros sous, de soir\u00e9es bling bling arros\u00e9es ou encore d\u2019egos surdimensionn\u00e9s. Le foot fran\u00e7ais, c\u2019est &hellip; <!-- AddThis Advanced Settings generic via filter on wp_trim_excerpt --><!-- AddThis Share Buttons generic via filter on wp_trim_excerpt --><\/p>\n","protected":false},"author":1,"featured_media":2661,"comment_status":"open","ping_status":"open","sticky":false,"template":"","format":"standard","meta":{"_FSMCFIC_featured_image_caption":"","_FSMCFIC_featured_image_nocaption":"","_FSMCFIC_featured_image_hide":"","footnotes":""},"categories":[8],"tags":[10,112],"class_list":["post-2659","post","type-post","status-publish","format-standard","has-post-thumbnail","hentry","category-france","tag-lyon-2","tag-lyon-bondy-blog"],"yoast_head":"<!-- This site is optimized with the Yoast SEO plugin v22.8 - https:\/\/yoast.com\/wordpress\/plugins\/seo\/ -->\n<title>Etat des lieux de la violence dans le football amateur - Lyon Bondy Blog<\/title>\n<meta name=\"robots\" content=\"index, follow, max-snippet:-1, max-image-preview:large, max-video-preview:-1\" \/>\n<link rel=\"canonical\" href=\"https:\/\/lyonbondyblog.fr\/LBB\/etat-des-lieux-de-la-violence-dans-le-football-amateur\/\" \/>\n<meta property=\"og:locale\" content=\"fr_FR\" \/>\n<meta property=\"og:type\" content=\"article\" \/>\n<meta property=\"og:title\" content=\"Etat des lieux de la violence dans le football amateur - Lyon Bondy Blog\" \/>\n<meta property=\"og:description\" content=\"Le foot fran\u00e7ais, ce n\u2019est pas que des histoires de gros sous, de soir\u00e9es bling bling arros\u00e9es ou encore d\u2019egos surdimensionn\u00e9s. Le foot fran\u00e7ais, c\u2019est &hellip;\" \/>\n<meta property=\"og:url\" content=\"https:\/\/lyonbondyblog.fr\/LBB\/etat-des-lieux-de-la-violence-dans-le-football-amateur\/\" \/>\n<meta property=\"og:site_name\" content=\"Lyon Bondy Blog\" \/>\n<meta property=\"article:publisher\" content=\"https:\/\/www.facebook.com\/lyonbondyblog\" \/>\n<meta property=\"article:author\" content=\"https:\/\/www.facebook.com\/lyonbondyblog\" \/>\n<meta property=\"article:published_time\" content=\"2010-06-21T08:57:13+00:00\" \/>\n<meta property=\"article:modified_time\" content=\"2013-08-01T09:00:14+00:00\" \/>\n<meta property=\"og:image\" content=\"https:\/\/lyonbondyblog.fr\/LBB\/wp-content\/uploads\/2013\/08\/arbitre_t.png\" \/>\n\t<meta property=\"og:image:width\" content=\"194\" \/>\n\t<meta property=\"og:image:height\" content=\"223\" \/>\n\t<meta property=\"og:image:type\" content=\"image\/png\" \/>\n<meta name=\"author\" content=\"La r\u00e9daction\" \/>\n<meta name=\"twitter:card\" content=\"summary_large_image\" \/>\n<meta name=\"twitter:creator\" content=\"@BondyBlogLyon\" \/>\n<meta name=\"twitter:site\" content=\"@bondybloglyon\" \/>\n<script type=\"application\/ld+json\" class=\"yoast-schema-graph\">{\"@context\":\"https:\/\/schema.org\",\"@graph\":[{\"@type\":\"Article\",\"@id\":\"https:\/\/lyonbondyblog.fr\/LBB\/etat-des-lieux-de-la-violence-dans-le-football-amateur\/#article\",\"isPartOf\":{\"@id\":\"https:\/\/lyonbondyblog.fr\/LBB\/etat-des-lieux-de-la-violence-dans-le-football-amateur\/\"},\"author\":{\"name\":\"La r\u00e9daction\",\"@id\":\"https:\/\/lyonbondyblog.fr\/LBB\/#\/schema\/person\/e45f8d27baac75072daa0be50c409b25\"},\"headline\":\"Etat des lieux de la violence dans le football amateur\",\"datePublished\":\"2010-06-21T08:57:13+00:00\",\"dateModified\":\"2013-08-01T09:00:14+00:00\",\"mainEntityOfPage\":{\"@id\":\"https:\/\/lyonbondyblog.fr\/LBB\/etat-des-lieux-de-la-violence-dans-le-football-amateur\/\"},\"wordCount\":786,\"commentCount\":0,\"publisher\":{\"@id\":\"https:\/\/lyonbondyblog.fr\/LBB\/#organization\"},\"image\":{\"@id\":\"https:\/\/lyonbondyblog.fr\/LBB\/etat-des-lieux-de-la-violence-dans-le-football-amateur\/#primaryimage\"},\"thumbnailUrl\":\"https:\/\/lyonbondyblog.fr\/LBB\/wp-content\/uploads\/2013\/08\/arbitre_t.png\",\"keywords\":[\"lyon\",\"Lyon Bondy Blog\"],\"articleSection\":[\"France\"],\"inLanguage\":\"fr-FR\",\"potentialAction\":[{\"@type\":\"CommentAction\",\"name\":\"Comment\",\"target\":[\"https:\/\/lyonbondyblog.fr\/LBB\/etat-des-lieux-de-la-violence-dans-le-football-amateur\/#respond\"]}]},{\"@type\":\"WebPage\",\"@id\":\"https:\/\/lyonbondyblog.fr\/LBB\/etat-des-lieux-de-la-violence-dans-le-football-amateur\/\",\"url\":\"https:\/\/lyonbondyblog.fr\/LBB\/etat-des-lieux-de-la-violence-dans-le-football-amateur\/\",\"name\":\"Etat des lieux de la violence dans le football amateur - Lyon Bondy Blog\",\"isPartOf\":{\"@id\":\"https:\/\/lyonbondyblog.fr\/LBB\/#website\"},\"primaryImageOfPage\":{\"@id\":\"https:\/\/lyonbondyblog.fr\/LBB\/etat-des-lieux-de-la-violence-dans-le-football-amateur\/#primaryimage\"},\"image\":{\"@id\":\"https:\/\/lyonbondyblog.fr\/LBB\/etat-des-lieux-de-la-violence-dans-le-football-amateur\/#primaryimage\"},\"thumbnailUrl\":\"https:\/\/lyonbondyblog.fr\/LBB\/wp-content\/uploads\/2013\/08\/arbitre_t.png\",\"datePublished\":\"2010-06-21T08:57:13+00:00\",\"dateModified\":\"2013-08-01T09:00:14+00:00\",\"inLanguage\":\"fr-FR\",\"potentialAction\":[{\"@type\":\"ReadAction\",\"target\":[\"https:\/\/lyonbondyblog.fr\/LBB\/etat-des-lieux-de-la-violence-dans-le-football-amateur\/\"]}]},{\"@type\":\"ImageObject\",\"inLanguage\":\"fr-FR\",\"@id\":\"https:\/\/lyonbondyblog.fr\/LBB\/etat-des-lieux-de-la-violence-dans-le-football-amateur\/#primaryimage\",\"url\":\"https:\/\/lyonbondyblog.fr\/LBB\/wp-content\/uploads\/2013\/08\/arbitre_t.png\",\"contentUrl\":\"https:\/\/lyonbondyblog.fr\/LBB\/wp-content\/uploads\/2013\/08\/arbitre_t.png\",\"width\":194,\"height\":223},{\"@type\":\"WebSite\",\"@id\":\"https:\/\/lyonbondyblog.fr\/LBB\/#website\",\"url\":\"https:\/\/lyonbondyblog.fr\/LBB\/\",\"name\":\"Lyon Bondy Blog\",\"description\":\"\",\"publisher\":{\"@id\":\"https:\/\/lyonbondyblog.fr\/LBB\/#organization\"},\"potentialAction\":[{\"@type\":\"SearchAction\",\"target\":{\"@type\":\"EntryPoint\",\"urlTemplate\":\"https:\/\/lyonbondyblog.fr\/LBB\/?s={search_term_string}\"},\"query-input\":\"required name=search_term_string\"}],\"inLanguage\":\"fr-FR\"},{\"@type\":\"Organization\",\"@id\":\"https:\/\/lyonbondyblog.fr\/LBB\/#organization\",\"name\":\"LYON BONDY BLOG\",\"url\":\"https:\/\/lyonbondyblog.fr\/LBB\/\",\"logo\":{\"@type\":\"ImageObject\",\"inLanguage\":\"fr-FR\",\"@id\":\"https:\/\/lyonbondyblog.fr\/LBB\/#\/schema\/logo\/image\/\",\"url\":\"http:\/\/lyonbondyblog.fr\/LBB\/wp-content\/uploads\/2014\/10\/logo-portable-144.png\",\"contentUrl\":\"http:\/\/lyonbondyblog.fr\/LBB\/wp-content\/uploads\/2014\/10\/logo-portable-144.png\",\"width\":144,\"height\":123,\"caption\":\"LYON BONDY BLOG\"},\"image\":{\"@id\":\"https:\/\/lyonbondyblog.fr\/LBB\/#\/schema\/logo\/image\/\"},\"sameAs\":[\"https:\/\/www.facebook.com\/lyonbondyblog\",\"https:\/\/x.com\/bondybloglyon\"]},{\"@type\":\"Person\",\"@id\":\"https:\/\/lyonbondyblog.fr\/LBB\/#\/schema\/person\/e45f8d27baac75072daa0be50c409b25\",\"name\":\"La r\u00e9daction\",\"description\":\"Cr\u00e9e en 2008, la r\u00e9daction du Lyon Bondy Blog s'applique \u00e0 proposer une information locale diff\u00e9rente et compl\u00e9mentaire des m\u00e9dias traditionnels.\",\"sameAs\":[\"https:\/\/www.facebook.com\/lyonbondyblog\",\"https:\/\/x.com\/BondyBlogLyon\"],\"url\":\"https:\/\/lyonbondyblog.fr\/LBB\/author\/admin\/\"}]}<\/script>\n<!-- \/ Yoast SEO plugin. -->","yoast_head_json":{"title":"Etat des lieux de la violence dans le football amateur - Lyon Bondy Blog","robots":{"index":"index","follow":"follow","max-snippet":"max-snippet:-1","max-image-preview":"max-image-preview:large","max-video-preview":"max-video-preview:-1"},"canonical":"https:\/\/lyonbondyblog.fr\/LBB\/etat-des-lieux-de-la-violence-dans-le-football-amateur\/","og_locale":"fr_FR","og_type":"article","og_title":"Etat des lieux de la violence dans le football amateur - Lyon Bondy Blog","og_description":"Le foot fran\u00e7ais, ce n\u2019est pas que des histoires de gros sous, de soir\u00e9es bling bling arros\u00e9es ou encore d\u2019egos surdimensionn\u00e9s. Le foot fran\u00e7ais, c\u2019est &hellip;","og_url":"https:\/\/lyonbondyblog.fr\/LBB\/etat-des-lieux-de-la-violence-dans-le-football-amateur\/","og_site_name":"Lyon Bondy Blog","article_publisher":"https:\/\/www.facebook.com\/lyonbondyblog","article_author":"https:\/\/www.facebook.com\/lyonbondyblog","article_published_time":"2010-06-21T08:57:13+00:00","article_modified_time":"2013-08-01T09:00:14+00:00","og_image":[{"width":194,"height":223,"url":"https:\/\/lyonbondyblog.fr\/LBB\/wp-content\/uploads\/2013\/08\/arbitre_t.png","type":"image\/png"}],"author":"La r\u00e9daction","twitter_card":"summary_large_image","twitter_creator":"@BondyBlogLyon","twitter_site":"@bondybloglyon","schema":{"@context":"https:\/\/schema.org","@graph":[{"@type":"Article","@id":"https:\/\/lyonbondyblog.fr\/LBB\/etat-des-lieux-de-la-violence-dans-le-football-amateur\/#article","isPartOf":{"@id":"https:\/\/lyonbondyblog.fr\/LBB\/etat-des-lieux-de-la-violence-dans-le-football-amateur\/"},"author":{"name":"La r\u00e9daction","@id":"https:\/\/lyonbondyblog.fr\/LBB\/#\/schema\/person\/e45f8d27baac75072daa0be50c409b25"},"headline":"Etat des lieux de la violence dans le football amateur","datePublished":"2010-06-21T08:57:13+00:00","dateModified":"2013-08-01T09:00:14+00:00","mainEntityOfPage":{"@id":"https:\/\/lyonbondyblog.fr\/LBB\/etat-des-lieux-de-la-violence-dans-le-football-amateur\/"},"wordCount":786,"commentCount":0,"publisher":{"@id":"https:\/\/lyonbondyblog.fr\/LBB\/#organization"},"image":{"@id":"https:\/\/lyonbondyblog.fr\/LBB\/etat-des-lieux-de-la-violence-dans-le-football-amateur\/#primaryimage"},"thumbnailUrl":"https:\/\/lyonbondyblog.fr\/LBB\/wp-content\/uploads\/2013\/08\/arbitre_t.png","keywords":["lyon","Lyon Bondy Blog"],"articleSection":["France"],"inLanguage":"fr-FR","potentialAction":[{"@type":"CommentAction","name":"Comment","target":["https:\/\/lyonbondyblog.fr\/LBB\/etat-des-lieux-de-la-violence-dans-le-football-amateur\/#respond"]}]},{"@type":"WebPage","@id":"https:\/\/lyonbondyblog.fr\/LBB\/etat-des-lieux-de-la-violence-dans-le-football-amateur\/","url":"https:\/\/lyonbondyblog.fr\/LBB\/etat-des-lieux-de-la-violence-dans-le-football-amateur\/","name":"Etat des lieux de la violence dans le football amateur - Lyon Bondy Blog","isPartOf":{"@id":"https:\/\/lyonbondyblog.fr\/LBB\/#website"},"primaryImageOfPage":{"@id":"https:\/\/lyonbondyblog.fr\/LBB\/etat-des-lieux-de-la-violence-dans-le-football-amateur\/#primaryimage"},"image":{"@id":"https:\/\/lyonbondyblog.fr\/LBB\/etat-des-lieux-de-la-violence-dans-le-football-amateur\/#primaryimage"},"thumbnailUrl":"https:\/\/lyonbondyblog.fr\/LBB\/wp-content\/uploads\/2013\/08\/arbitre_t.png","datePublished":"2010-06-21T08:57:13+00:00","dateModified":"2013-08-01T09:00:14+00:00","inLanguage":"fr-FR","potentialAction":[{"@type":"ReadAction","target":["https:\/\/lyonbondyblog.fr\/LBB\/etat-des-lieux-de-la-violence-dans-le-football-amateur\/"]}]},{"@type":"ImageObject","inLanguage":"fr-FR","@id":"https:\/\/lyonbondyblog.fr\/LBB\/etat-des-lieux-de-la-violence-dans-le-football-amateur\/#primaryimage","url":"https:\/\/lyonbondyblog.fr\/LBB\/wp-content\/uploads\/2013\/08\/arbitre_t.png","contentUrl":"https:\/\/lyonbondyblog.fr\/LBB\/wp-content\/uploads\/2013\/08\/arbitre_t.png","width":194,"height":223},{"@type":"WebSite","@id":"https:\/\/lyonbondyblog.fr\/LBB\/#website","url":"https:\/\/lyonbondyblog.fr\/LBB\/","name":"Lyon Bondy Blog","description":"","publisher":{"@id":"https:\/\/lyonbondyblog.fr\/LBB\/#organization"},"potentialAction":[{"@type":"SearchAction","target":{"@type":"EntryPoint","urlTemplate":"https:\/\/lyonbondyblog.fr\/LBB\/?s={search_term_string}"},"query-input":"required name=search_term_string"}],"inLanguage":"fr-FR"},{"@type":"Organization","@id":"https:\/\/lyonbondyblog.fr\/LBB\/#organization","name":"LYON BONDY BLOG","url":"https:\/\/lyonbondyblog.fr\/LBB\/","logo":{"@type":"ImageObject","inLanguage":"fr-FR","@id":"https:\/\/lyonbondyblog.fr\/LBB\/#\/schema\/logo\/image\/","url":"http:\/\/lyonbondyblog.fr\/LBB\/wp-content\/uploads\/2014\/10\/logo-portable-144.png","contentUrl":"http:\/\/lyonbondyblog.fr\/LBB\/wp-content\/uploads\/2014\/10\/logo-portable-144.png","width":144,"height":123,"caption":"LYON BONDY BLOG"},"image":{"@id":"https:\/\/lyonbondyblog.fr\/LBB\/#\/schema\/logo\/image\/"},"sameAs":["https:\/\/www.facebook.com\/lyonbondyblog","https:\/\/x.com\/bondybloglyon"]},{"@type":"Person","@id":"https:\/\/lyonbondyblog.fr\/LBB\/#\/schema\/person\/e45f8d27baac75072daa0be50c409b25","name":"La r\u00e9daction","description":"Cr\u00e9e en 2008, la r\u00e9daction du Lyon Bondy Blog s'applique \u00e0 proposer une information locale diff\u00e9rente et compl\u00e9mentaire des m\u00e9dias traditionnels.","sameAs":["https:\/\/www.facebook.com\/lyonbondyblog","https:\/\/x.com\/BondyBlogLyon"],"url":"https:\/\/lyonbondyblog.fr\/LBB\/author\/admin\/"}]}},"_links":{"self":[{"href":"https:\/\/lyonbondyblog.fr\/LBB\/wp-json\/wp\/v2\/posts\/2659","targetHints":{"allow":["GET"]}}],"collection":[{"href":"https:\/\/lyonbondyblog.fr\/LBB\/wp-json\/wp\/v2\/posts"}],"about":[{"href":"https:\/\/lyonbondyblog.fr\/LBB\/wp-json\/wp\/v2\/types\/post"}],"author":[{"embeddable":true,"href":"https:\/\/lyonbondyblog.fr\/LBB\/wp-json\/wp\/v2\/users\/1"}],"replies":[{"embeddable":true,"href":"https:\/\/lyonbondyblog.fr\/LBB\/wp-json\/wp\/v2\/comments?post=2659"}],"version-history":[{"count":0,"href":"https:\/\/lyonbondyblog.fr\/LBB\/wp-json\/wp\/v2\/posts\/2659\/revisions"}],"wp:featuredmedia":[{"embeddable":true,"href":"https:\/\/lyonbondyblog.fr\/LBB\/wp-json\/wp\/v2\/media\/2661"}],"wp:attachment":[{"href":"https:\/\/lyonbondyblog.fr\/LBB\/wp-json\/wp\/v2\/media?parent=2659"}],"wp:term":[{"taxonomy":"category","embeddable":true,"href":"https:\/\/lyonbondyblog.fr\/LBB\/wp-json\/wp\/v2\/categories?post=2659"},{"taxonomy":"post_tag","embeddable":true,"href":"https:\/\/lyonbondyblog.fr\/LBB\/wp-json\/wp\/v2\/tags?post=2659"}],"curies":[{"name":"wp","href":"https:\/\/api.w.org\/{rel}","templated":true}]}}