{"id":26588,"date":"2021-12-24T17:00:00","date_gmt":"2021-12-24T16:00:00","guid":{"rendered":"http:\/\/lyonbondyblog.fr\/LBB\/?p=26588"},"modified":"2021-12-24T15:48:59","modified_gmt":"2021-12-24T14:48:59","slug":"dossier-sur-les-jeunes-militants-de-partis-politiques-avec-le-lbb-episode-6","status":"publish","type":"post","link":"https:\/\/lyonbondyblog.fr\/LBB\/dossier-sur-les-jeunes-militants-de-partis-politiques-avec-le-lbb-episode-6\/","title":{"rendered":"Dossier sur les jeunes militants de partis politiques avec le LBB \u2013 \u00c9pisode 6 \u2013 Allan Bouamrane, r\u00e9f\u00e9rent des Jeunes avec Macron pour Rh\u00f4ne : \u00ab On est des militants de terrains qui essayons de faire bouger les choses \u00bb"},"content":{"rendered":"\n<p><strong>\u00c0 l\u2019approche de l\u2019\u00e9lection pr\u00e9sidentielle 2022, le Lyon Bondy Blog a d\u00e9cid\u00e9 d\u2019aller \u00e0 la rencontre de jeunes militants des diff\u00e9rents partis politiques. Pour notre cinqui\u00e8me portrait, nous avons interrog\u00e9 Allan Bouamrane, jeune militant de La R\u00e9publique en Marche.<\/strong><\/p>\n\n\n\n<p>C\u2019est en juin 2015 qu\u2019est cr\u00e9\u00e9 un site internet annon\u00e7ant un mouvement nomm\u00e9 les Jeunes avec Macron (JAM). Les cr\u00e9ateurs de ce mouvement sont d\u2019anciens militants socialistes : Sacha Houli\u00e9, Pierre Person, Jean Gaborit et Florian Humez. Six ans apr\u00e8s la cr\u00e9ation de ce mouvement, les Jeunes avec Macron ont multipli\u00e9 leurs adh\u00e9rents et militants et le r\u00e9f\u00e9rent du mouvement pour le Rh\u00f4ne est Allan Bouamrane. Cet \u00e9tudiant \u00e0 l&rsquo;IED de l&rsquo;\u00c9cole de Droit de Paris I Sorbonne en Master de Droit Public est militant depuis 2016 au sein du parti LAREM. Avant cela, il s\u2019engage durant six mois au Parti Socialiste, alors qu\u2019Emmanuel Macron est ministre de l\u2019\u00e9conomie. Ce parti, Allan le quitte quand Emmanuel Macron lance <em>En Marche!<\/em> : \u00ab <em>J\u2019ai rejoint le PS pour la dynamique qu\u2019avait enclench\u00e9 Macron au gouvernement. Lorsqu\u2019il a cr\u00e9\u00e9 son mouvement \u00e7a me paraissait tout \u00e0 fait naturel de le rejoindre<\/em> \u00bb.<\/p>\n\n\n\n<h2 class=\"wp-block-heading\">L&rsquo;engagement renforc\u00e9 par la satisfaction<\/h2>\n\n\n\n<p>Allan Bouamrane se montre hautement satisfait du bilan du pr\u00e9sident de la R\u00e9publique. La promesse principale sur quinquennat d\u2019Emmanuel Macron a selon lui \u00e9t\u00e9 tenue : \u00ab <em>Il a r\u00e9ussi \u00e0 d\u00e9passer les clivages<\/em> \u00bb. Citant la r\u00e9forme du Code du travail, la r\u00e9forme des retraites ou encore les mesures prises pour les \u00e9tudiants pr\u00e9caires comme les repas \u00e0 1\u20ac pour les boursiers, le militant estime que le contrat a \u00e9t\u00e9 respect\u00e9 du c\u00f4t\u00e9 du pr\u00e9sident de la R\u00e9publique et (bient\u00f4t) candidat \u00e0 la pr\u00e9sidentielle qu\u2019il soutient de nouveau. \u00ab <em>Avec la dynamique de la pr\u00e9sentielle, les jeunes ont envie de participer. Chez JAM, on a plusieurs adh\u00e9sions toutes les semaines <\/em>\u00bb<em> <\/em>affirme-t-il.&nbsp;<\/p>\n\n\n\n<h2 class=\"wp-block-heading\">S&rsquo;engager pour rassembler les jeunes<\/h2>\n\n\n\n<p>L\u2019engagement militant va de pair avec l\u2019implication sur le terrain pour Allan Bouamrane : \u00ab<em> On est des militants de terrains qui essayons de faire bouger les choses <\/em>\u00bb. Aussi, pour lui, il est essentiel de prendre en compte le fait que les jeunes comme lui sont aujourd\u2019hui plus anim\u00e9s par des combats pour des causes que pour des partis traditionnels.<em> <\/em>\u00ab <em>Les jeunes n\u2019ont plus forc\u00e9ment envie de s\u2019engager dans un parti politique, mais ont une r\u00e9elle envie de s\u2019engager sur des causes qui les touchent. C\u2019est ce qu\u2019on porte avec les Jeunes Avec Macron. L\u2019objectif c\u2019est d\u2019attirer tous les jeunes et de les rassembler<\/em> \u00bb explique-t-il.<\/p>\n\n\n\n<p>L\u2019engagement dans un parti politique et plus particuli\u00e8rement au sein d\u2019un groupe rassemblant des jeunes est selon Allan Bouamrane un moyen d\u2019insuffler de nouvelles dynamiques au sein-m\u00eame du parti \u00ab <em>On doit parler aux jeunes, parler des sujets qui les int\u00e9ressent, qui peuvent les mobiliser. Chez les Jeunes avec Macron, on a pris position sur des sujets en avant-garde par rapport \u00e0 ce que fait le gouvernement ou LAREM, par exemple nous sommes favorables \u00e0 la l\u00e9galisation encadr\u00e9e du cannabis, on d\u00e9fend aussi une fin de vie libre et choisie<\/em> \u00bb.<\/p>\n<!-- AddThis Advanced Settings generic via filter on the_content --><!-- AddThis Share Buttons generic via filter on the_content -->","protected":false},"excerpt":{"rendered":"<p>\u00c0 l\u2019approche de l\u2019\u00e9lection pr\u00e9sidentielle 2022, le Lyon Bondy Blog a d\u00e9cid\u00e9 d\u2019aller \u00e0 la rencontre de jeunes militants des diff\u00e9rents partis politiques. Pour notre &hellip; <!-- AddThis Advanced Settings generic via filter on wp_trim_excerpt --><!-- AddThis Share Buttons generic via filter on wp_trim_excerpt --><\/p>\n","protected":false},"author":25924,"featured_media":26593,"comment_status":"open","ping_status":"open","sticky":true,"template":"","format":"standard","meta":{"_FSMCFIC_featured_image_caption":"","_FSMCFIC_featured_image_nocaption":"","_FSMCFIC_featured_image_hide":"","footnotes":""},"categories":[4,6],"tags":[10],"class_list":["post-26588","post","type-post","status-publish","format-standard","has-post-thumbnail","hentry","category-lyon","category-politique","tag-lyon-2"],"yoast_head":"<!-- This site is optimized with the Yoast SEO plugin v22.8 - https:\/\/yoast.com\/wordpress\/plugins\/seo\/ -->\n<title>Dossier sur les jeunes militants de partis politiques avec le LBB \u2013 \u00c9pisode 6 \u2013 Allan Bouamrane, r\u00e9f\u00e9rent des Jeunes avec Macron pour Rh\u00f4ne : \u00ab On est des militants de terrains qui essayons de faire bouger les choses \u00bb - Lyon Bondy Blog<\/title>\n<meta name=\"robots\" content=\"index, follow, max-snippet:-1, max-image-preview:large, max-video-preview:-1\" \/>\n<link rel=\"canonical\" href=\"https:\/\/lyonbondyblog.fr\/LBB\/dossier-sur-les-jeunes-militants-de-partis-politiques-avec-le-lbb-episode-6\/\" \/>\n<meta property=\"og:locale\" content=\"fr_FR\" \/>\n<meta property=\"og:type\" content=\"article\" \/>\n<meta property=\"og:title\" content=\"Dossier sur les jeunes militants de partis politiques avec le LBB \u2013 \u00c9pisode 6 \u2013 Allan Bouamrane, r\u00e9f\u00e9rent des Jeunes avec Macron pour Rh\u00f4ne : \u00ab On est des militants de terrains qui essayons de faire bouger les choses \u00bb - Lyon Bondy Blog\" \/>\n<meta property=\"og:description\" content=\"\u00c0 l\u2019approche de l\u2019\u00e9lection pr\u00e9sidentielle 2022, le Lyon Bondy Blog a d\u00e9cid\u00e9 d\u2019aller \u00e0 la rencontre de jeunes militants des diff\u00e9rents partis politiques. Pour notre &hellip;\" \/>\n<meta property=\"og:url\" content=\"https:\/\/lyonbondyblog.fr\/LBB\/dossier-sur-les-jeunes-militants-de-partis-politiques-avec-le-lbb-episode-6\/\" \/>\n<meta property=\"og:site_name\" content=\"Lyon Bondy Blog\" \/>\n<meta property=\"article:publisher\" content=\"https:\/\/www.facebook.com\/lyonbondyblog\" \/>\n<meta property=\"article:published_time\" content=\"2021-12-24T16:00:00+00:00\" \/>\n<meta property=\"article:modified_time\" content=\"2021-12-24T14:48:59+00:00\" \/>\n<meta property=\"og:image\" content=\"https:\/\/lyonbondyblog.fr\/LBB\/wp-content\/uploads\/2021\/12\/Image1-1.jpg\" \/>\n\t<meta property=\"og:image:width\" content=\"603\" \/>\n\t<meta property=\"og:image:height\" content=\"392\" \/>\n\t<meta property=\"og:image:type\" content=\"image\/jpeg\" \/>\n<meta name=\"author\" content=\"Le\u00efla Ghedaifi\" \/>\n<meta name=\"twitter:card\" content=\"summary_large_image\" \/>\n<meta name=\"twitter:creator\" content=\"@bondybloglyon\" \/>\n<meta name=\"twitter:site\" content=\"@bondybloglyon\" \/>\n<script type=\"application\/ld+json\" class=\"yoast-schema-graph\">{\"@context\":\"https:\/\/schema.org\",\"@graph\":[{\"@type\":\"Article\",\"@id\":\"https:\/\/lyonbondyblog.fr\/LBB\/dossier-sur-les-jeunes-militants-de-partis-politiques-avec-le-lbb-episode-6\/#article\",\"isPartOf\":{\"@id\":\"https:\/\/lyonbondyblog.fr\/LBB\/dossier-sur-les-jeunes-militants-de-partis-politiques-avec-le-lbb-episode-6\/\"},\"author\":{\"name\":\"Le\u00efla Ghedaifi\",\"@id\":\"https:\/\/lyonbondyblog.fr\/LBB\/#\/schema\/person\/9946d294cefda5a37cd7d7ef5e8c298d\"},\"headline\":\"Dossier sur les jeunes militants de partis politiques avec le LBB \u2013 \u00c9pisode 6 \u2013 Allan Bouamrane, r\u00e9f\u00e9rent des Jeunes avec Macron pour Rh\u00f4ne : \u00ab On est des militants de terrains qui essayons de faire bouger les choses \u00bb\",\"datePublished\":\"2021-12-24T16:00:00+00:00\",\"dateModified\":\"2021-12-24T14:48:59+00:00\",\"mainEntityOfPage\":{\"@id\":\"https:\/\/lyonbondyblog.fr\/LBB\/dossier-sur-les-jeunes-militants-de-partis-politiques-avec-le-lbb-episode-6\/\"},\"wordCount\":585,\"commentCount\":0,\"publisher\":{\"@id\":\"https:\/\/lyonbondyblog.fr\/LBB\/#organization\"},\"image\":{\"@id\":\"https:\/\/lyonbondyblog.fr\/LBB\/dossier-sur-les-jeunes-militants-de-partis-politiques-avec-le-lbb-episode-6\/#primaryimage\"},\"thumbnailUrl\":\"https:\/\/lyonbondyblog.fr\/LBB\/wp-content\/uploads\/2021\/12\/Image1-1.jpg\",\"keywords\":[\"lyon\"],\"articleSection\":[\"Lyon\",\"Politique\"],\"inLanguage\":\"fr-FR\",\"potentialAction\":[{\"@type\":\"CommentAction\",\"name\":\"Comment\",\"target\":[\"https:\/\/lyonbondyblog.fr\/LBB\/dossier-sur-les-jeunes-militants-de-partis-politiques-avec-le-lbb-episode-6\/#respond\"]}]},{\"@type\":\"WebPage\",\"@id\":\"https:\/\/lyonbondyblog.fr\/LBB\/dossier-sur-les-jeunes-militants-de-partis-politiques-avec-le-lbb-episode-6\/\",\"url\":\"https:\/\/lyonbondyblog.fr\/LBB\/dossier-sur-les-jeunes-militants-de-partis-politiques-avec-le-lbb-episode-6\/\",\"name\":\"Dossier sur les jeunes militants de partis politiques avec le LBB \u2013 \u00c9pisode 6 \u2013 Allan Bouamrane, r\u00e9f\u00e9rent des Jeunes avec Macron pour Rh\u00f4ne : \u00ab On est des militants de terrains qui essayons de faire bouger les choses \u00bb - Lyon Bondy Blog\",\"isPartOf\":{\"@id\":\"https:\/\/lyonbondyblog.fr\/LBB\/#website\"},\"primaryImageOfPage\":{\"@id\":\"https:\/\/lyonbondyblog.fr\/LBB\/dossier-sur-les-jeunes-militants-de-partis-politiques-avec-le-lbb-episode-6\/#primaryimage\"},\"image\":{\"@id\":\"https:\/\/lyonbondyblog.fr\/LBB\/dossier-sur-les-jeunes-militants-de-partis-politiques-avec-le-lbb-episode-6\/#primaryimage\"},\"thumbnailUrl\":\"https:\/\/lyonbondyblog.fr\/LBB\/wp-content\/uploads\/2021\/12\/Image1-1.jpg\",\"datePublished\":\"2021-12-24T16:00:00+00:00\",\"dateModified\":\"2021-12-24T14:48:59+00:00\",\"inLanguage\":\"fr-FR\",\"potentialAction\":[{\"@type\":\"ReadAction\",\"target\":[\"https:\/\/lyonbondyblog.fr\/LBB\/dossier-sur-les-jeunes-militants-de-partis-politiques-avec-le-lbb-episode-6\/\"]}]},{\"@type\":\"ImageObject\",\"inLanguage\":\"fr-FR\",\"@id\":\"https:\/\/lyonbondyblog.fr\/LBB\/dossier-sur-les-jeunes-militants-de-partis-politiques-avec-le-lbb-episode-6\/#primaryimage\",\"url\":\"https:\/\/lyonbondyblog.fr\/LBB\/wp-content\/uploads\/2021\/12\/Image1-1.jpg\",\"contentUrl\":\"https:\/\/lyonbondyblog.fr\/LBB\/wp-content\/uploads\/2021\/12\/Image1-1.jpg\",\"width\":603,\"height\":392},{\"@type\":\"WebSite\",\"@id\":\"https:\/\/lyonbondyblog.fr\/LBB\/#website\",\"url\":\"https:\/\/lyonbondyblog.fr\/LBB\/\",\"name\":\"Lyon Bondy Blog\",\"description\":\"\",\"publisher\":{\"@id\":\"https:\/\/lyonbondyblog.fr\/LBB\/#organization\"},\"potentialAction\":[{\"@type\":\"SearchAction\",\"target\":{\"@type\":\"EntryPoint\",\"urlTemplate\":\"https:\/\/lyonbondyblog.fr\/LBB\/?s={search_term_string}\"},\"query-input\":\"required name=search_term_string\"}],\"inLanguage\":\"fr-FR\"},{\"@type\":\"Organization\",\"@id\":\"https:\/\/lyonbondyblog.fr\/LBB\/#organization\",\"name\":\"LYON BONDY BLOG\",\"url\":\"https:\/\/lyonbondyblog.fr\/LBB\/\",\"logo\":{\"@type\":\"ImageObject\",\"inLanguage\":\"fr-FR\",\"@id\":\"https:\/\/lyonbondyblog.fr\/LBB\/#\/schema\/logo\/image\/\",\"url\":\"http:\/\/lyonbondyblog.fr\/LBB\/wp-content\/uploads\/2014\/10\/logo-portable-144.png\",\"contentUrl\":\"http:\/\/lyonbondyblog.fr\/LBB\/wp-content\/uploads\/2014\/10\/logo-portable-144.png\",\"width\":144,\"height\":123,\"caption\":\"LYON BONDY BLOG\"},\"image\":{\"@id\":\"https:\/\/lyonbondyblog.fr\/LBB\/#\/schema\/logo\/image\/\"},\"sameAs\":[\"https:\/\/www.facebook.com\/lyonbondyblog\",\"https:\/\/x.com\/bondybloglyon\"]},{\"@type\":\"Person\",\"@id\":\"https:\/\/lyonbondyblog.fr\/LBB\/#\/schema\/person\/9946d294cefda5a37cd7d7ef5e8c298d\",\"name\":\"Le\u00efla Ghedaifi\",\"url\":\"https:\/\/lyonbondyblog.fr\/LBB\/author\/leilag\/\"}]}<\/script>\n<!-- \/ Yoast SEO plugin. -->","yoast_head_json":{"title":"Dossier sur les jeunes militants de partis politiques avec le LBB \u2013 \u00c9pisode 6 \u2013 Allan Bouamrane, r\u00e9f\u00e9rent des Jeunes avec Macron pour Rh\u00f4ne : \u00ab On est des militants de terrains qui essayons de faire bouger les choses \u00bb - Lyon Bondy Blog","robots":{"index":"index","follow":"follow","max-snippet":"max-snippet:-1","max-image-preview":"max-image-preview:large","max-video-preview":"max-video-preview:-1"},"canonical":"https:\/\/lyonbondyblog.fr\/LBB\/dossier-sur-les-jeunes-militants-de-partis-politiques-avec-le-lbb-episode-6\/","og_locale":"fr_FR","og_type":"article","og_title":"Dossier sur les jeunes militants de partis politiques avec le LBB \u2013 \u00c9pisode 6 \u2013 Allan Bouamrane, r\u00e9f\u00e9rent des Jeunes avec Macron pour Rh\u00f4ne : \u00ab On est des militants de terrains qui essayons de faire bouger les choses \u00bb - Lyon Bondy Blog","og_description":"\u00c0 l\u2019approche de l\u2019\u00e9lection pr\u00e9sidentielle 2022, le Lyon Bondy Blog a d\u00e9cid\u00e9 d\u2019aller \u00e0 la rencontre de jeunes militants des diff\u00e9rents partis politiques. Pour notre &hellip;","og_url":"https:\/\/lyonbondyblog.fr\/LBB\/dossier-sur-les-jeunes-militants-de-partis-politiques-avec-le-lbb-episode-6\/","og_site_name":"Lyon Bondy Blog","article_publisher":"https:\/\/www.facebook.com\/lyonbondyblog","article_published_time":"2021-12-24T16:00:00+00:00","article_modified_time":"2021-12-24T14:48:59+00:00","og_image":[{"width":603,"height":392,"url":"https:\/\/lyonbondyblog.fr\/LBB\/wp-content\/uploads\/2021\/12\/Image1-1.jpg","type":"image\/jpeg"}],"author":"Le\u00efla Ghedaifi","twitter_card":"summary_large_image","twitter_creator":"@bondybloglyon","twitter_site":"@bondybloglyon","schema":{"@context":"https:\/\/schema.org","@graph":[{"@type":"Article","@id":"https:\/\/lyonbondyblog.fr\/LBB\/dossier-sur-les-jeunes-militants-de-partis-politiques-avec-le-lbb-episode-6\/#article","isPartOf":{"@id":"https:\/\/lyonbondyblog.fr\/LBB\/dossier-sur-les-jeunes-militants-de-partis-politiques-avec-le-lbb-episode-6\/"},"author":{"name":"Le\u00efla Ghedaifi","@id":"https:\/\/lyonbondyblog.fr\/LBB\/#\/schema\/person\/9946d294cefda5a37cd7d7ef5e8c298d"},"headline":"Dossier sur les jeunes militants de partis politiques avec le LBB \u2013 \u00c9pisode 6 \u2013 Allan Bouamrane, r\u00e9f\u00e9rent des Jeunes avec Macron pour Rh\u00f4ne : \u00ab On est des militants de terrains qui essayons de faire bouger les choses \u00bb","datePublished":"2021-12-24T16:00:00+00:00","dateModified":"2021-12-24T14:48:59+00:00","mainEntityOfPage":{"@id":"https:\/\/lyonbondyblog.fr\/LBB\/dossier-sur-les-jeunes-militants-de-partis-politiques-avec-le-lbb-episode-6\/"},"wordCount":585,"commentCount":0,"publisher":{"@id":"https:\/\/lyonbondyblog.fr\/LBB\/#organization"},"image":{"@id":"https:\/\/lyonbondyblog.fr\/LBB\/dossier-sur-les-jeunes-militants-de-partis-politiques-avec-le-lbb-episode-6\/#primaryimage"},"thumbnailUrl":"https:\/\/lyonbondyblog.fr\/LBB\/wp-content\/uploads\/2021\/12\/Image1-1.jpg","keywords":["lyon"],"articleSection":["Lyon","Politique"],"inLanguage":"fr-FR","potentialAction":[{"@type":"CommentAction","name":"Comment","target":["https:\/\/lyonbondyblog.fr\/LBB\/dossier-sur-les-jeunes-militants-de-partis-politiques-avec-le-lbb-episode-6\/#respond"]}]},{"@type":"WebPage","@id":"https:\/\/lyonbondyblog.fr\/LBB\/dossier-sur-les-jeunes-militants-de-partis-politiques-avec-le-lbb-episode-6\/","url":"https:\/\/lyonbondyblog.fr\/LBB\/dossier-sur-les-jeunes-militants-de-partis-politiques-avec-le-lbb-episode-6\/","name":"Dossier sur les jeunes militants de partis politiques avec le LBB \u2013 \u00c9pisode 6 \u2013 Allan Bouamrane, r\u00e9f\u00e9rent des Jeunes avec Macron pour Rh\u00f4ne : \u00ab On est des militants de terrains qui essayons de faire bouger les choses \u00bb - Lyon Bondy Blog","isPartOf":{"@id":"https:\/\/lyonbondyblog.fr\/LBB\/#website"},"primaryImageOfPage":{"@id":"https:\/\/lyonbondyblog.fr\/LBB\/dossier-sur-les-jeunes-militants-de-partis-politiques-avec-le-lbb-episode-6\/#primaryimage"},"image":{"@id":"https:\/\/lyonbondyblog.fr\/LBB\/dossier-sur-les-jeunes-militants-de-partis-politiques-avec-le-lbb-episode-6\/#primaryimage"},"thumbnailUrl":"https:\/\/lyonbondyblog.fr\/LBB\/wp-content\/uploads\/2021\/12\/Image1-1.jpg","datePublished":"2021-12-24T16:00:00+00:00","dateModified":"2021-12-24T14:48:59+00:00","inLanguage":"fr-FR","potentialAction":[{"@type":"ReadAction","target":["https:\/\/lyonbondyblog.fr\/LBB\/dossier-sur-les-jeunes-militants-de-partis-politiques-avec-le-lbb-episode-6\/"]}]},{"@type":"ImageObject","inLanguage":"fr-FR","@id":"https:\/\/lyonbondyblog.fr\/LBB\/dossier-sur-les-jeunes-militants-de-partis-politiques-avec-le-lbb-episode-6\/#primaryimage","url":"https:\/\/lyonbondyblog.fr\/LBB\/wp-content\/uploads\/2021\/12\/Image1-1.jpg","contentUrl":"https:\/\/lyonbondyblog.fr\/LBB\/wp-content\/uploads\/2021\/12\/Image1-1.jpg","width":603,"height":392},{"@type":"WebSite","@id":"https:\/\/lyonbondyblog.fr\/LBB\/#website","url":"https:\/\/lyonbondyblog.fr\/LBB\/","name":"Lyon Bondy Blog","description":"","publisher":{"@id":"https:\/\/lyonbondyblog.fr\/LBB\/#organization"},"potentialAction":[{"@type":"SearchAction","target":{"@type":"EntryPoint","urlTemplate":"https:\/\/lyonbondyblog.fr\/LBB\/?s={search_term_string}"},"query-input":"required name=search_term_string"}],"inLanguage":"fr-FR"},{"@type":"Organization","@id":"https:\/\/lyonbondyblog.fr\/LBB\/#organization","name":"LYON BONDY BLOG","url":"https:\/\/lyonbondyblog.fr\/LBB\/","logo":{"@type":"ImageObject","inLanguage":"fr-FR","@id":"https:\/\/lyonbondyblog.fr\/LBB\/#\/schema\/logo\/image\/","url":"http:\/\/lyonbondyblog.fr\/LBB\/wp-content\/uploads\/2014\/10\/logo-portable-144.png","contentUrl":"http:\/\/lyonbondyblog.fr\/LBB\/wp-content\/uploads\/2014\/10\/logo-portable-144.png","width":144,"height":123,"caption":"LYON BONDY BLOG"},"image":{"@id":"https:\/\/lyonbondyblog.fr\/LBB\/#\/schema\/logo\/image\/"},"sameAs":["https:\/\/www.facebook.com\/lyonbondyblog","https:\/\/x.com\/bondybloglyon"]},{"@type":"Person","@id":"https:\/\/lyonbondyblog.fr\/LBB\/#\/schema\/person\/9946d294cefda5a37cd7d7ef5e8c298d","name":"Le\u00efla Ghedaifi","url":"https:\/\/lyonbondyblog.fr\/LBB\/author\/leilag\/"}]}},"_links":{"self":[{"href":"https:\/\/lyonbondyblog.fr\/LBB\/wp-json\/wp\/v2\/posts\/26588","targetHints":{"allow":["GET"]}}],"collection":[{"href":"https:\/\/lyonbondyblog.fr\/LBB\/wp-json\/wp\/v2\/posts"}],"about":[{"href":"https:\/\/lyonbondyblog.fr\/LBB\/wp-json\/wp\/v2\/types\/post"}],"author":[{"embeddable":true,"href":"https:\/\/lyonbondyblog.fr\/LBB\/wp-json\/wp\/v2\/users\/25924"}],"replies":[{"embeddable":true,"href":"https:\/\/lyonbondyblog.fr\/LBB\/wp-json\/wp\/v2\/comments?post=26588"}],"version-history":[{"count":2,"href":"https:\/\/lyonbondyblog.fr\/LBB\/wp-json\/wp\/v2\/posts\/26588\/revisions"}],"predecessor-version":[{"id":26594,"href":"https:\/\/lyonbondyblog.fr\/LBB\/wp-json\/wp\/v2\/posts\/26588\/revisions\/26594"}],"wp:featuredmedia":[{"embeddable":true,"href":"https:\/\/lyonbondyblog.fr\/LBB\/wp-json\/wp\/v2\/media\/26593"}],"wp:attachment":[{"href":"https:\/\/lyonbondyblog.fr\/LBB\/wp-json\/wp\/v2\/media?parent=26588"}],"wp:term":[{"taxonomy":"category","embeddable":true,"href":"https:\/\/lyonbondyblog.fr\/LBB\/wp-json\/wp\/v2\/categories?post=26588"},{"taxonomy":"post_tag","embeddable":true,"href":"https:\/\/lyonbondyblog.fr\/LBB\/wp-json\/wp\/v2\/tags?post=26588"}],"curies":[{"name":"wp","href":"https:\/\/api.w.org\/{rel}","templated":true}]}}