{"id":26437,"date":"2021-12-16T20:06:32","date_gmt":"2021-12-16T19:06:32","guid":{"rendered":"http:\/\/lyonbondyblog.fr\/LBB\/?p=26437"},"modified":"2021-12-17T16:15:16","modified_gmt":"2021-12-17T15:15:16","slug":"dossier-sur-les-jeunes-militants-de-partis-politiques-avec-le-lbb-episode-2-pierre-ambrosini-jeune-et-communiste-il-souhaite-voir-le-monde-changer","status":"publish","type":"post","link":"https:\/\/lyonbondyblog.fr\/LBB\/dossier-sur-les-jeunes-militants-de-partis-politiques-avec-le-lbb-episode-2-pierre-ambrosini-jeune-et-communiste-il-souhaite-voir-le-monde-changer\/","title":{"rendered":"Dossier sur les jeunes militants de partis politiques avec le LBB \u2013 \u00c9pisode 2 &#8211; Pierre Ambrosini\u00a0: Jeune et communiste, il souhaite voir le monde changer"},"content":{"rendered":"\n<h2 class=\"wp-block-heading\">\u00c0 l&rsquo;approche des \u00e9lections pr\u00e9sidentielles 2022, le Lyon Bondy Blog a d\u00e9cid\u00e9 d&rsquo;aller \u00e0 la rencontre de jeunes militants des diff\u00e9rents partis. Pour notre premier portrait, nous sommes partis voir Pierre Ambrosini, jeune militant du Mouvement Jeunes communistes de France et secr\u00e9taire f\u00e9d\u00e9ral pour les jeunes communistes du Rh\u00f4ne.<\/h2>\n\n\n\n<p>Jeune militant de 19 ans, Pierre Ambrosini nous accueille dans les locaux du Parti communiste Fran\u00e7ais, pour nous raconter son histoire au Mouvement Jeunes communistes de France ou plus simplement appel\u00e9 la \u00ab&nbsp;JC&nbsp;\u00bb chez les partisans. Il nous explique son parcours pour arriver dans ce parti, en pr\u00e9cisant l\u2019\u00e2ge \u00e0 laquelle il s\u2019engage&nbsp;: 15 ans. Soit 3 ans avant le bac, 3 ans avant la majorit\u00e9 et bien avant, comme ce qu\u2019on pourrait croire, la maturit\u00e9. Pourtant, il n\u2019en manque pas. \u00ab&nbsp;<em>Pour moi, \u00e7a semblait important de s\u2019engager \u00e0 cette p\u00e9riode-l\u00e0, puisqu\u2019il y avait la r\u00e9forme de parcours sup et que je voyais qu\u2019il fallait faire bouger les choses<\/em>.&nbsp;\u00bb Et pour lui, \u00e7a signifiait manifester pour se faire entendre.<\/p>\n\n\n\n<p>Puis, tout s\u2019encha\u00eene&nbsp;: il rencontre un jeune dans une manifestation qui lui parle de la JC, et vite, il adh\u00e8re au mouvement, se reconnaissant dans les valeurs. Et le voil\u00e0, \u00e0 15 ans, avec sa carte de la JC, lui qui s\u2019est toujours int\u00e9ress\u00e9 \u00e0 l\u2019actualit\u00e9 et \u00e0 l\u2019histoire. Rien d\u2019\u00e9tonnant donc qu\u2019il se mette ensuite \u00e0 la politique. Pierre r\u00e9ussit m\u00eame, dans son lyc\u00e9e, \u00e0 faire adh\u00e9rer deux autres personnes \u00e0 la JC. \u00c0 cette \u00e9poque-l\u00e0, il est \u00e9galement membre du syndicat UNL (Union nationale des lyc\u00e9ens).<\/p>\n\n\n\n<h2 class=\"wp-block-heading\">\u00ab<strong>&nbsp;<\/strong><em>Les jeunes choisissent leurs combats<\/em>&nbsp;\u00bb<\/h2>\n\n\n\n<p>Quand nous lui parlons de la jeunesse et de la politique, il \u00e9voque \u00ab&nbsp;<em>les manifestations pour le climat [qui], quoiqu\u2019on en pense, reste un bon exemple d\u2019une jeunesse qui se mobilise. Les jeunes choisissent leurs combats, mais pas forc\u00e9ment la politique directement<\/em>. \u00bb Le combat de Pierre, lui, est clair&nbsp;: ne pas \u00eatre simplement spectateur du monde qui l\u2019entoure, mais bien acteur du changement. Investi donc depuis 4 ans dans l\u2019organisation, il pr\u00e9cise qu\u2019il est aujourd\u2019hui, en plus de membre du mouvement, secr\u00e9taire (ou coordinateur) f\u00e9d\u00e9ral pour les jeunes communistes du Rh\u00f4ne. Un poste qui l\u2019am\u00e8ne \u00e0 devoir coordonner l\u2019ensemble des actions sur le d\u00e9partement du Rh\u00f4ne, donc sur une f\u00e9d\u00e9ration.<\/p>\n\n\n\n<p>Il \u00ab&nbsp;<em>ne compte pas ses heures<\/em>&nbsp;\u00bb, comme il l\u2019explique lui-m\u00eame, incapable de d\u00e9terminer le temps qu\u2019il consacre \u00e0 la JC. En r\u00e9alit\u00e9, les coll\u00e8gues sont devenus des \u00ab&nbsp;potes&nbsp;\u00bb et la politique est au c\u0153ur de sa vie. Pr\u00e9sent g\u00e9n\u00e9ralement lors des manifestations, il s\u2019occupe parfois de scander des messages politiques dans un m\u00e9gaphone, mais la plupart du temps son r\u00f4le est de veiller sur chaque manifestant pr\u00e9sent dans leur cort\u00e8ge, qu\u2019il soit adh\u00e9rent ou non. Le reste du temps, il s\u2019occupe des distributions de tracts et de g\u00e9rer les actions de l\u2019organisation, assiste aux r\u00e9unions et entre en contact avec les coordinateurs nationaux.<\/p>\n\n\n\n<h2 class=\"wp-block-heading\">La politique, oui, mais pas comme m\u00e9tier<\/h2>\n\n\n\n<p>\u00ab\u00a0<em>Un jeune communiste, je pense que c\u2019est quelqu\u2019un qui a envie de s\u2019engager vraiment pour voir le monde changer radicalement, o\u00f9 ce serait les personnes qui produisent les richesses et qui d\u00e9cident pour eux.<\/em>\u00a0\u00bb Pourtant, il y a forc\u00e9ment des diff\u00e9rences d\u2019opinions sur certains sujets et des d\u00e9bats au sein de la JC, pr\u00e9f\u00e8re nous pr\u00e9ciser le jeune militant. D\u00e8s qu\u2019il y a une nouvelle id\u00e9e, elle est soumise au d\u00e9bat, lors des congr\u00e8s, lors des AG.<\/p>\n\n\n\n<p>Aujourd\u2019hui, Pierre r\u00e9ussit \u00e0 allier la politique et ses \u00e9tudes de droit sciences politiques \u00e0 Lyon 2. \u00ab&nbsp;<em>Mais je compte quitter cette fili\u00e8re-l\u00e0<\/em>&nbsp;\u00bb, ajoute-il. Il souhaite justement s\u2019orienter vers quelque chose de moins politique&nbsp;: \u00ab&nbsp;<em>Pour moi, la politique n\u2019est pas du tout un m\u00e9tier et ne doit pas \u00eatre professionnalis\u00e9e, comme dans plein d\u2019\u00e9coles, parce qu\u2019apr\u00e8s tu cr\u00e9es des personnes qui font tout le temps la m\u00eame politique<\/em>&nbsp;\u00bb. \u00c0 l\u2019avenir, il souhaite se diriger vers des \u00e9tudes d\u2019histoire. Quant \u00e0 son engagement politique, il n\u2019a pas l\u2019air pr\u00eat de s\u2019arr\u00eater de si t\u00f4t&nbsp;!<\/p>\n<!-- AddThis Advanced Settings generic via filter on the_content --><!-- AddThis Share Buttons generic via filter on the_content -->","protected":false},"excerpt":{"rendered":"<p>\u00c0 l&rsquo;approche des \u00e9lections pr\u00e9sidentielles 2022, le Lyon Bondy Blog a d\u00e9cid\u00e9 d&rsquo;aller \u00e0 la rencontre de jeunes militants des diff\u00e9rents partis. Pour notre premier &hellip; <!-- AddThis Advanced Settings generic via filter on wp_trim_excerpt --><!-- AddThis Share Buttons generic via filter on wp_trim_excerpt --><\/p>\n","protected":false},"author":31860,"featured_media":26438,"comment_status":"open","ping_status":"open","sticky":true,"template":"","format":"standard","meta":{"_FSMCFIC_featured_image_caption":"","_FSMCFIC_featured_image_nocaption":"","_FSMCFIC_featured_image_hide":"","footnotes":""},"categories":[4,700,4097],"tags":[],"class_list":["post-26437","post","type-post","status-publish","format-standard","has-post-thumbnail","hentry","category-lyon","category-portraits","category-rencontre"],"yoast_head":"<!-- This site is optimized with the Yoast SEO plugin v22.8 - https:\/\/yoast.com\/wordpress\/plugins\/seo\/ -->\n<title>Pierre Ambrosini\u00a0: Jeune et communiste, il souhaite voir le monde changer<\/title>\n<meta name=\"description\" content=\"\u00c0 l&#039;approche des \u00e9lections pr\u00e9sidentielles 2022, le Lyon Bondy Blog a d\u00e9cid\u00e9 d&#039;aller \u00e0 la rencontre de jeunes militants des diff\u00e9rents partis. Pour notre premier entretien, nous sommes partis \u00e0 la rencontre de Pierre Ambrosini.\" \/>\n<meta name=\"robots\" content=\"index, follow, max-snippet:-1, max-image-preview:large, max-video-preview:-1\" \/>\n<link rel=\"canonical\" href=\"https:\/\/lyonbondyblog.fr\/LBB\/dossier-sur-les-jeunes-militants-de-partis-politiques-avec-le-lbb-episode-2-pierre-ambrosini-jeune-et-communiste-il-souhaite-voir-le-monde-changer\/\" \/>\n<meta property=\"og:locale\" content=\"fr_FR\" \/>\n<meta property=\"og:type\" content=\"article\" \/>\n<meta property=\"og:title\" content=\"Pierre Ambrosini\u00a0: Jeune et communiste, il souhaite voir le monde changer\" \/>\n<meta property=\"og:description\" content=\"\u00c0 l&#039;approche des \u00e9lections pr\u00e9sidentielles 2022, le Lyon Bondy Blog a d\u00e9cid\u00e9 d&#039;aller \u00e0 la rencontre de jeunes militants des diff\u00e9rents partis. Pour notre premier entretien, nous sommes partis \u00e0 la rencontre de Pierre Ambrosini.\" \/>\n<meta property=\"og:url\" content=\"https:\/\/lyonbondyblog.fr\/LBB\/dossier-sur-les-jeunes-militants-de-partis-politiques-avec-le-lbb-episode-2-pierre-ambrosini-jeune-et-communiste-il-souhaite-voir-le-monde-changer\/\" \/>\n<meta property=\"og:site_name\" content=\"Lyon Bondy Blog\" \/>\n<meta property=\"article:publisher\" content=\"https:\/\/www.facebook.com\/lyonbondyblog\" \/>\n<meta property=\"article:published_time\" content=\"2021-12-16T19:06:32+00:00\" \/>\n<meta property=\"article:modified_time\" content=\"2021-12-17T15:15:16+00:00\" \/>\n<meta property=\"og:image\" content=\"https:\/\/lyonbondyblog.fr\/LBB\/wp-content\/uploads\/2021\/12\/DSC_0773-scaled.jpg\" \/>\n\t<meta property=\"og:image:width\" content=\"2560\" \/>\n\t<meta property=\"og:image:height\" content=\"1707\" \/>\n\t<meta property=\"og:image:type\" content=\"image\/jpeg\" \/>\n<meta name=\"author\" content=\"In\u00e8s Pallot\" \/>\n<meta name=\"twitter:card\" content=\"summary_large_image\" \/>\n<meta name=\"twitter:creator\" content=\"@bondybloglyon\" \/>\n<meta name=\"twitter:site\" content=\"@bondybloglyon\" \/>\n<script type=\"application\/ld+json\" class=\"yoast-schema-graph\">{\"@context\":\"https:\/\/schema.org\",\"@graph\":[{\"@type\":\"Article\",\"@id\":\"https:\/\/lyonbondyblog.fr\/LBB\/dossier-sur-les-jeunes-militants-de-partis-politiques-avec-le-lbb-episode-2-pierre-ambrosini-jeune-et-communiste-il-souhaite-voir-le-monde-changer\/#article\",\"isPartOf\":{\"@id\":\"https:\/\/lyonbondyblog.fr\/LBB\/dossier-sur-les-jeunes-militants-de-partis-politiques-avec-le-lbb-episode-2-pierre-ambrosini-jeune-et-communiste-il-souhaite-voir-le-monde-changer\/\"},\"author\":{\"name\":\"In\u00e8s Pallot\",\"@id\":\"https:\/\/lyonbondyblog.fr\/LBB\/#\/schema\/person\/9f49d5a620b7ff0b22195422b4ef0cc4\"},\"headline\":\"Dossier sur les jeunes militants de partis politiques avec le LBB \u2013 \u00c9pisode 2 &#8211; Pierre Ambrosini\u00a0: Jeune et communiste, il souhaite voir le monde changer\",\"datePublished\":\"2021-12-16T19:06:32+00:00\",\"dateModified\":\"2021-12-17T15:15:16+00:00\",\"mainEntityOfPage\":{\"@id\":\"https:\/\/lyonbondyblog.fr\/LBB\/dossier-sur-les-jeunes-militants-de-partis-politiques-avec-le-lbb-episode-2-pierre-ambrosini-jeune-et-communiste-il-souhaite-voir-le-monde-changer\/\"},\"wordCount\":779,\"commentCount\":0,\"publisher\":{\"@id\":\"https:\/\/lyonbondyblog.fr\/LBB\/#organization\"},\"image\":{\"@id\":\"https:\/\/lyonbondyblog.fr\/LBB\/dossier-sur-les-jeunes-militants-de-partis-politiques-avec-le-lbb-episode-2-pierre-ambrosini-jeune-et-communiste-il-souhaite-voir-le-monde-changer\/#primaryimage\"},\"thumbnailUrl\":\"https:\/\/lyonbondyblog.fr\/LBB\/wp-content\/uploads\/2021\/12\/DSC_0773-scaled.jpg\",\"articleSection\":[\"Lyon\",\"Portraits\",\"Rencontre\"],\"inLanguage\":\"fr-FR\",\"potentialAction\":[{\"@type\":\"CommentAction\",\"name\":\"Comment\",\"target\":[\"https:\/\/lyonbondyblog.fr\/LBB\/dossier-sur-les-jeunes-militants-de-partis-politiques-avec-le-lbb-episode-2-pierre-ambrosini-jeune-et-communiste-il-souhaite-voir-le-monde-changer\/#respond\"]}]},{\"@type\":\"WebPage\",\"@id\":\"https:\/\/lyonbondyblog.fr\/LBB\/dossier-sur-les-jeunes-militants-de-partis-politiques-avec-le-lbb-episode-2-pierre-ambrosini-jeune-et-communiste-il-souhaite-voir-le-monde-changer\/\",\"url\":\"https:\/\/lyonbondyblog.fr\/LBB\/dossier-sur-les-jeunes-militants-de-partis-politiques-avec-le-lbb-episode-2-pierre-ambrosini-jeune-et-communiste-il-souhaite-voir-le-monde-changer\/\",\"name\":\"Pierre Ambrosini\u00a0: Jeune et communiste, il souhaite voir le monde changer\",\"isPartOf\":{\"@id\":\"https:\/\/lyonbondyblog.fr\/LBB\/#website\"},\"primaryImageOfPage\":{\"@id\":\"https:\/\/lyonbondyblog.fr\/LBB\/dossier-sur-les-jeunes-militants-de-partis-politiques-avec-le-lbb-episode-2-pierre-ambrosini-jeune-et-communiste-il-souhaite-voir-le-monde-changer\/#primaryimage\"},\"image\":{\"@id\":\"https:\/\/lyonbondyblog.fr\/LBB\/dossier-sur-les-jeunes-militants-de-partis-politiques-avec-le-lbb-episode-2-pierre-ambrosini-jeune-et-communiste-il-souhaite-voir-le-monde-changer\/#primaryimage\"},\"thumbnailUrl\":\"https:\/\/lyonbondyblog.fr\/LBB\/wp-content\/uploads\/2021\/12\/DSC_0773-scaled.jpg\",\"datePublished\":\"2021-12-16T19:06:32+00:00\",\"dateModified\":\"2021-12-17T15:15:16+00:00\",\"description\":\"\u00c0 l'approche des \u00e9lections pr\u00e9sidentielles 2022, le Lyon Bondy Blog a d\u00e9cid\u00e9 d'aller \u00e0 la rencontre de jeunes militants des diff\u00e9rents partis. Pour notre premier entretien, nous sommes partis \u00e0 la rencontre de Pierre Ambrosini.\",\"inLanguage\":\"fr-FR\",\"potentialAction\":[{\"@type\":\"ReadAction\",\"target\":[\"https:\/\/lyonbondyblog.fr\/LBB\/dossier-sur-les-jeunes-militants-de-partis-politiques-avec-le-lbb-episode-2-pierre-ambrosini-jeune-et-communiste-il-souhaite-voir-le-monde-changer\/\"]}]},{\"@type\":\"ImageObject\",\"inLanguage\":\"fr-FR\",\"@id\":\"https:\/\/lyonbondyblog.fr\/LBB\/dossier-sur-les-jeunes-militants-de-partis-politiques-avec-le-lbb-episode-2-pierre-ambrosini-jeune-et-communiste-il-souhaite-voir-le-monde-changer\/#primaryimage\",\"url\":\"https:\/\/lyonbondyblog.fr\/LBB\/wp-content\/uploads\/2021\/12\/DSC_0773-scaled.jpg\",\"contentUrl\":\"https:\/\/lyonbondyblog.fr\/LBB\/wp-content\/uploads\/2021\/12\/DSC_0773-scaled.jpg\",\"width\":2560,\"height\":1707},{\"@type\":\"WebSite\",\"@id\":\"https:\/\/lyonbondyblog.fr\/LBB\/#website\",\"url\":\"https:\/\/lyonbondyblog.fr\/LBB\/\",\"name\":\"Lyon Bondy Blog\",\"description\":\"\",\"publisher\":{\"@id\":\"https:\/\/lyonbondyblog.fr\/LBB\/#organization\"},\"potentialAction\":[{\"@type\":\"SearchAction\",\"target\":{\"@type\":\"EntryPoint\",\"urlTemplate\":\"https:\/\/lyonbondyblog.fr\/LBB\/?s={search_term_string}\"},\"query-input\":\"required name=search_term_string\"}],\"inLanguage\":\"fr-FR\"},{\"@type\":\"Organization\",\"@id\":\"https:\/\/lyonbondyblog.fr\/LBB\/#organization\",\"name\":\"LYON BONDY BLOG\",\"url\":\"https:\/\/lyonbondyblog.fr\/LBB\/\",\"logo\":{\"@type\":\"ImageObject\",\"inLanguage\":\"fr-FR\",\"@id\":\"https:\/\/lyonbondyblog.fr\/LBB\/#\/schema\/logo\/image\/\",\"url\":\"http:\/\/lyonbondyblog.fr\/LBB\/wp-content\/uploads\/2014\/10\/logo-portable-144.png\",\"contentUrl\":\"http:\/\/lyonbondyblog.fr\/LBB\/wp-content\/uploads\/2014\/10\/logo-portable-144.png\",\"width\":144,\"height\":123,\"caption\":\"LYON BONDY BLOG\"},\"image\":{\"@id\":\"https:\/\/lyonbondyblog.fr\/LBB\/#\/schema\/logo\/image\/\"},\"sameAs\":[\"https:\/\/www.facebook.com\/lyonbondyblog\",\"https:\/\/x.com\/bondybloglyon\"]},{\"@type\":\"Person\",\"@id\":\"https:\/\/lyonbondyblog.fr\/LBB\/#\/schema\/person\/9f49d5a620b7ff0b22195422b4ef0cc4\",\"name\":\"In\u00e8s Pallot\",\"url\":\"https:\/\/lyonbondyblog.fr\/LBB\/author\/inesp\/\"}]}<\/script>\n<!-- \/ Yoast SEO plugin. -->","yoast_head_json":{"title":"Pierre Ambrosini\u00a0: Jeune et communiste, il souhaite voir le monde changer","description":"\u00c0 l'approche des \u00e9lections pr\u00e9sidentielles 2022, le Lyon Bondy Blog a d\u00e9cid\u00e9 d'aller \u00e0 la rencontre de jeunes militants des diff\u00e9rents partis. Pour notre premier entretien, nous sommes partis \u00e0 la rencontre de Pierre Ambrosini.","robots":{"index":"index","follow":"follow","max-snippet":"max-snippet:-1","max-image-preview":"max-image-preview:large","max-video-preview":"max-video-preview:-1"},"canonical":"https:\/\/lyonbondyblog.fr\/LBB\/dossier-sur-les-jeunes-militants-de-partis-politiques-avec-le-lbb-episode-2-pierre-ambrosini-jeune-et-communiste-il-souhaite-voir-le-monde-changer\/","og_locale":"fr_FR","og_type":"article","og_title":"Pierre Ambrosini\u00a0: Jeune et communiste, il souhaite voir le monde changer","og_description":"\u00c0 l'approche des \u00e9lections pr\u00e9sidentielles 2022, le Lyon Bondy Blog a d\u00e9cid\u00e9 d'aller \u00e0 la rencontre de jeunes militants des diff\u00e9rents partis. Pour notre premier entretien, nous sommes partis \u00e0 la rencontre de Pierre Ambrosini.","og_url":"https:\/\/lyonbondyblog.fr\/LBB\/dossier-sur-les-jeunes-militants-de-partis-politiques-avec-le-lbb-episode-2-pierre-ambrosini-jeune-et-communiste-il-souhaite-voir-le-monde-changer\/","og_site_name":"Lyon Bondy Blog","article_publisher":"https:\/\/www.facebook.com\/lyonbondyblog","article_published_time":"2021-12-16T19:06:32+00:00","article_modified_time":"2021-12-17T15:15:16+00:00","og_image":[{"width":2560,"height":1707,"url":"https:\/\/lyonbondyblog.fr\/LBB\/wp-content\/uploads\/2021\/12\/DSC_0773-scaled.jpg","type":"image\/jpeg"}],"author":"In\u00e8s Pallot","twitter_card":"summary_large_image","twitter_creator":"@bondybloglyon","twitter_site":"@bondybloglyon","schema":{"@context":"https:\/\/schema.org","@graph":[{"@type":"Article","@id":"https:\/\/lyonbondyblog.fr\/LBB\/dossier-sur-les-jeunes-militants-de-partis-politiques-avec-le-lbb-episode-2-pierre-ambrosini-jeune-et-communiste-il-souhaite-voir-le-monde-changer\/#article","isPartOf":{"@id":"https:\/\/lyonbondyblog.fr\/LBB\/dossier-sur-les-jeunes-militants-de-partis-politiques-avec-le-lbb-episode-2-pierre-ambrosini-jeune-et-communiste-il-souhaite-voir-le-monde-changer\/"},"author":{"name":"In\u00e8s Pallot","@id":"https:\/\/lyonbondyblog.fr\/LBB\/#\/schema\/person\/9f49d5a620b7ff0b22195422b4ef0cc4"},"headline":"Dossier sur les jeunes militants de partis politiques avec le LBB \u2013 \u00c9pisode 2 &#8211; Pierre Ambrosini\u00a0: Jeune et communiste, il souhaite voir le monde changer","datePublished":"2021-12-16T19:06:32+00:00","dateModified":"2021-12-17T15:15:16+00:00","mainEntityOfPage":{"@id":"https:\/\/lyonbondyblog.fr\/LBB\/dossier-sur-les-jeunes-militants-de-partis-politiques-avec-le-lbb-episode-2-pierre-ambrosini-jeune-et-communiste-il-souhaite-voir-le-monde-changer\/"},"wordCount":779,"commentCount":0,"publisher":{"@id":"https:\/\/lyonbondyblog.fr\/LBB\/#organization"},"image":{"@id":"https:\/\/lyonbondyblog.fr\/LBB\/dossier-sur-les-jeunes-militants-de-partis-politiques-avec-le-lbb-episode-2-pierre-ambrosini-jeune-et-communiste-il-souhaite-voir-le-monde-changer\/#primaryimage"},"thumbnailUrl":"https:\/\/lyonbondyblog.fr\/LBB\/wp-content\/uploads\/2021\/12\/DSC_0773-scaled.jpg","articleSection":["Lyon","Portraits","Rencontre"],"inLanguage":"fr-FR","potentialAction":[{"@type":"CommentAction","name":"Comment","target":["https:\/\/lyonbondyblog.fr\/LBB\/dossier-sur-les-jeunes-militants-de-partis-politiques-avec-le-lbb-episode-2-pierre-ambrosini-jeune-et-communiste-il-souhaite-voir-le-monde-changer\/#respond"]}]},{"@type":"WebPage","@id":"https:\/\/lyonbondyblog.fr\/LBB\/dossier-sur-les-jeunes-militants-de-partis-politiques-avec-le-lbb-episode-2-pierre-ambrosini-jeune-et-communiste-il-souhaite-voir-le-monde-changer\/","url":"https:\/\/lyonbondyblog.fr\/LBB\/dossier-sur-les-jeunes-militants-de-partis-politiques-avec-le-lbb-episode-2-pierre-ambrosini-jeune-et-communiste-il-souhaite-voir-le-monde-changer\/","name":"Pierre Ambrosini\u00a0: Jeune et communiste, il souhaite voir le monde changer","isPartOf":{"@id":"https:\/\/lyonbondyblog.fr\/LBB\/#website"},"primaryImageOfPage":{"@id":"https:\/\/lyonbondyblog.fr\/LBB\/dossier-sur-les-jeunes-militants-de-partis-politiques-avec-le-lbb-episode-2-pierre-ambrosini-jeune-et-communiste-il-souhaite-voir-le-monde-changer\/#primaryimage"},"image":{"@id":"https:\/\/lyonbondyblog.fr\/LBB\/dossier-sur-les-jeunes-militants-de-partis-politiques-avec-le-lbb-episode-2-pierre-ambrosini-jeune-et-communiste-il-souhaite-voir-le-monde-changer\/#primaryimage"},"thumbnailUrl":"https:\/\/lyonbondyblog.fr\/LBB\/wp-content\/uploads\/2021\/12\/DSC_0773-scaled.jpg","datePublished":"2021-12-16T19:06:32+00:00","dateModified":"2021-12-17T15:15:16+00:00","description":"\u00c0 l'approche des \u00e9lections pr\u00e9sidentielles 2022, le Lyon Bondy Blog a d\u00e9cid\u00e9 d'aller \u00e0 la rencontre de jeunes militants des diff\u00e9rents partis. Pour notre premier entretien, nous sommes partis \u00e0 la rencontre de Pierre Ambrosini.","inLanguage":"fr-FR","potentialAction":[{"@type":"ReadAction","target":["https:\/\/lyonbondyblog.fr\/LBB\/dossier-sur-les-jeunes-militants-de-partis-politiques-avec-le-lbb-episode-2-pierre-ambrosini-jeune-et-communiste-il-souhaite-voir-le-monde-changer\/"]}]},{"@type":"ImageObject","inLanguage":"fr-FR","@id":"https:\/\/lyonbondyblog.fr\/LBB\/dossier-sur-les-jeunes-militants-de-partis-politiques-avec-le-lbb-episode-2-pierre-ambrosini-jeune-et-communiste-il-souhaite-voir-le-monde-changer\/#primaryimage","url":"https:\/\/lyonbondyblog.fr\/LBB\/wp-content\/uploads\/2021\/12\/DSC_0773-scaled.jpg","contentUrl":"https:\/\/lyonbondyblog.fr\/LBB\/wp-content\/uploads\/2021\/12\/DSC_0773-scaled.jpg","width":2560,"height":1707},{"@type":"WebSite","@id":"https:\/\/lyonbondyblog.fr\/LBB\/#website","url":"https:\/\/lyonbondyblog.fr\/LBB\/","name":"Lyon Bondy Blog","description":"","publisher":{"@id":"https:\/\/lyonbondyblog.fr\/LBB\/#organization"},"potentialAction":[{"@type":"SearchAction","target":{"@type":"EntryPoint","urlTemplate":"https:\/\/lyonbondyblog.fr\/LBB\/?s={search_term_string}"},"query-input":"required name=search_term_string"}],"inLanguage":"fr-FR"},{"@type":"Organization","@id":"https:\/\/lyonbondyblog.fr\/LBB\/#organization","name":"LYON BONDY BLOG","url":"https:\/\/lyonbondyblog.fr\/LBB\/","logo":{"@type":"ImageObject","inLanguage":"fr-FR","@id":"https:\/\/lyonbondyblog.fr\/LBB\/#\/schema\/logo\/image\/","url":"http:\/\/lyonbondyblog.fr\/LBB\/wp-content\/uploads\/2014\/10\/logo-portable-144.png","contentUrl":"http:\/\/lyonbondyblog.fr\/LBB\/wp-content\/uploads\/2014\/10\/logo-portable-144.png","width":144,"height":123,"caption":"LYON BONDY BLOG"},"image":{"@id":"https:\/\/lyonbondyblog.fr\/LBB\/#\/schema\/logo\/image\/"},"sameAs":["https:\/\/www.facebook.com\/lyonbondyblog","https:\/\/x.com\/bondybloglyon"]},{"@type":"Person","@id":"https:\/\/lyonbondyblog.fr\/LBB\/#\/schema\/person\/9f49d5a620b7ff0b22195422b4ef0cc4","name":"In\u00e8s Pallot","url":"https:\/\/lyonbondyblog.fr\/LBB\/author\/inesp\/"}]}},"_links":{"self":[{"href":"https:\/\/lyonbondyblog.fr\/LBB\/wp-json\/wp\/v2\/posts\/26437","targetHints":{"allow":["GET"]}}],"collection":[{"href":"https:\/\/lyonbondyblog.fr\/LBB\/wp-json\/wp\/v2\/posts"}],"about":[{"href":"https:\/\/lyonbondyblog.fr\/LBB\/wp-json\/wp\/v2\/types\/post"}],"author":[{"embeddable":true,"href":"https:\/\/lyonbondyblog.fr\/LBB\/wp-json\/wp\/v2\/users\/31860"}],"replies":[{"embeddable":true,"href":"https:\/\/lyonbondyblog.fr\/LBB\/wp-json\/wp\/v2\/comments?post=26437"}],"version-history":[{"count":8,"href":"https:\/\/lyonbondyblog.fr\/LBB\/wp-json\/wp\/v2\/posts\/26437\/revisions"}],"predecessor-version":[{"id":26460,"href":"https:\/\/lyonbondyblog.fr\/LBB\/wp-json\/wp\/v2\/posts\/26437\/revisions\/26460"}],"wp:featuredmedia":[{"embeddable":true,"href":"https:\/\/lyonbondyblog.fr\/LBB\/wp-json\/wp\/v2\/media\/26438"}],"wp:attachment":[{"href":"https:\/\/lyonbondyblog.fr\/LBB\/wp-json\/wp\/v2\/media?parent=26437"}],"wp:term":[{"taxonomy":"category","embeddable":true,"href":"https:\/\/lyonbondyblog.fr\/LBB\/wp-json\/wp\/v2\/categories?post=26437"},{"taxonomy":"post_tag","embeddable":true,"href":"https:\/\/lyonbondyblog.fr\/LBB\/wp-json\/wp\/v2\/tags?post=26437"}],"curies":[{"name":"wp","href":"https:\/\/api.w.org\/{rel}","templated":true}]}}