{"id":26431,"date":"2021-12-17T17:00:00","date_gmt":"2021-12-17T16:00:00","guid":{"rendered":"http:\/\/lyonbondyblog.fr\/LBB\/?p=26431"},"modified":"2021-12-20T10:28:27","modified_gmt":"2021-12-20T09:28:27","slug":"quentin-taieb-la-politique-est-tres-important-pour-moi","status":"publish","type":"post","link":"https:\/\/lyonbondyblog.fr\/LBB\/quentin-taieb-la-politique-est-tres-important-pour-moi\/","title":{"rendered":"Dossier sur les jeunes militants de partis politiques avec le LBB \u2013 \u00c9pisode 3 &#8211; Quentin Taieb : \u00ab\u00a0La politique est tr\u00e8s importante pour moi\u00a0\u00bb"},"content":{"rendered":"\n<h2 class=\"wp-block-heading\">\u00c0 l&rsquo;approche des \u00e9lections pr\u00e9sidentielles 2022, le Lyon Bondy Blog a d\u00e9cid\u00e9 d&rsquo;aller \u00e0 la rencontre de jeunes militants des diff\u00e9rents partis. Pour notre premier portrait, nous avons interviewer Quentin Taieb, jeune militant chez les R\u00e9publicains et responsable d\u00e9partemental des jeunes r\u00e9publicains.<\/h2>\n\n\n\n<p>La Place Ambroise-Courtois (Lyon 8) se pare des lumi\u00e8res de No\u00ebl et le march\u00e9 quotidien ravi les habitants de produits r\u00e9gionaux. Non loin de l\u00e0, Quentin Taieb, l\u00e9g\u00e8rement en retard, s&rsquo;installe dans le caf\u00e9 de la place. Ce jeune militant encart\u00e9 les r\u00e9publicains est un homme press\u00e9. En effet, <em>\u00ab\u00a0je cumule mes \u00e9tudes de droit et mes engagements politiques\u00a0\u00bb. <\/em>Rentr\u00e9 chez les R\u00e9publicains en 2016,\u00a0\u00e0 16 ans pendant les primaires, il soutient <em>\u00ab\u00a0dans le <a href=\"https:\/\/www.francetvinfo.fr\/politique\/les-republicains\/primaire-de-la-droite\/primaire-a-droite-jean-francois-cope-arrive-bon-dernier-du-premier-tour_1927619.html\">bonheur ou le malheur, Jean Fran\u00e7ois Cop\u00e9<\/a>. Le malheur \u00e0 la fin<\/em> \u00bb, sourit-il. <em>\u00ab\u00a0Sa candidature \u00e9tait de bon sens pour moi. \u00c0 l&rsquo;\u00e9poque, j&rsquo;\u00e9tais au lyc\u00e9e et on avait de r\u00e9els probl\u00e8mes au niveau de l&rsquo;agriculture. Je m&rsquo;en suis donc saisi, d&rsquo;abord avec les pr\u00e9sidentielles. Et puis, le jeu a fait que mon implication m&rsquo;a port\u00e9 \u00e0 Lyon, pour mes \u00e9tudes et pour la politique <\/em>\u00bb, explique Quentin.<\/p>\n\n\n\n<h2 class=\"wp-block-heading\">Une \u00e9lection gagn\u00e9e avec les jeunes?<\/h2>\n\n\n\n<p>Le jeune homme a un poste important au sein des R\u00e9publicains. En effet, il est<em> \u00ab\u00a0responsable d\u00e9partemental des jeunes r\u00e9publicains. J&rsquo;organise des \u00e9v\u00e9nements comme des conf\u00e9rences ou des collages<\/em>.<em> Et au niveau r\u00e9gional, je demande \u00a0\u00bbdes comptes\u00a0\u00bb \u00e0 mes responsables d\u00e9partementaux.<\/em> \u00bb Les jeunes r\u00e9publicains ont, selon lui, 1450 adh\u00e9rents de 16 \u00e0 30 ans. Ainsi \u00e0 chaque \u00e9lection, les jeunes jouent un r\u00f4le central. <em>\u00ab\u00a0Ils s&rsquo;engagent pour des causes plus que pour des partis ou des id\u00e9es. Et Val\u00e9rie P\u00e9cresse d\u00e9fend de nombreuses causes : les violences faites aux femmes et les questions de s\u00e9curit\u00e9 notamment. Je pense que ce sont des causes pour lesquelles les militants vont se rassembler, militer et discuter pour la faire \u00e9lire<\/em> \u00bb, affirme le jeune militant. De plus selon lui, <em>\u00ab\u00a0n&rsquo;importe quel candidat, pour une mairie ou pour la pr\u00e9sidence de la r\u00e9publique, se doit de pr\u00e9parer l&rsquo;avenir. Et si les jeunes se d\u00e9sint\u00e9ressent du candidat, c&rsquo;est qu&rsquo;il y a eu un rat\u00e9 dans le programme ou le choix du candidat<\/em>. \u00bb<\/p>\n\n\n\n<h2 class=\"wp-block-heading\">\u00ab\u00a0Je suis tr\u00e8s satisfait de mon engagement\u00a0\u00bb<\/h2>\n\n\n\n<p>Aujourd&rsquo;hui, \u00e9tudiant en master de droit \u00e0 Lyon, Quentin Taieb ne se voit pas pour l&rsquo;instant briguer un poste en politique. Le jeune homme, collaborateur du maire de Mions, Claude Cohen, se dit<em> \u00ab\u00a0tr\u00e8s satisfait\u00a0\u00bb <\/em>de son engagement actuel<em>. \u00ab\u00a0Les prochaines \u00e9lections sont les municipales de 2026. Je ne me projette pas. \u00bb <\/em>Malgr\u00e9 tout, il confie que la<em> \u00ab\u00a0politique est importante\u00a0\u00bb <\/em>pour lui<em>. \u00ab\u00a0Elle fait partie de ma vie. Sur une semaine, je vais m&rsquo;en occuper environ 40 heures.<\/em>\u00bb<\/p>\n<!-- AddThis Advanced Settings generic via filter on the_content --><!-- AddThis Share Buttons generic via filter on the_content -->","protected":false},"excerpt":{"rendered":"<p>\u00c0 l&rsquo;approche des \u00e9lections pr\u00e9sidentielles 2022, le Lyon Bondy Blog a d\u00e9cid\u00e9 d&rsquo;aller \u00e0 la rencontre de jeunes militants des diff\u00e9rents partis. Pour notre premier &hellip; <!-- AddThis Advanced Settings generic via filter on wp_trim_excerpt --><!-- AddThis Share Buttons generic via filter on wp_trim_excerpt --><\/p>\n","protected":false},"author":31861,"featured_media":26432,"comment_status":"open","ping_status":"open","sticky":true,"template":"","format":"standard","meta":{"_FSMCFIC_featured_image_caption":"","_FSMCFIC_featured_image_nocaption":"","_FSMCFIC_featured_image_hide":"","footnotes":""},"categories":[5324,4,6],"tags":[27800,10,165,27803],"class_list":["post-26431","post","type-post","status-publish","format-standard","has-post-thumbnail","hentry","category-jeunesse","category-lyon","category-politique","tag-jeunes-militants","tag-lyon-2","tag-politique-2","tag-presidentielles-2021"],"yoast_head":"<!-- This site is optimized with the Yoast SEO plugin v22.8 - https:\/\/yoast.com\/wordpress\/plugins\/seo\/ -->\n<title>Dossier sur les jeunes militants de partis politiques avec le LBB \u2013 \u00c9pisode 3 - Quentin Taieb : &quot;La politique est tr\u00e8s importante pour moi&quot; - Lyon Bondy Blog politique<\/title>\n<meta name=\"description\" content=\"En vue des pr\u00e9sidentielles, le Lyon Bondy Blog donne la parole aux jeunes militants. Aujourd&#039;hui Quentin Taieb, jeune militant chez les R\u00e9publicains.\" \/>\n<meta name=\"robots\" content=\"index, follow, max-snippet:-1, max-image-preview:large, max-video-preview:-1\" \/>\n<link rel=\"canonical\" href=\"https:\/\/lyonbondyblog.fr\/LBB\/quentin-taieb-la-politique-est-tres-important-pour-moi\/\" \/>\n<meta property=\"og:locale\" content=\"fr_FR\" \/>\n<meta property=\"og:type\" content=\"article\" \/>\n<meta property=\"og:title\" content=\"Dossier sur les jeunes militants de partis politiques avec le LBB \u2013 \u00c9pisode 3 - Quentin Taieb : &quot;La politique est tr\u00e8s importante pour moi&quot; - Lyon Bondy Blog politique\" \/>\n<meta property=\"og:description\" content=\"En vue des pr\u00e9sidentielles, le Lyon Bondy Blog donne la parole aux jeunes militants. Aujourd&#039;hui Quentin Taieb, jeune militant chez les R\u00e9publicains.\" \/>\n<meta property=\"og:url\" content=\"https:\/\/lyonbondyblog.fr\/LBB\/quentin-taieb-la-politique-est-tres-important-pour-moi\/\" \/>\n<meta property=\"og:site_name\" content=\"Lyon Bondy Blog\" \/>\n<meta property=\"article:publisher\" content=\"https:\/\/www.facebook.com\/lyonbondyblog\" \/>\n<meta property=\"article:published_time\" content=\"2021-12-17T16:00:00+00:00\" \/>\n<meta property=\"article:modified_time\" content=\"2021-12-20T09:28:27+00:00\" \/>\n<meta property=\"og:image\" content=\"https:\/\/lyonbondyblog.fr\/LBB\/wp-content\/uploads\/2021\/12\/quentin-taieb.webp\" \/>\n\t<meta property=\"og:image:width\" content=\"852\" \/>\n\t<meta property=\"og:image:height\" content=\"852\" \/>\n\t<meta property=\"og:image:type\" content=\"image\/webp\" \/>\n<meta name=\"author\" content=\"Marie Monterno\" \/>\n<meta name=\"twitter:card\" content=\"summary_large_image\" \/>\n<meta name=\"twitter:creator\" content=\"@bondybloglyon\" \/>\n<meta name=\"twitter:site\" content=\"@bondybloglyon\" \/>\n<script type=\"application\/ld+json\" class=\"yoast-schema-graph\">{\"@context\":\"https:\/\/schema.org\",\"@graph\":[{\"@type\":\"Article\",\"@id\":\"https:\/\/lyonbondyblog.fr\/LBB\/quentin-taieb-la-politique-est-tres-important-pour-moi\/#article\",\"isPartOf\":{\"@id\":\"https:\/\/lyonbondyblog.fr\/LBB\/quentin-taieb-la-politique-est-tres-important-pour-moi\/\"},\"author\":{\"name\":\"Marie Monterno\",\"@id\":\"https:\/\/lyonbondyblog.fr\/LBB\/#\/schema\/person\/7f21fbd6c1fa489dfe39973868377daf\"},\"headline\":\"Dossier sur les jeunes militants de partis politiques avec le LBB \u2013 \u00c9pisode 3 &#8211; Quentin Taieb : \u00ab\u00a0La politique est tr\u00e8s importante pour moi\u00a0\u00bb\",\"datePublished\":\"2021-12-17T16:00:00+00:00\",\"dateModified\":\"2021-12-20T09:28:27+00:00\",\"mainEntityOfPage\":{\"@id\":\"https:\/\/lyonbondyblog.fr\/LBB\/quentin-taieb-la-politique-est-tres-important-pour-moi\/\"},\"wordCount\":488,\"commentCount\":0,\"publisher\":{\"@id\":\"https:\/\/lyonbondyblog.fr\/LBB\/#organization\"},\"image\":{\"@id\":\"https:\/\/lyonbondyblog.fr\/LBB\/quentin-taieb-la-politique-est-tres-important-pour-moi\/#primaryimage\"},\"thumbnailUrl\":\"https:\/\/lyonbondyblog.fr\/LBB\/wp-content\/uploads\/2021\/12\/quentin-taieb.webp\",\"keywords\":[\"Jeunes militants\",\"lyon\",\"politique\",\"pr\u00e9sidentielles 2021\"],\"articleSection\":[\"Jeunesse\",\"Lyon\",\"Politique\"],\"inLanguage\":\"fr-FR\",\"potentialAction\":[{\"@type\":\"CommentAction\",\"name\":\"Comment\",\"target\":[\"https:\/\/lyonbondyblog.fr\/LBB\/quentin-taieb-la-politique-est-tres-important-pour-moi\/#respond\"]}]},{\"@type\":\"WebPage\",\"@id\":\"https:\/\/lyonbondyblog.fr\/LBB\/quentin-taieb-la-politique-est-tres-important-pour-moi\/\",\"url\":\"https:\/\/lyonbondyblog.fr\/LBB\/quentin-taieb-la-politique-est-tres-important-pour-moi\/\",\"name\":\"Dossier sur les jeunes militants de partis politiques avec le LBB \u2013 \u00c9pisode 3 - Quentin Taieb : \\\"La politique est tr\u00e8s importante pour moi\\\" - Lyon Bondy Blog politique\",\"isPartOf\":{\"@id\":\"https:\/\/lyonbondyblog.fr\/LBB\/#website\"},\"primaryImageOfPage\":{\"@id\":\"https:\/\/lyonbondyblog.fr\/LBB\/quentin-taieb-la-politique-est-tres-important-pour-moi\/#primaryimage\"},\"image\":{\"@id\":\"https:\/\/lyonbondyblog.fr\/LBB\/quentin-taieb-la-politique-est-tres-important-pour-moi\/#primaryimage\"},\"thumbnailUrl\":\"https:\/\/lyonbondyblog.fr\/LBB\/wp-content\/uploads\/2021\/12\/quentin-taieb.webp\",\"datePublished\":\"2021-12-17T16:00:00+00:00\",\"dateModified\":\"2021-12-20T09:28:27+00:00\",\"description\":\"En vue des pr\u00e9sidentielles, le Lyon Bondy Blog donne la parole aux jeunes militants. Aujourd'hui Quentin Taieb, jeune militant chez les R\u00e9publicains.\",\"inLanguage\":\"fr-FR\",\"potentialAction\":[{\"@type\":\"ReadAction\",\"target\":[\"https:\/\/lyonbondyblog.fr\/LBB\/quentin-taieb-la-politique-est-tres-important-pour-moi\/\"]}]},{\"@type\":\"ImageObject\",\"inLanguage\":\"fr-FR\",\"@id\":\"https:\/\/lyonbondyblog.fr\/LBB\/quentin-taieb-la-politique-est-tres-important-pour-moi\/#primaryimage\",\"url\":\"https:\/\/lyonbondyblog.fr\/LBB\/wp-content\/uploads\/2021\/12\/quentin-taieb.webp\",\"contentUrl\":\"https:\/\/lyonbondyblog.fr\/LBB\/wp-content\/uploads\/2021\/12\/quentin-taieb.webp\",\"width\":852,\"height\":852,\"caption\":\"Quentin Taieb, responsable d\u00e9partemental des jeunes r\u00e9publicains. source: site des r\u00e9publicains de Rh\u00f4ne\"},{\"@type\":\"WebSite\",\"@id\":\"https:\/\/lyonbondyblog.fr\/LBB\/#website\",\"url\":\"https:\/\/lyonbondyblog.fr\/LBB\/\",\"name\":\"Lyon Bondy Blog\",\"description\":\"\",\"publisher\":{\"@id\":\"https:\/\/lyonbondyblog.fr\/LBB\/#organization\"},\"potentialAction\":[{\"@type\":\"SearchAction\",\"target\":{\"@type\":\"EntryPoint\",\"urlTemplate\":\"https:\/\/lyonbondyblog.fr\/LBB\/?s={search_term_string}\"},\"query-input\":\"required name=search_term_string\"}],\"inLanguage\":\"fr-FR\"},{\"@type\":\"Organization\",\"@id\":\"https:\/\/lyonbondyblog.fr\/LBB\/#organization\",\"name\":\"LYON BONDY BLOG\",\"url\":\"https:\/\/lyonbondyblog.fr\/LBB\/\",\"logo\":{\"@type\":\"ImageObject\",\"inLanguage\":\"fr-FR\",\"@id\":\"https:\/\/lyonbondyblog.fr\/LBB\/#\/schema\/logo\/image\/\",\"url\":\"http:\/\/lyonbondyblog.fr\/LBB\/wp-content\/uploads\/2014\/10\/logo-portable-144.png\",\"contentUrl\":\"http:\/\/lyonbondyblog.fr\/LBB\/wp-content\/uploads\/2014\/10\/logo-portable-144.png\",\"width\":144,\"height\":123,\"caption\":\"LYON BONDY BLOG\"},\"image\":{\"@id\":\"https:\/\/lyonbondyblog.fr\/LBB\/#\/schema\/logo\/image\/\"},\"sameAs\":[\"https:\/\/www.facebook.com\/lyonbondyblog\",\"https:\/\/x.com\/bondybloglyon\"]},{\"@type\":\"Person\",\"@id\":\"https:\/\/lyonbondyblog.fr\/LBB\/#\/schema\/person\/7f21fbd6c1fa489dfe39973868377daf\",\"name\":\"Marie Monterno\",\"url\":\"https:\/\/lyonbondyblog.fr\/LBB\/author\/marie-de-monterno\/\"}]}<\/script>\n<!-- \/ Yoast SEO plugin. -->","yoast_head_json":{"title":"Dossier sur les jeunes militants de partis politiques avec le LBB \u2013 \u00c9pisode 3 - Quentin Taieb : \"La politique est tr\u00e8s importante pour moi\" - Lyon Bondy Blog politique","description":"En vue des pr\u00e9sidentielles, le Lyon Bondy Blog donne la parole aux jeunes militants. Aujourd'hui Quentin Taieb, jeune militant chez les R\u00e9publicains.","robots":{"index":"index","follow":"follow","max-snippet":"max-snippet:-1","max-image-preview":"max-image-preview:large","max-video-preview":"max-video-preview:-1"},"canonical":"https:\/\/lyonbondyblog.fr\/LBB\/quentin-taieb-la-politique-est-tres-important-pour-moi\/","og_locale":"fr_FR","og_type":"article","og_title":"Dossier sur les jeunes militants de partis politiques avec le LBB \u2013 \u00c9pisode 3 - Quentin Taieb : \"La politique est tr\u00e8s importante pour moi\" - Lyon Bondy Blog politique","og_description":"En vue des pr\u00e9sidentielles, le Lyon Bondy Blog donne la parole aux jeunes militants. Aujourd'hui Quentin Taieb, jeune militant chez les R\u00e9publicains.","og_url":"https:\/\/lyonbondyblog.fr\/LBB\/quentin-taieb-la-politique-est-tres-important-pour-moi\/","og_site_name":"Lyon Bondy Blog","article_publisher":"https:\/\/www.facebook.com\/lyonbondyblog","article_published_time":"2021-12-17T16:00:00+00:00","article_modified_time":"2021-12-20T09:28:27+00:00","og_image":[{"width":852,"height":852,"url":"https:\/\/lyonbondyblog.fr\/LBB\/wp-content\/uploads\/2021\/12\/quentin-taieb.webp","type":"image\/webp"}],"author":"Marie Monterno","twitter_card":"summary_large_image","twitter_creator":"@bondybloglyon","twitter_site":"@bondybloglyon","schema":{"@context":"https:\/\/schema.org","@graph":[{"@type":"Article","@id":"https:\/\/lyonbondyblog.fr\/LBB\/quentin-taieb-la-politique-est-tres-important-pour-moi\/#article","isPartOf":{"@id":"https:\/\/lyonbondyblog.fr\/LBB\/quentin-taieb-la-politique-est-tres-important-pour-moi\/"},"author":{"name":"Marie Monterno","@id":"https:\/\/lyonbondyblog.fr\/LBB\/#\/schema\/person\/7f21fbd6c1fa489dfe39973868377daf"},"headline":"Dossier sur les jeunes militants de partis politiques avec le LBB \u2013 \u00c9pisode 3 &#8211; Quentin Taieb : \u00ab\u00a0La politique est tr\u00e8s importante pour moi\u00a0\u00bb","datePublished":"2021-12-17T16:00:00+00:00","dateModified":"2021-12-20T09:28:27+00:00","mainEntityOfPage":{"@id":"https:\/\/lyonbondyblog.fr\/LBB\/quentin-taieb-la-politique-est-tres-important-pour-moi\/"},"wordCount":488,"commentCount":0,"publisher":{"@id":"https:\/\/lyonbondyblog.fr\/LBB\/#organization"},"image":{"@id":"https:\/\/lyonbondyblog.fr\/LBB\/quentin-taieb-la-politique-est-tres-important-pour-moi\/#primaryimage"},"thumbnailUrl":"https:\/\/lyonbondyblog.fr\/LBB\/wp-content\/uploads\/2021\/12\/quentin-taieb.webp","keywords":["Jeunes militants","lyon","politique","pr\u00e9sidentielles 2021"],"articleSection":["Jeunesse","Lyon","Politique"],"inLanguage":"fr-FR","potentialAction":[{"@type":"CommentAction","name":"Comment","target":["https:\/\/lyonbondyblog.fr\/LBB\/quentin-taieb-la-politique-est-tres-important-pour-moi\/#respond"]}]},{"@type":"WebPage","@id":"https:\/\/lyonbondyblog.fr\/LBB\/quentin-taieb-la-politique-est-tres-important-pour-moi\/","url":"https:\/\/lyonbondyblog.fr\/LBB\/quentin-taieb-la-politique-est-tres-important-pour-moi\/","name":"Dossier sur les jeunes militants de partis politiques avec le LBB \u2013 \u00c9pisode 3 - Quentin Taieb : \"La politique est tr\u00e8s importante pour moi\" - Lyon Bondy Blog politique","isPartOf":{"@id":"https:\/\/lyonbondyblog.fr\/LBB\/#website"},"primaryImageOfPage":{"@id":"https:\/\/lyonbondyblog.fr\/LBB\/quentin-taieb-la-politique-est-tres-important-pour-moi\/#primaryimage"},"image":{"@id":"https:\/\/lyonbondyblog.fr\/LBB\/quentin-taieb-la-politique-est-tres-important-pour-moi\/#primaryimage"},"thumbnailUrl":"https:\/\/lyonbondyblog.fr\/LBB\/wp-content\/uploads\/2021\/12\/quentin-taieb.webp","datePublished":"2021-12-17T16:00:00+00:00","dateModified":"2021-12-20T09:28:27+00:00","description":"En vue des pr\u00e9sidentielles, le Lyon Bondy Blog donne la parole aux jeunes militants. Aujourd'hui Quentin Taieb, jeune militant chez les R\u00e9publicains.","inLanguage":"fr-FR","potentialAction":[{"@type":"ReadAction","target":["https:\/\/lyonbondyblog.fr\/LBB\/quentin-taieb-la-politique-est-tres-important-pour-moi\/"]}]},{"@type":"ImageObject","inLanguage":"fr-FR","@id":"https:\/\/lyonbondyblog.fr\/LBB\/quentin-taieb-la-politique-est-tres-important-pour-moi\/#primaryimage","url":"https:\/\/lyonbondyblog.fr\/LBB\/wp-content\/uploads\/2021\/12\/quentin-taieb.webp","contentUrl":"https:\/\/lyonbondyblog.fr\/LBB\/wp-content\/uploads\/2021\/12\/quentin-taieb.webp","width":852,"height":852,"caption":"Quentin Taieb, responsable d\u00e9partemental des jeunes r\u00e9publicains. source: site des r\u00e9publicains de Rh\u00f4ne"},{"@type":"WebSite","@id":"https:\/\/lyonbondyblog.fr\/LBB\/#website","url":"https:\/\/lyonbondyblog.fr\/LBB\/","name":"Lyon Bondy Blog","description":"","publisher":{"@id":"https:\/\/lyonbondyblog.fr\/LBB\/#organization"},"potentialAction":[{"@type":"SearchAction","target":{"@type":"EntryPoint","urlTemplate":"https:\/\/lyonbondyblog.fr\/LBB\/?s={search_term_string}"},"query-input":"required name=search_term_string"}],"inLanguage":"fr-FR"},{"@type":"Organization","@id":"https:\/\/lyonbondyblog.fr\/LBB\/#organization","name":"LYON BONDY BLOG","url":"https:\/\/lyonbondyblog.fr\/LBB\/","logo":{"@type":"ImageObject","inLanguage":"fr-FR","@id":"https:\/\/lyonbondyblog.fr\/LBB\/#\/schema\/logo\/image\/","url":"http:\/\/lyonbondyblog.fr\/LBB\/wp-content\/uploads\/2014\/10\/logo-portable-144.png","contentUrl":"http:\/\/lyonbondyblog.fr\/LBB\/wp-content\/uploads\/2014\/10\/logo-portable-144.png","width":144,"height":123,"caption":"LYON BONDY BLOG"},"image":{"@id":"https:\/\/lyonbondyblog.fr\/LBB\/#\/schema\/logo\/image\/"},"sameAs":["https:\/\/www.facebook.com\/lyonbondyblog","https:\/\/x.com\/bondybloglyon"]},{"@type":"Person","@id":"https:\/\/lyonbondyblog.fr\/LBB\/#\/schema\/person\/7f21fbd6c1fa489dfe39973868377daf","name":"Marie Monterno","url":"https:\/\/lyonbondyblog.fr\/LBB\/author\/marie-de-monterno\/"}]}},"_links":{"self":[{"href":"https:\/\/lyonbondyblog.fr\/LBB\/wp-json\/wp\/v2\/posts\/26431","targetHints":{"allow":["GET"]}}],"collection":[{"href":"https:\/\/lyonbondyblog.fr\/LBB\/wp-json\/wp\/v2\/posts"}],"about":[{"href":"https:\/\/lyonbondyblog.fr\/LBB\/wp-json\/wp\/v2\/types\/post"}],"author":[{"embeddable":true,"href":"https:\/\/lyonbondyblog.fr\/LBB\/wp-json\/wp\/v2\/users\/31861"}],"replies":[{"embeddable":true,"href":"https:\/\/lyonbondyblog.fr\/LBB\/wp-json\/wp\/v2\/comments?post=26431"}],"version-history":[{"count":23,"href":"https:\/\/lyonbondyblog.fr\/LBB\/wp-json\/wp\/v2\/posts\/26431\/revisions"}],"predecessor-version":[{"id":26503,"href":"https:\/\/lyonbondyblog.fr\/LBB\/wp-json\/wp\/v2\/posts\/26431\/revisions\/26503"}],"wp:featuredmedia":[{"embeddable":true,"href":"https:\/\/lyonbondyblog.fr\/LBB\/wp-json\/wp\/v2\/media\/26432"}],"wp:attachment":[{"href":"https:\/\/lyonbondyblog.fr\/LBB\/wp-json\/wp\/v2\/media?parent=26431"}],"wp:term":[{"taxonomy":"category","embeddable":true,"href":"https:\/\/lyonbondyblog.fr\/LBB\/wp-json\/wp\/v2\/categories?post=26431"},{"taxonomy":"post_tag","embeddable":true,"href":"https:\/\/lyonbondyblog.fr\/LBB\/wp-json\/wp\/v2\/tags?post=26431"}],"curies":[{"name":"wp","href":"https:\/\/api.w.org\/{rel}","templated":true}]}}