{"id":264,"date":"2013-05-30T16:54:04","date_gmt":"2013-05-30T14:54:04","guid":{"rendered":"http:\/\/lyonbondyblog.fr\/LBB\/?p=264"},"modified":"2013-07-25T13:57:24","modified_gmt":"2013-07-25T11:57:24","slug":"le-mandat-de-maire-est-le-plus-beau-des-mandats-interview-de-michel-havard","status":"publish","type":"post","link":"https:\/\/lyonbondyblog.fr\/LBB\/le-mandat-de-maire-est-le-plus-beau-des-mandats-interview-de-michel-havard\/","title":{"rendered":"\u00ab Le mandat de maire est le plus beau \u00bb, Michel Havard"},"content":{"rendered":"<p><strong>Dernier entretien pour les primaires UMP des municipales lyonnaises dans le cadre de\u00a0 notre cycle \u00ab\u00a0CLIC pour 2014\u00a0\u00bb\u00a0: Michel Havard, pr\u00e9sident du groupe municipal d&rsquo;opposition \u00ab\u00a0Ensemble pour Lyon\u00a0\u00bb depuis 2008, candidat aux primaires lyonnaises de l\u2019UMP, \u00e9tait notre invit\u00e9e le\u00a0 23\u00a0 mai 2013 dans les locaux du Lyon Bondy Blog.<\/strong><\/p>\n<p align=\"JUSTIFY\"><em><em>\u00a0<\/em><\/em><\/p>\n<p align=\"JUSTIFY\"><em><em><img loading=\"lazy\" decoding=\"async\" class=\"aligncenter\" id=\"media-4122655\" title=\"\" alt=\"michel havard 23-05-13 f (2).jpg\" src=\"http:\/\/www.mapausecafe.net\/media\/02\/00\/3770444049.jpg\" width=\"261\" height=\"243\" \/><\/em><\/em><\/p>\n<p style=\"text-align: center;\" align=\"JUSTIFY\"><em><span style=\"font-size: 12px;\">Photo : Na\u00efma Arroussi<\/span><\/em><\/p>\n<p align=\"JUSTIFY\"><em>Pour l\u2019interroger, l\u2019\u00e9quipe du CLIC \u00e9tait compos\u00e9e de S\u00e9bastien Gonzalvez et Na\u00efma Aroussi du <a href=\"http:\/\/www.lyonbondyblog.fr\/\" target=\"_blank\">Lyon Bondy blog<\/a>, de Pierre Gerbeaud de <a href=\"http:\/\/www.free-landz.fr\/\" target=\"_blank\">Free-Landz<\/a> et de Jean-Philippe Bonan de <a href=\"http:\/\/sens-public.org\/\">Sens Public<\/a> et de <a href=\"http:\/\/sens-public.org\/\">Forum de Lyon<\/a>. A la technique\u00a0: Patrice Berger de <a href=\"http:\/\/www.radiopluriel.fr\/\" target=\"_blank\">Radio Pluriel.<\/a><\/em><\/p>\n<p align=\"JUSTIFY\"><em>\u00a0<\/em><\/p>\n<p>Ecoutez l&rsquo;entretien en int\u00e9gralit\u00e9 <div id=\"mp3jWrap_0\" class=\"mjp-s-wrapper s-graphic unsel-mjp \" style=\"font-size:18px;\"><span id=\"playpause_wrap_mp3j_0\" class=\"wrap_inline_mp3j\" style=\"font-weight:700;\"><span class=\"gfxbutton_mp3j play-mjp\" id=\"playpause_mp3j_0\" style=\"font-size:18px;\">&nbsp;&nbsp;&nbsp;&nbsp;&nbsp;<\/span>&nbsp;<span class=\"group_wrap\"><span class=\"bars_mp3j\"><span class=\"loadB_mp3j\" id=\"load_mp3j_0\"><\/span><span class=\"posbarB_mp3j\" id=\"posbar_mp3j_0\"><\/span><\/span><span class=\"T_mp3j\" id=\"T_mp3j_0\" style=\"font-size:18px;\">ici<\/span><span class=\"indi_mp3j\" style=\"font-size:12.6px;\" id=\"statusMI_0\"><\/span><\/span><span class=\"vol_mp3j flipped\" id=\"vol_mp3j_0\"><\/span><\/span><\/div><span class=\"s-nosolution\" id=\"mp3j_nosolution_0\" style=\"display:none;\"><\/span><script>\nMP3jPLAYLISTS.inline_0 = [\n\t{ name: \"ici\", formats: [\"mp3\"], mp3: \"aHR0cDovL3d3dy5jcmFuY3JhLm9yZy9lbWlzc2lvbnMvcmFkaW8tcGx1cmllbC9VTVAtSGF2YXJkLVJQLm1wMw==\", counterpart:\"\", artist: \"\", image: \"\", imgurl: \"\" }\n];\n<\/script>\n\n<script>MP3jPLAYERS[0] = { list: MP3jPLAYLISTS.inline_0, tr:0, type:'single', lstate:'', loop:false, play_txt:'&nbsp;&nbsp;&nbsp;&nbsp;&nbsp;', pause_txt:'&nbsp;&nbsp;&nbsp;&nbsp;&nbsp;', pp_title:'', autoplay:false, download:false, vol:85, height:'' };<\/script>.<\/p>\n<p align=\"JUSTIFY\"><strong>Mr Havard, vous \u00eates candidat \u00e0 la primaire de l&rsquo;UMP pour les municipales \u00e0 Lyon en 2014. D\u00e8s le 24 f\u00e9vrier 2011, vous d\u00e9clariez vos intentions de vous pr\u00e9senter, pourquoi une telle d\u00e9termination \u00e0 \u00eatre pr\u00e9sent \u00e0 ces \u00e9lections\u00a0?<\/strong><\/p>\n<p align=\"JUSTIFY\">Lyon c&rsquo;est pour moi une passion, une conviction. Dans ce monde qui bouge, les territoires, les villes les agglom\u00e9rations, vont devenir \u2013 sont devenus \u2013 le lieu o\u00f9 s&rsquo;entrechoquent \u00e0 la fois les probl\u00e9matiques de la vie en ville, puisque les villes grandissent, mais aussi le fait que ce sont \u00e0 l\u2019int\u00e9rieur m\u00eame de ces territoires que se trouvent les opportunit\u00e9s. Donc, g\u00e9rer une ville c&rsquo;est finalement essayer d&rsquo;harmoniser ce lieu qui conjugue la vie de nombreuses personnes tr\u00e8s diff\u00e9rentes. Je pense donc que le mandat de maire est le plus beau des mandat.<\/p>\n<p align=\"JUSTIFY\"><strong>Vous \u00eates \u00e0 l\u2019initiative de ces primaires \u00e0 l&rsquo;UMP, pourquoi avoir choisi ce mode de d\u00e9signation au sein de votre parti\u00a0?<\/strong><\/p>\n<p align=\"JUSTIFY\">Parce qu&rsquo;on \u00e9tait plusieurs qui souhaitaient \u00eatre candidat \u00e0 la mairie de Lyon et que bien que pr\u00e9sident du principal groupe d&rsquo;opposition, je me disais, si l&rsquo;on est d\u00e9sign\u00e9 par la commission nationale d&rsquo;investiture (comme cela est inscrit dans nos statuts), c&rsquo;est-\u00e0-dire par un groupe d&rsquo;une vingtaine de personnes, cela ne sera pas accept\u00e9, ou mal accept\u00e9, par celles et ceux qui seront \u00e9cart\u00e9s. Et les primaires, qu&rsquo;avait test\u00e9 le Parti Socialiste pour la d\u00e9signation de leur candidat \u00e0 l&rsquo;\u00e9lection pr\u00e9sidentielle \u00e9tait un peu une nouvelle m\u00e9thode de fonctionnement, j&rsquo;ai donc pens\u00e9 que c&rsquo;\u00e9tait une bonne m\u00e9thode, y compris pour une \u00e9lection locale. C&rsquo;est pour cela que j&rsquo;ai propos\u00e9 ce syst\u00e8me d\u00e8s le mois de juin dernier, j&rsquo;ai r\u00e9ussi \u00e0 me faire \u00e9couter. Le processus me para\u00eet bon, et il doit conduire \u00e0 une d\u00e9signation qui ne sera pas contest\u00e9 et qui sera de toute fa\u00e7on incontestable puisque ce sera les citoyens qui auront choisis celui ou celle qu&rsquo;il veulent comme candidat pour la droite et le centre \u00e0 la mairie de Lyon.<\/p>\n<p align=\"JUSTIFY\"><strong>Vous avez d\u00e9clar\u00e9 vos intention en 2011, \u00e0 l&rsquo;\u00e9poque vous \u00e9tiez d\u00e9put\u00e9 et candidat aux l\u00e9gislatives, pour vous, cumuler les mandats de d\u00e9put\u00e9 et de maire vous poserait-il un probl\u00e8me\u00a0?<\/strong><\/p>\n<p align=\"JUSTIFY\">J&rsquo;ai une position constante \u00e0 propos du cumul des mandats. Je suis en faveur d&rsquo;un durcissement de la loi contre le cumul mais pas pour interdire un mandat de parlementaire avec un mandat d&rsquo;\u00e9lu local. On peut donc \u00eatre d\u00e9put\u00e9 ou s\u00e9nateur et en m\u00eame temps conseiller r\u00e9gional, d\u00e9partemental ou g\u00e9n\u00e9ral. Je suis par contre pour interdire le cumul d&rsquo;un mandat de parlementaire avec celui de maire ou d&rsquo;adjoint, ou m\u00eame de vice-pr\u00e9sident d&rsquo;une collectivit\u00e9. Ce sont des mandats qui prennent du temps. Je vois bien la r\u00e9alit\u00e9, et les citoyens le savent aussi, les personnes qui cumulent ont deux fois moins de temps pour faire leur travail et donc les d\u00e9cisions publiques prennent beaucoup trop de temps (puisque le probl\u00e8me vient de l&rsquo;agenda des \u00e9lus). Et puis il y a un probl\u00e8me \u00e9thique aussi, un salaire, une r\u00e9mun\u00e9ration, une indemnit\u00e9, doit \u00eatre appliqu\u00e9e en fonction d&rsquo;un travail, et j&rsquo;ai la faiblesse de penser qu&rsquo;il y a certains parlementaires qui touche leurs indemnit\u00e9s de parlementaires sans faire leur travail. Ce n&rsquo;est plus possible.<\/p>\n<p align=\"JUSTIFY\"><strong>Si vous \u00eates \u00e9lu maire de Lyon vous ne ferez donc que cela ?<\/strong><\/p>\n<p align=\"JUSTIFY\">Oui, c&rsquo;est un m\u00e9tier \u00e0 plein temps. Et c&rsquo;est bien pay\u00e9, maire de Lyon, on peut bien vivre qu&rsquo;avec cette seule indemnit\u00e9, il n&rsquo;y a pas de probl\u00e8me.<\/p>\n<p align=\"JUSTIFY\"><strong>Pendant votre campagne, vous avez l&rsquo;occasion de rencontrer les lyonnais et de discuter avec eux. Que vous disent-ils, quelles sont leurs priorit\u00e9s\u00a0?<\/strong><\/p>\n<p align=\"JUSTIFY\">Aujourd&rsquo;hui les priorit\u00e9s sont \u00e9conomiques. Il y a beaucoup d&rsquo;inqui\u00e9tude autour de la situation \u00e9conomique du pays, le ch\u00f4mage, le risque de ch\u00f4mage. On est pr\u00e9sents sur les march\u00e9s et les commer\u00e7ants nous disent qu&rsquo;il y a une baisse du chiffre d&rsquo;affaire. Les gens qui font les march\u00e9s nous disent qu&rsquo;ils font attention soit parce qu&rsquo;ils sont plus tax\u00e9s soit parce qu&rsquo;ils ont moins \u00e0 d\u00e9penser, et je pense notamment \u00e0 tous ceux qui ont vus leurs heures suppl\u00e9mentaires supprim\u00e9es, tout cela a un impact sur la consommation. On voit aussi que le ch\u00f4mage continu sa progression donc aujourd&rsquo;hui c&rsquo;est vraiment la premi\u00e8re pr\u00e9occupation des gens qu&rsquo;on rencontre. Ensuite, il y a d&rsquo;autres th\u00e9matiques\u00a0: celle de la ville notamment et ce qui ressort beaucoup ce sont les probl\u00e8mes de circulation et de stationnement dans la ville. Et puis on a ensuite les probl\u00e8mes de s\u00e9curit\u00e9, d&rsquo;activit\u00e9 commerciales, de garde d&rsquo;enfants&#8230;<\/p>\n<p align=\"JUSTIFY\"><strong>Avec quel homme politique local avez vous des contacts privil\u00e9gi\u00e9s ou duquel recevez-vous des soutiens\u00a0?<\/strong><\/p>\n<p align=\"JUSTIFY\">Il y a quelqu&rsquo;un avec qui j\u2019entretiens toujours une relation particuli\u00e8re, puisqu&rsquo;il est un peu mon p\u00e8re en politique, c&rsquo;est Henri Chabert qui \u00e9tait d\u00e9put\u00e9 ici et dont j\u2019\u00e9tais l&rsquo;assistant parlementaire. Et puis, j&rsquo;ai des contacts de temps en temps avec Michel Noir, et je citerai aussi Michel Barnier m\u00eame si c&rsquo;est plus un homme politique europ\u00e9en.<\/p>\n<p align=\"JUSTIFY\"><strong>Que pensez-vous du projet de Lyon m\u00e9tropole soutenu par G\u00e9rard Collomb mais aussi Michel Mercier\u00a0?<\/strong><\/p>\n<p align=\"JUSTIFY\">On avait propos\u00e9 la m\u00e9tropole il y a deux ans au Grand Lyon avec M. Buffet. Et \u00e0 l&rsquo;\u00e9poque, c&rsquo;\u00e9tait le moment ou se mettait en place le \u00ab\u00a0p\u00f4le m\u00e9tropolitain\u00a0\u00bb c&rsquo;est \u00e0 dire l&rsquo;\u00e9troite collaboration de quatre m\u00e9tropoles. On avait dit alors \u00e0 G\u00e9rard Collomb que faire un structure en plus de celles d\u00e9j\u00e0 existantes ne faisait que rajouter un \u00e9tage au mille-feuille administratif et qu&rsquo;il fallait plut\u00f4t regarder \u00e0 cr\u00e9er une m\u00e9tropole. \u00c0 l&rsquo;\u00e9poque il nous avait r\u00e9pondu que ce n&rsquo;\u00e9tait pas possible. Et puis maintenant, il a repris l&rsquo;id\u00e9e et c&rsquo;est devenu une bonne id\u00e9e \u00e0 ses yeux, mais nous, nous pensions d\u00e9j\u00e0 qu&rsquo;il fallait mettre en place une m\u00e9tropole, et nous en sommes toujours convaincus.<\/p>\n<p align=\"JUSTIFY\">Alors pourquoi est-ce une bonne id\u00e9e\u00a0? D&rsquo;abord parce qu&rsquo;elle fusionne deux niveaux que sont le Grand Lyon et le conseil g\u00e9n\u00e9ral. On simplifie donc le mille-feuille administratif et l&rsquo;on int\u00e8gre de nouvelles comp\u00e9tences. Il faut donc que cela se caract\u00e9rise par une efficacit\u00e9 des politiques publiques qui relevaient alors du conseil g\u00e9n\u00e9ral. Le risque, c&rsquo;est de faire un gros machin tr\u00e8s compliqu\u00e9 \u00e9loign\u00e9 du citoyen\u00a0: le risque d&rsquo;un d\u00e9ficit d\u00e9mocratique. Il faut faire tr\u00e8s attention \u00e0 cela, bien poser le r\u00f4le des communes, parce qu&rsquo;un citoyen, quand il a un probl\u00e8me, la premi\u00e8re porte \u00e0 laquelle il frappe c&rsquo;est celle de son maire. Il faut donc conserver au maire un r\u00f4le important dans la mise en place de la m\u00e9tropole et il faut conserver \u00e0 la m\u00e9tropole une identification forte aupr\u00e8s des citoyens. Pour moi il y une tr\u00e8s grosse opportunit\u00e9 de pouvoir construire un projet de territoires et des politiques publiques qui soient efficaces, mais il y a aussi un gros risque qui est celui de l\u2019\u00e9loignement du citoyen et du d\u00e9ficit d\u00e9mocratique.<\/p>\n<p align=\"JUSTIFY\"><strong>Pour vous, les responsables de cette m\u00e9tropoles devraient \u00eatre \u00e9lus au suffrage universel direct ou via les communes\u00a0?<\/strong><\/p>\n<p align=\"JUSTIFY\">\u00c0 terme au suffrage universel direct. Mais aujourd&rsquo;hui on est le pays aux 36 000 communes, c&rsquo;est donc compliqu\u00e9. Lyon est la ville aux cents villages, parce que lorsqu&rsquo;on vient des Terreaux on est pas de St-Paul et ceux de St-Paul ne sont pas de St-Jean et ceux de St-Jean ne sont pas de St-Georges, etc. Notre ville s&rsquo;est construite comme cela. Si demain on d\u00e9clare que les repr\u00e9sentants des intercommunalit\u00e9s sont \u00e9lus au suffrage universel direct cela va poser la question de l&rsquo;existence de la commune. Donc, soit on arrive a trouver une bonne r\u00e9partition des comp\u00e9tence entre les structures intercommunales et les communes et les deux pourront voir leurs repr\u00e9sentants \u00e9lus au suffrage universel direct\u00a0; soit il va falloir, dans un certain nombre de cas, proc\u00e9der \u00e0 des regroupement voir fusionner plusieurs communes.<\/p>\n<p align=\"JUSTIFY\"><strong>Vous en parliez tout \u00e0 l&rsquo;heure, l&rsquo;une des questions qui pr\u00e9occupe les Lyonnais c&rsquo;est la politique de la petite enfance et les places en cr\u00e8ches. Que proposez-vous pour am\u00e9liorer l&rsquo;\u00e9tat des choses actuel\u00a0?<\/strong><\/p>\n<p align=\"JUSTIFY\">D&rsquo;abord, je proposerai de ne pas \u00eatre dogmatique, c&rsquo;est-\u00e0-dire de ne rien interdire dans ce domaine. Le premier mode de garde c&rsquo;est la solidarit\u00e9 familiale, on oublie toujours de le rappeler\u00a0: la m\u00e8re ou le p\u00e8re qui arr\u00eate de travailler, les grands-parents qui se rendent disponibles, etc. Ensuite, il y a les assistantes maternelles, puis les cr\u00e8ches municipales, familiales et quelques cr\u00e8ches d&rsquo;entreprises. Il faut essayer d&rsquo;imaginer comment on peut d\u00e9velopper ces modes de garde. Des tentatives ont commenc\u00e9es, je pense notamment au relais d&rsquo;assistantes maternelles qui permet de les regrouper. Cela pr\u00e9sente l&rsquo;avantage de pouvoir accueillir plus d&rsquo;enfants, sans augmenter la structure. Il faut aussi savoir qu&rsquo;une place en cr\u00e8che municipale co\u00fbte tr\u00e8s cher autant \u00e0 construire qu&rsquo;\u00e0 entretenir. De mon point de vue les cr\u00e8ches d&rsquo;entreprises ne sont pas assez d\u00e9velopp\u00e9es mais c&rsquo;est compliqu\u00e9 de faire mieux. Et puis il y a aussi les cr\u00e8ches associatives, et l\u00e0 il y a une marge de man\u0153uvre importante. Je proposerai de cr\u00e9er un certain nombre de place, surtout pour les 2-3 ans dans des jardins d&rsquo;\u00e9veil. Je pense ainsi que quelques petites actions dans le cadre de la garde d&rsquo;enfants permettrai de donner une bouff\u00e9e d&rsquo;air assez cons\u00e9quente.<\/p>\n<p align=\"JUSTIFY\"><strong>Que pensez-vous de la remise en question de la semaine de quatre jours\u00a0?<\/strong><\/p>\n<p align=\"JUSTIFY\">J\u2019ai lu un certain nombre d&rsquo;articles dessus et d&rsquo;apr\u00e8s des professionnels, il semblerait que ce soit mieux pour l&rsquo;enfant d&rsquo;avoir une semaine scolaire sur quatre jours et demi. Par contre, la cons\u00e9quence de cela, c&rsquo;est que toutes les activit\u00e9s p\u00e9riscolaires qui \u00e9taient assur\u00e9es par des associations, des MJC, des centres p\u00e9riscolaires, etc. seront remises en question puisque les enfants seront \u00e0 l&rsquo;\u00e9cole. Comme on augmente le temps de pr\u00e9sence \u00e0 l&rsquo;\u00e9cole mais sans augmenter les programmes, il faudra inclure du p\u00e9riscolaire dans le temps de la classe. C&rsquo;est \u00e0 dire qu&rsquo;on rajoute un co\u00fbt \u00e0 la ville\u00a0: pour Lyon cela repr\u00e9sente entre cinq et huit millions d&rsquo;euros et les associations qui intervenaient sur le p\u00e9riscolaire perdent des recettes. Je suis donc favorable \u00e0 la semaine de quatre jours et demi, mais il faut bien se poser la question et la gestion des cons\u00e9quences. J&rsquo;ai propos\u00e9 au conseil municipal il y a quelques jours la cr\u00e9ation d&rsquo;une commission municipale mixte, avec toutes les tendances politiques, parce que les \u00e9lections approchent et nous ne savons pas quelle tendance va gagner les \u00e9lections. C&rsquo;est tout de m\u00eame mieux si tous les groupes politiques se pr\u00e9occupent de cette question. G\u00e9rard Collomb a refus\u00e9. Je lui ai dit que je ne comprenais pas les raisons de ce refus, ni sur le fond, ni sur la forme. Je trouve m\u00eame cela plut\u00f4t scandaleux, je pense que l&rsquo;int\u00e9r\u00eat des enfants, des \u00e9coles, des parents, doit passer au-dessus des clivages politiques. Mais si en mars 2014 les Lyonnais me font confiance, on verra si G\u00e9rard Collomb reconna\u00eet qu&rsquo;il a eu tort, et si il d\u00e9cide d&rsquo;\u00eatre un peu plus ouvert sur certains sujets.<\/p>\n<p align=\"JUSTIFY\"><strong>Passons \u00e0 la question du social maintenant\u00a0: selon vous o\u00f9 sont les points d&rsquo;insuffisances dans la politique municipale actuelle sur cette question ?<\/strong><\/p>\n<p align=\"JUSTIFY\">C&rsquo;est vaste comme question. Je vais vous dire ce que je pense, parce que j&rsquo;ai d\u00e9cid\u00e9 d&rsquo;\u00eatre honn\u00eate. Globalement, \u00e0 Lyon, on a plut\u00f4t des politiques qui sont correctes dans tous les domaines dont celui du social, parce qu&rsquo;on est un territoire riche, on a une activit\u00e9 \u00e9conomique importante qui produit des bonnes recettes. Mais, globalement, je pense qu&rsquo;on manque d&rsquo;ambitions dans certains domaines. Dans le domaine social j&rsquo;ai propos\u00e9 de mettre en place un grand plan de lutte contre l&rsquo;\u00e9chec scolaire. On a plein d&rsquo;associations qui travaille sur le sujet. On pourrait mener des politiques plus importantes dans ce domaine. Si l&rsquo;on parle du domaine social pur, concernant la solidarit\u00e9 ou les plus d\u00e9munis, l\u00e0 aussi on a un tissu associatif formidable, et je pense qu&rsquo;on ne l&rsquo;accompagne pas assez.<\/p>\n<p align=\"JUSTIFY\"><strong>Pensez-vous qu&rsquo;il faille repenser la gestion des centres d\u2019accueil aux sans-domicile\u00a0?<\/strong><\/p>\n<p align=\"JUSTIFY\">Honn\u00eatement, je pense que les choses ne sont pas parfaites et que la situation est toujours am\u00e9liorable, mais globalement, on est plut\u00f4t efficient. On met en place un certain nombre de choses durant les p\u00e9riode de froid. On a le probl\u00e8me du num\u00e9ro d&rsquo;appel qui est un peu compliqu\u00e9. Le fait que tous les appels soient concentr\u00e9s sur deux ou trois t\u00e9l\u00e9phones n&rsquo;arrange pas la gestion des appels au 115. Il y a des choses am\u00e9liorables mais, globalement, la politique mise en place est correcte. Ce que l&rsquo;on peu am\u00e9liorer c&rsquo;est souvent sur d&rsquo;autres domaines qui touchent plus \u00e0 la pr\u00e9carit\u00e9 qu&rsquo;aux sans-domiciles. Aujourd&rsquo;hui, le nombre de place d&rsquo;accueil est suffisant pour la demande formul\u00e9e. Souvent, ceux qui ne viennent pas dans ces centres c&rsquo;est qu&rsquo;il ne le veulent pas. Je pense que ce que l&rsquo;on peut am\u00e9liorer dans ces centres c&rsquo;est plut\u00f4t leur adaptation pour am\u00e9liorer l&rsquo;offre. Je pense \u00e0 la maison de Rodolphe, par exemple, qui accueille les personnes accompagn\u00e9es d&rsquo;animaux de compagnie. Sur le nombre de place en soit, \u00e0 ma connaissance les volumes disponibles sont suffisants. \u00c0 mon sens, il faut plut\u00f4t travailler sur la qualit\u00e9 de l&rsquo;offre que sur la quantit\u00e9.<\/p>\n<p align=\"JUSTIFY\"><strong>Que faire \u00e0 Lyon de toutes ces familles de Roms qui sont d\u00e9plac\u00e9es de camps en camps et pour lesquelles on n&rsquo;arrive pas \u00e0 trouver de solutions que ce soit \u00e0 long, moyen ou court terme\u00a0?<\/strong><\/p>\n<p align=\"JUSTIFY\">Souvent, ce sont des personnes qui ont la nationalit\u00e9 roumaine, et la Roumanie fait partie de l&rsquo;Europe. Comme n&rsquo;importe quel citoyen europ\u00e9en si, par exemple, je d\u00e9cide d&rsquo;habiter a Stockholm, la loi europ\u00e9enne dit que j&rsquo;ai trois mois pour trouver un travail, si au-del\u00e0 de cette p\u00e9riode je n&rsquo;ai pas de travail ou de quoi vivre, alors je suis expulsable. Donc la probl\u00e9matique des populations roms est d&rsquo;abord \u00e0 traiter au niveau europ\u00e9en. On a fait la b\u00eatise d&rsquo;\u00e9largir trop vite l\u2019Europe, notamment \u00e0 la Roumanie et a des pays qui ont un niveau de d\u00e9veloppement inf\u00e9rieur au notre. Du coup, cela cr\u00e9e des mouvements importants de population, et l&rsquo;on a vers\u00e9 des cr\u00e9dits \u00e0 ces pays dont je ne suis pas s\u00fbr qu&rsquo;ils aient b\u00e9n\u00e9fici\u00e9 aux populations auxquelles ils \u00e9taient destin\u00e9s. L&rsquo;Europe c&rsquo;est une grosse machine qui met du temps \u00e0 r\u00e9agir\u00a0: quand on est confront\u00e9 \u00e0 l&rsquo;arriv\u00e9e massive de populations roms, il y a des choses \u00e0 faire. On essaie tant bien que mal de g\u00e9rer la situation, et quand on est confront\u00e9 \u00e0 l&rsquo;effet de volume c&rsquo;est pas facile, mais on ne peux pas laisser s&rsquo;installer des situations comme cela, dans les espaces publics, sans hygi\u00e8ne, sans confort. Mais plus on en fait, plus il y a des personnes qui viennent mais la situation n&rsquo;est pas acceptable. C&rsquo;est un probl\u00e8me compliqu\u00e9 sur lequel il faut \u00e9viter les \u00ab\u00a0y a qu&rsquo;\u00e0&#8230; faut qu&rsquo;on&#8230;\u00a0\u00bb, mais chercher des lieu d&rsquo;accueil et \u00e9viter de laisser s&rsquo;installer des situations qui conduisent parfois \u00e0 des drames comme on en a connu il y a peu de temps. Il y a une population roms de huit millions et demi de personnes et m\u00eame si les Lyonnais et les Fran\u00e7ais sont super g\u00e9n\u00e9reux on ne peut pas accueillir tout le monde, ce n&rsquo;est pas que moi qui le dit, un premier ministre socialiste l&rsquo;a dit avant moi.<\/p>\n<p><img decoding=\"async\" class=\"aligncenter\" id=\"media-4122653\" title=\"\" alt=\"michel havard 23-05-13 t (2).jpg\" src=\"http:\/\/www.mapausecafe.net\/media\/01\/02\/1653212134.jpg\" \/><\/p>\n<p style=\"text-align: center;\" align=\"JUSTIFY\"><em><span style=\"font-size: 12px;\">Photo : Na\u00efma Arroussi<\/span><\/em><strong> <\/strong><\/p>\n<p align=\"JUSTIFY\"><strong>Pendant les deux mandatures de G\u00e9rard Collomb on a vu se d\u00e9velopper nombre de grands projets\u00a0: le mus\u00e9e des confluences, l&rsquo;H\u00f4tel-Dieu, le grand stade&#8230; Que pensez-vous de ces projets qui posent parfois des probl\u00e8mes \u00e9cologiques et qui sont aussi, souvent, des gouffres financiers\u00a0?<\/strong><\/p>\n<p align=\"JUSTIFY\">Les principaux reproches que je fait \u00e0 G\u00e9rard Collomb, c&rsquo;est d&rsquo;une part sa gouvernance\u00a0: il d\u00e9cide et ensuite il informe. Je pr\u00e9f\u00e9rerai \u00eatre inform\u00e9, discuter et ensuite qu&rsquo;il d\u00e9cide. Je lui reproche aussi sa politique de grands projets parce qu&rsquo;il a souvent oubli\u00e9 le quotidien des gens. Dans certains quartiers je ne suis pas s\u00fbr que la vie se soit am\u00e9lior\u00e9e ces dix derni\u00e8res ann\u00e9es. Je r\u00e9tablirai donc l&rsquo;\u00e9quilibre entre les grands projets et les probl\u00e9matiques de la vie quotidienne dans chacun des \u00ab\u00a0villages\u00a0\u00bb de la ville. Pour autant, il faut avoir des grands projets car c&rsquo;est ce qui fait avancer la m\u00e9tropole\u00a0: le sport, la culture, les services au public&#8230; Sur quelques grands projets j&rsquo;ai quand m\u00eame quelques difficult\u00e9s. Grol\u00e9e, je ne suis pas sur que l&rsquo;on puisse parler de grand projet, je pense que c&rsquo;est plut\u00f4t une catastrophe commerciale, et juste \u00e0 c\u00f4t\u00e9 il y a l&rsquo;H\u00f4tel-Dieu. \u00c0 ce sujet c&rsquo;est pour moi scandaleux qu&rsquo;un b\u00e2timent avec cette histoire soit confi\u00e9 \u00e0 100% \u00e0 un op\u00e9rateur priv\u00e9. Je pense que les HCL, puisque c&rsquo;est eux qui avait la responsabilit\u00e9 de ce b\u00e2timent, aurait pu r\u00e9server, ou mettre dans le cahier des charges une clause qui aurait oblig\u00e9 l&rsquo;op\u00e9rateur qui r\u00e9cup\u00e9rait le lieu, \u00e0 d\u00e9dier une partie de ce b\u00e2timent. M\u00eame 10% du b\u00e2timent, cela aurait d\u00e9j\u00e0 fait une sacr\u00e9e surface disponibles pour des activit\u00e9s d&rsquo;int\u00e9r\u00eat g\u00e9n\u00e9ral. J&rsquo;avais, par exemple, propos\u00e9 que des universit\u00e9s puisse trouver ici un lieu d&rsquo;accueil, que les p\u00f4les de comp\u00e9titivit\u00e9s, dont on parle beaucoup, puissent y trouver une vitrine, que l&rsquo;on en fasse un mus\u00e9e de la sant\u00e9 (et dans le b\u00e2timent de l&rsquo;H\u00f4tel-Dieu cela ne semble pas idiot). Ce lieu doit rester une vitrine des activit\u00e9s d&rsquo;int\u00e9r\u00eat public qui font partis de l&rsquo;histoire de la ville. Collomb a pr\u00e9f\u00e9r\u00e9 donner ce lieu \u00e0 un groupe. Le paradoxe c&rsquo;est que, comme d&rsquo;habitude, il va se rendre compte (mais trop tard) que l&rsquo;on avait raison, et on risque de se retrouver \u00e0 payer pour quelque chose que l&rsquo;on aurait pu \u00e9viter de payer au d\u00e9part. \u00c0 mon avis, je donne quelques mois au projet pour que les Lyonnais se retrouvent mis \u00e0 contribution pour sponsoriser le projet qui sera devenu le projet d&rsquo;Eiffage. La cit\u00e9 de la gastronomie, par exemple, pourquoi Collomb voudrait-il la placer dans l&rsquo;H\u00f4tel-Dieu\u00a0? Parce qu&rsquo;il va ainsi r\u00e9pondre aux arguments qu&rsquo;il n&rsquo;y a pas d&rsquo;activit\u00e9 d&rsquo;int\u00e9r\u00eat public dans ce lieu, mais c&rsquo;est aussi de l&rsquo;argent qu&rsquo;il va donner \u00e0 Eiffage. Si cela avait \u00e9t\u00e9 pr\u00e9vu d\u00e8s le d\u00e9part, on aurait donn\u00e9 qu&rsquo;une seule fois l&rsquo;argent \u00e0 ce groupe, mais l\u00e0, on va payer deux fois.<\/p>\n<p align=\"JUSTIFY\">Pour ce qui est du mus\u00e9e des Confluences, \u00e0 l&rsquo;\u00e9poque j&rsquo;\u00e9tais conseiller g\u00e9n\u00e9ral et j&rsquo;\u00e9tais le seul \u00e0 consid\u00e9rer qu&rsquo;il y avait beaucoup d&rsquo;argent dans le b\u00e2timent et peu dans la culture dans le cadre de ce projet. De plus, je me demande comment on va payer les frais de fonctionnement de ce b\u00e2timent. Alors, cela fera un b\u00e2timent remarquable mais les gens viendront le voir de l&rsquo;ext\u00e9rieur. L&rsquo;objectif d&rsquo;un mus\u00e9e c&rsquo;est quand m\u00eame que les gens rentrent dedans. On verra une fois pass\u00e9 les premi\u00e8res ann\u00e9es (avec l&rsquo;effet nouveaut\u00e9), \u00e0 trois\/quatre ans s&rsquo;il y a un public suffisant pour prendre en charge les frais de fonctionnement, parce qu&rsquo;en p\u00e9riode d&rsquo;argent public rare cela co\u00fbte tr\u00e8s cher au contribuable. Donc, on verra ce que donnera le contenu du mus\u00e9e et sa fr\u00e9quentation, et j&rsquo;esp\u00e8re que vu ce que l&rsquo;on a investi ce sera un grand succ\u00e8s.<\/p>\n<p align=\"JUSTIFY\">Juste \u00e0 c\u00f4t\u00e9, il y a le quartier de la Confluence, l\u00e0 aussi, <a href=\"http:\/\/www.rue89lyon.fr\/2012\/04\/18\/confluence-absence-metro-est-erreur-historique-oui-mais-quelle-histoire\/\" target=\"_blank\">une erreur historique<\/a> a \u00e9t\u00e9 faite en n\u2019y implantant pas le m\u00e9tro, j\u2019ai d\u00e9j\u00e0 eu l\u2019occasion de le dire. Maire de Lyon, je ne ferais pas le m\u00e9tro \u00e0 Confluence. On vient de mettre 80 millions d\u2019euros pour faire le prolongement du tramway. Aujourd\u2019hui, je ne sais pas qui irait casser une infrastructure toute neuve qui a co\u00fbt\u00e9 80 millions d\u2019euros. Pas moi en tout cas. Par contre, j\u2019ai propos\u00e9 la cr\u00e9ation d&rsquo;une nouvelle ligne de m\u00e9tro pour relier Saint Paul et la Part-Dieu. Je pense que si on veut que les gens garent leurs v\u00e9hicules, il faut qu\u2019ils aient des moyens de transport efficace.<\/p>\n<p align=\"JUSTIFY\"><strong>Ce serait une ligne de m\u00e9tro \u00e0 la place du <a href=\"http:\/\/www.tcl.fr\/Me-deplacer\/Toutes-les-lignes\/C3\" target=\"_blank\">C3<\/a>\u00a0?<\/strong><\/p>\n<p align=\"JUSTIFY\">Oui, et celle l\u00e0 ne transportera pas 55 000 voyageurs par jour mais 100 000, 150 000 et peut-\u00eatre m\u00eame 200 000, parce qu\u2019en plus, elle est structurante sur la ville.<\/p>\n<p align=\"JUSTIFY\">Sur le Grand Stade, on a vot\u00e9 contre. C\u2019est une position un peu compliqu\u00e9e, parce que je ne suis pas oppos\u00e9 sur le principe qu&rsquo;il faille qu\u2019un club professionnel avec sa propre structure et son propre stade. Je pr\u00e9f\u00e8re que le club paye son stade et sa maintenance plut\u00f4t que le contribuable, qui n\u2019est pas forcement fan de foot ou de basket. Mais l\u00e0, il y avait trois probl\u00e8mes. Le premier, c\u2019est qu\u2019on ne sait pas ce qu\u2019on va faire de Gerland apr\u00e8s le d\u00e9part de l&rsquo;OL. Le deuxi\u00e8me est le choix du site, je ne l\u2019aurais pas mis l\u00e0 pour des questions d\u2019accessibilit\u00e9 et de transport qui sont dramatiques. Et troisi\u00e8mement, quand les collectivit\u00e9s locales mettent 250 millions d\u2019euros dans un projet, on peut s&rsquo;attendre qu&rsquo;\u00e0 la fin du projet elles soient autour de la table pour discuter de son avenir. A priori, ce n\u2019est pas le cas en ce qui concerne le Grand Stade puisque ni la ville de Lyon, ni le Grand Lyon n\u2019ont pr\u00e9vu d\u2019\u00eatre autour de la table une fois que le projet sera termin\u00e9. Malgr\u00e9 l\u2019argent public qui sera investit pour la r\u00e9alisation de ce projet.<\/p>\n<p align=\"JUSTIFY\">Sur les p\u00f4les commerciaux\u00a0comme<a href=\"http:\/\/www.carredesoie.com\/\" target=\"_blank\"> le Carr\u00e9 de la Soie<\/a> ou Confluence. L\u00e0 aussi il y a une question de volumes. On ne peut pas cr\u00e9er des p\u00f4les commerciaux \u00e0 chaque fois qu\u2019on fait un quartier. Il y a encore des centres commerciaux de pr\u00e9vus pour le <a href=\"http:\/\/www.grandlyon.com\/Lyon-Part-Dieu.5318.0.html\" target=\"_blank\">projet Part-Dieu<\/a>. On monte, ensuite, des syst\u00e8mes compliqu\u00e9s pour essayer de faire vivre les commerces de proximit\u00e9 dans les quartiers. Il y a d\u00e9j\u00e0 un premier moyen d\u2019aider le commerce de proximit\u00e9\u00a0: arr\u00eater de faire des centres commerciaux chaque fois qu\u2019on fait un grand projet. La population augmente moins vite que les m\u00e8tres carr\u00e9s commerciaux que fait G\u00e9rard Collomb. Il faut, \u00e0 un moment donn\u00e9, stopper \u00e7a. Se donner au moins le temps d\u2019une pause et avoir une vraie strat\u00e9gie sur les c\u0153urs de quartiers et sur les centres commerciaux de proximit\u00e9 que sont les art\u00e8res commer\u00e7antes de notre ville.<\/p>\n<p align=\"JUSTIFY\"><em>\u00a0<\/em><\/p>\n<p align=\"JUSTIFY\"><strong>Quand vous \u00e9tiez d\u00e9put\u00e9, vous avez travaill\u00e9 sur le groupe autour de l\u2019environnement, et notamment de l\u2019eau. La d\u00e9l\u00e9gation de service public de l\u2019eau est-elle une bonne id\u00e9e\u00a0?<\/strong><\/p>\n<p align=\"JUSTIFY\">Je pense que <a href=\"http:\/\/www.lyoncapitale.fr\/Journal\/Lyon\/Politique\/Grand-lyon\/Maintien-de-l-eau-de-Lyon-au-prive-Collomb-fait-exploser-le-front-de-gauche\" target=\"_blank\">l\u2019option choisie<\/a> d\u2019un contrat court [huit ans, Ndlr], avec un contenu cadr\u00e9 et une instance de contr\u00f4le est la bonne solution. \u00c7a devrait permettre de ramener un prix plus correct. Et de savoir qui fait quoi. Je pense qu\u2019on y verra beaucoup plus clair avec le nouveau contrat qu\u2019avec celui qui datait de 1986. L\u2019eau est toujours gratuite, c\u2019est le service de l\u2019eau qui est payant. Il a toujours un co\u00fbt, qu\u2019il soit exerc\u00e9 en r\u00e9gie, en d\u00e9l\u00e9gation de service public, en prestation de service o\u00f9 comme on veut, les tuyaux qu\u2019on pose co\u00fbtent de l\u2019argent. Il faut bien quelqu\u2019un qui paye. Les ouvriers qui travaillent au service de l\u2019eau ont un salaire. Ils ne font pas \u00e7a gratuitement, il faut bien aussi les payer. Donc, il y a un prix \u00e0 payer au service de l\u2019eau. Soit c\u2019est l\u2019usager qui le paye, soit c\u2019est le contribuable. En France, l\u2019eau est pay\u00e9e par l\u2019usager, les ordures m\u00e9nag\u00e8res aussi. Je pense que c\u2019est un bon principe sur lequel il ne faut pas revenir. Sinon on va noyer les d\u00e9penses. D\u00e9j\u00e0 que c\u2019est compliqu\u00e9, si en plus on noie la d\u00e9pense, on va y voir encore moins clair. Je ne suis pas sur qu\u2019on y gagnerait en transparence. En revanche, il faut que les choses soient bien cadr\u00e9es.<\/p>\n<p align=\"JUSTIFY\">Souvent, le reproche qui est fait \u00e0 la d\u00e9l\u00e9gation de service public est de dire\u00a0: \u00ab\u00a0Il y a une entreprise priv\u00e9e qui va faire une marge sur le service de l\u2019eau.\u00a0\u00bb Sauf qu\u2019une entreprise paye des imp\u00f4ts. C\u2019est une recette qui permet de faire fonctionner la biblioth\u00e8que ou la cr\u00e8che dont on parlait tout \u00e0 l\u2019heure. La r\u00e9gie ne paye pas d\u2019imp\u00f4ts. \u00c0 un moment donn\u00e9, il faut faire un choix. On ne peut pas tout avoir. On a un niveau de service public dans une agglom\u00e9ration comme Lyon qui est de bonne qualit\u00e9. On peut l\u2019avoir car nos recettes fiscales sont bonnes. Si demain elles diminuent, parce qu\u2019on exerce beaucoup de choses en r\u00e9gie ou parce qu\u2019on a moins d\u2019entreprises, on ne pourra pas avoir les m\u00eames politiques publiques. Donc c\u2019est en cela que je dit\u00a0: il faut conserver un volume d\u2019activit\u00e9 aux entreprises suffisant. Par ailleurs, les entreprises font de la recherche et du d\u00e9veloppement, pas la r\u00e9gie municipale. Les progr\u00e8s techniques, on va les voir s\u00fbrement dans le nouveau contrat. Je pense qu\u2019il va y avoir des choses en terme de nouvelles dispositions plus \u00e9cologiques que pr\u00e9c\u00e9demment. Parce qu\u2019il y a un savoir faire, une exp\u00e9rience et une recherche et d\u00e9veloppement qui sera aboutie et qu\u2019on pourra introduire dans le contrat. C\u2019est pour \u00e7a qu\u2019il faut des contrats courts. Huit ans c\u2019est bien. Il faut un contrat clair, o\u00f9 chacun sait ce qu\u2019il a \u00e0 faire. Et il faut une instance de contr\u00f4le. Je crois que le choix qui a \u00e9t\u00e9 fait est un bon choix.<\/p>\n<p align=\"JUSTIFY\"><em>\u00a0<\/em><\/p>\n<p align=\"JUSTIFY\"><strong>Vous qui avez fait le forum de l\u2019eau, consid\u00e9rez-vous que c&rsquo;est une marchandise comme les autres\u00a0?<\/strong><\/p>\n<p align=\"JUSTIFY\">Est-ce que l\u2019\u00e9nergie est une marchandise comme les autres\u00a0? Est-ce que la nourriture est une marchandise comme les autres\u00a0? Est-ce que l\u2019\u00e9ducation est une marchandise comme les autres\u00a0? Ce qui vaut pour l\u2019eau vaut pour tout. Je dirais m\u00eame que pour se nourrir comme pour boire, c\u2019est pareil. Pourtant les gens vont faire leurs courses \u00e0 Carrefour sans demander que Carrefour soit en r\u00e9gie. Il y a autant besoin de manger que de boire.<\/p>\n<p align=\"JUSTIFY\">C\u2019est un d\u00e9bat qui vaut pour tellement de mati\u00e8res. Ma conception des choses est que nous devons \u00eatre dans des mod\u00e8les \u00e9conomiques \u00e9quilibr\u00e9s. Il ne faut pas regarder qu\u2019un c\u00f4t\u00e9 des choses. Quand on parle avec les organisations syndicales des entreprises de l\u2019eau, ils n\u2019ont pas l\u2019impression d\u2019\u00eatre des voyons. Le fontainier, qu\u2019il soit de Veolia, Suez ou d\u2019un autre, n\u2019a pas l\u2019impression d\u2019\u00eatre un mauvais citoyen. C\u2019est un salari\u00e9 qui gagne sa vie et a envie de savoir s\u2019il va conserver ou pas son job.<\/p>\n<p align=\"JUSTIFY\">Quand on a eu le d\u00e9bat sur la taxe carbone, j\u2019\u00e9tais rapporteur d\u2019un sujet sur les bilans d\u2019\u00e9mission des gaz \u00e0 effets de serre. J\u2019avais rencontr\u00e9 les entreprises, les collectivit\u00e9s locales et les organisations syndicales sur les m\u00e9thodologies de comptabilit\u00e9 des \u00e9missions de gaz \u00e0 effet de serre. Ensuite, il y a eu la taxe carbone. L\u00e0, les organisations syndicales sont venues nous voir, notamment dans le domaine du ciment, et nous ont dit\u00a0: \u00ab\u00a0Attention, si vous nous mettez la taxe carbone, on perd notre job\u00a0\u00bb. Vous leur dites quoi\u00a0? C\u2019est compliqu\u00e9. Il faut donc trouver le bon \u00e9quilibre pour faire en sorte d\u2019\u00eatre dans des choses raisonnables. Le d\u00e9veloppement, c\u2019est de l\u2019\u00e9conomie, du social et de l\u2019environnement. L\u2019\u00e9conomie cr\u00e9\u00e9e la richesse qui permet des politiques de solidarit\u00e9. Et il faut que tout \u00e7a se fasse dans le respect de l\u2019environnement.<\/p>\n<p align=\"JUSTIFY\"><em>\u00a0<\/em><\/p>\n<p align=\"JUSTIFY\"><strong>Vous parlez de transition \u00e9nerg\u00e9tique et de d\u00e9placement durable \u00e0 Lyon. Que voulez-vous dire\u00a0?<\/strong><\/p>\n<p align=\"JUSTIFY\">Je pense que Lyon pourrait faire beaucoup mieux dans le domaine. J\u2019ai annonc\u00e9 quatre grandes directions sur lesquelles j\u2019irai si demain je suis maire de Lyon.<\/p>\n<p align=\"JUSTIFY\">Premi\u00e8rement sur les d\u00e9chets, je pense qu\u2019on peut faire beaucoup mieux. Par exemple, on aurait pu, quand on a con\u00e7u un grand quartier tels que Confluence, adopter, comme le font beaucoup d\u2019\u00e9co quartiers, <a href=\"http:\/\/www.emag.suez-environnement.com\/collecte-pneumatique-sita-vitry-sur-seine-1831\" target=\"_blank\">le transport des d\u00e9chets par voie pneumatique<\/a>. Il n\u2019y a alors plus de camions ni de poubelles. \u00c7a lib\u00e8re donc de la place dans les immeubles pour am\u00e9nager des locaux \u00e0 v\u00e9lo. De plus, en fonction de l\u2019\u00e9nergie qu\u2019on utilise pour le syst\u00e8me d\u2019aspiration, \u00e7a r\u00e9duit les \u00e9missions de gaz \u00e0 effet de serre puisque le nombre de transports en camions est diminu\u00e9.<\/p>\n<p align=\"JUSTIFY\">Sur les \u00e9nergies renouvelables, et notamment le solaire, l\u00e0 aussi on peut faire plus. Le <a href=\"http:\/\/www.transition-energetique.gouv.fr\/\" target=\"_blank\">d\u00e9bat sur la transition \u00e9nerg\u00e9tique<\/a> va, je l\u2019esp\u00e8re, y aider. On verra ce que le gouvernement va d\u00e9cider sur la question de l\u2019auto consommation, qui peut \u00eatre un vrai sujet de d\u00e9veloppement des \u00e9nergies renouvelables, y compris dans des villes comme Lyon o\u00f9 le taux d\u2019ensoleillement est suffisant. Mais il faut des politiques volontaristes.<\/p>\n<p align=\"JUSTIFY\">Sur la qualit\u00e9 de l\u2019air, nous sommes la troisi\u00e8me ville la plus pollu\u00e9e de France, triste classement. S&rsquo;il faut poser la question de la pollution de l\u2019air ext\u00e9rieure, il ne faut pas oublier pour autant le probl\u00e8me de la qualit\u00e9 de l\u2019air int\u00e9rieur. Ce sont des sujets sur lesquels je travaille beaucoup et je mettrai donc en place des protocoles de mesure, parce qu\u2019il faut savoir de quoi on parle. On mesurera la qualit\u00e9 de l\u2019air int\u00e9rieur dans les \u00e9coles, les cr\u00e8ches, globalement dans les lieux o\u00f9 il y a beaucoup de monde, pour essayer d&rsquo;installer des syst\u00e8mes innovants de traitement de l\u2019air afin de le rendre moins pollu\u00e9 \u00e0 l\u2019int\u00e9rieur.<\/p>\n<p align=\"JUSTIFY\">Il y a aussi la question des coul\u00e9es vertes. Je trouve qu\u2019il y a un certain nombre de quartiers qui se d\u00e9veloppent de fa\u00e7on tr\u00e8s min\u00e9ral, il y manque un peu de respiration. L\u00e0 aussi, il faut dire les choses. Je pense qu\u2019il faudra renforcer un peu la densit\u00e9 urbaine et monter la hauteur des immeubles pour lib\u00e9rer de l\u2019espace sur les voiries et cr\u00e9er ainsi des espaces de respiration au sol. Quand on prend un quartier comme Gerland, on a l\u2019impression d\u2019\u00eatre un peu serr\u00e9, c&rsquo;est dense et il n\u2019y a pas de lieu de respiration. Quitte \u00e0 faire de la densit\u00e9 autant monter les immeubles de deux trois \u00e9tages mais r\u00e9duire leur emprise au sol afin de cr\u00e9er des vraies respirations dans la ville. C\u2019est un sujet qui est en cours de discussion avec le plan local d\u2019urbanisme et de l\u2019habitat. Si je deviens maire de Lyon je prendrais la main et j\u2019essaierais de pousser dans ce sens l\u00e0.<\/p>\n<p align=\"JUSTIFY\"><em>\u00a0<\/em><\/p>\n<p align=\"JUSTIFY\"><strong>Sur les d\u00e9placements vous avez parl\u00e9 du m\u00e9tro Saint-Paul \u2013 Part-Dieu, pourquoi privil\u00e9gier le m\u00e9tro au lieu du tramway pourtant moins cher\u00a0?<\/strong><\/p>\n<p align=\"JUSTIFY\">Le m\u00e9tro \u00e0 plusieurs avantage. D&rsquo;abord il permet de transporter beaucoup plus de personnes que le tramway et j&rsquo;ai la conviction qu&rsquo;il y a plus de gens qui laisseront leur voiture au parking s&rsquo;il y a un m\u00e9tro. Ensuite, on a des voiries \u00e9troites \u00e0 Lyon\u00a0: vous imaginez une voie de tramway traversant ces quartiers (entre Part-Dieu et Saint-Paul)\u00a0? Il faut arr\u00eater d&rsquo;encombrer la circulation par des lignes de tramway. Il faut lib\u00e9rer de la surface de circulation et rendre l&rsquo;espace au public, ce n&rsquo;est pas pour rien que cela s&rsquo;appelle l&rsquo;espace public. D&rsquo;ailleurs je ferrai des annonces ult\u00e9rieurement dans ce sens.<\/p>\n<p align=\"JUSTIFY\"><strong>Que comptez-vous faire pour la circulation en ville\u00a0?<\/strong><\/p>\n<p align=\"JUSTIFY\">Je propose le stationnement intelligent, c&rsquo;est une m\u00e9thode que j&rsquo;ai vu \u00e0 San Francisco. Cela se fait aussi \u00e0 Londres et en France <a href=\"http:\/\/www.zdnet.fr\/actualites\/la-mairie-de-nice-inaugure-le-stationnement-intelligent-en-centre-ville-39788549.htm\" target=\"_blank\">Nice exp\u00e9rimente<\/a> une version assez similaire. Savez-vous que 25 % des voitures qui tournent en ville sont \u00e0 la recherche d&rsquo;une place de stationnement. Or aujourd&rsquo;hui les nouvelles technologies permettent de donner la liste des places disponible tr\u00e8s facilement, \u00e0 partir d&rsquo;une application sur un smartphone ou sur Internet. Ainsi les conducteurs auront l&rsquo;information en temps r\u00e9el sur les possibilit\u00e9s de stationnement en ville. \u00c0 partir de cette information ils pourront choisir soit de prendre la voiture si les places de stationnement disponibles sont nombreuses soit au contraire de prendre les transports urbains. L&rsquo;information permet la prise de d\u00e9cision adapt\u00e9e \u00e0 la situation et change la fa\u00e7on d&rsquo;utiliser son v\u00e9hicule. C&rsquo;est une proposition tr\u00e8s simple et qui ne co\u00fbterait pas cher, je fais en sorte que mes propositions soient ambitieuses sans \u00eatre co\u00fbteuses. Ce qui me permet de dire que mes propositions sont r\u00e9alisables<\/p>\n<p align=\"JUSTIFY\"><em>\u00a0<\/em><\/p>\n<p align=\"JUSTIFY\"><strong>Le rapport annuel de la Commission nationale consultative des droits de l&rsquo;homme, publi\u00e9 en mars, note une augmentation des actes antis\u00e9mites de 58% et une augmentation des actes contre les musulmans de 30%. Par ailleurs, un sondage CSA, paru dans <\/strong><strong><em>Le Monde<\/em><\/strong><strong> du 22 mars, rend compte du fait que 66% des personnes interrog\u00e9es estiment qu&rsquo;il y a trop d&rsquo;immigr\u00e9s aujourd&rsquo;hui en France\u00a0: 22 points de plus qu&rsquo;en 2009. Quel bilan tirer de ces chiffres alarmants et quelles solutions proposez-vous\u00a0?<\/strong><\/p>\n<p align=\"JUSTIFY\">Il faut \u00eatre tr\u00e8s vigilant sur tous ces sujets l\u00e0. C&rsquo;est extr\u00eamement inqui\u00e9tant et on a vu encore dans l&rsquo;actualit\u00e9 r\u00e9cente <a href=\"http:\/\/www.rfi.fr\/europe\/20130522-royaume-uni-soldat-tue-londres-attaque-nature-terroriste\" target=\"_blank\">un pauvre type qui se fait trancher la gorge<\/a> pour des raisons religieuse, c&rsquo;est dramatique. Lyon a une tradition de dialogue inter-religieux, qu&rsquo;il est extr\u00eamement important de conserver. On est dans une p\u00e9riode o\u00f9, \u00e0 la fois, les difficult\u00e9s \u00e9conomiques et la mondialisation cr\u00e9ent des tensions entre les religions et il n&rsquo;y a rien de pire car c&rsquo;est compl\u00e8tement irrationnel. Le pire c&rsquo;est que entre ces diff\u00e9rentes religions on parle du m\u00eame dieu. Je suis croyant, pour moi la religion est synonyme de paix de compr\u00e9hension de l&rsquo;autre, pas de conflit. Et je ne suis pas na\u00eff quand je dis \u00e7a, il faut favoriser le dialogue entre les communaut\u00e9s religieuses entre les pouvoirs publics et les communaut\u00e9s religieuses. Et en m\u00eame temps \u00eatre intransigeant sur la d\u00e9nonciation des actes racistes, antis\u00e9mites ou anti-religieux. C&rsquo;est la seule solution pour apaiser les tensions.<\/p>\n<p align=\"JUSTIFY\"><em>\u00a0<\/em><\/p>\n<p align=\"JUSTIFY\"><strong>Lyon est bien fournit en camera, \u00eates-vous pour la multiplication des cameras de vid\u00e9o surveillance\u00a0?<\/strong><\/p>\n<p align=\"JUSTIFY\">On parle de vid\u00e9oprotection maintenant. La diff\u00e9rence vient du fait que la vid\u00e9osurveillance sous-tend quelqu&rsquo;un qui surveille derri\u00e8re un \u00e9cran alors que pour la vid\u00e9oprotection les images ne sont visionn\u00e9es qu&rsquo;en cas de besoins. C&rsquo;est une diff\u00e9rences importante tant sur le fonctionnement que sur la conception du principe.<\/p>\n<p align=\"JUSTIFY\"><em>\u00a0<\/em><\/p>\n<p align=\"JUSTIFY\"><strong>Quel syst\u00e8me pr\u00e9conisez vous ?<\/strong><\/p>\n<p align=\"JUSTIFY\">Je pr\u00e9f\u00e8re la vid\u00e9oprotection car je n&rsquo;ai pas envie d&rsquo;avoir quelqu&rsquo;un derri\u00e8re un \u00e9cran vid\u00e9o qui surveille ce que je fais m\u00eame si c&rsquo;est dans la rue, or ce n&rsquo;est pas le cas pour la vid\u00e9oprotection les images ne sont utilis\u00e9es que s&rsquo;il y a attentat, crime ou d\u00e9lit et selon une proc\u00e9dure pilot\u00e9e par un magistrat.<\/p>\n<p align=\"JUSTIFY\"><em>\u00a0<\/em><\/p>\n<p align=\"JUSTIFY\"><strong>Que pensez-vous de ceux qui disent qu&rsquo;il faut mieux investir dans l&rsquo;humain (police municipal, m\u00e9diateurs&#8230;) que dans les cam\u00e9ras\u00a0?<\/strong><\/p>\n<p align=\"JUSTIFY\">Je pense qu&rsquo;il faut les deux. On doit continuer \u00e0 mettre en place la vid\u00e9oprotection, notamment dans les zones commer\u00e7antes ou sur les lieux qui n\u00e9cessitent un traitement sp\u00e9cifique. En m\u00eame temps il faut du personnel et aujourd&rsquo;hui je ne suis pas s\u00fbr que le r\u00f4le de la police municipale soit bien per\u00e7u comme \u00e9tant un r\u00f4le de s\u00e9curisation de l&rsquo;espace public. Je pense qu&rsquo;il faut transf\u00e9rer une partie des policiers municipaux sur des missions de pr\u00e9sence, ils pourraient par exemple \u00eatre plus pr\u00e9sent aux sorties d&rsquo;\u00e9coles et ainsi aider les parents qui am\u00e8nent les enfants \u00e0 l&rsquo;\u00e9cole le matin. C&rsquo;est une mission de s\u00e9curisation de l&rsquo;espace public et c&rsquo;est valorisant pour le policier et pour la ville. Il faut donner a la police municipale d&rsquo;autres types de missions que celle de mettre des PV sur les par-brises.<\/p>\n<p align=\"JUSTIFY\"><em>\u00a0<\/em><\/p>\n<p align=\"JUSTIFY\"><strong>Lyon a connu l\u2019\u00e9mergence de plusieurs grands \u00e9v\u00e9nements culturels (biennale de la danse, biennale d&rsquo;art contemporain, Festival Lumi\u00e8re, nuits sonores), si vous \u00eates \u00e9lu continuerez-vous cette politique culturelle ou appliqueriez-vous une politique compl\u00e8tement diff\u00e9rente\u00a0?<\/strong><\/p>\n<p align=\"JUSTIFY\">Sur la politique culturelle de la ville je la poursuivrai, je l&rsquo;adapterai et je cr\u00e9erai des choses diff\u00e9rentes.<\/p>\n<p align=\"JUSTIFY\">Il y a certains \u00e9v\u00e9nements qui sont arriv\u00e9s \u00e0 maturit\u00e9 et qu\u2019il faut r\u00e9ussir \u00e0 maintenir en t\u00eate au niveau de l\u2019excellence\u00a0: les biennales de danse et d\u2019art contemporain, par exemple, sont de tr\u00e8s beaux \u00e9v\u00e9nements culturels. Elles ont trouv\u00e9es leur public au niveau national, europ\u00e9en et m\u00eame mondial.<\/p>\n<p align=\"JUSTIFY\">Les nuits sonores sont plus r\u00e9centes mais fonctionnent tr\u00e8s bien aussi. C&rsquo;est, dans le domaine de la musique \u00e9lectronique, une vrai r\u00e9f\u00e9rence mais on doit y apporter des compl\u00e9ments c&rsquo;est pourquoi j&rsquo;ai propos\u00e9 que sur les musiques actuelle on puisse r\u00e9utiliser \u00e9ventuellement en partie le Palais des sports pour avoir des lieux de r\u00e9p\u00e9tition et de diffusion de musique.<\/p>\n<p align=\"JUSTIFY\">Je conserverai la f\u00eate des Lumi\u00e8res et le festival Lumi\u00e8res mais en les faisant \u00e9voluer.<\/p>\n<p align=\"JUSTIFY\"><em>\u00a0<\/em><\/p>\n<p align=\"JUSTIFY\"><strong>De quelle mani\u00e8re\u00a0?<\/strong><\/p>\n<p align=\"JUSTIFY\">Je peux pas vous le dire aujourd&rsquo;hui car G\u00e9rard Collomb me pique toutes mes id\u00e9es je vais donc essayer d&rsquo;en garder deux\/trois pour la campagne.<\/p>\n<p align=\"JUSTIFY\"><em>\u00a0<\/em><\/p>\n<p align=\"JUSTIFY\"><strong>Vous avez un exemple d&#8217;emprunt de M\u00a0.Collomb\u00a0?<\/strong><\/p>\n<p align=\"JUSTIFY\">Au mois de janvier j&rsquo;avais propos\u00e9 le ch\u00e8que premier logement pour aider les primo-acc\u00e8dants, et ce mois-ci je constate qu&rsquo;on vote \u00e0 la communaut\u00e9 urbaine un d\u00e9lib\u00e9ration pour <a href=\"http:\/\/www.lyonpoleimmo.com\/2013\/03\/16\/26743\/le-grand-lyon-va-lancer-une-incitation-pour-laccession-immobiliere\/\" target=\"_blank\">une aide aux primo-acc\u00e8dants pour leur premier logement<\/a>. C&rsquo;est la preuve que mon id\u00e9e \u00e9tait bonne mais c&rsquo;est toujours emb\u00eatant quand on se fait piquer ses id\u00e9es par son adversaire politique.<\/p>\n<p align=\"JUSTIFY\"><em>\u00a0<\/em><\/p>\n<p align=\"JUSTIFY\"><strong>Revenons \u00e0 la politique culturelle, vous nous parliez de cr\u00e9er quelque chose de diff\u00e9rent.<\/strong><\/p>\n<p align=\"JUSTIFY\">Qu&rsquo;est-qui fait aujourd&rsquo;hui le rayonnement d&rsquo;une ville\u00a0? Quand je parle de rayonnement c&rsquo;est aussi bien la perception que nous avons de notre ville que celle qu&rsquo;en on ceux de l&rsquo;ext\u00e9rieur.<\/p>\n<p align=\"JUSTIFY\">Essentiellement ce sont les grandes manifestations culturelles qui sont un des premiers vecteurs de notori\u00e9t\u00e9 d&rsquo;une ville, d\u00e9clenchent les visites touristiques, mais il y a aussi le monde \u00e9conomique qui \u00e0 sa fa\u00e7on fait rayonner sa ville. Je veux r\u00e9unir ces deux mondes ensemble dans une commission que je cr\u00e9erai et qui aura en charge le rayonnement international de la ville. Je leur confierais la responsabilit\u00e9 d&rsquo;imaginer les prochaines politiques de rayonnement culturel en lien avec le monde \u00e9conomique qu&rsquo;on pourra mettre en place. D\u00e9tail important, cette commission ne sera pas pr\u00e9sid\u00e9e par le maire car je pense qu&rsquo;il faut arr\u00eater avec cette conception de la vie politique o\u00f9 un maire est omnipr\u00e9sent \u00e0 chaque niveau. Moi je me fiche d&rsquo;\u00eatre en premier sur la photo pourvu que ce que l&rsquo;on fasse r\u00e9ussisse. Prenez le cas de la candidature \u00e0 la capitale europ\u00e9enne de la culture\u00a0: Lyon monte un projet port\u00e9 par G\u00e9rard Collomb, Marseille pr\u00e9sente le sien soutenu en bin\u00f4me par le pr\u00e9sident de la Chambre de commerce et d&rsquo;industrie et un responsable du monde culturelle. C&rsquo;est Marseille qui a \u00e9t\u00e9 choisi.<\/p>\n<p align=\"JUSTIFY\">La culture c&rsquo;est le premier des budgets de la ville de Lyon, il est largement consomm\u00e9 par les grandes institutions. R\u00e9sultat on a tout un terreau culturel qui se contente de la petite part du budget. Comme on ne pourra pas augmenter le budget il faut r\u00e9fl\u00e9chir sur l&rsquo;organisation de ces aides. Par exemple, il y a des \u00e9quipements culturels dont les financements devraient \u00eatre partag\u00e9 ce qui devrait donner une marge de man\u0153uvre pour pouvoir cr\u00e9er sur toute la cha\u00eene des vrais fili\u00e8res, m\u00eame si je n&rsquo;aime pas trop ce terme l\u00e0, que se soit sur le th\u00e9\u00e2tre, la musique, la peinture&#8230;<\/p>\n<p align=\"JUSTIFY\">Il ne faut pas opposer les petites structures aux grandes structures il faut travailler au fait de les faire mieux fonctionner ensemble. On doit r\u00e9ussir \u00e0 d\u00e9velopper un terreau local tr\u00e8s riche qui soit suffisamment mis en lien avec nos grandes institutions culturelles pour cr\u00e9er une m\u00e9canique vertueuse \u00e7a passera par une r\u00e9affectation de certains moyens et par le changement de certaines pratiques. Comme je ne pourrait pas augmenter les budget de tous il faudra faire des choix strat\u00e9giques.<\/p>\n<p align=\"JUSTIFY\"><em>\u00a0<\/em><\/p>\n<p align=\"JUSTIFY\"><strong>Selon quel crit\u00e8res ferrez vous ces choix ?<\/strong><\/p>\n<p align=\"JUSTIFY\">Comme on ne pourra pas tout faire, il faudra fixer des priorit\u00e9s. Ce qui veut dire qu&rsquo;on consacre plus de moyens \u00e0 un secteur mais qu&rsquo;on ne les mettra pas ailleurs. Je ferai donc des choix mais je ne les ferait pas tout seul, je serai accompagn\u00e9 par cet ensemble d&rsquo;acteurs du monde culturel et \u00e9conomique.<\/p>\n<p align=\"JUSTIFY\">Il y a un domaine dans lequel on est tr\u00e8s fort \u00e0 Lyon c&rsquo;est celui de la danse. Aujourd&rsquo;hui, on est bon partout mais on est exceptionnel nulle part. Est-ce qu&rsquo;on mise ou pas sur certains domaines culturels pour atteindre l&rsquo;excellence\u00a0? C&rsquo;est un vrai choix strat\u00e9gique \u00e0 faire et je le ferais.<\/p>\n<p align=\"JUSTIFY\"><em>\u00a0<\/em><\/p>\n<p align=\"JUSTIFY\"><strong>Quelle est votre position par rapport au mariage pour tous ?<\/strong><\/p>\n<p align=\"JUSTIFY\">J\u2019\u00e9tais contre le texte essentiellement vis-\u00e0-vis du risque qu&rsquo;il y a sur la filiation\u00a0: s&rsquo;il y a le droit des parents et il y a aussi le droit des enfants. J&rsquo;ai la faiblesse de penser qu&rsquo;un enfant, \u00e0 l&rsquo;\u00e2ge de 18 ans ait envie de savoir qui est son papa et qui est sa maman. Parce que, s&rsquo;il y a une chose auquel il sera s\u00fbr c&rsquo;est qu&rsquo;il a un papa et une maman.<\/p>\n<p align=\"JUSTIFY\">Ensuite, sur ce qui est de l&rsquo;union de deux personnes de m\u00eame sexe avec des droits qui sont \u00e9quivalents \u00e0 ceux des h\u00e9t\u00e9rosexuels, honn\u00eatement on serait parti sur un texte comme cela je pense que cela aurait fait consensus dans le pays. Il est dommage que le gouvernement ait cherch\u00e9 \u00e0 diviser sur cette question.<\/p>\n<p align=\"JUSTIFY\"><em>\u00a0<\/em><\/p>\n<p align=\"JUSTIFY\"><strong>Si vous \u00eates \u00e9lu maire proc\u00e9derez-vous \u00e0 des mariages de personnes du m\u00eame sexe\u00a0?<\/strong><\/p>\n<p align=\"JUSTIFY\">Je suis un d\u00e9mocrate, j&rsquo;applique la loi m\u00eame si elle ne correspond pas \u00e0 mon opinion. Le jour o\u00f9 les \u00e9lus commencent \u00e0 ne plus appliquer la loi c&rsquo;est compliqu\u00e9 d&rsquo;expliquer aux citoyens qu&rsquo;il faut qu&rsquo;ils le fassent.<\/p>\n<p align=\"JUSTIFY\"><em>\u00a0<\/em><\/p>\n<p align=\"JUSTIFY\"><strong>Seriez vous pr\u00eate \u00e0 diriger la ville avec des \u00e9lus du Front National\u00a0?<\/strong><\/p>\n<p align=\"JUSTIFY\">Non, c&rsquo;est s\u00fbr que non, avec aucun extr\u00eame, qu&rsquo;il soit de droite ou de gauche. Je suis par nature un mod\u00e9r\u00e9, je respecte toutes les opinions, je trouve toujours dommage de se priver de parler aux personnes qui ne pensent pas comme nous. Mais les positions extr\u00e9mistes ont toujours \u00e9t\u00e9, dans l&rsquo;histoire, dangereuses. Je suis pr\u00eat \u00e0 fonctionner avec beaucoup de gens mais pas avec les extr\u00eames.<\/p>\n<p align=\"JUSTIFY\"><em>\u00a0<\/em><\/p>\n<p align=\"JUSTIFY\"><strong>Si les Lyonnais veulent vous contacter que doivent ils faire\u00a0?<\/strong><\/p>\n<p align=\"JUSTIFY\">Il peuvent le faire \u00e0 mon adresse mail ou sinon aller sur mon <a href=\"http:\/\/www.michelhavard.fr\/\" target=\"_blank\">site internet<em>.<\/em><\/a><em><\/em><\/p>\n<p align=\"JUSTIFY\"><em>\u00a0<\/em><\/p>\n<p style=\"text-align: center;\"><strong>En vid\u00e9o : Trois questions \u00e0 Michel Havard<\/strong><\/p>\n<p style=\"text-align: center;\" align=\"JUSTIFY\"><strong>\u00a0<\/strong><\/p>\n<p align=\"JUSTIFY\"><em>\u00a0<\/em><\/p>\n<p><em>Retranscription de Jean-Philippe Bonan, S\u00e9bastien Gonzalvez et Marion Carette.<\/em><\/p>\n<p><em>Photo : Na\u00efma Aroussi<\/em><\/p>\n<p>&nbsp;<\/p>\n<p>Article \u00e9galement disponible sur <a href=\"http:\/\/www.mediascitoyens.org\/Michel-Havard-Le-mandat-de-maire.html\" target=\"_blank\">M\u00e9dias Citoyens<\/a>.<\/p>\n<!-- AddThis Advanced Settings generic via filter on the_content --><!-- AddThis Share Buttons generic via filter on the_content -->","protected":false},"excerpt":{"rendered":"<p>Dernier entretien pour les primaires UMP des municipales lyonnaises dans le cadre de\u00a0 notre cycle \u00ab\u00a0CLIC pour 2014\u00a0\u00bb\u00a0: Michel Havard, pr\u00e9sident du groupe municipal d&rsquo;opposition &hellip; <!-- AddThis Advanced Settings generic via filter on wp_trim_excerpt --><!-- AddThis Share Buttons generic via filter on wp_trim_excerpt --><\/p>\n","protected":false},"author":1,"featured_media":284,"comment_status":"open","ping_status":"open","sticky":false,"template":"","format":"standard","meta":{"_FSMCFIC_featured_image_caption":"","_FSMCFIC_featured_image_nocaption":"","_FSMCFIC_featured_image_hide":"","footnotes":""},"categories":[4,7,6],"tags":[613,10,112,262,165],"class_list":["post-264","post","type-post","status-publish","format-standard","has-post-thumbnail","hentry","category-lyon","category-municipales2014","category-politique","tag-613","tag-lyon-2","tag-lyon-bondy-blog","tag-municipales","tag-politique-2"],"yoast_head":"<!-- This site is optimized with the Yoast SEO plugin v22.8 - https:\/\/yoast.com\/wordpress\/plugins\/seo\/ -->\n<title>\u00ab Le mandat de maire est le plus beau \u00bb, Michel Havard - Lyon Bondy Blog<\/title>\n<meta name=\"robots\" content=\"index, follow, max-snippet:-1, max-image-preview:large, max-video-preview:-1\" \/>\n<link rel=\"canonical\" href=\"https:\/\/lyonbondyblog.fr\/LBB\/le-mandat-de-maire-est-le-plus-beau-des-mandats-interview-de-michel-havard\/\" \/>\n<meta property=\"og:locale\" content=\"fr_FR\" \/>\n<meta property=\"og:type\" content=\"article\" \/>\n<meta property=\"og:title\" content=\"\u00ab Le mandat de maire est le plus beau \u00bb, Michel Havard - Lyon Bondy Blog\" \/>\n<meta property=\"og:description\" content=\"Dernier entretien pour les primaires UMP des municipales lyonnaises dans le cadre de\u00a0 notre cycle \u00ab\u00a0CLIC pour 2014\u00a0\u00bb\u00a0: Michel Havard, pr\u00e9sident du groupe municipal d&rsquo;opposition &hellip;\" \/>\n<meta property=\"og:url\" content=\"https:\/\/lyonbondyblog.fr\/LBB\/le-mandat-de-maire-est-le-plus-beau-des-mandats-interview-de-michel-havard\/\" \/>\n<meta property=\"og:site_name\" content=\"Lyon Bondy Blog\" \/>\n<meta property=\"article:publisher\" content=\"https:\/\/www.facebook.com\/lyonbondyblog\" \/>\n<meta property=\"article:author\" content=\"https:\/\/www.facebook.com\/lyonbondyblog\" \/>\n<meta property=\"article:published_time\" content=\"2013-05-30T14:54:04+00:00\" \/>\n<meta property=\"article:modified_time\" content=\"2013-07-25T11:57:24+00:00\" \/>\n<meta property=\"og:image\" content=\"https:\/\/lyonbondyblog.fr\/LBB\/wp-content\/uploads\/2013\/07\/havard3.jpg\" \/>\n\t<meta property=\"og:image:width\" content=\"238\" \/>\n\t<meta property=\"og:image:height\" content=\"119\" \/>\n\t<meta property=\"og:image:type\" content=\"image\/jpeg\" \/>\n<meta name=\"author\" content=\"La r\u00e9daction\" \/>\n<meta name=\"twitter:card\" content=\"summary_large_image\" \/>\n<meta name=\"twitter:creator\" content=\"@BondyBlogLyon\" \/>\n<meta name=\"twitter:site\" content=\"@bondybloglyon\" \/>\n<script type=\"application\/ld+json\" class=\"yoast-schema-graph\">{\"@context\":\"https:\/\/schema.org\",\"@graph\":[{\"@type\":\"Article\",\"@id\":\"https:\/\/lyonbondyblog.fr\/LBB\/le-mandat-de-maire-est-le-plus-beau-des-mandats-interview-de-michel-havard\/#article\",\"isPartOf\":{\"@id\":\"https:\/\/lyonbondyblog.fr\/LBB\/le-mandat-de-maire-est-le-plus-beau-des-mandats-interview-de-michel-havard\/\"},\"author\":{\"name\":\"La r\u00e9daction\",\"@id\":\"https:\/\/lyonbondyblog.fr\/LBB\/#\/schema\/person\/e45f8d27baac75072daa0be50c409b25\"},\"headline\":\"\u00ab Le mandat de maire est le plus beau \u00bb, Michel Havard\",\"datePublished\":\"2013-05-30T14:54:04+00:00\",\"dateModified\":\"2013-07-25T11:57:24+00:00\",\"mainEntityOfPage\":{\"@id\":\"https:\/\/lyonbondyblog.fr\/LBB\/le-mandat-de-maire-est-le-plus-beau-des-mandats-interview-de-michel-havard\/\"},\"wordCount\":7596,\"commentCount\":0,\"publisher\":{\"@id\":\"https:\/\/lyonbondyblog.fr\/LBB\/#organization\"},\"image\":{\"@id\":\"https:\/\/lyonbondyblog.fr\/LBB\/le-mandat-de-maire-est-le-plus-beau-des-mandats-interview-de-michel-havard\/#primaryimage\"},\"thumbnailUrl\":\"https:\/\/lyonbondyblog.fr\/LBB\/wp-content\/uploads\/2013\/07\/havard3.jpg\",\"keywords\":[\"1014\",\"lyon\",\"Lyon Bondy Blog\",\"municipales\",\"politique\"],\"articleSection\":[\"Lyon\",\"Municipales 2014\",\"Politique\"],\"inLanguage\":\"fr-FR\",\"potentialAction\":[{\"@type\":\"CommentAction\",\"name\":\"Comment\",\"target\":[\"https:\/\/lyonbondyblog.fr\/LBB\/le-mandat-de-maire-est-le-plus-beau-des-mandats-interview-de-michel-havard\/#respond\"]}]},{\"@type\":\"WebPage\",\"@id\":\"https:\/\/lyonbondyblog.fr\/LBB\/le-mandat-de-maire-est-le-plus-beau-des-mandats-interview-de-michel-havard\/\",\"url\":\"https:\/\/lyonbondyblog.fr\/LBB\/le-mandat-de-maire-est-le-plus-beau-des-mandats-interview-de-michel-havard\/\",\"name\":\"\u00ab Le mandat de maire est le plus beau \u00bb, Michel Havard - Lyon Bondy Blog\",\"isPartOf\":{\"@id\":\"https:\/\/lyonbondyblog.fr\/LBB\/#website\"},\"primaryImageOfPage\":{\"@id\":\"https:\/\/lyonbondyblog.fr\/LBB\/le-mandat-de-maire-est-le-plus-beau-des-mandats-interview-de-michel-havard\/#primaryimage\"},\"image\":{\"@id\":\"https:\/\/lyonbondyblog.fr\/LBB\/le-mandat-de-maire-est-le-plus-beau-des-mandats-interview-de-michel-havard\/#primaryimage\"},\"thumbnailUrl\":\"https:\/\/lyonbondyblog.fr\/LBB\/wp-content\/uploads\/2013\/07\/havard3.jpg\",\"datePublished\":\"2013-05-30T14:54:04+00:00\",\"dateModified\":\"2013-07-25T11:57:24+00:00\",\"inLanguage\":\"fr-FR\",\"potentialAction\":[{\"@type\":\"ReadAction\",\"target\":[\"https:\/\/lyonbondyblog.fr\/LBB\/le-mandat-de-maire-est-le-plus-beau-des-mandats-interview-de-michel-havard\/\"]}]},{\"@type\":\"ImageObject\",\"inLanguage\":\"fr-FR\",\"@id\":\"https:\/\/lyonbondyblog.fr\/LBB\/le-mandat-de-maire-est-le-plus-beau-des-mandats-interview-de-michel-havard\/#primaryimage\",\"url\":\"https:\/\/lyonbondyblog.fr\/LBB\/wp-content\/uploads\/2013\/07\/havard3.jpg\",\"contentUrl\":\"https:\/\/lyonbondyblog.fr\/LBB\/wp-content\/uploads\/2013\/07\/havard3.jpg\",\"width\":238,\"height\":119},{\"@type\":\"WebSite\",\"@id\":\"https:\/\/lyonbondyblog.fr\/LBB\/#website\",\"url\":\"https:\/\/lyonbondyblog.fr\/LBB\/\",\"name\":\"Lyon Bondy Blog\",\"description\":\"\",\"publisher\":{\"@id\":\"https:\/\/lyonbondyblog.fr\/LBB\/#organization\"},\"potentialAction\":[{\"@type\":\"SearchAction\",\"target\":{\"@type\":\"EntryPoint\",\"urlTemplate\":\"https:\/\/lyonbondyblog.fr\/LBB\/?s={search_term_string}\"},\"query-input\":\"required name=search_term_string\"}],\"inLanguage\":\"fr-FR\"},{\"@type\":\"Organization\",\"@id\":\"https:\/\/lyonbondyblog.fr\/LBB\/#organization\",\"name\":\"LYON BONDY BLOG\",\"url\":\"https:\/\/lyonbondyblog.fr\/LBB\/\",\"logo\":{\"@type\":\"ImageObject\",\"inLanguage\":\"fr-FR\",\"@id\":\"https:\/\/lyonbondyblog.fr\/LBB\/#\/schema\/logo\/image\/\",\"url\":\"http:\/\/lyonbondyblog.fr\/LBB\/wp-content\/uploads\/2014\/10\/logo-portable-144.png\",\"contentUrl\":\"http:\/\/lyonbondyblog.fr\/LBB\/wp-content\/uploads\/2014\/10\/logo-portable-144.png\",\"width\":144,\"height\":123,\"caption\":\"LYON BONDY BLOG\"},\"image\":{\"@id\":\"https:\/\/lyonbondyblog.fr\/LBB\/#\/schema\/logo\/image\/\"},\"sameAs\":[\"https:\/\/www.facebook.com\/lyonbondyblog\",\"https:\/\/x.com\/bondybloglyon\"]},{\"@type\":\"Person\",\"@id\":\"https:\/\/lyonbondyblog.fr\/LBB\/#\/schema\/person\/e45f8d27baac75072daa0be50c409b25\",\"name\":\"La r\u00e9daction\",\"description\":\"Cr\u00e9e en 2008, la r\u00e9daction du Lyon Bondy Blog s'applique \u00e0 proposer une information locale diff\u00e9rente et compl\u00e9mentaire des m\u00e9dias traditionnels.\",\"sameAs\":[\"https:\/\/www.facebook.com\/lyonbondyblog\",\"https:\/\/x.com\/BondyBlogLyon\"],\"url\":\"https:\/\/lyonbondyblog.fr\/LBB\/author\/admin\/\"}]}<\/script>\n<!-- \/ Yoast SEO plugin. -->","yoast_head_json":{"title":"\u00ab Le mandat de maire est le plus beau \u00bb, Michel Havard - Lyon Bondy Blog","robots":{"index":"index","follow":"follow","max-snippet":"max-snippet:-1","max-image-preview":"max-image-preview:large","max-video-preview":"max-video-preview:-1"},"canonical":"https:\/\/lyonbondyblog.fr\/LBB\/le-mandat-de-maire-est-le-plus-beau-des-mandats-interview-de-michel-havard\/","og_locale":"fr_FR","og_type":"article","og_title":"\u00ab Le mandat de maire est le plus beau \u00bb, Michel Havard - Lyon Bondy Blog","og_description":"Dernier entretien pour les primaires UMP des municipales lyonnaises dans le cadre de\u00a0 notre cycle \u00ab\u00a0CLIC pour 2014\u00a0\u00bb\u00a0: Michel Havard, pr\u00e9sident du groupe municipal d&rsquo;opposition &hellip;","og_url":"https:\/\/lyonbondyblog.fr\/LBB\/le-mandat-de-maire-est-le-plus-beau-des-mandats-interview-de-michel-havard\/","og_site_name":"Lyon Bondy Blog","article_publisher":"https:\/\/www.facebook.com\/lyonbondyblog","article_author":"https:\/\/www.facebook.com\/lyonbondyblog","article_published_time":"2013-05-30T14:54:04+00:00","article_modified_time":"2013-07-25T11:57:24+00:00","og_image":[{"width":238,"height":119,"url":"https:\/\/lyonbondyblog.fr\/LBB\/wp-content\/uploads\/2013\/07\/havard3.jpg","type":"image\/jpeg"}],"author":"La r\u00e9daction","twitter_card":"summary_large_image","twitter_creator":"@BondyBlogLyon","twitter_site":"@bondybloglyon","schema":{"@context":"https:\/\/schema.org","@graph":[{"@type":"Article","@id":"https:\/\/lyonbondyblog.fr\/LBB\/le-mandat-de-maire-est-le-plus-beau-des-mandats-interview-de-michel-havard\/#article","isPartOf":{"@id":"https:\/\/lyonbondyblog.fr\/LBB\/le-mandat-de-maire-est-le-plus-beau-des-mandats-interview-de-michel-havard\/"},"author":{"name":"La r\u00e9daction","@id":"https:\/\/lyonbondyblog.fr\/LBB\/#\/schema\/person\/e45f8d27baac75072daa0be50c409b25"},"headline":"\u00ab Le mandat de maire est le plus beau \u00bb, Michel Havard","datePublished":"2013-05-30T14:54:04+00:00","dateModified":"2013-07-25T11:57:24+00:00","mainEntityOfPage":{"@id":"https:\/\/lyonbondyblog.fr\/LBB\/le-mandat-de-maire-est-le-plus-beau-des-mandats-interview-de-michel-havard\/"},"wordCount":7596,"commentCount":0,"publisher":{"@id":"https:\/\/lyonbondyblog.fr\/LBB\/#organization"},"image":{"@id":"https:\/\/lyonbondyblog.fr\/LBB\/le-mandat-de-maire-est-le-plus-beau-des-mandats-interview-de-michel-havard\/#primaryimage"},"thumbnailUrl":"https:\/\/lyonbondyblog.fr\/LBB\/wp-content\/uploads\/2013\/07\/havard3.jpg","keywords":["1014","lyon","Lyon Bondy Blog","municipales","politique"],"articleSection":["Lyon","Municipales 2014","Politique"],"inLanguage":"fr-FR","potentialAction":[{"@type":"CommentAction","name":"Comment","target":["https:\/\/lyonbondyblog.fr\/LBB\/le-mandat-de-maire-est-le-plus-beau-des-mandats-interview-de-michel-havard\/#respond"]}]},{"@type":"WebPage","@id":"https:\/\/lyonbondyblog.fr\/LBB\/le-mandat-de-maire-est-le-plus-beau-des-mandats-interview-de-michel-havard\/","url":"https:\/\/lyonbondyblog.fr\/LBB\/le-mandat-de-maire-est-le-plus-beau-des-mandats-interview-de-michel-havard\/","name":"\u00ab Le mandat de maire est le plus beau \u00bb, Michel Havard - Lyon Bondy Blog","isPartOf":{"@id":"https:\/\/lyonbondyblog.fr\/LBB\/#website"},"primaryImageOfPage":{"@id":"https:\/\/lyonbondyblog.fr\/LBB\/le-mandat-de-maire-est-le-plus-beau-des-mandats-interview-de-michel-havard\/#primaryimage"},"image":{"@id":"https:\/\/lyonbondyblog.fr\/LBB\/le-mandat-de-maire-est-le-plus-beau-des-mandats-interview-de-michel-havard\/#primaryimage"},"thumbnailUrl":"https:\/\/lyonbondyblog.fr\/LBB\/wp-content\/uploads\/2013\/07\/havard3.jpg","datePublished":"2013-05-30T14:54:04+00:00","dateModified":"2013-07-25T11:57:24+00:00","inLanguage":"fr-FR","potentialAction":[{"@type":"ReadAction","target":["https:\/\/lyonbondyblog.fr\/LBB\/le-mandat-de-maire-est-le-plus-beau-des-mandats-interview-de-michel-havard\/"]}]},{"@type":"ImageObject","inLanguage":"fr-FR","@id":"https:\/\/lyonbondyblog.fr\/LBB\/le-mandat-de-maire-est-le-plus-beau-des-mandats-interview-de-michel-havard\/#primaryimage","url":"https:\/\/lyonbondyblog.fr\/LBB\/wp-content\/uploads\/2013\/07\/havard3.jpg","contentUrl":"https:\/\/lyonbondyblog.fr\/LBB\/wp-content\/uploads\/2013\/07\/havard3.jpg","width":238,"height":119},{"@type":"WebSite","@id":"https:\/\/lyonbondyblog.fr\/LBB\/#website","url":"https:\/\/lyonbondyblog.fr\/LBB\/","name":"Lyon Bondy Blog","description":"","publisher":{"@id":"https:\/\/lyonbondyblog.fr\/LBB\/#organization"},"potentialAction":[{"@type":"SearchAction","target":{"@type":"EntryPoint","urlTemplate":"https:\/\/lyonbondyblog.fr\/LBB\/?s={search_term_string}"},"query-input":"required name=search_term_string"}],"inLanguage":"fr-FR"},{"@type":"Organization","@id":"https:\/\/lyonbondyblog.fr\/LBB\/#organization","name":"LYON BONDY BLOG","url":"https:\/\/lyonbondyblog.fr\/LBB\/","logo":{"@type":"ImageObject","inLanguage":"fr-FR","@id":"https:\/\/lyonbondyblog.fr\/LBB\/#\/schema\/logo\/image\/","url":"http:\/\/lyonbondyblog.fr\/LBB\/wp-content\/uploads\/2014\/10\/logo-portable-144.png","contentUrl":"http:\/\/lyonbondyblog.fr\/LBB\/wp-content\/uploads\/2014\/10\/logo-portable-144.png","width":144,"height":123,"caption":"LYON BONDY BLOG"},"image":{"@id":"https:\/\/lyonbondyblog.fr\/LBB\/#\/schema\/logo\/image\/"},"sameAs":["https:\/\/www.facebook.com\/lyonbondyblog","https:\/\/x.com\/bondybloglyon"]},{"@type":"Person","@id":"https:\/\/lyonbondyblog.fr\/LBB\/#\/schema\/person\/e45f8d27baac75072daa0be50c409b25","name":"La r\u00e9daction","description":"Cr\u00e9e en 2008, la r\u00e9daction du Lyon Bondy Blog s'applique \u00e0 proposer une information locale diff\u00e9rente et compl\u00e9mentaire des m\u00e9dias traditionnels.","sameAs":["https:\/\/www.facebook.com\/lyonbondyblog","https:\/\/x.com\/BondyBlogLyon"],"url":"https:\/\/lyonbondyblog.fr\/LBB\/author\/admin\/"}]}},"_links":{"self":[{"href":"https:\/\/lyonbondyblog.fr\/LBB\/wp-json\/wp\/v2\/posts\/264","targetHints":{"allow":["GET"]}}],"collection":[{"href":"https:\/\/lyonbondyblog.fr\/LBB\/wp-json\/wp\/v2\/posts"}],"about":[{"href":"https:\/\/lyonbondyblog.fr\/LBB\/wp-json\/wp\/v2\/types\/post"}],"author":[{"embeddable":true,"href":"https:\/\/lyonbondyblog.fr\/LBB\/wp-json\/wp\/v2\/users\/1"}],"replies":[{"embeddable":true,"href":"https:\/\/lyonbondyblog.fr\/LBB\/wp-json\/wp\/v2\/comments?post=264"}],"version-history":[{"count":0,"href":"https:\/\/lyonbondyblog.fr\/LBB\/wp-json\/wp\/v2\/posts\/264\/revisions"}],"wp:featuredmedia":[{"embeddable":true,"href":"https:\/\/lyonbondyblog.fr\/LBB\/wp-json\/wp\/v2\/media\/284"}],"wp:attachment":[{"href":"https:\/\/lyonbondyblog.fr\/LBB\/wp-json\/wp\/v2\/media?parent=264"}],"wp:term":[{"taxonomy":"category","embeddable":true,"href":"https:\/\/lyonbondyblog.fr\/LBB\/wp-json\/wp\/v2\/categories?post=264"},{"taxonomy":"post_tag","embeddable":true,"href":"https:\/\/lyonbondyblog.fr\/LBB\/wp-json\/wp\/v2\/tags?post=264"}],"curies":[{"name":"wp","href":"https:\/\/api.w.org\/{rel}","templated":true}]}}