{"id":26381,"date":"2021-12-11T14:29:51","date_gmt":"2021-12-11T13:29:51","guid":{"rendered":"http:\/\/lyonbondyblog.fr\/LBB\/?p=26381"},"modified":"2021-12-20T10:47:41","modified_gmt":"2021-12-20T09:47:41","slug":"reconquete-installe-son-mouvement-regional-a-lyon","status":"publish","type":"post","link":"https:\/\/lyonbondyblog.fr\/LBB\/reconquete-installe-son-mouvement-regional-a-lyon\/","title":{"rendered":"\u00ab\u00a0Reconqu\u00eate\u00a0\u00bb installe son mouvement r\u00e9gional \u00e0 Lyon"},"content":{"rendered":"\n<h2 class=\"wp-block-heading\">Apr\u00e8s son discours \u00e0 Villepinte et la cr\u00e9ation de son mouvement politique, l&rsquo;\u00e9quipe d&rsquo;Eric Zemmour installe son mouvement \u00e0 Lyon.<\/h2>\n\n\n\n<p>L&rsquo;\u00e9quipe r\u00e9gionale du mouvement d&rsquo;Eric Zemmour <em><a href=\"https:\/\/www.parti-reconquete.fr\/\">Reconqu\u00eate <\/a><\/em>a convi\u00e9 ce vendredi matin des journalistes pour une conf\u00e9rence de presse. \u00c9tait pr\u00e9sent autour de la table des soutiens de longue date du candidat comme <a href=\"http:\/\/www.gerard-dezempte.com\/\">G\u00e9rard Dezempte<\/a>, maire de Charvieu-Chavagneux (Is\u00e8re) ou encore <a href=\"https:\/\/www.lyoncapitale.fr\/politique\/elections-a-lyon-qui-est-agnes-marion-rn\">Agn\u00e8s Marion<\/a>, ancienne conseill\u00e8re municipale du 7\u00e8me arrondissement. D&rsquo;apr\u00e8s le maire de la commune is\u00e9roise, <em>\u00ab\u00a0je suis tr\u00e8s heureux de la confiance qu&rsquo;Eric Zemmour me donne la fonction de coordinateur r\u00e9gional. Mes relations avec lui sont tr\u00e8s bonnes, je le connais depuis quelques ann\u00e9es.<\/em> <em>C&rsquo;est celui que j&rsquo;attendais, ces id\u00e9es correspondent \u00e0 celles que je d\u00e9fends depuis 3 d\u00e9cennies : l&rsquo;union des droites\u00a0\u00bb<\/em>. Pour Agn\u00e8s Marion, l&rsquo;une des ses porte-paroles r\u00e9gionales, <em>\u00ab\u00a0il est le seul qui peut rassembler les Fran\u00e7ais.\u00a0\u00bb<\/em> <\/p>\n\n\n\n<h2 class=\"wp-block-heading\">\u00ab\u00a0Unir toutes les sensibilit\u00e9s de la droite\u00a0\u00bb<\/h2>\n\n\n\n<p>Autour des politiques se trouvent aussi des membres de la soci\u00e9t\u00e9 civile. Comme le Lieutenant-Colonel Xavier Eginard, sapeur-pompier professionnel, qui sera d\u00e9l\u00e9gu\u00e9 \u00e0 la s\u00e9curit\u00e9. Pour lui, \u00ab\u00a0<em>il y a une vraie mise en danger aujourd&rsquo;hui \u00e0 la fois des policiers, des sapeurs-pompiers, mais aussi des m\u00e9decins du SAMU et des gendarmes. Il est indispensable de se mobiliser pour reconqu\u00e9rir la s\u00e9curit\u00e9 sur le territoire national.<\/em>\u00a0\u00bb Le bureau de campagne Auvergne-Rh\u00f4ne-Alpes est compos\u00e9 de 5 membres, venus de VIA (mouvement politique cr\u00e9e par Jean Fr\u00e9d\u00e9ric Poisson) ou du Mouvement Conservateur (mouvement politique de droite, contre notamment le mariage pour tous). Ainsi, selon <a href=\"https:\/\/www.lametropoledubonsens.fr\/thibaut-monnier\/\">Thibaut Monnier<\/a>, coordinateur r\u00e9gional adjoint et ancien RN, <em>\u00ab\u00a0l&rsquo;id\u00e9e est d&rsquo;unir toutes les sensibilit\u00e9s de la droite : des LR, des anciens de VIA&#8230;\u00a0\u00bb<\/em> Pour le mouvement <em>G\u00e9n\u00e9ration Z<\/em>, le mouvement de jeunes avec le candidat, son coordinateur sera Timoth\u00e9e Cottin, jeune is\u00e9rois de 23 ans. <\/p>\n<!-- AddThis Advanced Settings generic via filter on the_content --><!-- AddThis Share Buttons generic via filter on the_content -->","protected":false},"excerpt":{"rendered":"<p>Apr\u00e8s son discours \u00e0 Villepinte et la cr\u00e9ation de son mouvement politique, l&rsquo;\u00e9quipe d&rsquo;Eric Zemmour installe son mouvement \u00e0 Lyon. L&rsquo;\u00e9quipe r\u00e9gionale du mouvement d&rsquo;Eric &hellip; <!-- AddThis Advanced Settings generic via filter on wp_trim_excerpt --><!-- AddThis Share Buttons generic via filter on wp_trim_excerpt --><\/p>\n","protected":false},"author":31861,"featured_media":26383,"comment_status":"open","ping_status":"open","sticky":true,"template":"","format":"standard","meta":{"_FSMCFIC_featured_image_caption":"","_FSMCFIC_featured_image_nocaption":"","_FSMCFIC_featured_image_hide":"","footnotes":""},"categories":[4],"tags":[27610,27609,165,27608],"class_list":["post-26381","post","type-post","status-publish","format-standard","has-post-thumbnail","hentry","category-lyon","tag-aura","tag-ericzemmour","tag-politique-2","tag-presidentielle2022"],"yoast_head":"<!-- This site is optimized with the Yoast SEO plugin v22.8 - https:\/\/yoast.com\/wordpress\/plugins\/seo\/ -->\n<title>&quot;Reconqu\u00eate&quot; installe son mouvement r\u00e9gional \u00e0 Lyon - Lyon Bondy Blog zemmour<\/title>\n<meta name=\"description\" content=\"Apr\u00e8s son discours \u00e0 Villepinte et la cr\u00e9ation de son mouvement politique, l&#039;\u00e9quipe d&#039;Eric Zemmour installe son mouvement \u00e0 Lyon.\" \/>\n<meta name=\"robots\" content=\"index, follow, max-snippet:-1, max-image-preview:large, max-video-preview:-1\" \/>\n<link rel=\"canonical\" href=\"https:\/\/lyonbondyblog.fr\/LBB\/reconquete-installe-son-mouvement-regional-a-lyon\/\" \/>\n<meta property=\"og:locale\" content=\"fr_FR\" \/>\n<meta property=\"og:type\" content=\"article\" \/>\n<meta property=\"og:title\" content=\"&quot;Reconqu\u00eate&quot; installe son mouvement r\u00e9gional \u00e0 Lyon - Lyon Bondy Blog zemmour\" \/>\n<meta property=\"og:description\" content=\"Apr\u00e8s son discours \u00e0 Villepinte et la cr\u00e9ation de son mouvement politique, l&#039;\u00e9quipe d&#039;Eric Zemmour installe son mouvement \u00e0 Lyon.\" \/>\n<meta property=\"og:url\" content=\"https:\/\/lyonbondyblog.fr\/LBB\/reconquete-installe-son-mouvement-regional-a-lyon\/\" \/>\n<meta property=\"og:site_name\" content=\"Lyon Bondy Blog\" \/>\n<meta property=\"article:publisher\" content=\"https:\/\/www.facebook.com\/lyonbondyblog\" \/>\n<meta property=\"article:published_time\" content=\"2021-12-11T13:29:51+00:00\" \/>\n<meta property=\"article:modified_time\" content=\"2021-12-20T09:47:41+00:00\" \/>\n<meta property=\"og:image\" content=\"https:\/\/lyonbondyblog.fr\/LBB\/wp-content\/uploads\/2021\/12\/20211210_104948-scaled.jpg\" \/>\n\t<meta property=\"og:image:width\" content=\"2560\" \/>\n\t<meta property=\"og:image:height\" content=\"1440\" \/>\n\t<meta property=\"og:image:type\" content=\"image\/jpeg\" \/>\n<meta name=\"author\" content=\"Marie Monterno\" \/>\n<meta name=\"twitter:card\" content=\"summary_large_image\" \/>\n<meta name=\"twitter:creator\" content=\"@bondybloglyon\" \/>\n<meta name=\"twitter:site\" content=\"@bondybloglyon\" \/>\n<script type=\"application\/ld+json\" class=\"yoast-schema-graph\">{\"@context\":\"https:\/\/schema.org\",\"@graph\":[{\"@type\":\"Article\",\"@id\":\"https:\/\/lyonbondyblog.fr\/LBB\/reconquete-installe-son-mouvement-regional-a-lyon\/#article\",\"isPartOf\":{\"@id\":\"https:\/\/lyonbondyblog.fr\/LBB\/reconquete-installe-son-mouvement-regional-a-lyon\/\"},\"author\":{\"name\":\"Marie Monterno\",\"@id\":\"https:\/\/lyonbondyblog.fr\/LBB\/#\/schema\/person\/7f21fbd6c1fa489dfe39973868377daf\"},\"headline\":\"\u00ab\u00a0Reconqu\u00eate\u00a0\u00bb installe son mouvement r\u00e9gional \u00e0 Lyon\",\"datePublished\":\"2021-12-11T13:29:51+00:00\",\"dateModified\":\"2021-12-20T09:47:41+00:00\",\"mainEntityOfPage\":{\"@id\":\"https:\/\/lyonbondyblog.fr\/LBB\/reconquete-installe-son-mouvement-regional-a-lyon\/\"},\"wordCount\":337,\"commentCount\":0,\"publisher\":{\"@id\":\"https:\/\/lyonbondyblog.fr\/LBB\/#organization\"},\"image\":{\"@id\":\"https:\/\/lyonbondyblog.fr\/LBB\/reconquete-installe-son-mouvement-regional-a-lyon\/#primaryimage\"},\"thumbnailUrl\":\"https:\/\/lyonbondyblog.fr\/LBB\/wp-content\/uploads\/2021\/12\/20211210_104948-scaled.jpg\",\"keywords\":[\"AURA\",\"Ericzemmour\",\"politique\",\"pr\u00e9sidentielle2022\"],\"articleSection\":[\"Lyon\"],\"inLanguage\":\"fr-FR\",\"potentialAction\":[{\"@type\":\"CommentAction\",\"name\":\"Comment\",\"target\":[\"https:\/\/lyonbondyblog.fr\/LBB\/reconquete-installe-son-mouvement-regional-a-lyon\/#respond\"]}]},{\"@type\":\"WebPage\",\"@id\":\"https:\/\/lyonbondyblog.fr\/LBB\/reconquete-installe-son-mouvement-regional-a-lyon\/\",\"url\":\"https:\/\/lyonbondyblog.fr\/LBB\/reconquete-installe-son-mouvement-regional-a-lyon\/\",\"name\":\"\\\"Reconqu\u00eate\\\" installe son mouvement r\u00e9gional \u00e0 Lyon - Lyon Bondy Blog zemmour\",\"isPartOf\":{\"@id\":\"https:\/\/lyonbondyblog.fr\/LBB\/#website\"},\"primaryImageOfPage\":{\"@id\":\"https:\/\/lyonbondyblog.fr\/LBB\/reconquete-installe-son-mouvement-regional-a-lyon\/#primaryimage\"},\"image\":{\"@id\":\"https:\/\/lyonbondyblog.fr\/LBB\/reconquete-installe-son-mouvement-regional-a-lyon\/#primaryimage\"},\"thumbnailUrl\":\"https:\/\/lyonbondyblog.fr\/LBB\/wp-content\/uploads\/2021\/12\/20211210_104948-scaled.jpg\",\"datePublished\":\"2021-12-11T13:29:51+00:00\",\"dateModified\":\"2021-12-20T09:47:41+00:00\",\"description\":\"Apr\u00e8s son discours \u00e0 Villepinte et la cr\u00e9ation de son mouvement politique, l'\u00e9quipe d'Eric Zemmour installe son mouvement \u00e0 Lyon.\",\"inLanguage\":\"fr-FR\",\"potentialAction\":[{\"@type\":\"ReadAction\",\"target\":[\"https:\/\/lyonbondyblog.fr\/LBB\/reconquete-installe-son-mouvement-regional-a-lyon\/\"]}]},{\"@type\":\"ImageObject\",\"inLanguage\":\"fr-FR\",\"@id\":\"https:\/\/lyonbondyblog.fr\/LBB\/reconquete-installe-son-mouvement-regional-a-lyon\/#primaryimage\",\"url\":\"https:\/\/lyonbondyblog.fr\/LBB\/wp-content\/uploads\/2021\/12\/20211210_104948-scaled.jpg\",\"contentUrl\":\"https:\/\/lyonbondyblog.fr\/LBB\/wp-content\/uploads\/2021\/12\/20211210_104948-scaled.jpg\",\"width\":2560,\"height\":1440,\"caption\":\"Le coordinateur r\u00e9gional, G\u00e9rard Dezempte, entour\u00e9 par Thibaud Monnier et Agn\u00e8s Marion\"},{\"@type\":\"WebSite\",\"@id\":\"https:\/\/lyonbondyblog.fr\/LBB\/#website\",\"url\":\"https:\/\/lyonbondyblog.fr\/LBB\/\",\"name\":\"Lyon Bondy Blog\",\"description\":\"\",\"publisher\":{\"@id\":\"https:\/\/lyonbondyblog.fr\/LBB\/#organization\"},\"potentialAction\":[{\"@type\":\"SearchAction\",\"target\":{\"@type\":\"EntryPoint\",\"urlTemplate\":\"https:\/\/lyonbondyblog.fr\/LBB\/?s={search_term_string}\"},\"query-input\":\"required name=search_term_string\"}],\"inLanguage\":\"fr-FR\"},{\"@type\":\"Organization\",\"@id\":\"https:\/\/lyonbondyblog.fr\/LBB\/#organization\",\"name\":\"LYON BONDY BLOG\",\"url\":\"https:\/\/lyonbondyblog.fr\/LBB\/\",\"logo\":{\"@type\":\"ImageObject\",\"inLanguage\":\"fr-FR\",\"@id\":\"https:\/\/lyonbondyblog.fr\/LBB\/#\/schema\/logo\/image\/\",\"url\":\"http:\/\/lyonbondyblog.fr\/LBB\/wp-content\/uploads\/2014\/10\/logo-portable-144.png\",\"contentUrl\":\"http:\/\/lyonbondyblog.fr\/LBB\/wp-content\/uploads\/2014\/10\/logo-portable-144.png\",\"width\":144,\"height\":123,\"caption\":\"LYON BONDY BLOG\"},\"image\":{\"@id\":\"https:\/\/lyonbondyblog.fr\/LBB\/#\/schema\/logo\/image\/\"},\"sameAs\":[\"https:\/\/www.facebook.com\/lyonbondyblog\",\"https:\/\/x.com\/bondybloglyon\"]},{\"@type\":\"Person\",\"@id\":\"https:\/\/lyonbondyblog.fr\/LBB\/#\/schema\/person\/7f21fbd6c1fa489dfe39973868377daf\",\"name\":\"Marie Monterno\",\"url\":\"https:\/\/lyonbondyblog.fr\/LBB\/author\/marie-de-monterno\/\"}]}<\/script>\n<!-- \/ Yoast SEO plugin. -->","yoast_head_json":{"title":"\"Reconqu\u00eate\" installe son mouvement r\u00e9gional \u00e0 Lyon - Lyon Bondy Blog zemmour","description":"Apr\u00e8s son discours \u00e0 Villepinte et la cr\u00e9ation de son mouvement politique, l'\u00e9quipe d'Eric Zemmour installe son mouvement \u00e0 Lyon.","robots":{"index":"index","follow":"follow","max-snippet":"max-snippet:-1","max-image-preview":"max-image-preview:large","max-video-preview":"max-video-preview:-1"},"canonical":"https:\/\/lyonbondyblog.fr\/LBB\/reconquete-installe-son-mouvement-regional-a-lyon\/","og_locale":"fr_FR","og_type":"article","og_title":"\"Reconqu\u00eate\" installe son mouvement r\u00e9gional \u00e0 Lyon - Lyon Bondy Blog zemmour","og_description":"Apr\u00e8s son discours \u00e0 Villepinte et la cr\u00e9ation de son mouvement politique, l'\u00e9quipe d'Eric Zemmour installe son mouvement \u00e0 Lyon.","og_url":"https:\/\/lyonbondyblog.fr\/LBB\/reconquete-installe-son-mouvement-regional-a-lyon\/","og_site_name":"Lyon Bondy Blog","article_publisher":"https:\/\/www.facebook.com\/lyonbondyblog","article_published_time":"2021-12-11T13:29:51+00:00","article_modified_time":"2021-12-20T09:47:41+00:00","og_image":[{"width":2560,"height":1440,"url":"https:\/\/lyonbondyblog.fr\/LBB\/wp-content\/uploads\/2021\/12\/20211210_104948-scaled.jpg","type":"image\/jpeg"}],"author":"Marie Monterno","twitter_card":"summary_large_image","twitter_creator":"@bondybloglyon","twitter_site":"@bondybloglyon","schema":{"@context":"https:\/\/schema.org","@graph":[{"@type":"Article","@id":"https:\/\/lyonbondyblog.fr\/LBB\/reconquete-installe-son-mouvement-regional-a-lyon\/#article","isPartOf":{"@id":"https:\/\/lyonbondyblog.fr\/LBB\/reconquete-installe-son-mouvement-regional-a-lyon\/"},"author":{"name":"Marie Monterno","@id":"https:\/\/lyonbondyblog.fr\/LBB\/#\/schema\/person\/7f21fbd6c1fa489dfe39973868377daf"},"headline":"\u00ab\u00a0Reconqu\u00eate\u00a0\u00bb installe son mouvement r\u00e9gional \u00e0 Lyon","datePublished":"2021-12-11T13:29:51+00:00","dateModified":"2021-12-20T09:47:41+00:00","mainEntityOfPage":{"@id":"https:\/\/lyonbondyblog.fr\/LBB\/reconquete-installe-son-mouvement-regional-a-lyon\/"},"wordCount":337,"commentCount":0,"publisher":{"@id":"https:\/\/lyonbondyblog.fr\/LBB\/#organization"},"image":{"@id":"https:\/\/lyonbondyblog.fr\/LBB\/reconquete-installe-son-mouvement-regional-a-lyon\/#primaryimage"},"thumbnailUrl":"https:\/\/lyonbondyblog.fr\/LBB\/wp-content\/uploads\/2021\/12\/20211210_104948-scaled.jpg","keywords":["AURA","Ericzemmour","politique","pr\u00e9sidentielle2022"],"articleSection":["Lyon"],"inLanguage":"fr-FR","potentialAction":[{"@type":"CommentAction","name":"Comment","target":["https:\/\/lyonbondyblog.fr\/LBB\/reconquete-installe-son-mouvement-regional-a-lyon\/#respond"]}]},{"@type":"WebPage","@id":"https:\/\/lyonbondyblog.fr\/LBB\/reconquete-installe-son-mouvement-regional-a-lyon\/","url":"https:\/\/lyonbondyblog.fr\/LBB\/reconquete-installe-son-mouvement-regional-a-lyon\/","name":"\"Reconqu\u00eate\" installe son mouvement r\u00e9gional \u00e0 Lyon - Lyon Bondy Blog zemmour","isPartOf":{"@id":"https:\/\/lyonbondyblog.fr\/LBB\/#website"},"primaryImageOfPage":{"@id":"https:\/\/lyonbondyblog.fr\/LBB\/reconquete-installe-son-mouvement-regional-a-lyon\/#primaryimage"},"image":{"@id":"https:\/\/lyonbondyblog.fr\/LBB\/reconquete-installe-son-mouvement-regional-a-lyon\/#primaryimage"},"thumbnailUrl":"https:\/\/lyonbondyblog.fr\/LBB\/wp-content\/uploads\/2021\/12\/20211210_104948-scaled.jpg","datePublished":"2021-12-11T13:29:51+00:00","dateModified":"2021-12-20T09:47:41+00:00","description":"Apr\u00e8s son discours \u00e0 Villepinte et la cr\u00e9ation de son mouvement politique, l'\u00e9quipe d'Eric Zemmour installe son mouvement \u00e0 Lyon.","inLanguage":"fr-FR","potentialAction":[{"@type":"ReadAction","target":["https:\/\/lyonbondyblog.fr\/LBB\/reconquete-installe-son-mouvement-regional-a-lyon\/"]}]},{"@type":"ImageObject","inLanguage":"fr-FR","@id":"https:\/\/lyonbondyblog.fr\/LBB\/reconquete-installe-son-mouvement-regional-a-lyon\/#primaryimage","url":"https:\/\/lyonbondyblog.fr\/LBB\/wp-content\/uploads\/2021\/12\/20211210_104948-scaled.jpg","contentUrl":"https:\/\/lyonbondyblog.fr\/LBB\/wp-content\/uploads\/2021\/12\/20211210_104948-scaled.jpg","width":2560,"height":1440,"caption":"Le coordinateur r\u00e9gional, G\u00e9rard Dezempte, entour\u00e9 par Thibaud Monnier et Agn\u00e8s Marion"},{"@type":"WebSite","@id":"https:\/\/lyonbondyblog.fr\/LBB\/#website","url":"https:\/\/lyonbondyblog.fr\/LBB\/","name":"Lyon Bondy Blog","description":"","publisher":{"@id":"https:\/\/lyonbondyblog.fr\/LBB\/#organization"},"potentialAction":[{"@type":"SearchAction","target":{"@type":"EntryPoint","urlTemplate":"https:\/\/lyonbondyblog.fr\/LBB\/?s={search_term_string}"},"query-input":"required name=search_term_string"}],"inLanguage":"fr-FR"},{"@type":"Organization","@id":"https:\/\/lyonbondyblog.fr\/LBB\/#organization","name":"LYON BONDY BLOG","url":"https:\/\/lyonbondyblog.fr\/LBB\/","logo":{"@type":"ImageObject","inLanguage":"fr-FR","@id":"https:\/\/lyonbondyblog.fr\/LBB\/#\/schema\/logo\/image\/","url":"http:\/\/lyonbondyblog.fr\/LBB\/wp-content\/uploads\/2014\/10\/logo-portable-144.png","contentUrl":"http:\/\/lyonbondyblog.fr\/LBB\/wp-content\/uploads\/2014\/10\/logo-portable-144.png","width":144,"height":123,"caption":"LYON BONDY BLOG"},"image":{"@id":"https:\/\/lyonbondyblog.fr\/LBB\/#\/schema\/logo\/image\/"},"sameAs":["https:\/\/www.facebook.com\/lyonbondyblog","https:\/\/x.com\/bondybloglyon"]},{"@type":"Person","@id":"https:\/\/lyonbondyblog.fr\/LBB\/#\/schema\/person\/7f21fbd6c1fa489dfe39973868377daf","name":"Marie Monterno","url":"https:\/\/lyonbondyblog.fr\/LBB\/author\/marie-de-monterno\/"}]}},"_links":{"self":[{"href":"https:\/\/lyonbondyblog.fr\/LBB\/wp-json\/wp\/v2\/posts\/26381","targetHints":{"allow":["GET"]}}],"collection":[{"href":"https:\/\/lyonbondyblog.fr\/LBB\/wp-json\/wp\/v2\/posts"}],"about":[{"href":"https:\/\/lyonbondyblog.fr\/LBB\/wp-json\/wp\/v2\/types\/post"}],"author":[{"embeddable":true,"href":"https:\/\/lyonbondyblog.fr\/LBB\/wp-json\/wp\/v2\/users\/31861"}],"replies":[{"embeddable":true,"href":"https:\/\/lyonbondyblog.fr\/LBB\/wp-json\/wp\/v2\/comments?post=26381"}],"version-history":[{"count":10,"href":"https:\/\/lyonbondyblog.fr\/LBB\/wp-json\/wp\/v2\/posts\/26381\/revisions"}],"predecessor-version":[{"id":26511,"href":"https:\/\/lyonbondyblog.fr\/LBB\/wp-json\/wp\/v2\/posts\/26381\/revisions\/26511"}],"wp:featuredmedia":[{"embeddable":true,"href":"https:\/\/lyonbondyblog.fr\/LBB\/wp-json\/wp\/v2\/media\/26383"}],"wp:attachment":[{"href":"https:\/\/lyonbondyblog.fr\/LBB\/wp-json\/wp\/v2\/media?parent=26381"}],"wp:term":[{"taxonomy":"category","embeddable":true,"href":"https:\/\/lyonbondyblog.fr\/LBB\/wp-json\/wp\/v2\/categories?post=26381"},{"taxonomy":"post_tag","embeddable":true,"href":"https:\/\/lyonbondyblog.fr\/LBB\/wp-json\/wp\/v2\/tags?post=26381"}],"curies":[{"name":"wp","href":"https:\/\/api.w.org\/{rel}","templated":true}]}}