{"id":26192,"date":"2021-12-03T10:26:30","date_gmt":"2021-12-03T09:26:30","guid":{"rendered":"http:\/\/lyonbondyblog.fr\/LBB\/?p=26192"},"modified":"2021-12-03T11:37:19","modified_gmt":"2021-12-03T10:37:19","slug":"mohamed-benoui-partie-1","status":"publish","type":"post","link":"https:\/\/lyonbondyblog.fr\/LBB\/mohamed-benoui-partie-1\/","title":{"rendered":"Mohamed Benoui : \u00ab\u00a0Je veux \u00eatre proche des Givordins et penser avec le collectif\u00a0\u00bb &#8211; Partie 1"},"content":{"rendered":"\n<h2 class=\"wp-block-heading\">Avant le premier tour des \u00e9lections municipales de Givors qui aura lieu ce dimanche 5 d\u00e9cembre, le Lyon Bondy Blog est all\u00e9 rencontrer les candidats des 6 diff\u00e9rentes listes. Nous sommes all\u00e9s interroger Mohamed Benoui, t\u00eate de liste de \u00ab Givors unie et citoyenne \u00bb, parti sans \u00e9tiquette.<\/h2>\n\n\n\n<h4 class=\"wp-block-heading\">Pouvez-vous vous pr\u00e9senter ?<\/h4>\n\n\n\n<p>Je m\u2019appelle Mohamed Benoui, j\u2019ai 58 ans et 6 enfants. Je suis natif de Givors. Je suis chef d\u2019une entreprise de prestation de service dans les m\u00e9tiers des b\u00e2timents et de l\u2019hygi\u00e8ne depuis 20 ans, dont le si\u00e8ge social est install\u00e9 \u00e0 Vaulx-en-Velin. La soci\u00e9t\u00e9 emploie plus de 100 salari\u00e9s. Dans les ann\u00e9es 1980, j\u2019ai \u00e9t\u00e9 pr\u00e9sident de club de football et on avait de tr\u00e8s bons r\u00e9sultats. J\u2019ai aussi \u00e9t\u00e9 tr\u00e8s t\u00f4t sensibilis\u00e9 \u00e0 l\u2019action municipale et aux services publics, puisqu\u2019en 2001 j\u2019ai \u00e9t\u00e9 \u00e9lu avec Martial Passi, au sport jusqu\u2019en 2008. \u00c0 l\u2019\u00e9poque, c&rsquo;\u00e9tait la gauche plurielle qui dominait la politique nationale. Mais aujourd\u2019hui je con\u00e7ois la politique diff\u00e9remment des ann\u00e9es 80-90, o\u00f9 c\u2019\u00e9taient les id\u00e9ologies qui s\u2019affrontaient. Aujourd\u2019hui, je pense qu\u2019on a d\u00e9pass\u00e9 tout \u00e7a, il faut qu\u2019on soit dans le pragmatisme. Je suis chef d\u2019entreprise et je crois qu\u2019il faut d\u00e9passer la lutte des classes.<\/p>\n\n\n\n<p>J\u2019ai \u00e9galement \u00e9t\u00e9 \u00e9lu maire-adjoint en 2014 sur une liste de gauche en charge du d\u00e9veloppement \u00e9conomique. Puis j\u2019ai d\u00e9cid\u00e9 de quitter cette majorit\u00e9 municipale en 2017 et contest\u00e9 la gouvernance de Martial Passi, condamnant sa fa\u00e7on de faire. Et je n\u2019ai pas pu \u00eatre candidat en 2020, \u00e0 mon grand regret. Alors quand l\u2019opportunit\u00e9 de cette \u00e9lection s\u2019est pr\u00e9sent\u00e9e, j\u2019ai saisi l\u2019occasion pour dire tout ce que j\u2019ai envie de dire depuis toujours. Je me pr\u00e9sente sans \u00e9tiquette.<\/p>\n\n\n\n<h4 class=\"wp-block-heading\">Pourquoi vous pr\u00e9sentez-vous \u00e0 cette \u00e9lection ?<\/h4>\n\n\n\n<p>Je suis chef d\u2019entreprise, donc je sais manager et f\u00e9d\u00e9rer. L\u2019int\u00e9r\u00eat g\u00e9n\u00e9ral, c\u2019est ce qui m\u2019anime depuis toujours. Je veux \u00eatre proche des Givordins et penser avec le collectif. On veut insuffler un nouvel \u00e9tat d\u2019esprit \u00e0 Givors avec la liste \u00ab Givors Unie et Citoyenne \u00bb. Il faut savoir se r\u00e9former ; les nouvelles g\u00e9n\u00e9rations et la soci\u00e9t\u00e9 d\u2019aujourd\u2019hui imposent une autre mani\u00e8re de g\u00e9rer une ville. C\u2019est pour \u00e7a qu\u2019on a choisi 35 % de notre liste, des colistiers qui ont moins de 25 ans, avec une vraie volont\u00e9 de travailler en direction de la jeunesse.<\/p>\n\n\n\n<h4 class=\"wp-block-heading\">Quel bilan tirez-vous du court mandat de M. Boudjellaba ?<\/h4>\n\n\n\n<p>Il a suscit\u00e9 beaucoup d\u2019espoir dans la population givordine, chez les jeunes. Aujourd\u2019hui, force est de constater que les services de la ville n\u2019ont pas fonctionn\u00e9 depuis un an et demi et que \u00e7a a un impact sur sa politique. Est-ce qu\u2019il a \u00e9t\u00e9 trop brutal dans sa fa\u00e7on d\u2019agir avec les services ? Est-ce qu\u2019il a \u00e9t\u00e9 maladroit ? On \u00e9tait tous pr\u00eats \u00e0 soutenir l\u2019\u00e9quipe municipale, mais on voulait qu\u2019elle entende et qu\u2019elle fasse ce que les Givordins demandaient.<\/p>\n\n\n\n<h4 class=\"wp-block-heading\">\u00c9tiez-vous pr\u00eat \u00e0 faire cette \u00e9lection, comme vous ne vous \u00e9tiez pas pr\u00e9sent\u00e9 en 2020 ?<\/h4>\n\n\n\n<p>Depuis le mois de f\u00e9vrier, \u00e0 l\u2019annonce de la d\u00e9cision du tribunal administratif, on m\u2019a sollicit\u00e9. Certains t\u00eate de liste et colistier qui avaient perdu lors \u00e9lections de 2020 m\u2019ont sollicit\u00e9 pour me proposer d\u2019\u00eatre \u00e0 la t\u00eate d\u2019un grand rassemblement de forces politiques et de gens qui sont impliqu\u00e9s dans la ville. J\u2019ai rencontr\u00e9 les Givordins pendant toute la p\u00e9riode du mandat et j\u2019ai vu que beaucoup se plaignaient de ne pas \u00eatre \u00e9cout\u00e9s. Moi, \u00e7a m\u2019int\u00e9ressait \u00e9videmment comme j\u2019avais d\u00e9j\u00e0 fait de la politique, je n\u2019ai pas h\u00e9sit\u00e9.<\/p>\n\n\n\n<h4 class=\"wp-block-heading\">Quels sont les enjeux de Givors selon vous ?<\/h4>\n\n\n\n<p>Il faut cr\u00e9er une coh\u00e9sion sociale, gr\u00e2ce \u00e0 l\u2019emploi, le logement \u00e0 la demande de chacun, la lutte contre toutes les formes de discrimination et contre l\u2019ins\u00e9curit\u00e9. Il faut donner acc\u00e8s aux Givordins \u00e0 tous types de services et faciliter la communication des dispositifs municipaux qui existent.<\/p>\n\n\n\n<h4 class=\"wp-block-heading\">Quelle relation a Givors avec la m\u00e9tropole ? Comment comptez-vous travailler avec la m\u00e9tropole ?<\/h4>\n\n\n\n<p>C\u2019est le partenaire num\u00e9ro un, la M\u00e9tropole. On doit afficher notre volont\u00e9 d\u2019\u00e9lus pour \u00eatre entendus au niveau de la m\u00e9tropole. On m\u00e8nera des actions, il ne faudra pas qu\u2019on soit dans le discours. On a besoin de la m\u00e9tropole ;<a href=\"https:\/\/retroprospective.millenaire3.com\/Chroniques\/Episode-15\/2007-Givors-et-Grigny-integrent-le-Grand-Lyon\"> on a adh\u00e9r\u00e9 \u00e0 la M\u00e9tropole en 2006<\/a>. Il y avait un r\u00e9f\u00e9rendum qui avait \u00e9t\u00e9 organis\u00e9 \u00e0 Givors pour demander aux habitants s\u2019ils \u00e9taient d\u2019accord de faire partie de la M\u00e9tropole. C\u2019est fantastique \u00e7a, comme d\u00e9mocratie locale ! Il faut que la M\u00e9tropole soit inform\u00e9e de nos projets.<\/p>\n\n\n\n<h4 class=\"wp-block-heading\">Comment redonner de l\u2019attractivit\u00e9 \u00e0 Givors ?<\/h4>\n\n\n\n<p>Priorit\u00e9 num\u00e9ro une : r\u00e9tablir la confiance dans les services. On a besoin d\u2019un service municipal fort, d\u2019hommes et de femmes respect\u00e9.e.s, avec une vraie politique de ressources humaines. Il faut savoir que c\u2019est un petit territoire et que les habitants sont tr\u00e8s sensibles et attentifs \u00e0 ce qu\u2019il se passe dans leur ville. Malheureusement, ces derni\u00e8res ann\u00e9es, on a \u00e9t\u00e9 dans une lutte de clans \u00e0 Givors et \u00e7a a fragilis\u00e9 la confiance. \u00c7a a un impact direct sur les actions que m\u00e8nent les acteurs de la ville : les associations, les clubs sportifs, les commer\u00e7ants. Ce sont eux l\u2019attractivit\u00e9.<\/p>\n\n\n\n<p>Si on veut faire parler de la ville dans le bon sens, il faut \u00eatre performant dans des domaines comme le sport par exemple et qu\u2019on soit capable d\u2019organiser des \u00e9v\u00e9nements r\u00e9guliers sur des th\u00e9matiques. Il faut aussi qu\u2019on attire les entreprises.<\/p>\n\n\n\n<h4 class=\"wp-block-heading\">Givors a des conseils dans 9 quartiers diff\u00e9rents et il y avait 6 permanences citoyennes, est-ce que la d\u00e9mocratie participative caract\u00e9rise Givors selon vous ?<\/h4>\n\n\n\n<p>Il y a toujours eu une volont\u00e9 des \u00e9quipes municipales d\u2019avoir des rendez-vous avec les habitants, dans les quartiers. On voudrait que la population entende 100 % de r\u00e9ponses de la mairie, c\u2019est ce qu\u2019on fera. On peut r\u00e9pondre n\u00e9gativement aux demandes des Givordins mais il faut expliquer pourquoi. Il faut \u00eatre r\u00e9actif, pour favoriser le dialogue.<\/p>\n\n\n\n<p>Retrouvez la suite de l&rsquo;interview <a href=\"https:\/\/lyonbondyblog.fr\/LBB\/mohamed-benoui-on-veut-cest-etre-en-mesure-de-suivre-le-parcours-dun-jeune-partie-2\/\">ici<\/a>.<\/p>\n\n\n\n<p><\/p>\n<!-- AddThis Advanced Settings generic via filter on the_content --><!-- AddThis Share Buttons generic via filter on the_content -->","protected":false},"excerpt":{"rendered":"<p>Avant le premier tour des \u00e9lections municipales de Givors qui aura lieu ce dimanche 5 d\u00e9cembre, le Lyon Bondy Blog est all\u00e9 rencontrer les candidats &hellip; <!-- AddThis Advanced Settings generic via filter on wp_trim_excerpt --><!-- AddThis Share Buttons generic via filter on wp_trim_excerpt --><\/p>\n","protected":false},"author":31860,"featured_media":26193,"comment_status":"open","ping_status":"open","sticky":true,"template":"","format":"standard","meta":{"_FSMCFIC_featured_image_caption":"","_FSMCFIC_featured_image_nocaption":"","_FSMCFIC_featured_image_hide":"","footnotes":""},"categories":[4028,26299,22224,6],"tags":[27191,27605,27606,165],"class_list":["post-26192","post","type-post","status-publish","format-standard","has-post-thumbnail","hentry","category-givors","category-interview","category-municipales-2020-politique","category-politique","tag-elections-municipales-2","tag-elections-municipales-givors","tag-mohamed-benoui","tag-politique-2"],"yoast_head":"<!-- This site is optimized with the Yoast SEO plugin v22.8 - https:\/\/yoast.com\/wordpress\/plugins\/seo\/ -->\n<title>Mohamed Benoui : &quot;Je veux \u00eatre proche des Givordins et penser avec le collectif&quot; - Partie 1<\/title>\n<meta name=\"description\" content=\"Nous sommes all\u00e9s interroger Mohamed Benoui, t\u00eate de liste de \u00ab Givors unie et citoyenne \u00bb, parti sans \u00e9tiquette.\" \/>\n<meta name=\"robots\" content=\"index, follow, max-snippet:-1, max-image-preview:large, max-video-preview:-1\" \/>\n<link rel=\"canonical\" href=\"https:\/\/lyonbondyblog.fr\/LBB\/mohamed-benoui-partie-1\/\" \/>\n<meta property=\"og:locale\" content=\"fr_FR\" \/>\n<meta property=\"og:type\" content=\"article\" \/>\n<meta property=\"og:title\" content=\"Mohamed Benoui : &quot;Je veux \u00eatre proche des Givordins et penser avec le collectif&quot; - Partie 1\" \/>\n<meta property=\"og:description\" content=\"Nous sommes all\u00e9s interroger Mohamed Benoui, t\u00eate de liste de \u00ab Givors unie et citoyenne \u00bb, parti sans \u00e9tiquette.\" \/>\n<meta property=\"og:url\" content=\"https:\/\/lyonbondyblog.fr\/LBB\/mohamed-benoui-partie-1\/\" \/>\n<meta property=\"og:site_name\" content=\"Lyon Bondy Blog\" \/>\n<meta property=\"article:publisher\" content=\"https:\/\/www.facebook.com\/lyonbondyblog\" \/>\n<meta property=\"article:published_time\" content=\"2021-12-03T09:26:30+00:00\" \/>\n<meta property=\"article:modified_time\" content=\"2021-12-03T10:37:19+00:00\" \/>\n<meta property=\"og:image\" content=\"https:\/\/lyonbondyblog.fr\/LBB\/wp-content\/uploads\/2021\/12\/DSC_0070-scaled.jpg\" \/>\n\t<meta property=\"og:image:width\" content=\"2560\" \/>\n\t<meta property=\"og:image:height\" content=\"1707\" \/>\n\t<meta property=\"og:image:type\" content=\"image\/jpeg\" \/>\n<meta name=\"author\" content=\"In\u00e8s Pallot\" \/>\n<meta name=\"twitter:card\" content=\"summary_large_image\" \/>\n<meta name=\"twitter:creator\" content=\"@bondybloglyon\" \/>\n<meta name=\"twitter:site\" content=\"@bondybloglyon\" \/>\n<script type=\"application\/ld+json\" class=\"yoast-schema-graph\">{\"@context\":\"https:\/\/schema.org\",\"@graph\":[{\"@type\":\"Article\",\"@id\":\"https:\/\/lyonbondyblog.fr\/LBB\/mohamed-benoui-partie-1\/#article\",\"isPartOf\":{\"@id\":\"https:\/\/lyonbondyblog.fr\/LBB\/mohamed-benoui-partie-1\/\"},\"author\":{\"name\":\"In\u00e8s Pallot\",\"@id\":\"https:\/\/lyonbondyblog.fr\/LBB\/#\/schema\/person\/9f49d5a620b7ff0b22195422b4ef0cc4\"},\"headline\":\"Mohamed Benoui : \u00ab\u00a0Je veux \u00eatre proche des Givordins et penser avec le collectif\u00a0\u00bb &#8211; Partie 1\",\"datePublished\":\"2021-12-03T09:26:30+00:00\",\"dateModified\":\"2021-12-03T10:37:19+00:00\",\"mainEntityOfPage\":{\"@id\":\"https:\/\/lyonbondyblog.fr\/LBB\/mohamed-benoui-partie-1\/\"},\"wordCount\":1107,\"commentCount\":0,\"publisher\":{\"@id\":\"https:\/\/lyonbondyblog.fr\/LBB\/#organization\"},\"image\":{\"@id\":\"https:\/\/lyonbondyblog.fr\/LBB\/mohamed-benoui-partie-1\/#primaryimage\"},\"thumbnailUrl\":\"https:\/\/lyonbondyblog.fr\/LBB\/wp-content\/uploads\/2021\/12\/DSC_0070-scaled.jpg\",\"keywords\":[\"elections municipales\",\"elections municipales givors\",\"Mohamed Benoui\",\"politique\"],\"articleSection\":[\"Givors\",\"Interview\",\"Municipales 2020\",\"Politique\"],\"inLanguage\":\"fr-FR\",\"potentialAction\":[{\"@type\":\"CommentAction\",\"name\":\"Comment\",\"target\":[\"https:\/\/lyonbondyblog.fr\/LBB\/mohamed-benoui-partie-1\/#respond\"]}]},{\"@type\":\"WebPage\",\"@id\":\"https:\/\/lyonbondyblog.fr\/LBB\/mohamed-benoui-partie-1\/\",\"url\":\"https:\/\/lyonbondyblog.fr\/LBB\/mohamed-benoui-partie-1\/\",\"name\":\"Mohamed Benoui : \\\"Je veux \u00eatre proche des Givordins et penser avec le collectif\\\" - Partie 1\",\"isPartOf\":{\"@id\":\"https:\/\/lyonbondyblog.fr\/LBB\/#website\"},\"primaryImageOfPage\":{\"@id\":\"https:\/\/lyonbondyblog.fr\/LBB\/mohamed-benoui-partie-1\/#primaryimage\"},\"image\":{\"@id\":\"https:\/\/lyonbondyblog.fr\/LBB\/mohamed-benoui-partie-1\/#primaryimage\"},\"thumbnailUrl\":\"https:\/\/lyonbondyblog.fr\/LBB\/wp-content\/uploads\/2021\/12\/DSC_0070-scaled.jpg\",\"datePublished\":\"2021-12-03T09:26:30+00:00\",\"dateModified\":\"2021-12-03T10:37:19+00:00\",\"description\":\"Nous sommes all\u00e9s interroger Mohamed Benoui, t\u00eate de liste de \u00ab Givors unie et citoyenne \u00bb, parti sans \u00e9tiquette.\",\"inLanguage\":\"fr-FR\",\"potentialAction\":[{\"@type\":\"ReadAction\",\"target\":[\"https:\/\/lyonbondyblog.fr\/LBB\/mohamed-benoui-partie-1\/\"]}]},{\"@type\":\"ImageObject\",\"inLanguage\":\"fr-FR\",\"@id\":\"https:\/\/lyonbondyblog.fr\/LBB\/mohamed-benoui-partie-1\/#primaryimage\",\"url\":\"https:\/\/lyonbondyblog.fr\/LBB\/wp-content\/uploads\/2021\/12\/DSC_0070-scaled.jpg\",\"contentUrl\":\"https:\/\/lyonbondyblog.fr\/LBB\/wp-content\/uploads\/2021\/12\/DSC_0070-scaled.jpg\",\"width\":2560,\"height\":1707},{\"@type\":\"WebSite\",\"@id\":\"https:\/\/lyonbondyblog.fr\/LBB\/#website\",\"url\":\"https:\/\/lyonbondyblog.fr\/LBB\/\",\"name\":\"Lyon Bondy Blog\",\"description\":\"\",\"publisher\":{\"@id\":\"https:\/\/lyonbondyblog.fr\/LBB\/#organization\"},\"potentialAction\":[{\"@type\":\"SearchAction\",\"target\":{\"@type\":\"EntryPoint\",\"urlTemplate\":\"https:\/\/lyonbondyblog.fr\/LBB\/?s={search_term_string}\"},\"query-input\":\"required name=search_term_string\"}],\"inLanguage\":\"fr-FR\"},{\"@type\":\"Organization\",\"@id\":\"https:\/\/lyonbondyblog.fr\/LBB\/#organization\",\"name\":\"LYON BONDY BLOG\",\"url\":\"https:\/\/lyonbondyblog.fr\/LBB\/\",\"logo\":{\"@type\":\"ImageObject\",\"inLanguage\":\"fr-FR\",\"@id\":\"https:\/\/lyonbondyblog.fr\/LBB\/#\/schema\/logo\/image\/\",\"url\":\"http:\/\/lyonbondyblog.fr\/LBB\/wp-content\/uploads\/2014\/10\/logo-portable-144.png\",\"contentUrl\":\"http:\/\/lyonbondyblog.fr\/LBB\/wp-content\/uploads\/2014\/10\/logo-portable-144.png\",\"width\":144,\"height\":123,\"caption\":\"LYON BONDY BLOG\"},\"image\":{\"@id\":\"https:\/\/lyonbondyblog.fr\/LBB\/#\/schema\/logo\/image\/\"},\"sameAs\":[\"https:\/\/www.facebook.com\/lyonbondyblog\",\"https:\/\/x.com\/bondybloglyon\"]},{\"@type\":\"Person\",\"@id\":\"https:\/\/lyonbondyblog.fr\/LBB\/#\/schema\/person\/9f49d5a620b7ff0b22195422b4ef0cc4\",\"name\":\"In\u00e8s Pallot\",\"url\":\"https:\/\/lyonbondyblog.fr\/LBB\/author\/inesp\/\"}]}<\/script>\n<!-- \/ Yoast SEO plugin. -->","yoast_head_json":{"title":"Mohamed Benoui : \"Je veux \u00eatre proche des Givordins et penser avec le collectif\" - Partie 1","description":"Nous sommes all\u00e9s interroger Mohamed Benoui, t\u00eate de liste de \u00ab Givors unie et citoyenne \u00bb, parti sans \u00e9tiquette.","robots":{"index":"index","follow":"follow","max-snippet":"max-snippet:-1","max-image-preview":"max-image-preview:large","max-video-preview":"max-video-preview:-1"},"canonical":"https:\/\/lyonbondyblog.fr\/LBB\/mohamed-benoui-partie-1\/","og_locale":"fr_FR","og_type":"article","og_title":"Mohamed Benoui : \"Je veux \u00eatre proche des Givordins et penser avec le collectif\" - Partie 1","og_description":"Nous sommes all\u00e9s interroger Mohamed Benoui, t\u00eate de liste de \u00ab Givors unie et citoyenne \u00bb, parti sans \u00e9tiquette.","og_url":"https:\/\/lyonbondyblog.fr\/LBB\/mohamed-benoui-partie-1\/","og_site_name":"Lyon Bondy Blog","article_publisher":"https:\/\/www.facebook.com\/lyonbondyblog","article_published_time":"2021-12-03T09:26:30+00:00","article_modified_time":"2021-12-03T10:37:19+00:00","og_image":[{"width":2560,"height":1707,"url":"https:\/\/lyonbondyblog.fr\/LBB\/wp-content\/uploads\/2021\/12\/DSC_0070-scaled.jpg","type":"image\/jpeg"}],"author":"In\u00e8s Pallot","twitter_card":"summary_large_image","twitter_creator":"@bondybloglyon","twitter_site":"@bondybloglyon","schema":{"@context":"https:\/\/schema.org","@graph":[{"@type":"Article","@id":"https:\/\/lyonbondyblog.fr\/LBB\/mohamed-benoui-partie-1\/#article","isPartOf":{"@id":"https:\/\/lyonbondyblog.fr\/LBB\/mohamed-benoui-partie-1\/"},"author":{"name":"In\u00e8s Pallot","@id":"https:\/\/lyonbondyblog.fr\/LBB\/#\/schema\/person\/9f49d5a620b7ff0b22195422b4ef0cc4"},"headline":"Mohamed Benoui : \u00ab\u00a0Je veux \u00eatre proche des Givordins et penser avec le collectif\u00a0\u00bb &#8211; Partie 1","datePublished":"2021-12-03T09:26:30+00:00","dateModified":"2021-12-03T10:37:19+00:00","mainEntityOfPage":{"@id":"https:\/\/lyonbondyblog.fr\/LBB\/mohamed-benoui-partie-1\/"},"wordCount":1107,"commentCount":0,"publisher":{"@id":"https:\/\/lyonbondyblog.fr\/LBB\/#organization"},"image":{"@id":"https:\/\/lyonbondyblog.fr\/LBB\/mohamed-benoui-partie-1\/#primaryimage"},"thumbnailUrl":"https:\/\/lyonbondyblog.fr\/LBB\/wp-content\/uploads\/2021\/12\/DSC_0070-scaled.jpg","keywords":["elections municipales","elections municipales givors","Mohamed Benoui","politique"],"articleSection":["Givors","Interview","Municipales 2020","Politique"],"inLanguage":"fr-FR","potentialAction":[{"@type":"CommentAction","name":"Comment","target":["https:\/\/lyonbondyblog.fr\/LBB\/mohamed-benoui-partie-1\/#respond"]}]},{"@type":"WebPage","@id":"https:\/\/lyonbondyblog.fr\/LBB\/mohamed-benoui-partie-1\/","url":"https:\/\/lyonbondyblog.fr\/LBB\/mohamed-benoui-partie-1\/","name":"Mohamed Benoui : \"Je veux \u00eatre proche des Givordins et penser avec le collectif\" - Partie 1","isPartOf":{"@id":"https:\/\/lyonbondyblog.fr\/LBB\/#website"},"primaryImageOfPage":{"@id":"https:\/\/lyonbondyblog.fr\/LBB\/mohamed-benoui-partie-1\/#primaryimage"},"image":{"@id":"https:\/\/lyonbondyblog.fr\/LBB\/mohamed-benoui-partie-1\/#primaryimage"},"thumbnailUrl":"https:\/\/lyonbondyblog.fr\/LBB\/wp-content\/uploads\/2021\/12\/DSC_0070-scaled.jpg","datePublished":"2021-12-03T09:26:30+00:00","dateModified":"2021-12-03T10:37:19+00:00","description":"Nous sommes all\u00e9s interroger Mohamed Benoui, t\u00eate de liste de \u00ab Givors unie et citoyenne \u00bb, parti sans \u00e9tiquette.","inLanguage":"fr-FR","potentialAction":[{"@type":"ReadAction","target":["https:\/\/lyonbondyblog.fr\/LBB\/mohamed-benoui-partie-1\/"]}]},{"@type":"ImageObject","inLanguage":"fr-FR","@id":"https:\/\/lyonbondyblog.fr\/LBB\/mohamed-benoui-partie-1\/#primaryimage","url":"https:\/\/lyonbondyblog.fr\/LBB\/wp-content\/uploads\/2021\/12\/DSC_0070-scaled.jpg","contentUrl":"https:\/\/lyonbondyblog.fr\/LBB\/wp-content\/uploads\/2021\/12\/DSC_0070-scaled.jpg","width":2560,"height":1707},{"@type":"WebSite","@id":"https:\/\/lyonbondyblog.fr\/LBB\/#website","url":"https:\/\/lyonbondyblog.fr\/LBB\/","name":"Lyon Bondy Blog","description":"","publisher":{"@id":"https:\/\/lyonbondyblog.fr\/LBB\/#organization"},"potentialAction":[{"@type":"SearchAction","target":{"@type":"EntryPoint","urlTemplate":"https:\/\/lyonbondyblog.fr\/LBB\/?s={search_term_string}"},"query-input":"required name=search_term_string"}],"inLanguage":"fr-FR"},{"@type":"Organization","@id":"https:\/\/lyonbondyblog.fr\/LBB\/#organization","name":"LYON BONDY BLOG","url":"https:\/\/lyonbondyblog.fr\/LBB\/","logo":{"@type":"ImageObject","inLanguage":"fr-FR","@id":"https:\/\/lyonbondyblog.fr\/LBB\/#\/schema\/logo\/image\/","url":"http:\/\/lyonbondyblog.fr\/LBB\/wp-content\/uploads\/2014\/10\/logo-portable-144.png","contentUrl":"http:\/\/lyonbondyblog.fr\/LBB\/wp-content\/uploads\/2014\/10\/logo-portable-144.png","width":144,"height":123,"caption":"LYON BONDY BLOG"},"image":{"@id":"https:\/\/lyonbondyblog.fr\/LBB\/#\/schema\/logo\/image\/"},"sameAs":["https:\/\/www.facebook.com\/lyonbondyblog","https:\/\/x.com\/bondybloglyon"]},{"@type":"Person","@id":"https:\/\/lyonbondyblog.fr\/LBB\/#\/schema\/person\/9f49d5a620b7ff0b22195422b4ef0cc4","name":"In\u00e8s Pallot","url":"https:\/\/lyonbondyblog.fr\/LBB\/author\/inesp\/"}]}},"_links":{"self":[{"href":"https:\/\/lyonbondyblog.fr\/LBB\/wp-json\/wp\/v2\/posts\/26192","targetHints":{"allow":["GET"]}}],"collection":[{"href":"https:\/\/lyonbondyblog.fr\/LBB\/wp-json\/wp\/v2\/posts"}],"about":[{"href":"https:\/\/lyonbondyblog.fr\/LBB\/wp-json\/wp\/v2\/types\/post"}],"author":[{"embeddable":true,"href":"https:\/\/lyonbondyblog.fr\/LBB\/wp-json\/wp\/v2\/users\/31860"}],"replies":[{"embeddable":true,"href":"https:\/\/lyonbondyblog.fr\/LBB\/wp-json\/wp\/v2\/comments?post=26192"}],"version-history":[{"count":3,"href":"https:\/\/lyonbondyblog.fr\/LBB\/wp-json\/wp\/v2\/posts\/26192\/revisions"}],"predecessor-version":[{"id":26206,"href":"https:\/\/lyonbondyblog.fr\/LBB\/wp-json\/wp\/v2\/posts\/26192\/revisions\/26206"}],"wp:featuredmedia":[{"embeddable":true,"href":"https:\/\/lyonbondyblog.fr\/LBB\/wp-json\/wp\/v2\/media\/26193"}],"wp:attachment":[{"href":"https:\/\/lyonbondyblog.fr\/LBB\/wp-json\/wp\/v2\/media?parent=26192"}],"wp:term":[{"taxonomy":"category","embeddable":true,"href":"https:\/\/lyonbondyblog.fr\/LBB\/wp-json\/wp\/v2\/categories?post=26192"},{"taxonomy":"post_tag","embeddable":true,"href":"https:\/\/lyonbondyblog.fr\/LBB\/wp-json\/wp\/v2\/tags?post=26192"}],"curies":[{"name":"wp","href":"https:\/\/api.w.org\/{rel}","templated":true}]}}