{"id":26174,"date":"2021-12-02T17:21:14","date_gmt":"2021-12-02T16:21:14","guid":{"rendered":"http:\/\/lyonbondyblog.fr\/LBB\/?p=26174"},"modified":"2021-12-02T18:03:19","modified_gmt":"2021-12-02T17:03:19","slug":"mohamed-boudjellaba-la-notion-de-dialogue-est-une-caracteristique-de-givors-qui-est-un-peu-plus-pregnante-quailleurs-partie-1","status":"publish","type":"post","link":"https:\/\/lyonbondyblog.fr\/LBB\/mohamed-boudjellaba-la-notion-de-dialogue-est-une-caracteristique-de-givors-qui-est-un-peu-plus-pregnante-quailleurs-partie-1\/","title":{"rendered":"Mohamed Boudjellaba : \u00ab La notion de dialogue est une caract\u00e9ristique de Givors qui est un peu plus pr\u00e9gnante qu&rsquo;ailleurs \u00bb &#8211; Partie 1"},"content":{"rendered":"\n<h2 class=\"wp-block-heading\">Avant le premier tour des \u00e9lections municipales de Givors qui aura lieu ce dimanche 5 d\u00e9cembre, le Lyon Bondy Blog est all\u00e9 rencontrer les candidats des 6 diff\u00e9rentes listes. Pour cette quatri\u00e8me interview, nous avons interrog\u00e9 l\u2019ancien maire de Givors dont l\u2019\u00e9lection a \u00e9t\u00e9 invalid\u00e9e par le Conseil d\u2019\u00c9tat il y a un mois, Mohamed Boudjellaba (gauche \u00e9cologiste).<\/h2>\n\n\n\n<h4 class=\"wp-block-heading\">Pouvez-vous vous pr\u00e9senter ?<\/h4>\n\n\n\n<p>Je suis Mohamed Boudjellaba, j\u2019ai 52 ans, je suis mari\u00e9, j\u2019ai 4 enfants et je suis l\u2019ancien maire de Givors. Je me pr\u00e9sente \u00e0 cette \u00e9lection parce que je suis un homme politique local qui a envie de changer la vie de ses concitoyens et transformer Givors, qui n\u2019est \u00e0 mes yeux pas suffisamment mise en valeur.<\/p>\n\n\n\n<h4 class=\"wp-block-heading\">Vous \u00e9tiez-vous pr\u00e9par\u00e9 pour cette seconde \u00e9lection ?<\/h4>\n\n\n\n<p>Non, ce n\u2019est pas forc\u00e9ment quelque chose \u00e0 laquelle on se pr\u00e9pare. Par contre, c&rsquo;est un combat que j&rsquo;ai d\u00e9cid\u00e9 de mener car j&rsquo;ai le sentiment qu&rsquo;il y a une forme d&rsquo;injustice \u00e0 notre \u00e9gard.<\/p>\n\n\n\n<h4 class=\"wp-block-heading\">Quels sont les enjeux principaux de Givors ?<\/h4>\n\n\n\n<p>Il faut remettre Givors sur les rails. On souhaite fonder une nouvelle maison de sant\u00e9 pluriprofessionnelle, une nouvelle cr\u00e8che de 60 berceaux d&rsquo;ici la fin du mandat, un nouveau groupe scolaire avec une cantine pour tous. \u00c9galement, on va augmenter le nombre de policiers municipaux et moderniser notre syst\u00e8me de vid\u00e9oprotection. Nous voulons aussi ramener des entreprises pour cr\u00e9er des centaines d&#8217;emplois sur le territoire.<\/p>\n\n\n\n<h4 class=\"wp-block-heading\">Quelle est votre relation avec la m\u00e9tropole ?<\/h4>\n\n\n\n<p>On travaille main dans la main avec la m\u00e9tropole. On s&rsquo;inscrit pleinement dans la m\u00e9tropole avec un soutien plein et entier du pr\u00e9sident de la m\u00e9tropole Bruno Bernard.<\/p>\n\n\n\n<h4 class=\"wp-block-heading\">On entend assez peu parler de Givors contrairement \u00e0 d\u2019autres communes du Rh\u00f4ne comme Villeurbanne. Comment redonner de l\u2019attractivit\u00e9 \u00e0 Givors ?<\/h4>\n\n\n\n<p>Il y a 59 communes dans la m\u00e9tropole, peut \u00eatre que Villeurbanne communique aussi un peu plus que les autres, mais on fait beaucoup de choses \u00e0 Givors avec la m\u00e9tropole. On ach\u00e8te des commerces, on refait nos voiries, on a pris des mesures concernant la propret\u00e9 de la ville avec une collecte de ramassage des ordures m\u00e9nag\u00e8res suppl\u00e9mentaire. Nous travaillons ensemble sur de futurs projets notamment sur le quartier des Vernes. Il faut faire de Givors une ville apais\u00e9e et agr\u00e9able \u00e0 vivre. Nous avons des atouts ; nous sommes \u00e0 la fois \u00e0 la campagne et \u00e0 la ville.<\/p>\n\n\n\n<h4 class=\"wp-block-heading\">Comment on apaise cette ville justement ?<\/h4>\n\n\n\n<p>On a d\u00e9j\u00e0 commenc\u00e9 \u00e0 le faire. Moi, je suis l\u00e0 pour prot\u00e9ger nos concitoyens. Il faut demander plus d&rsquo;effectifs de police nationale comme j&rsquo;ai pu augmenter la police municipale et faire en sorte que les gens se sentent en s\u00e9curit\u00e9 dans notre ville.<\/p>\n\n\n\n<h4 class=\"wp-block-heading\">Givors compte plusieurs conseils de quartiers, est-ce que la d\u00e9mocratie participative est caract\u00e9ristique de Givors ?<\/h4>\n\n\n\n<p>La notion d&rsquo;\u00e9change et de dialogue est une caract\u00e9ristique de Givors qui est un peu plus pr\u00e9gnante qu&rsquo;ailleurs, oui. On discute beaucoup, on partage et ensuite on prend des d\u00e9cisions. Aujourd&rsquo;hui, on est en train de repenser notre mod\u00e8le de concertation et de discussion. \u00c0 la fois il va y avoir des projets qui vont \u00eatre discut\u00e9s avec l&rsquo;ensemble de la ville et \u00e0 la fois nous avons mis en place un budget participatif \u00e0 hauteur de 100 000\u20ac qui va \u00eatre discut\u00e9 par quartier avec les habitants.<\/p>\n\n\n\n<h4 class=\"wp-block-heading\">L\u2019ann\u00e9e derni\u00e8re, le taux d\u2019abstention aux municipales \u00e0 Givors \u00e9tait d\u2019environ 70%. Comment donner envie aux Givordins d\u2019aller voter ?<\/h4>\n\n\n\n<p>C&rsquo;est malheureusement assez connu l\u2019abstention \u00e0 Givors et \u00e7a fait partie des choses, avec la nouvelle \u00e9quipe municipale, sur lesquelles on \u0153uvre. On doit travailler pour faire en sorte que la d\u00e9mocratie puisse agir au mieux et sur l&rsquo;ensemble dans la commune. Il faut faire participer les gens et notamment les jeunes \u00e0 la vie d\u00e9mocratique de leur ville. Il faut sensibiliser \u00e0 la vie politique, aux transformations qu&rsquo;on peut faire sur la ville. C\u2019est un travail au quotidien.<\/p>\n\n\n\n<h4 class=\"wp-block-heading\">Avez-vous des projets de constructions ou de r\u00e9novations ?<\/h4>\n\n\n\n<p>On a arr\u00eat\u00e9 tout projet de logements sociaux \u00e0 Givors parce qu&rsquo;on estime qu&rsquo;il y en a suffisamment et qu&rsquo;aujourd&rsquo;hui on autorisera uniquement les projets d&rsquo;accession \u00e0 la propri\u00e9t\u00e9. Amener les gens \u00e0 acheter c&rsquo;est le travail des promoteurs, c\u2019est eux qui font les projets et nous on valide. Sur l&rsquo;habitat social, l&rsquo;id\u00e9e, c&rsquo;est de moderniser pour rendre du pouvoir d&rsquo;achat aux habitants. Il faut revoir l&rsquo;enveloppe \u00e9nerg\u00e9tique. Quand vous d\u00e9pensez 800 \u20ac de chauffage par an pour un logement social de 50 m\u00b2, avec une enveloppe \u00e9nerg\u00e9tique, vous divisez pratiquement par deux la note de chauffage. C\u2019est vous donner plus de pouvoir d&rsquo;achat aux personnes qui en ont tr\u00e8s peu. Ces projets de r\u00e9novation thermique se font avec les bailleurs sociaux et ce sont des choses qui mettent du temps, mais on y travaille !<\/p>\n\n\n\n<h4 class=\"wp-block-heading\">Concernant les transports, comment comptez-vous faciliter les d\u00e9placements des Givordins ?<\/h4>\n\n\n\n<p>Nous demandons \u00e0 ce que nous soyons relay\u00e9s plus facilement, que ce soit entre Givors et Lyon mais aussi Vienne parce qu&rsquo;on est \u00e0 la crois\u00e9e des chemins. Et puis Brignais avec un tram-train pour lequel on demande un financement \u00e0 la r\u00e9gion. On doit d\u00e9velopper les modes doux avec le v\u00e9lo et les transports en commun avec le Sytral et la SNCF. On doit limiter les d\u00e9placements en voiture. Et pour \u00e7a, les Givordins doivent pouvoir se d\u00e9placer le plus simplement dans notre ville et la m\u00e9tropole en transport en commun. Aussi, on mettra en place des cars interquartiers pour amener les gens soit \u00e0 la gare, soit dans les diff\u00e9rentes administrations. Ce sont des choses que nous sommes en train de construire.<\/p>\n<!-- AddThis Advanced Settings generic via filter on the_content --><!-- AddThis Share Buttons generic via filter on the_content -->","protected":false},"excerpt":{"rendered":"<p>Avant le premier tour des \u00e9lections municipales de Givors qui aura lieu ce dimanche 5 d\u00e9cembre, le Lyon Bondy Blog est all\u00e9 rencontrer les candidats &hellip; <!-- AddThis Advanced Settings generic via filter on wp_trim_excerpt --><!-- AddThis Share Buttons generic via filter on wp_trim_excerpt --><\/p>\n","protected":false},"author":25924,"featured_media":26186,"comment_status":"open","ping_status":"open","sticky":true,"template":"","format":"standard","meta":{"_FSMCFIC_featured_image_caption":"","_FSMCFIC_featured_image_nocaption":"","_FSMCFIC_featured_image_hide":"","footnotes":""},"categories":[4028,26299,22224,6],"tags":[],"class_list":["post-26174","post","type-post","status-publish","format-standard","has-post-thumbnail","hentry","category-givors","category-interview","category-municipales-2020-politique","category-politique"],"yoast_head":"<!-- This site is optimized with the Yoast SEO plugin v22.8 - https:\/\/yoast.com\/wordpress\/plugins\/seo\/ -->\n<title>Mohamed Boudjellaba : \u00ab La notion de dialogue est une caract\u00e9ristique de Givors qui est un peu plus pr\u00e9gnante qu&#039;ailleurs \u00bb - Partie 1<\/title>\n<meta name=\"description\" content=\"Pour cette quatri\u00e8me interview, nous avons interrog\u00e9 l\u2019ancien maire de Givors dont l\u2019\u00e9lection a \u00e9t\u00e9 invalid\u00e9e par le Conseil d\u2019\u00c9tat il y a un mois, Mohamed Boudjellaba.\" \/>\n<meta name=\"robots\" content=\"index, follow, max-snippet:-1, max-image-preview:large, max-video-preview:-1\" \/>\n<link rel=\"canonical\" href=\"https:\/\/lyonbondyblog.fr\/LBB\/mohamed-boudjellaba-la-notion-de-dialogue-est-une-caracteristique-de-givors-qui-est-un-peu-plus-pregnante-quailleurs-partie-1\/\" \/>\n<meta property=\"og:locale\" content=\"fr_FR\" \/>\n<meta property=\"og:type\" content=\"article\" \/>\n<meta property=\"og:title\" content=\"Mohamed Boudjellaba : \u00ab La notion de dialogue est une caract\u00e9ristique de Givors qui est un peu plus pr\u00e9gnante qu&#039;ailleurs \u00bb - Partie 1\" \/>\n<meta property=\"og:description\" content=\"Pour cette quatri\u00e8me interview, nous avons interrog\u00e9 l\u2019ancien maire de Givors dont l\u2019\u00e9lection a \u00e9t\u00e9 invalid\u00e9e par le Conseil d\u2019\u00c9tat il y a un mois, Mohamed Boudjellaba.\" \/>\n<meta property=\"og:url\" content=\"https:\/\/lyonbondyblog.fr\/LBB\/mohamed-boudjellaba-la-notion-de-dialogue-est-une-caracteristique-de-givors-qui-est-un-peu-plus-pregnante-quailleurs-partie-1\/\" \/>\n<meta property=\"og:site_name\" content=\"Lyon Bondy Blog\" \/>\n<meta property=\"article:publisher\" content=\"https:\/\/www.facebook.com\/lyonbondyblog\" \/>\n<meta property=\"article:published_time\" content=\"2021-12-02T16:21:14+00:00\" \/>\n<meta property=\"article:modified_time\" content=\"2021-12-02T17:03:19+00:00\" \/>\n<meta property=\"og:image\" content=\"https:\/\/lyonbondyblog.fr\/LBB\/wp-content\/uploads\/2021\/12\/161466352_107270398109973_3692452974524573792_n.jpg\" \/>\n\t<meta property=\"og:image:width\" content=\"1710\" \/>\n\t<meta property=\"og:image:height\" content=\"1710\" \/>\n\t<meta property=\"og:image:type\" content=\"image\/jpeg\" \/>\n<meta name=\"author\" content=\"Le\u00efla Ghedaifi\" \/>\n<meta name=\"twitter:card\" content=\"summary_large_image\" \/>\n<meta name=\"twitter:creator\" content=\"@bondybloglyon\" \/>\n<meta name=\"twitter:site\" content=\"@bondybloglyon\" \/>\n<script type=\"application\/ld+json\" class=\"yoast-schema-graph\">{\"@context\":\"https:\/\/schema.org\",\"@graph\":[{\"@type\":\"Article\",\"@id\":\"https:\/\/lyonbondyblog.fr\/LBB\/mohamed-boudjellaba-la-notion-de-dialogue-est-une-caracteristique-de-givors-qui-est-un-peu-plus-pregnante-quailleurs-partie-1\/#article\",\"isPartOf\":{\"@id\":\"https:\/\/lyonbondyblog.fr\/LBB\/mohamed-boudjellaba-la-notion-de-dialogue-est-une-caracteristique-de-givors-qui-est-un-peu-plus-pregnante-quailleurs-partie-1\/\"},\"author\":{\"name\":\"Le\u00efla Ghedaifi\",\"@id\":\"https:\/\/lyonbondyblog.fr\/LBB\/#\/schema\/person\/9946d294cefda5a37cd7d7ef5e8c298d\"},\"headline\":\"Mohamed Boudjellaba : \u00ab La notion de dialogue est une caract\u00e9ristique de Givors qui est un peu plus pr\u00e9gnante qu&rsquo;ailleurs \u00bb &#8211; Partie 1\",\"datePublished\":\"2021-12-02T16:21:14+00:00\",\"dateModified\":\"2021-12-02T17:03:19+00:00\",\"mainEntityOfPage\":{\"@id\":\"https:\/\/lyonbondyblog.fr\/LBB\/mohamed-boudjellaba-la-notion-de-dialogue-est-une-caracteristique-de-givors-qui-est-un-peu-plus-pregnante-quailleurs-partie-1\/\"},\"wordCount\":980,\"commentCount\":0,\"publisher\":{\"@id\":\"https:\/\/lyonbondyblog.fr\/LBB\/#organization\"},\"image\":{\"@id\":\"https:\/\/lyonbondyblog.fr\/LBB\/mohamed-boudjellaba-la-notion-de-dialogue-est-une-caracteristique-de-givors-qui-est-un-peu-plus-pregnante-quailleurs-partie-1\/#primaryimage\"},\"thumbnailUrl\":\"https:\/\/lyonbondyblog.fr\/LBB\/wp-content\/uploads\/2021\/12\/161466352_107270398109973_3692452974524573792_n.jpg\",\"articleSection\":[\"Givors\",\"Interview\",\"Municipales 2020\",\"Politique\"],\"inLanguage\":\"fr-FR\",\"potentialAction\":[{\"@type\":\"CommentAction\",\"name\":\"Comment\",\"target\":[\"https:\/\/lyonbondyblog.fr\/LBB\/mohamed-boudjellaba-la-notion-de-dialogue-est-une-caracteristique-de-givors-qui-est-un-peu-plus-pregnante-quailleurs-partie-1\/#respond\"]}]},{\"@type\":\"WebPage\",\"@id\":\"https:\/\/lyonbondyblog.fr\/LBB\/mohamed-boudjellaba-la-notion-de-dialogue-est-une-caracteristique-de-givors-qui-est-un-peu-plus-pregnante-quailleurs-partie-1\/\",\"url\":\"https:\/\/lyonbondyblog.fr\/LBB\/mohamed-boudjellaba-la-notion-de-dialogue-est-une-caracteristique-de-givors-qui-est-un-peu-plus-pregnante-quailleurs-partie-1\/\",\"name\":\"Mohamed Boudjellaba : \u00ab La notion de dialogue est une caract\u00e9ristique de Givors qui est un peu plus pr\u00e9gnante qu'ailleurs \u00bb - Partie 1\",\"isPartOf\":{\"@id\":\"https:\/\/lyonbondyblog.fr\/LBB\/#website\"},\"primaryImageOfPage\":{\"@id\":\"https:\/\/lyonbondyblog.fr\/LBB\/mohamed-boudjellaba-la-notion-de-dialogue-est-une-caracteristique-de-givors-qui-est-un-peu-plus-pregnante-quailleurs-partie-1\/#primaryimage\"},\"image\":{\"@id\":\"https:\/\/lyonbondyblog.fr\/LBB\/mohamed-boudjellaba-la-notion-de-dialogue-est-une-caracteristique-de-givors-qui-est-un-peu-plus-pregnante-quailleurs-partie-1\/#primaryimage\"},\"thumbnailUrl\":\"https:\/\/lyonbondyblog.fr\/LBB\/wp-content\/uploads\/2021\/12\/161466352_107270398109973_3692452974524573792_n.jpg\",\"datePublished\":\"2021-12-02T16:21:14+00:00\",\"dateModified\":\"2021-12-02T17:03:19+00:00\",\"description\":\"Pour cette quatri\u00e8me interview, nous avons interrog\u00e9 l\u2019ancien maire de Givors dont l\u2019\u00e9lection a \u00e9t\u00e9 invalid\u00e9e par le Conseil d\u2019\u00c9tat il y a un mois, Mohamed Boudjellaba.\",\"inLanguage\":\"fr-FR\",\"potentialAction\":[{\"@type\":\"ReadAction\",\"target\":[\"https:\/\/lyonbondyblog.fr\/LBB\/mohamed-boudjellaba-la-notion-de-dialogue-est-une-caracteristique-de-givors-qui-est-un-peu-plus-pregnante-quailleurs-partie-1\/\"]}]},{\"@type\":\"ImageObject\",\"inLanguage\":\"fr-FR\",\"@id\":\"https:\/\/lyonbondyblog.fr\/LBB\/mohamed-boudjellaba-la-notion-de-dialogue-est-une-caracteristique-de-givors-qui-est-un-peu-plus-pregnante-quailleurs-partie-1\/#primaryimage\",\"url\":\"https:\/\/lyonbondyblog.fr\/LBB\/wp-content\/uploads\/2021\/12\/161466352_107270398109973_3692452974524573792_n.jpg\",\"contentUrl\":\"https:\/\/lyonbondyblog.fr\/LBB\/wp-content\/uploads\/2021\/12\/161466352_107270398109973_3692452974524573792_n.jpg\",\"width\":1710,\"height\":1710},{\"@type\":\"WebSite\",\"@id\":\"https:\/\/lyonbondyblog.fr\/LBB\/#website\",\"url\":\"https:\/\/lyonbondyblog.fr\/LBB\/\",\"name\":\"Lyon Bondy Blog\",\"description\":\"\",\"publisher\":{\"@id\":\"https:\/\/lyonbondyblog.fr\/LBB\/#organization\"},\"potentialAction\":[{\"@type\":\"SearchAction\",\"target\":{\"@type\":\"EntryPoint\",\"urlTemplate\":\"https:\/\/lyonbondyblog.fr\/LBB\/?s={search_term_string}\"},\"query-input\":\"required name=search_term_string\"}],\"inLanguage\":\"fr-FR\"},{\"@type\":\"Organization\",\"@id\":\"https:\/\/lyonbondyblog.fr\/LBB\/#organization\",\"name\":\"LYON BONDY BLOG\",\"url\":\"https:\/\/lyonbondyblog.fr\/LBB\/\",\"logo\":{\"@type\":\"ImageObject\",\"inLanguage\":\"fr-FR\",\"@id\":\"https:\/\/lyonbondyblog.fr\/LBB\/#\/schema\/logo\/image\/\",\"url\":\"http:\/\/lyonbondyblog.fr\/LBB\/wp-content\/uploads\/2014\/10\/logo-portable-144.png\",\"contentUrl\":\"http:\/\/lyonbondyblog.fr\/LBB\/wp-content\/uploads\/2014\/10\/logo-portable-144.png\",\"width\":144,\"height\":123,\"caption\":\"LYON BONDY BLOG\"},\"image\":{\"@id\":\"https:\/\/lyonbondyblog.fr\/LBB\/#\/schema\/logo\/image\/\"},\"sameAs\":[\"https:\/\/www.facebook.com\/lyonbondyblog\",\"https:\/\/x.com\/bondybloglyon\"]},{\"@type\":\"Person\",\"@id\":\"https:\/\/lyonbondyblog.fr\/LBB\/#\/schema\/person\/9946d294cefda5a37cd7d7ef5e8c298d\",\"name\":\"Le\u00efla Ghedaifi\",\"url\":\"https:\/\/lyonbondyblog.fr\/LBB\/author\/leilag\/\"}]}<\/script>\n<!-- \/ Yoast SEO plugin. -->","yoast_head_json":{"title":"Mohamed Boudjellaba : \u00ab La notion de dialogue est une caract\u00e9ristique de Givors qui est un peu plus pr\u00e9gnante qu'ailleurs \u00bb - Partie 1","description":"Pour cette quatri\u00e8me interview, nous avons interrog\u00e9 l\u2019ancien maire de Givors dont l\u2019\u00e9lection a \u00e9t\u00e9 invalid\u00e9e par le Conseil d\u2019\u00c9tat il y a un mois, Mohamed Boudjellaba.","robots":{"index":"index","follow":"follow","max-snippet":"max-snippet:-1","max-image-preview":"max-image-preview:large","max-video-preview":"max-video-preview:-1"},"canonical":"https:\/\/lyonbondyblog.fr\/LBB\/mohamed-boudjellaba-la-notion-de-dialogue-est-une-caracteristique-de-givors-qui-est-un-peu-plus-pregnante-quailleurs-partie-1\/","og_locale":"fr_FR","og_type":"article","og_title":"Mohamed Boudjellaba : \u00ab La notion de dialogue est une caract\u00e9ristique de Givors qui est un peu plus pr\u00e9gnante qu'ailleurs \u00bb - Partie 1","og_description":"Pour cette quatri\u00e8me interview, nous avons interrog\u00e9 l\u2019ancien maire de Givors dont l\u2019\u00e9lection a \u00e9t\u00e9 invalid\u00e9e par le Conseil d\u2019\u00c9tat il y a un mois, Mohamed Boudjellaba.","og_url":"https:\/\/lyonbondyblog.fr\/LBB\/mohamed-boudjellaba-la-notion-de-dialogue-est-une-caracteristique-de-givors-qui-est-un-peu-plus-pregnante-quailleurs-partie-1\/","og_site_name":"Lyon Bondy Blog","article_publisher":"https:\/\/www.facebook.com\/lyonbondyblog","article_published_time":"2021-12-02T16:21:14+00:00","article_modified_time":"2021-12-02T17:03:19+00:00","og_image":[{"width":1710,"height":1710,"url":"https:\/\/lyonbondyblog.fr\/LBB\/wp-content\/uploads\/2021\/12\/161466352_107270398109973_3692452974524573792_n.jpg","type":"image\/jpeg"}],"author":"Le\u00efla Ghedaifi","twitter_card":"summary_large_image","twitter_creator":"@bondybloglyon","twitter_site":"@bondybloglyon","schema":{"@context":"https:\/\/schema.org","@graph":[{"@type":"Article","@id":"https:\/\/lyonbondyblog.fr\/LBB\/mohamed-boudjellaba-la-notion-de-dialogue-est-une-caracteristique-de-givors-qui-est-un-peu-plus-pregnante-quailleurs-partie-1\/#article","isPartOf":{"@id":"https:\/\/lyonbondyblog.fr\/LBB\/mohamed-boudjellaba-la-notion-de-dialogue-est-une-caracteristique-de-givors-qui-est-un-peu-plus-pregnante-quailleurs-partie-1\/"},"author":{"name":"Le\u00efla Ghedaifi","@id":"https:\/\/lyonbondyblog.fr\/LBB\/#\/schema\/person\/9946d294cefda5a37cd7d7ef5e8c298d"},"headline":"Mohamed Boudjellaba : \u00ab La notion de dialogue est une caract\u00e9ristique de Givors qui est un peu plus pr\u00e9gnante qu&rsquo;ailleurs \u00bb &#8211; Partie 1","datePublished":"2021-12-02T16:21:14+00:00","dateModified":"2021-12-02T17:03:19+00:00","mainEntityOfPage":{"@id":"https:\/\/lyonbondyblog.fr\/LBB\/mohamed-boudjellaba-la-notion-de-dialogue-est-une-caracteristique-de-givors-qui-est-un-peu-plus-pregnante-quailleurs-partie-1\/"},"wordCount":980,"commentCount":0,"publisher":{"@id":"https:\/\/lyonbondyblog.fr\/LBB\/#organization"},"image":{"@id":"https:\/\/lyonbondyblog.fr\/LBB\/mohamed-boudjellaba-la-notion-de-dialogue-est-une-caracteristique-de-givors-qui-est-un-peu-plus-pregnante-quailleurs-partie-1\/#primaryimage"},"thumbnailUrl":"https:\/\/lyonbondyblog.fr\/LBB\/wp-content\/uploads\/2021\/12\/161466352_107270398109973_3692452974524573792_n.jpg","articleSection":["Givors","Interview","Municipales 2020","Politique"],"inLanguage":"fr-FR","potentialAction":[{"@type":"CommentAction","name":"Comment","target":["https:\/\/lyonbondyblog.fr\/LBB\/mohamed-boudjellaba-la-notion-de-dialogue-est-une-caracteristique-de-givors-qui-est-un-peu-plus-pregnante-quailleurs-partie-1\/#respond"]}]},{"@type":"WebPage","@id":"https:\/\/lyonbondyblog.fr\/LBB\/mohamed-boudjellaba-la-notion-de-dialogue-est-une-caracteristique-de-givors-qui-est-un-peu-plus-pregnante-quailleurs-partie-1\/","url":"https:\/\/lyonbondyblog.fr\/LBB\/mohamed-boudjellaba-la-notion-de-dialogue-est-une-caracteristique-de-givors-qui-est-un-peu-plus-pregnante-quailleurs-partie-1\/","name":"Mohamed Boudjellaba : \u00ab La notion de dialogue est une caract\u00e9ristique de Givors qui est un peu plus pr\u00e9gnante qu'ailleurs \u00bb - Partie 1","isPartOf":{"@id":"https:\/\/lyonbondyblog.fr\/LBB\/#website"},"primaryImageOfPage":{"@id":"https:\/\/lyonbondyblog.fr\/LBB\/mohamed-boudjellaba-la-notion-de-dialogue-est-une-caracteristique-de-givors-qui-est-un-peu-plus-pregnante-quailleurs-partie-1\/#primaryimage"},"image":{"@id":"https:\/\/lyonbondyblog.fr\/LBB\/mohamed-boudjellaba-la-notion-de-dialogue-est-une-caracteristique-de-givors-qui-est-un-peu-plus-pregnante-quailleurs-partie-1\/#primaryimage"},"thumbnailUrl":"https:\/\/lyonbondyblog.fr\/LBB\/wp-content\/uploads\/2021\/12\/161466352_107270398109973_3692452974524573792_n.jpg","datePublished":"2021-12-02T16:21:14+00:00","dateModified":"2021-12-02T17:03:19+00:00","description":"Pour cette quatri\u00e8me interview, nous avons interrog\u00e9 l\u2019ancien maire de Givors dont l\u2019\u00e9lection a \u00e9t\u00e9 invalid\u00e9e par le Conseil d\u2019\u00c9tat il y a un mois, Mohamed Boudjellaba.","inLanguage":"fr-FR","potentialAction":[{"@type":"ReadAction","target":["https:\/\/lyonbondyblog.fr\/LBB\/mohamed-boudjellaba-la-notion-de-dialogue-est-une-caracteristique-de-givors-qui-est-un-peu-plus-pregnante-quailleurs-partie-1\/"]}]},{"@type":"ImageObject","inLanguage":"fr-FR","@id":"https:\/\/lyonbondyblog.fr\/LBB\/mohamed-boudjellaba-la-notion-de-dialogue-est-une-caracteristique-de-givors-qui-est-un-peu-plus-pregnante-quailleurs-partie-1\/#primaryimage","url":"https:\/\/lyonbondyblog.fr\/LBB\/wp-content\/uploads\/2021\/12\/161466352_107270398109973_3692452974524573792_n.jpg","contentUrl":"https:\/\/lyonbondyblog.fr\/LBB\/wp-content\/uploads\/2021\/12\/161466352_107270398109973_3692452974524573792_n.jpg","width":1710,"height":1710},{"@type":"WebSite","@id":"https:\/\/lyonbondyblog.fr\/LBB\/#website","url":"https:\/\/lyonbondyblog.fr\/LBB\/","name":"Lyon Bondy Blog","description":"","publisher":{"@id":"https:\/\/lyonbondyblog.fr\/LBB\/#organization"},"potentialAction":[{"@type":"SearchAction","target":{"@type":"EntryPoint","urlTemplate":"https:\/\/lyonbondyblog.fr\/LBB\/?s={search_term_string}"},"query-input":"required name=search_term_string"}],"inLanguage":"fr-FR"},{"@type":"Organization","@id":"https:\/\/lyonbondyblog.fr\/LBB\/#organization","name":"LYON BONDY BLOG","url":"https:\/\/lyonbondyblog.fr\/LBB\/","logo":{"@type":"ImageObject","inLanguage":"fr-FR","@id":"https:\/\/lyonbondyblog.fr\/LBB\/#\/schema\/logo\/image\/","url":"http:\/\/lyonbondyblog.fr\/LBB\/wp-content\/uploads\/2014\/10\/logo-portable-144.png","contentUrl":"http:\/\/lyonbondyblog.fr\/LBB\/wp-content\/uploads\/2014\/10\/logo-portable-144.png","width":144,"height":123,"caption":"LYON BONDY BLOG"},"image":{"@id":"https:\/\/lyonbondyblog.fr\/LBB\/#\/schema\/logo\/image\/"},"sameAs":["https:\/\/www.facebook.com\/lyonbondyblog","https:\/\/x.com\/bondybloglyon"]},{"@type":"Person","@id":"https:\/\/lyonbondyblog.fr\/LBB\/#\/schema\/person\/9946d294cefda5a37cd7d7ef5e8c298d","name":"Le\u00efla Ghedaifi","url":"https:\/\/lyonbondyblog.fr\/LBB\/author\/leilag\/"}]}},"_links":{"self":[{"href":"https:\/\/lyonbondyblog.fr\/LBB\/wp-json\/wp\/v2\/posts\/26174","targetHints":{"allow":["GET"]}}],"collection":[{"href":"https:\/\/lyonbondyblog.fr\/LBB\/wp-json\/wp\/v2\/posts"}],"about":[{"href":"https:\/\/lyonbondyblog.fr\/LBB\/wp-json\/wp\/v2\/types\/post"}],"author":[{"embeddable":true,"href":"https:\/\/lyonbondyblog.fr\/LBB\/wp-json\/wp\/v2\/users\/25924"}],"replies":[{"embeddable":true,"href":"https:\/\/lyonbondyblog.fr\/LBB\/wp-json\/wp\/v2\/comments?post=26174"}],"version-history":[{"count":7,"href":"https:\/\/lyonbondyblog.fr\/LBB\/wp-json\/wp\/v2\/posts\/26174\/revisions"}],"predecessor-version":[{"id":26187,"href":"https:\/\/lyonbondyblog.fr\/LBB\/wp-json\/wp\/v2\/posts\/26174\/revisions\/26187"}],"wp:featuredmedia":[{"embeddable":true,"href":"https:\/\/lyonbondyblog.fr\/LBB\/wp-json\/wp\/v2\/media\/26186"}],"wp:attachment":[{"href":"https:\/\/lyonbondyblog.fr\/LBB\/wp-json\/wp\/v2\/media?parent=26174"}],"wp:term":[{"taxonomy":"category","embeddable":true,"href":"https:\/\/lyonbondyblog.fr\/LBB\/wp-json\/wp\/v2\/categories?post=26174"},{"taxonomy":"post_tag","embeddable":true,"href":"https:\/\/lyonbondyblog.fr\/LBB\/wp-json\/wp\/v2\/tags?post=26174"}],"curies":[{"name":"wp","href":"https:\/\/api.w.org\/{rel}","templated":true}]}}