{"id":2606,"date":"2010-07-28T16:28:44","date_gmt":"2010-07-28T14:28:44","guid":{"rendered":"http:\/\/lyonbondyblog.fr\/LBB\/?p=2606"},"modified":"2013-07-31T16:31:17","modified_gmt":"2013-07-31T14:31:17","slug":"le-mondial-est-termine-redescendons-sur-terre","status":"publish","type":"post","link":"https:\/\/lyonbondyblog.fr\/LBB\/le-mondial-est-termine-redescendons-sur-terre\/","title":{"rendered":"\u00ab\u00a0Le Mondial est termin\u00e9, redescendons sur terre !\u00a0\u00bb"},"content":{"rendered":"<p><strong>EDITO. Chaque semaine, un Lyon Bondy Blogueur livre son coup de gueule ou coup de coeur sur un sujet d&rsquo;actualit\u00e9.<\/strong><\/p>\n<div><a title=\" -- Cliquez pour voir l'image en entier\" href=\"http:\/\/yahoo.lyon.bondyblog.fr\/images\/1280305457.jpg\" target=\"_blank\"> <img decoding=\"async\" class=\"alignright\" alt=\" -- Cliquez pour voir l'image en entier\" src=\"http:\/\/yahoo.lyon.bondyblog.fr\/images\/1280305457_t.jpg\" border=\"0\" \/> <\/a><\/div>\n<div><\/div>\n<p>Et voil\u00e0, c&rsquo;est fini, la coupe du monde, l&rsquo;euphorie des apr\u00e8s-midi et des soir\u00e9es de matches. C&rsquo;est fini aussi, les 30 minutes d\u00e9di\u00e9es au foot dans tous les journaux. Revenons sur terre. Et allons voir ce qui sent mauvais dans ce royaume appel\u00e9 France.<\/p>\n<p>Durant 1 mois et demi, pendant que l&rsquo;on regardait avec espoir et ensuite honte la Coupe du Monde, ILS ont modifi\u00e9 nos vies. On devait d\u00e9j\u00e0 travailler plus pour essayer de gagner plus. D\u00e9sormais on doit travailler plus, cotiser plus et essayer de vivre plus.\u00a0\u00ab\u00a0Mon but, c&rsquo;est que chacun d&rsquo;entre vous, quand le moment de la retraite sera venu, puisse se dire &lsquo;j&rsquo;ai cotis\u00e9 toute ma vie, on va me payer ma retraite\u00a0\u00bb a-t-il dit, notre roi.\u00a0Dans ces mots, aussi beaux que fragiles, l&rsquo;on cache le ch\u00f4mage que l&rsquo;on oublie \u00e0 chaque virage du Tour de France, la hausse des jeunes dipl\u00f4m\u00e9s ( Bac+5) qui gal\u00e8rent pour trouver un travail&#8230; au McDo.<\/p>\n<p>Jusqu&rsquo;ici, \u00e0 l&rsquo;ouest, rien de nouveau. Nous sommes d\u00e9j\u00e0 habitu\u00e9s \u00e0 voir des jeunes rater leur vie, des personnes plus \u00e2g\u00e9es toucher le RMI, RSA ou n&rsquo;importe quelle autre abr\u00e9viation d\u00e9mago. Ce que l&rsquo;on a appris entre un coup de ros\u00e9 et un morceau de viande grill\u00e9e au barbecue, ce f\u00fbt l&rsquo;affaire Bettencourt. Presque 3 millions de r\u00e9sultats sur Google, \u00e0 la Une de tous les journaux.\u00a0On est pass\u00e9 de 11 joueurs incapables qui faisaient semblant de courir apr\u00e8s d\u2019un ballon \u00e0 2 personnes (Woerth et Bettencourt) qui jouent parfaitement la suite du film \u201cArr\u00eate moi si tu peux\u201d.<\/p>\n<p>On ne parle que de \u00e7a \u00e0 la t\u00e9l\u00e9, \u00e0 la radio, sur internet, dans les bars. La burqa, on n\u2019en parle plus, l\u2019ap\u00e9ro saucisson et pinard ne f\u00fbt qu\u2019un tube de printemps.<\/p>\n<p>R\u00e9sum\u00e9 de l\u2019Op\u00e9ra: nous sommes en train d\u2019assister \u00e0 l\u2019\u00e9croulement de la \u201cR\u00e9publique irr\u00e9prochable\u201d promise en 2007 mais il n\u2019y a rien d\u2019autre \u00e0 faire, sinon de continuer de regarder la t\u00e9l\u00e9, lire les articles sur le web et attendre Godot, mais pas trop quand m\u00eame&#8230;<\/p>\n<p>&nbsp;<\/p>\n<p style=\"text-align: right;\"><span style=\"text-decoration: underline;\">Alesson Souza<\/span><\/p>\n<!-- AddThis Advanced Settings generic via filter on the_content --><!-- AddThis Share Buttons generic via filter on the_content -->","protected":false},"excerpt":{"rendered":"<p>EDITO. Chaque semaine, un Lyon Bondy Blogueur livre son coup de gueule ou coup de coeur sur un sujet d&rsquo;actualit\u00e9. Et voil\u00e0, c&rsquo;est fini, la &hellip; <!-- AddThis Advanced Settings generic via filter on wp_trim_excerpt --><!-- AddThis Share Buttons generic via filter on wp_trim_excerpt --><\/p>\n","protected":false},"author":1,"featured_media":2607,"comment_status":"open","ping_status":"open","sticky":false,"template":"","format":"standard","meta":{"_FSMCFIC_featured_image_caption":"","_FSMCFIC_featured_image_nocaption":"","_FSMCFIC_featured_image_hide":"","footnotes":""},"categories":[4],"tags":[10,112],"class_list":["post-2606","post","type-post","status-publish","format-standard","has-post-thumbnail","hentry","category-lyon","tag-lyon-2","tag-lyon-bondy-blog"],"yoast_head":"<!-- This site is optimized with the Yoast SEO plugin v22.8 - https:\/\/yoast.com\/wordpress\/plugins\/seo\/ -->\n<title>&quot;Le Mondial est termin\u00e9, redescendons sur terre !&quot; - Lyon Bondy Blog<\/title>\n<meta name=\"robots\" content=\"index, follow, max-snippet:-1, max-image-preview:large, max-video-preview:-1\" \/>\n<link rel=\"canonical\" href=\"https:\/\/lyonbondyblog.fr\/LBB\/le-mondial-est-termine-redescendons-sur-terre\/\" \/>\n<meta property=\"og:locale\" content=\"fr_FR\" \/>\n<meta property=\"og:type\" content=\"article\" \/>\n<meta property=\"og:title\" content=\"&quot;Le Mondial est termin\u00e9, redescendons sur terre !&quot; - Lyon Bondy Blog\" \/>\n<meta property=\"og:description\" content=\"EDITO. Chaque semaine, un Lyon Bondy Blogueur livre son coup de gueule ou coup de coeur sur un sujet d&rsquo;actualit\u00e9. Et voil\u00e0, c&rsquo;est fini, la &hellip;\" \/>\n<meta property=\"og:url\" content=\"https:\/\/lyonbondyblog.fr\/LBB\/le-mondial-est-termine-redescendons-sur-terre\/\" \/>\n<meta property=\"og:site_name\" content=\"Lyon Bondy Blog\" \/>\n<meta property=\"article:publisher\" content=\"https:\/\/www.facebook.com\/lyonbondyblog\" \/>\n<meta property=\"article:author\" content=\"https:\/\/www.facebook.com\/lyonbondyblog\" \/>\n<meta property=\"article:published_time\" content=\"2010-07-28T14:28:44+00:00\" \/>\n<meta property=\"article:modified_time\" content=\"2013-07-31T14:31:17+00:00\" \/>\n<meta property=\"og:image\" content=\"https:\/\/lyonbondyblog.fr\/LBB\/wp-content\/uploads\/2013\/07\/1280305457_t.jpg\" \/>\n\t<meta property=\"og:image:width\" content=\"194\" \/>\n\t<meta property=\"og:image:height\" content=\"161\" \/>\n\t<meta property=\"og:image:type\" content=\"image\/jpeg\" \/>\n<meta name=\"author\" content=\"La r\u00e9daction\" \/>\n<meta name=\"twitter:card\" content=\"summary_large_image\" \/>\n<meta name=\"twitter:creator\" content=\"@BondyBlogLyon\" \/>\n<meta name=\"twitter:site\" content=\"@bondybloglyon\" \/>\n<script type=\"application\/ld+json\" class=\"yoast-schema-graph\">{\"@context\":\"https:\/\/schema.org\",\"@graph\":[{\"@type\":\"Article\",\"@id\":\"https:\/\/lyonbondyblog.fr\/LBB\/le-mondial-est-termine-redescendons-sur-terre\/#article\",\"isPartOf\":{\"@id\":\"https:\/\/lyonbondyblog.fr\/LBB\/le-mondial-est-termine-redescendons-sur-terre\/\"},\"author\":{\"name\":\"La r\u00e9daction\",\"@id\":\"https:\/\/lyonbondyblog.fr\/LBB\/#\/schema\/person\/e45f8d27baac75072daa0be50c409b25\"},\"headline\":\"\u00ab\u00a0Le Mondial est termin\u00e9, redescendons sur terre !\u00a0\u00bb\",\"datePublished\":\"2010-07-28T14:28:44+00:00\",\"dateModified\":\"2013-07-31T14:31:17+00:00\",\"mainEntityOfPage\":{\"@id\":\"https:\/\/lyonbondyblog.fr\/LBB\/le-mondial-est-termine-redescendons-sur-terre\/\"},\"wordCount\":389,\"commentCount\":0,\"publisher\":{\"@id\":\"https:\/\/lyonbondyblog.fr\/LBB\/#organization\"},\"image\":{\"@id\":\"https:\/\/lyonbondyblog.fr\/LBB\/le-mondial-est-termine-redescendons-sur-terre\/#primaryimage\"},\"thumbnailUrl\":\"https:\/\/lyonbondyblog.fr\/LBB\/wp-content\/uploads\/2013\/07\/1280305457_t.jpg\",\"keywords\":[\"lyon\",\"Lyon Bondy Blog\"],\"articleSection\":[\"Lyon\"],\"inLanguage\":\"fr-FR\",\"potentialAction\":[{\"@type\":\"CommentAction\",\"name\":\"Comment\",\"target\":[\"https:\/\/lyonbondyblog.fr\/LBB\/le-mondial-est-termine-redescendons-sur-terre\/#respond\"]}]},{\"@type\":\"WebPage\",\"@id\":\"https:\/\/lyonbondyblog.fr\/LBB\/le-mondial-est-termine-redescendons-sur-terre\/\",\"url\":\"https:\/\/lyonbondyblog.fr\/LBB\/le-mondial-est-termine-redescendons-sur-terre\/\",\"name\":\"\\\"Le Mondial est termin\u00e9, redescendons sur terre !\\\" - Lyon Bondy Blog\",\"isPartOf\":{\"@id\":\"https:\/\/lyonbondyblog.fr\/LBB\/#website\"},\"primaryImageOfPage\":{\"@id\":\"https:\/\/lyonbondyblog.fr\/LBB\/le-mondial-est-termine-redescendons-sur-terre\/#primaryimage\"},\"image\":{\"@id\":\"https:\/\/lyonbondyblog.fr\/LBB\/le-mondial-est-termine-redescendons-sur-terre\/#primaryimage\"},\"thumbnailUrl\":\"https:\/\/lyonbondyblog.fr\/LBB\/wp-content\/uploads\/2013\/07\/1280305457_t.jpg\",\"datePublished\":\"2010-07-28T14:28:44+00:00\",\"dateModified\":\"2013-07-31T14:31:17+00:00\",\"inLanguage\":\"fr-FR\",\"potentialAction\":[{\"@type\":\"ReadAction\",\"target\":[\"https:\/\/lyonbondyblog.fr\/LBB\/le-mondial-est-termine-redescendons-sur-terre\/\"]}]},{\"@type\":\"ImageObject\",\"inLanguage\":\"fr-FR\",\"@id\":\"https:\/\/lyonbondyblog.fr\/LBB\/le-mondial-est-termine-redescendons-sur-terre\/#primaryimage\",\"url\":\"https:\/\/lyonbondyblog.fr\/LBB\/wp-content\/uploads\/2013\/07\/1280305457_t.jpg\",\"contentUrl\":\"https:\/\/lyonbondyblog.fr\/LBB\/wp-content\/uploads\/2013\/07\/1280305457_t.jpg\",\"width\":194,\"height\":161},{\"@type\":\"WebSite\",\"@id\":\"https:\/\/lyonbondyblog.fr\/LBB\/#website\",\"url\":\"https:\/\/lyonbondyblog.fr\/LBB\/\",\"name\":\"Lyon Bondy Blog\",\"description\":\"\",\"publisher\":{\"@id\":\"https:\/\/lyonbondyblog.fr\/LBB\/#organization\"},\"potentialAction\":[{\"@type\":\"SearchAction\",\"target\":{\"@type\":\"EntryPoint\",\"urlTemplate\":\"https:\/\/lyonbondyblog.fr\/LBB\/?s={search_term_string}\"},\"query-input\":\"required name=search_term_string\"}],\"inLanguage\":\"fr-FR\"},{\"@type\":\"Organization\",\"@id\":\"https:\/\/lyonbondyblog.fr\/LBB\/#organization\",\"name\":\"LYON BONDY BLOG\",\"url\":\"https:\/\/lyonbondyblog.fr\/LBB\/\",\"logo\":{\"@type\":\"ImageObject\",\"inLanguage\":\"fr-FR\",\"@id\":\"https:\/\/lyonbondyblog.fr\/LBB\/#\/schema\/logo\/image\/\",\"url\":\"http:\/\/lyonbondyblog.fr\/LBB\/wp-content\/uploads\/2014\/10\/logo-portable-144.png\",\"contentUrl\":\"http:\/\/lyonbondyblog.fr\/LBB\/wp-content\/uploads\/2014\/10\/logo-portable-144.png\",\"width\":144,\"height\":123,\"caption\":\"LYON BONDY BLOG\"},\"image\":{\"@id\":\"https:\/\/lyonbondyblog.fr\/LBB\/#\/schema\/logo\/image\/\"},\"sameAs\":[\"https:\/\/www.facebook.com\/lyonbondyblog\",\"https:\/\/x.com\/bondybloglyon\"]},{\"@type\":\"Person\",\"@id\":\"https:\/\/lyonbondyblog.fr\/LBB\/#\/schema\/person\/e45f8d27baac75072daa0be50c409b25\",\"name\":\"La r\u00e9daction\",\"description\":\"Cr\u00e9e en 2008, la r\u00e9daction du Lyon Bondy Blog s'applique \u00e0 proposer une information locale diff\u00e9rente et compl\u00e9mentaire des m\u00e9dias traditionnels.\",\"sameAs\":[\"https:\/\/www.facebook.com\/lyonbondyblog\",\"https:\/\/x.com\/BondyBlogLyon\"],\"url\":\"https:\/\/lyonbondyblog.fr\/LBB\/author\/admin\/\"}]}<\/script>\n<!-- \/ Yoast SEO plugin. -->","yoast_head_json":{"title":"\"Le Mondial est termin\u00e9, redescendons sur terre !\" - Lyon Bondy Blog","robots":{"index":"index","follow":"follow","max-snippet":"max-snippet:-1","max-image-preview":"max-image-preview:large","max-video-preview":"max-video-preview:-1"},"canonical":"https:\/\/lyonbondyblog.fr\/LBB\/le-mondial-est-termine-redescendons-sur-terre\/","og_locale":"fr_FR","og_type":"article","og_title":"\"Le Mondial est termin\u00e9, redescendons sur terre !\" - Lyon Bondy Blog","og_description":"EDITO. Chaque semaine, un Lyon Bondy Blogueur livre son coup de gueule ou coup de coeur sur un sujet d&rsquo;actualit\u00e9. Et voil\u00e0, c&rsquo;est fini, la &hellip;","og_url":"https:\/\/lyonbondyblog.fr\/LBB\/le-mondial-est-termine-redescendons-sur-terre\/","og_site_name":"Lyon Bondy Blog","article_publisher":"https:\/\/www.facebook.com\/lyonbondyblog","article_author":"https:\/\/www.facebook.com\/lyonbondyblog","article_published_time":"2010-07-28T14:28:44+00:00","article_modified_time":"2013-07-31T14:31:17+00:00","og_image":[{"width":194,"height":161,"url":"https:\/\/lyonbondyblog.fr\/LBB\/wp-content\/uploads\/2013\/07\/1280305457_t.jpg","type":"image\/jpeg"}],"author":"La r\u00e9daction","twitter_card":"summary_large_image","twitter_creator":"@BondyBlogLyon","twitter_site":"@bondybloglyon","schema":{"@context":"https:\/\/schema.org","@graph":[{"@type":"Article","@id":"https:\/\/lyonbondyblog.fr\/LBB\/le-mondial-est-termine-redescendons-sur-terre\/#article","isPartOf":{"@id":"https:\/\/lyonbondyblog.fr\/LBB\/le-mondial-est-termine-redescendons-sur-terre\/"},"author":{"name":"La r\u00e9daction","@id":"https:\/\/lyonbondyblog.fr\/LBB\/#\/schema\/person\/e45f8d27baac75072daa0be50c409b25"},"headline":"\u00ab\u00a0Le Mondial est termin\u00e9, redescendons sur terre !\u00a0\u00bb","datePublished":"2010-07-28T14:28:44+00:00","dateModified":"2013-07-31T14:31:17+00:00","mainEntityOfPage":{"@id":"https:\/\/lyonbondyblog.fr\/LBB\/le-mondial-est-termine-redescendons-sur-terre\/"},"wordCount":389,"commentCount":0,"publisher":{"@id":"https:\/\/lyonbondyblog.fr\/LBB\/#organization"},"image":{"@id":"https:\/\/lyonbondyblog.fr\/LBB\/le-mondial-est-termine-redescendons-sur-terre\/#primaryimage"},"thumbnailUrl":"https:\/\/lyonbondyblog.fr\/LBB\/wp-content\/uploads\/2013\/07\/1280305457_t.jpg","keywords":["lyon","Lyon Bondy Blog"],"articleSection":["Lyon"],"inLanguage":"fr-FR","potentialAction":[{"@type":"CommentAction","name":"Comment","target":["https:\/\/lyonbondyblog.fr\/LBB\/le-mondial-est-termine-redescendons-sur-terre\/#respond"]}]},{"@type":"WebPage","@id":"https:\/\/lyonbondyblog.fr\/LBB\/le-mondial-est-termine-redescendons-sur-terre\/","url":"https:\/\/lyonbondyblog.fr\/LBB\/le-mondial-est-termine-redescendons-sur-terre\/","name":"\"Le Mondial est termin\u00e9, redescendons sur terre !\" - Lyon Bondy Blog","isPartOf":{"@id":"https:\/\/lyonbondyblog.fr\/LBB\/#website"},"primaryImageOfPage":{"@id":"https:\/\/lyonbondyblog.fr\/LBB\/le-mondial-est-termine-redescendons-sur-terre\/#primaryimage"},"image":{"@id":"https:\/\/lyonbondyblog.fr\/LBB\/le-mondial-est-termine-redescendons-sur-terre\/#primaryimage"},"thumbnailUrl":"https:\/\/lyonbondyblog.fr\/LBB\/wp-content\/uploads\/2013\/07\/1280305457_t.jpg","datePublished":"2010-07-28T14:28:44+00:00","dateModified":"2013-07-31T14:31:17+00:00","inLanguage":"fr-FR","potentialAction":[{"@type":"ReadAction","target":["https:\/\/lyonbondyblog.fr\/LBB\/le-mondial-est-termine-redescendons-sur-terre\/"]}]},{"@type":"ImageObject","inLanguage":"fr-FR","@id":"https:\/\/lyonbondyblog.fr\/LBB\/le-mondial-est-termine-redescendons-sur-terre\/#primaryimage","url":"https:\/\/lyonbondyblog.fr\/LBB\/wp-content\/uploads\/2013\/07\/1280305457_t.jpg","contentUrl":"https:\/\/lyonbondyblog.fr\/LBB\/wp-content\/uploads\/2013\/07\/1280305457_t.jpg","width":194,"height":161},{"@type":"WebSite","@id":"https:\/\/lyonbondyblog.fr\/LBB\/#website","url":"https:\/\/lyonbondyblog.fr\/LBB\/","name":"Lyon Bondy Blog","description":"","publisher":{"@id":"https:\/\/lyonbondyblog.fr\/LBB\/#organization"},"potentialAction":[{"@type":"SearchAction","target":{"@type":"EntryPoint","urlTemplate":"https:\/\/lyonbondyblog.fr\/LBB\/?s={search_term_string}"},"query-input":"required name=search_term_string"}],"inLanguage":"fr-FR"},{"@type":"Organization","@id":"https:\/\/lyonbondyblog.fr\/LBB\/#organization","name":"LYON BONDY BLOG","url":"https:\/\/lyonbondyblog.fr\/LBB\/","logo":{"@type":"ImageObject","inLanguage":"fr-FR","@id":"https:\/\/lyonbondyblog.fr\/LBB\/#\/schema\/logo\/image\/","url":"http:\/\/lyonbondyblog.fr\/LBB\/wp-content\/uploads\/2014\/10\/logo-portable-144.png","contentUrl":"http:\/\/lyonbondyblog.fr\/LBB\/wp-content\/uploads\/2014\/10\/logo-portable-144.png","width":144,"height":123,"caption":"LYON BONDY BLOG"},"image":{"@id":"https:\/\/lyonbondyblog.fr\/LBB\/#\/schema\/logo\/image\/"},"sameAs":["https:\/\/www.facebook.com\/lyonbondyblog","https:\/\/x.com\/bondybloglyon"]},{"@type":"Person","@id":"https:\/\/lyonbondyblog.fr\/LBB\/#\/schema\/person\/e45f8d27baac75072daa0be50c409b25","name":"La r\u00e9daction","description":"Cr\u00e9e en 2008, la r\u00e9daction du Lyon Bondy Blog s'applique \u00e0 proposer une information locale diff\u00e9rente et compl\u00e9mentaire des m\u00e9dias traditionnels.","sameAs":["https:\/\/www.facebook.com\/lyonbondyblog","https:\/\/x.com\/BondyBlogLyon"],"url":"https:\/\/lyonbondyblog.fr\/LBB\/author\/admin\/"}]}},"_links":{"self":[{"href":"https:\/\/lyonbondyblog.fr\/LBB\/wp-json\/wp\/v2\/posts\/2606","targetHints":{"allow":["GET"]}}],"collection":[{"href":"https:\/\/lyonbondyblog.fr\/LBB\/wp-json\/wp\/v2\/posts"}],"about":[{"href":"https:\/\/lyonbondyblog.fr\/LBB\/wp-json\/wp\/v2\/types\/post"}],"author":[{"embeddable":true,"href":"https:\/\/lyonbondyblog.fr\/LBB\/wp-json\/wp\/v2\/users\/1"}],"replies":[{"embeddable":true,"href":"https:\/\/lyonbondyblog.fr\/LBB\/wp-json\/wp\/v2\/comments?post=2606"}],"version-history":[{"count":0,"href":"https:\/\/lyonbondyblog.fr\/LBB\/wp-json\/wp\/v2\/posts\/2606\/revisions"}],"wp:featuredmedia":[{"embeddable":true,"href":"https:\/\/lyonbondyblog.fr\/LBB\/wp-json\/wp\/v2\/media\/2607"}],"wp:attachment":[{"href":"https:\/\/lyonbondyblog.fr\/LBB\/wp-json\/wp\/v2\/media?parent=2606"}],"wp:term":[{"taxonomy":"category","embeddable":true,"href":"https:\/\/lyonbondyblog.fr\/LBB\/wp-json\/wp\/v2\/categories?post=2606"},{"taxonomy":"post_tag","embeddable":true,"href":"https:\/\/lyonbondyblog.fr\/LBB\/wp-json\/wp\/v2\/tags?post=2606"}],"curies":[{"name":"wp","href":"https:\/\/api.w.org\/{rel}","templated":true}]}}