{"id":2602,"date":"2010-07-26T16:25:19","date_gmt":"2010-07-26T14:25:19","guid":{"rendered":"http:\/\/lyonbondyblog.fr\/LBB\/?p=2602"},"modified":"2013-07-31T16:26:55","modified_gmt":"2013-07-31T14:26:55","slug":"cet-ete-tout-le-monde-ne-partira-pas-au-bled","status":"publish","type":"post","link":"https:\/\/lyonbondyblog.fr\/LBB\/cet-ete-tout-le-monde-ne-partira-pas-au-bled\/","title":{"rendered":"Cet \u00e9t\u00e9, tout le monde ne partira pas au bled&#8230;"},"content":{"rendered":"<p><strong>CES LYONNAIS QUI NE PARTENT PAS EN VACANCES. Dans son quartier, \u00e0 Villefranche sur Sa\u00f4ne, Amaria est all\u00e9e voir ses voisins qui n&rsquo;ont pas encore d\u00e9sert\u00e9 les lieux.<\/strong><\/p>\n<div>\u00a0<a href=\"https:\/\/lyonbondyblog.fr\/LBB\/wp-content\/uploads\/2013\/07\/villefra_t.jpg\"><img loading=\"lazy\" decoding=\"async\" width=\"193\" height=\"130\" class=\"size-full wp-image-2603 alignright\" alt=\"villefra_t\" src=\"https:\/\/lyonbondyblog.fr\/LBB\/wp-content\/uploads\/2013\/07\/villefra_t.jpg\" \/><\/a><\/div>\n<div><\/div>\n<p>\u00ab\u00a0Est -ce que je pars en vacances cet \u00e9t\u00e9\u00a0? \u00bb Pour certains, la question ne se pose m\u00eame pas. Qui dit vacances dit tourisme \u00e0 l\u2019\u00e9tranger. Mais pour d\u2019autres, c\u2019est comme qui dirait la routine\u00a0: soit tu pars au bled, soit tu restes dans le quartier. \u00a0Pour en savoir plus, je suis partie \u00e0 la rencontre des gens de mon quartier \u00e0 Villefranche sur Sa\u00f4ne.<br \/>\nAlors que je me trouve au\u00a0 beau milieu d\u2019une discussion entre ma m\u00e8re et trois de ses copines, je leur pose la question\u00a0: \u00ab\u00a0Pourquoi cette ann\u00e9e vous ne partez pas au bled ou en vacances\u00a0?\u00a0\u00bb. L\u2019une d\u2019entre elles me r\u00e9pond\u00a0: \u00ab \u00a0Tu sais que la p\u00e9riode d\u2019\u00e9t\u00e9 est la plus ch\u00e8re de l\u2019ann\u00e9e, le billet n\u2019est pas donn\u00e9 m\u00eame si des vacances seraient bien m\u00e9rit\u00e9es, on ne peut pas se le permettre. M\u00eame si \u00a0 on travaille dur, on n&rsquo;a pas les moyens de partir chaque ann\u00e9e\u00a0\u00bb.<\/p>\n<p>C\u2019est vrai que l\u2019argent reste un facteur de d\u00e9cision primordial pour les vacances. Mais certains d\u00e9cident de ne pas partir pour d\u2019autres raisons\u00a0: \u00a0\u00ab\u00a0J&rsquo;aurais bien aim\u00e9 partir cette ann\u00e9e mais je travaille et j\u2019ai d\u00e9cid\u00e9 de prendre mon cong\u00e9 pour le mois d\u2019ao\u00fbt \u00a0car c\u2019est la p\u00e9riode du ramadan et je pr\u00e9f\u00e8re rester en France aupr\u00e8s de mes enfants\u00a0\u00bb.<\/p>\n<p>Dans mon quartier, les jeunes ne restent pas \u00e0 rien faire pendant l&rsquo;\u00e9t\u00e9. Lorsque je pose la question \u00e0 un ami, qui vient tout comme moi d\u2019avoir son bac, il me r\u00e9pond \u00a0: \u00ab \u00a0L\u2019ann\u00e9e prochaine, je vais en premi\u00e8re ann\u00e9e de m\u00e9decine et les frais d\u2019inscription sont importants et mes parents, malgr\u00e9 le fait qu&rsquo;ils travaillent, ne peuvent pas les payer et j\u2019ai d\u00e9cid\u00e9 de m\u2019installer \u00e0 Lyon donc je travaille tout l\u2019\u00e9t\u00e9 pour pouvoir subvenir \u00e0 mes besoins \u00e0 la rentr\u00e9e\u00a0\u00bb. La plupart des jeunes de mon quartier \u00a0sont animateurs dans un centre de loisirs. Ils travaillent tout en profitant de leurs vacances et du soleil.<\/p>\n<p>Finalement, rester dans le quartier tout l\u2019\u00e9t\u00e9 n\u2019est pas forc\u00e9ment synonyme de\u00a0routine\u00a0!<\/p>\n<p style=\"text-align: right;\"><span style=\"text-decoration: underline;\">Amaria Bendermel<\/span><\/p>\n<!-- AddThis Advanced Settings generic via filter on the_content --><!-- AddThis Share Buttons generic via filter on the_content -->","protected":false},"excerpt":{"rendered":"<p>CES LYONNAIS QUI NE PARTENT PAS EN VACANCES. Dans son quartier, \u00e0 Villefranche sur Sa\u00f4ne, Amaria est all\u00e9e voir ses voisins qui n&rsquo;ont pas encore &hellip; <!-- AddThis Advanced Settings generic via filter on wp_trim_excerpt --><!-- AddThis Share Buttons generic via filter on wp_trim_excerpt --><\/p>\n","protected":false},"author":1,"featured_media":2603,"comment_status":"open","ping_status":"open","sticky":false,"template":"","format":"standard","meta":{"_FSMCFIC_featured_image_caption":"","_FSMCFIC_featured_image_nocaption":"","_FSMCFIC_featured_image_hide":"","footnotes":""},"categories":[4],"tags":[10,112],"class_list":["post-2602","post","type-post","status-publish","format-standard","has-post-thumbnail","hentry","category-lyon","tag-lyon-2","tag-lyon-bondy-blog"],"yoast_head":"<!-- This site is optimized with the Yoast SEO plugin v22.8 - https:\/\/yoast.com\/wordpress\/plugins\/seo\/ -->\n<title>Cet \u00e9t\u00e9, tout le monde ne partira pas au bled... - Lyon Bondy Blog<\/title>\n<meta name=\"robots\" content=\"index, follow, max-snippet:-1, max-image-preview:large, max-video-preview:-1\" \/>\n<link rel=\"canonical\" href=\"https:\/\/lyonbondyblog.fr\/LBB\/cet-ete-tout-le-monde-ne-partira-pas-au-bled\/\" \/>\n<meta property=\"og:locale\" content=\"fr_FR\" \/>\n<meta property=\"og:type\" content=\"article\" \/>\n<meta property=\"og:title\" content=\"Cet \u00e9t\u00e9, tout le monde ne partira pas au bled... - Lyon Bondy Blog\" \/>\n<meta property=\"og:description\" content=\"CES LYONNAIS QUI NE PARTENT PAS EN VACANCES. Dans son quartier, \u00e0 Villefranche sur Sa\u00f4ne, Amaria est all\u00e9e voir ses voisins qui n&rsquo;ont pas encore &hellip;\" \/>\n<meta property=\"og:url\" content=\"https:\/\/lyonbondyblog.fr\/LBB\/cet-ete-tout-le-monde-ne-partira-pas-au-bled\/\" \/>\n<meta property=\"og:site_name\" content=\"Lyon Bondy Blog\" \/>\n<meta property=\"article:publisher\" content=\"https:\/\/www.facebook.com\/lyonbondyblog\" \/>\n<meta property=\"article:author\" content=\"https:\/\/www.facebook.com\/lyonbondyblog\" \/>\n<meta property=\"article:published_time\" content=\"2010-07-26T14:25:19+00:00\" \/>\n<meta property=\"article:modified_time\" content=\"2013-07-31T14:26:55+00:00\" \/>\n<meta property=\"og:image\" content=\"https:\/\/lyonbondyblog.fr\/LBB\/wp-content\/uploads\/2013\/07\/villefra_t.jpg\" \/>\n\t<meta property=\"og:image:width\" content=\"193\" \/>\n\t<meta property=\"og:image:height\" content=\"130\" \/>\n\t<meta property=\"og:image:type\" content=\"image\/jpeg\" \/>\n<meta name=\"author\" content=\"La r\u00e9daction\" \/>\n<meta name=\"twitter:card\" content=\"summary_large_image\" \/>\n<meta name=\"twitter:creator\" content=\"@BondyBlogLyon\" \/>\n<meta name=\"twitter:site\" content=\"@bondybloglyon\" \/>\n<script type=\"application\/ld+json\" class=\"yoast-schema-graph\">{\"@context\":\"https:\/\/schema.org\",\"@graph\":[{\"@type\":\"Article\",\"@id\":\"https:\/\/lyonbondyblog.fr\/LBB\/cet-ete-tout-le-monde-ne-partira-pas-au-bled\/#article\",\"isPartOf\":{\"@id\":\"https:\/\/lyonbondyblog.fr\/LBB\/cet-ete-tout-le-monde-ne-partira-pas-au-bled\/\"},\"author\":{\"name\":\"La r\u00e9daction\",\"@id\":\"https:\/\/lyonbondyblog.fr\/LBB\/#\/schema\/person\/e45f8d27baac75072daa0be50c409b25\"},\"headline\":\"Cet \u00e9t\u00e9, tout le monde ne partira pas au bled&#8230;\",\"datePublished\":\"2010-07-26T14:25:19+00:00\",\"dateModified\":\"2013-07-31T14:26:55+00:00\",\"mainEntityOfPage\":{\"@id\":\"https:\/\/lyonbondyblog.fr\/LBB\/cet-ete-tout-le-monde-ne-partira-pas-au-bled\/\"},\"wordCount\":415,\"commentCount\":0,\"publisher\":{\"@id\":\"https:\/\/lyonbondyblog.fr\/LBB\/#organization\"},\"image\":{\"@id\":\"https:\/\/lyonbondyblog.fr\/LBB\/cet-ete-tout-le-monde-ne-partira-pas-au-bled\/#primaryimage\"},\"thumbnailUrl\":\"https:\/\/lyonbondyblog.fr\/LBB\/wp-content\/uploads\/2013\/07\/villefra_t.jpg\",\"keywords\":[\"lyon\",\"Lyon Bondy Blog\"],\"articleSection\":[\"Lyon\"],\"inLanguage\":\"fr-FR\",\"potentialAction\":[{\"@type\":\"CommentAction\",\"name\":\"Comment\",\"target\":[\"https:\/\/lyonbondyblog.fr\/LBB\/cet-ete-tout-le-monde-ne-partira-pas-au-bled\/#respond\"]}]},{\"@type\":\"WebPage\",\"@id\":\"https:\/\/lyonbondyblog.fr\/LBB\/cet-ete-tout-le-monde-ne-partira-pas-au-bled\/\",\"url\":\"https:\/\/lyonbondyblog.fr\/LBB\/cet-ete-tout-le-monde-ne-partira-pas-au-bled\/\",\"name\":\"Cet \u00e9t\u00e9, tout le monde ne partira pas au bled... - Lyon Bondy Blog\",\"isPartOf\":{\"@id\":\"https:\/\/lyonbondyblog.fr\/LBB\/#website\"},\"primaryImageOfPage\":{\"@id\":\"https:\/\/lyonbondyblog.fr\/LBB\/cet-ete-tout-le-monde-ne-partira-pas-au-bled\/#primaryimage\"},\"image\":{\"@id\":\"https:\/\/lyonbondyblog.fr\/LBB\/cet-ete-tout-le-monde-ne-partira-pas-au-bled\/#primaryimage\"},\"thumbnailUrl\":\"https:\/\/lyonbondyblog.fr\/LBB\/wp-content\/uploads\/2013\/07\/villefra_t.jpg\",\"datePublished\":\"2010-07-26T14:25:19+00:00\",\"dateModified\":\"2013-07-31T14:26:55+00:00\",\"inLanguage\":\"fr-FR\",\"potentialAction\":[{\"@type\":\"ReadAction\",\"target\":[\"https:\/\/lyonbondyblog.fr\/LBB\/cet-ete-tout-le-monde-ne-partira-pas-au-bled\/\"]}]},{\"@type\":\"ImageObject\",\"inLanguage\":\"fr-FR\",\"@id\":\"https:\/\/lyonbondyblog.fr\/LBB\/cet-ete-tout-le-monde-ne-partira-pas-au-bled\/#primaryimage\",\"url\":\"https:\/\/lyonbondyblog.fr\/LBB\/wp-content\/uploads\/2013\/07\/villefra_t.jpg\",\"contentUrl\":\"https:\/\/lyonbondyblog.fr\/LBB\/wp-content\/uploads\/2013\/07\/villefra_t.jpg\",\"width\":193,\"height\":130},{\"@type\":\"WebSite\",\"@id\":\"https:\/\/lyonbondyblog.fr\/LBB\/#website\",\"url\":\"https:\/\/lyonbondyblog.fr\/LBB\/\",\"name\":\"Lyon Bondy Blog\",\"description\":\"\",\"publisher\":{\"@id\":\"https:\/\/lyonbondyblog.fr\/LBB\/#organization\"},\"potentialAction\":[{\"@type\":\"SearchAction\",\"target\":{\"@type\":\"EntryPoint\",\"urlTemplate\":\"https:\/\/lyonbondyblog.fr\/LBB\/?s={search_term_string}\"},\"query-input\":\"required name=search_term_string\"}],\"inLanguage\":\"fr-FR\"},{\"@type\":\"Organization\",\"@id\":\"https:\/\/lyonbondyblog.fr\/LBB\/#organization\",\"name\":\"LYON BONDY BLOG\",\"url\":\"https:\/\/lyonbondyblog.fr\/LBB\/\",\"logo\":{\"@type\":\"ImageObject\",\"inLanguage\":\"fr-FR\",\"@id\":\"https:\/\/lyonbondyblog.fr\/LBB\/#\/schema\/logo\/image\/\",\"url\":\"http:\/\/lyonbondyblog.fr\/LBB\/wp-content\/uploads\/2014\/10\/logo-portable-144.png\",\"contentUrl\":\"http:\/\/lyonbondyblog.fr\/LBB\/wp-content\/uploads\/2014\/10\/logo-portable-144.png\",\"width\":144,\"height\":123,\"caption\":\"LYON BONDY BLOG\"},\"image\":{\"@id\":\"https:\/\/lyonbondyblog.fr\/LBB\/#\/schema\/logo\/image\/\"},\"sameAs\":[\"https:\/\/www.facebook.com\/lyonbondyblog\",\"https:\/\/x.com\/bondybloglyon\"]},{\"@type\":\"Person\",\"@id\":\"https:\/\/lyonbondyblog.fr\/LBB\/#\/schema\/person\/e45f8d27baac75072daa0be50c409b25\",\"name\":\"La r\u00e9daction\",\"description\":\"Cr\u00e9e en 2008, la r\u00e9daction du Lyon Bondy Blog s'applique \u00e0 proposer une information locale diff\u00e9rente et compl\u00e9mentaire des m\u00e9dias traditionnels.\",\"sameAs\":[\"https:\/\/www.facebook.com\/lyonbondyblog\",\"https:\/\/x.com\/BondyBlogLyon\"],\"url\":\"https:\/\/lyonbondyblog.fr\/LBB\/author\/admin\/\"}]}<\/script>\n<!-- \/ Yoast SEO plugin. -->","yoast_head_json":{"title":"Cet \u00e9t\u00e9, tout le monde ne partira pas au bled... - Lyon Bondy Blog","robots":{"index":"index","follow":"follow","max-snippet":"max-snippet:-1","max-image-preview":"max-image-preview:large","max-video-preview":"max-video-preview:-1"},"canonical":"https:\/\/lyonbondyblog.fr\/LBB\/cet-ete-tout-le-monde-ne-partira-pas-au-bled\/","og_locale":"fr_FR","og_type":"article","og_title":"Cet \u00e9t\u00e9, tout le monde ne partira pas au bled... - Lyon Bondy Blog","og_description":"CES LYONNAIS QUI NE PARTENT PAS EN VACANCES. Dans son quartier, \u00e0 Villefranche sur Sa\u00f4ne, Amaria est all\u00e9e voir ses voisins qui n&rsquo;ont pas encore &hellip;","og_url":"https:\/\/lyonbondyblog.fr\/LBB\/cet-ete-tout-le-monde-ne-partira-pas-au-bled\/","og_site_name":"Lyon Bondy Blog","article_publisher":"https:\/\/www.facebook.com\/lyonbondyblog","article_author":"https:\/\/www.facebook.com\/lyonbondyblog","article_published_time":"2010-07-26T14:25:19+00:00","article_modified_time":"2013-07-31T14:26:55+00:00","og_image":[{"width":193,"height":130,"url":"https:\/\/lyonbondyblog.fr\/LBB\/wp-content\/uploads\/2013\/07\/villefra_t.jpg","type":"image\/jpeg"}],"author":"La r\u00e9daction","twitter_card":"summary_large_image","twitter_creator":"@BondyBlogLyon","twitter_site":"@bondybloglyon","schema":{"@context":"https:\/\/schema.org","@graph":[{"@type":"Article","@id":"https:\/\/lyonbondyblog.fr\/LBB\/cet-ete-tout-le-monde-ne-partira-pas-au-bled\/#article","isPartOf":{"@id":"https:\/\/lyonbondyblog.fr\/LBB\/cet-ete-tout-le-monde-ne-partira-pas-au-bled\/"},"author":{"name":"La r\u00e9daction","@id":"https:\/\/lyonbondyblog.fr\/LBB\/#\/schema\/person\/e45f8d27baac75072daa0be50c409b25"},"headline":"Cet \u00e9t\u00e9, tout le monde ne partira pas au bled&#8230;","datePublished":"2010-07-26T14:25:19+00:00","dateModified":"2013-07-31T14:26:55+00:00","mainEntityOfPage":{"@id":"https:\/\/lyonbondyblog.fr\/LBB\/cet-ete-tout-le-monde-ne-partira-pas-au-bled\/"},"wordCount":415,"commentCount":0,"publisher":{"@id":"https:\/\/lyonbondyblog.fr\/LBB\/#organization"},"image":{"@id":"https:\/\/lyonbondyblog.fr\/LBB\/cet-ete-tout-le-monde-ne-partira-pas-au-bled\/#primaryimage"},"thumbnailUrl":"https:\/\/lyonbondyblog.fr\/LBB\/wp-content\/uploads\/2013\/07\/villefra_t.jpg","keywords":["lyon","Lyon Bondy Blog"],"articleSection":["Lyon"],"inLanguage":"fr-FR","potentialAction":[{"@type":"CommentAction","name":"Comment","target":["https:\/\/lyonbondyblog.fr\/LBB\/cet-ete-tout-le-monde-ne-partira-pas-au-bled\/#respond"]}]},{"@type":"WebPage","@id":"https:\/\/lyonbondyblog.fr\/LBB\/cet-ete-tout-le-monde-ne-partira-pas-au-bled\/","url":"https:\/\/lyonbondyblog.fr\/LBB\/cet-ete-tout-le-monde-ne-partira-pas-au-bled\/","name":"Cet \u00e9t\u00e9, tout le monde ne partira pas au bled... - Lyon Bondy Blog","isPartOf":{"@id":"https:\/\/lyonbondyblog.fr\/LBB\/#website"},"primaryImageOfPage":{"@id":"https:\/\/lyonbondyblog.fr\/LBB\/cet-ete-tout-le-monde-ne-partira-pas-au-bled\/#primaryimage"},"image":{"@id":"https:\/\/lyonbondyblog.fr\/LBB\/cet-ete-tout-le-monde-ne-partira-pas-au-bled\/#primaryimage"},"thumbnailUrl":"https:\/\/lyonbondyblog.fr\/LBB\/wp-content\/uploads\/2013\/07\/villefra_t.jpg","datePublished":"2010-07-26T14:25:19+00:00","dateModified":"2013-07-31T14:26:55+00:00","inLanguage":"fr-FR","potentialAction":[{"@type":"ReadAction","target":["https:\/\/lyonbondyblog.fr\/LBB\/cet-ete-tout-le-monde-ne-partira-pas-au-bled\/"]}]},{"@type":"ImageObject","inLanguage":"fr-FR","@id":"https:\/\/lyonbondyblog.fr\/LBB\/cet-ete-tout-le-monde-ne-partira-pas-au-bled\/#primaryimage","url":"https:\/\/lyonbondyblog.fr\/LBB\/wp-content\/uploads\/2013\/07\/villefra_t.jpg","contentUrl":"https:\/\/lyonbondyblog.fr\/LBB\/wp-content\/uploads\/2013\/07\/villefra_t.jpg","width":193,"height":130},{"@type":"WebSite","@id":"https:\/\/lyonbondyblog.fr\/LBB\/#website","url":"https:\/\/lyonbondyblog.fr\/LBB\/","name":"Lyon Bondy Blog","description":"","publisher":{"@id":"https:\/\/lyonbondyblog.fr\/LBB\/#organization"},"potentialAction":[{"@type":"SearchAction","target":{"@type":"EntryPoint","urlTemplate":"https:\/\/lyonbondyblog.fr\/LBB\/?s={search_term_string}"},"query-input":"required name=search_term_string"}],"inLanguage":"fr-FR"},{"@type":"Organization","@id":"https:\/\/lyonbondyblog.fr\/LBB\/#organization","name":"LYON BONDY BLOG","url":"https:\/\/lyonbondyblog.fr\/LBB\/","logo":{"@type":"ImageObject","inLanguage":"fr-FR","@id":"https:\/\/lyonbondyblog.fr\/LBB\/#\/schema\/logo\/image\/","url":"http:\/\/lyonbondyblog.fr\/LBB\/wp-content\/uploads\/2014\/10\/logo-portable-144.png","contentUrl":"http:\/\/lyonbondyblog.fr\/LBB\/wp-content\/uploads\/2014\/10\/logo-portable-144.png","width":144,"height":123,"caption":"LYON BONDY BLOG"},"image":{"@id":"https:\/\/lyonbondyblog.fr\/LBB\/#\/schema\/logo\/image\/"},"sameAs":["https:\/\/www.facebook.com\/lyonbondyblog","https:\/\/x.com\/bondybloglyon"]},{"@type":"Person","@id":"https:\/\/lyonbondyblog.fr\/LBB\/#\/schema\/person\/e45f8d27baac75072daa0be50c409b25","name":"La r\u00e9daction","description":"Cr\u00e9e en 2008, la r\u00e9daction du Lyon Bondy Blog s'applique \u00e0 proposer une information locale diff\u00e9rente et compl\u00e9mentaire des m\u00e9dias traditionnels.","sameAs":["https:\/\/www.facebook.com\/lyonbondyblog","https:\/\/x.com\/BondyBlogLyon"],"url":"https:\/\/lyonbondyblog.fr\/LBB\/author\/admin\/"}]}},"_links":{"self":[{"href":"https:\/\/lyonbondyblog.fr\/LBB\/wp-json\/wp\/v2\/posts\/2602","targetHints":{"allow":["GET"]}}],"collection":[{"href":"https:\/\/lyonbondyblog.fr\/LBB\/wp-json\/wp\/v2\/posts"}],"about":[{"href":"https:\/\/lyonbondyblog.fr\/LBB\/wp-json\/wp\/v2\/types\/post"}],"author":[{"embeddable":true,"href":"https:\/\/lyonbondyblog.fr\/LBB\/wp-json\/wp\/v2\/users\/1"}],"replies":[{"embeddable":true,"href":"https:\/\/lyonbondyblog.fr\/LBB\/wp-json\/wp\/v2\/comments?post=2602"}],"version-history":[{"count":0,"href":"https:\/\/lyonbondyblog.fr\/LBB\/wp-json\/wp\/v2\/posts\/2602\/revisions"}],"wp:featuredmedia":[{"embeddable":true,"href":"https:\/\/lyonbondyblog.fr\/LBB\/wp-json\/wp\/v2\/media\/2603"}],"wp:attachment":[{"href":"https:\/\/lyonbondyblog.fr\/LBB\/wp-json\/wp\/v2\/media?parent=2602"}],"wp:term":[{"taxonomy":"category","embeddable":true,"href":"https:\/\/lyonbondyblog.fr\/LBB\/wp-json\/wp\/v2\/categories?post=2602"},{"taxonomy":"post_tag","embeddable":true,"href":"https:\/\/lyonbondyblog.fr\/LBB\/wp-json\/wp\/v2\/tags?post=2602"}],"curies":[{"name":"wp","href":"https:\/\/api.w.org\/{rel}","templated":true}]}}