{"id":26019,"date":"2021-12-01T12:27:22","date_gmt":"2021-12-01T11:27:22","guid":{"rendered":"http:\/\/lyonbondyblog.fr\/LBB\/?p=26019"},"modified":"2021-12-01T12:33:01","modified_gmt":"2021-12-01T11:33:01","slug":"razika-dali-je-regrette-que-givors-soit-toujours-la-derniere-roue-du-carrosse-partie-2","status":"publish","type":"post","link":"https:\/\/lyonbondyblog.fr\/LBB\/razika-dali-je-regrette-que-givors-soit-toujours-la-derniere-roue-du-carrosse-partie-2\/","title":{"rendered":"Razika Dali : \u00ab Je regrette que Givors soit toujours la derni\u00e8re roue du carrosse \u00bb &#8211; Partie 2"},"content":{"rendered":"\n<p>Retrouvez la premi\u00e8re partie <a href=\"http:\/\/lyonbondyblog.fr\/...\/razika-dali-givors-a-ete...\/\" target=\"_blank\" rel=\"noreferrer noopener\">ici<\/a>.<\/p>\n\n\n\n<h4 class=\"wp-block-heading\">Comment redonner de l&rsquo;attractivit\u00e9 \u00e0 Givors, qui est une ville oubli\u00e9e du Rh\u00f4ne ?<\/h4>\n\n\n\n<p>Je regrette que Givors soit toujours la derni\u00e8re roue du carrosse. Ce que je peux dire, c&rsquo;est qu\u2019aujourd&rsquo;hui, on est dans une situation critique sur toutes les th\u00e9matiques, dans tous les domaines. Pour redorer l&rsquo;image de Givors, je pense qu&rsquo;il faut du renouveau dans une \u00e9quipe avec des comp\u00e9tences. Je suis pour l&rsquo;ouverture. Quand un bon projet est propos\u00e9 par l\u2019opposition, qu&rsquo;on soit de droite ou de gauche, tant que \u00e7a va dans l&rsquo;int\u00e9r\u00eat des Givordins, je ne vois pas pourquoi on ne le mettrait pas en place. Il y a eu des projets qui ont \u00e9t\u00e9 port\u00e9s par les pr\u00e9c\u00e9dentes municipalit\u00e9s comme la cr\u00e9ation d&rsquo;un cin\u00e9ma par exemple. On veut recr\u00e9er des \u00e9l\u00e9ments d&rsquo;attractivit\u00e9 festifs. On va cr\u00e9er une salle de spectacle de 600 places, ce qui n&rsquo;existe absolument pas \u00e0 Givors. Aujourd\u2019hui, on a des salles polyvalentes qui se transforment. Donc on va mettre l&rsquo;accent sur la gaiet\u00e9, la joie de vivre.<\/p>\n\n\n\n<p>Aussi, il faut agir sur l&rsquo;aspect urbain et humain avec des mesures d&rsquo;accompagnement pour les jeunes. On veut cr\u00e9er une maison municipale de l&#8217;emploi \u00e0 l&rsquo;instar de la MDE qui \u00e9tait port\u00e9 par Jean Louis Borloo en 2005. On veut qu&rsquo;il y ait de la proximit\u00e9 parce qu&rsquo;on constate que pour l&#8217;emploi, on n&rsquo;a aujourd&rsquo;hui pas forc\u00e9ment de connexion avec les grosses entreprises pourvoyeuses d&#8217;emplois, les grandes enseignes. Donc on veut vraiment travailler et trouver la bonne \u00e9quation locale. L\u2019antenne universitaire, c\u2019est aussi pour donner une autre image de Givors, que la ville o\u00f9 les jeunes tiennent les murs. On veut aussi mettre en place des mesures sociales, parce qu&rsquo;aujourd&rsquo;hui Givors est l&rsquo;une des villes les plus tax\u00e9es au niveau de la taxe fonci\u00e8re. Ceux qui arrivent \u00e0 acc\u00e9der \u00e0 la propri\u00e9t\u00e9 se font massacrer sur la taxe fonci\u00e8re. C\u2019est important : des Givordins quittent la ville parce que c&rsquo;est trop cher, notamment car on a plus de 45% de logements sociaux. Ce n\u2019est pas contre les personnes qui y sont, c&rsquo;est syst\u00e9mique, mais il faut absolument retrouver de la mixit\u00e9 sociale dans le sens o\u00f9 on a des gens qui ont un peu de pouvoir d&rsquo;achat et qui peuvent promouvoir l&rsquo;\u00e9quilibre financier de la ville.<\/p>\n\n\n\n<h4 class=\"wp-block-heading\">Vous pensez que si vous \u00eates \u00e9lue maire, vous allez pouvoir travailler avec Renaud Payre, vice-pr\u00e9sident de la M\u00e9tropole et d\u00e9l\u00e9gu\u00e9 \u00e0 la politique de la ville ?<\/h4>\n\n\n\n<p>La ville est engag\u00e9e dans des projets de r\u00e9novations urbaines, notamment dans le quartier des Vernes. Sur le quartier, le pr\u00e9fet a pu obtenir un financement r\u00e9gional. Je vais demander \u00e0 la m\u00e9tropole de nous accompagner sur des projets de r\u00e9novation parce que les habitants des Vernes ont aussi l&rsquo;impression d&rsquo;\u00eatre abandonn\u00e9s. Un peu plus de 8 000 habitants sur 20 000 sont en quartier politique de la ville, donc on va d\u00e9montrer toute la n\u00e9cessit\u00e9 qu&rsquo;il y a \u00e0 prendre en compte les probl\u00e9matiques sur les quartiers. Je demanderai \u00e0 Renaud Payre d&rsquo;acc\u00e9l\u00e9rer les dossiers. On en a des kilom\u00e8tres d\u2019\u00e9tudes ; maintenant, il faut agir parce que c&rsquo;est important de reconnecter l&rsquo;ensemble dans la ville.<\/p>\n\n\n\n<h4 class=\"wp-block-heading\">Quelles mesures souhaitez-vous prendre pour am\u00e9liorer les conditions environnementales ?<\/h4>\n\n\n\n<p>On voudrait d\u00e9velopper toute une technologie et des dynamiques autour des m\u00e9tiers nouveaux, comme sur le photovolta\u00efque. On a \u00e9norm\u00e9ment de b\u00e2timents \u00e0 r\u00e9nover. Au niveau de la renaturation du centre-ville, on a un plan de v\u00e9g\u00e9talisation important. On souhaite am\u00e9nager les berges du Rh\u00f4ne et du Gier. Il y un gros capital d\u00e9veloppement autour de la nature et du transport fluvial pour cr\u00e9er de l&#8217;emploi et de l&rsquo;attractivit\u00e9.<\/p>\n\n\n\n<h4 class=\"wp-block-heading\">Parlons de sport. Le water-polo, c\u2019est le sport phare de la ville. Quels sont les autres sports que vous souhaiteriez d\u00e9velopper dans la ville ?<\/h4>\n\n\n\n<p>J\u2019aimerais soutenir et fortifier les \u00e9quipes f\u00e9minines. J&rsquo;ai une cousine qui fait partie de l&rsquo;\u00e9quipe de France de football, Kenza Dali. \u00c7a me tient donc \u00e0 c\u0153ur. On veut d\u00e9velopper le sport collectif, la mixit\u00e9 dans les activit\u00e9s. On veut absolument d\u00e9velopper \u00e7a au niveau des associations. On doit encourager financi\u00e8rement les structures pour qu\u2019elles promeuvent un peu cette mixit\u00e9 des genres. Je pense que \u00e7a va dans le bon sens. On constate \u00e0 Givors une hyper masculinit\u00e9 dans les espaces publics et \u00e7a cr\u00e9e parfois un climat anxiog\u00e8ne, notamment chez les jeunes filles qui rentrent le soir. Donc on veut retrouver une ville de partage et ouverte. D\u2019ailleurs, je pense que le contexte \u00e9tudiant pourrait favoriser cela. Si on met une antenne universitaire \u00e0 Givors, \u00e7a va participer \u00e0 cette dynamique parce qu&rsquo;on voit que sur les campus qu&rsquo;il n&rsquo;y a pas de regroupements de genres.<\/p>\n\n\n\n<p>Aussi, on a pas mal de grands champions qui viennent de Givors. J&rsquo;aimerais qu&rsquo;on recr\u00e9e du lien entre nos champions et les jeunes. On encouragera les jeunes sportifs \u00e0 \u00e9voluer, mais en \u00e9change par la suite, ils devront s\u2019engager dans des partenariats avec les jeunes des quartiers. On a des sports qui nous caract\u00e9risent : le water-polo est vraiment le patrimoine de notre ville. Les clubs de boules aussi participent \u00e0 cr\u00e9er des espaces de convivialit\u00e9. Donc je pense qu&rsquo;il faut les consolider et impliquer les jeunes avec les \u00e9tablissements scolaires pour leur montrer ces activit\u00e9s.<\/p>\n\n\n\n<h4 class=\"wp-block-heading\">Au niveau de l\u2019acc\u00e8s aux soins, que comptez-vous faire ?<\/h4>\n\n\n\n<p>Il y a un axe tr\u00e8s important : cr\u00e9er une mutuelle municipale de sant\u00e9 imm\u00e9diate. Aujourd&rsquo;hui, vous avez des Givordins qui ne se soignent pas parce qu\u2019ils n&rsquo;ont pas de mutuelle. On a une commune \u00e0 proximit\u00e9 qui a d\u00e9velopp\u00e9 cet exercice, Mornant. L&rsquo;id\u00e9e c&rsquo;est d&rsquo;aider les personnes en fixant un seuil de revenu. C&rsquo;est un accompagnement progressif avec la mise en concurrence des grosses structures mutuelles. On va faire un appel \u00e0 manifestation d&rsquo;int\u00e9r\u00eat. Il y a une frange de personnes qui ne se soignent plus donc on va les identifier et on va mettre en concurrence les mutuelles pour faire baisser les co\u00fbts.<\/p>\n\n\n\n<h4 class=\"wp-block-heading\">Est-ce que vous avez le sentiment que Givors laisse assez de place \u00e0 la culture ?<\/h4>\n\n\n\n<p>On a peu de jeunes qui fr\u00e9quentent le th\u00e9\u00e2tre malheureusement. Il y a des actions qui sont faites gr\u00e2ce aux \u00e9tablissements scolaires mais on voit peu de jeunes dans les repr\u00e9sentations th\u00e9\u00e2trales, \u00e7a reste une \u00e9lite, et une \u00e9lite qui vient de l&rsquo;ext\u00e9rieur de Givors. Donc l&rsquo;id\u00e9e, dans le programme, c\u2019est de consolider la MJC. C&rsquo;est aux acteurs associatifs de tirer les jeunes vers les activit\u00e9s. On va faire un Pass culture, qui existe sur certaines collectivit\u00e9s. On a une dotation politique de la ville et il y a des passerelles qui sont co-finan\u00e7ables par l&rsquo; \u00c9ducation nationale et aussi par la DRAC. Je tiens \u00e0 ce que toutes les aides \u00e9ducatives soient consolid\u00e9es pour d\u00e9velopper l&rsquo;acc\u00e8s \u00e0 la culture, qui pour moi est le pendant du volet \u00e9ducatif.<\/p>\n\n\n\n<h4 class=\"wp-block-heading\">Concernant les \u00e9coles justement ; comment rendre les \u00e9coles plus vertes ?<\/h4>\n\n\n\n<p>On va construire quelque chose avec les partenaires locaux pour avoir de la nourriture bio dans les cantines. Le hasard fait que dans notre structure politique, on a quelqu&rsquo;un qui a donn\u00e9 toute sa vie pour redonner un aspect vertueux \u00e0 la culture agricole, un apiculteur de Givors, qui a 150 ruches et qui produit. Donc on va encourager les politiques vertueuses de l&rsquo;alimentation, mais l\u00e0 aussi il y a des aides europ\u00e9ennes pour faciliter l\u2019orientation vers l&rsquo;agriculture vertueuse. On est en partenariat avec Les Potagers du Garon qui est une structure d&rsquo;insertion sur Grigny. On sera adh\u00e9rents au <em>slow food<\/em> plut\u00f4t qu\u2019au<em> fast-food<\/em>. On va solliciter aussi les partenariats priv\u00e9s. Je suis toujours \u00e0 l&rsquo;aff\u00fbt des appels \u00e0 projets europ\u00e9ens. Il faut d\u00e9velopper une strat\u00e9gie de veille pour d\u00e9velopper tous les fonds et notamment les fonds europ\u00e9ens.<\/p>\n\n\n\n<h4 class=\"wp-block-heading\">Le ch\u00f4mage est en augmentation depuis 2008. Comment d\u00e9velopper l\u2019emploi et l\u2019insertion ?<\/h4>\n\n\n\n<p>On est quand m\u00eame \u00e0 plus de 20% de ch\u00f4mage. Dans notre programme, on a la cr\u00e9ation de maisons de l&#8217;emploi. On s&rsquo;inspire des exemples qui fonctionnent, au-del\u00e0 des structures institutionnelles de p\u00f4le emploi et des missions locales. Ce qui nous g\u00eane, c&rsquo;est que le bassin de ces structures est bien plus large que celui de Givors. Il faut un suivi individuel et non plus des masses qui arrivent.<\/p>\n<!-- AddThis Advanced Settings generic via filter on the_content --><!-- AddThis Share Buttons generic via filter on the_content -->","protected":false},"excerpt":{"rendered":"<p>Retrouvez la premi\u00e8re partie ici. Comment redonner de l&rsquo;attractivit\u00e9 \u00e0 Givors, qui est une ville oubli\u00e9e du Rh\u00f4ne ? Je regrette que Givors soit toujours &hellip; <!-- AddThis Advanced Settings generic via filter on wp_trim_excerpt --><!-- AddThis Share Buttons generic via filter on wp_trim_excerpt --><\/p>\n","protected":false},"author":25924,"featured_media":26017,"comment_status":"open","ping_status":"open","sticky":true,"template":"","format":"standard","meta":{"_FSMCFIC_featured_image_caption":"","_FSMCFIC_featured_image_nocaption":"","_FSMCFIC_featured_image_hide":"","footnotes":""},"categories":[4028,26299,4,22224,6],"tags":[],"class_list":["post-26019","post","type-post","status-publish","format-standard","has-post-thumbnail","hentry","category-givors","category-interview","category-lyon","category-municipales-2020-politique","category-politique"],"yoast_head":"<!-- This site is optimized with the Yoast SEO plugin v22.8 - https:\/\/yoast.com\/wordpress\/plugins\/seo\/ -->\n<title>Razika Dali : \u00ab Je regrette que Givors soit toujours la derni\u00e8re roue du carrosse \u00bb - Partie 2<\/title>\n<meta name=\"description\" content=\"Razika Dali et Laurent Decourselle ont fusionn\u00e9 leurs listes : \u00ab Givors en commun \u2013 Un avenir pour Givors \u00bb, se d\u00e9finissant comme \u00ab sans \u00e9tiquette \u00bb.\" \/>\n<meta name=\"robots\" content=\"index, follow, max-snippet:-1, max-image-preview:large, max-video-preview:-1\" \/>\n<link rel=\"canonical\" href=\"https:\/\/lyonbondyblog.fr\/LBB\/razika-dali-je-regrette-que-givors-soit-toujours-la-derniere-roue-du-carrosse-partie-2\/\" \/>\n<meta property=\"og:locale\" content=\"fr_FR\" \/>\n<meta property=\"og:type\" content=\"article\" \/>\n<meta property=\"og:title\" content=\"Razika Dali : \u00ab Je regrette que Givors soit toujours la derni\u00e8re roue du carrosse \u00bb - Partie 2\" \/>\n<meta property=\"og:description\" content=\"Razika Dali et Laurent Decourselle ont fusionn\u00e9 leurs listes : \u00ab Givors en commun \u2013 Un avenir pour Givors \u00bb, se d\u00e9finissant comme \u00ab sans \u00e9tiquette \u00bb.\" \/>\n<meta property=\"og:url\" content=\"https:\/\/lyonbondyblog.fr\/LBB\/razika-dali-je-regrette-que-givors-soit-toujours-la-derniere-roue-du-carrosse-partie-2\/\" \/>\n<meta property=\"og:site_name\" content=\"Lyon Bondy Blog\" \/>\n<meta property=\"article:publisher\" content=\"https:\/\/www.facebook.com\/lyonbondyblog\" \/>\n<meta property=\"article:published_time\" content=\"2021-12-01T11:27:22+00:00\" \/>\n<meta property=\"article:modified_time\" content=\"2021-12-01T11:33:01+00:00\" \/>\n<meta property=\"og:image\" content=\"https:\/\/lyonbondyblog.fr\/LBB\/wp-content\/uploads\/2021\/12\/261562697_296597649140369_4880010302938083168_n.jpg\" \/>\n\t<meta property=\"og:image:width\" content=\"828\" \/>\n\t<meta property=\"og:image:height\" content=\"466\" \/>\n\t<meta property=\"og:image:type\" content=\"image\/jpeg\" \/>\n<meta name=\"author\" content=\"Le\u00efla Ghedaifi\" \/>\n<meta name=\"twitter:card\" content=\"summary_large_image\" \/>\n<meta name=\"twitter:creator\" content=\"@bondybloglyon\" \/>\n<meta name=\"twitter:site\" content=\"@bondybloglyon\" \/>\n<script type=\"application\/ld+json\" class=\"yoast-schema-graph\">{\"@context\":\"https:\/\/schema.org\",\"@graph\":[{\"@type\":\"Article\",\"@id\":\"https:\/\/lyonbondyblog.fr\/LBB\/razika-dali-je-regrette-que-givors-soit-toujours-la-derniere-roue-du-carrosse-partie-2\/#article\",\"isPartOf\":{\"@id\":\"https:\/\/lyonbondyblog.fr\/LBB\/razika-dali-je-regrette-que-givors-soit-toujours-la-derniere-roue-du-carrosse-partie-2\/\"},\"author\":{\"name\":\"Le\u00efla Ghedaifi\",\"@id\":\"https:\/\/lyonbondyblog.fr\/LBB\/#\/schema\/person\/9946d294cefda5a37cd7d7ef5e8c298d\"},\"headline\":\"Razika Dali : \u00ab Je regrette que Givors soit toujours la derni\u00e8re roue du carrosse \u00bb &#8211; Partie 2\",\"datePublished\":\"2021-12-01T11:27:22+00:00\",\"dateModified\":\"2021-12-01T11:33:01+00:00\",\"mainEntityOfPage\":{\"@id\":\"https:\/\/lyonbondyblog.fr\/LBB\/razika-dali-je-regrette-que-givors-soit-toujours-la-derniere-roue-du-carrosse-partie-2\/\"},\"wordCount\":1461,\"commentCount\":0,\"publisher\":{\"@id\":\"https:\/\/lyonbondyblog.fr\/LBB\/#organization\"},\"image\":{\"@id\":\"https:\/\/lyonbondyblog.fr\/LBB\/razika-dali-je-regrette-que-givors-soit-toujours-la-derniere-roue-du-carrosse-partie-2\/#primaryimage\"},\"thumbnailUrl\":\"https:\/\/lyonbondyblog.fr\/LBB\/wp-content\/uploads\/2021\/12\/261562697_296597649140369_4880010302938083168_n.jpg\",\"articleSection\":[\"Givors\",\"Interview\",\"Lyon\",\"Municipales 2020\",\"Politique\"],\"inLanguage\":\"fr-FR\",\"potentialAction\":[{\"@type\":\"CommentAction\",\"name\":\"Comment\",\"target\":[\"https:\/\/lyonbondyblog.fr\/LBB\/razika-dali-je-regrette-que-givors-soit-toujours-la-derniere-roue-du-carrosse-partie-2\/#respond\"]}]},{\"@type\":\"WebPage\",\"@id\":\"https:\/\/lyonbondyblog.fr\/LBB\/razika-dali-je-regrette-que-givors-soit-toujours-la-derniere-roue-du-carrosse-partie-2\/\",\"url\":\"https:\/\/lyonbondyblog.fr\/LBB\/razika-dali-je-regrette-que-givors-soit-toujours-la-derniere-roue-du-carrosse-partie-2\/\",\"name\":\"Razika Dali : \u00ab Je regrette que Givors soit toujours la derni\u00e8re roue du carrosse \u00bb - Partie 2\",\"isPartOf\":{\"@id\":\"https:\/\/lyonbondyblog.fr\/LBB\/#website\"},\"primaryImageOfPage\":{\"@id\":\"https:\/\/lyonbondyblog.fr\/LBB\/razika-dali-je-regrette-que-givors-soit-toujours-la-derniere-roue-du-carrosse-partie-2\/#primaryimage\"},\"image\":{\"@id\":\"https:\/\/lyonbondyblog.fr\/LBB\/razika-dali-je-regrette-que-givors-soit-toujours-la-derniere-roue-du-carrosse-partie-2\/#primaryimage\"},\"thumbnailUrl\":\"https:\/\/lyonbondyblog.fr\/LBB\/wp-content\/uploads\/2021\/12\/261562697_296597649140369_4880010302938083168_n.jpg\",\"datePublished\":\"2021-12-01T11:27:22+00:00\",\"dateModified\":\"2021-12-01T11:33:01+00:00\",\"description\":\"Razika Dali et Laurent Decourselle ont fusionn\u00e9 leurs listes : \u00ab Givors en commun \u2013 Un avenir pour Givors \u00bb, se d\u00e9finissant comme \u00ab sans \u00e9tiquette \u00bb.\",\"inLanguage\":\"fr-FR\",\"potentialAction\":[{\"@type\":\"ReadAction\",\"target\":[\"https:\/\/lyonbondyblog.fr\/LBB\/razika-dali-je-regrette-que-givors-soit-toujours-la-derniere-roue-du-carrosse-partie-2\/\"]}]},{\"@type\":\"ImageObject\",\"inLanguage\":\"fr-FR\",\"@id\":\"https:\/\/lyonbondyblog.fr\/LBB\/razika-dali-je-regrette-que-givors-soit-toujours-la-derniere-roue-du-carrosse-partie-2\/#primaryimage\",\"url\":\"https:\/\/lyonbondyblog.fr\/LBB\/wp-content\/uploads\/2021\/12\/261562697_296597649140369_4880010302938083168_n.jpg\",\"contentUrl\":\"https:\/\/lyonbondyblog.fr\/LBB\/wp-content\/uploads\/2021\/12\/261562697_296597649140369_4880010302938083168_n.jpg\",\"width\":828,\"height\":466},{\"@type\":\"WebSite\",\"@id\":\"https:\/\/lyonbondyblog.fr\/LBB\/#website\",\"url\":\"https:\/\/lyonbondyblog.fr\/LBB\/\",\"name\":\"Lyon Bondy Blog\",\"description\":\"\",\"publisher\":{\"@id\":\"https:\/\/lyonbondyblog.fr\/LBB\/#organization\"},\"potentialAction\":[{\"@type\":\"SearchAction\",\"target\":{\"@type\":\"EntryPoint\",\"urlTemplate\":\"https:\/\/lyonbondyblog.fr\/LBB\/?s={search_term_string}\"},\"query-input\":\"required name=search_term_string\"}],\"inLanguage\":\"fr-FR\"},{\"@type\":\"Organization\",\"@id\":\"https:\/\/lyonbondyblog.fr\/LBB\/#organization\",\"name\":\"LYON BONDY BLOG\",\"url\":\"https:\/\/lyonbondyblog.fr\/LBB\/\",\"logo\":{\"@type\":\"ImageObject\",\"inLanguage\":\"fr-FR\",\"@id\":\"https:\/\/lyonbondyblog.fr\/LBB\/#\/schema\/logo\/image\/\",\"url\":\"http:\/\/lyonbondyblog.fr\/LBB\/wp-content\/uploads\/2014\/10\/logo-portable-144.png\",\"contentUrl\":\"http:\/\/lyonbondyblog.fr\/LBB\/wp-content\/uploads\/2014\/10\/logo-portable-144.png\",\"width\":144,\"height\":123,\"caption\":\"LYON BONDY BLOG\"},\"image\":{\"@id\":\"https:\/\/lyonbondyblog.fr\/LBB\/#\/schema\/logo\/image\/\"},\"sameAs\":[\"https:\/\/www.facebook.com\/lyonbondyblog\",\"https:\/\/x.com\/bondybloglyon\"]},{\"@type\":\"Person\",\"@id\":\"https:\/\/lyonbondyblog.fr\/LBB\/#\/schema\/person\/9946d294cefda5a37cd7d7ef5e8c298d\",\"name\":\"Le\u00efla Ghedaifi\",\"url\":\"https:\/\/lyonbondyblog.fr\/LBB\/author\/leilag\/\"}]}<\/script>\n<!-- \/ Yoast SEO plugin. -->","yoast_head_json":{"title":"Razika Dali : \u00ab Je regrette que Givors soit toujours la derni\u00e8re roue du carrosse \u00bb - Partie 2","description":"Razika Dali et Laurent Decourselle ont fusionn\u00e9 leurs listes : \u00ab Givors en commun \u2013 Un avenir pour Givors \u00bb, se d\u00e9finissant comme \u00ab sans \u00e9tiquette \u00bb.","robots":{"index":"index","follow":"follow","max-snippet":"max-snippet:-1","max-image-preview":"max-image-preview:large","max-video-preview":"max-video-preview:-1"},"canonical":"https:\/\/lyonbondyblog.fr\/LBB\/razika-dali-je-regrette-que-givors-soit-toujours-la-derniere-roue-du-carrosse-partie-2\/","og_locale":"fr_FR","og_type":"article","og_title":"Razika Dali : \u00ab Je regrette que Givors soit toujours la derni\u00e8re roue du carrosse \u00bb - Partie 2","og_description":"Razika Dali et Laurent Decourselle ont fusionn\u00e9 leurs listes : \u00ab Givors en commun \u2013 Un avenir pour Givors \u00bb, se d\u00e9finissant comme \u00ab sans \u00e9tiquette \u00bb.","og_url":"https:\/\/lyonbondyblog.fr\/LBB\/razika-dali-je-regrette-que-givors-soit-toujours-la-derniere-roue-du-carrosse-partie-2\/","og_site_name":"Lyon Bondy Blog","article_publisher":"https:\/\/www.facebook.com\/lyonbondyblog","article_published_time":"2021-12-01T11:27:22+00:00","article_modified_time":"2021-12-01T11:33:01+00:00","og_image":[{"width":828,"height":466,"url":"https:\/\/lyonbondyblog.fr\/LBB\/wp-content\/uploads\/2021\/12\/261562697_296597649140369_4880010302938083168_n.jpg","type":"image\/jpeg"}],"author":"Le\u00efla Ghedaifi","twitter_card":"summary_large_image","twitter_creator":"@bondybloglyon","twitter_site":"@bondybloglyon","schema":{"@context":"https:\/\/schema.org","@graph":[{"@type":"Article","@id":"https:\/\/lyonbondyblog.fr\/LBB\/razika-dali-je-regrette-que-givors-soit-toujours-la-derniere-roue-du-carrosse-partie-2\/#article","isPartOf":{"@id":"https:\/\/lyonbondyblog.fr\/LBB\/razika-dali-je-regrette-que-givors-soit-toujours-la-derniere-roue-du-carrosse-partie-2\/"},"author":{"name":"Le\u00efla Ghedaifi","@id":"https:\/\/lyonbondyblog.fr\/LBB\/#\/schema\/person\/9946d294cefda5a37cd7d7ef5e8c298d"},"headline":"Razika Dali : \u00ab Je regrette que Givors soit toujours la derni\u00e8re roue du carrosse \u00bb &#8211; Partie 2","datePublished":"2021-12-01T11:27:22+00:00","dateModified":"2021-12-01T11:33:01+00:00","mainEntityOfPage":{"@id":"https:\/\/lyonbondyblog.fr\/LBB\/razika-dali-je-regrette-que-givors-soit-toujours-la-derniere-roue-du-carrosse-partie-2\/"},"wordCount":1461,"commentCount":0,"publisher":{"@id":"https:\/\/lyonbondyblog.fr\/LBB\/#organization"},"image":{"@id":"https:\/\/lyonbondyblog.fr\/LBB\/razika-dali-je-regrette-que-givors-soit-toujours-la-derniere-roue-du-carrosse-partie-2\/#primaryimage"},"thumbnailUrl":"https:\/\/lyonbondyblog.fr\/LBB\/wp-content\/uploads\/2021\/12\/261562697_296597649140369_4880010302938083168_n.jpg","articleSection":["Givors","Interview","Lyon","Municipales 2020","Politique"],"inLanguage":"fr-FR","potentialAction":[{"@type":"CommentAction","name":"Comment","target":["https:\/\/lyonbondyblog.fr\/LBB\/razika-dali-je-regrette-que-givors-soit-toujours-la-derniere-roue-du-carrosse-partie-2\/#respond"]}]},{"@type":"WebPage","@id":"https:\/\/lyonbondyblog.fr\/LBB\/razika-dali-je-regrette-que-givors-soit-toujours-la-derniere-roue-du-carrosse-partie-2\/","url":"https:\/\/lyonbondyblog.fr\/LBB\/razika-dali-je-regrette-que-givors-soit-toujours-la-derniere-roue-du-carrosse-partie-2\/","name":"Razika Dali : \u00ab Je regrette que Givors soit toujours la derni\u00e8re roue du carrosse \u00bb - Partie 2","isPartOf":{"@id":"https:\/\/lyonbondyblog.fr\/LBB\/#website"},"primaryImageOfPage":{"@id":"https:\/\/lyonbondyblog.fr\/LBB\/razika-dali-je-regrette-que-givors-soit-toujours-la-derniere-roue-du-carrosse-partie-2\/#primaryimage"},"image":{"@id":"https:\/\/lyonbondyblog.fr\/LBB\/razika-dali-je-regrette-que-givors-soit-toujours-la-derniere-roue-du-carrosse-partie-2\/#primaryimage"},"thumbnailUrl":"https:\/\/lyonbondyblog.fr\/LBB\/wp-content\/uploads\/2021\/12\/261562697_296597649140369_4880010302938083168_n.jpg","datePublished":"2021-12-01T11:27:22+00:00","dateModified":"2021-12-01T11:33:01+00:00","description":"Razika Dali et Laurent Decourselle ont fusionn\u00e9 leurs listes : \u00ab Givors en commun \u2013 Un avenir pour Givors \u00bb, se d\u00e9finissant comme \u00ab sans \u00e9tiquette \u00bb.","inLanguage":"fr-FR","potentialAction":[{"@type":"ReadAction","target":["https:\/\/lyonbondyblog.fr\/LBB\/razika-dali-je-regrette-que-givors-soit-toujours-la-derniere-roue-du-carrosse-partie-2\/"]}]},{"@type":"ImageObject","inLanguage":"fr-FR","@id":"https:\/\/lyonbondyblog.fr\/LBB\/razika-dali-je-regrette-que-givors-soit-toujours-la-derniere-roue-du-carrosse-partie-2\/#primaryimage","url":"https:\/\/lyonbondyblog.fr\/LBB\/wp-content\/uploads\/2021\/12\/261562697_296597649140369_4880010302938083168_n.jpg","contentUrl":"https:\/\/lyonbondyblog.fr\/LBB\/wp-content\/uploads\/2021\/12\/261562697_296597649140369_4880010302938083168_n.jpg","width":828,"height":466},{"@type":"WebSite","@id":"https:\/\/lyonbondyblog.fr\/LBB\/#website","url":"https:\/\/lyonbondyblog.fr\/LBB\/","name":"Lyon Bondy Blog","description":"","publisher":{"@id":"https:\/\/lyonbondyblog.fr\/LBB\/#organization"},"potentialAction":[{"@type":"SearchAction","target":{"@type":"EntryPoint","urlTemplate":"https:\/\/lyonbondyblog.fr\/LBB\/?s={search_term_string}"},"query-input":"required name=search_term_string"}],"inLanguage":"fr-FR"},{"@type":"Organization","@id":"https:\/\/lyonbondyblog.fr\/LBB\/#organization","name":"LYON BONDY BLOG","url":"https:\/\/lyonbondyblog.fr\/LBB\/","logo":{"@type":"ImageObject","inLanguage":"fr-FR","@id":"https:\/\/lyonbondyblog.fr\/LBB\/#\/schema\/logo\/image\/","url":"http:\/\/lyonbondyblog.fr\/LBB\/wp-content\/uploads\/2014\/10\/logo-portable-144.png","contentUrl":"http:\/\/lyonbondyblog.fr\/LBB\/wp-content\/uploads\/2014\/10\/logo-portable-144.png","width":144,"height":123,"caption":"LYON BONDY BLOG"},"image":{"@id":"https:\/\/lyonbondyblog.fr\/LBB\/#\/schema\/logo\/image\/"},"sameAs":["https:\/\/www.facebook.com\/lyonbondyblog","https:\/\/x.com\/bondybloglyon"]},{"@type":"Person","@id":"https:\/\/lyonbondyblog.fr\/LBB\/#\/schema\/person\/9946d294cefda5a37cd7d7ef5e8c298d","name":"Le\u00efla Ghedaifi","url":"https:\/\/lyonbondyblog.fr\/LBB\/author\/leilag\/"}]}},"_links":{"self":[{"href":"https:\/\/lyonbondyblog.fr\/LBB\/wp-json\/wp\/v2\/posts\/26019","targetHints":{"allow":["GET"]}}],"collection":[{"href":"https:\/\/lyonbondyblog.fr\/LBB\/wp-json\/wp\/v2\/posts"}],"about":[{"href":"https:\/\/lyonbondyblog.fr\/LBB\/wp-json\/wp\/v2\/types\/post"}],"author":[{"embeddable":true,"href":"https:\/\/lyonbondyblog.fr\/LBB\/wp-json\/wp\/v2\/users\/25924"}],"replies":[{"embeddable":true,"href":"https:\/\/lyonbondyblog.fr\/LBB\/wp-json\/wp\/v2\/comments?post=26019"}],"version-history":[{"count":5,"href":"https:\/\/lyonbondyblog.fr\/LBB\/wp-json\/wp\/v2\/posts\/26019\/revisions"}],"predecessor-version":[{"id":26024,"href":"https:\/\/lyonbondyblog.fr\/LBB\/wp-json\/wp\/v2\/posts\/26019\/revisions\/26024"}],"wp:featuredmedia":[{"embeddable":true,"href":"https:\/\/lyonbondyblog.fr\/LBB\/wp-json\/wp\/v2\/media\/26017"}],"wp:attachment":[{"href":"https:\/\/lyonbondyblog.fr\/LBB\/wp-json\/wp\/v2\/media?parent=26019"}],"wp:term":[{"taxonomy":"category","embeddable":true,"href":"https:\/\/lyonbondyblog.fr\/LBB\/wp-json\/wp\/v2\/categories?post=26019"},{"taxonomy":"post_tag","embeddable":true,"href":"https:\/\/lyonbondyblog.fr\/LBB\/wp-json\/wp\/v2\/tags?post=26019"}],"curies":[{"name":"wp","href":"https:\/\/api.w.org\/{rel}","templated":true}]}}