{"id":26014,"date":"2021-12-01T12:27:17","date_gmt":"2021-12-01T11:27:17","guid":{"rendered":"http:\/\/lyonbondyblog.fr\/LBB\/?p=26014"},"modified":"2021-12-01T12:35:08","modified_gmt":"2021-12-01T11:35:08","slug":"razika-dali-givors-a-ete-trop-longtemps-dans-une-gestion-fermee-partie-1","status":"publish","type":"post","link":"https:\/\/lyonbondyblog.fr\/LBB\/razika-dali-givors-a-ete-trop-longtemps-dans-une-gestion-fermee-partie-1\/","title":{"rendered":"Razika Dali : \u00ab Givors a \u00e9t\u00e9 trop longtemps dans une gestion ferm\u00e9e \u00bb &#8211; Partie 1"},"content":{"rendered":"\n<h2 class=\"wp-block-heading\">Avant le premier tour des \u00e9lections municipales de Givors qui aura lieu ce dimanche 5 d\u00e9cembre, le Lyon Bondy Blog est all\u00e9 rencontrer les candidats des 6 diff\u00e9rentes listes. Pour cette seconde interview, nous avons interrog\u00e9 Razika Dali et Laurent Decourselle, qui ont fusionn\u00e9 leurs listes : \u00ab Givors en commun \u2013 Un avenir pour Givors \u00bb, se d\u00e9finissant comme \u00ab sans \u00e9tiquette \u00bb.<\/h2>\n\n\n\n<h4 class=\"wp-block-heading\">Pouvez-vous vous pr\u00e9senter ?<\/h4>\n\n\n\n<p>Je suis Razika Dali, j&rsquo;ai 44 ans et je suis infirmi\u00e8re lib\u00e9rale, cheffe d&rsquo;entreprise. Je suis coordinatrice du centre de vaccination anti-COVID-19 adoss\u00e9 au centre hospitalier de Givors. J\u2019\u00e9tais \u00e0 l&rsquo;initiative du projet. Je suis repr\u00e9sentante des usagers du syst\u00e8me de sant\u00e9, j\u2019ai \u00e9t\u00e9 d\u00e9sign\u00e9e par l&rsquo;agence r\u00e9gionale de la sant\u00e9. J&rsquo;ai \u00e9t\u00e9 candidate en mars 2020 d&rsquo;une liste qui s&rsquo;appelait \u00ab Givors en commun \u00bb. Je suis plut\u00f4t sans \u00e9tiquette. On a une liste de \u00ab divers \u00bb sans \u00e9tiquette avec Laurent Decourselle. Nous avons fusionn\u00e9 nos listes pour cette nouvelle \u00e9lection. D\u2019ailleurs, je me demande si appartenir \u00e0 la gauche ou \u00e0 la droite signifie encore quelque chose. Ma candidature est une candidature citoyenne et engag\u00e9e.<\/p>\n\n\n\n<h4 class=\"wp-block-heading\">\u00c9tiez-vous pr\u00eate \u00e0 faire une seconde \u00e9lection ?<\/h4>\n\n\n\n<p>On attendait la d\u00e9cision du Conseil d&rsquo;\u00c9tat. Je ne m&rsquo;\u00e9tais pas positionn\u00e9e ni pour, ni contre, mais j&rsquo;attendais la d\u00e9cision assez sereinement.<\/p>\n\n\n\n<h4 class=\"wp-block-heading\">Givors est historiquement une ville plut\u00f4t ouvri\u00e8re. Quels sont les enjeux principaux de la ville selon vous ?<\/h4>\n\n\n\n<p>Je pense que Givors a \u00e9t\u00e9 trop longtemps dans une gestion ferm\u00e9e. Il suffit de voir l\u2019\u00e9tat de la ville aujourd\u2019hui. On est quand m\u00eame la quatri\u00e8me ville la plus pauvre de la m\u00e9tropole ! Il y a des difficult\u00e9s d&rsquo;acc\u00e8s aux soins, d\u2019acc\u00e8s \u00e0 l&#8217;emploi\u2026 En termes de soins, je sais de quoi je parle, parce qu&rsquo;on est quand m\u00eame dans une crise sanitaire assez compliqu\u00e9e. Givors a \u00e9t\u00e9 l&rsquo;une des deux villes du Rh\u00f4ne la plus touch\u00e9e alors que la r\u00e9gion proposait un d\u00e9pistage massif juste avant la p\u00e9riode de f\u00eates l\u2019ann\u00e9e derni\u00e8re. Givors n&rsquo;\u00e9tait pas pr\u00e9sente. Je pense que les citoyens ont le droit de s&rsquo;interroger sur les priorit\u00e9s de la ville.<\/p>\n\n\n\n<h4 class=\"wp-block-heading\">Est-ce qu\u2019\u00eatre jeune \u00e0 Givors en 2021 c&rsquo;est compliqu\u00e9 ?<\/h4>\n\n\n\n<p>Oui, c&rsquo;est compliqu\u00e9 parce qu&rsquo;on voit beaucoup de d\u00e9crochage scolaire. Ils sont loin des p\u00f4les universitaires et c&rsquo;est pour \u00e7a qu&rsquo;on veut aussi cr\u00e9er une antenne universitaire. Les jeunes n&rsquo;ont pas forc\u00e9ment acc\u00e8s aux facs et n&rsquo;ont pas la facilit\u00e9 de pouvoir se d\u00e9placer dans les grandes villes. Par exemple, sur Vernes, ce n\u2019est pas tr\u00e8s bien desservi.<\/p>\n\n\n\n<h4 class=\"wp-block-heading\">Comment comptez-vous am\u00e9liorer les offres de transport ?<\/h4>\n\n\n\n<p>Laurent Decourselle :&nbsp; J&rsquo;ai \u00e9t\u00e9 inspecteur de la s\u00e9curit\u00e9 routi\u00e8re et je suis charg\u00e9 d&rsquo;\u00e9tudes dans une unit\u00e9 o\u00f9 l\u2019on parle d\u2019am\u00e9nagement du territoire et notamment la cellule \u00ab mobilit\u00e9 \u00bb. En ce moment, on parle beaucoup du t\u00e9l\u00e9ph\u00e9rique. Ceux qui sont motiv\u00e9s pour voir l&rsquo;\u00e9mergence de ce projet je les ai clairement identifi\u00e9s et j\u2019ai pu travailler aussi en proximit\u00e9 avec les acteurs de la m\u00e9tropole, dont certains sont \u00e9videmment nouveaux dans ce paysage. On a une expertise pour d\u00e9velopper le transport. Je prends le train r\u00e9guli\u00e8rement pour aller \u00e0 Lyon. Par exemple, ce matin, il manquait deux trains, donc on \u00e9tait compress\u00e9s comme des sardines ! Donc effectivement il y a un outil, mais pas suffisamment r\u00e9gulier pour cr\u00e9er une habitude de transport s\u00e9curis\u00e9.<\/p>\n\n\n\n<p>Razika Dali : Le jeune qui veut se former \u00e0 l&rsquo;universit\u00e9 comme \u00e0 l\u2019Universit\u00e9 Lyon 2, c&rsquo;est un parcours du combattant pour lui. Les jeunes n\u2019ont pas forc\u00e9ment les moyens de vivre sur Lyon. Et ceux qui choisissent l&rsquo;alternative des transports en commun doivent prendre le bus, puis prendre le train et ensuite reprendre un bus. C&rsquo;est vraiment pesant. D\u2019autres ont l&rsquo;option de travailler sur Saint-\u00c9tienne parce qu&rsquo;on est aux portes du 42, mais on reste excentr\u00e9s.<\/p>\n\n\n\n<p>Laurent Decourselle : Aujourd&rsquo;hui, Givors a deux cicatrices : l&rsquo;autoroute qui coupe la ville en deux, et \u00e7a c\u2019est historique, c\u2019est compliqu\u00e9 en termes de nuisances sonores, de pollution et tout \u00e7a. Et Givors a aussi une route \u00e0 grande circulation qui longe le Rh\u00f4ne et qui ne permet pas d&rsquo;avoir une ville apais\u00e9e. Tout \u00e7a, c\u2019est complexe \u00e0 g\u00e9rer.<\/p>\n\n\n\n<h4 class=\"wp-block-heading\">Est-ce que le court mandat de M. Boudjellaba a permis de changer les choses ou pas du tout ?<\/h4>\n\n\n\n<p>Je regrette qu&rsquo;il n&rsquo;ait pas demand\u00e9 au pr\u00e9fet un assouplissement de la circulation des poids-lourds. Il n\u2019a pas eu cette d\u00e9marche et je pense que ce sont des sujets qu&rsquo;il ne ma\u00eetrise pas forc\u00e9ment. Et \u00e7a on le regrette pour quelqu&rsquo;un qui fait partie d&rsquo;un mouvement qui promeut les d\u00e9placements doux. On n&rsquo;a pas vu l&rsquo;ombre d&rsquo;une piste cyclable en 16 mois alors que le maire de Lyon, et je sais que ce n&rsquo;est pas partag\u00e9 par tous, a r\u00e9ussi \u00e0 mettre des kilom\u00e8tres lin\u00e9aires de pistes cyclables ! C\u2019est dommage parce que c&rsquo;\u00e9tait une ambition qui partait notamment des rues pi\u00e9tonnes. Nous, on va \u00eatre tr\u00e8s r\u00e9actifs sur ce sujet. On a besoin de la m\u00e9tropole pour qu&rsquo;elle valide. Mais la m\u00e9tropole a aussi besoin des \u00e9lus locaux pour avoir la connaissance du terrain. On a d\u2019ailleurs la chance d&rsquo;avoir sur notre liste le cofondateur du parti des verts, monsieur Daniel Martin, qui produit \u00e9norm\u00e9ment de r\u00e9flexions sur la soci\u00e9t\u00e9 et notamment sur les modes de transport.<\/p>\n\n\n\n<h4 class=\"wp-block-heading\">Givors \u00e0 des conseils dans neuf quartiers diff\u00e9rents et avait six permanences citoyennes. Est-ce que la d\u00e9mocratie participative caract\u00e9rise Givors selon vous ?<\/h4>\n\n\n\n<p>Justement M. Boudjellaba a supprim\u00e9 les maisons citoyennes, et c&rsquo;est un scandale pour nous parce que c&rsquo;\u00e9tait l\u2019une des mesures qu&rsquo;on avait appr\u00e9ci\u00e9es de la part de la municipalit\u00e9 pr\u00e9c\u00e9dente. La loi pr\u00e9voit des conseils citoyens dans chaque quartier prioritaire de la ville et aujourd&rsquo;hui on a quand m\u00eame trois quartiers prioritaires avec un taux de logements sociaux d&rsquo;un peu plus de 45%. On a absolument besoin d&rsquo;avoir une repr\u00e9sentation d\u00e9mocratique. Et le second aspect sur lequel on est particuli\u00e8rement en col\u00e8re est le suivant : j&rsquo;ai \u00e9t\u00e9 conseiller municipal et M. Boudjellaba \u00e0 supprim\u00e9 les commissions th\u00e9matiques qui sont pr\u00e9vus dans les collectivit\u00e9s territoriales. Pendant les 16 mois, on n&rsquo;a pas eu un instant de d\u00e9bat creus\u00e9 sur un sujet qui impacte toute la ville. Si on est en responsabilit\u00e9, on recr\u00e9era du dialogue, non seulement avec les habitants, mais aussi avec l&rsquo;opposition pour avoir des d\u00e9bats constructifs.<\/p>\n\n\n\n<h4 class=\"wp-block-heading\">Le taux d\u2019abstention \u00e9tait d\u2019environ 70% l\u2019ann\u00e9e derni\u00e8re. Comment allez-vous mobiliser les jeunes givordins pour la seconde \u00e9lection ?<\/h4>\n\n\n\n<p>On s&rsquo;attend \u00e0 l&rsquo;abstention. C\u2019est compliqu\u00e9, mais on a quand m\u00eame beaucoup de jeunes qui nous soutiennent. De toute fa\u00e7on c&rsquo;\u00e9tait le probl\u00e8me de l&rsquo;\u00e9lection en 2020, on avait un taux d&rsquo;abstention record au niveau national et 3 mois d&rsquo;\u00e9cart entre le premier et le second tour. Les jeunes sont d\u00e9sabus\u00e9s, ils ne croient plus en la politique ni m\u00eame aux politiques communaux sans \u00e9tiquette. C\u2019est compliqu\u00e9 de les mobiliser. On a un local en centre-ville et il y a beaucoup de jeunes qui fr\u00e9quentent les \u00e9tablissements d&rsquo;alimentation rapide \u00e0 c\u00f4t\u00e9 du local. Donc ils viennent nous voir souvent. Il faut savoir aussi que je suis en lib\u00e9ral, j&rsquo;interviens beaucoup sur le secteur des Vernes. Je suis un visage connu et je pense redonner un peu confiance \u00e0 travers ma candidature. Je pense qu&rsquo;ils se mobiliseront parce que je passe trois fois par jour au quartier des Vernes. Je leur inspire un peu confiance. La popularit\u00e9 d&rsquo;une personne est importante pour les \u00e9lections.<\/p>\n\n\n\n<p>Retrouvez la suite de l&rsquo;interview <a href=\"http:\/\/lyonbondyblog.fr\/...\/razika-dali-je-regrette-que...\/\" target=\"_blank\" rel=\"noreferrer noopener\">ici<\/a>.<\/p>\n<!-- AddThis Advanced Settings generic via filter on the_content --><!-- AddThis Share Buttons generic via filter on the_content -->","protected":false},"excerpt":{"rendered":"<p>Avant le premier tour des \u00e9lections municipales de Givors qui aura lieu ce dimanche 5 d\u00e9cembre, le Lyon Bondy Blog est all\u00e9 rencontrer les candidats &hellip; <!-- AddThis Advanced Settings generic via filter on wp_trim_excerpt --><!-- AddThis Share Buttons generic via filter on wp_trim_excerpt --><\/p>\n","protected":false},"author":25924,"featured_media":26017,"comment_status":"open","ping_status":"open","sticky":true,"template":"","format":"standard","meta":{"_FSMCFIC_featured_image_caption":"","_FSMCFIC_featured_image_nocaption":"","_FSMCFIC_featured_image_hide":"","footnotes":""},"categories":[4028,26299,4,22224,6],"tags":[],"class_list":["post-26014","post","type-post","status-publish","format-standard","has-post-thumbnail","hentry","category-givors","category-interview","category-lyon","category-municipales-2020-politique","category-politique"],"yoast_head":"<!-- This site is optimized with the Yoast SEO plugin v22.8 - https:\/\/yoast.com\/wordpress\/plugins\/seo\/ -->\n<title>Razika Dali : \u00ab Givors a \u00e9t\u00e9 trop longtemps dans une gestion ferm\u00e9e \u00bb - Partie 1<\/title>\n<meta name=\"description\" content=\"Razika Dali et Laurent Decourselle ont fusionn\u00e9 leurs listes : \u00ab Givors en commun \u2013 Un avenir pour Givors \u00bb, se d\u00e9finissant comme \u00ab sans \u00e9tiquette \u00bb.\" \/>\n<meta name=\"robots\" content=\"index, follow, max-snippet:-1, max-image-preview:large, max-video-preview:-1\" \/>\n<link rel=\"canonical\" href=\"https:\/\/lyonbondyblog.fr\/LBB\/razika-dali-givors-a-ete-trop-longtemps-dans-une-gestion-fermee-partie-1\/\" \/>\n<meta property=\"og:locale\" content=\"fr_FR\" \/>\n<meta property=\"og:type\" content=\"article\" \/>\n<meta property=\"og:title\" content=\"Razika Dali : \u00ab Givors a \u00e9t\u00e9 trop longtemps dans une gestion ferm\u00e9e \u00bb - Partie 1\" \/>\n<meta property=\"og:description\" content=\"Razika Dali et Laurent Decourselle ont fusionn\u00e9 leurs listes : \u00ab Givors en commun \u2013 Un avenir pour Givors \u00bb, se d\u00e9finissant comme \u00ab sans \u00e9tiquette \u00bb.\" \/>\n<meta property=\"og:url\" content=\"https:\/\/lyonbondyblog.fr\/LBB\/razika-dali-givors-a-ete-trop-longtemps-dans-une-gestion-fermee-partie-1\/\" \/>\n<meta property=\"og:site_name\" content=\"Lyon Bondy Blog\" \/>\n<meta property=\"article:publisher\" content=\"https:\/\/www.facebook.com\/lyonbondyblog\" \/>\n<meta property=\"article:published_time\" content=\"2021-12-01T11:27:17+00:00\" \/>\n<meta property=\"article:modified_time\" content=\"2021-12-01T11:35:08+00:00\" \/>\n<meta property=\"og:image\" content=\"https:\/\/lyonbondyblog.fr\/LBB\/wp-content\/uploads\/2021\/12\/261562697_296597649140369_4880010302938083168_n.jpg\" \/>\n\t<meta property=\"og:image:width\" content=\"828\" \/>\n\t<meta property=\"og:image:height\" content=\"466\" \/>\n\t<meta property=\"og:image:type\" content=\"image\/jpeg\" \/>\n<meta name=\"author\" content=\"Le\u00efla Ghedaifi\" \/>\n<meta name=\"twitter:card\" content=\"summary_large_image\" \/>\n<meta name=\"twitter:creator\" content=\"@bondybloglyon\" \/>\n<meta name=\"twitter:site\" content=\"@bondybloglyon\" \/>\n<script type=\"application\/ld+json\" class=\"yoast-schema-graph\">{\"@context\":\"https:\/\/schema.org\",\"@graph\":[{\"@type\":\"Article\",\"@id\":\"https:\/\/lyonbondyblog.fr\/LBB\/razika-dali-givors-a-ete-trop-longtemps-dans-une-gestion-fermee-partie-1\/#article\",\"isPartOf\":{\"@id\":\"https:\/\/lyonbondyblog.fr\/LBB\/razika-dali-givors-a-ete-trop-longtemps-dans-une-gestion-fermee-partie-1\/\"},\"author\":{\"name\":\"Le\u00efla Ghedaifi\",\"@id\":\"https:\/\/lyonbondyblog.fr\/LBB\/#\/schema\/person\/9946d294cefda5a37cd7d7ef5e8c298d\"},\"headline\":\"Razika Dali : \u00ab Givors a \u00e9t\u00e9 trop longtemps dans une gestion ferm\u00e9e \u00bb &#8211; Partie 1\",\"datePublished\":\"2021-12-01T11:27:17+00:00\",\"dateModified\":\"2021-12-01T11:35:08+00:00\",\"mainEntityOfPage\":{\"@id\":\"https:\/\/lyonbondyblog.fr\/LBB\/razika-dali-givors-a-ete-trop-longtemps-dans-une-gestion-fermee-partie-1\/\"},\"wordCount\":1343,\"commentCount\":0,\"publisher\":{\"@id\":\"https:\/\/lyonbondyblog.fr\/LBB\/#organization\"},\"image\":{\"@id\":\"https:\/\/lyonbondyblog.fr\/LBB\/razika-dali-givors-a-ete-trop-longtemps-dans-une-gestion-fermee-partie-1\/#primaryimage\"},\"thumbnailUrl\":\"https:\/\/lyonbondyblog.fr\/LBB\/wp-content\/uploads\/2021\/12\/261562697_296597649140369_4880010302938083168_n.jpg\",\"articleSection\":[\"Givors\",\"Interview\",\"Lyon\",\"Municipales 2020\",\"Politique\"],\"inLanguage\":\"fr-FR\",\"potentialAction\":[{\"@type\":\"CommentAction\",\"name\":\"Comment\",\"target\":[\"https:\/\/lyonbondyblog.fr\/LBB\/razika-dali-givors-a-ete-trop-longtemps-dans-une-gestion-fermee-partie-1\/#respond\"]}]},{\"@type\":\"WebPage\",\"@id\":\"https:\/\/lyonbondyblog.fr\/LBB\/razika-dali-givors-a-ete-trop-longtemps-dans-une-gestion-fermee-partie-1\/\",\"url\":\"https:\/\/lyonbondyblog.fr\/LBB\/razika-dali-givors-a-ete-trop-longtemps-dans-une-gestion-fermee-partie-1\/\",\"name\":\"Razika Dali : \u00ab Givors a \u00e9t\u00e9 trop longtemps dans une gestion ferm\u00e9e \u00bb - Partie 1\",\"isPartOf\":{\"@id\":\"https:\/\/lyonbondyblog.fr\/LBB\/#website\"},\"primaryImageOfPage\":{\"@id\":\"https:\/\/lyonbondyblog.fr\/LBB\/razika-dali-givors-a-ete-trop-longtemps-dans-une-gestion-fermee-partie-1\/#primaryimage\"},\"image\":{\"@id\":\"https:\/\/lyonbondyblog.fr\/LBB\/razika-dali-givors-a-ete-trop-longtemps-dans-une-gestion-fermee-partie-1\/#primaryimage\"},\"thumbnailUrl\":\"https:\/\/lyonbondyblog.fr\/LBB\/wp-content\/uploads\/2021\/12\/261562697_296597649140369_4880010302938083168_n.jpg\",\"datePublished\":\"2021-12-01T11:27:17+00:00\",\"dateModified\":\"2021-12-01T11:35:08+00:00\",\"description\":\"Razika Dali et Laurent Decourselle ont fusionn\u00e9 leurs listes : \u00ab Givors en commun \u2013 Un avenir pour Givors \u00bb, se d\u00e9finissant comme \u00ab sans \u00e9tiquette \u00bb.\",\"inLanguage\":\"fr-FR\",\"potentialAction\":[{\"@type\":\"ReadAction\",\"target\":[\"https:\/\/lyonbondyblog.fr\/LBB\/razika-dali-givors-a-ete-trop-longtemps-dans-une-gestion-fermee-partie-1\/\"]}]},{\"@type\":\"ImageObject\",\"inLanguage\":\"fr-FR\",\"@id\":\"https:\/\/lyonbondyblog.fr\/LBB\/razika-dali-givors-a-ete-trop-longtemps-dans-une-gestion-fermee-partie-1\/#primaryimage\",\"url\":\"https:\/\/lyonbondyblog.fr\/LBB\/wp-content\/uploads\/2021\/12\/261562697_296597649140369_4880010302938083168_n.jpg\",\"contentUrl\":\"https:\/\/lyonbondyblog.fr\/LBB\/wp-content\/uploads\/2021\/12\/261562697_296597649140369_4880010302938083168_n.jpg\",\"width\":828,\"height\":466},{\"@type\":\"WebSite\",\"@id\":\"https:\/\/lyonbondyblog.fr\/LBB\/#website\",\"url\":\"https:\/\/lyonbondyblog.fr\/LBB\/\",\"name\":\"Lyon Bondy Blog\",\"description\":\"\",\"publisher\":{\"@id\":\"https:\/\/lyonbondyblog.fr\/LBB\/#organization\"},\"potentialAction\":[{\"@type\":\"SearchAction\",\"target\":{\"@type\":\"EntryPoint\",\"urlTemplate\":\"https:\/\/lyonbondyblog.fr\/LBB\/?s={search_term_string}\"},\"query-input\":\"required name=search_term_string\"}],\"inLanguage\":\"fr-FR\"},{\"@type\":\"Organization\",\"@id\":\"https:\/\/lyonbondyblog.fr\/LBB\/#organization\",\"name\":\"LYON BONDY BLOG\",\"url\":\"https:\/\/lyonbondyblog.fr\/LBB\/\",\"logo\":{\"@type\":\"ImageObject\",\"inLanguage\":\"fr-FR\",\"@id\":\"https:\/\/lyonbondyblog.fr\/LBB\/#\/schema\/logo\/image\/\",\"url\":\"http:\/\/lyonbondyblog.fr\/LBB\/wp-content\/uploads\/2014\/10\/logo-portable-144.png\",\"contentUrl\":\"http:\/\/lyonbondyblog.fr\/LBB\/wp-content\/uploads\/2014\/10\/logo-portable-144.png\",\"width\":144,\"height\":123,\"caption\":\"LYON BONDY BLOG\"},\"image\":{\"@id\":\"https:\/\/lyonbondyblog.fr\/LBB\/#\/schema\/logo\/image\/\"},\"sameAs\":[\"https:\/\/www.facebook.com\/lyonbondyblog\",\"https:\/\/x.com\/bondybloglyon\"]},{\"@type\":\"Person\",\"@id\":\"https:\/\/lyonbondyblog.fr\/LBB\/#\/schema\/person\/9946d294cefda5a37cd7d7ef5e8c298d\",\"name\":\"Le\u00efla Ghedaifi\",\"url\":\"https:\/\/lyonbondyblog.fr\/LBB\/author\/leilag\/\"}]}<\/script>\n<!-- \/ Yoast SEO plugin. -->","yoast_head_json":{"title":"Razika Dali : \u00ab Givors a \u00e9t\u00e9 trop longtemps dans une gestion ferm\u00e9e \u00bb - Partie 1","description":"Razika Dali et Laurent Decourselle ont fusionn\u00e9 leurs listes : \u00ab Givors en commun \u2013 Un avenir pour Givors \u00bb, se d\u00e9finissant comme \u00ab sans \u00e9tiquette \u00bb.","robots":{"index":"index","follow":"follow","max-snippet":"max-snippet:-1","max-image-preview":"max-image-preview:large","max-video-preview":"max-video-preview:-1"},"canonical":"https:\/\/lyonbondyblog.fr\/LBB\/razika-dali-givors-a-ete-trop-longtemps-dans-une-gestion-fermee-partie-1\/","og_locale":"fr_FR","og_type":"article","og_title":"Razika Dali : \u00ab Givors a \u00e9t\u00e9 trop longtemps dans une gestion ferm\u00e9e \u00bb - Partie 1","og_description":"Razika Dali et Laurent Decourselle ont fusionn\u00e9 leurs listes : \u00ab Givors en commun \u2013 Un avenir pour Givors \u00bb, se d\u00e9finissant comme \u00ab sans \u00e9tiquette \u00bb.","og_url":"https:\/\/lyonbondyblog.fr\/LBB\/razika-dali-givors-a-ete-trop-longtemps-dans-une-gestion-fermee-partie-1\/","og_site_name":"Lyon Bondy Blog","article_publisher":"https:\/\/www.facebook.com\/lyonbondyblog","article_published_time":"2021-12-01T11:27:17+00:00","article_modified_time":"2021-12-01T11:35:08+00:00","og_image":[{"width":828,"height":466,"url":"https:\/\/lyonbondyblog.fr\/LBB\/wp-content\/uploads\/2021\/12\/261562697_296597649140369_4880010302938083168_n.jpg","type":"image\/jpeg"}],"author":"Le\u00efla Ghedaifi","twitter_card":"summary_large_image","twitter_creator":"@bondybloglyon","twitter_site":"@bondybloglyon","schema":{"@context":"https:\/\/schema.org","@graph":[{"@type":"Article","@id":"https:\/\/lyonbondyblog.fr\/LBB\/razika-dali-givors-a-ete-trop-longtemps-dans-une-gestion-fermee-partie-1\/#article","isPartOf":{"@id":"https:\/\/lyonbondyblog.fr\/LBB\/razika-dali-givors-a-ete-trop-longtemps-dans-une-gestion-fermee-partie-1\/"},"author":{"name":"Le\u00efla Ghedaifi","@id":"https:\/\/lyonbondyblog.fr\/LBB\/#\/schema\/person\/9946d294cefda5a37cd7d7ef5e8c298d"},"headline":"Razika Dali : \u00ab Givors a \u00e9t\u00e9 trop longtemps dans une gestion ferm\u00e9e \u00bb &#8211; Partie 1","datePublished":"2021-12-01T11:27:17+00:00","dateModified":"2021-12-01T11:35:08+00:00","mainEntityOfPage":{"@id":"https:\/\/lyonbondyblog.fr\/LBB\/razika-dali-givors-a-ete-trop-longtemps-dans-une-gestion-fermee-partie-1\/"},"wordCount":1343,"commentCount":0,"publisher":{"@id":"https:\/\/lyonbondyblog.fr\/LBB\/#organization"},"image":{"@id":"https:\/\/lyonbondyblog.fr\/LBB\/razika-dali-givors-a-ete-trop-longtemps-dans-une-gestion-fermee-partie-1\/#primaryimage"},"thumbnailUrl":"https:\/\/lyonbondyblog.fr\/LBB\/wp-content\/uploads\/2021\/12\/261562697_296597649140369_4880010302938083168_n.jpg","articleSection":["Givors","Interview","Lyon","Municipales 2020","Politique"],"inLanguage":"fr-FR","potentialAction":[{"@type":"CommentAction","name":"Comment","target":["https:\/\/lyonbondyblog.fr\/LBB\/razika-dali-givors-a-ete-trop-longtemps-dans-une-gestion-fermee-partie-1\/#respond"]}]},{"@type":"WebPage","@id":"https:\/\/lyonbondyblog.fr\/LBB\/razika-dali-givors-a-ete-trop-longtemps-dans-une-gestion-fermee-partie-1\/","url":"https:\/\/lyonbondyblog.fr\/LBB\/razika-dali-givors-a-ete-trop-longtemps-dans-une-gestion-fermee-partie-1\/","name":"Razika Dali : \u00ab Givors a \u00e9t\u00e9 trop longtemps dans une gestion ferm\u00e9e \u00bb - Partie 1","isPartOf":{"@id":"https:\/\/lyonbondyblog.fr\/LBB\/#website"},"primaryImageOfPage":{"@id":"https:\/\/lyonbondyblog.fr\/LBB\/razika-dali-givors-a-ete-trop-longtemps-dans-une-gestion-fermee-partie-1\/#primaryimage"},"image":{"@id":"https:\/\/lyonbondyblog.fr\/LBB\/razika-dali-givors-a-ete-trop-longtemps-dans-une-gestion-fermee-partie-1\/#primaryimage"},"thumbnailUrl":"https:\/\/lyonbondyblog.fr\/LBB\/wp-content\/uploads\/2021\/12\/261562697_296597649140369_4880010302938083168_n.jpg","datePublished":"2021-12-01T11:27:17+00:00","dateModified":"2021-12-01T11:35:08+00:00","description":"Razika Dali et Laurent Decourselle ont fusionn\u00e9 leurs listes : \u00ab Givors en commun \u2013 Un avenir pour Givors \u00bb, se d\u00e9finissant comme \u00ab sans \u00e9tiquette \u00bb.","inLanguage":"fr-FR","potentialAction":[{"@type":"ReadAction","target":["https:\/\/lyonbondyblog.fr\/LBB\/razika-dali-givors-a-ete-trop-longtemps-dans-une-gestion-fermee-partie-1\/"]}]},{"@type":"ImageObject","inLanguage":"fr-FR","@id":"https:\/\/lyonbondyblog.fr\/LBB\/razika-dali-givors-a-ete-trop-longtemps-dans-une-gestion-fermee-partie-1\/#primaryimage","url":"https:\/\/lyonbondyblog.fr\/LBB\/wp-content\/uploads\/2021\/12\/261562697_296597649140369_4880010302938083168_n.jpg","contentUrl":"https:\/\/lyonbondyblog.fr\/LBB\/wp-content\/uploads\/2021\/12\/261562697_296597649140369_4880010302938083168_n.jpg","width":828,"height":466},{"@type":"WebSite","@id":"https:\/\/lyonbondyblog.fr\/LBB\/#website","url":"https:\/\/lyonbondyblog.fr\/LBB\/","name":"Lyon Bondy Blog","description":"","publisher":{"@id":"https:\/\/lyonbondyblog.fr\/LBB\/#organization"},"potentialAction":[{"@type":"SearchAction","target":{"@type":"EntryPoint","urlTemplate":"https:\/\/lyonbondyblog.fr\/LBB\/?s={search_term_string}"},"query-input":"required name=search_term_string"}],"inLanguage":"fr-FR"},{"@type":"Organization","@id":"https:\/\/lyonbondyblog.fr\/LBB\/#organization","name":"LYON BONDY BLOG","url":"https:\/\/lyonbondyblog.fr\/LBB\/","logo":{"@type":"ImageObject","inLanguage":"fr-FR","@id":"https:\/\/lyonbondyblog.fr\/LBB\/#\/schema\/logo\/image\/","url":"http:\/\/lyonbondyblog.fr\/LBB\/wp-content\/uploads\/2014\/10\/logo-portable-144.png","contentUrl":"http:\/\/lyonbondyblog.fr\/LBB\/wp-content\/uploads\/2014\/10\/logo-portable-144.png","width":144,"height":123,"caption":"LYON BONDY BLOG"},"image":{"@id":"https:\/\/lyonbondyblog.fr\/LBB\/#\/schema\/logo\/image\/"},"sameAs":["https:\/\/www.facebook.com\/lyonbondyblog","https:\/\/x.com\/bondybloglyon"]},{"@type":"Person","@id":"https:\/\/lyonbondyblog.fr\/LBB\/#\/schema\/person\/9946d294cefda5a37cd7d7ef5e8c298d","name":"Le\u00efla Ghedaifi","url":"https:\/\/lyonbondyblog.fr\/LBB\/author\/leilag\/"}]}},"_links":{"self":[{"href":"https:\/\/lyonbondyblog.fr\/LBB\/wp-json\/wp\/v2\/posts\/26014","targetHints":{"allow":["GET"]}}],"collection":[{"href":"https:\/\/lyonbondyblog.fr\/LBB\/wp-json\/wp\/v2\/posts"}],"about":[{"href":"https:\/\/lyonbondyblog.fr\/LBB\/wp-json\/wp\/v2\/types\/post"}],"author":[{"embeddable":true,"href":"https:\/\/lyonbondyblog.fr\/LBB\/wp-json\/wp\/v2\/users\/25924"}],"replies":[{"embeddable":true,"href":"https:\/\/lyonbondyblog.fr\/LBB\/wp-json\/wp\/v2\/comments?post=26014"}],"version-history":[{"count":3,"href":"https:\/\/lyonbondyblog.fr\/LBB\/wp-json\/wp\/v2\/posts\/26014\/revisions"}],"predecessor-version":[{"id":26026,"href":"https:\/\/lyonbondyblog.fr\/LBB\/wp-json\/wp\/v2\/posts\/26014\/revisions\/26026"}],"wp:featuredmedia":[{"embeddable":true,"href":"https:\/\/lyonbondyblog.fr\/LBB\/wp-json\/wp\/v2\/media\/26017"}],"wp:attachment":[{"href":"https:\/\/lyonbondyblog.fr\/LBB\/wp-json\/wp\/v2\/media?parent=26014"}],"wp:term":[{"taxonomy":"category","embeddable":true,"href":"https:\/\/lyonbondyblog.fr\/LBB\/wp-json\/wp\/v2\/categories?post=26014"},{"taxonomy":"post_tag","embeddable":true,"href":"https:\/\/lyonbondyblog.fr\/LBB\/wp-json\/wp\/v2\/tags?post=26014"}],"curies":[{"name":"wp","href":"https:\/\/api.w.org\/{rel}","templated":true}]}}