{"id":2582,"date":"2010-07-16T16:09:32","date_gmt":"2010-07-16T14:09:32","guid":{"rendered":"http:\/\/lyonbondyblog.fr\/LBB\/?p=2582"},"modified":"2013-07-31T16:11:46","modified_gmt":"2013-07-31T14:11:46","slug":"dosolair-quand-4-jeunes-se-lancent-dans-leconomie-solidaire","status":"publish","type":"post","link":"https:\/\/lyonbondyblog.fr\/LBB\/dosolair-quand-4-jeunes-se-lancent-dans-leconomie-solidaire\/","title":{"rendered":"DoSolai&rsquo;r, quand 4 jeunes se lancent dans l&rsquo;\u00e9conomie solidaire !"},"content":{"rendered":"<p><strong>Un c\u00e9l\u00e8bre proverbe chinois dit \u00ab\u00a0Ne me donne pas du poisson mais apprend moi \u00e0 le p\u00eacher\u00a0\u00bb. C&rsquo;est ce que souhaitent appliquer 4 jeunes entrepreneurs \u00e0 travers un projet innovant au Niger&#8230; Explications.<\/strong><\/p>\n<div><a title=\" -- Cliquez pour voir l'image en entier\" href=\"http:\/\/yahoo.lyon.bondyblog.fr\/images\/IMG_0175.jpg\" target=\"_blank\"> <img decoding=\"async\" class=\"alignright\" alt=\" -- Cliquez pour voir l'image en entier\" src=\"http:\/\/yahoo.lyon.bondyblog.fr\/images\/IMG_0175_t.jpg\" border=\"0\" \/> <\/a><\/div>\n<div><\/div>\n<p>Je vais vous pr\u00e9senter une \u00e9quipe de choc arm\u00e9e de scientifiques tout droit venus de l\u2019INSA de Lyon (Institut National des Sciences Appliqu\u00e9es). Ce groupe de quatre \u00e9tudiants, pr\u00e9sid\u00e9 par Mlle Nignon, ing\u00e9nieur en g\u00e9nie \u00e9lectrique, est \u00e0 l\u2019origine du projet\u00a0DoSolai\u2019r, un projet d&rsquo;\u00e9conomie locale li\u00e9e \u00e0 la vente de yaourts. Retour sur cette id\u00e9e originale et innovante.<\/p>\n<div><\/div>\n<p><span style=\"text-decoration: underline;\"><b>1\/ La naissance du projet<\/b><\/span><\/p>\n<p>A Dosso, au Sud du Niger, Isabelle Nignon, faisant d\u00e9j\u00e0 partie du r\u00e9seau local, a imagin\u00e9 le projet DoSolai&rsquo;r pour \u00ab\u00a0aider les femmes victimes de maladies obst\u00e9tricales\u00a0\u00bb (l\u00e9sion caus\u00e9e par un accouchement, la femme est alors touch\u00e9e d\u2019incontinence chronique)\u00a0et les jeunes en difficult\u00e9 gr\u00e2ce \u00e0 la vente et la distribution de yaourts.<\/p>\n<p>&nbsp;<\/p>\n<p><span style=\"text-decoration: underline;\"><b>2\/ Le concept du projet\u00a0<\/b><\/span><\/p>\n<p>A Dosso, \u00ab\u00a0la demande de yaourts est largement sup\u00e9rieure \u00e0 l\u2019offre\u00a0\u00bb. Il \u00e9tait alors n\u00e9cessaire de d&rsquo;augmenter la production de cet aliment qui participe \u00e0 la bonne sant\u00e9 alimentaire de la population. C&rsquo;est dans ce cadre qu&rsquo;a \u00e9t\u00e9 imagin\u00e9 le projet des jeunes entrepreneurs lyonnais.<\/p>\n<p>Le concept est divis\u00e9 en 3 \u00e9tapes\u00a0: tout d\u2019abord, il faut collecter le lait disponible (lait en poudre + lait liquide) pour ensuite produire ces yaourts \u00e0 boire au moyen d\u2019\u00e9nergie solaire\u00a0 (\u00ab\u00a0pour pallier aux probl\u00e8mes de coupures d \u00e9lectricit\u00e9\u00a0et participer au d\u00e9veloppement durable\u00a0\u00bb) puis mettre en place un circuit de distribution en zone urbaine, \u00ab\u00a0bas\u00e9 sur les coutumes locales\u00a0\u00bb, avec des \u00ab\u00a0magasiniers\u00a0\u00bb (minis sup\u00e9rettes), des cyclistes sillonnant les rues commer\u00e7antes et \u00ab\u00a0des femmes qui proposeront \u00e0 domicile leur produit laitier\u00a0\u00bb (moyen d\u00e9j\u00e0 tr\u00e8s r\u00e9pandu au Niger).<\/p>\n<p>Les cr\u00e9ateurs commenceront d\u2019abord par la ville pour ensuite \u00e9tendre leur r\u00e9seau dans les zones rurales. Et dans les cinq ans \u00e0 venir, le r\u00e9sultat souhait\u00e9 est de \u00ab\u00a0d\u00e9laisser le lait en poudre\u00a0\u00bb pour ne collecter que du lait produit exclusivement par des vaches de Dosso et enfin, doubler les productions de yaourts.<\/p>\n<p>Le but final est de cr\u00e9er une micro \u00e9conomie autour de la production locale de yaourts avec des moyens de distribution d\u00e9j\u00e0 utilis\u00e9s sur place (le porte \u00e0 porte par exemple) pour apporter une source de revenus fixe et \u00ab\u00a0des emplois pour les jeunes de cette r\u00e9gion\u00a0\u00bb.<\/p>\n<p>&nbsp;<\/p>\n<p><span style=\"text-decoration: underline;\"><b>3\/ Qui sont ceux qui vont tenir les ficelles de ce projet\u00a0?<\/b><\/span><\/p>\n<p>L&rsquo;\u00e9quipe est est compos\u00e9e de Isabelle NIGNON, ing\u00e9nieur en G\u00e9nie Electrique, de Romain COULON ing\u00e9nieur en G\u00e9nie Energ\u00e9tique et environnement, de Ismail LAKHSSASSI, ing\u00e9nieur en G\u00e9nie M\u00e9canique et Conception et de Adja-Marieme MBAYE, ing\u00e9nieur en T\u00e9l\u00e9communications, Services et Usages.<\/p>\n<p>D\u2019horizons diff\u00e9rents, ils ont tous choisi ce projet plut\u00f4t que l\u2019habituel Projet de Fin d\u2019Etudes (cr\u00e9ation d\u2019un programme sur un sujet relatif aux \u00e9tudes suivies) pour b\u00e9n\u00e9ficier d\u2019une formation de 6 mois \u00e0 vis\u00e9e professionnelle. Et cela, dans le but de cr\u00e9er une entreprise gr\u00e2ce au <a href=\"http:\/\/www.insa-lyon.fr\/\">cursus \u00ab\u00a0Ingenieur-entreprendre\u00a0\u00bb de l\u2019INSA<\/a>.<\/p>\n<p>Ce groupe multiculturel\u00a0; form\u00e9 d&rsquo;une s\u00e9n\u00e9galaise, d&rsquo;un marocain, d&rsquo;un fran\u00e7ais et d&rsquo;une franco-nig\u00e9rienne;\u00a0a choisi le Sud du Niger, r\u00e9gion \u00e9pargn\u00e9e par les risques militaires, situ\u00e9e au Nord du pays.<\/p>\n<p>&nbsp;<\/p>\n<p><span style=\"text-decoration: underline;\"><b>4 \/ Pourquoi une entreprise \u00e0 port\u00e9e solidaire\u00a0?<\/b><\/span><\/p>\n<p>Ces entrepreneurs veulent aider cette r\u00e9gion \u00e0 sortir de l\u2019\u00e9conomie du don car \u00ab\u00a0<i>l\u2019humanitaire ne fait que cultiver la d\u00e9pendance\u00a0<\/i>\u00bb. En effet, ce projet solidaire s\u2019appuie sur le soutien de la population, en \u00ab\u00a0d\u00e9veloppant l\u2019ind\u00e9pendance de cette r\u00e9gion et en privil\u00e9giant les femmes au moyen de cr\u00e9ations entrepreneuriales\u00a0\u00bb. Pour cela, les femmes auront des vaches \u00ab\u00a0pr\u00eat\u00e9es\u00a0\u00bb. Elles devront s\u2019en occuper et rembourser le prix du b\u00e9tail avec le lait qu\u2019elles auront obtenu et qu\u2019elles vendront au groupe qui se chargera de l\u2019acheter imm\u00e9diatement.<\/p>\n<p>Ainsi, \u00ab\u00a0une micro-\u00e9conomie na\u00eetra\u00a0\u00bb autour du yaourt en comblant les manques des moyens actuels, en embauchant de la main d\u2019\u0153uvre locale et en installant \u00ab\u00a0un mode de vie plus stable\u00a0\u00bb.<\/p>\n<p>&nbsp;<\/p>\n<p>&nbsp;<\/p>\n<p>Aujourd\u2019hui totalement ficel\u00e9 et rentable (selon les \u00e9tudes qu\u2019ils ont entreprises en mesurant tous les risques potentiels) et labellis\u00e9\u00a0par l\u2019INSA, cette id\u00e9e n\u2019attend plus que de jouer sur le terrain. Tout ce qu\u2019il lui manque d\u00e9sormais, ce sont des fonds et des partenariats avec de grands groupes r\u00e9gionaux et nationaux.<\/p>\n<p><b>Pour en savoir plus, contactez\u00a0 Isabelle Nignon<\/b> sur son adresse mail\u00a0: isabelle.nignon@insa-lyon.fr<\/p>\n<!-- AddThis Advanced Settings generic via filter on the_content --><!-- AddThis Share Buttons generic via filter on the_content -->","protected":false},"excerpt":{"rendered":"<p>Un c\u00e9l\u00e8bre proverbe chinois dit \u00ab\u00a0Ne me donne pas du poisson mais apprend moi \u00e0 le p\u00eacher\u00a0\u00bb. C&rsquo;est ce que souhaitent appliquer 4 jeunes entrepreneurs &hellip; <!-- AddThis Advanced Settings generic via filter on wp_trim_excerpt --><!-- AddThis Share Buttons generic via filter on wp_trim_excerpt --><\/p>\n","protected":false},"author":7,"featured_media":2583,"comment_status":"open","ping_status":"open","sticky":false,"template":"","format":"standard","meta":{"_FSMCFIC_featured_image_caption":"","_FSMCFIC_featured_image_nocaption":"","_FSMCFIC_featured_image_hide":"","footnotes":""},"categories":[4],"tags":[10,112],"class_list":["post-2582","post","type-post","status-publish","format-standard","has-post-thumbnail","hentry","category-lyon","tag-lyon-2","tag-lyon-bondy-blog"],"yoast_head":"<!-- This site is optimized with the Yoast SEO plugin v22.8 - https:\/\/yoast.com\/wordpress\/plugins\/seo\/ -->\n<title>DoSolai&#039;r, quand 4 jeunes se lancent dans l&#039;\u00e9conomie solidaire ! - Lyon Bondy Blog<\/title>\n<meta name=\"robots\" content=\"index, follow, max-snippet:-1, max-image-preview:large, max-video-preview:-1\" \/>\n<link rel=\"canonical\" href=\"https:\/\/lyonbondyblog.fr\/LBB\/dosolair-quand-4-jeunes-se-lancent-dans-leconomie-solidaire\/\" \/>\n<meta property=\"og:locale\" content=\"fr_FR\" \/>\n<meta property=\"og:type\" content=\"article\" \/>\n<meta property=\"og:title\" content=\"DoSolai&#039;r, quand 4 jeunes se lancent dans l&#039;\u00e9conomie solidaire ! - Lyon Bondy Blog\" \/>\n<meta property=\"og:description\" content=\"Un c\u00e9l\u00e8bre proverbe chinois dit \u00ab\u00a0Ne me donne pas du poisson mais apprend moi \u00e0 le p\u00eacher\u00a0\u00bb. C&rsquo;est ce que souhaitent appliquer 4 jeunes entrepreneurs &hellip;\" \/>\n<meta property=\"og:url\" content=\"https:\/\/lyonbondyblog.fr\/LBB\/dosolair-quand-4-jeunes-se-lancent-dans-leconomie-solidaire\/\" \/>\n<meta property=\"og:site_name\" content=\"Lyon Bondy Blog\" \/>\n<meta property=\"article:publisher\" content=\"https:\/\/www.facebook.com\/lyonbondyblog\" \/>\n<meta property=\"article:published_time\" content=\"2010-07-16T14:09:32+00:00\" \/>\n<meta property=\"article:modified_time\" content=\"2013-07-31T14:11:46+00:00\" \/>\n<meta property=\"og:image\" content=\"https:\/\/lyonbondyblog.fr\/LBB\/wp-content\/uploads\/2013\/07\/Alesson-Souza.jpg\" \/>\n\t<meta property=\"og:image:width\" content=\"194\" \/>\n\t<meta property=\"og:image:height\" content=\"258\" \/>\n\t<meta property=\"og:image:type\" content=\"image\/jpeg\" \/>\n<meta name=\"author\" content=\"Sofia Azzedine\" \/>\n<meta name=\"twitter:card\" content=\"summary_large_image\" \/>\n<meta name=\"twitter:creator\" content=\"@bondybloglyon\" \/>\n<meta name=\"twitter:site\" content=\"@bondybloglyon\" \/>\n<script type=\"application\/ld+json\" class=\"yoast-schema-graph\">{\"@context\":\"https:\/\/schema.org\",\"@graph\":[{\"@type\":\"Article\",\"@id\":\"https:\/\/lyonbondyblog.fr\/LBB\/dosolair-quand-4-jeunes-se-lancent-dans-leconomie-solidaire\/#article\",\"isPartOf\":{\"@id\":\"https:\/\/lyonbondyblog.fr\/LBB\/dosolair-quand-4-jeunes-se-lancent-dans-leconomie-solidaire\/\"},\"author\":{\"name\":\"Sofia Azzedine\",\"@id\":\"https:\/\/lyonbondyblog.fr\/LBB\/#\/schema\/person\/b0602285b18dbff27c95620f60751bf9\"},\"headline\":\"DoSolai&rsquo;r, quand 4 jeunes se lancent dans l&rsquo;\u00e9conomie solidaire !\",\"datePublished\":\"2010-07-16T14:09:32+00:00\",\"dateModified\":\"2013-07-31T14:11:46+00:00\",\"mainEntityOfPage\":{\"@id\":\"https:\/\/lyonbondyblog.fr\/LBB\/dosolair-quand-4-jeunes-se-lancent-dans-leconomie-solidaire\/\"},\"wordCount\":806,\"commentCount\":0,\"publisher\":{\"@id\":\"https:\/\/lyonbondyblog.fr\/LBB\/#organization\"},\"image\":{\"@id\":\"https:\/\/lyonbondyblog.fr\/LBB\/dosolair-quand-4-jeunes-se-lancent-dans-leconomie-solidaire\/#primaryimage\"},\"thumbnailUrl\":\"https:\/\/lyonbondyblog.fr\/LBB\/wp-content\/uploads\/2013\/07\/Alesson-Souza.jpg\",\"keywords\":[\"lyon\",\"Lyon Bondy Blog\"],\"articleSection\":[\"Lyon\"],\"inLanguage\":\"fr-FR\",\"potentialAction\":[{\"@type\":\"CommentAction\",\"name\":\"Comment\",\"target\":[\"https:\/\/lyonbondyblog.fr\/LBB\/dosolair-quand-4-jeunes-se-lancent-dans-leconomie-solidaire\/#respond\"]}]},{\"@type\":\"WebPage\",\"@id\":\"https:\/\/lyonbondyblog.fr\/LBB\/dosolair-quand-4-jeunes-se-lancent-dans-leconomie-solidaire\/\",\"url\":\"https:\/\/lyonbondyblog.fr\/LBB\/dosolair-quand-4-jeunes-se-lancent-dans-leconomie-solidaire\/\",\"name\":\"DoSolai'r, quand 4 jeunes se lancent dans l'\u00e9conomie solidaire ! - Lyon Bondy Blog\",\"isPartOf\":{\"@id\":\"https:\/\/lyonbondyblog.fr\/LBB\/#website\"},\"primaryImageOfPage\":{\"@id\":\"https:\/\/lyonbondyblog.fr\/LBB\/dosolair-quand-4-jeunes-se-lancent-dans-leconomie-solidaire\/#primaryimage\"},\"image\":{\"@id\":\"https:\/\/lyonbondyblog.fr\/LBB\/dosolair-quand-4-jeunes-se-lancent-dans-leconomie-solidaire\/#primaryimage\"},\"thumbnailUrl\":\"https:\/\/lyonbondyblog.fr\/LBB\/wp-content\/uploads\/2013\/07\/Alesson-Souza.jpg\",\"datePublished\":\"2010-07-16T14:09:32+00:00\",\"dateModified\":\"2013-07-31T14:11:46+00:00\",\"inLanguage\":\"fr-FR\",\"potentialAction\":[{\"@type\":\"ReadAction\",\"target\":[\"https:\/\/lyonbondyblog.fr\/LBB\/dosolair-quand-4-jeunes-se-lancent-dans-leconomie-solidaire\/\"]}]},{\"@type\":\"ImageObject\",\"inLanguage\":\"fr-FR\",\"@id\":\"https:\/\/lyonbondyblog.fr\/LBB\/dosolair-quand-4-jeunes-se-lancent-dans-leconomie-solidaire\/#primaryimage\",\"url\":\"https:\/\/lyonbondyblog.fr\/LBB\/wp-content\/uploads\/2013\/07\/Alesson-Souza.jpg\",\"contentUrl\":\"https:\/\/lyonbondyblog.fr\/LBB\/wp-content\/uploads\/2013\/07\/Alesson-Souza.jpg\",\"width\":194,\"height\":258},{\"@type\":\"WebSite\",\"@id\":\"https:\/\/lyonbondyblog.fr\/LBB\/#website\",\"url\":\"https:\/\/lyonbondyblog.fr\/LBB\/\",\"name\":\"Lyon Bondy Blog\",\"description\":\"\",\"publisher\":{\"@id\":\"https:\/\/lyonbondyblog.fr\/LBB\/#organization\"},\"potentialAction\":[{\"@type\":\"SearchAction\",\"target\":{\"@type\":\"EntryPoint\",\"urlTemplate\":\"https:\/\/lyonbondyblog.fr\/LBB\/?s={search_term_string}\"},\"query-input\":\"required name=search_term_string\"}],\"inLanguage\":\"fr-FR\"},{\"@type\":\"Organization\",\"@id\":\"https:\/\/lyonbondyblog.fr\/LBB\/#organization\",\"name\":\"LYON BONDY BLOG\",\"url\":\"https:\/\/lyonbondyblog.fr\/LBB\/\",\"logo\":{\"@type\":\"ImageObject\",\"inLanguage\":\"fr-FR\",\"@id\":\"https:\/\/lyonbondyblog.fr\/LBB\/#\/schema\/logo\/image\/\",\"url\":\"http:\/\/lyonbondyblog.fr\/LBB\/wp-content\/uploads\/2014\/10\/logo-portable-144.png\",\"contentUrl\":\"http:\/\/lyonbondyblog.fr\/LBB\/wp-content\/uploads\/2014\/10\/logo-portable-144.png\",\"width\":144,\"height\":123,\"caption\":\"LYON BONDY BLOG\"},\"image\":{\"@id\":\"https:\/\/lyonbondyblog.fr\/LBB\/#\/schema\/logo\/image\/\"},\"sameAs\":[\"https:\/\/www.facebook.com\/lyonbondyblog\",\"https:\/\/x.com\/bondybloglyon\"]},{\"@type\":\"Person\",\"@id\":\"https:\/\/lyonbondyblog.fr\/LBB\/#\/schema\/person\/b0602285b18dbff27c95620f60751bf9\",\"name\":\"Sofia Azzedine\",\"description\":\"Etudiante \u00e0 l'Institut d'Etude du D\u00e9veloppement apr\u00e8s un parcours du combattant pass\u00e9 dans les m\u00e9andres de la Science Politique, entre la Sociologie et le Journalisme et les Langues Etrang\u00e8res. Je souhaite toujours explorer ces banlieues plurielles m\u00e9connues et mal trait\u00e9es pour jeter au sol ces pr\u00e9jug\u00e9s. Tout cela, pour \u00e9luder toute l'humanit\u00e9 vivace qui existe dans ces r\u00e9gions de la diff\u00e9rence et de l'indiff\u00e9rence et faire parler cette jeunesse silencieusement bavarde.\",\"url\":\"https:\/\/lyonbondyblog.fr\/LBB\/author\/sofia\/\"}]}<\/script>\n<!-- \/ Yoast SEO plugin. -->","yoast_head_json":{"title":"DoSolai'r, quand 4 jeunes se lancent dans l'\u00e9conomie solidaire ! - Lyon Bondy Blog","robots":{"index":"index","follow":"follow","max-snippet":"max-snippet:-1","max-image-preview":"max-image-preview:large","max-video-preview":"max-video-preview:-1"},"canonical":"https:\/\/lyonbondyblog.fr\/LBB\/dosolair-quand-4-jeunes-se-lancent-dans-leconomie-solidaire\/","og_locale":"fr_FR","og_type":"article","og_title":"DoSolai'r, quand 4 jeunes se lancent dans l'\u00e9conomie solidaire ! - Lyon Bondy Blog","og_description":"Un c\u00e9l\u00e8bre proverbe chinois dit \u00ab\u00a0Ne me donne pas du poisson mais apprend moi \u00e0 le p\u00eacher\u00a0\u00bb. C&rsquo;est ce que souhaitent appliquer 4 jeunes entrepreneurs &hellip;","og_url":"https:\/\/lyonbondyblog.fr\/LBB\/dosolair-quand-4-jeunes-se-lancent-dans-leconomie-solidaire\/","og_site_name":"Lyon Bondy Blog","article_publisher":"https:\/\/www.facebook.com\/lyonbondyblog","article_published_time":"2010-07-16T14:09:32+00:00","article_modified_time":"2013-07-31T14:11:46+00:00","og_image":[{"width":194,"height":258,"url":"https:\/\/lyonbondyblog.fr\/LBB\/wp-content\/uploads\/2013\/07\/Alesson-Souza.jpg","type":"image\/jpeg"}],"author":"Sofia Azzedine","twitter_card":"summary_large_image","twitter_creator":"@bondybloglyon","twitter_site":"@bondybloglyon","schema":{"@context":"https:\/\/schema.org","@graph":[{"@type":"Article","@id":"https:\/\/lyonbondyblog.fr\/LBB\/dosolair-quand-4-jeunes-se-lancent-dans-leconomie-solidaire\/#article","isPartOf":{"@id":"https:\/\/lyonbondyblog.fr\/LBB\/dosolair-quand-4-jeunes-se-lancent-dans-leconomie-solidaire\/"},"author":{"name":"Sofia Azzedine","@id":"https:\/\/lyonbondyblog.fr\/LBB\/#\/schema\/person\/b0602285b18dbff27c95620f60751bf9"},"headline":"DoSolai&rsquo;r, quand 4 jeunes se lancent dans l&rsquo;\u00e9conomie solidaire !","datePublished":"2010-07-16T14:09:32+00:00","dateModified":"2013-07-31T14:11:46+00:00","mainEntityOfPage":{"@id":"https:\/\/lyonbondyblog.fr\/LBB\/dosolair-quand-4-jeunes-se-lancent-dans-leconomie-solidaire\/"},"wordCount":806,"commentCount":0,"publisher":{"@id":"https:\/\/lyonbondyblog.fr\/LBB\/#organization"},"image":{"@id":"https:\/\/lyonbondyblog.fr\/LBB\/dosolair-quand-4-jeunes-se-lancent-dans-leconomie-solidaire\/#primaryimage"},"thumbnailUrl":"https:\/\/lyonbondyblog.fr\/LBB\/wp-content\/uploads\/2013\/07\/Alesson-Souza.jpg","keywords":["lyon","Lyon Bondy Blog"],"articleSection":["Lyon"],"inLanguage":"fr-FR","potentialAction":[{"@type":"CommentAction","name":"Comment","target":["https:\/\/lyonbondyblog.fr\/LBB\/dosolair-quand-4-jeunes-se-lancent-dans-leconomie-solidaire\/#respond"]}]},{"@type":"WebPage","@id":"https:\/\/lyonbondyblog.fr\/LBB\/dosolair-quand-4-jeunes-se-lancent-dans-leconomie-solidaire\/","url":"https:\/\/lyonbondyblog.fr\/LBB\/dosolair-quand-4-jeunes-se-lancent-dans-leconomie-solidaire\/","name":"DoSolai'r, quand 4 jeunes se lancent dans l'\u00e9conomie solidaire ! - Lyon Bondy Blog","isPartOf":{"@id":"https:\/\/lyonbondyblog.fr\/LBB\/#website"},"primaryImageOfPage":{"@id":"https:\/\/lyonbondyblog.fr\/LBB\/dosolair-quand-4-jeunes-se-lancent-dans-leconomie-solidaire\/#primaryimage"},"image":{"@id":"https:\/\/lyonbondyblog.fr\/LBB\/dosolair-quand-4-jeunes-se-lancent-dans-leconomie-solidaire\/#primaryimage"},"thumbnailUrl":"https:\/\/lyonbondyblog.fr\/LBB\/wp-content\/uploads\/2013\/07\/Alesson-Souza.jpg","datePublished":"2010-07-16T14:09:32+00:00","dateModified":"2013-07-31T14:11:46+00:00","inLanguage":"fr-FR","potentialAction":[{"@type":"ReadAction","target":["https:\/\/lyonbondyblog.fr\/LBB\/dosolair-quand-4-jeunes-se-lancent-dans-leconomie-solidaire\/"]}]},{"@type":"ImageObject","inLanguage":"fr-FR","@id":"https:\/\/lyonbondyblog.fr\/LBB\/dosolair-quand-4-jeunes-se-lancent-dans-leconomie-solidaire\/#primaryimage","url":"https:\/\/lyonbondyblog.fr\/LBB\/wp-content\/uploads\/2013\/07\/Alesson-Souza.jpg","contentUrl":"https:\/\/lyonbondyblog.fr\/LBB\/wp-content\/uploads\/2013\/07\/Alesson-Souza.jpg","width":194,"height":258},{"@type":"WebSite","@id":"https:\/\/lyonbondyblog.fr\/LBB\/#website","url":"https:\/\/lyonbondyblog.fr\/LBB\/","name":"Lyon Bondy Blog","description":"","publisher":{"@id":"https:\/\/lyonbondyblog.fr\/LBB\/#organization"},"potentialAction":[{"@type":"SearchAction","target":{"@type":"EntryPoint","urlTemplate":"https:\/\/lyonbondyblog.fr\/LBB\/?s={search_term_string}"},"query-input":"required name=search_term_string"}],"inLanguage":"fr-FR"},{"@type":"Organization","@id":"https:\/\/lyonbondyblog.fr\/LBB\/#organization","name":"LYON BONDY BLOG","url":"https:\/\/lyonbondyblog.fr\/LBB\/","logo":{"@type":"ImageObject","inLanguage":"fr-FR","@id":"https:\/\/lyonbondyblog.fr\/LBB\/#\/schema\/logo\/image\/","url":"http:\/\/lyonbondyblog.fr\/LBB\/wp-content\/uploads\/2014\/10\/logo-portable-144.png","contentUrl":"http:\/\/lyonbondyblog.fr\/LBB\/wp-content\/uploads\/2014\/10\/logo-portable-144.png","width":144,"height":123,"caption":"LYON BONDY BLOG"},"image":{"@id":"https:\/\/lyonbondyblog.fr\/LBB\/#\/schema\/logo\/image\/"},"sameAs":["https:\/\/www.facebook.com\/lyonbondyblog","https:\/\/x.com\/bondybloglyon"]},{"@type":"Person","@id":"https:\/\/lyonbondyblog.fr\/LBB\/#\/schema\/person\/b0602285b18dbff27c95620f60751bf9","name":"Sofia Azzedine","description":"Etudiante \u00e0 l'Institut d'Etude du D\u00e9veloppement apr\u00e8s un parcours du combattant pass\u00e9 dans les m\u00e9andres de la Science Politique, entre la Sociologie et le Journalisme et les Langues Etrang\u00e8res. Je souhaite toujours explorer ces banlieues plurielles m\u00e9connues et mal trait\u00e9es pour jeter au sol ces pr\u00e9jug\u00e9s. Tout cela, pour \u00e9luder toute l'humanit\u00e9 vivace qui existe dans ces r\u00e9gions de la diff\u00e9rence et de l'indiff\u00e9rence et faire parler cette jeunesse silencieusement bavarde.","url":"https:\/\/lyonbondyblog.fr\/LBB\/author\/sofia\/"}]}},"_links":{"self":[{"href":"https:\/\/lyonbondyblog.fr\/LBB\/wp-json\/wp\/v2\/posts\/2582","targetHints":{"allow":["GET"]}}],"collection":[{"href":"https:\/\/lyonbondyblog.fr\/LBB\/wp-json\/wp\/v2\/posts"}],"about":[{"href":"https:\/\/lyonbondyblog.fr\/LBB\/wp-json\/wp\/v2\/types\/post"}],"author":[{"embeddable":true,"href":"https:\/\/lyonbondyblog.fr\/LBB\/wp-json\/wp\/v2\/users\/7"}],"replies":[{"embeddable":true,"href":"https:\/\/lyonbondyblog.fr\/LBB\/wp-json\/wp\/v2\/comments?post=2582"}],"version-history":[{"count":0,"href":"https:\/\/lyonbondyblog.fr\/LBB\/wp-json\/wp\/v2\/posts\/2582\/revisions"}],"wp:featuredmedia":[{"embeddable":true,"href":"https:\/\/lyonbondyblog.fr\/LBB\/wp-json\/wp\/v2\/media\/2583"}],"wp:attachment":[{"href":"https:\/\/lyonbondyblog.fr\/LBB\/wp-json\/wp\/v2\/media?parent=2582"}],"wp:term":[{"taxonomy":"category","embeddable":true,"href":"https:\/\/lyonbondyblog.fr\/LBB\/wp-json\/wp\/v2\/categories?post=2582"},{"taxonomy":"post_tag","embeddable":true,"href":"https:\/\/lyonbondyblog.fr\/LBB\/wp-json\/wp\/v2\/tags?post=2582"}],"curies":[{"name":"wp","href":"https:\/\/api.w.org\/{rel}","templated":true}]}}