{"id":25801,"date":"2021-11-24T14:38:22","date_gmt":"2021-11-24T13:38:22","guid":{"rendered":"http:\/\/lyonbondyblog.fr\/LBB\/?p=25801"},"modified":"2021-11-25T12:59:21","modified_gmt":"2021-11-25T11:59:21","slug":"collectif-urgence-plan-froid-ouvrons-les-logements-vacants-dans-le-rhone","status":"publish","type":"post","link":"https:\/\/lyonbondyblog.fr\/LBB\/collectif-urgence-plan-froid-ouvrons-les-logements-vacants-dans-le-rhone\/","title":{"rendered":"Collectif urgence plan froid : \u00ab\u00a0Ouvrons les logements vacants dans le Rh\u00f4ne !\u00a0\u00bb"},"content":{"rendered":"\n<h2 class=\"wp-block-heading\">Au d\u00e9but novembre, un collectif s\u2019est cr\u00e9\u00e9 pour contester contre l\u2019arr\u00eat du \u00ab&nbsp;plan&nbsp;froid&nbsp;\u00bb par la pr\u00e9fecture pour l\u2019hiver 2021-2022. Compos\u00e9 d\u2019une vingtaine de jeunes, aussi bien \u00e9tudiants, travailleurs sociaux que militants, le \u00ab&nbsp;Collectif urgence plan froid Lyon&nbsp;\u00bb a r\u00e9dig\u00e9 une tribune pour demander aux pouvoirs publics l\u2019ouverture d\u2019h\u00e9bergements d&rsquo;urgence. J\u2019ai rencontr\u00e9 deux membres du groupe pour en savoir plus.<\/h2>\n\n\n\n<p>\u00ab<em>\u00a0Ouvrons les logements vacants dans le Rh\u00f4ne !<\/em>\u00a0\u00bb C\u2019est ce que le nouveau \u00ab\u00a0Collectif urgence plan froid Lyon\u00a0\u00bb revendique dans sa tribune pour lutter contre la remise \u00e0 la rue. Une r\u00e9ponse directe \u00e0 \u00ab<em> la d\u00e9cision [de la pr\u00e9fecture] de ne pas ouvrir de places d\u2019h\u00e9bergement dans le cadre d\u2019un plan froid cet hiver<\/em>\u00a0\u00bb (cf la tribune). La raison de cette mesure pr\u00e9fectorale\u00a0? L\u2019ann\u00e9e derni\u00e8re, le plan froid avait \u00e9t\u00e9 prolong\u00e9 de deux mois \u00e0 cause du Covid. Seulement \u00e0 l\u2019arriv\u00e9e de la tr\u00eave hivernale, il \u00e9tait impensable pour les membres du collectif de laisser des personnes dehors avec le froid.<\/p>\n\n\n\n<p>\u00ab <em>Ce qu\u2019on souhaite d\u00e9j\u00e0, c\u2019est que la mairie de Lyon, qui avait un programme bien pr\u00e9cis en mati\u00e8re de non remise \u00e0 la rue au d\u00e9but du mandat, applique ses projets inscrits dans sa campagne&nbsp;\u00bb<\/em>, explique l\u2019une des deux filles du collectif. En effet, dans la tribune, il est pr\u00e9cis\u00e9 que le projet social de la mairie de Lyon \u00ab<em>&nbsp;avait pour objectif de \u00ab mettre \u00e0 disposition des logements vacants du patrimoine de la Ville \u00bb avec comme action phare une \u00ab politique de recensement et de mise \u00e0 disposition de b\u00e2timents vacants, y compris de fa\u00e7on temporaire <\/em>\u00bb. Puis la jeune fille poursuit en formulant ensuite la requ\u00eate aupr\u00e8s de la pr\u00e9fecture&nbsp;: celle-ci doit \u00ab&nbsp;<em>ajuste[r] <\/em><em>le budget pour ouvrir des h\u00e9bergements et des lieux vacants plus p\u00e9rennes<\/em>&nbsp;\u00bb<\/p>\n\n\n\n<p>Et m\u00eame s\u2019il y a toujours le plan grand froid en application, pour le collectif ce n\u2019est pas assez. Le dispositif est valable que lorsque les temp\u00e9ratures descendent en dessous de -5 degr\u00e9s et proposent seulement des gymnases \u00e0 titre tr\u00e8s \u00e9ph\u00e9m\u00e8re. \u00ab&nbsp;<em>Surtout que dans la M\u00e9tropole de Lyon, il y a environ 16&nbsp;000 logements vacants dont beaucoup appartiennent aux pouvoir publics. Ce serait int\u00e9ressant et n\u00e9cessaire que ces logements soient utilis\u00e9s dans un but social de relogement&nbsp;<\/em>\u00bb, compl\u00e8te sa coll\u00e8gue.<\/p>\n\n\n\n<h2 class=\"wp-block-heading\">L\u2019histoire du collectif<\/h2>\n\n\n\n<p>\u00ab&nbsp;<em>Le collectif a vraiment \u00e9t\u00e9 mis en place quand on a appris que le plan froid ne serai pas reconduit cette ann\u00e9e&nbsp;; l\u2019information date de d\u00e9but novembre<\/em>&nbsp;\u00bb, explique l&rsquo;une des jeunes filles. \u00c0 l\u2019initiative du projet, une personne travaillant au 115 qui a eu en premier l\u2019information. \u00ab <em>D\u00e8s qu\u2019on a appris la nouvelle, l\u2019objectif \u00e9tait d\u2019\u00e9crire une tribune pour faire passer l\u2019information au maximum de m\u00e9dias, de structures, de collectifs ou d&rsquo;associations (type le CG, Calle, Au Tambour). Et puis d\u2019avoir des signatures pour faire remonter aux pouvoirs publics<\/em>. \u00bb Actuellement, le collectif en a d\u00e9j\u00e0 r\u00e9colt\u00e9 \u00ab&nbsp;<em>pas mal en une semaine<\/em>&nbsp;\u00bb.<\/p>\n\n\n\n<p>Une autre fiert\u00e9 du groupe, c\u2019est l\u2019article publi\u00e9 dans le Progr\u00e8s le matin du mercredi 17 novembre. On peut y voir une br\u00e8ve r\u00e9ponse des services de la pr\u00e9fecture&nbsp;: \u00ab&nbsp;<em>On ne ferme plus de places \u00e0 la fin de l\u2019hiver pour les rouvrir au d\u00e9but de l\u2019hiver suivant. Il n\u2019y a plus de remises \u00e0 la rue \u00e0 la fin de l\u2019hiver. Les places ont \u00e9t\u00e9 p\u00e9rennis\u00e9es<\/em>&nbsp;\u00bb.<\/p>\n\n\n\n<h2 class=\"wp-block-heading\">Qu&rsquo;en est-il aujourd&rsquo;hui ?<\/h2>\n\n\n\n<p>Aujourd\u2019hui, la pr\u00e9fecture souhaite mettre en place un plan de programmation pluriannuelle des capacit\u00e9s d\u2019h\u00e9bergement des plus vuln\u00e9rables. Pour cela, \u00ab<em>&nbsp;en cette ann\u00e9e charni\u00e8re, elle va mettre en place un parc p\u00e9renne d\u2019h\u00e9bergement d\u2019urgence, ouvert toute l\u2019ann\u00e9e, avec 200 000 places au niveau national. C\u2019est un mod\u00e8le in\u00e9dit. Le but c\u2019est \u00e9galement d\u2019accompagner individuellement toutes les personnes h\u00e9berg\u00e9es pour permettre un acc\u00e8s au logement et aider \u00e0 l\u2019insertion. Sur le d\u00e9partement du Rh\u00f4ne, le parc d\u2019h\u00e9bergement p\u00e9renne comprendra 7 897 places pour cette ann\u00e9e. Avant la crise sanitaire, le parc \u00e9tait compos\u00e9 de 6 557 places. On va \u00e9galement ouvrir 500 places suppl\u00e9mentaires dans des structures sur la m\u00e9tropole tout d\u00e9but 2022. Les pouvoirs publics s\u2019organisent pour d\u00e9ployer des solutions adapt\u00e9es \u00e0 la situation des personnes<\/em>&nbsp;\u00bb, a expliqu\u00e9 C\u00e9cile Dindar, pr\u00e9f\u00e8te et secr\u00e9taire g\u00e9n\u00e9rale de la pr\u00e9fecture, lors de la conf\u00e9rence de presse sur l\u2019h\u00e9bergement d\u2019urgence. Elle a \u00e9galement \u00e9voqu\u00e9 le plan grand froid et l\u2019ouverture de gymnases, mais rien sur le plan froid.<\/p>\n\n\n\n<p>\u00ab&nbsp;<em>Une fois qu\u2019on a mis au courant du monde, on voulait \u00e9ventuellement monter un rassemblement et faire des choses plus concr\u00e8tes si la tribune ne suffit pas. Apr\u00e8s \u00e7a reste compliqu\u00e9, c<\/em><em>ar c<\/em><em>\u2019est la pr\u00e9fecture qui nous donne l\u2019autorisation pour les manifestations<\/em> \u00bb, conclut l\u2019une des jeunes filles.<\/p>\n<!-- AddThis Advanced Settings generic via filter on the_content --><!-- AddThis Share Buttons generic via filter on the_content -->","protected":false},"excerpt":{"rendered":"<p>Au d\u00e9but novembre, un collectif s\u2019est cr\u00e9\u00e9 pour contester contre l\u2019arr\u00eat du \u00ab&nbsp;plan&nbsp;froid&nbsp;\u00bb par la pr\u00e9fecture pour l\u2019hiver 2021-2022. Compos\u00e9 d\u2019une vingtaine de jeunes, aussi &hellip; <!-- AddThis Advanced Settings generic via filter on wp_trim_excerpt --><!-- AddThis Share Buttons generic via filter on wp_trim_excerpt --><\/p>\n","protected":false},"author":31860,"featured_media":25808,"comment_status":"open","ping_status":"open","sticky":true,"template":"","format":"standard","meta":{"_FSMCFIC_featured_image_caption":"","_FSMCFIC_featured_image_nocaption":"","_FSMCFIC_featured_image_hide":"","footnotes":""},"categories":[23076,4,6189,6506],"tags":[],"class_list":["post-25801","post","type-post","status-publish","format-standard","has-post-thumbnail","hentry","category-logement","category-lyon","category-sans-abris","category-solidarite"],"yoast_head":"<!-- This site is optimized with the Yoast SEO plugin v22.8 - https:\/\/yoast.com\/wordpress\/plugins\/seo\/ -->\n<title>Collectif urgence plan froid : \u00ab\u00a0Ouvrons les logements vacants dans le Rh\u00f4ne !\u00a0\u00bb<\/title>\n<meta name=\"description\" content=\"Au d\u00e9but novembre, le \u00ab\u00a0Collectif urgence plan froid Lyon\u00a0\u00bb s\u2019est cr\u00e9\u00e9 pour contester contre l\u2019arr\u00eat du \u00ab\u00a0plan\u00a0froid\u00a0\u00bb par la pr\u00e9fecture pour l\u2019hiver 2021-2022.\" \/>\n<meta name=\"robots\" content=\"index, follow, max-snippet:-1, max-image-preview:large, max-video-preview:-1\" \/>\n<link rel=\"canonical\" href=\"https:\/\/lyonbondyblog.fr\/LBB\/collectif-urgence-plan-froid-ouvrons-les-logements-vacants-dans-le-rhone\/\" \/>\n<meta property=\"og:locale\" content=\"fr_FR\" \/>\n<meta property=\"og:type\" content=\"article\" \/>\n<meta property=\"og:title\" content=\"Collectif urgence plan froid : \u00ab\u00a0Ouvrons les logements vacants dans le Rh\u00f4ne !\u00a0\u00bb\" \/>\n<meta property=\"og:description\" content=\"Au d\u00e9but novembre, le \u00ab\u00a0Collectif urgence plan froid Lyon\u00a0\u00bb s\u2019est cr\u00e9\u00e9 pour contester contre l\u2019arr\u00eat du \u00ab\u00a0plan\u00a0froid\u00a0\u00bb par la pr\u00e9fecture pour l\u2019hiver 2021-2022.\" \/>\n<meta property=\"og:url\" content=\"https:\/\/lyonbondyblog.fr\/LBB\/collectif-urgence-plan-froid-ouvrons-les-logements-vacants-dans-le-rhone\/\" \/>\n<meta property=\"og:site_name\" content=\"Lyon Bondy Blog\" \/>\n<meta property=\"article:publisher\" content=\"https:\/\/www.facebook.com\/lyonbondyblog\" \/>\n<meta property=\"article:published_time\" content=\"2021-11-24T13:38:22+00:00\" \/>\n<meta property=\"article:modified_time\" content=\"2021-11-25T11:59:21+00:00\" \/>\n<meta property=\"og:image\" content=\"https:\/\/lyonbondyblog.fr\/LBB\/wp-content\/uploads\/2021\/11\/Collectif-Urgence-Plan-Froid-Lyon-2.png\" \/>\n\t<meta property=\"og:image:width\" content=\"6912\" \/>\n\t<meta property=\"og:image:height\" content=\"3456\" \/>\n\t<meta property=\"og:image:type\" content=\"image\/png\" \/>\n<meta name=\"author\" content=\"In\u00e8s Pallot\" \/>\n<meta name=\"twitter:card\" content=\"summary_large_image\" \/>\n<meta name=\"twitter:creator\" content=\"@bondybloglyon\" \/>\n<meta name=\"twitter:site\" content=\"@bondybloglyon\" \/>\n<script type=\"application\/ld+json\" class=\"yoast-schema-graph\">{\"@context\":\"https:\/\/schema.org\",\"@graph\":[{\"@type\":\"Article\",\"@id\":\"https:\/\/lyonbondyblog.fr\/LBB\/collectif-urgence-plan-froid-ouvrons-les-logements-vacants-dans-le-rhone\/#article\",\"isPartOf\":{\"@id\":\"https:\/\/lyonbondyblog.fr\/LBB\/collectif-urgence-plan-froid-ouvrons-les-logements-vacants-dans-le-rhone\/\"},\"author\":{\"name\":\"In\u00e8s Pallot\",\"@id\":\"https:\/\/lyonbondyblog.fr\/LBB\/#\/schema\/person\/9f49d5a620b7ff0b22195422b4ef0cc4\"},\"headline\":\"Collectif urgence plan froid : \u00ab\u00a0Ouvrons les logements vacants dans le Rh\u00f4ne !\u00a0\u00bb\",\"datePublished\":\"2021-11-24T13:38:22+00:00\",\"dateModified\":\"2021-11-25T11:59:21+00:00\",\"mainEntityOfPage\":{\"@id\":\"https:\/\/lyonbondyblog.fr\/LBB\/collectif-urgence-plan-froid-ouvrons-les-logements-vacants-dans-le-rhone\/\"},\"wordCount\":901,\"commentCount\":0,\"publisher\":{\"@id\":\"https:\/\/lyonbondyblog.fr\/LBB\/#organization\"},\"image\":{\"@id\":\"https:\/\/lyonbondyblog.fr\/LBB\/collectif-urgence-plan-froid-ouvrons-les-logements-vacants-dans-le-rhone\/#primaryimage\"},\"thumbnailUrl\":\"https:\/\/lyonbondyblog.fr\/LBB\/wp-content\/uploads\/2021\/11\/Collectif-Urgence-Plan-Froid-Lyon-2.png\",\"articleSection\":[\"Logement\",\"Lyon\",\"Sans-abris\",\"Solidarit\u00e9\"],\"inLanguage\":\"fr-FR\",\"potentialAction\":[{\"@type\":\"CommentAction\",\"name\":\"Comment\",\"target\":[\"https:\/\/lyonbondyblog.fr\/LBB\/collectif-urgence-plan-froid-ouvrons-les-logements-vacants-dans-le-rhone\/#respond\"]}]},{\"@type\":\"WebPage\",\"@id\":\"https:\/\/lyonbondyblog.fr\/LBB\/collectif-urgence-plan-froid-ouvrons-les-logements-vacants-dans-le-rhone\/\",\"url\":\"https:\/\/lyonbondyblog.fr\/LBB\/collectif-urgence-plan-froid-ouvrons-les-logements-vacants-dans-le-rhone\/\",\"name\":\"Collectif urgence plan froid : \u00ab\u00a0Ouvrons les logements vacants dans le Rh\u00f4ne !\u00a0\u00bb\",\"isPartOf\":{\"@id\":\"https:\/\/lyonbondyblog.fr\/LBB\/#website\"},\"primaryImageOfPage\":{\"@id\":\"https:\/\/lyonbondyblog.fr\/LBB\/collectif-urgence-plan-froid-ouvrons-les-logements-vacants-dans-le-rhone\/#primaryimage\"},\"image\":{\"@id\":\"https:\/\/lyonbondyblog.fr\/LBB\/collectif-urgence-plan-froid-ouvrons-les-logements-vacants-dans-le-rhone\/#primaryimage\"},\"thumbnailUrl\":\"https:\/\/lyonbondyblog.fr\/LBB\/wp-content\/uploads\/2021\/11\/Collectif-Urgence-Plan-Froid-Lyon-2.png\",\"datePublished\":\"2021-11-24T13:38:22+00:00\",\"dateModified\":\"2021-11-25T11:59:21+00:00\",\"description\":\"Au d\u00e9but novembre, le \u00ab\u00a0Collectif urgence plan froid Lyon\u00a0\u00bb s\u2019est cr\u00e9\u00e9 pour contester contre l\u2019arr\u00eat du \u00ab\u00a0plan\u00a0froid\u00a0\u00bb par la pr\u00e9fecture pour l\u2019hiver 2021-2022.\",\"inLanguage\":\"fr-FR\",\"potentialAction\":[{\"@type\":\"ReadAction\",\"target\":[\"https:\/\/lyonbondyblog.fr\/LBB\/collectif-urgence-plan-froid-ouvrons-les-logements-vacants-dans-le-rhone\/\"]}]},{\"@type\":\"ImageObject\",\"inLanguage\":\"fr-FR\",\"@id\":\"https:\/\/lyonbondyblog.fr\/LBB\/collectif-urgence-plan-froid-ouvrons-les-logements-vacants-dans-le-rhone\/#primaryimage\",\"url\":\"https:\/\/lyonbondyblog.fr\/LBB\/wp-content\/uploads\/2021\/11\/Collectif-Urgence-Plan-Froid-Lyon-2.png\",\"contentUrl\":\"https:\/\/lyonbondyblog.fr\/LBB\/wp-content\/uploads\/2021\/11\/Collectif-Urgence-Plan-Froid-Lyon-2.png\",\"width\":6912,\"height\":3456},{\"@type\":\"WebSite\",\"@id\":\"https:\/\/lyonbondyblog.fr\/LBB\/#website\",\"url\":\"https:\/\/lyonbondyblog.fr\/LBB\/\",\"name\":\"Lyon Bondy Blog\",\"description\":\"\",\"publisher\":{\"@id\":\"https:\/\/lyonbondyblog.fr\/LBB\/#organization\"},\"potentialAction\":[{\"@type\":\"SearchAction\",\"target\":{\"@type\":\"EntryPoint\",\"urlTemplate\":\"https:\/\/lyonbondyblog.fr\/LBB\/?s={search_term_string}\"},\"query-input\":\"required name=search_term_string\"}],\"inLanguage\":\"fr-FR\"},{\"@type\":\"Organization\",\"@id\":\"https:\/\/lyonbondyblog.fr\/LBB\/#organization\",\"name\":\"LYON BONDY BLOG\",\"url\":\"https:\/\/lyonbondyblog.fr\/LBB\/\",\"logo\":{\"@type\":\"ImageObject\",\"inLanguage\":\"fr-FR\",\"@id\":\"https:\/\/lyonbondyblog.fr\/LBB\/#\/schema\/logo\/image\/\",\"url\":\"http:\/\/lyonbondyblog.fr\/LBB\/wp-content\/uploads\/2014\/10\/logo-portable-144.png\",\"contentUrl\":\"http:\/\/lyonbondyblog.fr\/LBB\/wp-content\/uploads\/2014\/10\/logo-portable-144.png\",\"width\":144,\"height\":123,\"caption\":\"LYON BONDY BLOG\"},\"image\":{\"@id\":\"https:\/\/lyonbondyblog.fr\/LBB\/#\/schema\/logo\/image\/\"},\"sameAs\":[\"https:\/\/www.facebook.com\/lyonbondyblog\",\"https:\/\/x.com\/bondybloglyon\"]},{\"@type\":\"Person\",\"@id\":\"https:\/\/lyonbondyblog.fr\/LBB\/#\/schema\/person\/9f49d5a620b7ff0b22195422b4ef0cc4\",\"name\":\"In\u00e8s Pallot\",\"url\":\"https:\/\/lyonbondyblog.fr\/LBB\/author\/inesp\/\"}]}<\/script>\n<!-- \/ Yoast SEO plugin. -->","yoast_head_json":{"title":"Collectif urgence plan froid : \u00ab\u00a0Ouvrons les logements vacants dans le Rh\u00f4ne !\u00a0\u00bb","description":"Au d\u00e9but novembre, le \u00ab\u00a0Collectif urgence plan froid Lyon\u00a0\u00bb s\u2019est cr\u00e9\u00e9 pour contester contre l\u2019arr\u00eat du \u00ab\u00a0plan\u00a0froid\u00a0\u00bb par la pr\u00e9fecture pour l\u2019hiver 2021-2022.","robots":{"index":"index","follow":"follow","max-snippet":"max-snippet:-1","max-image-preview":"max-image-preview:large","max-video-preview":"max-video-preview:-1"},"canonical":"https:\/\/lyonbondyblog.fr\/LBB\/collectif-urgence-plan-froid-ouvrons-les-logements-vacants-dans-le-rhone\/","og_locale":"fr_FR","og_type":"article","og_title":"Collectif urgence plan froid : \u00ab\u00a0Ouvrons les logements vacants dans le Rh\u00f4ne !\u00a0\u00bb","og_description":"Au d\u00e9but novembre, le \u00ab\u00a0Collectif urgence plan froid Lyon\u00a0\u00bb s\u2019est cr\u00e9\u00e9 pour contester contre l\u2019arr\u00eat du \u00ab\u00a0plan\u00a0froid\u00a0\u00bb par la pr\u00e9fecture pour l\u2019hiver 2021-2022.","og_url":"https:\/\/lyonbondyblog.fr\/LBB\/collectif-urgence-plan-froid-ouvrons-les-logements-vacants-dans-le-rhone\/","og_site_name":"Lyon Bondy Blog","article_publisher":"https:\/\/www.facebook.com\/lyonbondyblog","article_published_time":"2021-11-24T13:38:22+00:00","article_modified_time":"2021-11-25T11:59:21+00:00","og_image":[{"width":6912,"height":3456,"url":"https:\/\/lyonbondyblog.fr\/LBB\/wp-content\/uploads\/2021\/11\/Collectif-Urgence-Plan-Froid-Lyon-2.png","type":"image\/png"}],"author":"In\u00e8s Pallot","twitter_card":"summary_large_image","twitter_creator":"@bondybloglyon","twitter_site":"@bondybloglyon","schema":{"@context":"https:\/\/schema.org","@graph":[{"@type":"Article","@id":"https:\/\/lyonbondyblog.fr\/LBB\/collectif-urgence-plan-froid-ouvrons-les-logements-vacants-dans-le-rhone\/#article","isPartOf":{"@id":"https:\/\/lyonbondyblog.fr\/LBB\/collectif-urgence-plan-froid-ouvrons-les-logements-vacants-dans-le-rhone\/"},"author":{"name":"In\u00e8s Pallot","@id":"https:\/\/lyonbondyblog.fr\/LBB\/#\/schema\/person\/9f49d5a620b7ff0b22195422b4ef0cc4"},"headline":"Collectif urgence plan froid : \u00ab\u00a0Ouvrons les logements vacants dans le Rh\u00f4ne !\u00a0\u00bb","datePublished":"2021-11-24T13:38:22+00:00","dateModified":"2021-11-25T11:59:21+00:00","mainEntityOfPage":{"@id":"https:\/\/lyonbondyblog.fr\/LBB\/collectif-urgence-plan-froid-ouvrons-les-logements-vacants-dans-le-rhone\/"},"wordCount":901,"commentCount":0,"publisher":{"@id":"https:\/\/lyonbondyblog.fr\/LBB\/#organization"},"image":{"@id":"https:\/\/lyonbondyblog.fr\/LBB\/collectif-urgence-plan-froid-ouvrons-les-logements-vacants-dans-le-rhone\/#primaryimage"},"thumbnailUrl":"https:\/\/lyonbondyblog.fr\/LBB\/wp-content\/uploads\/2021\/11\/Collectif-Urgence-Plan-Froid-Lyon-2.png","articleSection":["Logement","Lyon","Sans-abris","Solidarit\u00e9"],"inLanguage":"fr-FR","potentialAction":[{"@type":"CommentAction","name":"Comment","target":["https:\/\/lyonbondyblog.fr\/LBB\/collectif-urgence-plan-froid-ouvrons-les-logements-vacants-dans-le-rhone\/#respond"]}]},{"@type":"WebPage","@id":"https:\/\/lyonbondyblog.fr\/LBB\/collectif-urgence-plan-froid-ouvrons-les-logements-vacants-dans-le-rhone\/","url":"https:\/\/lyonbondyblog.fr\/LBB\/collectif-urgence-plan-froid-ouvrons-les-logements-vacants-dans-le-rhone\/","name":"Collectif urgence plan froid : \u00ab\u00a0Ouvrons les logements vacants dans le Rh\u00f4ne !\u00a0\u00bb","isPartOf":{"@id":"https:\/\/lyonbondyblog.fr\/LBB\/#website"},"primaryImageOfPage":{"@id":"https:\/\/lyonbondyblog.fr\/LBB\/collectif-urgence-plan-froid-ouvrons-les-logements-vacants-dans-le-rhone\/#primaryimage"},"image":{"@id":"https:\/\/lyonbondyblog.fr\/LBB\/collectif-urgence-plan-froid-ouvrons-les-logements-vacants-dans-le-rhone\/#primaryimage"},"thumbnailUrl":"https:\/\/lyonbondyblog.fr\/LBB\/wp-content\/uploads\/2021\/11\/Collectif-Urgence-Plan-Froid-Lyon-2.png","datePublished":"2021-11-24T13:38:22+00:00","dateModified":"2021-11-25T11:59:21+00:00","description":"Au d\u00e9but novembre, le \u00ab\u00a0Collectif urgence plan froid Lyon\u00a0\u00bb s\u2019est cr\u00e9\u00e9 pour contester contre l\u2019arr\u00eat du \u00ab\u00a0plan\u00a0froid\u00a0\u00bb par la pr\u00e9fecture pour l\u2019hiver 2021-2022.","inLanguage":"fr-FR","potentialAction":[{"@type":"ReadAction","target":["https:\/\/lyonbondyblog.fr\/LBB\/collectif-urgence-plan-froid-ouvrons-les-logements-vacants-dans-le-rhone\/"]}]},{"@type":"ImageObject","inLanguage":"fr-FR","@id":"https:\/\/lyonbondyblog.fr\/LBB\/collectif-urgence-plan-froid-ouvrons-les-logements-vacants-dans-le-rhone\/#primaryimage","url":"https:\/\/lyonbondyblog.fr\/LBB\/wp-content\/uploads\/2021\/11\/Collectif-Urgence-Plan-Froid-Lyon-2.png","contentUrl":"https:\/\/lyonbondyblog.fr\/LBB\/wp-content\/uploads\/2021\/11\/Collectif-Urgence-Plan-Froid-Lyon-2.png","width":6912,"height":3456},{"@type":"WebSite","@id":"https:\/\/lyonbondyblog.fr\/LBB\/#website","url":"https:\/\/lyonbondyblog.fr\/LBB\/","name":"Lyon Bondy Blog","description":"","publisher":{"@id":"https:\/\/lyonbondyblog.fr\/LBB\/#organization"},"potentialAction":[{"@type":"SearchAction","target":{"@type":"EntryPoint","urlTemplate":"https:\/\/lyonbondyblog.fr\/LBB\/?s={search_term_string}"},"query-input":"required name=search_term_string"}],"inLanguage":"fr-FR"},{"@type":"Organization","@id":"https:\/\/lyonbondyblog.fr\/LBB\/#organization","name":"LYON BONDY BLOG","url":"https:\/\/lyonbondyblog.fr\/LBB\/","logo":{"@type":"ImageObject","inLanguage":"fr-FR","@id":"https:\/\/lyonbondyblog.fr\/LBB\/#\/schema\/logo\/image\/","url":"http:\/\/lyonbondyblog.fr\/LBB\/wp-content\/uploads\/2014\/10\/logo-portable-144.png","contentUrl":"http:\/\/lyonbondyblog.fr\/LBB\/wp-content\/uploads\/2014\/10\/logo-portable-144.png","width":144,"height":123,"caption":"LYON BONDY BLOG"},"image":{"@id":"https:\/\/lyonbondyblog.fr\/LBB\/#\/schema\/logo\/image\/"},"sameAs":["https:\/\/www.facebook.com\/lyonbondyblog","https:\/\/x.com\/bondybloglyon"]},{"@type":"Person","@id":"https:\/\/lyonbondyblog.fr\/LBB\/#\/schema\/person\/9f49d5a620b7ff0b22195422b4ef0cc4","name":"In\u00e8s Pallot","url":"https:\/\/lyonbondyblog.fr\/LBB\/author\/inesp\/"}]}},"_links":{"self":[{"href":"https:\/\/lyonbondyblog.fr\/LBB\/wp-json\/wp\/v2\/posts\/25801","targetHints":{"allow":["GET"]}}],"collection":[{"href":"https:\/\/lyonbondyblog.fr\/LBB\/wp-json\/wp\/v2\/posts"}],"about":[{"href":"https:\/\/lyonbondyblog.fr\/LBB\/wp-json\/wp\/v2\/types\/post"}],"author":[{"embeddable":true,"href":"https:\/\/lyonbondyblog.fr\/LBB\/wp-json\/wp\/v2\/users\/31860"}],"replies":[{"embeddable":true,"href":"https:\/\/lyonbondyblog.fr\/LBB\/wp-json\/wp\/v2\/comments?post=25801"}],"version-history":[{"count":19,"href":"https:\/\/lyonbondyblog.fr\/LBB\/wp-json\/wp\/v2\/posts\/25801\/revisions"}],"predecessor-version":[{"id":25871,"href":"https:\/\/lyonbondyblog.fr\/LBB\/wp-json\/wp\/v2\/posts\/25801\/revisions\/25871"}],"wp:featuredmedia":[{"embeddable":true,"href":"https:\/\/lyonbondyblog.fr\/LBB\/wp-json\/wp\/v2\/media\/25808"}],"wp:attachment":[{"href":"https:\/\/lyonbondyblog.fr\/LBB\/wp-json\/wp\/v2\/media?parent=25801"}],"wp:term":[{"taxonomy":"category","embeddable":true,"href":"https:\/\/lyonbondyblog.fr\/LBB\/wp-json\/wp\/v2\/categories?post=25801"},{"taxonomy":"post_tag","embeddable":true,"href":"https:\/\/lyonbondyblog.fr\/LBB\/wp-json\/wp\/v2\/tags?post=25801"}],"curies":[{"name":"wp","href":"https:\/\/api.w.org\/{rel}","templated":true}]}}