{"id":25581,"date":"2021-11-17T18:24:02","date_gmt":"2021-11-17T17:24:02","guid":{"rendered":"http:\/\/lyonbondyblog.fr\/LBB\/?p=25581"},"modified":"2021-11-19T14:53:49","modified_gmt":"2021-11-19T13:53:49","slug":"podcast-comment-le-sport-et-la-sante-sont-ils-lies","status":"publish","type":"post","link":"https:\/\/lyonbondyblog.fr\/LBB\/podcast-comment-le-sport-et-la-sante-sont-ils-lies\/","title":{"rendered":"Podcast : Comment le sport et la sant\u00e9 sont-ils li\u00e9s ?"},"content":{"rendered":"\n<p>Le Lyon Bondy Blog est all\u00e9 demander \u00e0 des professionnels du sport et de la sant\u00e9 comment leurs domaines \u00e9taient compl\u00e9mentaires. En collaboration avec des jeunes du centre socioculturel de Louis Braille \u00e0 Saint-Priest, nous avons cherch\u00e9 \u00e0 avoir une vision globale sur le sujet. Directeur de la performance, entra\u00eeneur, joueuse, kin\u00e9sith\u00e9rapeute ou encore di\u00e9t\u00e9ticien, ce podcast donne la parole aux sp\u00e9cialistes du monde du sport et de la sant\u00e9.<\/p>\n\n\n\n<p>Merci aux jeunes du centre socioculturel d&rsquo;avoir men\u00e9 les interviews de trois des intervenants et de nous avoir accueilli dans leurs locaux pour les entretiens.<\/p>\n\n\n\n<figure class=\"wp-block-embed is-type-video is-provider-youtube wp-block-embed-youtube wp-embed-aspect-16-9 wp-has-aspect-ratio\"><div class=\"wp-block-embed__wrapper\">\n<iframe loading=\"lazy\" title=\"Podcast : Comment le sport et la sant\u00e9 sont-ils li\u00e9s ?\" width=\"1200\" height=\"675\" src=\"https:\/\/www.youtube.com\/embed\/UnfPY6wy2Ss?feature=oembed\" frameborder=\"0\" allow=\"accelerometer; autoplay; clipboard-write; encrypted-media; gyroscope; picture-in-picture\" allowfullscreen><\/iframe>\n<\/div><\/figure>\n<!-- AddThis Advanced Settings generic via filter on the_content --><!-- AddThis Share Buttons generic via filter on the_content -->","protected":false},"excerpt":{"rendered":"<p>Le Lyon Bondy Blog est all\u00e9 demander \u00e0 des professionnels du sport et de la sant\u00e9 comment leurs domaines \u00e9taient compl\u00e9mentaires. En collaboration avec des &hellip; <!-- AddThis Advanced Settings generic via filter on wp_trim_excerpt --><!-- AddThis Share Buttons generic via filter on wp_trim_excerpt --><\/p>\n","protected":false},"author":31860,"featured_media":25588,"comment_status":"open","ping_status":"open","sticky":true,"template":"","format":"standard","meta":{"_FSMCFIC_featured_image_caption":"","_FSMCFIC_featured_image_nocaption":"","_FSMCFIC_featured_image_hide":"","footnotes":""},"categories":[22684,3888,3890,4,2104,2862],"tags":[],"class_list":["post-25581","post","type-post","status-publish","format-standard","has-post-thumbnail","hentry","category-education-aux-medias","category-football","category-handball","category-lyon","category-podcasts","category-sport"],"yoast_head":"<!-- This site is optimized with the Yoast SEO plugin v22.8 - https:\/\/yoast.com\/wordpress\/plugins\/seo\/ -->\n<title>Podcast : comment le sport et la sant\u00e9 sont-ils li\u00e9s ?<\/title>\n<meta name=\"description\" content=\"Le Lyon Bondy Blog propose un podcast sur le sport et la sant\u00e9, en collaboration avec le centre socioculturel Louis Braille.\" \/>\n<meta name=\"robots\" content=\"index, follow, max-snippet:-1, max-image-preview:large, max-video-preview:-1\" \/>\n<link rel=\"canonical\" href=\"https:\/\/lyonbondyblog.fr\/LBB\/podcast-comment-le-sport-et-la-sante-sont-ils-lies\/\" \/>\n<meta property=\"og:locale\" content=\"fr_FR\" \/>\n<meta property=\"og:type\" content=\"article\" \/>\n<meta property=\"og:title\" content=\"Podcast : comment le sport et la sant\u00e9 sont-ils li\u00e9s ?\" \/>\n<meta property=\"og:description\" content=\"Le Lyon Bondy Blog propose un podcast sur le sport et la sant\u00e9, en collaboration avec le centre socioculturel Louis Braille.\" \/>\n<meta property=\"og:url\" content=\"https:\/\/lyonbondyblog.fr\/LBB\/podcast-comment-le-sport-et-la-sante-sont-ils-lies\/\" \/>\n<meta property=\"og:site_name\" content=\"Lyon Bondy Blog\" \/>\n<meta property=\"article:publisher\" content=\"https:\/\/www.facebook.com\/lyonbondyblog\" \/>\n<meta property=\"article:published_time\" content=\"2021-11-17T17:24:02+00:00\" \/>\n<meta property=\"article:modified_time\" content=\"2021-11-19T13:53:49+00:00\" \/>\n<meta property=\"og:image\" content=\"https:\/\/lyonbondyblog.fr\/LBB\/wp-content\/uploads\/2021\/11\/2-scaled.jpg\" \/>\n\t<meta property=\"og:image:width\" content=\"2560\" \/>\n\t<meta property=\"og:image:height\" content=\"1280\" \/>\n\t<meta property=\"og:image:type\" content=\"image\/jpeg\" \/>\n<meta name=\"author\" content=\"In\u00e8s Pallot\" \/>\n<meta name=\"twitter:card\" content=\"summary_large_image\" \/>\n<meta name=\"twitter:creator\" content=\"@bondybloglyon\" \/>\n<meta name=\"twitter:site\" content=\"@bondybloglyon\" \/>\n<script type=\"application\/ld+json\" class=\"yoast-schema-graph\">{\"@context\":\"https:\/\/schema.org\",\"@graph\":[{\"@type\":\"Article\",\"@id\":\"https:\/\/lyonbondyblog.fr\/LBB\/podcast-comment-le-sport-et-la-sante-sont-ils-lies\/#article\",\"isPartOf\":{\"@id\":\"https:\/\/lyonbondyblog.fr\/LBB\/podcast-comment-le-sport-et-la-sante-sont-ils-lies\/\"},\"author\":{\"name\":\"In\u00e8s Pallot\",\"@id\":\"https:\/\/lyonbondyblog.fr\/LBB\/#\/schema\/person\/9f49d5a620b7ff0b22195422b4ef0cc4\"},\"headline\":\"Podcast : Comment le sport et la sant\u00e9 sont-ils li\u00e9s ?\",\"datePublished\":\"2021-11-17T17:24:02+00:00\",\"dateModified\":\"2021-11-19T13:53:49+00:00\",\"mainEntityOfPage\":{\"@id\":\"https:\/\/lyonbondyblog.fr\/LBB\/podcast-comment-le-sport-et-la-sante-sont-ils-lies\/\"},\"wordCount\":115,\"commentCount\":0,\"publisher\":{\"@id\":\"https:\/\/lyonbondyblog.fr\/LBB\/#organization\"},\"image\":{\"@id\":\"https:\/\/lyonbondyblog.fr\/LBB\/podcast-comment-le-sport-et-la-sante-sont-ils-lies\/#primaryimage\"},\"thumbnailUrl\":\"https:\/\/lyonbondyblog.fr\/LBB\/wp-content\/uploads\/2021\/11\/2-scaled.jpg\",\"articleSection\":[\"\u00c9ducation aux m\u00e9dias\",\"Football\",\"Handball\",\"Lyon\",\"Podcasts\",\"Sport\"],\"inLanguage\":\"fr-FR\",\"potentialAction\":[{\"@type\":\"CommentAction\",\"name\":\"Comment\",\"target\":[\"https:\/\/lyonbondyblog.fr\/LBB\/podcast-comment-le-sport-et-la-sante-sont-ils-lies\/#respond\"]}]},{\"@type\":\"WebPage\",\"@id\":\"https:\/\/lyonbondyblog.fr\/LBB\/podcast-comment-le-sport-et-la-sante-sont-ils-lies\/\",\"url\":\"https:\/\/lyonbondyblog.fr\/LBB\/podcast-comment-le-sport-et-la-sante-sont-ils-lies\/\",\"name\":\"Podcast : comment le sport et la sant\u00e9 sont-ils li\u00e9s ?\",\"isPartOf\":{\"@id\":\"https:\/\/lyonbondyblog.fr\/LBB\/#website\"},\"primaryImageOfPage\":{\"@id\":\"https:\/\/lyonbondyblog.fr\/LBB\/podcast-comment-le-sport-et-la-sante-sont-ils-lies\/#primaryimage\"},\"image\":{\"@id\":\"https:\/\/lyonbondyblog.fr\/LBB\/podcast-comment-le-sport-et-la-sante-sont-ils-lies\/#primaryimage\"},\"thumbnailUrl\":\"https:\/\/lyonbondyblog.fr\/LBB\/wp-content\/uploads\/2021\/11\/2-scaled.jpg\",\"datePublished\":\"2021-11-17T17:24:02+00:00\",\"dateModified\":\"2021-11-19T13:53:49+00:00\",\"description\":\"Le Lyon Bondy Blog propose un podcast sur le sport et la sant\u00e9, en collaboration avec le centre socioculturel Louis Braille.\",\"inLanguage\":\"fr-FR\",\"potentialAction\":[{\"@type\":\"ReadAction\",\"target\":[\"https:\/\/lyonbondyblog.fr\/LBB\/podcast-comment-le-sport-et-la-sante-sont-ils-lies\/\"]}]},{\"@type\":\"ImageObject\",\"inLanguage\":\"fr-FR\",\"@id\":\"https:\/\/lyonbondyblog.fr\/LBB\/podcast-comment-le-sport-et-la-sante-sont-ils-lies\/#primaryimage\",\"url\":\"https:\/\/lyonbondyblog.fr\/LBB\/wp-content\/uploads\/2021\/11\/2-scaled.jpg\",\"contentUrl\":\"https:\/\/lyonbondyblog.fr\/LBB\/wp-content\/uploads\/2021\/11\/2-scaled.jpg\",\"width\":2560,\"height\":1280},{\"@type\":\"WebSite\",\"@id\":\"https:\/\/lyonbondyblog.fr\/LBB\/#website\",\"url\":\"https:\/\/lyonbondyblog.fr\/LBB\/\",\"name\":\"Lyon Bondy Blog\",\"description\":\"\",\"publisher\":{\"@id\":\"https:\/\/lyonbondyblog.fr\/LBB\/#organization\"},\"potentialAction\":[{\"@type\":\"SearchAction\",\"target\":{\"@type\":\"EntryPoint\",\"urlTemplate\":\"https:\/\/lyonbondyblog.fr\/LBB\/?s={search_term_string}\"},\"query-input\":\"required name=search_term_string\"}],\"inLanguage\":\"fr-FR\"},{\"@type\":\"Organization\",\"@id\":\"https:\/\/lyonbondyblog.fr\/LBB\/#organization\",\"name\":\"LYON BONDY BLOG\",\"url\":\"https:\/\/lyonbondyblog.fr\/LBB\/\",\"logo\":{\"@type\":\"ImageObject\",\"inLanguage\":\"fr-FR\",\"@id\":\"https:\/\/lyonbondyblog.fr\/LBB\/#\/schema\/logo\/image\/\",\"url\":\"http:\/\/lyonbondyblog.fr\/LBB\/wp-content\/uploads\/2014\/10\/logo-portable-144.png\",\"contentUrl\":\"http:\/\/lyonbondyblog.fr\/LBB\/wp-content\/uploads\/2014\/10\/logo-portable-144.png\",\"width\":144,\"height\":123,\"caption\":\"LYON BONDY BLOG\"},\"image\":{\"@id\":\"https:\/\/lyonbondyblog.fr\/LBB\/#\/schema\/logo\/image\/\"},\"sameAs\":[\"https:\/\/www.facebook.com\/lyonbondyblog\",\"https:\/\/x.com\/bondybloglyon\"]},{\"@type\":\"Person\",\"@id\":\"https:\/\/lyonbondyblog.fr\/LBB\/#\/schema\/person\/9f49d5a620b7ff0b22195422b4ef0cc4\",\"name\":\"In\u00e8s Pallot\",\"url\":\"https:\/\/lyonbondyblog.fr\/LBB\/author\/inesp\/\"}]}<\/script>\n<!-- \/ Yoast SEO plugin. -->","yoast_head_json":{"title":"Podcast : comment le sport et la sant\u00e9 sont-ils li\u00e9s ?","description":"Le Lyon Bondy Blog propose un podcast sur le sport et la sant\u00e9, en collaboration avec le centre socioculturel Louis Braille.","robots":{"index":"index","follow":"follow","max-snippet":"max-snippet:-1","max-image-preview":"max-image-preview:large","max-video-preview":"max-video-preview:-1"},"canonical":"https:\/\/lyonbondyblog.fr\/LBB\/podcast-comment-le-sport-et-la-sante-sont-ils-lies\/","og_locale":"fr_FR","og_type":"article","og_title":"Podcast : comment le sport et la sant\u00e9 sont-ils li\u00e9s ?","og_description":"Le Lyon Bondy Blog propose un podcast sur le sport et la sant\u00e9, en collaboration avec le centre socioculturel Louis Braille.","og_url":"https:\/\/lyonbondyblog.fr\/LBB\/podcast-comment-le-sport-et-la-sante-sont-ils-lies\/","og_site_name":"Lyon Bondy Blog","article_publisher":"https:\/\/www.facebook.com\/lyonbondyblog","article_published_time":"2021-11-17T17:24:02+00:00","article_modified_time":"2021-11-19T13:53:49+00:00","og_image":[{"width":2560,"height":1280,"url":"https:\/\/lyonbondyblog.fr\/LBB\/wp-content\/uploads\/2021\/11\/2-scaled.jpg","type":"image\/jpeg"}],"author":"In\u00e8s Pallot","twitter_card":"summary_large_image","twitter_creator":"@bondybloglyon","twitter_site":"@bondybloglyon","schema":{"@context":"https:\/\/schema.org","@graph":[{"@type":"Article","@id":"https:\/\/lyonbondyblog.fr\/LBB\/podcast-comment-le-sport-et-la-sante-sont-ils-lies\/#article","isPartOf":{"@id":"https:\/\/lyonbondyblog.fr\/LBB\/podcast-comment-le-sport-et-la-sante-sont-ils-lies\/"},"author":{"name":"In\u00e8s Pallot","@id":"https:\/\/lyonbondyblog.fr\/LBB\/#\/schema\/person\/9f49d5a620b7ff0b22195422b4ef0cc4"},"headline":"Podcast : Comment le sport et la sant\u00e9 sont-ils li\u00e9s ?","datePublished":"2021-11-17T17:24:02+00:00","dateModified":"2021-11-19T13:53:49+00:00","mainEntityOfPage":{"@id":"https:\/\/lyonbondyblog.fr\/LBB\/podcast-comment-le-sport-et-la-sante-sont-ils-lies\/"},"wordCount":115,"commentCount":0,"publisher":{"@id":"https:\/\/lyonbondyblog.fr\/LBB\/#organization"},"image":{"@id":"https:\/\/lyonbondyblog.fr\/LBB\/podcast-comment-le-sport-et-la-sante-sont-ils-lies\/#primaryimage"},"thumbnailUrl":"https:\/\/lyonbondyblog.fr\/LBB\/wp-content\/uploads\/2021\/11\/2-scaled.jpg","articleSection":["\u00c9ducation aux m\u00e9dias","Football","Handball","Lyon","Podcasts","Sport"],"inLanguage":"fr-FR","potentialAction":[{"@type":"CommentAction","name":"Comment","target":["https:\/\/lyonbondyblog.fr\/LBB\/podcast-comment-le-sport-et-la-sante-sont-ils-lies\/#respond"]}]},{"@type":"WebPage","@id":"https:\/\/lyonbondyblog.fr\/LBB\/podcast-comment-le-sport-et-la-sante-sont-ils-lies\/","url":"https:\/\/lyonbondyblog.fr\/LBB\/podcast-comment-le-sport-et-la-sante-sont-ils-lies\/","name":"Podcast : comment le sport et la sant\u00e9 sont-ils li\u00e9s ?","isPartOf":{"@id":"https:\/\/lyonbondyblog.fr\/LBB\/#website"},"primaryImageOfPage":{"@id":"https:\/\/lyonbondyblog.fr\/LBB\/podcast-comment-le-sport-et-la-sante-sont-ils-lies\/#primaryimage"},"image":{"@id":"https:\/\/lyonbondyblog.fr\/LBB\/podcast-comment-le-sport-et-la-sante-sont-ils-lies\/#primaryimage"},"thumbnailUrl":"https:\/\/lyonbondyblog.fr\/LBB\/wp-content\/uploads\/2021\/11\/2-scaled.jpg","datePublished":"2021-11-17T17:24:02+00:00","dateModified":"2021-11-19T13:53:49+00:00","description":"Le Lyon Bondy Blog propose un podcast sur le sport et la sant\u00e9, en collaboration avec le centre socioculturel Louis Braille.","inLanguage":"fr-FR","potentialAction":[{"@type":"ReadAction","target":["https:\/\/lyonbondyblog.fr\/LBB\/podcast-comment-le-sport-et-la-sante-sont-ils-lies\/"]}]},{"@type":"ImageObject","inLanguage":"fr-FR","@id":"https:\/\/lyonbondyblog.fr\/LBB\/podcast-comment-le-sport-et-la-sante-sont-ils-lies\/#primaryimage","url":"https:\/\/lyonbondyblog.fr\/LBB\/wp-content\/uploads\/2021\/11\/2-scaled.jpg","contentUrl":"https:\/\/lyonbondyblog.fr\/LBB\/wp-content\/uploads\/2021\/11\/2-scaled.jpg","width":2560,"height":1280},{"@type":"WebSite","@id":"https:\/\/lyonbondyblog.fr\/LBB\/#website","url":"https:\/\/lyonbondyblog.fr\/LBB\/","name":"Lyon Bondy Blog","description":"","publisher":{"@id":"https:\/\/lyonbondyblog.fr\/LBB\/#organization"},"potentialAction":[{"@type":"SearchAction","target":{"@type":"EntryPoint","urlTemplate":"https:\/\/lyonbondyblog.fr\/LBB\/?s={search_term_string}"},"query-input":"required name=search_term_string"}],"inLanguage":"fr-FR"},{"@type":"Organization","@id":"https:\/\/lyonbondyblog.fr\/LBB\/#organization","name":"LYON BONDY BLOG","url":"https:\/\/lyonbondyblog.fr\/LBB\/","logo":{"@type":"ImageObject","inLanguage":"fr-FR","@id":"https:\/\/lyonbondyblog.fr\/LBB\/#\/schema\/logo\/image\/","url":"http:\/\/lyonbondyblog.fr\/LBB\/wp-content\/uploads\/2014\/10\/logo-portable-144.png","contentUrl":"http:\/\/lyonbondyblog.fr\/LBB\/wp-content\/uploads\/2014\/10\/logo-portable-144.png","width":144,"height":123,"caption":"LYON BONDY BLOG"},"image":{"@id":"https:\/\/lyonbondyblog.fr\/LBB\/#\/schema\/logo\/image\/"},"sameAs":["https:\/\/www.facebook.com\/lyonbondyblog","https:\/\/x.com\/bondybloglyon"]},{"@type":"Person","@id":"https:\/\/lyonbondyblog.fr\/LBB\/#\/schema\/person\/9f49d5a620b7ff0b22195422b4ef0cc4","name":"In\u00e8s Pallot","url":"https:\/\/lyonbondyblog.fr\/LBB\/author\/inesp\/"}]}},"_links":{"self":[{"href":"https:\/\/lyonbondyblog.fr\/LBB\/wp-json\/wp\/v2\/posts\/25581","targetHints":{"allow":["GET"]}}],"collection":[{"href":"https:\/\/lyonbondyblog.fr\/LBB\/wp-json\/wp\/v2\/posts"}],"about":[{"href":"https:\/\/lyonbondyblog.fr\/LBB\/wp-json\/wp\/v2\/types\/post"}],"author":[{"embeddable":true,"href":"https:\/\/lyonbondyblog.fr\/LBB\/wp-json\/wp\/v2\/users\/31860"}],"replies":[{"embeddable":true,"href":"https:\/\/lyonbondyblog.fr\/LBB\/wp-json\/wp\/v2\/comments?post=25581"}],"version-history":[{"count":9,"href":"https:\/\/lyonbondyblog.fr\/LBB\/wp-json\/wp\/v2\/posts\/25581\/revisions"}],"predecessor-version":[{"id":25648,"href":"https:\/\/lyonbondyblog.fr\/LBB\/wp-json\/wp\/v2\/posts\/25581\/revisions\/25648"}],"wp:featuredmedia":[{"embeddable":true,"href":"https:\/\/lyonbondyblog.fr\/LBB\/wp-json\/wp\/v2\/media\/25588"}],"wp:attachment":[{"href":"https:\/\/lyonbondyblog.fr\/LBB\/wp-json\/wp\/v2\/media?parent=25581"}],"wp:term":[{"taxonomy":"category","embeddable":true,"href":"https:\/\/lyonbondyblog.fr\/LBB\/wp-json\/wp\/v2\/categories?post=25581"},{"taxonomy":"post_tag","embeddable":true,"href":"https:\/\/lyonbondyblog.fr\/LBB\/wp-json\/wp\/v2\/tags?post=25581"}],"curies":[{"name":"wp","href":"https:\/\/api.w.org\/{rel}","templated":true}]}}