{"id":25352,"date":"2021-11-09T17:43:28","date_gmt":"2021-11-09T16:43:28","guid":{"rendered":"http:\/\/lyonbondyblog.fr\/LBB\/?p=25352"},"modified":"2021-11-09T18:28:22","modified_gmt":"2021-11-09T17:28:22","slug":"quelque-part-en-ville-entretien-yacine-rharbaoui","status":"publish","type":"post","link":"https:\/\/lyonbondyblog.fr\/LBB\/quelque-part-en-ville-entretien-yacine-rharbaoui\/","title":{"rendered":"Webs\u00e9rie \u00ab\u00a0Quelque part en ville\u00a0\u00bb : Entretien avec le r\u00e9alisateur lyonnais Yacine Rharbaoui"},"content":{"rendered":"\n<p>L\u2019ann\u00e9e 2020, rythm\u00e9e par la crise du Covid-19, a bloqu\u00e9 un bon nombre de projets. Le secteur de la culture a particuli\u00e8rement \u00e9t\u00e9 impact\u00e9 par cette pand\u00e9mie mondiale sans pr\u00e9c\u00e9dent. Pour certains artistes, la situation a \u00e9t\u00e9 un r\u00e9el frein. Pour d\u2019autres, cette p\u00e9riode a \u00e9t\u00e9 l\u2019occasion de se concentrer sur de nouvelles cr\u00e9ations. C\u2019est le cas de Yacine Rharbaoui, com\u00e9dien et r\u00e9alisateur lyonnais de 26 ans qui s\u2019appr\u00eate \u00e0 sortir sa webs\u00e9rie comique \u00ab&nbsp;Quelque part en ville&nbsp;\u00bb. Une immersion au sein d\u2019une bande d\u2019amis dont le premier \u00e9pisode sera disponible sur Youtube d\u00e8s le vendredi 12 novembre. Entretien avec le jeune artiste.<\/p>\n\n\n\n<figure class=\"wp-block-image size-full\"><img loading=\"lazy\" decoding=\"async\" width=\"1280\" height=\"718\" src=\"https:\/\/lyonbondyblog.fr\/LBB\/wp-content\/uploads\/2021\/11\/Capture-de\u0301cran-2021-10-29-a\u0300-03.29.03.png\" alt=\"\" class=\"wp-image-25354\" srcset=\"https:\/\/lyonbondyblog.fr\/LBB\/wp-content\/uploads\/2021\/11\/Capture-de\u0301cran-2021-10-29-a\u0300-03.29.03.png 1280w, https:\/\/lyonbondyblog.fr\/LBB\/wp-content\/uploads\/2021\/11\/Capture-de\u0301cran-2021-10-29-a\u0300-03.29.03-1200x673.png 1200w, https:\/\/lyonbondyblog.fr\/LBB\/wp-content\/uploads\/2021\/11\/Capture-de\u0301cran-2021-10-29-a\u0300-03.29.03-768x431.png 768w\" sizes=\"auto, (max-width: 1280px) 100vw, 1280px\" \/><\/figure>\n\n\n\n<p><strong>Comment tu t\u2019es lanc\u00e9 dans ce projet&nbsp;?<\/strong><\/p>\n\n\n\n<p>J\u2019ai fait beaucoup de stand up jusqu&rsquo;ici. J\u2019ai mont\u00e9 un plateau \u00e0 Paris il y a \u00e0 peu pr\u00e8s 4 ans. Je viens de finir un Master de commerce \u00e0 Nantes. J\u2019\u00e9tais amen\u00e9 \u00e0 faire des stages \u00e0 Paris dans le domaine de la culture, parce que c&rsquo;\u00e9tait le secteur que je voulais int\u00e9grer. L\u2019objectif c\u2019\u00e9tait de ma\u00eetriser la cha\u00eene de production et voir comment \u00e7a s&rsquo;organise dans des grandes bo\u00eetes de production audiovisuelle de spectacle. En 2020, j\u2019avais le projet de monter mon spectacle. Mais j\u2019ai d\u00fb revenir sur Lyon \u00e0 cause du Covid-19. En parall\u00e8le, j\u2019\u00e9crivais des situations que je n\u2019arrivais pas \u00e0 retranscrire en stand up. J&rsquo;avais un dossier \u00e0 part o\u00f9 je notais plusieurs situations qui me faisaient marrer. En mars de l&rsquo;ann\u00e9e derni\u00e8re je me suis mis plus s\u00e9rieusement dessus, et en avril mai j&rsquo;ai finalis\u00e9 les sc\u00e9narios. J&rsquo;ai commenc\u00e9 \u00e0 monter une \u00e9quipe et \u00e0 partir de l\u00e0, on a commenc\u00e9 \u00e0 tourner \u00ab&nbsp;Quelque part en ville&nbsp;\u00bb.<\/p>\n\n\n\n<p><strong>Peux-tu nous pr\u00e9senter les personnages de la webs\u00e9rie \u00ab&nbsp;Quelque part en ville&nbsp;\u00bb&nbsp;?<\/strong><\/p>\n\n\n\n<p>La s\u00e9rie retrace les aventures de sept potes de Lyon. Je joue le personnage de Mehdi. C\u2019est un jeune qui termine un BTS. Il n&rsquo;est pas convaincu par ses \u00e9tudes, il s\u2019en fout un petit peu. Il r\u00eave d&rsquo;\u00eatre r\u00e9alisateur sauf qu&rsquo;il est tr\u00e8s mauvais artiste&nbsp;! Parall\u00e8lement, il est un peu na\u00eff. Et ses potes n&rsquo;osent pas lui dire que ce qu&rsquo;il fait est nul parce qu&rsquo;ils n\u2019ont pas envie de le heurter. Le second personnage c&rsquo;est Hugo, interpr\u00e9t\u00e9 par Thomas Fernandes. Hugo c\u2019est un rappeur. Il est tr\u00e8s fort mais il n&rsquo;arrive pas \u00e0 percer. Il n\u2019a pas l&rsquo;\u00e9nergie de faire les efforts m\u00eame si ses potes le soutiennent. C\u2019est un peu le mec \u00ab&nbsp;fann\u00e9&nbsp;\u00bb. Apr\u00e8s, il y a Nizar (Yacine Safah) qui s&rsquo;est fait les crois\u00e9s. C&rsquo;est un mec qui pratiquait la boxe \u00e0 tr\u00e8s haut niveau quand il \u00e9tait plus jeune et qui s&rsquo;est p\u00e9t\u00e9 la clavicule \u00e0 ses 18 ans. Donc il n&rsquo;est jamais pass\u00e9 professionnel en boxe. C&rsquo;est un mec intimidant, imposant, le cr\u00e2ne chauve, la grosse barbe. Et en m\u00eame temps, il est tr\u00e8s sensible. Il est agent de s\u00e9curit\u00e9 dans des centres commerciaux en semaine. Et le week-end, il donne des cours de sport en ext\u00e9rieur. Ensuite, il y a le petit cousin de Mehdi, Yanis (Amin Boukadda) dont les parents sont en instance de divorce et qui tra\u00eene dans les pattes de Mehdi. Il dort chez lui en attendant que la situation se r\u00e8gle. Yanis est amoureux d\u2019une fille de son coll\u00e8ge mais ce n&rsquo;est pas r\u00e9ciproque. Il y a aussi Habib (Zinedine Botraby) qui est le mec pieux du groupe, et il fait du patinage artistique. Selim (Wassim El fath) c\u2019est un revendeur, il essaie de faire de l\u2019argent comme il peut. Et il y a son pote qu\u2019il a rencontr\u00e9 au travail, Sa\u00efd ( Malik Mike) qui est \u00e9tudiant et est tr\u00e8s diff\u00e9rent des autres membres du groupe, qui leur apporte de la fraicheur. Enfin, il y a Vincent (Bamba Fall), un youtubeur.<\/p>\n\n\n\n<figure class=\"wp-block-embed is-type-video is-provider-youtube wp-block-embed-youtube wp-embed-aspect-16-9 wp-has-aspect-ratio\"><div class=\"wp-block-embed__wrapper\">\n<iframe loading=\"lazy\" title=\"QUELQUE PART EN VILLE Bande annonce | WEBS\u00c9RIE (2021)\" width=\"1200\" height=\"675\" src=\"https:\/\/www.youtube.com\/embed\/vDTt87vY640?feature=oembed\" frameborder=\"0\" allow=\"accelerometer; autoplay; clipboard-write; encrypted-media; gyroscope; picture-in-picture\" allowfullscreen><\/iframe>\n<\/div><\/figure>\n\n\n\n<p><strong>Il n\u2019y a pas beaucoup de personnages f\u00e9minins&nbsp;!<\/strong><\/p>\n\n\n\n<p>Tu as compl\u00e8tement raison\u00a0! Mais c&rsquo;est un peu le reflet de la r\u00e9alit\u00e9 que j&rsquo;ai  v\u00e9cu pass\u00e9 un temps. La s\u00e9rie que j&rsquo;ai faite c&rsquo;est la pr\u00e9sentation d&rsquo;un univers. Pour moi c\u2019est un projet pilote. Je le consid\u00e8re comme tel. C&rsquo;est un projet pour apprendre la r\u00e9alisation. Donc je pr\u00e9sente des personnages comiques qui sont chacun dans leur d\u00e9lire. C\u2019est un groupe de mecs. Mais il y aurait plein d&rsquo;autres petits personnages \u00e0 pr\u00e9senter. Donc oui concr\u00e8tement si je fais une saison 2, ce que j&rsquo;esp\u00e8re, j&rsquo;ai d\u00e9j\u00e0 pens\u00e9 \u00e0 plusieurs personnages f\u00e9minins que je ne pouvais simplement pas introduire tout de suite. Mais c\u2019est avec grand plaisir que j\u2019inclurais des personnages f\u00e9minins. Simplement, je n&rsquo;avais pas envie de mettre une meuf pour dire \u00ab\u00a0oui on met une meuf\u00a0\u00bb. Il y a plein de com\u00e9diennes sur Lyon qui sont super cool donc ce sera l&rsquo;occasion de leur proposer des choses\u00a0!<\/p>\n\n\n\n<p><strong>Quand on regarde cette s\u00e9rie, on ne peut pas s\u2019emp\u00eacher de penser \u00e0 \u00ab&nbsp;H&nbsp;\u00bb, \u00ab&nbsp;Lascars&nbsp;\u00bb ou encore \u00ab&nbsp;En passant p\u00e9cho&nbsp;\u00bb. Est-ce que ce sont tes influences &nbsp;?<\/strong><\/p>\n\n\n\n<p>Oui clairement\u00a0! \u00ab\u00a0Lascars\u00a0\u00bb plus que les autres sur ce projet. M\u00eame si g\u00e9n\u00e9ralement les humoristes ont plus tendance \u00e0 parler des influences am\u00e9ricaines, je pense qu\u2019en vrai, tu es influenc\u00e9 par ce que tu vois quand tu es enfant et adolescent. Quand j&rsquo;\u00e9tais plus jeune, ce que je regardais c&rsquo;\u00e9tait de la com\u00e9die qui \u00e9tait en France, la com\u00e9die fran\u00e7aise qui avait du succ\u00e8s. \u00ab\u00a0H\u00a0\u00bb c&rsquo;est une vraie r\u00e9f\u00e9rence. Apr\u00e8s, pour l&rsquo;\u00e9criture de la s\u00e9rie, ma r\u00e9f\u00e9rence principale c&rsquo;\u00e9tait \u00ab\u00a0Malcolm\u00a0\u00bb. Parce que c&rsquo;est un groupe ou chacun personnage est un peu barjo. Et \u00ab\u00a0En passant p\u00e9cho\u00a0\u00bb bien s\u00fbr\u00a0! Sur internet c&rsquo;\u00e9tait l&rsquo;un des trucs les plus fous depuis un moment je trouve\u00a0!<\/p>\n\n\n\n<figure class=\"wp-block-image size-full\"><img loading=\"lazy\" decoding=\"async\" width=\"1280\" height=\"716\" src=\"https:\/\/lyonbondyblog.fr\/LBB\/wp-content\/uploads\/2021\/11\/Capture-de\u0301cran-2021-11-08-a\u0300-17.42.05.png\" alt=\"\" class=\"wp-image-25355\" srcset=\"https:\/\/lyonbondyblog.fr\/LBB\/wp-content\/uploads\/2021\/11\/Capture-de\u0301cran-2021-11-08-a\u0300-17.42.05.png 1280w, https:\/\/lyonbondyblog.fr\/LBB\/wp-content\/uploads\/2021\/11\/Capture-de\u0301cran-2021-11-08-a\u0300-17.42.05-1200x671.png 1200w, https:\/\/lyonbondyblog.fr\/LBB\/wp-content\/uploads\/2021\/11\/Capture-de\u0301cran-2021-11-08-a\u0300-17.42.05-768x430.png 768w\" sizes=\"auto, (max-width: 1280px) 100vw, 1280px\" \/><\/figure>\n\n\n\n<p><strong>C\u2019est facile de se d\u00e9velopper en tant que com\u00e9dien&nbsp;\u00e0 Lyon ?<\/strong><\/p>\n\n\n\n<p>Je pense que c&rsquo;est mieux qu&rsquo;\u00e0 Paris pour se d\u00e9velopper professionnellement et commercialement. C&rsquo;est en train de se mettre en place ici, comme dans plein d&rsquo;autres villes o\u00f9 \u00e7a a pris un peu de temps comme \u00e0 Nantes o\u00f9 la sc\u00e8ne est super. \u00a0\u00c0 Marseille on m&rsquo;en dit que du bien aussi. Bordeaux et Lille pareil. \u00c9videmment Paris c&rsquo;est le point n\u00e9vralgique de tous les domaines. Mais c&rsquo;est en train de se d\u00e9centraliser. \u00c0 mon sens, en tant qu&rsquo;artiste on est plus proches de la r\u00e9alit\u00e9 \u00e0 Lyon. J&rsquo;aimerais bien monter un plateau \u00e0 Lyon prochainement, il y a de quoi faire pour travailler. Apr\u00e8s en termes de structure de production c&rsquo;est \u00e9vident que ce n\u2019est pas la m\u00eame chose que Paris. Ce n\u2019est pas aussi carr\u00e9 parce que concr\u00e8tement les gens qui ont des sous pour produire des artistes se trouvent \u00e0 Paris. Donc souvent en tant qu\u2019artiste, on essaie de passer par un producteur qui peut nous mettre le pied \u00e0 l&rsquo;\u00e9trier, nous pr\u00e9senter au public. Personnellement, je pense que je n&rsquo;en suis pas \u00e0 cette \u00e9tape-l\u00e0. Je me pr\u00e9pare.<\/p>\n\n\n\n<p><strong>Comment tu as v\u00e9cu la projection en avant-premi\u00e8re de ta s\u00e9rie&nbsp;dimanche dernier ?<\/strong><\/p>\n\n\n\n<p>C&rsquo;\u00e9tait super cool, on \u00e9tait vraiment nombreux&nbsp;! Les gens nous ont accueillis de fa\u00e7on chaleureuse. Tous les com\u00e9diens \u00e9taient sur la rang\u00e9e du fond, \u00e0 regarder le film. C&rsquo;\u00e9tait assez fou de se voir dans l&rsquo;\u00e9cran. Les gens riaient et venaient nous voir \u00e0 la fin pour nous dire qu&rsquo;ils riaient sinc\u00e8rement et qu&rsquo;ils avaient pass\u00e9 un bon moment. Ils avaient l&rsquo;air de vraiment vouloir nous soutenir et \u00e9taient pr\u00eats \u00e0 faire passer le mot.<\/p>\n\n\n\n<p><strong>Quels sont tes projets futurs&nbsp;?<\/strong><\/p>\n\n\n\n<p>Je vais prendre des vacances&nbsp;! (rires). Ensuite je vais reprendre le travail, que j\u2019ai mis de c\u00f4t\u00e9, parce que je faisais des livraisons UBER pour financer ma s\u00e9rie. L\u2019objectif, c&rsquo;est de remettre ma vie dans un cadre o\u00f9 je suis confortable et reprendre la sc\u00e8ne. Mais \u00e0 la projection les gens ont tellement \u00e9t\u00e9 enthousiastes. Ils me disaient qu&rsquo;ils n\u2019avaient plus envie que \u00e7a s&rsquo;arr\u00eate et qu\u2019ils trouvaient qu&rsquo;il y avait trop peu d&rsquo;\u00e9pisodes. Il y en a cinq. \u00c7a m&rsquo;a motiv\u00e9&nbsp;\u00e0 en faire davantage. Simplement, je pense que je ne tournerai pas la suite avant l&rsquo;\u00e9t\u00e9 prochain. \u00c7a prend \u00e9norm\u00e9ment de temps et d&rsquo;\u00e9nergie donc ce n\u2019est pas si facile. Je vais aussi continuer \u00e0 bosser sur le spectacle&nbsp;!<\/p>\n<!-- AddThis Advanced Settings generic via filter on the_content --><!-- AddThis Share Buttons generic via filter on the_content -->","protected":false},"excerpt":{"rendered":"<p>L\u2019ann\u00e9e 2020, rythm\u00e9e par la crise du Covid-19, a bloqu\u00e9 un bon nombre de projets. Le secteur de la culture a particuli\u00e8rement \u00e9t\u00e9 impact\u00e9 par &hellip; <!-- AddThis Advanced Settings generic via filter on wp_trim_excerpt --><!-- AddThis Share Buttons generic via filter on wp_trim_excerpt --><\/p>\n","protected":false},"author":25924,"featured_media":25356,"comment_status":"open","ping_status":"open","sticky":false,"template":"","format":"standard","meta":{"_FSMCFIC_featured_image_caption":"","_FSMCFIC_featured_image_nocaption":"","_FSMCFIC_featured_image_hide":"","footnotes":""},"categories":[13114,3,4],"tags":[10,27183,27182],"class_list":["post-25352","post","type-post","status-publish","format-standard","has-post-thumbnail","hentry","category-cinema","category-culture","category-lyon","tag-lyon-2","tag-quelque-part-en-ville","tag-webserie"],"yoast_head":"<!-- This site is optimized with the Yoast SEO plugin v22.8 - https:\/\/yoast.com\/wordpress\/plugins\/seo\/ -->\n<title>Webs\u00e9rie &quot;Quelque part en ville&quot; : Entretien avec le r\u00e9alisateur lyonnais Yacine Rharbaoui - Lyon Bondy Blog<\/title>\n<meta name=\"robots\" content=\"index, follow, max-snippet:-1, max-image-preview:large, max-video-preview:-1\" \/>\n<link rel=\"canonical\" href=\"https:\/\/lyonbondyblog.fr\/LBB\/quelque-part-en-ville-entretien-yacine-rharbaoui\/\" \/>\n<meta property=\"og:locale\" content=\"fr_FR\" \/>\n<meta property=\"og:type\" content=\"article\" \/>\n<meta property=\"og:title\" content=\"Webs\u00e9rie &quot;Quelque part en ville&quot; : Entretien avec le r\u00e9alisateur lyonnais Yacine Rharbaoui - Lyon Bondy Blog\" \/>\n<meta property=\"og:description\" content=\"L\u2019ann\u00e9e 2020, rythm\u00e9e par la crise du Covid-19, a bloqu\u00e9 un bon nombre de projets. Le secteur de la culture a particuli\u00e8rement \u00e9t\u00e9 impact\u00e9 par &hellip;\" \/>\n<meta property=\"og:url\" content=\"https:\/\/lyonbondyblog.fr\/LBB\/quelque-part-en-ville-entretien-yacine-rharbaoui\/\" \/>\n<meta property=\"og:site_name\" content=\"Lyon Bondy Blog\" \/>\n<meta property=\"article:publisher\" content=\"https:\/\/www.facebook.com\/lyonbondyblog\" \/>\n<meta property=\"article:published_time\" content=\"2021-11-09T16:43:28+00:00\" \/>\n<meta property=\"article:modified_time\" content=\"2021-11-09T17:28:22+00:00\" \/>\n<meta property=\"og:image\" content=\"https:\/\/lyonbondyblog.fr\/LBB\/wp-content\/uploads\/2021\/11\/Capture-de\u0301cran-2021-10-29-a\u0300-03.27.50.png\" \/>\n\t<meta property=\"og:image:width\" content=\"1280\" \/>\n\t<meta property=\"og:image:height\" content=\"717\" \/>\n\t<meta property=\"og:image:type\" content=\"image\/png\" \/>\n<meta name=\"author\" content=\"Le\u00efla Ghedaifi\" \/>\n<meta name=\"twitter:card\" content=\"summary_large_image\" \/>\n<meta name=\"twitter:creator\" content=\"@bondybloglyon\" \/>\n<meta name=\"twitter:site\" content=\"@bondybloglyon\" \/>\n<script type=\"application\/ld+json\" class=\"yoast-schema-graph\">{\"@context\":\"https:\/\/schema.org\",\"@graph\":[{\"@type\":\"Article\",\"@id\":\"https:\/\/lyonbondyblog.fr\/LBB\/quelque-part-en-ville-entretien-yacine-rharbaoui\/#article\",\"isPartOf\":{\"@id\":\"https:\/\/lyonbondyblog.fr\/LBB\/quelque-part-en-ville-entretien-yacine-rharbaoui\/\"},\"author\":{\"name\":\"Le\u00efla Ghedaifi\",\"@id\":\"https:\/\/lyonbondyblog.fr\/LBB\/#\/schema\/person\/9946d294cefda5a37cd7d7ef5e8c298d\"},\"headline\":\"Webs\u00e9rie \u00ab\u00a0Quelque part en ville\u00a0\u00bb : Entretien avec le r\u00e9alisateur lyonnais Yacine Rharbaoui\",\"datePublished\":\"2021-11-09T16:43:28+00:00\",\"dateModified\":\"2021-11-09T17:28:22+00:00\",\"mainEntityOfPage\":{\"@id\":\"https:\/\/lyonbondyblog.fr\/LBB\/quelque-part-en-ville-entretien-yacine-rharbaoui\/\"},\"wordCount\":1497,\"commentCount\":0,\"publisher\":{\"@id\":\"https:\/\/lyonbondyblog.fr\/LBB\/#organization\"},\"image\":{\"@id\":\"https:\/\/lyonbondyblog.fr\/LBB\/quelque-part-en-ville-entretien-yacine-rharbaoui\/#primaryimage\"},\"thumbnailUrl\":\"https:\/\/lyonbondyblog.fr\/LBB\/wp-content\/uploads\/2021\/11\/Capture-de\u0301cran-2021-10-29-a\u0300-03.27.50.png\",\"keywords\":[\"lyon\",\"quelque part en ville\",\"webs\u00e9rie\"],\"articleSection\":[\"Cin\u00e9ma\",\"Culture\",\"Lyon\"],\"inLanguage\":\"fr-FR\",\"potentialAction\":[{\"@type\":\"CommentAction\",\"name\":\"Comment\",\"target\":[\"https:\/\/lyonbondyblog.fr\/LBB\/quelque-part-en-ville-entretien-yacine-rharbaoui\/#respond\"]}]},{\"@type\":\"WebPage\",\"@id\":\"https:\/\/lyonbondyblog.fr\/LBB\/quelque-part-en-ville-entretien-yacine-rharbaoui\/\",\"url\":\"https:\/\/lyonbondyblog.fr\/LBB\/quelque-part-en-ville-entretien-yacine-rharbaoui\/\",\"name\":\"Webs\u00e9rie \\\"Quelque part en ville\\\" : Entretien avec le r\u00e9alisateur lyonnais Yacine Rharbaoui - Lyon Bondy Blog\",\"isPartOf\":{\"@id\":\"https:\/\/lyonbondyblog.fr\/LBB\/#website\"},\"primaryImageOfPage\":{\"@id\":\"https:\/\/lyonbondyblog.fr\/LBB\/quelque-part-en-ville-entretien-yacine-rharbaoui\/#primaryimage\"},\"image\":{\"@id\":\"https:\/\/lyonbondyblog.fr\/LBB\/quelque-part-en-ville-entretien-yacine-rharbaoui\/#primaryimage\"},\"thumbnailUrl\":\"https:\/\/lyonbondyblog.fr\/LBB\/wp-content\/uploads\/2021\/11\/Capture-de\u0301cran-2021-10-29-a\u0300-03.27.50.png\",\"datePublished\":\"2021-11-09T16:43:28+00:00\",\"dateModified\":\"2021-11-09T17:28:22+00:00\",\"inLanguage\":\"fr-FR\",\"potentialAction\":[{\"@type\":\"ReadAction\",\"target\":[\"https:\/\/lyonbondyblog.fr\/LBB\/quelque-part-en-ville-entretien-yacine-rharbaoui\/\"]}]},{\"@type\":\"ImageObject\",\"inLanguage\":\"fr-FR\",\"@id\":\"https:\/\/lyonbondyblog.fr\/LBB\/quelque-part-en-ville-entretien-yacine-rharbaoui\/#primaryimage\",\"url\":\"https:\/\/lyonbondyblog.fr\/LBB\/wp-content\/uploads\/2021\/11\/Capture-de\u0301cran-2021-10-29-a\u0300-03.27.50.png\",\"contentUrl\":\"https:\/\/lyonbondyblog.fr\/LBB\/wp-content\/uploads\/2021\/11\/Capture-de\u0301cran-2021-10-29-a\u0300-03.27.50.png\",\"width\":1280,\"height\":717},{\"@type\":\"WebSite\",\"@id\":\"https:\/\/lyonbondyblog.fr\/LBB\/#website\",\"url\":\"https:\/\/lyonbondyblog.fr\/LBB\/\",\"name\":\"Lyon Bondy Blog\",\"description\":\"\",\"publisher\":{\"@id\":\"https:\/\/lyonbondyblog.fr\/LBB\/#organization\"},\"potentialAction\":[{\"@type\":\"SearchAction\",\"target\":{\"@type\":\"EntryPoint\",\"urlTemplate\":\"https:\/\/lyonbondyblog.fr\/LBB\/?s={search_term_string}\"},\"query-input\":\"required name=search_term_string\"}],\"inLanguage\":\"fr-FR\"},{\"@type\":\"Organization\",\"@id\":\"https:\/\/lyonbondyblog.fr\/LBB\/#organization\",\"name\":\"LYON BONDY BLOG\",\"url\":\"https:\/\/lyonbondyblog.fr\/LBB\/\",\"logo\":{\"@type\":\"ImageObject\",\"inLanguage\":\"fr-FR\",\"@id\":\"https:\/\/lyonbondyblog.fr\/LBB\/#\/schema\/logo\/image\/\",\"url\":\"http:\/\/lyonbondyblog.fr\/LBB\/wp-content\/uploads\/2014\/10\/logo-portable-144.png\",\"contentUrl\":\"http:\/\/lyonbondyblog.fr\/LBB\/wp-content\/uploads\/2014\/10\/logo-portable-144.png\",\"width\":144,\"height\":123,\"caption\":\"LYON BONDY BLOG\"},\"image\":{\"@id\":\"https:\/\/lyonbondyblog.fr\/LBB\/#\/schema\/logo\/image\/\"},\"sameAs\":[\"https:\/\/www.facebook.com\/lyonbondyblog\",\"https:\/\/x.com\/bondybloglyon\"]},{\"@type\":\"Person\",\"@id\":\"https:\/\/lyonbondyblog.fr\/LBB\/#\/schema\/person\/9946d294cefda5a37cd7d7ef5e8c298d\",\"name\":\"Le\u00efla Ghedaifi\",\"url\":\"https:\/\/lyonbondyblog.fr\/LBB\/author\/leilag\/\"}]}<\/script>\n<!-- \/ Yoast SEO plugin. -->","yoast_head_json":{"title":"Webs\u00e9rie \"Quelque part en ville\" : Entretien avec le r\u00e9alisateur lyonnais Yacine Rharbaoui - Lyon Bondy Blog","robots":{"index":"index","follow":"follow","max-snippet":"max-snippet:-1","max-image-preview":"max-image-preview:large","max-video-preview":"max-video-preview:-1"},"canonical":"https:\/\/lyonbondyblog.fr\/LBB\/quelque-part-en-ville-entretien-yacine-rharbaoui\/","og_locale":"fr_FR","og_type":"article","og_title":"Webs\u00e9rie \"Quelque part en ville\" : Entretien avec le r\u00e9alisateur lyonnais Yacine Rharbaoui - Lyon Bondy Blog","og_description":"L\u2019ann\u00e9e 2020, rythm\u00e9e par la crise du Covid-19, a bloqu\u00e9 un bon nombre de projets. Le secteur de la culture a particuli\u00e8rement \u00e9t\u00e9 impact\u00e9 par &hellip;","og_url":"https:\/\/lyonbondyblog.fr\/LBB\/quelque-part-en-ville-entretien-yacine-rharbaoui\/","og_site_name":"Lyon Bondy Blog","article_publisher":"https:\/\/www.facebook.com\/lyonbondyblog","article_published_time":"2021-11-09T16:43:28+00:00","article_modified_time":"2021-11-09T17:28:22+00:00","og_image":[{"width":1280,"height":717,"url":"https:\/\/lyonbondyblog.fr\/LBB\/wp-content\/uploads\/2021\/11\/Capture-de\u0301cran-2021-10-29-a\u0300-03.27.50.png","type":"image\/png"}],"author":"Le\u00efla Ghedaifi","twitter_card":"summary_large_image","twitter_creator":"@bondybloglyon","twitter_site":"@bondybloglyon","schema":{"@context":"https:\/\/schema.org","@graph":[{"@type":"Article","@id":"https:\/\/lyonbondyblog.fr\/LBB\/quelque-part-en-ville-entretien-yacine-rharbaoui\/#article","isPartOf":{"@id":"https:\/\/lyonbondyblog.fr\/LBB\/quelque-part-en-ville-entretien-yacine-rharbaoui\/"},"author":{"name":"Le\u00efla Ghedaifi","@id":"https:\/\/lyonbondyblog.fr\/LBB\/#\/schema\/person\/9946d294cefda5a37cd7d7ef5e8c298d"},"headline":"Webs\u00e9rie \u00ab\u00a0Quelque part en ville\u00a0\u00bb : Entretien avec le r\u00e9alisateur lyonnais Yacine Rharbaoui","datePublished":"2021-11-09T16:43:28+00:00","dateModified":"2021-11-09T17:28:22+00:00","mainEntityOfPage":{"@id":"https:\/\/lyonbondyblog.fr\/LBB\/quelque-part-en-ville-entretien-yacine-rharbaoui\/"},"wordCount":1497,"commentCount":0,"publisher":{"@id":"https:\/\/lyonbondyblog.fr\/LBB\/#organization"},"image":{"@id":"https:\/\/lyonbondyblog.fr\/LBB\/quelque-part-en-ville-entretien-yacine-rharbaoui\/#primaryimage"},"thumbnailUrl":"https:\/\/lyonbondyblog.fr\/LBB\/wp-content\/uploads\/2021\/11\/Capture-de\u0301cran-2021-10-29-a\u0300-03.27.50.png","keywords":["lyon","quelque part en ville","webs\u00e9rie"],"articleSection":["Cin\u00e9ma","Culture","Lyon"],"inLanguage":"fr-FR","potentialAction":[{"@type":"CommentAction","name":"Comment","target":["https:\/\/lyonbondyblog.fr\/LBB\/quelque-part-en-ville-entretien-yacine-rharbaoui\/#respond"]}]},{"@type":"WebPage","@id":"https:\/\/lyonbondyblog.fr\/LBB\/quelque-part-en-ville-entretien-yacine-rharbaoui\/","url":"https:\/\/lyonbondyblog.fr\/LBB\/quelque-part-en-ville-entretien-yacine-rharbaoui\/","name":"Webs\u00e9rie \"Quelque part en ville\" : Entretien avec le r\u00e9alisateur lyonnais Yacine Rharbaoui - Lyon Bondy Blog","isPartOf":{"@id":"https:\/\/lyonbondyblog.fr\/LBB\/#website"},"primaryImageOfPage":{"@id":"https:\/\/lyonbondyblog.fr\/LBB\/quelque-part-en-ville-entretien-yacine-rharbaoui\/#primaryimage"},"image":{"@id":"https:\/\/lyonbondyblog.fr\/LBB\/quelque-part-en-ville-entretien-yacine-rharbaoui\/#primaryimage"},"thumbnailUrl":"https:\/\/lyonbondyblog.fr\/LBB\/wp-content\/uploads\/2021\/11\/Capture-de\u0301cran-2021-10-29-a\u0300-03.27.50.png","datePublished":"2021-11-09T16:43:28+00:00","dateModified":"2021-11-09T17:28:22+00:00","inLanguage":"fr-FR","potentialAction":[{"@type":"ReadAction","target":["https:\/\/lyonbondyblog.fr\/LBB\/quelque-part-en-ville-entretien-yacine-rharbaoui\/"]}]},{"@type":"ImageObject","inLanguage":"fr-FR","@id":"https:\/\/lyonbondyblog.fr\/LBB\/quelque-part-en-ville-entretien-yacine-rharbaoui\/#primaryimage","url":"https:\/\/lyonbondyblog.fr\/LBB\/wp-content\/uploads\/2021\/11\/Capture-de\u0301cran-2021-10-29-a\u0300-03.27.50.png","contentUrl":"https:\/\/lyonbondyblog.fr\/LBB\/wp-content\/uploads\/2021\/11\/Capture-de\u0301cran-2021-10-29-a\u0300-03.27.50.png","width":1280,"height":717},{"@type":"WebSite","@id":"https:\/\/lyonbondyblog.fr\/LBB\/#website","url":"https:\/\/lyonbondyblog.fr\/LBB\/","name":"Lyon Bondy Blog","description":"","publisher":{"@id":"https:\/\/lyonbondyblog.fr\/LBB\/#organization"},"potentialAction":[{"@type":"SearchAction","target":{"@type":"EntryPoint","urlTemplate":"https:\/\/lyonbondyblog.fr\/LBB\/?s={search_term_string}"},"query-input":"required name=search_term_string"}],"inLanguage":"fr-FR"},{"@type":"Organization","@id":"https:\/\/lyonbondyblog.fr\/LBB\/#organization","name":"LYON BONDY BLOG","url":"https:\/\/lyonbondyblog.fr\/LBB\/","logo":{"@type":"ImageObject","inLanguage":"fr-FR","@id":"https:\/\/lyonbondyblog.fr\/LBB\/#\/schema\/logo\/image\/","url":"http:\/\/lyonbondyblog.fr\/LBB\/wp-content\/uploads\/2014\/10\/logo-portable-144.png","contentUrl":"http:\/\/lyonbondyblog.fr\/LBB\/wp-content\/uploads\/2014\/10\/logo-portable-144.png","width":144,"height":123,"caption":"LYON BONDY BLOG"},"image":{"@id":"https:\/\/lyonbondyblog.fr\/LBB\/#\/schema\/logo\/image\/"},"sameAs":["https:\/\/www.facebook.com\/lyonbondyblog","https:\/\/x.com\/bondybloglyon"]},{"@type":"Person","@id":"https:\/\/lyonbondyblog.fr\/LBB\/#\/schema\/person\/9946d294cefda5a37cd7d7ef5e8c298d","name":"Le\u00efla Ghedaifi","url":"https:\/\/lyonbondyblog.fr\/LBB\/author\/leilag\/"}]}},"_links":{"self":[{"href":"https:\/\/lyonbondyblog.fr\/LBB\/wp-json\/wp\/v2\/posts\/25352","targetHints":{"allow":["GET"]}}],"collection":[{"href":"https:\/\/lyonbondyblog.fr\/LBB\/wp-json\/wp\/v2\/posts"}],"about":[{"href":"https:\/\/lyonbondyblog.fr\/LBB\/wp-json\/wp\/v2\/types\/post"}],"author":[{"embeddable":true,"href":"https:\/\/lyonbondyblog.fr\/LBB\/wp-json\/wp\/v2\/users\/25924"}],"replies":[{"embeddable":true,"href":"https:\/\/lyonbondyblog.fr\/LBB\/wp-json\/wp\/v2\/comments?post=25352"}],"version-history":[{"count":5,"href":"https:\/\/lyonbondyblog.fr\/LBB\/wp-json\/wp\/v2\/posts\/25352\/revisions"}],"predecessor-version":[{"id":25360,"href":"https:\/\/lyonbondyblog.fr\/LBB\/wp-json\/wp\/v2\/posts\/25352\/revisions\/25360"}],"wp:featuredmedia":[{"embeddable":true,"href":"https:\/\/lyonbondyblog.fr\/LBB\/wp-json\/wp\/v2\/media\/25356"}],"wp:attachment":[{"href":"https:\/\/lyonbondyblog.fr\/LBB\/wp-json\/wp\/v2\/media?parent=25352"}],"wp:term":[{"taxonomy":"category","embeddable":true,"href":"https:\/\/lyonbondyblog.fr\/LBB\/wp-json\/wp\/v2\/categories?post=25352"},{"taxonomy":"post_tag","embeddable":true,"href":"https:\/\/lyonbondyblog.fr\/LBB\/wp-json\/wp\/v2\/tags?post=25352"}],"curies":[{"name":"wp","href":"https:\/\/api.w.org\/{rel}","templated":true}]}}