{"id":2527,"date":"2010-09-21T15:06:50","date_gmt":"2010-09-21T13:06:50","guid":{"rendered":"http:\/\/lyonbondyblog.fr\/LBB\/?p=2527"},"modified":"2013-07-31T15:08:20","modified_gmt":"2013-07-31T13:08:20","slug":"ivg-etat-des-lieux-a-bron","status":"publish","type":"post","link":"https:\/\/lyonbondyblog.fr\/LBB\/ivg-etat-des-lieux-a-bron\/","title":{"rendered":"IVG: \u00e9tat des lieux \u00e0 Bron"},"content":{"rendered":"<p><strong>H\u00f4pital Femme-m\u00e8re-enfant de Bron, le 17 septembre 2010. Service d\u2019Orthog\u00e9nie. Sous ce mot \u00e9trange se cache des hommes, des femmes, vou\u00e9s \u00e0 la cause de l\u2019interruption volontaire de grossesse. Laura est all\u00e9e \u00e0 leur rencontre.<\/strong><\/p>\n<div><a title=\"Anne  Marie,  le  chef de  service de l'hopital -- Cliquez pour voir l'image en entier\" href=\"http:\/\/yahoo.lyon.bondyblog.fr\/images\/hopitalbron.jpg\" target=\"_blank\"> <img decoding=\"async\" class=\"alignright\" alt=\"Anne  Marie,  le  chef de  service de l'hopital -- Cliquez pour voir l'image en entier\" src=\"http:\/\/yahoo.lyon.bondyblog.fr\/images\/hopitalbron_t.jpg\" border=\"0\" \/> <\/a><\/div>\n<div><\/div>\n<p>L\u2019HFME \u00a0de \u00a0Bron \u00a0c\u2019est \u00a01304 \u00a0IVG (interruption volontaire de grossesse) en \u00a02009, \u00a0et \u00a0environ \u00a0125 \u00a0par \u00a0mois \u00a0en \u00a02010. \u00a0Chaque \u00a0jour, des \u00a0femmes \u00a0\u00e2g\u00e9es \u00a0de \u00a012 \u00a0\u00e0 \u00a050 \u00a0ans \u00a0viennent \u00a0en \u00a0consultation\u00a0 dialoguer \u00a0(toutes \u00a0les \u00a0femmes \u00a0ne \u00a0d\u00e9cident \u00a0pas \u00a0forc\u00e9ment \u00a0d\u2019interrompre \u00a0leur \u00a0grossesse, \u00a0mais \u00a0viennent \u00a0confier \u00a0leur \u00a0doutes), \u00a0ou\u00a0 avorter. \u00a0Six \u00a0lits sont \u00a0en \u00a0permanence \u00a0r\u00e9serv\u00e9s \u00a0aux \u00a0patientes, \u00a0les \u00a0IVG \u00a0ne \u00a0prennent \u00a0en \u00a0g\u00e9n\u00e9ral \u00a0qu\u2019une \u00a0demi journ\u00e9e \u00a0d\u2019alitement, \u00a0environ \u00a012 \u00a0personnes \u00a0par \u00a0jour \u00a0occupent \u00a0le \u00a0service. \u00a0Anne \u00a0Marie, \u00a0le \u00a0chef de \u00a0service, \u00a0souligne \u00a0que \u00a0les \u00a0activit\u00e9s \u00a0ont \u00a0sensiblement \u00a0augment\u00e9.<\/p>\n<p>Cette \u00a0femme \u00a0travaille depuis \u00a0plus \u00a0de \u00a020 ans \u00a0aux \u00a0HCL \u00a0de \u00a0Lyon \u00a0; \u00a0certains \u00a0diraient \u00a0qu\u2019elle \u00a0est \u00a0une \u00a0\u2018faiseuse \u00a0d\u2019anges\u2019, d\u2019autres \u00a0affirment \u00a0qu\u2019elle \u00a0sauve \u00a0des \u00a0milliers \u00a0de \u00a0femmes \u00a0de \u00a0situations \u00a0abracadabrantesques.<\/p>\n<p>En \u00a0effet, \u00a0une \u00a0bonne \u00a0partie \u00a0(environ \u00a070% \u00a0selon \u00a0le \u00a0personnel \u00a0du \u00a0service) \u00a0connaissent \u00a0mal \u00a0les \u00a0moyens \u00a0de \u00a0contraception, \u00a0doivent \u00a0se \u00a0cacher \u00a0pour \u00a0les \u00a0prendre, \u00a0subissent \u00a0des pressions \u00a0familiales, \u00a0ou \u00a0sont \u00a0en \u00a0d\u00e9pression. \u00a0Pour \u00a0certaines, \u00a0l\u2019IVG \u00a0est \u00a0une \u00a0mani\u00e8re \u00a0de \u00a0passer une \u00a0\u00e9tape \u00a0de \u00a0leur \u00a0vie, \u00a0lorsqu\u2019une \u00a0pression \u00a0est \u00a0trop \u00a0forte \u00a0dans \u00a0un \u00a0foyer, \u00a0la \u00a0jeune \u00a0femme rompt \u00a0sa \u00a0vie \u00a0d\u2019enfant \u00a0par \u00a0cet \u00a0acte, \u00a0nous \u00a0confie \u00a0Claudine, \u00a0la \u00a0conseill\u00e8re \u00a0conjugale \u00a0et \u00a0familiale.<\/p>\n<p>Son \u00a0m\u00e9tier \u00a0: \u00a0cr\u00e9er \u00a0les \u00a0conditions \u00a0propices \u00a0pour \u00a0que \u00a0les \u00a0personnes \u00a0(les \u00a0femmes \u00a0viennent souvent \u00a0accompagn\u00e9es \u00a0de \u00a0leurs \u00a0mari\/copain&#8230;) \u00a0se \u00a0sentent \u00a0assez \u00a0libres \u00a0de \u00a0d\u00e9crire \u00a0la \u00a0mani\u00e8re dont \u00a0elles \u00a0vivent \u00a0la \u00a0situation \u00a0complexe \u00a0de \u00a0l\u2019IVG. \u00a0Cette \u00a0profession \u00a0est \u00a0n\u00e9e \u00a0en \u00a01975 \u00a0avec \u00a0la \u00a0loi Veil,\u00a0 comprenant\u00a0 une \u00a0formation \u00a0d\u2019\u00e9coute \u00a0et \u00a0des \u00a0notions \u00a0de \u00a0psychologie, \u00a0Claudine \u00a0sait \u00a0se \u00a0positionner dans \u00a0le \u00a0non \u00a0jugement \u00a0et \u00a0tente \u00a0de \u00a0r\u00e9soudre \u00a0les \u00a0probl\u00e8mes \u00a0familiaux, \u00a0conjugaux, \u00a0psychologiques \u00a0avec \u00a0les \u00a0patientes.<\/p>\n<p>C\u2019est \u00a0une \u00a0consultation \u00a0qui \u00a0est \u00a0obligatoire \u00a0pour \u00a0une \u00a0mineure, \u00a0mais \u00a0qui \u00a0ne \u00a0l\u2019est \u00a0plus \u00a0depuis \u00a0quelques \u00a0ann\u00e9es \u00a0pour \u00a0une \u00a0majeure, \u00a0indice \u00a0r\u00e9v\u00e9lateur de \u00a0la \u00a0politique \u00a0de \u00a0l\u2019Etat \u00a0\u00e0 \u00a0l\u2019\u00e9gard \u00a0des \u00a0h\u00f4pitaux \u00a0publics. \u00a0La \u00a0situation \u00a0est \u00a0plus \u00a0complexe \u00a0que l\u2019ambiance \u00a0douce \u00a0et \u00a0de \u00a0cocon \u00a0que \u00a0l\u2019on \u00a0d\u00e9c\u00e8le \u00a0dans \u00a0ce \u00a0service \u00a0: \u00a0en\u00a0 Ile-de-France, \u00a0des \u00a0services entiers \u00a0d\u2019orthog\u00e9nie (m\u00e9thode de planification et de r\u00e9gulation des naissance) ont \u00a0disparu, \u00a0la \u00a0place \u00a0d\u00e9di\u00e9e \u00a0\u00e0 \u00a0ce \u00a0service \u00a0dans \u00a0les \u00a0h\u00f4pitaux \u00a0s\u2019amenuise,en \u00a0m\u00eame \u00a0temps \u00a0que \u00a0les \u00a0droits \u00a0des \u00a0femmes \u00a0fran\u00e7aises.<\/p>\n<p>A \u00a0Bron, \u00a0on \u00a0n\u2019a \u00a0pas \u00a0constat\u00e9 \u00a0d\u2019amincissement \u00a0du \u00a0budget \u00a0ou \u00a0de \u00a0sacrifice \u00a0de \u00a0place. \u00a0Mais \u00a0les \u00a0patientes \u00a0ont \u00a0augment\u00e9, \u00a0et \u00a0les politiques \u00a0de \u00a0pr\u00e9ventions \u00a0tombent \u00a0en \u00a0quenouilles. \u00a0Les \u00a0causes \u00a0? \u00a0Une \u00a0IVG \u00a0sera \u00a0totalement rembours\u00e9e \u00a0par \u00a0la \u00a0s\u00e9curit\u00e9 \u00a0sociale, \u00a0ce \u00a0qui \u00a0n\u2019est \u00a0pas \u00a0tr\u00e8s \u00a0int\u00e9ressant \u00a0pour \u00a0le \u00a0gouvernement actuel, \u00a0qui \u00a0pr\u00e9f\u00e8re \u00a0faire \u00a0avancer \u00a0la \u00a0recherche \u00a0sur \u00a0la \u00a0procr\u00e9ation \u00a0m\u00e9dicalement \u00a0assist\u00e9e.<\/p>\n<p>Selon \u00a0Myriam, \u00a0infirmi\u00e8re \u00a0dans \u00a0ce \u00a0service \u00a0: \u00a0<i>\u2018\u2019Il \u00a0faut \u00a0d\u00e9fendre \u00a0l\u2019acte, \u00a0et \u00a0nous \u00a0savons \u00a0tout \u00a0autant \u00a0qu\u2019il \u00a0s\u2019agit \u00a0d\u2019un \u00a0acte \u00a0difficile. \u00a0Nous \u00a0sommes \u00a0l\u00e0 \u00a0pour \u00a0accompagner \u00a0les \u00a0patientes \u00a0et \u00a0avoir \u00a0les \u00a0orienter \u00a0s\u2019il \u00a0le \u00a0faut \u00a0vers \u00a0des \u00a0structures \u00a0sociales, \u00a0des \u00a0m\u00e9decins, \u00a0des \u00a0psychologues.\u2019\u2019<\/i><br \/>\nEt \u00a0Claudine \u00a0d\u2019ajouter \u00a0: \u00a0\u2018<i>\u2019Ici \u00a0nous \u00a0ne \u00a0sommes \u00a0pas \u00a0des \u00a0militantes \u00a0d\u2019associations \u00a0de \u00a0d\u00e9fenses \u00a0des \u00a0droits \u00a0des \u00a0femmes, \u00a0mais \u00a0je \u00a0consid\u00e8re \u00a0que \u00a0le \u00a0fait \u00a0de \u00a0travailler \u00a0ici \u00a0est \u00a0d\u00e9j\u00e0 \u00a0un \u00a0engagement politique \u00a0de \u00a0soutien \u00a0envers \u00a0les \u00a0femmes\u2019\u2019.<\/i><\/p>\n<p>Cependant, \u00a0de \u00a0nouvelles \u00a0avanc\u00e9es \u00a0ont \u00a0vu \u00a0le \u00a0jour ces \u00a0derni\u00e8res \u00a0ann\u00e9es \u00a0: \u00a0l\u2019implant \u00a0contraceptif \u00a0(bande \u00a0de \u00a07 cm, \u00a0\u00e9paisse \u00a0d\u2019un \u00a0milim\u00e8tre, \u00a0introduite dans \u00a0le \u00a0bras, \u00a0tr\u00e8s \u00a0discret, \u00a0il \u00a0permet \u00a0une \u00a0contraception \u00a0cach\u00e9e \u00a0pendant \u00a0trois \u00a0ans \u00a0maximum) \u00a0et \u00a0le \u00a0st\u00e9rilet \u00a0(il \u00a0n\u2019est \u00a0maintenant \u00a0plus \u00a0r\u00e9serv\u00e9 \u00a0aux \u00a0femmes \u00a0ayant \u00a0d\u00e9j\u00e0 \u00a0eu \u00a0des \u00a0enfants \u00a0et \u00a0poss\u00e8de la \u00a0m\u00eame \u00a0discr\u00e9tion \u00a0que \u00a0l\u2019implant).<\/p>\n<p>Donc \u00a0la \u00a0France \u00a0est \u00a0un \u00a0pays \u00a0dans \u00a0lequel \u00a0la \u00a0possibilit\u00e9 \u00a0d\u2019avorter \u00a0est \u00a0exceptionnelle, \u00a0o\u00f9 \u00a0les \u00a0droits \u00a0des \u00a0femmes \u00a0sont \u00a0bien \u00a0plus \u00a0respect\u00e9s \u00a0et \u00a0d\u00e9fendus \u00a0que \u00a0dans \u00a0bien \u00a0d\u2019autres \u00a0pays, mais, \u00a0ces \u00a0femmes \u00a0nous \u00a0le \u00a0rappellent, \u00a0il \u00a0ne \u00a0s\u2019agit \u00a0pas \u00a0d\u2019acquis, \u00a0en \u00a0t\u00e9moigne \u00a0la \u00a0lutte \u00a0des conseill\u00e8res \u00a0conjugales \u00a0pour \u00a0faire \u00a0reconna\u00eetre \u00a0leur \u00a0dipl\u00f4me \u00a0comme \u00a0dipl\u00f4me \u00a0d\u2019Etat. \u00a0Rappelons \u00a0que \u00a0les \u00a0centres \u00a0IVG \u00a0de \u00a0Tenon, \u00a0Rothschild, \u00a0Armand \u00a0Trousseau \u00a0et \u00a0Saint-\u00ad\u2010Antoine \u00a0ont ferm\u00e9 \u00a0en \u00a02009. \u00a0A \u00a0eux \u00a0seuls, \u00a0ils \u00a0pratiquaient \u00a0pr\u00e8s \u00a0de \u00a01 \u00a0900 \u00a0op\u00e9rations \u00a0par \u00a0an, \u00a0soit \u00a015% \u00a0des \u00a012 \u00a0400 \u00a0avortements \u00a0r\u00e9alis\u00e9es \u00a0par \u00a0l&rsquo;Assistance \u00a0Publique \u00a0des \u00a0H\u00f4pitaux \u00a0\u00a0\u00a0de \u00a0Paris.<\/p>\n<p style=\"text-align: right;\"><span style=\"text-decoration: underline;\">Laura Tangre<\/span><\/p>\n<!-- AddThis Advanced Settings generic via filter on the_content --><!-- AddThis Share Buttons generic via filter on the_content -->","protected":false},"excerpt":{"rendered":"<p>H\u00f4pital Femme-m\u00e8re-enfant de Bron, le 17 septembre 2010. Service d\u2019Orthog\u00e9nie. Sous ce mot \u00e9trange se cache des hommes, des femmes, vou\u00e9s \u00e0 la cause de &hellip; <!-- AddThis Advanced Settings generic via filter on wp_trim_excerpt --><!-- AddThis Share Buttons generic via filter on wp_trim_excerpt --><\/p>\n","protected":false},"author":1,"featured_media":2528,"comment_status":"open","ping_status":"open","sticky":false,"template":"","format":"standard","meta":{"_FSMCFIC_featured_image_caption":"","_FSMCFIC_featured_image_nocaption":"","_FSMCFIC_featured_image_hide":"","footnotes":""},"categories":[4],"tags":[10,112],"class_list":["post-2527","post","type-post","status-publish","format-standard","has-post-thumbnail","hentry","category-lyon","tag-lyon-2","tag-lyon-bondy-blog"],"yoast_head":"<!-- This site is optimized with the Yoast SEO plugin v22.8 - https:\/\/yoast.com\/wordpress\/plugins\/seo\/ -->\n<title>IVG: \u00e9tat des lieux \u00e0 Bron - Lyon Bondy Blog<\/title>\n<meta name=\"robots\" content=\"index, follow, max-snippet:-1, max-image-preview:large, max-video-preview:-1\" \/>\n<link rel=\"canonical\" href=\"https:\/\/lyonbondyblog.fr\/LBB\/ivg-etat-des-lieux-a-bron\/\" \/>\n<meta property=\"og:locale\" content=\"fr_FR\" \/>\n<meta property=\"og:type\" content=\"article\" \/>\n<meta property=\"og:title\" content=\"IVG: \u00e9tat des lieux \u00e0 Bron - Lyon Bondy Blog\" \/>\n<meta property=\"og:description\" content=\"H\u00f4pital Femme-m\u00e8re-enfant de Bron, le 17 septembre 2010. Service d\u2019Orthog\u00e9nie. Sous ce mot \u00e9trange se cache des hommes, des femmes, vou\u00e9s \u00e0 la cause de &hellip;\" \/>\n<meta property=\"og:url\" content=\"https:\/\/lyonbondyblog.fr\/LBB\/ivg-etat-des-lieux-a-bron\/\" \/>\n<meta property=\"og:site_name\" content=\"Lyon Bondy Blog\" \/>\n<meta property=\"article:publisher\" content=\"https:\/\/www.facebook.com\/lyonbondyblog\" \/>\n<meta property=\"article:author\" content=\"https:\/\/www.facebook.com\/lyonbondyblog\" \/>\n<meta property=\"article:published_time\" content=\"2010-09-21T13:06:50+00:00\" \/>\n<meta property=\"article:modified_time\" content=\"2013-07-31T13:08:20+00:00\" \/>\n<meta property=\"og:image\" content=\"https:\/\/lyonbondyblog.fr\/LBB\/wp-content\/uploads\/2013\/07\/hopitalbron_t.jpg\" \/>\n\t<meta property=\"og:image:width\" content=\"193\" \/>\n\t<meta property=\"og:image:height\" content=\"128\" \/>\n\t<meta property=\"og:image:type\" content=\"image\/jpeg\" \/>\n<meta name=\"author\" content=\"La r\u00e9daction\" \/>\n<meta name=\"twitter:card\" content=\"summary_large_image\" \/>\n<meta name=\"twitter:creator\" content=\"@BondyBlogLyon\" \/>\n<meta name=\"twitter:site\" content=\"@bondybloglyon\" \/>\n<script type=\"application\/ld+json\" class=\"yoast-schema-graph\">{\"@context\":\"https:\/\/schema.org\",\"@graph\":[{\"@type\":\"Article\",\"@id\":\"https:\/\/lyonbondyblog.fr\/LBB\/ivg-etat-des-lieux-a-bron\/#article\",\"isPartOf\":{\"@id\":\"https:\/\/lyonbondyblog.fr\/LBB\/ivg-etat-des-lieux-a-bron\/\"},\"author\":{\"name\":\"La r\u00e9daction\",\"@id\":\"https:\/\/lyonbondyblog.fr\/LBB\/#\/schema\/person\/e45f8d27baac75072daa0be50c409b25\"},\"headline\":\"IVG: \u00e9tat des lieux \u00e0 Bron\",\"datePublished\":\"2010-09-21T13:06:50+00:00\",\"dateModified\":\"2013-07-31T13:08:20+00:00\",\"mainEntityOfPage\":{\"@id\":\"https:\/\/lyonbondyblog.fr\/LBB\/ivg-etat-des-lieux-a-bron\/\"},\"wordCount\":780,\"commentCount\":0,\"publisher\":{\"@id\":\"https:\/\/lyonbondyblog.fr\/LBB\/#organization\"},\"image\":{\"@id\":\"https:\/\/lyonbondyblog.fr\/LBB\/ivg-etat-des-lieux-a-bron\/#primaryimage\"},\"thumbnailUrl\":\"https:\/\/lyonbondyblog.fr\/LBB\/wp-content\/uploads\/2013\/07\/hopitalbron_t.jpg\",\"keywords\":[\"lyon\",\"Lyon Bondy Blog\"],\"articleSection\":[\"Lyon\"],\"inLanguage\":\"fr-FR\",\"potentialAction\":[{\"@type\":\"CommentAction\",\"name\":\"Comment\",\"target\":[\"https:\/\/lyonbondyblog.fr\/LBB\/ivg-etat-des-lieux-a-bron\/#respond\"]}]},{\"@type\":\"WebPage\",\"@id\":\"https:\/\/lyonbondyblog.fr\/LBB\/ivg-etat-des-lieux-a-bron\/\",\"url\":\"https:\/\/lyonbondyblog.fr\/LBB\/ivg-etat-des-lieux-a-bron\/\",\"name\":\"IVG: \u00e9tat des lieux \u00e0 Bron - Lyon Bondy Blog\",\"isPartOf\":{\"@id\":\"https:\/\/lyonbondyblog.fr\/LBB\/#website\"},\"primaryImageOfPage\":{\"@id\":\"https:\/\/lyonbondyblog.fr\/LBB\/ivg-etat-des-lieux-a-bron\/#primaryimage\"},\"image\":{\"@id\":\"https:\/\/lyonbondyblog.fr\/LBB\/ivg-etat-des-lieux-a-bron\/#primaryimage\"},\"thumbnailUrl\":\"https:\/\/lyonbondyblog.fr\/LBB\/wp-content\/uploads\/2013\/07\/hopitalbron_t.jpg\",\"datePublished\":\"2010-09-21T13:06:50+00:00\",\"dateModified\":\"2013-07-31T13:08:20+00:00\",\"inLanguage\":\"fr-FR\",\"potentialAction\":[{\"@type\":\"ReadAction\",\"target\":[\"https:\/\/lyonbondyblog.fr\/LBB\/ivg-etat-des-lieux-a-bron\/\"]}]},{\"@type\":\"ImageObject\",\"inLanguage\":\"fr-FR\",\"@id\":\"https:\/\/lyonbondyblog.fr\/LBB\/ivg-etat-des-lieux-a-bron\/#primaryimage\",\"url\":\"https:\/\/lyonbondyblog.fr\/LBB\/wp-content\/uploads\/2013\/07\/hopitalbron_t.jpg\",\"contentUrl\":\"https:\/\/lyonbondyblog.fr\/LBB\/wp-content\/uploads\/2013\/07\/hopitalbron_t.jpg\",\"width\":193,\"height\":128},{\"@type\":\"WebSite\",\"@id\":\"https:\/\/lyonbondyblog.fr\/LBB\/#website\",\"url\":\"https:\/\/lyonbondyblog.fr\/LBB\/\",\"name\":\"Lyon Bondy Blog\",\"description\":\"\",\"publisher\":{\"@id\":\"https:\/\/lyonbondyblog.fr\/LBB\/#organization\"},\"potentialAction\":[{\"@type\":\"SearchAction\",\"target\":{\"@type\":\"EntryPoint\",\"urlTemplate\":\"https:\/\/lyonbondyblog.fr\/LBB\/?s={search_term_string}\"},\"query-input\":\"required name=search_term_string\"}],\"inLanguage\":\"fr-FR\"},{\"@type\":\"Organization\",\"@id\":\"https:\/\/lyonbondyblog.fr\/LBB\/#organization\",\"name\":\"LYON BONDY BLOG\",\"url\":\"https:\/\/lyonbondyblog.fr\/LBB\/\",\"logo\":{\"@type\":\"ImageObject\",\"inLanguage\":\"fr-FR\",\"@id\":\"https:\/\/lyonbondyblog.fr\/LBB\/#\/schema\/logo\/image\/\",\"url\":\"http:\/\/lyonbondyblog.fr\/LBB\/wp-content\/uploads\/2014\/10\/logo-portable-144.png\",\"contentUrl\":\"http:\/\/lyonbondyblog.fr\/LBB\/wp-content\/uploads\/2014\/10\/logo-portable-144.png\",\"width\":144,\"height\":123,\"caption\":\"LYON BONDY BLOG\"},\"image\":{\"@id\":\"https:\/\/lyonbondyblog.fr\/LBB\/#\/schema\/logo\/image\/\"},\"sameAs\":[\"https:\/\/www.facebook.com\/lyonbondyblog\",\"https:\/\/x.com\/bondybloglyon\"]},{\"@type\":\"Person\",\"@id\":\"https:\/\/lyonbondyblog.fr\/LBB\/#\/schema\/person\/e45f8d27baac75072daa0be50c409b25\",\"name\":\"La r\u00e9daction\",\"description\":\"Cr\u00e9e en 2008, la r\u00e9daction du Lyon Bondy Blog s'applique \u00e0 proposer une information locale diff\u00e9rente et compl\u00e9mentaire des m\u00e9dias traditionnels.\",\"sameAs\":[\"https:\/\/www.facebook.com\/lyonbondyblog\",\"https:\/\/x.com\/BondyBlogLyon\"],\"url\":\"https:\/\/lyonbondyblog.fr\/LBB\/author\/admin\/\"}]}<\/script>\n<!-- \/ Yoast SEO plugin. -->","yoast_head_json":{"title":"IVG: \u00e9tat des lieux \u00e0 Bron - Lyon Bondy Blog","robots":{"index":"index","follow":"follow","max-snippet":"max-snippet:-1","max-image-preview":"max-image-preview:large","max-video-preview":"max-video-preview:-1"},"canonical":"https:\/\/lyonbondyblog.fr\/LBB\/ivg-etat-des-lieux-a-bron\/","og_locale":"fr_FR","og_type":"article","og_title":"IVG: \u00e9tat des lieux \u00e0 Bron - Lyon Bondy Blog","og_description":"H\u00f4pital Femme-m\u00e8re-enfant de Bron, le 17 septembre 2010. Service d\u2019Orthog\u00e9nie. Sous ce mot \u00e9trange se cache des hommes, des femmes, vou\u00e9s \u00e0 la cause de &hellip;","og_url":"https:\/\/lyonbondyblog.fr\/LBB\/ivg-etat-des-lieux-a-bron\/","og_site_name":"Lyon Bondy Blog","article_publisher":"https:\/\/www.facebook.com\/lyonbondyblog","article_author":"https:\/\/www.facebook.com\/lyonbondyblog","article_published_time":"2010-09-21T13:06:50+00:00","article_modified_time":"2013-07-31T13:08:20+00:00","og_image":[{"width":193,"height":128,"url":"https:\/\/lyonbondyblog.fr\/LBB\/wp-content\/uploads\/2013\/07\/hopitalbron_t.jpg","type":"image\/jpeg"}],"author":"La r\u00e9daction","twitter_card":"summary_large_image","twitter_creator":"@BondyBlogLyon","twitter_site":"@bondybloglyon","schema":{"@context":"https:\/\/schema.org","@graph":[{"@type":"Article","@id":"https:\/\/lyonbondyblog.fr\/LBB\/ivg-etat-des-lieux-a-bron\/#article","isPartOf":{"@id":"https:\/\/lyonbondyblog.fr\/LBB\/ivg-etat-des-lieux-a-bron\/"},"author":{"name":"La r\u00e9daction","@id":"https:\/\/lyonbondyblog.fr\/LBB\/#\/schema\/person\/e45f8d27baac75072daa0be50c409b25"},"headline":"IVG: \u00e9tat des lieux \u00e0 Bron","datePublished":"2010-09-21T13:06:50+00:00","dateModified":"2013-07-31T13:08:20+00:00","mainEntityOfPage":{"@id":"https:\/\/lyonbondyblog.fr\/LBB\/ivg-etat-des-lieux-a-bron\/"},"wordCount":780,"commentCount":0,"publisher":{"@id":"https:\/\/lyonbondyblog.fr\/LBB\/#organization"},"image":{"@id":"https:\/\/lyonbondyblog.fr\/LBB\/ivg-etat-des-lieux-a-bron\/#primaryimage"},"thumbnailUrl":"https:\/\/lyonbondyblog.fr\/LBB\/wp-content\/uploads\/2013\/07\/hopitalbron_t.jpg","keywords":["lyon","Lyon Bondy Blog"],"articleSection":["Lyon"],"inLanguage":"fr-FR","potentialAction":[{"@type":"CommentAction","name":"Comment","target":["https:\/\/lyonbondyblog.fr\/LBB\/ivg-etat-des-lieux-a-bron\/#respond"]}]},{"@type":"WebPage","@id":"https:\/\/lyonbondyblog.fr\/LBB\/ivg-etat-des-lieux-a-bron\/","url":"https:\/\/lyonbondyblog.fr\/LBB\/ivg-etat-des-lieux-a-bron\/","name":"IVG: \u00e9tat des lieux \u00e0 Bron - Lyon Bondy Blog","isPartOf":{"@id":"https:\/\/lyonbondyblog.fr\/LBB\/#website"},"primaryImageOfPage":{"@id":"https:\/\/lyonbondyblog.fr\/LBB\/ivg-etat-des-lieux-a-bron\/#primaryimage"},"image":{"@id":"https:\/\/lyonbondyblog.fr\/LBB\/ivg-etat-des-lieux-a-bron\/#primaryimage"},"thumbnailUrl":"https:\/\/lyonbondyblog.fr\/LBB\/wp-content\/uploads\/2013\/07\/hopitalbron_t.jpg","datePublished":"2010-09-21T13:06:50+00:00","dateModified":"2013-07-31T13:08:20+00:00","inLanguage":"fr-FR","potentialAction":[{"@type":"ReadAction","target":["https:\/\/lyonbondyblog.fr\/LBB\/ivg-etat-des-lieux-a-bron\/"]}]},{"@type":"ImageObject","inLanguage":"fr-FR","@id":"https:\/\/lyonbondyblog.fr\/LBB\/ivg-etat-des-lieux-a-bron\/#primaryimage","url":"https:\/\/lyonbondyblog.fr\/LBB\/wp-content\/uploads\/2013\/07\/hopitalbron_t.jpg","contentUrl":"https:\/\/lyonbondyblog.fr\/LBB\/wp-content\/uploads\/2013\/07\/hopitalbron_t.jpg","width":193,"height":128},{"@type":"WebSite","@id":"https:\/\/lyonbondyblog.fr\/LBB\/#website","url":"https:\/\/lyonbondyblog.fr\/LBB\/","name":"Lyon Bondy Blog","description":"","publisher":{"@id":"https:\/\/lyonbondyblog.fr\/LBB\/#organization"},"potentialAction":[{"@type":"SearchAction","target":{"@type":"EntryPoint","urlTemplate":"https:\/\/lyonbondyblog.fr\/LBB\/?s={search_term_string}"},"query-input":"required name=search_term_string"}],"inLanguage":"fr-FR"},{"@type":"Organization","@id":"https:\/\/lyonbondyblog.fr\/LBB\/#organization","name":"LYON BONDY BLOG","url":"https:\/\/lyonbondyblog.fr\/LBB\/","logo":{"@type":"ImageObject","inLanguage":"fr-FR","@id":"https:\/\/lyonbondyblog.fr\/LBB\/#\/schema\/logo\/image\/","url":"http:\/\/lyonbondyblog.fr\/LBB\/wp-content\/uploads\/2014\/10\/logo-portable-144.png","contentUrl":"http:\/\/lyonbondyblog.fr\/LBB\/wp-content\/uploads\/2014\/10\/logo-portable-144.png","width":144,"height":123,"caption":"LYON BONDY BLOG"},"image":{"@id":"https:\/\/lyonbondyblog.fr\/LBB\/#\/schema\/logo\/image\/"},"sameAs":["https:\/\/www.facebook.com\/lyonbondyblog","https:\/\/x.com\/bondybloglyon"]},{"@type":"Person","@id":"https:\/\/lyonbondyblog.fr\/LBB\/#\/schema\/person\/e45f8d27baac75072daa0be50c409b25","name":"La r\u00e9daction","description":"Cr\u00e9e en 2008, la r\u00e9daction du Lyon Bondy Blog s'applique \u00e0 proposer une information locale diff\u00e9rente et compl\u00e9mentaire des m\u00e9dias traditionnels.","sameAs":["https:\/\/www.facebook.com\/lyonbondyblog","https:\/\/x.com\/BondyBlogLyon"],"url":"https:\/\/lyonbondyblog.fr\/LBB\/author\/admin\/"}]}},"_links":{"self":[{"href":"https:\/\/lyonbondyblog.fr\/LBB\/wp-json\/wp\/v2\/posts\/2527","targetHints":{"allow":["GET"]}}],"collection":[{"href":"https:\/\/lyonbondyblog.fr\/LBB\/wp-json\/wp\/v2\/posts"}],"about":[{"href":"https:\/\/lyonbondyblog.fr\/LBB\/wp-json\/wp\/v2\/types\/post"}],"author":[{"embeddable":true,"href":"https:\/\/lyonbondyblog.fr\/LBB\/wp-json\/wp\/v2\/users\/1"}],"replies":[{"embeddable":true,"href":"https:\/\/lyonbondyblog.fr\/LBB\/wp-json\/wp\/v2\/comments?post=2527"}],"version-history":[{"count":0,"href":"https:\/\/lyonbondyblog.fr\/LBB\/wp-json\/wp\/v2\/posts\/2527\/revisions"}],"wp:featuredmedia":[{"embeddable":true,"href":"https:\/\/lyonbondyblog.fr\/LBB\/wp-json\/wp\/v2\/media\/2528"}],"wp:attachment":[{"href":"https:\/\/lyonbondyblog.fr\/LBB\/wp-json\/wp\/v2\/media?parent=2527"}],"wp:term":[{"taxonomy":"category","embeddable":true,"href":"https:\/\/lyonbondyblog.fr\/LBB\/wp-json\/wp\/v2\/categories?post=2527"},{"taxonomy":"post_tag","embeddable":true,"href":"https:\/\/lyonbondyblog.fr\/LBB\/wp-json\/wp\/v2\/tags?post=2527"}],"curies":[{"name":"wp","href":"https:\/\/api.w.org\/{rel}","templated":true}]}}