{"id":25000,"date":"2021-10-11T17:00:00","date_gmt":"2021-10-11T15:00:00","guid":{"rendered":"http:\/\/lyonbondyblog.fr\/LBB\/?p=25000"},"modified":"2021-10-11T14:48:50","modified_gmt":"2021-10-11T12:48:50","slug":"la-maestra-le-premier-concours-international-de-cheffe-dorchestre","status":"publish","type":"post","link":"https:\/\/lyonbondyblog.fr\/LBB\/la-maestra-le-premier-concours-international-de-cheffe-dorchestre\/","title":{"rendered":"La Maestra, le premier concours international de cheffe d\u2019orchestre"},"content":{"rendered":"\n<h2 class=\"wp-block-heading\">Le m\u00e9tier de chef d\u2019orchestre reste encore tr\u00e8s masculin. Aujourd\u2019hui, seulement 4,3 % des chefs d\u2019orchestre<strong> <\/strong>dans le monde sont des femmes. Une minorit\u00e9 encore tr\u00e8s marqu\u00e9e par des st\u00e9r\u00e9otypes archa\u00efques. La Maestra a \u00e9t\u00e9 cr\u00e9\u00e9e en 2020 pour rendre hommage \u00e0 toutes ces cheffes.<\/h2>\n\n\n\n<p>Grande nouveaut\u00e9 mondiale, un concours international de cheffe d\u2019orchestre\u00a0: La Maestra. Cette comp\u00e9tition fait son apparition en 2020. Elle aspire \u00e0 donner plus de visibilit\u00e9 aux cheffes d\u2019orchestre. <em>Arte<\/em> caract\u00e9rise ce concours comme <em>\u00ab un \u00e9v\u00e8nement qui m\u00eale f\u00e9minisme et musiques savantes \u00bb<\/em>. Le comit\u00e9 de s\u00e9lection paritaire a pr\u00e9sent\u00e9 le 24 septembre, les 14 finalistes pour la deuxi\u00e8me \u00e9dition de la Maestra. Parmi elles, deux cheffes d\u2019orchestre fran\u00e7aises, Clara Baget et M\u00e9lissa Brunet. 202 candidates de 48 nationalit\u00e9s diff\u00e9rentes s\u2019\u00e9taient pr\u00e9sent\u00e9es. Pour rappel, la premi\u00e8re \u00e9dition a fait r\u00e9v\u00e9ler Glass Marcano, jeune femme v\u00e9n\u00e9zu\u00e9lienne de 25 ans. Repr\u00e9sent\u00e9e comme celle qui va <em>\u00ab\u00a0dynamiter la musique classique\u00a0\u00bb<\/em>, Glass Marcano poss\u00e8de un style bien \u00e0 elle <em>\u00ab\u00a0vivant et dynamique\u00a0\u00bb<\/em>, selon France Musique. La cheffe d\u2019orchestre a depuis, dirig\u00e9 plusieurs fois le Paris Mozart Orchestra et assist\u00e9 plusieurs chefs d\u2019orchestres. Elle devient ainsi la premi\u00e8re cheffe d\u2019orchestre noire \u00e0 diriger un orchestre en Europe.<\/p>\n\n\n\n<div class=\"wp-block-image\"><figure class=\"aligncenter size-full is-resized\"><img loading=\"lazy\" decoding=\"async\" src=\"https:\/\/lyonbondyblog.fr\/LBB\/wp-content\/uploads\/2021\/10\/posdjfoi.jpg\" alt=\"\" class=\"wp-image-25003\" width=\"486\" height=\"324\" srcset=\"https:\/\/lyonbondyblog.fr\/LBB\/wp-content\/uploads\/2021\/10\/posdjfoi.jpg 768w, https:\/\/lyonbondyblog.fr\/LBB\/wp-content\/uploads\/2021\/10\/posdjfoi-700x465.jpg 700w, https:\/\/lyonbondyblog.fr\/LBB\/wp-content\/uploads\/2021\/10\/posdjfoi-272x182.jpg 272w\" sizes=\"auto, (max-width: 486px) 100vw, 486px\" \/><figcaption>Glass Marcano pendant le concours la Maestra en 2020. Elle s\u2019est vu attribuer le prix de l\u2019orchestre. Cr\u00e9dit\u00a0: La Maestra<\/figcaption><\/figure><\/div>\n\n\n\n<h2 class=\"wp-block-heading\">Trouver sa place et combattre le sexisme<\/h2>\n\n\n\n<p>La Maestra est co-dirig\u00e9e par Emmanuel Hondr\u00e9 et Claire Gibault. <em>\u00ab\u00a0Gr\u00e2ce \u00e0 cette initiative, nous abordions un sujet de soci\u00e9t\u00e9 qui \u00e9tait beaucoup plus large que la musique classique, c\u2019est-\u00e0-dire la place de la femme dans les situations de leadership \u00bb<\/em>, d\u2019apr\u00e8s Emmanuel Hondr\u00e9, directeur des concerts Philharmonie de Paris. Certaines mentalit\u00e9s peinent, en effet, \u00e0 \u00e9voluer sur le sujet. Claire Gibault, grande cheffe d\u2019orchestre fran\u00e7aise, a eu le droit \u00e0 ses remarques. Pour des raisons <em>\u00ab\u00a0biologiques\u00a0\u00bb<\/em>, les femmes ne peuvent pas \u00eatre cheffe d\u2019orchestre car <em>\u00ab\u00a0elles ont les bras tourn\u00e9s vers l\u2019avant, pour tenir les b\u00e9b\u00e9s dans leurs bras\u00a0\u00bb<\/em>. Ces propos proviennent aussi de personnes du m\u00e9tier. En 2013, Vasily Petrenko, le chef principal de l\u2019Orchestre philharmonique d\u2019Oslo,\u00a0<a href=\"http:\/\/jezebel.com\/philharmonic-bigwig-male-conductors-are-just-plain-bet-1242696663\" target=\"_blank\" rel=\"noreferrer noopener\">a provoqu\u00e9 l\u2019indignation<\/a>,\u00a0lorsqu\u2019il a d\u00e9clar\u00e9 que <em>\u00ab\u00a0les orchestres r\u00e9agissent mieux lorsqu\u2019ils ont un homme devant eux\u00a0\u00bb<\/em> parce que <em>\u00ab\u00a0une fille mignonne sur le podium signifie que les musiciens pensent \u00e0 d\u2019autres choses\u00a0\u00bb<\/em>.<\/p>\n\n\n\n<div class=\"wp-block-image\"><figure class=\"aligncenter size-full is-resized\"><img loading=\"lazy\" decoding=\"async\" src=\"https:\/\/lyonbondyblog.fr\/LBB\/wp-content\/uploads\/2021\/10\/km.jpg\" alt=\"\" class=\"wp-image-25005\" width=\"715\" height=\"476\" srcset=\"https:\/\/lyonbondyblog.fr\/LBB\/wp-content\/uploads\/2021\/10\/km.jpg 1024w, https:\/\/lyonbondyblog.fr\/LBB\/wp-content\/uploads\/2021\/10\/km-768x512.jpg 768w, https:\/\/lyonbondyblog.fr\/LBB\/wp-content\/uploads\/2021\/10\/km-700x465.jpg 700w, https:\/\/lyonbondyblog.fr\/LBB\/wp-content\/uploads\/2021\/10\/km-272x182.jpg 272w\" sizes=\"auto, (max-width: 715px) 100vw, 715px\" \/><figcaption>Claire Gibault, cheffe d\u2019orchestre, a cr\u00e9\u00e9 en 2011 le Paris Mozart Orchestra. Un projet artistique engag\u00e9, audacieux et solidaire. Cr\u00e9dit\u00a0: lamaestra-paris.com<\/figcaption><\/figure><\/div>\n\n\n\n<p>Pourquoi les femmes ne trouvent pas leur place dans ce milieu musical&nbsp;? <em>\u00ab&nbsp;Ce sont des hommes qui sont \u00e0 la t\u00eate des grandes institutions musicales, et donc ils engagent plus d\u2019hommes que de femmes. Parce que c\u2019est leur r\u00e9seau, parce que ce sont leurs habitudes&nbsp;\u00bb<\/em>, explique Claire Gibault, au journal <em><u>20minutes<\/u><\/em>. Une logique marketing qui accentue \u00e9galement cette in\u00e9galit\u00e9. Aujourd\u2019hui, les hommes sont plus connus dans ce r\u00f4le de chef d\u2019orchestre,<em> \u00ab&nbsp;les institutions pensent d\u2019abord aux profites et choisissent des hommes&nbsp;\u00bb<\/em>, continue Claire Gibault.<\/p>\n\n\n\n<p>Apr\u00e8s plus d\u2019un si\u00e8cle de domination masculine, les femmes donnent un coup de pied dans cette industrie. L\u2019orchestre de Paris a fait appel \u00e0 cinq cheffes d\u2019orchestre pour sa programmation 2019\/2020 \u00e0 la Philharmonie de Paris. Le 18 septembre, la cheffe d\u2018orchestre fran\u00e7aise, Chlo\u00e9 Dufresne, s\u2019est vu attribuer <em>\u00ab&nbsp;une mention sp\u00e9ciale&nbsp;\u00bb<\/em> au concours international de jeunes chefs d\u2019orchestre de Besan\u00e7on. La br\u00e9silienne Debora Waldam est \u00e0 la t\u00eate de l\u2019Orchestre r\u00e9gional Avignon-Provence pour la saison 2021\/2022. Une fonction significative, car elle devient la seule directrice musicale d\u2019un orchestre permanent en France. La deuxi\u00e8me \u00e9dition du Concours International de Cheffes d\u2019Orchestre La Maestra, qui se d\u00e9roulera \u00e0 Paris, aura lieu du 3 au 6 mars 2022.<\/p>\n\n\n\n<p>Carmen Buecher<\/p>\n<!-- AddThis Advanced Settings generic via filter on the_content --><!-- AddThis Share Buttons generic via filter on the_content -->","protected":false},"excerpt":{"rendered":"<p>Le m\u00e9tier de chef d\u2019orchestre reste encore tr\u00e8s masculin. Aujourd\u2019hui, seulement 4,3 % des chefs d\u2019orchestre dans le monde sont des femmes. Une minorit\u00e9 encore &hellip; <!-- AddThis Advanced Settings generic via filter on wp_trim_excerpt --><!-- AddThis Share Buttons generic via filter on wp_trim_excerpt --><\/p>\n","protected":false},"author":1,"featured_media":25003,"comment_status":"open","ping_status":"open","sticky":true,"template":"","format":"standard","meta":{"_FSMCFIC_featured_image_caption":"","_FSMCFIC_featured_image_nocaption":"","_FSMCFIC_featured_image_hide":"","footnotes":""},"categories":[3,18131,6440],"tags":[],"class_list":["post-25000","post","type-post","status-publish","format-standard","has-post-thumbnail","hentry","category-culture","category-evenement","category-musique"],"yoast_head":"<!-- This site is optimized with the Yoast SEO plugin v22.8 - https:\/\/yoast.com\/wordpress\/plugins\/seo\/ -->\n<title>La Maestra, le premier concours international de cheffe d\u2019orchestre<\/title>\n<meta name=\"description\" content=\"La Maestra a \u00e9t\u00e9 cr\u00e9\u00e9e en 2020 pour rendre hommage \u00e0 toutes les cheffes d&#039;orchestre, qui restent minoritaires dans l&#039;univers musical.\" \/>\n<meta name=\"robots\" content=\"index, follow, max-snippet:-1, max-image-preview:large, max-video-preview:-1\" \/>\n<link rel=\"canonical\" href=\"https:\/\/lyonbondyblog.fr\/LBB\/la-maestra-le-premier-concours-international-de-cheffe-dorchestre\/\" \/>\n<meta property=\"og:locale\" content=\"fr_FR\" \/>\n<meta property=\"og:type\" content=\"article\" \/>\n<meta property=\"og:title\" content=\"La Maestra, le premier concours international de cheffe d\u2019orchestre\" \/>\n<meta property=\"og:description\" content=\"La Maestra a \u00e9t\u00e9 cr\u00e9\u00e9e en 2020 pour rendre hommage \u00e0 toutes les cheffes d&#039;orchestre, qui restent minoritaires dans l&#039;univers musical.\" \/>\n<meta property=\"og:url\" content=\"https:\/\/lyonbondyblog.fr\/LBB\/la-maestra-le-premier-concours-international-de-cheffe-dorchestre\/\" \/>\n<meta property=\"og:site_name\" content=\"Lyon Bondy Blog\" \/>\n<meta property=\"article:publisher\" content=\"https:\/\/www.facebook.com\/lyonbondyblog\" \/>\n<meta property=\"article:author\" content=\"https:\/\/www.facebook.com\/lyonbondyblog\" \/>\n<meta property=\"article:published_time\" content=\"2021-10-11T15:00:00+00:00\" \/>\n<meta property=\"article:modified_time\" content=\"2021-10-11T12:48:50+00:00\" \/>\n<meta property=\"og:image\" content=\"https:\/\/lyonbondyblog.fr\/LBB\/wp-content\/uploads\/2021\/10\/posdjfoi.jpg\" \/>\n\t<meta property=\"og:image:width\" content=\"768\" \/>\n\t<meta property=\"og:image:height\" content=\"512\" \/>\n\t<meta property=\"og:image:type\" content=\"image\/jpeg\" \/>\n<meta name=\"author\" content=\"La r\u00e9daction\" \/>\n<meta name=\"twitter:card\" content=\"summary_large_image\" \/>\n<meta name=\"twitter:creator\" content=\"@BondyBlogLyon\" \/>\n<meta name=\"twitter:site\" content=\"@bondybloglyon\" \/>\n<script type=\"application\/ld+json\" class=\"yoast-schema-graph\">{\"@context\":\"https:\/\/schema.org\",\"@graph\":[{\"@type\":\"Article\",\"@id\":\"https:\/\/lyonbondyblog.fr\/LBB\/la-maestra-le-premier-concours-international-de-cheffe-dorchestre\/#article\",\"isPartOf\":{\"@id\":\"https:\/\/lyonbondyblog.fr\/LBB\/la-maestra-le-premier-concours-international-de-cheffe-dorchestre\/\"},\"author\":{\"name\":\"La r\u00e9daction\",\"@id\":\"https:\/\/lyonbondyblog.fr\/LBB\/#\/schema\/person\/e45f8d27baac75072daa0be50c409b25\"},\"headline\":\"La Maestra, le premier concours international de cheffe d\u2019orchestre\",\"datePublished\":\"2021-10-11T15:00:00+00:00\",\"dateModified\":\"2021-10-11T12:48:50+00:00\",\"mainEntityOfPage\":{\"@id\":\"https:\/\/lyonbondyblog.fr\/LBB\/la-maestra-le-premier-concours-international-de-cheffe-dorchestre\/\"},\"wordCount\":681,\"commentCount\":0,\"publisher\":{\"@id\":\"https:\/\/lyonbondyblog.fr\/LBB\/#organization\"},\"image\":{\"@id\":\"https:\/\/lyonbondyblog.fr\/LBB\/la-maestra-le-premier-concours-international-de-cheffe-dorchestre\/#primaryimage\"},\"thumbnailUrl\":\"https:\/\/lyonbondyblog.fr\/LBB\/wp-content\/uploads\/2021\/10\/posdjfoi.jpg\",\"articleSection\":[\"Culture\",\"Ev\u00e9nement\",\"Musique\"],\"inLanguage\":\"fr-FR\",\"potentialAction\":[{\"@type\":\"CommentAction\",\"name\":\"Comment\",\"target\":[\"https:\/\/lyonbondyblog.fr\/LBB\/la-maestra-le-premier-concours-international-de-cheffe-dorchestre\/#respond\"]}]},{\"@type\":\"WebPage\",\"@id\":\"https:\/\/lyonbondyblog.fr\/LBB\/la-maestra-le-premier-concours-international-de-cheffe-dorchestre\/\",\"url\":\"https:\/\/lyonbondyblog.fr\/LBB\/la-maestra-le-premier-concours-international-de-cheffe-dorchestre\/\",\"name\":\"La Maestra, le premier concours international de cheffe d\u2019orchestre\",\"isPartOf\":{\"@id\":\"https:\/\/lyonbondyblog.fr\/LBB\/#website\"},\"primaryImageOfPage\":{\"@id\":\"https:\/\/lyonbondyblog.fr\/LBB\/la-maestra-le-premier-concours-international-de-cheffe-dorchestre\/#primaryimage\"},\"image\":{\"@id\":\"https:\/\/lyonbondyblog.fr\/LBB\/la-maestra-le-premier-concours-international-de-cheffe-dorchestre\/#primaryimage\"},\"thumbnailUrl\":\"https:\/\/lyonbondyblog.fr\/LBB\/wp-content\/uploads\/2021\/10\/posdjfoi.jpg\",\"datePublished\":\"2021-10-11T15:00:00+00:00\",\"dateModified\":\"2021-10-11T12:48:50+00:00\",\"description\":\"La Maestra a \u00e9t\u00e9 cr\u00e9\u00e9e en 2020 pour rendre hommage \u00e0 toutes les cheffes d'orchestre, qui restent minoritaires dans l'univers musical.\",\"inLanguage\":\"fr-FR\",\"potentialAction\":[{\"@type\":\"ReadAction\",\"target\":[\"https:\/\/lyonbondyblog.fr\/LBB\/la-maestra-le-premier-concours-international-de-cheffe-dorchestre\/\"]}]},{\"@type\":\"ImageObject\",\"inLanguage\":\"fr-FR\",\"@id\":\"https:\/\/lyonbondyblog.fr\/LBB\/la-maestra-le-premier-concours-international-de-cheffe-dorchestre\/#primaryimage\",\"url\":\"https:\/\/lyonbondyblog.fr\/LBB\/wp-content\/uploads\/2021\/10\/posdjfoi.jpg\",\"contentUrl\":\"https:\/\/lyonbondyblog.fr\/LBB\/wp-content\/uploads\/2021\/10\/posdjfoi.jpg\",\"width\":768,\"height\":512},{\"@type\":\"WebSite\",\"@id\":\"https:\/\/lyonbondyblog.fr\/LBB\/#website\",\"url\":\"https:\/\/lyonbondyblog.fr\/LBB\/\",\"name\":\"Lyon Bondy Blog\",\"description\":\"\",\"publisher\":{\"@id\":\"https:\/\/lyonbondyblog.fr\/LBB\/#organization\"},\"potentialAction\":[{\"@type\":\"SearchAction\",\"target\":{\"@type\":\"EntryPoint\",\"urlTemplate\":\"https:\/\/lyonbondyblog.fr\/LBB\/?s={search_term_string}\"},\"query-input\":\"required name=search_term_string\"}],\"inLanguage\":\"fr-FR\"},{\"@type\":\"Organization\",\"@id\":\"https:\/\/lyonbondyblog.fr\/LBB\/#organization\",\"name\":\"LYON BONDY BLOG\",\"url\":\"https:\/\/lyonbondyblog.fr\/LBB\/\",\"logo\":{\"@type\":\"ImageObject\",\"inLanguage\":\"fr-FR\",\"@id\":\"https:\/\/lyonbondyblog.fr\/LBB\/#\/schema\/logo\/image\/\",\"url\":\"http:\/\/lyonbondyblog.fr\/LBB\/wp-content\/uploads\/2014\/10\/logo-portable-144.png\",\"contentUrl\":\"http:\/\/lyonbondyblog.fr\/LBB\/wp-content\/uploads\/2014\/10\/logo-portable-144.png\",\"width\":144,\"height\":123,\"caption\":\"LYON BONDY BLOG\"},\"image\":{\"@id\":\"https:\/\/lyonbondyblog.fr\/LBB\/#\/schema\/logo\/image\/\"},\"sameAs\":[\"https:\/\/www.facebook.com\/lyonbondyblog\",\"https:\/\/x.com\/bondybloglyon\"]},{\"@type\":\"Person\",\"@id\":\"https:\/\/lyonbondyblog.fr\/LBB\/#\/schema\/person\/e45f8d27baac75072daa0be50c409b25\",\"name\":\"La r\u00e9daction\",\"description\":\"Cr\u00e9e en 2008, la r\u00e9daction du Lyon Bondy Blog s'applique \u00e0 proposer une information locale diff\u00e9rente et compl\u00e9mentaire des m\u00e9dias traditionnels.\",\"sameAs\":[\"https:\/\/www.facebook.com\/lyonbondyblog\",\"https:\/\/x.com\/BondyBlogLyon\"],\"url\":\"https:\/\/lyonbondyblog.fr\/LBB\/author\/admin\/\"}]}<\/script>\n<!-- \/ Yoast SEO plugin. -->","yoast_head_json":{"title":"La Maestra, le premier concours international de cheffe d\u2019orchestre","description":"La Maestra a \u00e9t\u00e9 cr\u00e9\u00e9e en 2020 pour rendre hommage \u00e0 toutes les cheffes d'orchestre, qui restent minoritaires dans l'univers musical.","robots":{"index":"index","follow":"follow","max-snippet":"max-snippet:-1","max-image-preview":"max-image-preview:large","max-video-preview":"max-video-preview:-1"},"canonical":"https:\/\/lyonbondyblog.fr\/LBB\/la-maestra-le-premier-concours-international-de-cheffe-dorchestre\/","og_locale":"fr_FR","og_type":"article","og_title":"La Maestra, le premier concours international de cheffe d\u2019orchestre","og_description":"La Maestra a \u00e9t\u00e9 cr\u00e9\u00e9e en 2020 pour rendre hommage \u00e0 toutes les cheffes d'orchestre, qui restent minoritaires dans l'univers musical.","og_url":"https:\/\/lyonbondyblog.fr\/LBB\/la-maestra-le-premier-concours-international-de-cheffe-dorchestre\/","og_site_name":"Lyon Bondy Blog","article_publisher":"https:\/\/www.facebook.com\/lyonbondyblog","article_author":"https:\/\/www.facebook.com\/lyonbondyblog","article_published_time":"2021-10-11T15:00:00+00:00","article_modified_time":"2021-10-11T12:48:50+00:00","og_image":[{"width":768,"height":512,"url":"https:\/\/lyonbondyblog.fr\/LBB\/wp-content\/uploads\/2021\/10\/posdjfoi.jpg","type":"image\/jpeg"}],"author":"La r\u00e9daction","twitter_card":"summary_large_image","twitter_creator":"@BondyBlogLyon","twitter_site":"@bondybloglyon","schema":{"@context":"https:\/\/schema.org","@graph":[{"@type":"Article","@id":"https:\/\/lyonbondyblog.fr\/LBB\/la-maestra-le-premier-concours-international-de-cheffe-dorchestre\/#article","isPartOf":{"@id":"https:\/\/lyonbondyblog.fr\/LBB\/la-maestra-le-premier-concours-international-de-cheffe-dorchestre\/"},"author":{"name":"La r\u00e9daction","@id":"https:\/\/lyonbondyblog.fr\/LBB\/#\/schema\/person\/e45f8d27baac75072daa0be50c409b25"},"headline":"La Maestra, le premier concours international de cheffe d\u2019orchestre","datePublished":"2021-10-11T15:00:00+00:00","dateModified":"2021-10-11T12:48:50+00:00","mainEntityOfPage":{"@id":"https:\/\/lyonbondyblog.fr\/LBB\/la-maestra-le-premier-concours-international-de-cheffe-dorchestre\/"},"wordCount":681,"commentCount":0,"publisher":{"@id":"https:\/\/lyonbondyblog.fr\/LBB\/#organization"},"image":{"@id":"https:\/\/lyonbondyblog.fr\/LBB\/la-maestra-le-premier-concours-international-de-cheffe-dorchestre\/#primaryimage"},"thumbnailUrl":"https:\/\/lyonbondyblog.fr\/LBB\/wp-content\/uploads\/2021\/10\/posdjfoi.jpg","articleSection":["Culture","Ev\u00e9nement","Musique"],"inLanguage":"fr-FR","potentialAction":[{"@type":"CommentAction","name":"Comment","target":["https:\/\/lyonbondyblog.fr\/LBB\/la-maestra-le-premier-concours-international-de-cheffe-dorchestre\/#respond"]}]},{"@type":"WebPage","@id":"https:\/\/lyonbondyblog.fr\/LBB\/la-maestra-le-premier-concours-international-de-cheffe-dorchestre\/","url":"https:\/\/lyonbondyblog.fr\/LBB\/la-maestra-le-premier-concours-international-de-cheffe-dorchestre\/","name":"La Maestra, le premier concours international de cheffe d\u2019orchestre","isPartOf":{"@id":"https:\/\/lyonbondyblog.fr\/LBB\/#website"},"primaryImageOfPage":{"@id":"https:\/\/lyonbondyblog.fr\/LBB\/la-maestra-le-premier-concours-international-de-cheffe-dorchestre\/#primaryimage"},"image":{"@id":"https:\/\/lyonbondyblog.fr\/LBB\/la-maestra-le-premier-concours-international-de-cheffe-dorchestre\/#primaryimage"},"thumbnailUrl":"https:\/\/lyonbondyblog.fr\/LBB\/wp-content\/uploads\/2021\/10\/posdjfoi.jpg","datePublished":"2021-10-11T15:00:00+00:00","dateModified":"2021-10-11T12:48:50+00:00","description":"La Maestra a \u00e9t\u00e9 cr\u00e9\u00e9e en 2020 pour rendre hommage \u00e0 toutes les cheffes d'orchestre, qui restent minoritaires dans l'univers musical.","inLanguage":"fr-FR","potentialAction":[{"@type":"ReadAction","target":["https:\/\/lyonbondyblog.fr\/LBB\/la-maestra-le-premier-concours-international-de-cheffe-dorchestre\/"]}]},{"@type":"ImageObject","inLanguage":"fr-FR","@id":"https:\/\/lyonbondyblog.fr\/LBB\/la-maestra-le-premier-concours-international-de-cheffe-dorchestre\/#primaryimage","url":"https:\/\/lyonbondyblog.fr\/LBB\/wp-content\/uploads\/2021\/10\/posdjfoi.jpg","contentUrl":"https:\/\/lyonbondyblog.fr\/LBB\/wp-content\/uploads\/2021\/10\/posdjfoi.jpg","width":768,"height":512},{"@type":"WebSite","@id":"https:\/\/lyonbondyblog.fr\/LBB\/#website","url":"https:\/\/lyonbondyblog.fr\/LBB\/","name":"Lyon Bondy Blog","description":"","publisher":{"@id":"https:\/\/lyonbondyblog.fr\/LBB\/#organization"},"potentialAction":[{"@type":"SearchAction","target":{"@type":"EntryPoint","urlTemplate":"https:\/\/lyonbondyblog.fr\/LBB\/?s={search_term_string}"},"query-input":"required name=search_term_string"}],"inLanguage":"fr-FR"},{"@type":"Organization","@id":"https:\/\/lyonbondyblog.fr\/LBB\/#organization","name":"LYON BONDY BLOG","url":"https:\/\/lyonbondyblog.fr\/LBB\/","logo":{"@type":"ImageObject","inLanguage":"fr-FR","@id":"https:\/\/lyonbondyblog.fr\/LBB\/#\/schema\/logo\/image\/","url":"http:\/\/lyonbondyblog.fr\/LBB\/wp-content\/uploads\/2014\/10\/logo-portable-144.png","contentUrl":"http:\/\/lyonbondyblog.fr\/LBB\/wp-content\/uploads\/2014\/10\/logo-portable-144.png","width":144,"height":123,"caption":"LYON BONDY BLOG"},"image":{"@id":"https:\/\/lyonbondyblog.fr\/LBB\/#\/schema\/logo\/image\/"},"sameAs":["https:\/\/www.facebook.com\/lyonbondyblog","https:\/\/x.com\/bondybloglyon"]},{"@type":"Person","@id":"https:\/\/lyonbondyblog.fr\/LBB\/#\/schema\/person\/e45f8d27baac75072daa0be50c409b25","name":"La r\u00e9daction","description":"Cr\u00e9e en 2008, la r\u00e9daction du Lyon Bondy Blog s'applique \u00e0 proposer une information locale diff\u00e9rente et compl\u00e9mentaire des m\u00e9dias traditionnels.","sameAs":["https:\/\/www.facebook.com\/lyonbondyblog","https:\/\/x.com\/BondyBlogLyon"],"url":"https:\/\/lyonbondyblog.fr\/LBB\/author\/admin\/"}]}},"_links":{"self":[{"href":"https:\/\/lyonbondyblog.fr\/LBB\/wp-json\/wp\/v2\/posts\/25000","targetHints":{"allow":["GET"]}}],"collection":[{"href":"https:\/\/lyonbondyblog.fr\/LBB\/wp-json\/wp\/v2\/posts"}],"about":[{"href":"https:\/\/lyonbondyblog.fr\/LBB\/wp-json\/wp\/v2\/types\/post"}],"author":[{"embeddable":true,"href":"https:\/\/lyonbondyblog.fr\/LBB\/wp-json\/wp\/v2\/users\/1"}],"replies":[{"embeddable":true,"href":"https:\/\/lyonbondyblog.fr\/LBB\/wp-json\/wp\/v2\/comments?post=25000"}],"version-history":[{"count":13,"href":"https:\/\/lyonbondyblog.fr\/LBB\/wp-json\/wp\/v2\/posts\/25000\/revisions"}],"predecessor-version":[{"id":25042,"href":"https:\/\/lyonbondyblog.fr\/LBB\/wp-json\/wp\/v2\/posts\/25000\/revisions\/25042"}],"wp:featuredmedia":[{"embeddable":true,"href":"https:\/\/lyonbondyblog.fr\/LBB\/wp-json\/wp\/v2\/media\/25003"}],"wp:attachment":[{"href":"https:\/\/lyonbondyblog.fr\/LBB\/wp-json\/wp\/v2\/media?parent=25000"}],"wp:term":[{"taxonomy":"category","embeddable":true,"href":"https:\/\/lyonbondyblog.fr\/LBB\/wp-json\/wp\/v2\/categories?post=25000"},{"taxonomy":"post_tag","embeddable":true,"href":"https:\/\/lyonbondyblog.fr\/LBB\/wp-json\/wp\/v2\/tags?post=25000"}],"curies":[{"name":"wp","href":"https:\/\/api.w.org\/{rel}","templated":true}]}}