{"id":2500,"date":"2010-09-06T14:42:50","date_gmt":"2010-09-06T12:42:50","guid":{"rendered":"http:\/\/lyonbondyblog.fr\/LBB\/?p=2500"},"modified":"2013-07-31T14:44:25","modified_gmt":"2013-07-31T12:44:25","slug":"cest-un-apero-avant-la-vraie-manifestation-contre-la-politique-du-chaos-de-nicolas-sarkozy","status":"publish","type":"post","link":"https:\/\/lyonbondyblog.fr\/LBB\/cest-un-apero-avant-la-vraie-manifestation-contre-la-politique-du-chaos-de-nicolas-sarkozy\/","title":{"rendered":"\u00ab\u00a0C&rsquo;est un ap\u00e9ro avant la vraie manifestation contre la politique du chaos de Nicolas Sarkozy \u00ab\u00a0"},"content":{"rendered":"<p><strong>J-1 avant les manifestations de rentr\u00e9e contre la r\u00e9forme des retraites. Au hasard des rues, Alesson est tomb\u00e9 sur des pr\u00e9-manifestants.<\/strong><\/p>\n<div><a title=\" -- Cliquez pour voir l'image en entier\" href=\"http:\/\/yahoo.lyon.bondyblog.fr\/images\/manifestation.jpg\" target=\"_blank\"> <img decoding=\"async\" class=\"alignleft\" alt=\" -- Cliquez pour voir l'image en entier\" src=\"http:\/\/yahoo.lyon.bondyblog.fr\/images\/manifestation_t.jpg\" border=\"0\" \/> <\/a><\/div>\n<div><\/div>\n<p>Rien de plus banal qu&rsquo;une gr\u00e8ve ou une manifestation en France. Le plus int\u00e9ressant dans celle que je viens de voir en rentrant chez moi au centre ville de Lyon, \u00e9taient les personnages qui composaient le cort\u00e8ge. Des clowns, une fanfare, tous contre la \u00ab\u00a0commercialisation indigne de notre \u00e9ducation par le gouvernement de Sarkozy\u00a0\u00bb m&rsquo;explique l&rsquo;une des manifestantes.<\/p>\n<div><\/div>\n<p><a title=\"Zoom\" href=\"http:\/\/yahoo.lyon.bondyblog.fr\/images\/manif2010_t_800.jpg\"><img loading=\"lazy\" decoding=\"async\" alt=\"\" src=\"http:\/\/yahoo.lyon.bondyblog.fr\/images\/manif2010_t_800_t.jpg\" width=\"193\" height=\"145\" align=\"right\" border=\"0\" \/><\/a>La SNES (Syndicat national des enseignants du seconde d\u00e9gr\u00e9), l&rsquo;UNL(Union National des Lyc\u00e9ens), l&rsquo;UNEF (Union Nationale des \u00e9tudiants de France), le Parti Communiste&#8230; tous \u00e9taient pr\u00e9sents dans cette marche introductoire \u00e0 la vraie manifestation qui aura lieu demain, mardi 7 septembre. Ils \u00e9taient environ 500 personnes \u00e0 d\u00e9filer sans heurts entre Bellecour et la Guilloti\u00e8re en direction du rectorat de Lyon o\u00f9 6 CRS les attendaient.<\/p>\n<p>\u00ab\u00a0<i>C&rsquo;est un ap\u00e9ro avant la vraie manifestation contre la politique du chaos de Nicolas Sarkozy et de ses soldats racistes<\/i>\u00ab\u00a0, me dit un professeur.<\/p>\n<p>Je les quitte aussi vite que je les ai rencontr\u00e9s avec la sensation que demain nous assisterons \u00e0 une manifestation diff\u00e9rente de celles que l&rsquo;on a pu conna\u00eetre jusqu&rsquo;\u00e0 aujourd&rsquo;hui.<\/p>\n<p style=\"text-align: right;\"><span style=\"text-decoration: underline;\">Alesson Souza<\/span><\/p>\n<!-- AddThis Advanced Settings generic via filter on the_content --><!-- AddThis Share Buttons generic via filter on the_content -->","protected":false},"excerpt":{"rendered":"<p>J-1 avant les manifestations de rentr\u00e9e contre la r\u00e9forme des retraites. Au hasard des rues, Alesson est tomb\u00e9 sur des pr\u00e9-manifestants. Rien de plus banal &hellip; <!-- AddThis Advanced Settings generic via filter on wp_trim_excerpt --><!-- AddThis Share Buttons generic via filter on wp_trim_excerpt --><\/p>\n","protected":false},"author":1,"featured_media":2501,"comment_status":"open","ping_status":"open","sticky":false,"template":"","format":"standard","meta":{"_FSMCFIC_featured_image_caption":"","_FSMCFIC_featured_image_nocaption":"","_FSMCFIC_featured_image_hide":"","footnotes":""},"categories":[4],"tags":[10,112,668],"class_list":["post-2500","post","type-post","status-publish","format-standard","has-post-thumbnail","hentry","category-lyon","tag-lyon-2","tag-lyon-bondy-blog","tag-manifestations"],"yoast_head":"<!-- This site is optimized with the Yoast SEO plugin v22.8 - https:\/\/yoast.com\/wordpress\/plugins\/seo\/ -->\n<title>&quot;C&#039;est un ap\u00e9ro avant la vraie manifestation contre la politique du chaos de Nicolas Sarkozy &quot; - Lyon Bondy Blog<\/title>\n<meta name=\"robots\" content=\"index, follow, max-snippet:-1, max-image-preview:large, max-video-preview:-1\" \/>\n<link rel=\"canonical\" href=\"https:\/\/lyonbondyblog.fr\/LBB\/cest-un-apero-avant-la-vraie-manifestation-contre-la-politique-du-chaos-de-nicolas-sarkozy\/\" \/>\n<meta property=\"og:locale\" content=\"fr_FR\" \/>\n<meta property=\"og:type\" content=\"article\" \/>\n<meta property=\"og:title\" content=\"&quot;C&#039;est un ap\u00e9ro avant la vraie manifestation contre la politique du chaos de Nicolas Sarkozy &quot; - Lyon Bondy Blog\" \/>\n<meta property=\"og:description\" content=\"J-1 avant les manifestations de rentr\u00e9e contre la r\u00e9forme des retraites. Au hasard des rues, Alesson est tomb\u00e9 sur des pr\u00e9-manifestants. Rien de plus banal &hellip;\" \/>\n<meta property=\"og:url\" content=\"https:\/\/lyonbondyblog.fr\/LBB\/cest-un-apero-avant-la-vraie-manifestation-contre-la-politique-du-chaos-de-nicolas-sarkozy\/\" \/>\n<meta property=\"og:site_name\" content=\"Lyon Bondy Blog\" \/>\n<meta property=\"article:publisher\" content=\"https:\/\/www.facebook.com\/lyonbondyblog\" \/>\n<meta property=\"article:author\" content=\"https:\/\/www.facebook.com\/lyonbondyblog\" \/>\n<meta property=\"article:published_time\" content=\"2010-09-06T12:42:50+00:00\" \/>\n<meta property=\"article:modified_time\" content=\"2013-07-31T12:44:25+00:00\" \/>\n<meta property=\"og:image\" content=\"https:\/\/lyonbondyblog.fr\/LBB\/wp-content\/uploads\/2013\/07\/manifestation_t.jpg\" \/>\n\t<meta property=\"og:image:width\" content=\"193\" \/>\n\t<meta property=\"og:image:height\" content=\"145\" \/>\n\t<meta property=\"og:image:type\" content=\"image\/jpeg\" \/>\n<meta name=\"author\" content=\"La r\u00e9daction\" \/>\n<meta name=\"twitter:card\" content=\"summary_large_image\" \/>\n<meta name=\"twitter:creator\" content=\"@BondyBlogLyon\" \/>\n<meta name=\"twitter:site\" content=\"@bondybloglyon\" \/>\n<script type=\"application\/ld+json\" class=\"yoast-schema-graph\">{\"@context\":\"https:\/\/schema.org\",\"@graph\":[{\"@type\":\"Article\",\"@id\":\"https:\/\/lyonbondyblog.fr\/LBB\/cest-un-apero-avant-la-vraie-manifestation-contre-la-politique-du-chaos-de-nicolas-sarkozy\/#article\",\"isPartOf\":{\"@id\":\"https:\/\/lyonbondyblog.fr\/LBB\/cest-un-apero-avant-la-vraie-manifestation-contre-la-politique-du-chaos-de-nicolas-sarkozy\/\"},\"author\":{\"name\":\"La r\u00e9daction\",\"@id\":\"https:\/\/lyonbondyblog.fr\/LBB\/#\/schema\/person\/e45f8d27baac75072daa0be50c409b25\"},\"headline\":\"\u00ab\u00a0C&rsquo;est un ap\u00e9ro avant la vraie manifestation contre la politique du chaos de Nicolas Sarkozy \u00ab\u00a0\",\"datePublished\":\"2010-09-06T12:42:50+00:00\",\"dateModified\":\"2013-07-31T12:44:25+00:00\",\"mainEntityOfPage\":{\"@id\":\"https:\/\/lyonbondyblog.fr\/LBB\/cest-un-apero-avant-la-vraie-manifestation-contre-la-politique-du-chaos-de-nicolas-sarkozy\/\"},\"wordCount\":227,\"commentCount\":0,\"publisher\":{\"@id\":\"https:\/\/lyonbondyblog.fr\/LBB\/#organization\"},\"image\":{\"@id\":\"https:\/\/lyonbondyblog.fr\/LBB\/cest-un-apero-avant-la-vraie-manifestation-contre-la-politique-du-chaos-de-nicolas-sarkozy\/#primaryimage\"},\"thumbnailUrl\":\"https:\/\/lyonbondyblog.fr\/LBB\/wp-content\/uploads\/2013\/07\/manifestation_t.jpg\",\"keywords\":[\"lyon\",\"Lyon Bondy Blog\",\"manifestations\"],\"articleSection\":[\"Lyon\"],\"inLanguage\":\"fr-FR\",\"potentialAction\":[{\"@type\":\"CommentAction\",\"name\":\"Comment\",\"target\":[\"https:\/\/lyonbondyblog.fr\/LBB\/cest-un-apero-avant-la-vraie-manifestation-contre-la-politique-du-chaos-de-nicolas-sarkozy\/#respond\"]}]},{\"@type\":\"WebPage\",\"@id\":\"https:\/\/lyonbondyblog.fr\/LBB\/cest-un-apero-avant-la-vraie-manifestation-contre-la-politique-du-chaos-de-nicolas-sarkozy\/\",\"url\":\"https:\/\/lyonbondyblog.fr\/LBB\/cest-un-apero-avant-la-vraie-manifestation-contre-la-politique-du-chaos-de-nicolas-sarkozy\/\",\"name\":\"\\\"C'est un ap\u00e9ro avant la vraie manifestation contre la politique du chaos de Nicolas Sarkozy \\\" - Lyon Bondy Blog\",\"isPartOf\":{\"@id\":\"https:\/\/lyonbondyblog.fr\/LBB\/#website\"},\"primaryImageOfPage\":{\"@id\":\"https:\/\/lyonbondyblog.fr\/LBB\/cest-un-apero-avant-la-vraie-manifestation-contre-la-politique-du-chaos-de-nicolas-sarkozy\/#primaryimage\"},\"image\":{\"@id\":\"https:\/\/lyonbondyblog.fr\/LBB\/cest-un-apero-avant-la-vraie-manifestation-contre-la-politique-du-chaos-de-nicolas-sarkozy\/#primaryimage\"},\"thumbnailUrl\":\"https:\/\/lyonbondyblog.fr\/LBB\/wp-content\/uploads\/2013\/07\/manifestation_t.jpg\",\"datePublished\":\"2010-09-06T12:42:50+00:00\",\"dateModified\":\"2013-07-31T12:44:25+00:00\",\"inLanguage\":\"fr-FR\",\"potentialAction\":[{\"@type\":\"ReadAction\",\"target\":[\"https:\/\/lyonbondyblog.fr\/LBB\/cest-un-apero-avant-la-vraie-manifestation-contre-la-politique-du-chaos-de-nicolas-sarkozy\/\"]}]},{\"@type\":\"ImageObject\",\"inLanguage\":\"fr-FR\",\"@id\":\"https:\/\/lyonbondyblog.fr\/LBB\/cest-un-apero-avant-la-vraie-manifestation-contre-la-politique-du-chaos-de-nicolas-sarkozy\/#primaryimage\",\"url\":\"https:\/\/lyonbondyblog.fr\/LBB\/wp-content\/uploads\/2013\/07\/manifestation_t.jpg\",\"contentUrl\":\"https:\/\/lyonbondyblog.fr\/LBB\/wp-content\/uploads\/2013\/07\/manifestation_t.jpg\",\"width\":193,\"height\":145},{\"@type\":\"WebSite\",\"@id\":\"https:\/\/lyonbondyblog.fr\/LBB\/#website\",\"url\":\"https:\/\/lyonbondyblog.fr\/LBB\/\",\"name\":\"Lyon Bondy Blog\",\"description\":\"\",\"publisher\":{\"@id\":\"https:\/\/lyonbondyblog.fr\/LBB\/#organization\"},\"potentialAction\":[{\"@type\":\"SearchAction\",\"target\":{\"@type\":\"EntryPoint\",\"urlTemplate\":\"https:\/\/lyonbondyblog.fr\/LBB\/?s={search_term_string}\"},\"query-input\":\"required name=search_term_string\"}],\"inLanguage\":\"fr-FR\"},{\"@type\":\"Organization\",\"@id\":\"https:\/\/lyonbondyblog.fr\/LBB\/#organization\",\"name\":\"LYON BONDY BLOG\",\"url\":\"https:\/\/lyonbondyblog.fr\/LBB\/\",\"logo\":{\"@type\":\"ImageObject\",\"inLanguage\":\"fr-FR\",\"@id\":\"https:\/\/lyonbondyblog.fr\/LBB\/#\/schema\/logo\/image\/\",\"url\":\"http:\/\/lyonbondyblog.fr\/LBB\/wp-content\/uploads\/2014\/10\/logo-portable-144.png\",\"contentUrl\":\"http:\/\/lyonbondyblog.fr\/LBB\/wp-content\/uploads\/2014\/10\/logo-portable-144.png\",\"width\":144,\"height\":123,\"caption\":\"LYON BONDY BLOG\"},\"image\":{\"@id\":\"https:\/\/lyonbondyblog.fr\/LBB\/#\/schema\/logo\/image\/\"},\"sameAs\":[\"https:\/\/www.facebook.com\/lyonbondyblog\",\"https:\/\/x.com\/bondybloglyon\"]},{\"@type\":\"Person\",\"@id\":\"https:\/\/lyonbondyblog.fr\/LBB\/#\/schema\/person\/e45f8d27baac75072daa0be50c409b25\",\"name\":\"La r\u00e9daction\",\"description\":\"Cr\u00e9e en 2008, la r\u00e9daction du Lyon Bondy Blog s'applique \u00e0 proposer une information locale diff\u00e9rente et compl\u00e9mentaire des m\u00e9dias traditionnels.\",\"sameAs\":[\"https:\/\/www.facebook.com\/lyonbondyblog\",\"https:\/\/x.com\/BondyBlogLyon\"],\"url\":\"https:\/\/lyonbondyblog.fr\/LBB\/author\/admin\/\"}]}<\/script>\n<!-- \/ Yoast SEO plugin. -->","yoast_head_json":{"title":"\"C'est un ap\u00e9ro avant la vraie manifestation contre la politique du chaos de Nicolas Sarkozy \" - Lyon Bondy Blog","robots":{"index":"index","follow":"follow","max-snippet":"max-snippet:-1","max-image-preview":"max-image-preview:large","max-video-preview":"max-video-preview:-1"},"canonical":"https:\/\/lyonbondyblog.fr\/LBB\/cest-un-apero-avant-la-vraie-manifestation-contre-la-politique-du-chaos-de-nicolas-sarkozy\/","og_locale":"fr_FR","og_type":"article","og_title":"\"C'est un ap\u00e9ro avant la vraie manifestation contre la politique du chaos de Nicolas Sarkozy \" - Lyon Bondy Blog","og_description":"J-1 avant les manifestations de rentr\u00e9e contre la r\u00e9forme des retraites. Au hasard des rues, Alesson est tomb\u00e9 sur des pr\u00e9-manifestants. Rien de plus banal &hellip;","og_url":"https:\/\/lyonbondyblog.fr\/LBB\/cest-un-apero-avant-la-vraie-manifestation-contre-la-politique-du-chaos-de-nicolas-sarkozy\/","og_site_name":"Lyon Bondy Blog","article_publisher":"https:\/\/www.facebook.com\/lyonbondyblog","article_author":"https:\/\/www.facebook.com\/lyonbondyblog","article_published_time":"2010-09-06T12:42:50+00:00","article_modified_time":"2013-07-31T12:44:25+00:00","og_image":[{"width":193,"height":145,"url":"https:\/\/lyonbondyblog.fr\/LBB\/wp-content\/uploads\/2013\/07\/manifestation_t.jpg","type":"image\/jpeg"}],"author":"La r\u00e9daction","twitter_card":"summary_large_image","twitter_creator":"@BondyBlogLyon","twitter_site":"@bondybloglyon","schema":{"@context":"https:\/\/schema.org","@graph":[{"@type":"Article","@id":"https:\/\/lyonbondyblog.fr\/LBB\/cest-un-apero-avant-la-vraie-manifestation-contre-la-politique-du-chaos-de-nicolas-sarkozy\/#article","isPartOf":{"@id":"https:\/\/lyonbondyblog.fr\/LBB\/cest-un-apero-avant-la-vraie-manifestation-contre-la-politique-du-chaos-de-nicolas-sarkozy\/"},"author":{"name":"La r\u00e9daction","@id":"https:\/\/lyonbondyblog.fr\/LBB\/#\/schema\/person\/e45f8d27baac75072daa0be50c409b25"},"headline":"\u00ab\u00a0C&rsquo;est un ap\u00e9ro avant la vraie manifestation contre la politique du chaos de Nicolas Sarkozy \u00ab\u00a0","datePublished":"2010-09-06T12:42:50+00:00","dateModified":"2013-07-31T12:44:25+00:00","mainEntityOfPage":{"@id":"https:\/\/lyonbondyblog.fr\/LBB\/cest-un-apero-avant-la-vraie-manifestation-contre-la-politique-du-chaos-de-nicolas-sarkozy\/"},"wordCount":227,"commentCount":0,"publisher":{"@id":"https:\/\/lyonbondyblog.fr\/LBB\/#organization"},"image":{"@id":"https:\/\/lyonbondyblog.fr\/LBB\/cest-un-apero-avant-la-vraie-manifestation-contre-la-politique-du-chaos-de-nicolas-sarkozy\/#primaryimage"},"thumbnailUrl":"https:\/\/lyonbondyblog.fr\/LBB\/wp-content\/uploads\/2013\/07\/manifestation_t.jpg","keywords":["lyon","Lyon Bondy Blog","manifestations"],"articleSection":["Lyon"],"inLanguage":"fr-FR","potentialAction":[{"@type":"CommentAction","name":"Comment","target":["https:\/\/lyonbondyblog.fr\/LBB\/cest-un-apero-avant-la-vraie-manifestation-contre-la-politique-du-chaos-de-nicolas-sarkozy\/#respond"]}]},{"@type":"WebPage","@id":"https:\/\/lyonbondyblog.fr\/LBB\/cest-un-apero-avant-la-vraie-manifestation-contre-la-politique-du-chaos-de-nicolas-sarkozy\/","url":"https:\/\/lyonbondyblog.fr\/LBB\/cest-un-apero-avant-la-vraie-manifestation-contre-la-politique-du-chaos-de-nicolas-sarkozy\/","name":"\"C'est un ap\u00e9ro avant la vraie manifestation contre la politique du chaos de Nicolas Sarkozy \" - Lyon Bondy Blog","isPartOf":{"@id":"https:\/\/lyonbondyblog.fr\/LBB\/#website"},"primaryImageOfPage":{"@id":"https:\/\/lyonbondyblog.fr\/LBB\/cest-un-apero-avant-la-vraie-manifestation-contre-la-politique-du-chaos-de-nicolas-sarkozy\/#primaryimage"},"image":{"@id":"https:\/\/lyonbondyblog.fr\/LBB\/cest-un-apero-avant-la-vraie-manifestation-contre-la-politique-du-chaos-de-nicolas-sarkozy\/#primaryimage"},"thumbnailUrl":"https:\/\/lyonbondyblog.fr\/LBB\/wp-content\/uploads\/2013\/07\/manifestation_t.jpg","datePublished":"2010-09-06T12:42:50+00:00","dateModified":"2013-07-31T12:44:25+00:00","inLanguage":"fr-FR","potentialAction":[{"@type":"ReadAction","target":["https:\/\/lyonbondyblog.fr\/LBB\/cest-un-apero-avant-la-vraie-manifestation-contre-la-politique-du-chaos-de-nicolas-sarkozy\/"]}]},{"@type":"ImageObject","inLanguage":"fr-FR","@id":"https:\/\/lyonbondyblog.fr\/LBB\/cest-un-apero-avant-la-vraie-manifestation-contre-la-politique-du-chaos-de-nicolas-sarkozy\/#primaryimage","url":"https:\/\/lyonbondyblog.fr\/LBB\/wp-content\/uploads\/2013\/07\/manifestation_t.jpg","contentUrl":"https:\/\/lyonbondyblog.fr\/LBB\/wp-content\/uploads\/2013\/07\/manifestation_t.jpg","width":193,"height":145},{"@type":"WebSite","@id":"https:\/\/lyonbondyblog.fr\/LBB\/#website","url":"https:\/\/lyonbondyblog.fr\/LBB\/","name":"Lyon Bondy Blog","description":"","publisher":{"@id":"https:\/\/lyonbondyblog.fr\/LBB\/#organization"},"potentialAction":[{"@type":"SearchAction","target":{"@type":"EntryPoint","urlTemplate":"https:\/\/lyonbondyblog.fr\/LBB\/?s={search_term_string}"},"query-input":"required name=search_term_string"}],"inLanguage":"fr-FR"},{"@type":"Organization","@id":"https:\/\/lyonbondyblog.fr\/LBB\/#organization","name":"LYON BONDY BLOG","url":"https:\/\/lyonbondyblog.fr\/LBB\/","logo":{"@type":"ImageObject","inLanguage":"fr-FR","@id":"https:\/\/lyonbondyblog.fr\/LBB\/#\/schema\/logo\/image\/","url":"http:\/\/lyonbondyblog.fr\/LBB\/wp-content\/uploads\/2014\/10\/logo-portable-144.png","contentUrl":"http:\/\/lyonbondyblog.fr\/LBB\/wp-content\/uploads\/2014\/10\/logo-portable-144.png","width":144,"height":123,"caption":"LYON BONDY BLOG"},"image":{"@id":"https:\/\/lyonbondyblog.fr\/LBB\/#\/schema\/logo\/image\/"},"sameAs":["https:\/\/www.facebook.com\/lyonbondyblog","https:\/\/x.com\/bondybloglyon"]},{"@type":"Person","@id":"https:\/\/lyonbondyblog.fr\/LBB\/#\/schema\/person\/e45f8d27baac75072daa0be50c409b25","name":"La r\u00e9daction","description":"Cr\u00e9e en 2008, la r\u00e9daction du Lyon Bondy Blog s'applique \u00e0 proposer une information locale diff\u00e9rente et compl\u00e9mentaire des m\u00e9dias traditionnels.","sameAs":["https:\/\/www.facebook.com\/lyonbondyblog","https:\/\/x.com\/BondyBlogLyon"],"url":"https:\/\/lyonbondyblog.fr\/LBB\/author\/admin\/"}]}},"_links":{"self":[{"href":"https:\/\/lyonbondyblog.fr\/LBB\/wp-json\/wp\/v2\/posts\/2500","targetHints":{"allow":["GET"]}}],"collection":[{"href":"https:\/\/lyonbondyblog.fr\/LBB\/wp-json\/wp\/v2\/posts"}],"about":[{"href":"https:\/\/lyonbondyblog.fr\/LBB\/wp-json\/wp\/v2\/types\/post"}],"author":[{"embeddable":true,"href":"https:\/\/lyonbondyblog.fr\/LBB\/wp-json\/wp\/v2\/users\/1"}],"replies":[{"embeddable":true,"href":"https:\/\/lyonbondyblog.fr\/LBB\/wp-json\/wp\/v2\/comments?post=2500"}],"version-history":[{"count":0,"href":"https:\/\/lyonbondyblog.fr\/LBB\/wp-json\/wp\/v2\/posts\/2500\/revisions"}],"wp:featuredmedia":[{"embeddable":true,"href":"https:\/\/lyonbondyblog.fr\/LBB\/wp-json\/wp\/v2\/media\/2501"}],"wp:attachment":[{"href":"https:\/\/lyonbondyblog.fr\/LBB\/wp-json\/wp\/v2\/media?parent=2500"}],"wp:term":[{"taxonomy":"category","embeddable":true,"href":"https:\/\/lyonbondyblog.fr\/LBB\/wp-json\/wp\/v2\/categories?post=2500"},{"taxonomy":"post_tag","embeddable":true,"href":"https:\/\/lyonbondyblog.fr\/LBB\/wp-json\/wp\/v2\/tags?post=2500"}],"curies":[{"name":"wp","href":"https:\/\/api.w.org\/{rel}","templated":true}]}}