{"id":24955,"date":"2021-10-05T17:18:55","date_gmt":"2021-10-05T15:18:55","guid":{"rendered":"http:\/\/lyonbondyblog.fr\/LBB\/?p=24955"},"modified":"2021-11-02T11:10:26","modified_gmt":"2021-11-02T10:10:26","slug":"premiere-manifestation-interprofessionnelle-de-la-rentree-2021","status":"publish","type":"post","link":"https:\/\/lyonbondyblog.fr\/LBB\/premiere-manifestation-interprofessionnelle-de-la-rentree-2021\/","title":{"rendered":"Premi\u00e8re manifestation interprofessionnelle de la rentr\u00e9e 2021"},"content":{"rendered":"\n<p>Le cort\u00e8ge de la premi\u00e8re manifestation interprofessionnelle de la rentr\u00e9e 2021 a d\u00e9but\u00e9 \u00e0 11h45 ce mardi 5 octobre \u00e0 la Manufacture des Tabacs, comme habituellement. De nombreux syndicats \u00e9taient pr\u00e9sents dans les rues : &nbsp;CGT, FO, FSU, Solidaires, CNT, UNEF, CNT- SO. L&rsquo;occasion pour les travailleurs du public et du priv\u00e9 de clamer leur d\u00e9sapprobation contre le gouvernement d&rsquo;Emmanuel Macron et de demander une hausse des salaires.<\/p>\n\n\n\n<div class=\"wp-block-image\"><figure class=\"aligncenter size-large is-resized\"><img loading=\"lazy\" decoding=\"async\" src=\"https:\/\/lyonbondyblog.fr\/LBB\/wp-content\/uploads\/2021\/10\/DSC_0796-1920x1280.jpg\" alt=\"\" class=\"wp-image-24967\" width=\"557\" height=\"371\" srcset=\"https:\/\/lyonbondyblog.fr\/LBB\/wp-content\/uploads\/2021\/10\/DSC_0796-1920x1280.jpg 1920w, https:\/\/lyonbondyblog.fr\/LBB\/wp-content\/uploads\/2021\/10\/DSC_0796-1200x800.jpg 1200w, https:\/\/lyonbondyblog.fr\/LBB\/wp-content\/uploads\/2021\/10\/DSC_0796-768x512.jpg 768w, https:\/\/lyonbondyblog.fr\/LBB\/wp-content\/uploads\/2021\/10\/DSC_0796-1536x1024.jpg 1536w, https:\/\/lyonbondyblog.fr\/LBB\/wp-content\/uploads\/2021\/10\/DSC_0796-2048x1365.jpg 2048w, https:\/\/lyonbondyblog.fr\/LBB\/wp-content\/uploads\/2021\/10\/DSC_0796-700x465.jpg 700w, https:\/\/lyonbondyblog.fr\/LBB\/wp-content\/uploads\/2021\/10\/DSC_0796-272x182.jpg 272w\" sizes=\"auto, (max-width: 557px) 100vw, 557px\" \/><figcaption>Le cort\u00e8ge a continu\u00e9 en direction de Bellecour.<\/figcaption><\/figure><\/div>\n\n\n\n<p>Une gr\u00e8ve annonc\u00e9e par l&rsquo;intersyndicale du Rh\u00f4ne, qui \u00e9tait \u00e9galement men\u00e9e dans toute la France. \u00c0 Lyon, nous avons rencontr\u00e9 Aline Guitard, adjointe d\u00e9l\u00e9gu\u00e9e \u00e0 l&rsquo;urbanisme et aux services publics de proximit\u00e9 (entre autres) dans le 4\u00e8me arrondissement. <em>\u00ab\u00a0Cette rentr\u00e9e va n\u00e9cessiter beaucoup de mobilisations \u00e0 cause des r\u00e9formes qui s&rsquo;appliquent et des r\u00e9formes en chantier, notamment l&rsquo;assurance retraite. Ce n&rsquo;est que le d\u00e9but !<\/em> assure l&rsquo;\u00e9lue. <em>Il sera n\u00e9cessaire de convaincre les salari\u00e9s, les fonctionnaires, les pr\u00e9caires que la retraite est un droit et que le pays a les moyens. Notamment pour financer, il faudrait qu&rsquo;on arr\u00eate de supprimer les cotisations sociales et qu&rsquo;on retourne \u00e0 la retraite \u00e0 60 ans.\u00a0\u00bb<\/em><\/p>\n\n\n\n<p>Les membres des syndicats ont leur mot \u00e0 dire. Fr\u00e9d\u00e9rique, militante CGT et personnel m\u00e9dical \u00e0 la clinique de Vaugneray, \u00e9voque une rentr\u00e9e et surtout une p\u00e9riode compliqu\u00e9e dans le monde de la sant\u00e9. Puis elle s&rsquo;attarde sur la r\u00e9forme des retraites, remise sur le tapis depuis peu par le pr\u00e9sident. Un sujet qui touche aussi les jeunes, comme l&rsquo;explique Pierre Ambrosini, responsable JC (Jeunes communistes) du Rh\u00f4ne.<\/p>\n\n\n\n<div class=\"wp-block-image\"><figure class=\"aligncenter size-large is-resized\"><img loading=\"lazy\" decoding=\"async\" src=\"https:\/\/lyonbondyblog.fr\/LBB\/wp-content\/uploads\/2021\/10\/DSC_0784-1920x1280.jpg\" alt=\"\" class=\"wp-image-24971\" width=\"526\" height=\"350\" srcset=\"https:\/\/lyonbondyblog.fr\/LBB\/wp-content\/uploads\/2021\/10\/DSC_0784-1920x1280.jpg 1920w, https:\/\/lyonbondyblog.fr\/LBB\/wp-content\/uploads\/2021\/10\/DSC_0784-1200x800.jpg 1200w, https:\/\/lyonbondyblog.fr\/LBB\/wp-content\/uploads\/2021\/10\/DSC_0784-768x512.jpg 768w, https:\/\/lyonbondyblog.fr\/LBB\/wp-content\/uploads\/2021\/10\/DSC_0784-1536x1024.jpg 1536w, https:\/\/lyonbondyblog.fr\/LBB\/wp-content\/uploads\/2021\/10\/DSC_0784-2048x1365.jpg 2048w, https:\/\/lyonbondyblog.fr\/LBB\/wp-content\/uploads\/2021\/10\/DSC_0784-700x465.jpg 700w, https:\/\/lyonbondyblog.fr\/LBB\/wp-content\/uploads\/2021\/10\/DSC_0784-272x182.jpg 272w\" sizes=\"auto, (max-width: 526px) 100vw, 526px\" \/><figcaption>Force Ouvri\u00e8re \u00e9tait pr\u00e9sent.<\/figcaption><\/figure><\/div>\n\n\n\n<p>Mais c&rsquo;est aussi une rentr\u00e9e plac\u00e9e sous le signe de la vaccination pour la sant\u00e9 ; ce que d\u00e9plore Xavier, ancien auxiliaire de vie dans une maison de retraite.<\/p>\n\n\n\n<figure class=\"wp-block-embed is-type-rich is-provider-soundcloud wp-block-embed-soundcloud\"><div class=\"wp-block-embed__wrapper\">\n<iframe loading=\"lazy\" title=\"Fr\u00e9d\u00e9rique, militante CGT et personnel m\u00e9dical \u00e0 la clinique de Vaugneray by Pallotines\" width=\"1200\" height=\"400\" scrolling=\"no\" frameborder=\"no\" src=\"https:\/\/w.soundcloud.com\/player\/?visual=true&#038;url=https%3A%2F%2Fapi.soundcloud.com%2Ftracks%2F1136436394&#038;show_artwork=true&#038;maxheight=1000&#038;maxwidth=1200\"><\/iframe>\n<\/div><\/figure>\n\n\n\n<figure class=\"wp-block-embed is-type-rich is-provider-soundcloud wp-block-embed-soundcloud\"><div class=\"wp-block-embed__wrapper\">\n<iframe loading=\"lazy\" title=\"Pierre Ambrosini, responsable Jeunes communistes du Rh\u00f4ne by Pallotines\" width=\"1200\" height=\"400\" scrolling=\"no\" frameborder=\"no\" src=\"https:\/\/w.soundcloud.com\/player\/?visual=true&#038;url=https%3A%2F%2Fapi.soundcloud.com%2Ftracks%2F1136427349&#038;show_artwork=true&#038;maxheight=1000&#038;maxwidth=1200\"><\/iframe>\n<\/div><\/figure>\n\n\n\n<figure class=\"wp-block-embed is-type-rich is-provider-soundcloud wp-block-embed-soundcloud\"><div class=\"wp-block-embed__wrapper\">\n<iframe loading=\"lazy\" title=\"Xavier, ancien auxiliaire de vie dans une maison de retraite by Pallotines\" width=\"1200\" height=\"400\" scrolling=\"no\" frameborder=\"no\" src=\"https:\/\/w.soundcloud.com\/player\/?visual=true&#038;url=https%3A%2F%2Fapi.soundcloud.com%2Ftracks%2F1136446357&#038;show_artwork=true&#038;maxheight=1000&#038;maxwidth=1200\"><\/iframe>\n<\/div><\/figure>\n\n\n\n<p>In\u00e8s Pallot<\/p>\n<!-- AddThis Advanced Settings generic via filter on the_content --><!-- AddThis Share Buttons generic via filter on the_content -->","protected":false},"excerpt":{"rendered":"<p>Le cort\u00e8ge de la premi\u00e8re manifestation interprofessionnelle de la rentr\u00e9e 2021 a d\u00e9but\u00e9 \u00e0 11h45 ce mardi 5 octobre \u00e0 la Manufacture des Tabacs, comme &hellip; <!-- AddThis Advanced Settings generic via filter on wp_trim_excerpt --><!-- AddThis Share Buttons generic via filter on wp_trim_excerpt --><\/p>\n","protected":false},"author":31860,"featured_media":24966,"comment_status":"open","ping_status":"open","sticky":true,"template":"","format":"standard","meta":{"_FSMCFIC_featured_image_caption":"","_FSMCFIC_featured_image_nocaption":"","_FSMCFIC_featured_image_hide":"","footnotes":""},"categories":[22420,4,6447,6495,3889],"tags":[],"class_list":["post-24955","post","type-post","status-publish","format-standard","has-post-thumbnail","hentry","category-covid-19","category-lyon","category-manifestations","category-retraite","category-sante"],"yoast_head":"<!-- This site is optimized with the Yoast SEO plugin v22.8 - https:\/\/yoast.com\/wordpress\/plugins\/seo\/ -->\n<title>Premi\u00e8re manifestation interprofessionnelle de la rentr\u00e9e 2021 - Lyon Bondy Blog<\/title>\n<meta name=\"robots\" content=\"index, follow, max-snippet:-1, max-image-preview:large, max-video-preview:-1\" \/>\n<link rel=\"canonical\" href=\"https:\/\/lyonbondyblog.fr\/LBB\/premiere-manifestation-interprofessionnelle-de-la-rentree-2021\/\" \/>\n<meta property=\"og:locale\" content=\"fr_FR\" \/>\n<meta property=\"og:type\" content=\"article\" \/>\n<meta property=\"og:title\" content=\"Premi\u00e8re manifestation interprofessionnelle de la rentr\u00e9e 2021 - Lyon Bondy Blog\" \/>\n<meta property=\"og:description\" content=\"Le cort\u00e8ge de la premi\u00e8re manifestation interprofessionnelle de la rentr\u00e9e 2021 a d\u00e9but\u00e9 \u00e0 11h45 ce mardi 5 octobre \u00e0 la Manufacture des Tabacs, comme &hellip;\" \/>\n<meta property=\"og:url\" content=\"https:\/\/lyonbondyblog.fr\/LBB\/premiere-manifestation-interprofessionnelle-de-la-rentree-2021\/\" \/>\n<meta property=\"og:site_name\" content=\"Lyon Bondy Blog\" \/>\n<meta property=\"article:publisher\" content=\"https:\/\/www.facebook.com\/lyonbondyblog\" \/>\n<meta property=\"article:published_time\" content=\"2021-10-05T15:18:55+00:00\" \/>\n<meta property=\"article:modified_time\" content=\"2021-11-02T10:10:26+00:00\" \/>\n<meta property=\"og:image\" content=\"https:\/\/lyonbondyblog.fr\/LBB\/wp-content\/uploads\/2021\/10\/DSC_0780-scaled.jpg\" \/>\n\t<meta property=\"og:image:width\" content=\"2560\" \/>\n\t<meta property=\"og:image:height\" content=\"1707\" \/>\n\t<meta property=\"og:image:type\" content=\"image\/jpeg\" \/>\n<meta name=\"author\" content=\"In\u00e8s Pallot\" \/>\n<meta name=\"twitter:card\" content=\"summary_large_image\" \/>\n<meta name=\"twitter:creator\" content=\"@bondybloglyon\" \/>\n<meta name=\"twitter:site\" content=\"@bondybloglyon\" \/>\n<script type=\"application\/ld+json\" class=\"yoast-schema-graph\">{\"@context\":\"https:\/\/schema.org\",\"@graph\":[{\"@type\":\"Article\",\"@id\":\"https:\/\/lyonbondyblog.fr\/LBB\/premiere-manifestation-interprofessionnelle-de-la-rentree-2021\/#article\",\"isPartOf\":{\"@id\":\"https:\/\/lyonbondyblog.fr\/LBB\/premiere-manifestation-interprofessionnelle-de-la-rentree-2021\/\"},\"author\":{\"name\":\"In\u00e8s Pallot\",\"@id\":\"https:\/\/lyonbondyblog.fr\/LBB\/#\/schema\/person\/9f49d5a620b7ff0b22195422b4ef0cc4\"},\"headline\":\"Premi\u00e8re manifestation interprofessionnelle de la rentr\u00e9e 2021\",\"datePublished\":\"2021-10-05T15:18:55+00:00\",\"dateModified\":\"2021-11-02T10:10:26+00:00\",\"mainEntityOfPage\":{\"@id\":\"https:\/\/lyonbondyblog.fr\/LBB\/premiere-manifestation-interprofessionnelle-de-la-rentree-2021\/\"},\"wordCount\":363,\"commentCount\":0,\"publisher\":{\"@id\":\"https:\/\/lyonbondyblog.fr\/LBB\/#organization\"},\"image\":{\"@id\":\"https:\/\/lyonbondyblog.fr\/LBB\/premiere-manifestation-interprofessionnelle-de-la-rentree-2021\/#primaryimage\"},\"thumbnailUrl\":\"https:\/\/lyonbondyblog.fr\/LBB\/wp-content\/uploads\/2021\/10\/DSC_0780-scaled.jpg\",\"articleSection\":[\"Covid-19\",\"Lyon\",\"Manifestations\",\"Retraite\",\"Sant\u00e9\"],\"inLanguage\":\"fr-FR\",\"potentialAction\":[{\"@type\":\"CommentAction\",\"name\":\"Comment\",\"target\":[\"https:\/\/lyonbondyblog.fr\/LBB\/premiere-manifestation-interprofessionnelle-de-la-rentree-2021\/#respond\"]}]},{\"@type\":\"WebPage\",\"@id\":\"https:\/\/lyonbondyblog.fr\/LBB\/premiere-manifestation-interprofessionnelle-de-la-rentree-2021\/\",\"url\":\"https:\/\/lyonbondyblog.fr\/LBB\/premiere-manifestation-interprofessionnelle-de-la-rentree-2021\/\",\"name\":\"Premi\u00e8re manifestation interprofessionnelle de la rentr\u00e9e 2021 - Lyon Bondy Blog\",\"isPartOf\":{\"@id\":\"https:\/\/lyonbondyblog.fr\/LBB\/#website\"},\"primaryImageOfPage\":{\"@id\":\"https:\/\/lyonbondyblog.fr\/LBB\/premiere-manifestation-interprofessionnelle-de-la-rentree-2021\/#primaryimage\"},\"image\":{\"@id\":\"https:\/\/lyonbondyblog.fr\/LBB\/premiere-manifestation-interprofessionnelle-de-la-rentree-2021\/#primaryimage\"},\"thumbnailUrl\":\"https:\/\/lyonbondyblog.fr\/LBB\/wp-content\/uploads\/2021\/10\/DSC_0780-scaled.jpg\",\"datePublished\":\"2021-10-05T15:18:55+00:00\",\"dateModified\":\"2021-11-02T10:10:26+00:00\",\"inLanguage\":\"fr-FR\",\"potentialAction\":[{\"@type\":\"ReadAction\",\"target\":[\"https:\/\/lyonbondyblog.fr\/LBB\/premiere-manifestation-interprofessionnelle-de-la-rentree-2021\/\"]}]},{\"@type\":\"ImageObject\",\"inLanguage\":\"fr-FR\",\"@id\":\"https:\/\/lyonbondyblog.fr\/LBB\/premiere-manifestation-interprofessionnelle-de-la-rentree-2021\/#primaryimage\",\"url\":\"https:\/\/lyonbondyblog.fr\/LBB\/wp-content\/uploads\/2021\/10\/DSC_0780-scaled.jpg\",\"contentUrl\":\"https:\/\/lyonbondyblog.fr\/LBB\/wp-content\/uploads\/2021\/10\/DSC_0780-scaled.jpg\",\"width\":2560,\"height\":1707},{\"@type\":\"WebSite\",\"@id\":\"https:\/\/lyonbondyblog.fr\/LBB\/#website\",\"url\":\"https:\/\/lyonbondyblog.fr\/LBB\/\",\"name\":\"Lyon Bondy Blog\",\"description\":\"\",\"publisher\":{\"@id\":\"https:\/\/lyonbondyblog.fr\/LBB\/#organization\"},\"potentialAction\":[{\"@type\":\"SearchAction\",\"target\":{\"@type\":\"EntryPoint\",\"urlTemplate\":\"https:\/\/lyonbondyblog.fr\/LBB\/?s={search_term_string}\"},\"query-input\":\"required name=search_term_string\"}],\"inLanguage\":\"fr-FR\"},{\"@type\":\"Organization\",\"@id\":\"https:\/\/lyonbondyblog.fr\/LBB\/#organization\",\"name\":\"LYON BONDY BLOG\",\"url\":\"https:\/\/lyonbondyblog.fr\/LBB\/\",\"logo\":{\"@type\":\"ImageObject\",\"inLanguage\":\"fr-FR\",\"@id\":\"https:\/\/lyonbondyblog.fr\/LBB\/#\/schema\/logo\/image\/\",\"url\":\"http:\/\/lyonbondyblog.fr\/LBB\/wp-content\/uploads\/2014\/10\/logo-portable-144.png\",\"contentUrl\":\"http:\/\/lyonbondyblog.fr\/LBB\/wp-content\/uploads\/2014\/10\/logo-portable-144.png\",\"width\":144,\"height\":123,\"caption\":\"LYON BONDY BLOG\"},\"image\":{\"@id\":\"https:\/\/lyonbondyblog.fr\/LBB\/#\/schema\/logo\/image\/\"},\"sameAs\":[\"https:\/\/www.facebook.com\/lyonbondyblog\",\"https:\/\/x.com\/bondybloglyon\"]},{\"@type\":\"Person\",\"@id\":\"https:\/\/lyonbondyblog.fr\/LBB\/#\/schema\/person\/9f49d5a620b7ff0b22195422b4ef0cc4\",\"name\":\"In\u00e8s Pallot\",\"url\":\"https:\/\/lyonbondyblog.fr\/LBB\/author\/inesp\/\"}]}<\/script>\n<!-- \/ Yoast SEO plugin. -->","yoast_head_json":{"title":"Premi\u00e8re manifestation interprofessionnelle de la rentr\u00e9e 2021 - Lyon Bondy Blog","robots":{"index":"index","follow":"follow","max-snippet":"max-snippet:-1","max-image-preview":"max-image-preview:large","max-video-preview":"max-video-preview:-1"},"canonical":"https:\/\/lyonbondyblog.fr\/LBB\/premiere-manifestation-interprofessionnelle-de-la-rentree-2021\/","og_locale":"fr_FR","og_type":"article","og_title":"Premi\u00e8re manifestation interprofessionnelle de la rentr\u00e9e 2021 - Lyon Bondy Blog","og_description":"Le cort\u00e8ge de la premi\u00e8re manifestation interprofessionnelle de la rentr\u00e9e 2021 a d\u00e9but\u00e9 \u00e0 11h45 ce mardi 5 octobre \u00e0 la Manufacture des Tabacs, comme &hellip;","og_url":"https:\/\/lyonbondyblog.fr\/LBB\/premiere-manifestation-interprofessionnelle-de-la-rentree-2021\/","og_site_name":"Lyon Bondy Blog","article_publisher":"https:\/\/www.facebook.com\/lyonbondyblog","article_published_time":"2021-10-05T15:18:55+00:00","article_modified_time":"2021-11-02T10:10:26+00:00","og_image":[{"width":2560,"height":1707,"url":"https:\/\/lyonbondyblog.fr\/LBB\/wp-content\/uploads\/2021\/10\/DSC_0780-scaled.jpg","type":"image\/jpeg"}],"author":"In\u00e8s Pallot","twitter_card":"summary_large_image","twitter_creator":"@bondybloglyon","twitter_site":"@bondybloglyon","schema":{"@context":"https:\/\/schema.org","@graph":[{"@type":"Article","@id":"https:\/\/lyonbondyblog.fr\/LBB\/premiere-manifestation-interprofessionnelle-de-la-rentree-2021\/#article","isPartOf":{"@id":"https:\/\/lyonbondyblog.fr\/LBB\/premiere-manifestation-interprofessionnelle-de-la-rentree-2021\/"},"author":{"name":"In\u00e8s Pallot","@id":"https:\/\/lyonbondyblog.fr\/LBB\/#\/schema\/person\/9f49d5a620b7ff0b22195422b4ef0cc4"},"headline":"Premi\u00e8re manifestation interprofessionnelle de la rentr\u00e9e 2021","datePublished":"2021-10-05T15:18:55+00:00","dateModified":"2021-11-02T10:10:26+00:00","mainEntityOfPage":{"@id":"https:\/\/lyonbondyblog.fr\/LBB\/premiere-manifestation-interprofessionnelle-de-la-rentree-2021\/"},"wordCount":363,"commentCount":0,"publisher":{"@id":"https:\/\/lyonbondyblog.fr\/LBB\/#organization"},"image":{"@id":"https:\/\/lyonbondyblog.fr\/LBB\/premiere-manifestation-interprofessionnelle-de-la-rentree-2021\/#primaryimage"},"thumbnailUrl":"https:\/\/lyonbondyblog.fr\/LBB\/wp-content\/uploads\/2021\/10\/DSC_0780-scaled.jpg","articleSection":["Covid-19","Lyon","Manifestations","Retraite","Sant\u00e9"],"inLanguage":"fr-FR","potentialAction":[{"@type":"CommentAction","name":"Comment","target":["https:\/\/lyonbondyblog.fr\/LBB\/premiere-manifestation-interprofessionnelle-de-la-rentree-2021\/#respond"]}]},{"@type":"WebPage","@id":"https:\/\/lyonbondyblog.fr\/LBB\/premiere-manifestation-interprofessionnelle-de-la-rentree-2021\/","url":"https:\/\/lyonbondyblog.fr\/LBB\/premiere-manifestation-interprofessionnelle-de-la-rentree-2021\/","name":"Premi\u00e8re manifestation interprofessionnelle de la rentr\u00e9e 2021 - Lyon Bondy Blog","isPartOf":{"@id":"https:\/\/lyonbondyblog.fr\/LBB\/#website"},"primaryImageOfPage":{"@id":"https:\/\/lyonbondyblog.fr\/LBB\/premiere-manifestation-interprofessionnelle-de-la-rentree-2021\/#primaryimage"},"image":{"@id":"https:\/\/lyonbondyblog.fr\/LBB\/premiere-manifestation-interprofessionnelle-de-la-rentree-2021\/#primaryimage"},"thumbnailUrl":"https:\/\/lyonbondyblog.fr\/LBB\/wp-content\/uploads\/2021\/10\/DSC_0780-scaled.jpg","datePublished":"2021-10-05T15:18:55+00:00","dateModified":"2021-11-02T10:10:26+00:00","inLanguage":"fr-FR","potentialAction":[{"@type":"ReadAction","target":["https:\/\/lyonbondyblog.fr\/LBB\/premiere-manifestation-interprofessionnelle-de-la-rentree-2021\/"]}]},{"@type":"ImageObject","inLanguage":"fr-FR","@id":"https:\/\/lyonbondyblog.fr\/LBB\/premiere-manifestation-interprofessionnelle-de-la-rentree-2021\/#primaryimage","url":"https:\/\/lyonbondyblog.fr\/LBB\/wp-content\/uploads\/2021\/10\/DSC_0780-scaled.jpg","contentUrl":"https:\/\/lyonbondyblog.fr\/LBB\/wp-content\/uploads\/2021\/10\/DSC_0780-scaled.jpg","width":2560,"height":1707},{"@type":"WebSite","@id":"https:\/\/lyonbondyblog.fr\/LBB\/#website","url":"https:\/\/lyonbondyblog.fr\/LBB\/","name":"Lyon Bondy Blog","description":"","publisher":{"@id":"https:\/\/lyonbondyblog.fr\/LBB\/#organization"},"potentialAction":[{"@type":"SearchAction","target":{"@type":"EntryPoint","urlTemplate":"https:\/\/lyonbondyblog.fr\/LBB\/?s={search_term_string}"},"query-input":"required name=search_term_string"}],"inLanguage":"fr-FR"},{"@type":"Organization","@id":"https:\/\/lyonbondyblog.fr\/LBB\/#organization","name":"LYON BONDY BLOG","url":"https:\/\/lyonbondyblog.fr\/LBB\/","logo":{"@type":"ImageObject","inLanguage":"fr-FR","@id":"https:\/\/lyonbondyblog.fr\/LBB\/#\/schema\/logo\/image\/","url":"http:\/\/lyonbondyblog.fr\/LBB\/wp-content\/uploads\/2014\/10\/logo-portable-144.png","contentUrl":"http:\/\/lyonbondyblog.fr\/LBB\/wp-content\/uploads\/2014\/10\/logo-portable-144.png","width":144,"height":123,"caption":"LYON BONDY BLOG"},"image":{"@id":"https:\/\/lyonbondyblog.fr\/LBB\/#\/schema\/logo\/image\/"},"sameAs":["https:\/\/www.facebook.com\/lyonbondyblog","https:\/\/x.com\/bondybloglyon"]},{"@type":"Person","@id":"https:\/\/lyonbondyblog.fr\/LBB\/#\/schema\/person\/9f49d5a620b7ff0b22195422b4ef0cc4","name":"In\u00e8s Pallot","url":"https:\/\/lyonbondyblog.fr\/LBB\/author\/inesp\/"}]}},"_links":{"self":[{"href":"https:\/\/lyonbondyblog.fr\/LBB\/wp-json\/wp\/v2\/posts\/24955","targetHints":{"allow":["GET"]}}],"collection":[{"href":"https:\/\/lyonbondyblog.fr\/LBB\/wp-json\/wp\/v2\/posts"}],"about":[{"href":"https:\/\/lyonbondyblog.fr\/LBB\/wp-json\/wp\/v2\/types\/post"}],"author":[{"embeddable":true,"href":"https:\/\/lyonbondyblog.fr\/LBB\/wp-json\/wp\/v2\/users\/31860"}],"replies":[{"embeddable":true,"href":"https:\/\/lyonbondyblog.fr\/LBB\/wp-json\/wp\/v2\/comments?post=24955"}],"version-history":[{"count":19,"href":"https:\/\/lyonbondyblog.fr\/LBB\/wp-json\/wp\/v2\/posts\/24955\/revisions"}],"predecessor-version":[{"id":25253,"href":"https:\/\/lyonbondyblog.fr\/LBB\/wp-json\/wp\/v2\/posts\/24955\/revisions\/25253"}],"wp:featuredmedia":[{"embeddable":true,"href":"https:\/\/lyonbondyblog.fr\/LBB\/wp-json\/wp\/v2\/media\/24966"}],"wp:attachment":[{"href":"https:\/\/lyonbondyblog.fr\/LBB\/wp-json\/wp\/v2\/media?parent=24955"}],"wp:term":[{"taxonomy":"category","embeddable":true,"href":"https:\/\/lyonbondyblog.fr\/LBB\/wp-json\/wp\/v2\/categories?post=24955"},{"taxonomy":"post_tag","embeddable":true,"href":"https:\/\/lyonbondyblog.fr\/LBB\/wp-json\/wp\/v2\/tags?post=24955"}],"curies":[{"name":"wp","href":"https:\/\/api.w.org\/{rel}","templated":true}]}}