{"id":24940,"date":"2021-09-23T11:50:22","date_gmt":"2021-09-23T09:50:22","guid":{"rendered":"http:\/\/lyonbondyblog.fr\/LBB\/?p=24940"},"modified":"2021-09-23T11:54:57","modified_gmt":"2021-09-23T09:54:57","slug":"nathalie-arthaud-lance-sa-campagne-a-saint-fons","status":"publish","type":"post","link":"https:\/\/lyonbondyblog.fr\/LBB\/nathalie-arthaud-lance-sa-campagne-a-saint-fons\/","title":{"rendered":"Nathalie Arthaud lance sa campagne \u00e0 Saint-Fons"},"content":{"rendered":"\n<p><strong>\u00c0 l\u2019occasion de la f\u00eate de Lutte Ouvri\u00e8re le samedi 18 septembre, la porte-parole du parti a r\u00e9affirm\u00e9 son ambition de mettre en avant les luttes ouvri\u00e8res, tout en les liant \u00e0 l\u2019actualit\u00e9 politique et sociale.<\/strong><\/p>\n\n\n\n<p>Les travailleuses et les travailleurs de la r\u00e9gion lyonnaise se sont donn\u00e9s rendez-vous le week-end dernier pour discuter de l\u2019actualit\u00e9 sociale et politique. Au c\u0153ur des d\u00e9bats : le bilan social d\u2019Emmanuel Macron (crise des gilets jaunes, ins\u00e9curit\u00e9&#8230;) ainsi que la candidature de Nathalie Arthaud, leur porte-parole, qui se pr\u00e9sente pour la troisi\u00e8me fois cons\u00e9cutive \u00e0 une \u00e9lection pr\u00e9sidentielle. <\/p>\n\n\n\n<h2 class=\"wp-block-heading\">Travailleurs et \u00e9tudiants r\u00e9unis<\/h2>\n\n\n\n<p>\u201c<em>Pour moi, c\u2019est celle qui repr\u00e9sente mieux nos pr\u00e9occupations et nos demandes<\/em>\u2019\u2019, confie Tristan, militant depuis une quinzaine d\u2019ann\u00e9es. \u201c<em>Je travaille \u00e0 l\u2019usine Sanofi et mes conditions de travail qui ne s&rsquo;am\u00e9liorent pas alors que les profits des grands patrons ne font que gonfler.<\/em>\u2019\u2019 ajoute le militant, lass\u00e9 d&rsquo;\u00eatre victime d&rsquo;un syst\u00e8me injuste.<\/p>\n\n\n\n<p>Plus loin, un groupe de jeunes discute. \u00c9cologie, ch\u00f4mage, pouvoir d\u2019achat\u00a0: le d\u00e9bat est anim\u00e9. Marine, \u00e9tudiante en Science politique \u00e0 l\u2019Universit\u00e9 Lyon II est pr\u00e9sente pour \u00e9couter le projet de la candidate de Lutte Ouvri\u00e8re : <em>\u2018\u2019Nathalie ne vise pas la pr\u00e9sidence, elle n\u2019est pas dans ce syst\u00e8me. Elle veut juste que la voix des travailleurs soit entendue\u201d. <\/em>Particuli\u00e8rement int\u00e9ress\u00e9e par les probl\u00e9matiques environnementales<em>, <\/em>Marine semble s\u00e9duite par les mesures propos\u00e9es par Nathalie Arthaud: \u2018\u2019<em>Je ne suis pas encore syndiqu\u00e9e \u00e0 LO, mais je m\u2019int\u00e9resse \u00e0 son programme sur l\u2019\u00e9cologie. C\u2019est celui qui, pour l\u2019instant, me parle le plus\u00a0: il est concret et r\u00e9alisable<\/em>,\u2019\u2019 poursuit-elle.\u00a0<\/p>\n\n\n\n<blockquote class=\"wp-block-quote is-layout-flow wp-block-quote-is-layout-flow\"><p>\u00ab\u00a0Il appartient \u00e0 tous ceux qui sont mal pay\u00e9s, m\u00e9pris\u00e9s, humili\u00e9s de changer cet ordre social\u00a0\u00bb<\/p><cite>Nathalie Arthaud<\/cite><\/blockquote>\n\n\n\n<h2 class=\"wp-block-heading\">\u00ab\u00a0Ce n\u2019est pas un programme \u00e9lectoral, c\u2019est un plan de lutte\u00a0\u00bb<\/h2>\n\n\n\n<p>Aux alentours de 19h, la salle se remplie de militants et sympathisants venus soutenir Nathalie Arthaud.\u00a0 Celle-ci d\u00e9nonce dans son discours \u201c<em>huit mois de campagne de promesses et d\u2019annonces d\u00e9magogiques<\/em>\u201d. La candidate d\u00e9roule son programme ax\u00e9 sur les conditions de travail des travailleurs. \u201c<em>Il appartient aux travailleurs, \u00e0 tous ceux qui sont aujourd\u2019hui mal pay\u00e9s, m\u00e9pris\u00e9s, humili\u00e9s, de changer cet ordre social. Je suis candidate \u00e0 l\u2019\u00e9lection pr\u00e9sidentielle pour d\u00e9fendre cette perspective-l\u00e0<\/em>\u00a0\u2018\u2019 affirme-t-elle, devant une salle acquise \u00e0 sa cause.\u00a0<\/p>\n\n\n\n<p>Nathalie Arthaud appelle les militants pr\u00e9sents \u00e0 participer \u00e0 la journ\u00e9e de mobilisation interprofessionnelle qui se d\u00e9roulera le 5 octobre prochain. Organis\u00e9e par les syndicats CGT, FO, FSU et Solidaires, cette mobilisation est pour la candidate \u2018\u2019<em>un objectif dont il faut se saisir dans la perspective d\u2019inverser le rapport de force avec le gouvernement et le patronat et de rendre les coups.<\/em>\u2019\u2019 Le programme de la candidate a particuli\u00e8rement convaincu Martine, militante depuis une trentaine d\u2019ann\u00e9es. \u201c<em>Nathalie a r\u00e9ussi \u00e0 nous souder autour de son programme. \u00c7a suffit les profits des grands patrons et des salaires qui n\u2019augmentent pas, il faut un vrai changement en profondeur du syst\u00e8me\u00a0et celle qui incarne ce changement, c\u2019est bien elle<\/em>\u2019\u2019, assure-t-elle. <\/p>\n\n\n\n<h2 class=\"wp-block-heading\">Reconqu\u00e9rir les jeunes<\/h2>\n\n\n\n<p>Parmi la foule, certains jeunes \u00e9coutent avec attention le discours de la candidate. Parmi eux, Cl\u00e9mence qui \u00ab\u00a0<em>ne sait plus pour qui voter<\/em>\u00ab\u00a0, et dit ne plus croire aux promesses des membres du personnel politique. \u00ab\u00a0<em>Je me dis que Nathalie Arthaud, qui n\u2019est pas une professionnelle de la politique, pourrait \u00eatre une bonne alternative \u00e0 ces hommes politiques<\/em>\u2019\u2019 d\u00e9clare-t-elle.\u00a0<\/p>\n\n\n\n<p>Car c\u2019est bien l\u00e0 l\u2019enjeu de ces \u00e9lections\u00a0: l\u2019abstention des jeunes. Lors des derni\u00e8res \u00e9lections qu&rsquo;elles soient pr\u00e9sidentielles, municipales ou r\u00e9gionales, celui-ci \u00e9tait <a href=\"https:\/\/www.lemonde.fr\/election-presidentielle-2017\/article\/2017\/05\/07\/presidentielle-2017-abstention-record-pour-un-second-tour-depuis-l-election-de-1969_5123757_4854003.html\">record<\/a>. Une tendance \u00e0 se tenir loin des urnes qui n\u2019\u00e9tonne pas Julien, jeune militant. \u00ab\u00a0<em>Les hommes politiques nous promettent des choses merveilleuses, des promesses qui gonflent \u00e0 mesure que l\u2019\u00e9ch\u00e9ance \u00e9lectorale approche, mais on est plus dupes. Notamment sur l\u2019\u00e9cologie\u00a0: les gouvernements successifs ne font rien pour changer les choses, Nathalie Arthaud propose des id\u00e9es concr\u00e8tes et r\u00e9alisables avec tous les Fran\u00e7ais<\/em>\u00a0\u00bb affirme-t-il.<\/p>\n\n\n\n<p>Apr\u00e8s son discours, s&rsquo;ouvre un d\u00e9bat entre les militants, les \u00e9lus locaux et la candidate. L\u2019engagement \u00e9cologique et les mesures avanc\u00e9es par Nathalie Arthaud sur ce th\u00e8me sont particuli\u00e8rement d\u00e9battus. La multiplication des mobilisations des jeunes pour le climat ces derni\u00e8res ann\u00e9es montre \u00e0 quel point l&rsquo;\u00e9cologie est un sujet important pour toute une g\u00e9n\u00e9ration. <em>\u00ab\u00a0Il faut reconqu\u00e9rir les jeunes au c\u0153ur de l\u2019enjeu politique et \u00e9lectorale. Certains d\u2019entre eux ne connaissent pas les luttes anciennes des travailleurs\u00a0 qui ont chang\u00e9s la soci\u00e9t\u00e9\u00a0: les 35 heures, mai 68, les cong\u00e9s pay\u00e9s\u2026 et sur certains sujets, les jeunes sont engag\u00e9s de fa\u00e7on significative, avec des manifestations.\u00a0 Nous avons donc tout int\u00e9r\u00eat \u00e0 ce que les jeunes soient avec nous<\/em>\u00ab\u00a0, explique Nathalie Arthaud.<\/p>\n\n\n\n<p>Les interventions et d\u00e9bats contradictoires t\u00e9l\u00e9vis\u00e9s permettront \u00e0 Nathalie Arthaud de d\u00e9tailler publiquement son programme et sans doute de convaincre les \u00e9lecteurs dans un pays o\u00f9 le premier parti reste l&rsquo;abstention.<\/p>\n<!-- AddThis Advanced Settings generic via filter on the_content --><!-- AddThis Share Buttons generic via filter on the_content -->","protected":false},"excerpt":{"rendered":"<p>\u00c0 l\u2019occasion de la f\u00eate de Lutte Ouvri\u00e8re le samedi 18 septembre, la porte-parole du parti a r\u00e9affirm\u00e9 son ambition de mettre en avant les &hellip; <!-- AddThis Advanced Settings generic via filter on wp_trim_excerpt --><!-- AddThis Share Buttons generic via filter on wp_trim_excerpt --><\/p>\n","protected":false},"author":25924,"featured_media":24941,"comment_status":"open","ping_status":"open","sticky":false,"template":"","format":"standard","meta":{"_FSMCFIC_featured_image_caption":"","_FSMCFIC_featured_image_nocaption":"","_FSMCFIC_featured_image_hide":"","footnotes":""},"categories":[4,6],"tags":[27120,27118,1388,10383,27116],"class_list":["post-24940","post","type-post","status-publish","format-standard","has-post-thumbnail","hentry","category-lyon","category-politique","tag-election-presidentielle-2","tag-fete-de-lutte-ouvriere","tag-lutte-ouvriere","tag-nathalie-arthaud","tag-presidentielle-2022"],"yoast_head":"<!-- This site is optimized with the Yoast SEO plugin v22.8 - https:\/\/yoast.com\/wordpress\/plugins\/seo\/ -->\n<title>Nathalie Arthaud lance sa campagne \u00e0 Saint-Fons - Lyon Bondy Blog<\/title>\n<meta name=\"robots\" content=\"index, follow, max-snippet:-1, max-image-preview:large, max-video-preview:-1\" \/>\n<link rel=\"canonical\" href=\"https:\/\/lyonbondyblog.fr\/LBB\/nathalie-arthaud-lance-sa-campagne-a-saint-fons\/\" \/>\n<meta property=\"og:locale\" content=\"fr_FR\" \/>\n<meta property=\"og:type\" content=\"article\" \/>\n<meta property=\"og:title\" content=\"Nathalie Arthaud lance sa campagne \u00e0 Saint-Fons - Lyon Bondy Blog\" \/>\n<meta property=\"og:description\" content=\"\u00c0 l\u2019occasion de la f\u00eate de Lutte Ouvri\u00e8re le samedi 18 septembre, la porte-parole du parti a r\u00e9affirm\u00e9 son ambition de mettre en avant les &hellip;\" \/>\n<meta property=\"og:url\" content=\"https:\/\/lyonbondyblog.fr\/LBB\/nathalie-arthaud-lance-sa-campagne-a-saint-fons\/\" \/>\n<meta property=\"og:site_name\" content=\"Lyon Bondy Blog\" \/>\n<meta property=\"article:publisher\" content=\"https:\/\/www.facebook.com\/lyonbondyblog\" \/>\n<meta property=\"article:published_time\" content=\"2021-09-23T09:50:22+00:00\" \/>\n<meta property=\"article:modified_time\" content=\"2021-09-23T09:54:57+00:00\" \/>\n<meta property=\"og:image\" content=\"https:\/\/lyonbondyblog.fr\/LBB\/wp-content\/uploads\/2021\/09\/20210918_193759-scaled.jpg\" \/>\n\t<meta property=\"og:image:width\" content=\"2560\" \/>\n\t<meta property=\"og:image:height\" content=\"1440\" \/>\n\t<meta property=\"og:image:type\" content=\"image\/jpeg\" \/>\n<meta name=\"author\" content=\"Le\u00efla Ghedaifi\" \/>\n<meta name=\"twitter:card\" content=\"summary_large_image\" \/>\n<meta name=\"twitter:creator\" content=\"@bondybloglyon\" \/>\n<meta name=\"twitter:site\" content=\"@bondybloglyon\" \/>\n<script type=\"application\/ld+json\" class=\"yoast-schema-graph\">{\"@context\":\"https:\/\/schema.org\",\"@graph\":[{\"@type\":\"Article\",\"@id\":\"https:\/\/lyonbondyblog.fr\/LBB\/nathalie-arthaud-lance-sa-campagne-a-saint-fons\/#article\",\"isPartOf\":{\"@id\":\"https:\/\/lyonbondyblog.fr\/LBB\/nathalie-arthaud-lance-sa-campagne-a-saint-fons\/\"},\"author\":{\"name\":\"Le\u00efla Ghedaifi\",\"@id\":\"https:\/\/lyonbondyblog.fr\/LBB\/#\/schema\/person\/9946d294cefda5a37cd7d7ef5e8c298d\"},\"headline\":\"Nathalie Arthaud lance sa campagne \u00e0 Saint-Fons\",\"datePublished\":\"2021-09-23T09:50:22+00:00\",\"dateModified\":\"2021-09-23T09:54:57+00:00\",\"mainEntityOfPage\":{\"@id\":\"https:\/\/lyonbondyblog.fr\/LBB\/nathalie-arthaud-lance-sa-campagne-a-saint-fons\/\"},\"wordCount\":892,\"commentCount\":0,\"publisher\":{\"@id\":\"https:\/\/lyonbondyblog.fr\/LBB\/#organization\"},\"image\":{\"@id\":\"https:\/\/lyonbondyblog.fr\/LBB\/nathalie-arthaud-lance-sa-campagne-a-saint-fons\/#primaryimage\"},\"thumbnailUrl\":\"https:\/\/lyonbondyblog.fr\/LBB\/wp-content\/uploads\/2021\/09\/20210918_193759-scaled.jpg\",\"keywords\":[\"\u00e9lection pr\u00e9sidentielle\",\"F\u00eate de Lutte ouvri\u00e8re\",\"Lutte ouvri\u00e8re\",\"Nathalie Arthaud\",\"Pr\u00e9sidentielle 2022\"],\"articleSection\":[\"Lyon\",\"Politique\"],\"inLanguage\":\"fr-FR\",\"potentialAction\":[{\"@type\":\"CommentAction\",\"name\":\"Comment\",\"target\":[\"https:\/\/lyonbondyblog.fr\/LBB\/nathalie-arthaud-lance-sa-campagne-a-saint-fons\/#respond\"]}]},{\"@type\":\"WebPage\",\"@id\":\"https:\/\/lyonbondyblog.fr\/LBB\/nathalie-arthaud-lance-sa-campagne-a-saint-fons\/\",\"url\":\"https:\/\/lyonbondyblog.fr\/LBB\/nathalie-arthaud-lance-sa-campagne-a-saint-fons\/\",\"name\":\"Nathalie Arthaud lance sa campagne \u00e0 Saint-Fons - Lyon Bondy Blog\",\"isPartOf\":{\"@id\":\"https:\/\/lyonbondyblog.fr\/LBB\/#website\"},\"primaryImageOfPage\":{\"@id\":\"https:\/\/lyonbondyblog.fr\/LBB\/nathalie-arthaud-lance-sa-campagne-a-saint-fons\/#primaryimage\"},\"image\":{\"@id\":\"https:\/\/lyonbondyblog.fr\/LBB\/nathalie-arthaud-lance-sa-campagne-a-saint-fons\/#primaryimage\"},\"thumbnailUrl\":\"https:\/\/lyonbondyblog.fr\/LBB\/wp-content\/uploads\/2021\/09\/20210918_193759-scaled.jpg\",\"datePublished\":\"2021-09-23T09:50:22+00:00\",\"dateModified\":\"2021-09-23T09:54:57+00:00\",\"inLanguage\":\"fr-FR\",\"potentialAction\":[{\"@type\":\"ReadAction\",\"target\":[\"https:\/\/lyonbondyblog.fr\/LBB\/nathalie-arthaud-lance-sa-campagne-a-saint-fons\/\"]}]},{\"@type\":\"ImageObject\",\"inLanguage\":\"fr-FR\",\"@id\":\"https:\/\/lyonbondyblog.fr\/LBB\/nathalie-arthaud-lance-sa-campagne-a-saint-fons\/#primaryimage\",\"url\":\"https:\/\/lyonbondyblog.fr\/LBB\/wp-content\/uploads\/2021\/09\/20210918_193759-scaled.jpg\",\"contentUrl\":\"https:\/\/lyonbondyblog.fr\/LBB\/wp-content\/uploads\/2021\/09\/20210918_193759-scaled.jpg\",\"width\":2560,\"height\":1440},{\"@type\":\"WebSite\",\"@id\":\"https:\/\/lyonbondyblog.fr\/LBB\/#website\",\"url\":\"https:\/\/lyonbondyblog.fr\/LBB\/\",\"name\":\"Lyon Bondy Blog\",\"description\":\"\",\"publisher\":{\"@id\":\"https:\/\/lyonbondyblog.fr\/LBB\/#organization\"},\"potentialAction\":[{\"@type\":\"SearchAction\",\"target\":{\"@type\":\"EntryPoint\",\"urlTemplate\":\"https:\/\/lyonbondyblog.fr\/LBB\/?s={search_term_string}\"},\"query-input\":\"required name=search_term_string\"}],\"inLanguage\":\"fr-FR\"},{\"@type\":\"Organization\",\"@id\":\"https:\/\/lyonbondyblog.fr\/LBB\/#organization\",\"name\":\"LYON BONDY BLOG\",\"url\":\"https:\/\/lyonbondyblog.fr\/LBB\/\",\"logo\":{\"@type\":\"ImageObject\",\"inLanguage\":\"fr-FR\",\"@id\":\"https:\/\/lyonbondyblog.fr\/LBB\/#\/schema\/logo\/image\/\",\"url\":\"http:\/\/lyonbondyblog.fr\/LBB\/wp-content\/uploads\/2014\/10\/logo-portable-144.png\",\"contentUrl\":\"http:\/\/lyonbondyblog.fr\/LBB\/wp-content\/uploads\/2014\/10\/logo-portable-144.png\",\"width\":144,\"height\":123,\"caption\":\"LYON BONDY BLOG\"},\"image\":{\"@id\":\"https:\/\/lyonbondyblog.fr\/LBB\/#\/schema\/logo\/image\/\"},\"sameAs\":[\"https:\/\/www.facebook.com\/lyonbondyblog\",\"https:\/\/x.com\/bondybloglyon\"]},{\"@type\":\"Person\",\"@id\":\"https:\/\/lyonbondyblog.fr\/LBB\/#\/schema\/person\/9946d294cefda5a37cd7d7ef5e8c298d\",\"name\":\"Le\u00efla Ghedaifi\",\"url\":\"https:\/\/lyonbondyblog.fr\/LBB\/author\/leilag\/\"}]}<\/script>\n<!-- \/ Yoast SEO plugin. -->","yoast_head_json":{"title":"Nathalie Arthaud lance sa campagne \u00e0 Saint-Fons - Lyon Bondy Blog","robots":{"index":"index","follow":"follow","max-snippet":"max-snippet:-1","max-image-preview":"max-image-preview:large","max-video-preview":"max-video-preview:-1"},"canonical":"https:\/\/lyonbondyblog.fr\/LBB\/nathalie-arthaud-lance-sa-campagne-a-saint-fons\/","og_locale":"fr_FR","og_type":"article","og_title":"Nathalie Arthaud lance sa campagne \u00e0 Saint-Fons - Lyon Bondy Blog","og_description":"\u00c0 l\u2019occasion de la f\u00eate de Lutte Ouvri\u00e8re le samedi 18 septembre, la porte-parole du parti a r\u00e9affirm\u00e9 son ambition de mettre en avant les &hellip;","og_url":"https:\/\/lyonbondyblog.fr\/LBB\/nathalie-arthaud-lance-sa-campagne-a-saint-fons\/","og_site_name":"Lyon Bondy Blog","article_publisher":"https:\/\/www.facebook.com\/lyonbondyblog","article_published_time":"2021-09-23T09:50:22+00:00","article_modified_time":"2021-09-23T09:54:57+00:00","og_image":[{"width":2560,"height":1440,"url":"https:\/\/lyonbondyblog.fr\/LBB\/wp-content\/uploads\/2021\/09\/20210918_193759-scaled.jpg","type":"image\/jpeg"}],"author":"Le\u00efla Ghedaifi","twitter_card":"summary_large_image","twitter_creator":"@bondybloglyon","twitter_site":"@bondybloglyon","schema":{"@context":"https:\/\/schema.org","@graph":[{"@type":"Article","@id":"https:\/\/lyonbondyblog.fr\/LBB\/nathalie-arthaud-lance-sa-campagne-a-saint-fons\/#article","isPartOf":{"@id":"https:\/\/lyonbondyblog.fr\/LBB\/nathalie-arthaud-lance-sa-campagne-a-saint-fons\/"},"author":{"name":"Le\u00efla Ghedaifi","@id":"https:\/\/lyonbondyblog.fr\/LBB\/#\/schema\/person\/9946d294cefda5a37cd7d7ef5e8c298d"},"headline":"Nathalie Arthaud lance sa campagne \u00e0 Saint-Fons","datePublished":"2021-09-23T09:50:22+00:00","dateModified":"2021-09-23T09:54:57+00:00","mainEntityOfPage":{"@id":"https:\/\/lyonbondyblog.fr\/LBB\/nathalie-arthaud-lance-sa-campagne-a-saint-fons\/"},"wordCount":892,"commentCount":0,"publisher":{"@id":"https:\/\/lyonbondyblog.fr\/LBB\/#organization"},"image":{"@id":"https:\/\/lyonbondyblog.fr\/LBB\/nathalie-arthaud-lance-sa-campagne-a-saint-fons\/#primaryimage"},"thumbnailUrl":"https:\/\/lyonbondyblog.fr\/LBB\/wp-content\/uploads\/2021\/09\/20210918_193759-scaled.jpg","keywords":["\u00e9lection pr\u00e9sidentielle","F\u00eate de Lutte ouvri\u00e8re","Lutte ouvri\u00e8re","Nathalie Arthaud","Pr\u00e9sidentielle 2022"],"articleSection":["Lyon","Politique"],"inLanguage":"fr-FR","potentialAction":[{"@type":"CommentAction","name":"Comment","target":["https:\/\/lyonbondyblog.fr\/LBB\/nathalie-arthaud-lance-sa-campagne-a-saint-fons\/#respond"]}]},{"@type":"WebPage","@id":"https:\/\/lyonbondyblog.fr\/LBB\/nathalie-arthaud-lance-sa-campagne-a-saint-fons\/","url":"https:\/\/lyonbondyblog.fr\/LBB\/nathalie-arthaud-lance-sa-campagne-a-saint-fons\/","name":"Nathalie Arthaud lance sa campagne \u00e0 Saint-Fons - Lyon Bondy Blog","isPartOf":{"@id":"https:\/\/lyonbondyblog.fr\/LBB\/#website"},"primaryImageOfPage":{"@id":"https:\/\/lyonbondyblog.fr\/LBB\/nathalie-arthaud-lance-sa-campagne-a-saint-fons\/#primaryimage"},"image":{"@id":"https:\/\/lyonbondyblog.fr\/LBB\/nathalie-arthaud-lance-sa-campagne-a-saint-fons\/#primaryimage"},"thumbnailUrl":"https:\/\/lyonbondyblog.fr\/LBB\/wp-content\/uploads\/2021\/09\/20210918_193759-scaled.jpg","datePublished":"2021-09-23T09:50:22+00:00","dateModified":"2021-09-23T09:54:57+00:00","inLanguage":"fr-FR","potentialAction":[{"@type":"ReadAction","target":["https:\/\/lyonbondyblog.fr\/LBB\/nathalie-arthaud-lance-sa-campagne-a-saint-fons\/"]}]},{"@type":"ImageObject","inLanguage":"fr-FR","@id":"https:\/\/lyonbondyblog.fr\/LBB\/nathalie-arthaud-lance-sa-campagne-a-saint-fons\/#primaryimage","url":"https:\/\/lyonbondyblog.fr\/LBB\/wp-content\/uploads\/2021\/09\/20210918_193759-scaled.jpg","contentUrl":"https:\/\/lyonbondyblog.fr\/LBB\/wp-content\/uploads\/2021\/09\/20210918_193759-scaled.jpg","width":2560,"height":1440},{"@type":"WebSite","@id":"https:\/\/lyonbondyblog.fr\/LBB\/#website","url":"https:\/\/lyonbondyblog.fr\/LBB\/","name":"Lyon Bondy Blog","description":"","publisher":{"@id":"https:\/\/lyonbondyblog.fr\/LBB\/#organization"},"potentialAction":[{"@type":"SearchAction","target":{"@type":"EntryPoint","urlTemplate":"https:\/\/lyonbondyblog.fr\/LBB\/?s={search_term_string}"},"query-input":"required name=search_term_string"}],"inLanguage":"fr-FR"},{"@type":"Organization","@id":"https:\/\/lyonbondyblog.fr\/LBB\/#organization","name":"LYON BONDY BLOG","url":"https:\/\/lyonbondyblog.fr\/LBB\/","logo":{"@type":"ImageObject","inLanguage":"fr-FR","@id":"https:\/\/lyonbondyblog.fr\/LBB\/#\/schema\/logo\/image\/","url":"http:\/\/lyonbondyblog.fr\/LBB\/wp-content\/uploads\/2014\/10\/logo-portable-144.png","contentUrl":"http:\/\/lyonbondyblog.fr\/LBB\/wp-content\/uploads\/2014\/10\/logo-portable-144.png","width":144,"height":123,"caption":"LYON BONDY BLOG"},"image":{"@id":"https:\/\/lyonbondyblog.fr\/LBB\/#\/schema\/logo\/image\/"},"sameAs":["https:\/\/www.facebook.com\/lyonbondyblog","https:\/\/x.com\/bondybloglyon"]},{"@type":"Person","@id":"https:\/\/lyonbondyblog.fr\/LBB\/#\/schema\/person\/9946d294cefda5a37cd7d7ef5e8c298d","name":"Le\u00efla Ghedaifi","url":"https:\/\/lyonbondyblog.fr\/LBB\/author\/leilag\/"}]}},"_links":{"self":[{"href":"https:\/\/lyonbondyblog.fr\/LBB\/wp-json\/wp\/v2\/posts\/24940","targetHints":{"allow":["GET"]}}],"collection":[{"href":"https:\/\/lyonbondyblog.fr\/LBB\/wp-json\/wp\/v2\/posts"}],"about":[{"href":"https:\/\/lyonbondyblog.fr\/LBB\/wp-json\/wp\/v2\/types\/post"}],"author":[{"embeddable":true,"href":"https:\/\/lyonbondyblog.fr\/LBB\/wp-json\/wp\/v2\/users\/25924"}],"replies":[{"embeddable":true,"href":"https:\/\/lyonbondyblog.fr\/LBB\/wp-json\/wp\/v2\/comments?post=24940"}],"version-history":[{"count":4,"href":"https:\/\/lyonbondyblog.fr\/LBB\/wp-json\/wp\/v2\/posts\/24940\/revisions"}],"predecessor-version":[{"id":24945,"href":"https:\/\/lyonbondyblog.fr\/LBB\/wp-json\/wp\/v2\/posts\/24940\/revisions\/24945"}],"wp:featuredmedia":[{"embeddable":true,"href":"https:\/\/lyonbondyblog.fr\/LBB\/wp-json\/wp\/v2\/media\/24941"}],"wp:attachment":[{"href":"https:\/\/lyonbondyblog.fr\/LBB\/wp-json\/wp\/v2\/media?parent=24940"}],"wp:term":[{"taxonomy":"category","embeddable":true,"href":"https:\/\/lyonbondyblog.fr\/LBB\/wp-json\/wp\/v2\/categories?post=24940"},{"taxonomy":"post_tag","embeddable":true,"href":"https:\/\/lyonbondyblog.fr\/LBB\/wp-json\/wp\/v2\/tags?post=24940"}],"curies":[{"name":"wp","href":"https:\/\/api.w.org\/{rel}","templated":true}]}}