{"id":24891,"date":"2021-09-07T17:10:17","date_gmt":"2021-09-07T15:10:17","guid":{"rendered":"http:\/\/lyonbondyblog.fr\/LBB\/?p=24891"},"modified":"2021-09-07T17:10:19","modified_gmt":"2021-09-07T15:10:19","slug":"tunisie-une-crise-qui-senlise","status":"publish","type":"post","link":"https:\/\/lyonbondyblog.fr\/LBB\/tunisie-une-crise-qui-senlise\/","title":{"rendered":"Tunisie une crise qui s&rsquo;enlise"},"content":{"rendered":"\n<p>La Tunisie a subi de plein fouet la crise du Covid-19, et d\u00e9tient le pire bilan de toute l\u2019Afrique.<\/p>\n\n\n\n<p>La semaine derni\u00e8re nous vous parlions de la crise politique que la Tunisie vivait en ce moment avec le limogeage du 1<sup>er<\/sup> ministre, Hichem Mechichi, par le pr\u00e9sident, Ka\u00efd Sa\u00efed. Mais en parall\u00e8le la Tunisie subit encore la crise \u00e9conomique qui a suivi apr\u00e8s la r\u00e9volution populaire en 2011, qui a mis fin \u00e0 la dictature de &nbsp;<a href=\"https:\/\/fr.wikipedia.org\/wiki\/Zine_el-Abidine_Ben_Ali\">Zine el-Abidine Ben Ali<\/a>. Et la crise sanitaire mais encore plus le pays a mal, et donne \u00e0 la Tunisie le pire bilan du continent africain.<\/p>\n\n\n\n<p>En m\u00eame temps de la crise politique qui secoue la Tunisie une autre catastrophe continue de faire trembler le pays. Dans les h\u00f4pitaux, les proches des patients sont oblig\u00e9s d\u2019aider le personnel hospitalier qui manque de personnel mais aussi de temps et de financement.&nbsp;&nbsp;<\/p>\n\n\n\n<h2 class=\"wp-block-heading\">Le Covid-19 responsable ?<\/h2>\n\n\n\n<p>La Tunisie est aujourd\u2019hui le pays ayant eu le plus de morts d\u00fb au covid-19, 675 milles contamin\u00e9 pour 23 mille morts. Les restrictions que le gouvernement a mis en place pour faire baisser l\u2019\u00e9pid\u00e9mie n&rsquo;ont pas permis de faire de grandes r\u00e9formes \u00e9conomiques que la population attend depuis la r\u00e9volution en 2011. La croissance du pays n\u2019est toujours pas repartie comme pour ses voisins. Le ch\u00f4mage sera certes moins \u00e9lev\u00e9 en 2021 par rapport \u00e0 2020. Mais la pand\u00e9mie n\u2019a pas touch\u00e9 de mani\u00e8re drastique le pays cette ann\u00e9e-l\u00e0. C\u2019est en 2021 que l\u2019\u00e9pid\u00e9mie s&rsquo;est enflamm\u00e9e, et le taux de ch\u00f4mage est pass\u00e9 de 17,4 \u00e0 17,8 premier trimestre de 2021.<\/p>\n\n\n\n<p>Le Covid-19 a grandement emp\u00each\u00e9 que des r\u00e9form\u00e9s sociaux puissent se lancer.&nbsp;<\/p>\n\n\n\n<h2 class=\"wp-block-heading\">Un cocktail explosif.<\/h2>\n\n\n\n<p>C\u2019est dans ce cocktail explosif que la population de tout le pays est massivement descendue dans les rues des grandes villes du pays. Pour r\u00e9pondre \u00e0 cette appelle de la population a du changement le pr\u00e9sident, Ka\u00efd Sa\u00efed, a limog\u00e9 le gouvernement actuel. Et depuis personne n\u2019a repris la place de ce gouvernement.&nbsp;<\/p>\n\n\n\n<p>Le risque est que le prochain gouvernement soit lui-m\u00eame peu accept\u00e9 par la population. Et donc avoir une situation ressemblant \u00e0 la crise libanaise. En 2019 ann\u00e9es le Liban a eu 3 gouvernements diff\u00e9rents. Cela emp\u00eache la mise en place de r\u00e9forme \u00e9conomique ou sociale dans un pays qui en a cruellement besoin. Pour la Tunisie ce type d\u2019enlisement pourrait arriver si le pr\u00e9sident ne prend pas de d\u00e9cision pour la formation d\u2019un prochain gouvernement en accord avec les tunisiens.&nbsp;<\/p>\n\n\n\n<p>La Tunisie est aujourd\u2019hui \u00e0 un tournant. Il y a 10 ans, la r\u00e9volution populaire a permis au pays d\u2019acc\u00e9der \u00e0 la d\u00e9mocratie. Mais aujourd\u2019hui c\u2019est de nouveau d\u00e9fis qui attendent le pays, la corruption la crise social et \u00e9conomique demande qu\u2019un gouvernement soit en accord avec la population qui a compris qu\u2019elle aussi avait un pouvoir sur le gouvernement. Comme nous l&rsquo;a prouv\u00e9 le printemps arabe et les manifestations de cet \u00e9t\u00e9.<\/p>\n<!-- AddThis Advanced Settings generic via filter on the_content --><!-- AddThis Share Buttons generic via filter on the_content -->","protected":false},"excerpt":{"rendered":"<p>La Tunisie a subi de plein fouet la crise du Covid-19, et d\u00e9tient le pire bilan de toute l\u2019Afrique. La semaine derni\u00e8re nous vous parlions &hellip; <!-- AddThis Advanced Settings generic via filter on wp_trim_excerpt --><!-- AddThis Share Buttons generic via filter on wp_trim_excerpt --><\/p>\n","protected":false},"author":31857,"featured_media":24892,"comment_status":"open","ping_status":"open","sticky":true,"template":"","format":"standard","meta":{"_FSMCFIC_featured_image_caption":"","_FSMCFIC_featured_image_nocaption":"","_FSMCFIC_featured_image_hide":"","footnotes":""},"categories":[6],"tags":[27113,27112,165,50],"class_list":["post-24891","post","type-post","status-publish","format-standard","has-post-thumbnail","hentry","category-politique","tag-27113","tag-covid","tag-politique-2","tag-tunisie"],"yoast_head":"<!-- This site is optimized with the Yoast SEO plugin v22.8 - https:\/\/yoast.com\/wordpress\/plugins\/seo\/ -->\n<title>Tunisie une crise qui s&#039;enlise - Lyon Bondy Blog<\/title>\n<meta name=\"description\" content=\"La Tunisie a subi de plein fouet la crise du Covid-19, et d\u00e9tient le pire bilan de toute l\u2019Afrique. Tout ceci sur font de crise politique.\" \/>\n<meta name=\"robots\" content=\"index, follow, max-snippet:-1, max-image-preview:large, max-video-preview:-1\" \/>\n<link rel=\"canonical\" href=\"https:\/\/lyonbondyblog.fr\/LBB\/tunisie-une-crise-qui-senlise\/\" \/>\n<meta property=\"og:locale\" content=\"fr_FR\" \/>\n<meta property=\"og:type\" content=\"article\" \/>\n<meta property=\"og:title\" content=\"Tunisie une crise qui s&#039;enlise - Lyon Bondy Blog\" \/>\n<meta property=\"og:description\" content=\"La Tunisie a subi de plein fouet la crise du Covid-19, et d\u00e9tient le pire bilan de toute l\u2019Afrique. Tout ceci sur font de crise politique.\" \/>\n<meta property=\"og:url\" content=\"https:\/\/lyonbondyblog.fr\/LBB\/tunisie-une-crise-qui-senlise\/\" \/>\n<meta property=\"og:site_name\" content=\"Lyon Bondy Blog\" \/>\n<meta property=\"article:publisher\" content=\"https:\/\/www.facebook.com\/lyonbondyblog\" \/>\n<meta property=\"article:published_time\" content=\"2021-09-07T15:10:17+00:00\" \/>\n<meta property=\"article:modified_time\" content=\"2021-09-07T15:10:19+00:00\" \/>\n<meta property=\"og:image\" content=\"https:\/\/lyonbondyblog.fr\/LBB\/wp-content\/uploads\/2021\/09\/covit-tunisie.jpeg\" \/>\n\t<meta property=\"og:image:width\" content=\"592\" \/>\n\t<meta property=\"og:image:height\" content=\"296\" \/>\n\t<meta property=\"og:image:type\" content=\"image\/jpeg\" \/>\n<meta name=\"author\" content=\"Amandine Leveneur\" \/>\n<meta name=\"twitter:card\" content=\"summary_large_image\" \/>\n<meta name=\"twitter:creator\" content=\"@bondybloglyon\" \/>\n<meta name=\"twitter:site\" content=\"@bondybloglyon\" \/>\n<script type=\"application\/ld+json\" class=\"yoast-schema-graph\">{\"@context\":\"https:\/\/schema.org\",\"@graph\":[{\"@type\":\"Article\",\"@id\":\"https:\/\/lyonbondyblog.fr\/LBB\/tunisie-une-crise-qui-senlise\/#article\",\"isPartOf\":{\"@id\":\"https:\/\/lyonbondyblog.fr\/LBB\/tunisie-une-crise-qui-senlise\/\"},\"author\":{\"name\":\"Amandine Leveneur\",\"@id\":\"https:\/\/lyonbondyblog.fr\/LBB\/#\/schema\/person\/b89f8481c4017638298de40fbc9afb68\"},\"headline\":\"Tunisie une crise qui s&rsquo;enlise\",\"datePublished\":\"2021-09-07T15:10:17+00:00\",\"dateModified\":\"2021-09-07T15:10:19+00:00\",\"mainEntityOfPage\":{\"@id\":\"https:\/\/lyonbondyblog.fr\/LBB\/tunisie-une-crise-qui-senlise\/\"},\"wordCount\":529,\"commentCount\":0,\"publisher\":{\"@id\":\"https:\/\/lyonbondyblog.fr\/LBB\/#organization\"},\"image\":{\"@id\":\"https:\/\/lyonbondyblog.fr\/LBB\/tunisie-une-crise-qui-senlise\/#primaryimage\"},\"thumbnailUrl\":\"https:\/\/lyonbondyblog.fr\/LBB\/wp-content\/uploads\/2021\/09\/covit-tunisie.jpeg\",\"keywords\":[\"19\",\"covid\",\"politique\",\"tunisie\"],\"articleSection\":[\"Politique\"],\"inLanguage\":\"fr-FR\",\"potentialAction\":[{\"@type\":\"CommentAction\",\"name\":\"Comment\",\"target\":[\"https:\/\/lyonbondyblog.fr\/LBB\/tunisie-une-crise-qui-senlise\/#respond\"]}]},{\"@type\":\"WebPage\",\"@id\":\"https:\/\/lyonbondyblog.fr\/LBB\/tunisie-une-crise-qui-senlise\/\",\"url\":\"https:\/\/lyonbondyblog.fr\/LBB\/tunisie-une-crise-qui-senlise\/\",\"name\":\"Tunisie une crise qui s'enlise - Lyon Bondy Blog\",\"isPartOf\":{\"@id\":\"https:\/\/lyonbondyblog.fr\/LBB\/#website\"},\"primaryImageOfPage\":{\"@id\":\"https:\/\/lyonbondyblog.fr\/LBB\/tunisie-une-crise-qui-senlise\/#primaryimage\"},\"image\":{\"@id\":\"https:\/\/lyonbondyblog.fr\/LBB\/tunisie-une-crise-qui-senlise\/#primaryimage\"},\"thumbnailUrl\":\"https:\/\/lyonbondyblog.fr\/LBB\/wp-content\/uploads\/2021\/09\/covit-tunisie.jpeg\",\"datePublished\":\"2021-09-07T15:10:17+00:00\",\"dateModified\":\"2021-09-07T15:10:19+00:00\",\"description\":\"La Tunisie a subi de plein fouet la crise du Covid-19, et d\u00e9tient le pire bilan de toute l\u2019Afrique. Tout ceci sur font de crise politique.\",\"inLanguage\":\"fr-FR\",\"potentialAction\":[{\"@type\":\"ReadAction\",\"target\":[\"https:\/\/lyonbondyblog.fr\/LBB\/tunisie-une-crise-qui-senlise\/\"]}]},{\"@type\":\"ImageObject\",\"inLanguage\":\"fr-FR\",\"@id\":\"https:\/\/lyonbondyblog.fr\/LBB\/tunisie-une-crise-qui-senlise\/#primaryimage\",\"url\":\"https:\/\/lyonbondyblog.fr\/LBB\/wp-content\/uploads\/2021\/09\/covit-tunisie.jpeg\",\"contentUrl\":\"https:\/\/lyonbondyblog.fr\/LBB\/wp-content\/uploads\/2021\/09\/covit-tunisie.jpeg\",\"width\":592,\"height\":296},{\"@type\":\"WebSite\",\"@id\":\"https:\/\/lyonbondyblog.fr\/LBB\/#website\",\"url\":\"https:\/\/lyonbondyblog.fr\/LBB\/\",\"name\":\"Lyon Bondy Blog\",\"description\":\"\",\"publisher\":{\"@id\":\"https:\/\/lyonbondyblog.fr\/LBB\/#organization\"},\"potentialAction\":[{\"@type\":\"SearchAction\",\"target\":{\"@type\":\"EntryPoint\",\"urlTemplate\":\"https:\/\/lyonbondyblog.fr\/LBB\/?s={search_term_string}\"},\"query-input\":\"required name=search_term_string\"}],\"inLanguage\":\"fr-FR\"},{\"@type\":\"Organization\",\"@id\":\"https:\/\/lyonbondyblog.fr\/LBB\/#organization\",\"name\":\"LYON BONDY BLOG\",\"url\":\"https:\/\/lyonbondyblog.fr\/LBB\/\",\"logo\":{\"@type\":\"ImageObject\",\"inLanguage\":\"fr-FR\",\"@id\":\"https:\/\/lyonbondyblog.fr\/LBB\/#\/schema\/logo\/image\/\",\"url\":\"http:\/\/lyonbondyblog.fr\/LBB\/wp-content\/uploads\/2014\/10\/logo-portable-144.png\",\"contentUrl\":\"http:\/\/lyonbondyblog.fr\/LBB\/wp-content\/uploads\/2014\/10\/logo-portable-144.png\",\"width\":144,\"height\":123,\"caption\":\"LYON BONDY BLOG\"},\"image\":{\"@id\":\"https:\/\/lyonbondyblog.fr\/LBB\/#\/schema\/logo\/image\/\"},\"sameAs\":[\"https:\/\/www.facebook.com\/lyonbondyblog\",\"https:\/\/x.com\/bondybloglyon\"]},{\"@type\":\"Person\",\"@id\":\"https:\/\/lyonbondyblog.fr\/LBB\/#\/schema\/person\/b89f8481c4017638298de40fbc9afb68\",\"name\":\"Amandine Leveneur\",\"sameAs\":[\"https:\/\/www.instagram.com\/amandine_leveneur\/?hl=fr\"],\"url\":\"https:\/\/lyonbondyblog.fr\/LBB\/author\/amandine\/\"}]}<\/script>\n<!-- \/ Yoast SEO plugin. -->","yoast_head_json":{"title":"Tunisie une crise qui s'enlise - Lyon Bondy Blog","description":"La Tunisie a subi de plein fouet la crise du Covid-19, et d\u00e9tient le pire bilan de toute l\u2019Afrique. Tout ceci sur font de crise politique.","robots":{"index":"index","follow":"follow","max-snippet":"max-snippet:-1","max-image-preview":"max-image-preview:large","max-video-preview":"max-video-preview:-1"},"canonical":"https:\/\/lyonbondyblog.fr\/LBB\/tunisie-une-crise-qui-senlise\/","og_locale":"fr_FR","og_type":"article","og_title":"Tunisie une crise qui s'enlise - Lyon Bondy Blog","og_description":"La Tunisie a subi de plein fouet la crise du Covid-19, et d\u00e9tient le pire bilan de toute l\u2019Afrique. Tout ceci sur font de crise politique.","og_url":"https:\/\/lyonbondyblog.fr\/LBB\/tunisie-une-crise-qui-senlise\/","og_site_name":"Lyon Bondy Blog","article_publisher":"https:\/\/www.facebook.com\/lyonbondyblog","article_published_time":"2021-09-07T15:10:17+00:00","article_modified_time":"2021-09-07T15:10:19+00:00","og_image":[{"width":592,"height":296,"url":"https:\/\/lyonbondyblog.fr\/LBB\/wp-content\/uploads\/2021\/09\/covit-tunisie.jpeg","type":"image\/jpeg"}],"author":"Amandine Leveneur","twitter_card":"summary_large_image","twitter_creator":"@bondybloglyon","twitter_site":"@bondybloglyon","schema":{"@context":"https:\/\/schema.org","@graph":[{"@type":"Article","@id":"https:\/\/lyonbondyblog.fr\/LBB\/tunisie-une-crise-qui-senlise\/#article","isPartOf":{"@id":"https:\/\/lyonbondyblog.fr\/LBB\/tunisie-une-crise-qui-senlise\/"},"author":{"name":"Amandine Leveneur","@id":"https:\/\/lyonbondyblog.fr\/LBB\/#\/schema\/person\/b89f8481c4017638298de40fbc9afb68"},"headline":"Tunisie une crise qui s&rsquo;enlise","datePublished":"2021-09-07T15:10:17+00:00","dateModified":"2021-09-07T15:10:19+00:00","mainEntityOfPage":{"@id":"https:\/\/lyonbondyblog.fr\/LBB\/tunisie-une-crise-qui-senlise\/"},"wordCount":529,"commentCount":0,"publisher":{"@id":"https:\/\/lyonbondyblog.fr\/LBB\/#organization"},"image":{"@id":"https:\/\/lyonbondyblog.fr\/LBB\/tunisie-une-crise-qui-senlise\/#primaryimage"},"thumbnailUrl":"https:\/\/lyonbondyblog.fr\/LBB\/wp-content\/uploads\/2021\/09\/covit-tunisie.jpeg","keywords":["19","covid","politique","tunisie"],"articleSection":["Politique"],"inLanguage":"fr-FR","potentialAction":[{"@type":"CommentAction","name":"Comment","target":["https:\/\/lyonbondyblog.fr\/LBB\/tunisie-une-crise-qui-senlise\/#respond"]}]},{"@type":"WebPage","@id":"https:\/\/lyonbondyblog.fr\/LBB\/tunisie-une-crise-qui-senlise\/","url":"https:\/\/lyonbondyblog.fr\/LBB\/tunisie-une-crise-qui-senlise\/","name":"Tunisie une crise qui s'enlise - Lyon Bondy Blog","isPartOf":{"@id":"https:\/\/lyonbondyblog.fr\/LBB\/#website"},"primaryImageOfPage":{"@id":"https:\/\/lyonbondyblog.fr\/LBB\/tunisie-une-crise-qui-senlise\/#primaryimage"},"image":{"@id":"https:\/\/lyonbondyblog.fr\/LBB\/tunisie-une-crise-qui-senlise\/#primaryimage"},"thumbnailUrl":"https:\/\/lyonbondyblog.fr\/LBB\/wp-content\/uploads\/2021\/09\/covit-tunisie.jpeg","datePublished":"2021-09-07T15:10:17+00:00","dateModified":"2021-09-07T15:10:19+00:00","description":"La Tunisie a subi de plein fouet la crise du Covid-19, et d\u00e9tient le pire bilan de toute l\u2019Afrique. Tout ceci sur font de crise politique.","inLanguage":"fr-FR","potentialAction":[{"@type":"ReadAction","target":["https:\/\/lyonbondyblog.fr\/LBB\/tunisie-une-crise-qui-senlise\/"]}]},{"@type":"ImageObject","inLanguage":"fr-FR","@id":"https:\/\/lyonbondyblog.fr\/LBB\/tunisie-une-crise-qui-senlise\/#primaryimage","url":"https:\/\/lyonbondyblog.fr\/LBB\/wp-content\/uploads\/2021\/09\/covit-tunisie.jpeg","contentUrl":"https:\/\/lyonbondyblog.fr\/LBB\/wp-content\/uploads\/2021\/09\/covit-tunisie.jpeg","width":592,"height":296},{"@type":"WebSite","@id":"https:\/\/lyonbondyblog.fr\/LBB\/#website","url":"https:\/\/lyonbondyblog.fr\/LBB\/","name":"Lyon Bondy Blog","description":"","publisher":{"@id":"https:\/\/lyonbondyblog.fr\/LBB\/#organization"},"potentialAction":[{"@type":"SearchAction","target":{"@type":"EntryPoint","urlTemplate":"https:\/\/lyonbondyblog.fr\/LBB\/?s={search_term_string}"},"query-input":"required name=search_term_string"}],"inLanguage":"fr-FR"},{"@type":"Organization","@id":"https:\/\/lyonbondyblog.fr\/LBB\/#organization","name":"LYON BONDY BLOG","url":"https:\/\/lyonbondyblog.fr\/LBB\/","logo":{"@type":"ImageObject","inLanguage":"fr-FR","@id":"https:\/\/lyonbondyblog.fr\/LBB\/#\/schema\/logo\/image\/","url":"http:\/\/lyonbondyblog.fr\/LBB\/wp-content\/uploads\/2014\/10\/logo-portable-144.png","contentUrl":"http:\/\/lyonbondyblog.fr\/LBB\/wp-content\/uploads\/2014\/10\/logo-portable-144.png","width":144,"height":123,"caption":"LYON BONDY BLOG"},"image":{"@id":"https:\/\/lyonbondyblog.fr\/LBB\/#\/schema\/logo\/image\/"},"sameAs":["https:\/\/www.facebook.com\/lyonbondyblog","https:\/\/x.com\/bondybloglyon"]},{"@type":"Person","@id":"https:\/\/lyonbondyblog.fr\/LBB\/#\/schema\/person\/b89f8481c4017638298de40fbc9afb68","name":"Amandine Leveneur","sameAs":["https:\/\/www.instagram.com\/amandine_leveneur\/?hl=fr"],"url":"https:\/\/lyonbondyblog.fr\/LBB\/author\/amandine\/"}]}},"_links":{"self":[{"href":"https:\/\/lyonbondyblog.fr\/LBB\/wp-json\/wp\/v2\/posts\/24891","targetHints":{"allow":["GET"]}}],"collection":[{"href":"https:\/\/lyonbondyblog.fr\/LBB\/wp-json\/wp\/v2\/posts"}],"about":[{"href":"https:\/\/lyonbondyblog.fr\/LBB\/wp-json\/wp\/v2\/types\/post"}],"author":[{"embeddable":true,"href":"https:\/\/lyonbondyblog.fr\/LBB\/wp-json\/wp\/v2\/users\/31857"}],"replies":[{"embeddable":true,"href":"https:\/\/lyonbondyblog.fr\/LBB\/wp-json\/wp\/v2\/comments?post=24891"}],"version-history":[{"count":1,"href":"https:\/\/lyonbondyblog.fr\/LBB\/wp-json\/wp\/v2\/posts\/24891\/revisions"}],"predecessor-version":[{"id":24893,"href":"https:\/\/lyonbondyblog.fr\/LBB\/wp-json\/wp\/v2\/posts\/24891\/revisions\/24893"}],"wp:featuredmedia":[{"embeddable":true,"href":"https:\/\/lyonbondyblog.fr\/LBB\/wp-json\/wp\/v2\/media\/24892"}],"wp:attachment":[{"href":"https:\/\/lyonbondyblog.fr\/LBB\/wp-json\/wp\/v2\/media?parent=24891"}],"wp:term":[{"taxonomy":"category","embeddable":true,"href":"https:\/\/lyonbondyblog.fr\/LBB\/wp-json\/wp\/v2\/categories?post=24891"},{"taxonomy":"post_tag","embeddable":true,"href":"https:\/\/lyonbondyblog.fr\/LBB\/wp-json\/wp\/v2\/tags?post=24891"}],"curies":[{"name":"wp","href":"https:\/\/api.w.org\/{rel}","templated":true}]}}