{"id":24865,"date":"2021-09-05T08:00:00","date_gmt":"2021-09-05T06:00:00","guid":{"rendered":"http:\/\/lyonbondyblog.fr\/LBB\/?p=24865"},"modified":"2021-09-04T22:18:40","modified_gmt":"2021-09-04T20:18:40","slug":"lyon-la-duchere-sincline-face-a-la-reserve-de-las-monaco","status":"publish","type":"post","link":"https:\/\/lyonbondyblog.fr\/LBB\/lyon-la-duchere-sincline-face-a-la-reserve-de-las-monaco\/","title":{"rendered":"Lyon-La Duch\u00e8re s\u2019incline face \u00e0 la r\u00e9serve de l\u2019AS Monaco"},"content":{"rendered":"\n<h3 class=\"wp-block-heading\">Malgr\u00e9 une prestation plut\u00f4t aboutie, le club du plateau a conc\u00e9d\u00e9 la d\u00e9faite (0-2) face \u00e0 l\u2019\u00e9quipe r\u00e9serve de l\u2019AS Monaco.&nbsp;<\/h3>\n\n\n\n<p>On en avait perdu l\u2019habitude : une semaine apr\u00e8s sa premi\u00e8re victoire de la saison \u00e0 Toulon (0-2), Lyon-La Duch\u00e8re recevait la r\u00e9serve de l\u2019AS Monaco dans un stade Balmont garni \u00e0 souhait. Nicolas Le Bellec \u00e9tait parti sur une d\u00e9fense \u00e0 trois avec Souleymane axe droit et Oun axe gauche autour de Sefil, porteur du brassard. Yannis Mbombo prenait la pointe, \u00e9paul\u00e9 notamment par Mohamed Soumah, l\u2019un des rares rescap\u00e9s de la saison 2020-2021, pass\u00e9 en \u00e9quipe premi\u00e8re en juin dernier.<\/p>\n\n\n\n<p>Les Sang et Or, couleur sang en cette fin d\u2019apr\u00e8s-midi, s\u2019offraient la premi\u00e8re occasion apr\u00e8s vingtaine de minutes bien rythm\u00e9es : \u00e0 la r\u00e9ception d\u2019un centre en retrait de Negouai, Soumah voyait sa frappe enroul\u00e9e passer de peu \u00e0 c\u00f4t\u00e9 du poteau oppos\u00e9 (21\u2019). La r\u00e9serve mon\u00e9gasque r\u00e9pond deux minutes plus tard sur coup franc, mais Kacou est vigilant sur le ballon de Lemarechal, plac\u00e9 juste sous sa barre (23\u2019). Remuants, les Duch\u00e9rois s\u2019offrent sans contestation possible les occasions les plus concr\u00e8tes de la premi\u00e8re p\u00e9riode mais Soumah rate le cadre sur un centre de Negouai (31\u2019), \u00e0 l\u2019instar de Ndiaye apr\u00e8s un cafouillage sur corner (37\u2019). Khetir s\u2019illustre en partant de sa moiti\u00e9 de terrain avant d\u2019effacer deux joueurs, parvenir jusqu&rsquo;\u00e0 la surface, s\u2019appuyer sur Soumah avant de centrer, mais le ballon finit repouss\u00e9 par la d\u00e9fense mon\u00e9gasque. Une premi\u00e8re mi-temps int\u00e9ressante et plut\u00f4t anim\u00e9e, qui se conclut sur un score vierge sous le regard des l\u00e9gendes lyonnaises Bernard Lacombe et Sonny Anderson, membre du nouveau staff de la Duch\u00e8re.<\/p>\n\n\n\n<h4 class=\"wp-block-heading\">Souleymane victime d\u2019un gros choc<\/h4>\n\n\n\n<p>Au retour des vestiaires, c\u2019est encore les joueurs du plateau qui se procurent la premi\u00e8re occasion franche, mais Soumah perd son duel face \u00e0 Zadi, malgr\u00e9 une dr\u00f4le de sortie du gardien mon\u00e9gasque (50\u2019). Les minutes qui suivent sont marqu\u00e9es par l\u2019inqui\u00e9tude suite \u00e0 un \u00e9norme choc avec Lemarechal qui laisse Souleymane compl\u00e8tement K.O. Transf\u00e9r\u00e9 \u00e0 l\u2019h\u00f4pital apr\u00e8s avoir repris ses esprits et avoir quitt\u00e9 le terrain en marchant, le joueur duch\u00e9rois, qui avait impressionn\u00e9 en d\u00e9but de match, donnera finalement des nouvelles rassurantes. Monaco ouvre le score presque dans la foul\u00e9e, sur un but de Dionou bien lanc\u00e9 en profondeur (0-1, 59\u2019).<\/p>\n\n\n\n<h4 class=\"wp-block-heading\">Des failles dans l\u2019axe<\/h4>\n\n\n\n<p>La domination lyonnaise est pourtant toujours effective, \u00e0 l\u2019image de Mbombo, qui reprend un centre du pied gauche dans les six m\u00e8tres adverses &#8211; tentative reprise de justesse par la d\u00e9fense mon\u00e9gasque. La Duch\u00e8re semble tourner autour du pot en deuxi\u00e8me mi-temps, parvenant \u00e0 se rapprocher du but de Zadi tout en semblant incapable de convertir ces incursions en but, la faute \u00e0 des impr\u00e9cisions techniques. Apr\u00e8s un passage \u00e0 une d\u00e9fense \u00e0 quatre en fin de matchs, les espaces se font plus nombreux  dans le dos de la charni\u00e8re duch\u00e9roise qui est plus expos\u00e9e, souvent pi\u00e9g\u00e9e plein axe en profondeur sur les situations de contre. Dans la foul\u00e9e d&rsquo;une \u00e9norme occasion de Oun, proche d\u2019\u00e9galiser sur corner mais qui, au lieu de reprendre directement, effectue un contr\u00f4le un peu long, Monaco double la mise sur un coup franc de Akliouche (0-2, 86\u2019). Malgr\u00e9 plusieurs occasions dans le temps additionnel, le score en restera l\u00e0 et la r\u00e9serve de l\u2019A.S Monaco empoche sa premi\u00e8re victoire de la saison de N2.\u00a0\u00a0<\/p>\n\n\n\n<p><strong>Lyon-La Duch\u00e8re :<\/strong> Kacou (1) &#8211; Oun (33), Sefil [C] (25), Souleymane (4) (Ngakoutou, 59\u2019) &#8211; Khatir (3), Ndiaye (10) (Benhamza, 63\u2019), Khetir (17), Negouai (34) &#8211; Mbombo (9), Soumah (20) (Fuss, 52\u2019), Moke (22).<\/p>\n\n\n\n<p><strong>Rempla\u00e7ants :<\/strong> Popp (16), Ngakoutou (23), Kante (18), Benhamza (8), Fuss (19).<\/p>\n\n\n\n<p><strong>Cartons jaunes : <\/strong>Sefil (23\u2019), Souleymane (55\u2019).<\/p>\n\n\n\n<p><strong>AS Monaco 2 : <\/strong>Zadi (1)- Semedo (11), Silva (3), El Maach [C] (5) (Babai, 9&prime;),\u00a0 Platret (2) &#8211; Bamba (6), Akliouche (10),\u00a0 Lemarechal (8) (Magassa, 57\u2019) &#8211;\u00a0 Dionou (9), Khida (7) (Ayiah, 81&prime;), Larade (5).<\/p>\n\n\n\n<p><br><strong>Rempla\u00e7ants : <\/strong>Babai (12), Magassa (13), Jiddou (14), Ayiah (15), Dupuis (16).<\/p>\n\n\n\n<h2 class=\"wp-block-heading\">Les r\u00e9actions<\/h2>\n\n\n<p><iframe loading=\"lazy\" width=\"100%\" height=\"300\" scrolling=\"no\" frameborder=\"no\" allow=\"autoplay\" src=\"https:\/\/w.soundcloud.com\/player\/?url=https%3A\/\/api.soundcloud.com\/tracks\/1118884009&amp;color=%23ff5500&amp;auto_play=false&amp;hide_related=false&amp;show_comments=true&amp;show_user=true&amp;show_reposts=false&amp;show_teaser=true&amp;visual=true\"><\/iframe><\/p>\n<div style=\"font-size: 10px; color: #cccccc;line-break: anywhere;word-break: normal;overflow: hidden;white-space: nowrap;text-overflow: ellipsis; font-family: Interstate,Lucida Grande,Lucida Sans Unicode,Lucida Sans,Garuda,Verdana,Tahoma,sans-serif;font-weight: 100;\"><a href=\"https:\/\/soundcloud.com\/yonondylog\" title=\"LBB Lyon Bondy Blog\" target=\"_blank\" style=\"color: #cccccc; text-decoration: none;\" rel=\"noopener\">LBB Lyon Bondy Blog<\/a> \u00b7 <a href=\"https:\/\/soundcloud.com\/yonondylog\/nicolas-le-bellec-trop-maladroits\" title=\"Nicolas Le Bellec : &quot;Trop maladroits&quot;\" target=\"_blank\" style=\"color: #cccccc; text-decoration: none;\" rel=\"noopener\">Nicolas Le Bellec : \u00ab\u00a0Trop maladroits\u00a0\u00bb<\/a><\/div><!-- AddThis Advanced Settings generic via filter on the_content --><!-- AddThis Share Buttons generic via filter on the_content -->","protected":false},"excerpt":{"rendered":"<p>Malgr\u00e9 une prestation plut\u00f4t aboutie, le club du plateau a conc\u00e9d\u00e9 la d\u00e9faite (0-2) face \u00e0 l\u2019\u00e9quipe r\u00e9serve de l\u2019AS Monaco.&nbsp; On en avait perdu &hellip; <!-- AddThis Advanced Settings generic via filter on wp_trim_excerpt --><!-- AddThis Share Buttons generic via filter on wp_trim_excerpt --><\/p>\n","protected":false},"author":1,"featured_media":24866,"comment_status":"open","ping_status":"open","sticky":true,"template":"","format":"standard","meta":{"_FSMCFIC_featured_image_caption":"","_FSMCFIC_featured_image_nocaption":"","_FSMCFIC_featured_image_hide":"","footnotes":""},"categories":[3888,14155],"tags":[],"class_list":["post-24865","post","type-post","status-publish","format-standard","has-post-thumbnail","hentry","category-football","category-la-duchere"],"yoast_head":"<!-- This site is optimized with the Yoast SEO plugin v22.8 - https:\/\/yoast.com\/wordpress\/plugins\/seo\/ -->\n<title>Lyon-La Duch\u00e8re s\u2019incline face \u00e0 la r\u00e9serve de l\u2019AS Monaco - Lyon Bondy Blog<\/title>\n<meta name=\"robots\" content=\"index, follow, max-snippet:-1, max-image-preview:large, max-video-preview:-1\" \/>\n<link rel=\"canonical\" href=\"https:\/\/lyonbondyblog.fr\/LBB\/lyon-la-duchere-sincline-face-a-la-reserve-de-las-monaco\/\" \/>\n<meta property=\"og:locale\" content=\"fr_FR\" \/>\n<meta property=\"og:type\" content=\"article\" \/>\n<meta property=\"og:title\" content=\"Lyon-La Duch\u00e8re s\u2019incline face \u00e0 la r\u00e9serve de l\u2019AS Monaco - Lyon Bondy Blog\" \/>\n<meta property=\"og:description\" content=\"Malgr\u00e9 une prestation plut\u00f4t aboutie, le club du plateau a conc\u00e9d\u00e9 la d\u00e9faite (0-2) face \u00e0 l\u2019\u00e9quipe r\u00e9serve de l\u2019AS Monaco.&nbsp; On en avait perdu &hellip;\" \/>\n<meta property=\"og:url\" content=\"https:\/\/lyonbondyblog.fr\/LBB\/lyon-la-duchere-sincline-face-a-la-reserve-de-las-monaco\/\" \/>\n<meta property=\"og:site_name\" content=\"Lyon Bondy Blog\" \/>\n<meta property=\"article:publisher\" content=\"https:\/\/www.facebook.com\/lyonbondyblog\" \/>\n<meta property=\"article:author\" content=\"https:\/\/www.facebook.com\/lyonbondyblog\" \/>\n<meta property=\"article:published_time\" content=\"2021-09-05T06:00:00+00:00\" \/>\n<meta property=\"article:modified_time\" content=\"2021-09-04T20:18:40+00:00\" \/>\n<meta property=\"og:image\" content=\"https:\/\/lyonbondyblog.fr\/LBB\/wp-content\/uploads\/2021\/09\/1630785687801-scaled.jpg\" \/>\n\t<meta property=\"og:image:width\" content=\"2560\" \/>\n\t<meta property=\"og:image:height\" content=\"1710\" \/>\n\t<meta property=\"og:image:type\" content=\"image\/jpeg\" \/>\n<meta name=\"author\" content=\"La r\u00e9daction\" \/>\n<meta name=\"twitter:card\" content=\"summary_large_image\" \/>\n<meta name=\"twitter:creator\" content=\"@BondyBlogLyon\" \/>\n<meta name=\"twitter:site\" content=\"@bondybloglyon\" \/>\n<script type=\"application\/ld+json\" class=\"yoast-schema-graph\">{\"@context\":\"https:\/\/schema.org\",\"@graph\":[{\"@type\":\"Article\",\"@id\":\"https:\/\/lyonbondyblog.fr\/LBB\/lyon-la-duchere-sincline-face-a-la-reserve-de-las-monaco\/#article\",\"isPartOf\":{\"@id\":\"https:\/\/lyonbondyblog.fr\/LBB\/lyon-la-duchere-sincline-face-a-la-reserve-de-las-monaco\/\"},\"author\":{\"name\":\"La r\u00e9daction\",\"@id\":\"https:\/\/lyonbondyblog.fr\/LBB\/#\/schema\/person\/e45f8d27baac75072daa0be50c409b25\"},\"headline\":\"Lyon-La Duch\u00e8re s\u2019incline face \u00e0 la r\u00e9serve de l\u2019AS Monaco\",\"datePublished\":\"2021-09-05T06:00:00+00:00\",\"dateModified\":\"2021-09-04T20:18:40+00:00\",\"mainEntityOfPage\":{\"@id\":\"https:\/\/lyonbondyblog.fr\/LBB\/lyon-la-duchere-sincline-face-a-la-reserve-de-las-monaco\/\"},\"wordCount\":706,\"commentCount\":0,\"publisher\":{\"@id\":\"https:\/\/lyonbondyblog.fr\/LBB\/#organization\"},\"image\":{\"@id\":\"https:\/\/lyonbondyblog.fr\/LBB\/lyon-la-duchere-sincline-face-a-la-reserve-de-las-monaco\/#primaryimage\"},\"thumbnailUrl\":\"https:\/\/lyonbondyblog.fr\/LBB\/wp-content\/uploads\/2021\/09\/1630785687801-scaled.jpg\",\"articleSection\":[\"Football\",\"La Duch\u00e8re\"],\"inLanguage\":\"fr-FR\",\"potentialAction\":[{\"@type\":\"CommentAction\",\"name\":\"Comment\",\"target\":[\"https:\/\/lyonbondyblog.fr\/LBB\/lyon-la-duchere-sincline-face-a-la-reserve-de-las-monaco\/#respond\"]}]},{\"@type\":\"WebPage\",\"@id\":\"https:\/\/lyonbondyblog.fr\/LBB\/lyon-la-duchere-sincline-face-a-la-reserve-de-las-monaco\/\",\"url\":\"https:\/\/lyonbondyblog.fr\/LBB\/lyon-la-duchere-sincline-face-a-la-reserve-de-las-monaco\/\",\"name\":\"Lyon-La Duch\u00e8re s\u2019incline face \u00e0 la r\u00e9serve de l\u2019AS Monaco - Lyon Bondy Blog\",\"isPartOf\":{\"@id\":\"https:\/\/lyonbondyblog.fr\/LBB\/#website\"},\"primaryImageOfPage\":{\"@id\":\"https:\/\/lyonbondyblog.fr\/LBB\/lyon-la-duchere-sincline-face-a-la-reserve-de-las-monaco\/#primaryimage\"},\"image\":{\"@id\":\"https:\/\/lyonbondyblog.fr\/LBB\/lyon-la-duchere-sincline-face-a-la-reserve-de-las-monaco\/#primaryimage\"},\"thumbnailUrl\":\"https:\/\/lyonbondyblog.fr\/LBB\/wp-content\/uploads\/2021\/09\/1630785687801-scaled.jpg\",\"datePublished\":\"2021-09-05T06:00:00+00:00\",\"dateModified\":\"2021-09-04T20:18:40+00:00\",\"inLanguage\":\"fr-FR\",\"potentialAction\":[{\"@type\":\"ReadAction\",\"target\":[\"https:\/\/lyonbondyblog.fr\/LBB\/lyon-la-duchere-sincline-face-a-la-reserve-de-las-monaco\/\"]}]},{\"@type\":\"ImageObject\",\"inLanguage\":\"fr-FR\",\"@id\":\"https:\/\/lyonbondyblog.fr\/LBB\/lyon-la-duchere-sincline-face-a-la-reserve-de-las-monaco\/#primaryimage\",\"url\":\"https:\/\/lyonbondyblog.fr\/LBB\/wp-content\/uploads\/2021\/09\/1630785687801-scaled.jpg\",\"contentUrl\":\"https:\/\/lyonbondyblog.fr\/LBB\/wp-content\/uploads\/2021\/09\/1630785687801-scaled.jpg\",\"width\":2560,\"height\":1710,\"caption\":\"Les Duch\u00e9rois ont \u00e9t\u00e9 trop impr\u00e9cis pour esp\u00e9rer prendre des points face \u00e0 la r\u00e9serve mon\u00e9gasque.\"},{\"@type\":\"WebSite\",\"@id\":\"https:\/\/lyonbondyblog.fr\/LBB\/#website\",\"url\":\"https:\/\/lyonbondyblog.fr\/LBB\/\",\"name\":\"Lyon Bondy Blog\",\"description\":\"\",\"publisher\":{\"@id\":\"https:\/\/lyonbondyblog.fr\/LBB\/#organization\"},\"potentialAction\":[{\"@type\":\"SearchAction\",\"target\":{\"@type\":\"EntryPoint\",\"urlTemplate\":\"https:\/\/lyonbondyblog.fr\/LBB\/?s={search_term_string}\"},\"query-input\":\"required name=search_term_string\"}],\"inLanguage\":\"fr-FR\"},{\"@type\":\"Organization\",\"@id\":\"https:\/\/lyonbondyblog.fr\/LBB\/#organization\",\"name\":\"LYON BONDY BLOG\",\"url\":\"https:\/\/lyonbondyblog.fr\/LBB\/\",\"logo\":{\"@type\":\"ImageObject\",\"inLanguage\":\"fr-FR\",\"@id\":\"https:\/\/lyonbondyblog.fr\/LBB\/#\/schema\/logo\/image\/\",\"url\":\"http:\/\/lyonbondyblog.fr\/LBB\/wp-content\/uploads\/2014\/10\/logo-portable-144.png\",\"contentUrl\":\"http:\/\/lyonbondyblog.fr\/LBB\/wp-content\/uploads\/2014\/10\/logo-portable-144.png\",\"width\":144,\"height\":123,\"caption\":\"LYON BONDY BLOG\"},\"image\":{\"@id\":\"https:\/\/lyonbondyblog.fr\/LBB\/#\/schema\/logo\/image\/\"},\"sameAs\":[\"https:\/\/www.facebook.com\/lyonbondyblog\",\"https:\/\/x.com\/bondybloglyon\"]},{\"@type\":\"Person\",\"@id\":\"https:\/\/lyonbondyblog.fr\/LBB\/#\/schema\/person\/e45f8d27baac75072daa0be50c409b25\",\"name\":\"La r\u00e9daction\",\"description\":\"Cr\u00e9e en 2008, la r\u00e9daction du Lyon Bondy Blog s'applique \u00e0 proposer une information locale diff\u00e9rente et compl\u00e9mentaire des m\u00e9dias traditionnels.\",\"sameAs\":[\"https:\/\/www.facebook.com\/lyonbondyblog\",\"https:\/\/x.com\/BondyBlogLyon\"],\"url\":\"https:\/\/lyonbondyblog.fr\/LBB\/author\/admin\/\"}]}<\/script>\n<!-- \/ Yoast SEO plugin. -->","yoast_head_json":{"title":"Lyon-La Duch\u00e8re s\u2019incline face \u00e0 la r\u00e9serve de l\u2019AS Monaco - Lyon Bondy Blog","robots":{"index":"index","follow":"follow","max-snippet":"max-snippet:-1","max-image-preview":"max-image-preview:large","max-video-preview":"max-video-preview:-1"},"canonical":"https:\/\/lyonbondyblog.fr\/LBB\/lyon-la-duchere-sincline-face-a-la-reserve-de-las-monaco\/","og_locale":"fr_FR","og_type":"article","og_title":"Lyon-La Duch\u00e8re s\u2019incline face \u00e0 la r\u00e9serve de l\u2019AS Monaco - Lyon Bondy Blog","og_description":"Malgr\u00e9 une prestation plut\u00f4t aboutie, le club du plateau a conc\u00e9d\u00e9 la d\u00e9faite (0-2) face \u00e0 l\u2019\u00e9quipe r\u00e9serve de l\u2019AS Monaco.&nbsp; On en avait perdu &hellip;","og_url":"https:\/\/lyonbondyblog.fr\/LBB\/lyon-la-duchere-sincline-face-a-la-reserve-de-las-monaco\/","og_site_name":"Lyon Bondy Blog","article_publisher":"https:\/\/www.facebook.com\/lyonbondyblog","article_author":"https:\/\/www.facebook.com\/lyonbondyblog","article_published_time":"2021-09-05T06:00:00+00:00","article_modified_time":"2021-09-04T20:18:40+00:00","og_image":[{"width":2560,"height":1710,"url":"https:\/\/lyonbondyblog.fr\/LBB\/wp-content\/uploads\/2021\/09\/1630785687801-scaled.jpg","type":"image\/jpeg"}],"author":"La r\u00e9daction","twitter_card":"summary_large_image","twitter_creator":"@BondyBlogLyon","twitter_site":"@bondybloglyon","schema":{"@context":"https:\/\/schema.org","@graph":[{"@type":"Article","@id":"https:\/\/lyonbondyblog.fr\/LBB\/lyon-la-duchere-sincline-face-a-la-reserve-de-las-monaco\/#article","isPartOf":{"@id":"https:\/\/lyonbondyblog.fr\/LBB\/lyon-la-duchere-sincline-face-a-la-reserve-de-las-monaco\/"},"author":{"name":"La r\u00e9daction","@id":"https:\/\/lyonbondyblog.fr\/LBB\/#\/schema\/person\/e45f8d27baac75072daa0be50c409b25"},"headline":"Lyon-La Duch\u00e8re s\u2019incline face \u00e0 la r\u00e9serve de l\u2019AS Monaco","datePublished":"2021-09-05T06:00:00+00:00","dateModified":"2021-09-04T20:18:40+00:00","mainEntityOfPage":{"@id":"https:\/\/lyonbondyblog.fr\/LBB\/lyon-la-duchere-sincline-face-a-la-reserve-de-las-monaco\/"},"wordCount":706,"commentCount":0,"publisher":{"@id":"https:\/\/lyonbondyblog.fr\/LBB\/#organization"},"image":{"@id":"https:\/\/lyonbondyblog.fr\/LBB\/lyon-la-duchere-sincline-face-a-la-reserve-de-las-monaco\/#primaryimage"},"thumbnailUrl":"https:\/\/lyonbondyblog.fr\/LBB\/wp-content\/uploads\/2021\/09\/1630785687801-scaled.jpg","articleSection":["Football","La Duch\u00e8re"],"inLanguage":"fr-FR","potentialAction":[{"@type":"CommentAction","name":"Comment","target":["https:\/\/lyonbondyblog.fr\/LBB\/lyon-la-duchere-sincline-face-a-la-reserve-de-las-monaco\/#respond"]}]},{"@type":"WebPage","@id":"https:\/\/lyonbondyblog.fr\/LBB\/lyon-la-duchere-sincline-face-a-la-reserve-de-las-monaco\/","url":"https:\/\/lyonbondyblog.fr\/LBB\/lyon-la-duchere-sincline-face-a-la-reserve-de-las-monaco\/","name":"Lyon-La Duch\u00e8re s\u2019incline face \u00e0 la r\u00e9serve de l\u2019AS Monaco - Lyon Bondy Blog","isPartOf":{"@id":"https:\/\/lyonbondyblog.fr\/LBB\/#website"},"primaryImageOfPage":{"@id":"https:\/\/lyonbondyblog.fr\/LBB\/lyon-la-duchere-sincline-face-a-la-reserve-de-las-monaco\/#primaryimage"},"image":{"@id":"https:\/\/lyonbondyblog.fr\/LBB\/lyon-la-duchere-sincline-face-a-la-reserve-de-las-monaco\/#primaryimage"},"thumbnailUrl":"https:\/\/lyonbondyblog.fr\/LBB\/wp-content\/uploads\/2021\/09\/1630785687801-scaled.jpg","datePublished":"2021-09-05T06:00:00+00:00","dateModified":"2021-09-04T20:18:40+00:00","inLanguage":"fr-FR","potentialAction":[{"@type":"ReadAction","target":["https:\/\/lyonbondyblog.fr\/LBB\/lyon-la-duchere-sincline-face-a-la-reserve-de-las-monaco\/"]}]},{"@type":"ImageObject","inLanguage":"fr-FR","@id":"https:\/\/lyonbondyblog.fr\/LBB\/lyon-la-duchere-sincline-face-a-la-reserve-de-las-monaco\/#primaryimage","url":"https:\/\/lyonbondyblog.fr\/LBB\/wp-content\/uploads\/2021\/09\/1630785687801-scaled.jpg","contentUrl":"https:\/\/lyonbondyblog.fr\/LBB\/wp-content\/uploads\/2021\/09\/1630785687801-scaled.jpg","width":2560,"height":1710,"caption":"Les Duch\u00e9rois ont \u00e9t\u00e9 trop impr\u00e9cis pour esp\u00e9rer prendre des points face \u00e0 la r\u00e9serve mon\u00e9gasque."},{"@type":"WebSite","@id":"https:\/\/lyonbondyblog.fr\/LBB\/#website","url":"https:\/\/lyonbondyblog.fr\/LBB\/","name":"Lyon Bondy Blog","description":"","publisher":{"@id":"https:\/\/lyonbondyblog.fr\/LBB\/#organization"},"potentialAction":[{"@type":"SearchAction","target":{"@type":"EntryPoint","urlTemplate":"https:\/\/lyonbondyblog.fr\/LBB\/?s={search_term_string}"},"query-input":"required name=search_term_string"}],"inLanguage":"fr-FR"},{"@type":"Organization","@id":"https:\/\/lyonbondyblog.fr\/LBB\/#organization","name":"LYON BONDY BLOG","url":"https:\/\/lyonbondyblog.fr\/LBB\/","logo":{"@type":"ImageObject","inLanguage":"fr-FR","@id":"https:\/\/lyonbondyblog.fr\/LBB\/#\/schema\/logo\/image\/","url":"http:\/\/lyonbondyblog.fr\/LBB\/wp-content\/uploads\/2014\/10\/logo-portable-144.png","contentUrl":"http:\/\/lyonbondyblog.fr\/LBB\/wp-content\/uploads\/2014\/10\/logo-portable-144.png","width":144,"height":123,"caption":"LYON BONDY BLOG"},"image":{"@id":"https:\/\/lyonbondyblog.fr\/LBB\/#\/schema\/logo\/image\/"},"sameAs":["https:\/\/www.facebook.com\/lyonbondyblog","https:\/\/x.com\/bondybloglyon"]},{"@type":"Person","@id":"https:\/\/lyonbondyblog.fr\/LBB\/#\/schema\/person\/e45f8d27baac75072daa0be50c409b25","name":"La r\u00e9daction","description":"Cr\u00e9e en 2008, la r\u00e9daction du Lyon Bondy Blog s'applique \u00e0 proposer une information locale diff\u00e9rente et compl\u00e9mentaire des m\u00e9dias traditionnels.","sameAs":["https:\/\/www.facebook.com\/lyonbondyblog","https:\/\/x.com\/BondyBlogLyon"],"url":"https:\/\/lyonbondyblog.fr\/LBB\/author\/admin\/"}]}},"_links":{"self":[{"href":"https:\/\/lyonbondyblog.fr\/LBB\/wp-json\/wp\/v2\/posts\/24865","targetHints":{"allow":["GET"]}}],"collection":[{"href":"https:\/\/lyonbondyblog.fr\/LBB\/wp-json\/wp\/v2\/posts"}],"about":[{"href":"https:\/\/lyonbondyblog.fr\/LBB\/wp-json\/wp\/v2\/types\/post"}],"author":[{"embeddable":true,"href":"https:\/\/lyonbondyblog.fr\/LBB\/wp-json\/wp\/v2\/users\/1"}],"replies":[{"embeddable":true,"href":"https:\/\/lyonbondyblog.fr\/LBB\/wp-json\/wp\/v2\/comments?post=24865"}],"version-history":[{"count":5,"href":"https:\/\/lyonbondyblog.fr\/LBB\/wp-json\/wp\/v2\/posts\/24865\/revisions"}],"predecessor-version":[{"id":24872,"href":"https:\/\/lyonbondyblog.fr\/LBB\/wp-json\/wp\/v2\/posts\/24865\/revisions\/24872"}],"wp:featuredmedia":[{"embeddable":true,"href":"https:\/\/lyonbondyblog.fr\/LBB\/wp-json\/wp\/v2\/media\/24866"}],"wp:attachment":[{"href":"https:\/\/lyonbondyblog.fr\/LBB\/wp-json\/wp\/v2\/media?parent=24865"}],"wp:term":[{"taxonomy":"category","embeddable":true,"href":"https:\/\/lyonbondyblog.fr\/LBB\/wp-json\/wp\/v2\/categories?post=24865"},{"taxonomy":"post_tag","embeddable":true,"href":"https:\/\/lyonbondyblog.fr\/LBB\/wp-json\/wp\/v2\/tags?post=24865"}],"curies":[{"name":"wp","href":"https:\/\/api.w.org\/{rel}","templated":true}]}}