{"id":24860,"date":"2021-09-04T21:23:45","date_gmt":"2021-09-04T19:23:45","guid":{"rendered":"http:\/\/lyonbondyblog.fr\/LBB\/?p=24860"},"modified":"2021-09-06T10:12:25","modified_gmt":"2021-09-06T08:12:25","slug":"victimes-de-violences-conjugales-la-lutte-nest-pas-finie","status":"publish","type":"post","link":"https:\/\/lyonbondyblog.fr\/LBB\/victimes-de-violences-conjugales-la-lutte-nest-pas-finie\/","title":{"rendered":"Victimes de violences conjugales: la lutte n\u2019est pas finie"},"content":{"rendered":"\n<p class=\"has-medium-font-size\"><strong>La France n\u2019est pas la meilleure \u00e9l\u00e8ve de l&rsquo;Europe concernant la lutte contre les violences faites aux femmes, et les chiffres de 2021 viennent appuyer ce fait. Depuis le d\u00e9but de l\u2019ann\u00e9e,&nbsp; 48 femmes sont mortes sous les coups de leurs conjoints ou ex-conjoints et plus de 220 000 fran\u00e7aises d\u00e9clarent subir des violences physiques ou psychologique de la part de leur partenaire.<\/strong><\/p>\n\n\n\n<p>Malgr\u00e9 les nombreuses avanc\u00e9es ces derni\u00e8res ann\u00e9es, Ma\u00eetre <a href=\"https:\/\/leyvalgranger.fr\/\" target=\"_blank\" rel=\"noreferrer noopener\">Anne Leyval-Granger<\/a>, avocat au barreau de Lyon, sp\u00e9cialiste des violences intra familiales et conjugales, ainsi que<a href=\"https:\/\/twitter.com\/DjamilaSchafter?ref_src=twsrc%5Egoogle%7Ctwcamp%5Eserp%7Ctwgr%5Eauthor\" target=\"_blank\" rel=\"noreferrer noopener\"> Djamila Schafter,<\/a> chef de projet et pr\u00e9sidente de l\u2019association \u00ab Entr\u2019elles et eux \u00bb, soulignent encore lors d\u2019une interview pour le Lyon Bondy Blog, la n\u00e9cessit\u00e9 de mieux prot\u00e9ger les victimes de violences conjugales.<\/p>\n\n\n\n<p><em>\u201cJ\u2019avais \u00e9t\u00e9 assez contente au d\u00e9but, <a href=\"https:\/\/www.lexpress.fr\/actualite\/societe\/macron-declare-l-egalite-femmes-hommes-grande-cause-du-quinquennat_1963710.html\" target=\"_blank\" rel=\"noreferrer noopener\">d\u2019Emmanuel Macron et de son discours<\/a>, dans lequel il disait faire du sujet des violences conjugales une priorit\u00e9 dans son quinquennat<\/em>\u201d, commence tranquillement l\u2019avocate. Venue avec son amie et coll\u00e8gue Djamila, Anne Leyval-Granger est une de ces militantes qui ne baisse jamais les bras. Deux ans apr\u00e8s <a href=\"https:\/\/www.vie-publique.fr\/en-bref\/272008-grenelle-contre-les-violences-conjugales-les-mesures-annoncees\" target=\"_blank\" rel=\"noreferrer noopener\">les Grenelles de 2019<\/a> qui devaient permettre \u00e0 la cause des femmes violent\u00e9es d\u2019avancer, les deux femmes font le point de ce qu\u2019est r\u00e9ellement leur quotidien.\u00a0<br>\u201c<em>On ne peut pas dire que rien n\u2019a \u00e9t\u00e9 fait, mais c\u2019\u00e9tait pas forc\u00e9ment la peine de cr\u00e9er de nouvelles lois. Il y avait d\u00e9j\u00e0 de nombreuses dispositions qui existent, il suffit de les faire appliquer. Mais les moyens n\u2019y sont pas mis\u201d<\/em>, d\u00e9plorent-t-elles.<\/p>\n\n\n\n<figure class=\"wp-block-embed is-type-rich is-provider-twitter wp-block-embed-twitter\"><div class=\"wp-block-embed__wrapper\">\nhttps:\/\/twitter.com\/YaelMellul\/status\/1433734969705312298\n<\/div><\/figure>\n\n\n\n<h4 class=\"wp-block-heading\">Comme ailleurs en Europe\u2026<\/h4>\n\n\n\n<p>Anne et Djamila travaillent au quotidien avec des femmes violent\u00e9es. Djamila Schafter est la pr\u00e9sidente\u00a0 de l\u2019association \u00ab Entr\u2019Elles et Eux \u00bb qui lutte pour une soci\u00e9t\u00e9 mixte, \u00e9galitaire et inclusive et travaille en bin\u00f4me avec Ma\u00eetre Leyval-Granger sur diverses affaires. Elles font donc souvent face \u00e0 des probl\u00e8mes de juridictions et de bureaucratie r\u00e9currents. Anne.L-G nous fait un point sur les probl\u00e8mes qu\u2019elles rencontrent et les solutions qu\u2019elles auraient voulu voir mises en place.<\/p>\n\n\n\n<p><em>\u201cEn France, on a un probl\u00e8me de moyens. <strong>Il n\u2019y a pas assez de psychiatres pour esp\u00e9rer avoir un suivi psychologique ou psychiatrique des accus\u00e9s, ou des victimes.<\/strong> Il n\u2019y a pas assez d\u2019experts, pas assez de juges d\u2019application des peines non plus. Les dossiers s\u2019entassent et on a pas toujours le temps de les passer au peigne fin, alors on fait avec ce qu\u2019on a. Lorsque l\u2019on d\u00e9fend une affaire de violences conjugales, <strong>on est sur plusieurs fronts, on doit affronter le juge des affaires familiales, le juge des enfants, et le tribunal correctionnel. <\/strong>Chacun travaille de son c\u00f4t\u00e9, et travaille bien, mais au final entre chaque partie il y a tr\u00e8s peu de communication.<\/em><\/p>\n\n\n\n<p><em> Ce qu\u2019il faudrait, c\u2019est <strong>un travail en coll\u00e9gialit\u00e9<\/strong>, comme ailleurs en Europe, ou comme en m\u00e9decine aujourd\u2019hui. Ne pas avoir l\u2019avis d\u2019un seul expert, et <\/em>\u00e9changer les angles de vues sur une affaire, \u00e7a peut tout changer et \u00e9viter des erreurs.\u201d propose l\u2019experte juridique.<em>\u201c<strong> La vraie solution, ce serait des juridictions sp\u00e9cialis\u00e9es.<\/strong> Cependant, le gouvernement ne veut pas en entendre parler.Et je reste convaincue que c\u2019est le seul dispositif qui pourrait prot\u00e9ger les femmes. \u00e7a se fait en Espagne et \u00e7a marche super bien<\/em>.\u201d explique-t-elle r\u00e9sign\u00e9e.<\/p>\n\n\n\n<h4 class=\"wp-block-heading\">Un probl\u00e8me de volont\u00e9 politique<\/h4>\n\n\n\n<p>Selon Djamila Schafter, si la cause n\u2019avance pas en France, c\u2019est avant tout \u00e0 cause <strong>d\u2019une involont\u00e9 politique<\/strong> manifeste, notamment en mati\u00e8re de justice.<br><em>\u201cOn sait tout faire, on sait ou emmener une femme pour qu\u2019elle soit en s\u00e9curit\u00e9, l\u2019aider dans ses d\u00e9marches, mais c\u2019est le apr\u00e8s ou on peut moins intervenir. Les associations d\u00e9bordent d\u2019id\u00e9es mais n\u2019ont pas de subventions ou de budget ad\u00e9quat, <\/em>explique la praticienne.<strong> C<em>e qu\u2019il manque clairement pour lutter contre la violence conjugale, c\u2019est la volont\u00e9 politique.\u00a0 Alors<\/em><\/strong><em> <\/em><strong><em>ce qu\u2019il y a de positif, c\u2019est qu\u2019on a jamais autant abord\u00e9 le sujet en France que depuis ces derni\u00e8res ann\u00e9es. Il y a une prise de conscience collective, mais derri\u00e8re ces mots, il y a des vies, et puis il y a des morts&#8230;\u201d<\/em> <\/strong><\/p>\n\n\n\n<p>Cependant, la pr\u00e9sidente d\u2019association reste optimiste. <em>\u201cMalgr\u00e9 tout les choses avancent, par exemple \u00e0 la gendarmerie ou \u00e0 la police, il y a un meilleur accueil. Il y a une revalorisation de la parole de la femme, et certains membres des forces de l\u2019ordre ont re\u00e7u une formation sp\u00e9cifique afin de savoir recueillir cette parole. Il y a de plus en plus de places d\u2019h\u00e9bergements, les lieux d&rsquo;accueil se sont multipli\u00e9s. Le fait de pouvoir porter plainte en h\u00f4pital, ou se faire signaler en pharmacie, ce sont de tr\u00e8s bonnes id\u00e9es. Et puis surtout, la soci\u00e9t\u00e9 a chang\u00e9 de mentalit\u00e9 sur ces faits. Aujourd\u2019hui, tout le monde sait pertinemment que cogner sa femme c\u2019est mal.<strong> Le 3919 <\/strong>est de plus en plus connu, jusque dans la campagne. Ce num\u00e9ro d\u2019urgence est d\u2019ailleurs depuis quelques jours pass\u00e9 24h\/24.<\/em>\u00ab\u00a0<\/p>\n\n\n\n<h4 class=\"wp-block-heading\">R\u00e9seaux sociaux: une si bonne arme que \u00e7a ?<\/h4>\n\n\n\n<p>A l\u2019\u00e8re d\u2019Instagram, de Tik-Tok et de l&rsquo;expansion du web en g\u00e9n\u00e9ral, les sujets comme celui des violences fa\u00eetes aux femmes, sont des sujets tr\u00e8s d\u00e9mocratis\u00e9s. La parole se lib\u00e8re, des t\u00e9moignages fleurissent et des jeunes femmes sont sensibilis\u00e9es. Mais juridiquement c\u2019est autre chose. Anne.L-G nous explique :<em> \u201cObjectivement, on perd tout le temps. Ou du moins on gagne tr\u00e8s rarement. Les femmes finissent par vouloir se faire justice seule; par la presse, ou les r\u00e9seaux sociaux. <\/em><\/p>\n\n\n\n<p><em>Ces cris d\u2019alerte, le juge va les consid\u00e9rer comme une preuve de l\u2019instabilit\u00e9 de la m\u00e8re, alors qu\u2019elle cherche juste de l\u2019aide.\u00a0 Chercher \u00e0 faire entendre sa cause sur les r\u00e9seaux sociaux en m\u00eame temps qu\u2019une proc\u00e9dure judiciaire peut \u00eatre vraiment d\u00e9favorable. Au contraire, une femme consid\u00e9r\u00e9e comme instable risque de perdre la garde de ses enfants. C\u2019est pareil pour les \u00e9missions t\u00e9l\u00e9, la presse ou <strong>toute forme de visibilit\u00e9 jug\u00e9e excessive<\/strong>. Apr\u00e8s je reste convaincue que les r\u00e9seaux sociaux est un mode de communication <strong>qui lib\u00e8re la parole<\/strong>. Mais a contrario le cyber harc\u00e8lement existe aussi. C\u2019est une question qui est partag\u00e9e.\u201d<\/em><\/p>\n\n\n\n<p><em>\u201cCe qui va tout changer, c&rsquo;est la soci\u00e9t\u00e9 civil<\/em>e, explique Djamila S. <em>Aujourd\u2019hui tout le monde sait qu\u2019on ne doit pas frapper sa compagne ou son ex-concubine, un voisin, un ami, un vendeur peut alerter les autorit\u00e9s si il soup\u00e7onne quelque chose. Et on aura une vraie r\u00e9ponse politique le jour o\u00f9 on travaillera avec un coll\u00e8ge d\u2019experts, ou \u00e0 minima, un parquet sp\u00e9cialis\u00e9.&nbsp; On y arrive ailleurs dans le monde, alors pourquoi pas chez nous ? La coll\u00e9gialit\u00e9 implique un travail de toute les parties et de la communication, ce qui permet \u00e0 la victime de se sentir \u00e9cout\u00e9e, entour\u00e9e et au dossier d\u2019avancer plus vite. Au final ce serait b\u00e9n\u00e9fique pour tout le monde.&nbsp;<\/em><\/p>\n\n\n\n<figure class=\"wp-block-pullquote\"><blockquote><p>Si vous \u00eates victimes de violences au sein de votre foyer, vous pouvez appeler le 3919 afin de trouver de l\u2019aide. Le 17 ou un sms au 114 en cas d\u2019urgence et la plateforme arr\u00eatonslesviolences.gouv<\/p><p><\/p><\/blockquote><\/figure>\n\n\n\n<p>Amandine Leveneur<\/p>\n<!-- AddThis Advanced Settings generic via filter on the_content --><!-- AddThis Share Buttons generic via filter on the_content -->","protected":false},"excerpt":{"rendered":"<p>La France n\u2019est pas la meilleure \u00e9l\u00e8ve de l&rsquo;Europe concernant la lutte contre les violences faites aux femmes, et les chiffres de 2021 viennent appuyer &hellip; <!-- AddThis Advanced Settings generic via filter on wp_trim_excerpt --><!-- AddThis Share Buttons generic via filter on wp_trim_excerpt --><\/p>\n","protected":false},"author":1,"featured_media":24861,"comment_status":"open","ping_status":"open","sticky":true,"template":"","format":"standard","meta":{"_FSMCFIC_featured_image_caption":"","_FSMCFIC_featured_image_nocaption":"","_FSMCFIC_featured_image_hide":"","footnotes":""},"categories":[22680,14149],"tags":[],"class_list":["post-24860","post","type-post","status-publish","format-standard","has-post-thumbnail","hentry","category-feminisme","category-violences-conjugales"],"yoast_head":"<!-- This site is optimized with the Yoast SEO plugin v22.8 - https:\/\/yoast.com\/wordpress\/plugins\/seo\/ -->\n<title>Victimes de violences conjugales: la lutte n\u2019est pas finie - Lyon Bondy Blog<\/title>\n<meta name=\"description\" content=\"violences intra familiales et conjugales=)La France n\u2019est pas la meilleure \u00e9l\u00e8ve de l&#039;Europe la lutte contre les violences faites aux femmes,\" \/>\n<meta name=\"robots\" content=\"index, follow, max-snippet:-1, max-image-preview:large, max-video-preview:-1\" \/>\n<link rel=\"canonical\" href=\"https:\/\/lyonbondyblog.fr\/LBB\/victimes-de-violences-conjugales-la-lutte-nest-pas-finie\/\" \/>\n<meta property=\"og:locale\" content=\"fr_FR\" \/>\n<meta property=\"og:type\" content=\"article\" \/>\n<meta property=\"og:title\" content=\"Victimes de violences conjugales: la lutte n\u2019est pas finie - Lyon Bondy Blog\" \/>\n<meta property=\"og:description\" content=\"violences intra familiales et conjugales=)La France n\u2019est pas la meilleure \u00e9l\u00e8ve de l&#039;Europe la lutte contre les violences faites aux femmes,\" \/>\n<meta property=\"og:url\" content=\"https:\/\/lyonbondyblog.fr\/LBB\/victimes-de-violences-conjugales-la-lutte-nest-pas-finie\/\" \/>\n<meta property=\"og:site_name\" content=\"Lyon Bondy Blog\" \/>\n<meta property=\"article:publisher\" content=\"https:\/\/www.facebook.com\/lyonbondyblog\" \/>\n<meta property=\"article:author\" content=\"https:\/\/www.facebook.com\/lyonbondyblog\" \/>\n<meta property=\"article:published_time\" content=\"2021-09-04T19:23:45+00:00\" \/>\n<meta property=\"article:modified_time\" content=\"2021-09-06T08:12:25+00:00\" \/>\n<meta property=\"og:image\" content=\"https:\/\/lyonbondyblog.fr\/LBB\/wp-content\/uploads\/2021\/09\/241120031_326959649162646_3052491092511661279_n-scaled.jpg\" \/>\n\t<meta property=\"og:image:width\" content=\"2560\" \/>\n\t<meta property=\"og:image:height\" content=\"1920\" \/>\n\t<meta property=\"og:image:type\" content=\"image\/jpeg\" \/>\n<meta name=\"author\" content=\"La r\u00e9daction\" \/>\n<meta name=\"twitter:card\" content=\"summary_large_image\" \/>\n<meta name=\"twitter:creator\" content=\"@BondyBlogLyon\" \/>\n<meta name=\"twitter:site\" content=\"@bondybloglyon\" \/>\n<script type=\"application\/ld+json\" class=\"yoast-schema-graph\">{\"@context\":\"https:\/\/schema.org\",\"@graph\":[{\"@type\":\"Article\",\"@id\":\"https:\/\/lyonbondyblog.fr\/LBB\/victimes-de-violences-conjugales-la-lutte-nest-pas-finie\/#article\",\"isPartOf\":{\"@id\":\"https:\/\/lyonbondyblog.fr\/LBB\/victimes-de-violences-conjugales-la-lutte-nest-pas-finie\/\"},\"author\":{\"name\":\"La r\u00e9daction\",\"@id\":\"https:\/\/lyonbondyblog.fr\/LBB\/#\/schema\/person\/e45f8d27baac75072daa0be50c409b25\"},\"headline\":\"Victimes de violences conjugales: la lutte n\u2019est pas finie\",\"datePublished\":\"2021-09-04T19:23:45+00:00\",\"dateModified\":\"2021-09-06T08:12:25+00:00\",\"mainEntityOfPage\":{\"@id\":\"https:\/\/lyonbondyblog.fr\/LBB\/victimes-de-violences-conjugales-la-lutte-nest-pas-finie\/\"},\"wordCount\":1305,\"commentCount\":0,\"publisher\":{\"@id\":\"https:\/\/lyonbondyblog.fr\/LBB\/#organization\"},\"image\":{\"@id\":\"https:\/\/lyonbondyblog.fr\/LBB\/victimes-de-violences-conjugales-la-lutte-nest-pas-finie\/#primaryimage\"},\"thumbnailUrl\":\"https:\/\/lyonbondyblog.fr\/LBB\/wp-content\/uploads\/2021\/09\/241120031_326959649162646_3052491092511661279_n-scaled.jpg\",\"articleSection\":[\"F\u00e9minisme\",\"Violences conjugales\"],\"inLanguage\":\"fr-FR\",\"potentialAction\":[{\"@type\":\"CommentAction\",\"name\":\"Comment\",\"target\":[\"https:\/\/lyonbondyblog.fr\/LBB\/victimes-de-violences-conjugales-la-lutte-nest-pas-finie\/#respond\"]}]},{\"@type\":\"WebPage\",\"@id\":\"https:\/\/lyonbondyblog.fr\/LBB\/victimes-de-violences-conjugales-la-lutte-nest-pas-finie\/\",\"url\":\"https:\/\/lyonbondyblog.fr\/LBB\/victimes-de-violences-conjugales-la-lutte-nest-pas-finie\/\",\"name\":\"Victimes de violences conjugales: la lutte n\u2019est pas finie - Lyon Bondy Blog\",\"isPartOf\":{\"@id\":\"https:\/\/lyonbondyblog.fr\/LBB\/#website\"},\"primaryImageOfPage\":{\"@id\":\"https:\/\/lyonbondyblog.fr\/LBB\/victimes-de-violences-conjugales-la-lutte-nest-pas-finie\/#primaryimage\"},\"image\":{\"@id\":\"https:\/\/lyonbondyblog.fr\/LBB\/victimes-de-violences-conjugales-la-lutte-nest-pas-finie\/#primaryimage\"},\"thumbnailUrl\":\"https:\/\/lyonbondyblog.fr\/LBB\/wp-content\/uploads\/2021\/09\/241120031_326959649162646_3052491092511661279_n-scaled.jpg\",\"datePublished\":\"2021-09-04T19:23:45+00:00\",\"dateModified\":\"2021-09-06T08:12:25+00:00\",\"description\":\"violences intra familiales et conjugales=)La France n\u2019est pas la meilleure \u00e9l\u00e8ve de l'Europe la lutte contre les violences faites aux femmes,\",\"inLanguage\":\"fr-FR\",\"potentialAction\":[{\"@type\":\"ReadAction\",\"target\":[\"https:\/\/lyonbondyblog.fr\/LBB\/victimes-de-violences-conjugales-la-lutte-nest-pas-finie\/\"]}]},{\"@type\":\"ImageObject\",\"inLanguage\":\"fr-FR\",\"@id\":\"https:\/\/lyonbondyblog.fr\/LBB\/victimes-de-violences-conjugales-la-lutte-nest-pas-finie\/#primaryimage\",\"url\":\"https:\/\/lyonbondyblog.fr\/LBB\/wp-content\/uploads\/2021\/09\/241120031_326959649162646_3052491092511661279_n-scaled.jpg\",\"contentUrl\":\"https:\/\/lyonbondyblog.fr\/LBB\/wp-content\/uploads\/2021\/09\/241120031_326959649162646_3052491092511661279_n-scaled.jpg\",\"width\":2560,\"height\":1920},{\"@type\":\"WebSite\",\"@id\":\"https:\/\/lyonbondyblog.fr\/LBB\/#website\",\"url\":\"https:\/\/lyonbondyblog.fr\/LBB\/\",\"name\":\"Lyon Bondy Blog\",\"description\":\"\",\"publisher\":{\"@id\":\"https:\/\/lyonbondyblog.fr\/LBB\/#organization\"},\"potentialAction\":[{\"@type\":\"SearchAction\",\"target\":{\"@type\":\"EntryPoint\",\"urlTemplate\":\"https:\/\/lyonbondyblog.fr\/LBB\/?s={search_term_string}\"},\"query-input\":\"required name=search_term_string\"}],\"inLanguage\":\"fr-FR\"},{\"@type\":\"Organization\",\"@id\":\"https:\/\/lyonbondyblog.fr\/LBB\/#organization\",\"name\":\"LYON BONDY BLOG\",\"url\":\"https:\/\/lyonbondyblog.fr\/LBB\/\",\"logo\":{\"@type\":\"ImageObject\",\"inLanguage\":\"fr-FR\",\"@id\":\"https:\/\/lyonbondyblog.fr\/LBB\/#\/schema\/logo\/image\/\",\"url\":\"http:\/\/lyonbondyblog.fr\/LBB\/wp-content\/uploads\/2014\/10\/logo-portable-144.png\",\"contentUrl\":\"http:\/\/lyonbondyblog.fr\/LBB\/wp-content\/uploads\/2014\/10\/logo-portable-144.png\",\"width\":144,\"height\":123,\"caption\":\"LYON BONDY BLOG\"},\"image\":{\"@id\":\"https:\/\/lyonbondyblog.fr\/LBB\/#\/schema\/logo\/image\/\"},\"sameAs\":[\"https:\/\/www.facebook.com\/lyonbondyblog\",\"https:\/\/x.com\/bondybloglyon\"]},{\"@type\":\"Person\",\"@id\":\"https:\/\/lyonbondyblog.fr\/LBB\/#\/schema\/person\/e45f8d27baac75072daa0be50c409b25\",\"name\":\"La r\u00e9daction\",\"description\":\"Cr\u00e9e en 2008, la r\u00e9daction du Lyon Bondy Blog s'applique \u00e0 proposer une information locale diff\u00e9rente et compl\u00e9mentaire des m\u00e9dias traditionnels.\",\"sameAs\":[\"https:\/\/www.facebook.com\/lyonbondyblog\",\"https:\/\/x.com\/BondyBlogLyon\"],\"url\":\"https:\/\/lyonbondyblog.fr\/LBB\/author\/admin\/\"}]}<\/script>\n<!-- \/ Yoast SEO plugin. -->","yoast_head_json":{"title":"Victimes de violences conjugales: la lutte n\u2019est pas finie - Lyon Bondy Blog","description":"violences intra familiales et conjugales=)La France n\u2019est pas la meilleure \u00e9l\u00e8ve de l'Europe la lutte contre les violences faites aux femmes,","robots":{"index":"index","follow":"follow","max-snippet":"max-snippet:-1","max-image-preview":"max-image-preview:large","max-video-preview":"max-video-preview:-1"},"canonical":"https:\/\/lyonbondyblog.fr\/LBB\/victimes-de-violences-conjugales-la-lutte-nest-pas-finie\/","og_locale":"fr_FR","og_type":"article","og_title":"Victimes de violences conjugales: la lutte n\u2019est pas finie - Lyon Bondy Blog","og_description":"violences intra familiales et conjugales=)La France n\u2019est pas la meilleure \u00e9l\u00e8ve de l'Europe la lutte contre les violences faites aux femmes,","og_url":"https:\/\/lyonbondyblog.fr\/LBB\/victimes-de-violences-conjugales-la-lutte-nest-pas-finie\/","og_site_name":"Lyon Bondy Blog","article_publisher":"https:\/\/www.facebook.com\/lyonbondyblog","article_author":"https:\/\/www.facebook.com\/lyonbondyblog","article_published_time":"2021-09-04T19:23:45+00:00","article_modified_time":"2021-09-06T08:12:25+00:00","og_image":[{"width":2560,"height":1920,"url":"https:\/\/lyonbondyblog.fr\/LBB\/wp-content\/uploads\/2021\/09\/241120031_326959649162646_3052491092511661279_n-scaled.jpg","type":"image\/jpeg"}],"author":"La r\u00e9daction","twitter_card":"summary_large_image","twitter_creator":"@BondyBlogLyon","twitter_site":"@bondybloglyon","schema":{"@context":"https:\/\/schema.org","@graph":[{"@type":"Article","@id":"https:\/\/lyonbondyblog.fr\/LBB\/victimes-de-violences-conjugales-la-lutte-nest-pas-finie\/#article","isPartOf":{"@id":"https:\/\/lyonbondyblog.fr\/LBB\/victimes-de-violences-conjugales-la-lutte-nest-pas-finie\/"},"author":{"name":"La r\u00e9daction","@id":"https:\/\/lyonbondyblog.fr\/LBB\/#\/schema\/person\/e45f8d27baac75072daa0be50c409b25"},"headline":"Victimes de violences conjugales: la lutte n\u2019est pas finie","datePublished":"2021-09-04T19:23:45+00:00","dateModified":"2021-09-06T08:12:25+00:00","mainEntityOfPage":{"@id":"https:\/\/lyonbondyblog.fr\/LBB\/victimes-de-violences-conjugales-la-lutte-nest-pas-finie\/"},"wordCount":1305,"commentCount":0,"publisher":{"@id":"https:\/\/lyonbondyblog.fr\/LBB\/#organization"},"image":{"@id":"https:\/\/lyonbondyblog.fr\/LBB\/victimes-de-violences-conjugales-la-lutte-nest-pas-finie\/#primaryimage"},"thumbnailUrl":"https:\/\/lyonbondyblog.fr\/LBB\/wp-content\/uploads\/2021\/09\/241120031_326959649162646_3052491092511661279_n-scaled.jpg","articleSection":["F\u00e9minisme","Violences conjugales"],"inLanguage":"fr-FR","potentialAction":[{"@type":"CommentAction","name":"Comment","target":["https:\/\/lyonbondyblog.fr\/LBB\/victimes-de-violences-conjugales-la-lutte-nest-pas-finie\/#respond"]}]},{"@type":"WebPage","@id":"https:\/\/lyonbondyblog.fr\/LBB\/victimes-de-violences-conjugales-la-lutte-nest-pas-finie\/","url":"https:\/\/lyonbondyblog.fr\/LBB\/victimes-de-violences-conjugales-la-lutte-nest-pas-finie\/","name":"Victimes de violences conjugales: la lutte n\u2019est pas finie - Lyon Bondy Blog","isPartOf":{"@id":"https:\/\/lyonbondyblog.fr\/LBB\/#website"},"primaryImageOfPage":{"@id":"https:\/\/lyonbondyblog.fr\/LBB\/victimes-de-violences-conjugales-la-lutte-nest-pas-finie\/#primaryimage"},"image":{"@id":"https:\/\/lyonbondyblog.fr\/LBB\/victimes-de-violences-conjugales-la-lutte-nest-pas-finie\/#primaryimage"},"thumbnailUrl":"https:\/\/lyonbondyblog.fr\/LBB\/wp-content\/uploads\/2021\/09\/241120031_326959649162646_3052491092511661279_n-scaled.jpg","datePublished":"2021-09-04T19:23:45+00:00","dateModified":"2021-09-06T08:12:25+00:00","description":"violences intra familiales et conjugales=)La France n\u2019est pas la meilleure \u00e9l\u00e8ve de l'Europe la lutte contre les violences faites aux femmes,","inLanguage":"fr-FR","potentialAction":[{"@type":"ReadAction","target":["https:\/\/lyonbondyblog.fr\/LBB\/victimes-de-violences-conjugales-la-lutte-nest-pas-finie\/"]}]},{"@type":"ImageObject","inLanguage":"fr-FR","@id":"https:\/\/lyonbondyblog.fr\/LBB\/victimes-de-violences-conjugales-la-lutte-nest-pas-finie\/#primaryimage","url":"https:\/\/lyonbondyblog.fr\/LBB\/wp-content\/uploads\/2021\/09\/241120031_326959649162646_3052491092511661279_n-scaled.jpg","contentUrl":"https:\/\/lyonbondyblog.fr\/LBB\/wp-content\/uploads\/2021\/09\/241120031_326959649162646_3052491092511661279_n-scaled.jpg","width":2560,"height":1920},{"@type":"WebSite","@id":"https:\/\/lyonbondyblog.fr\/LBB\/#website","url":"https:\/\/lyonbondyblog.fr\/LBB\/","name":"Lyon Bondy Blog","description":"","publisher":{"@id":"https:\/\/lyonbondyblog.fr\/LBB\/#organization"},"potentialAction":[{"@type":"SearchAction","target":{"@type":"EntryPoint","urlTemplate":"https:\/\/lyonbondyblog.fr\/LBB\/?s={search_term_string}"},"query-input":"required name=search_term_string"}],"inLanguage":"fr-FR"},{"@type":"Organization","@id":"https:\/\/lyonbondyblog.fr\/LBB\/#organization","name":"LYON BONDY BLOG","url":"https:\/\/lyonbondyblog.fr\/LBB\/","logo":{"@type":"ImageObject","inLanguage":"fr-FR","@id":"https:\/\/lyonbondyblog.fr\/LBB\/#\/schema\/logo\/image\/","url":"http:\/\/lyonbondyblog.fr\/LBB\/wp-content\/uploads\/2014\/10\/logo-portable-144.png","contentUrl":"http:\/\/lyonbondyblog.fr\/LBB\/wp-content\/uploads\/2014\/10\/logo-portable-144.png","width":144,"height":123,"caption":"LYON BONDY BLOG"},"image":{"@id":"https:\/\/lyonbondyblog.fr\/LBB\/#\/schema\/logo\/image\/"},"sameAs":["https:\/\/www.facebook.com\/lyonbondyblog","https:\/\/x.com\/bondybloglyon"]},{"@type":"Person","@id":"https:\/\/lyonbondyblog.fr\/LBB\/#\/schema\/person\/e45f8d27baac75072daa0be50c409b25","name":"La r\u00e9daction","description":"Cr\u00e9e en 2008, la r\u00e9daction du Lyon Bondy Blog s'applique \u00e0 proposer une information locale diff\u00e9rente et compl\u00e9mentaire des m\u00e9dias traditionnels.","sameAs":["https:\/\/www.facebook.com\/lyonbondyblog","https:\/\/x.com\/BondyBlogLyon"],"url":"https:\/\/lyonbondyblog.fr\/LBB\/author\/admin\/"}]}},"_links":{"self":[{"href":"https:\/\/lyonbondyblog.fr\/LBB\/wp-json\/wp\/v2\/posts\/24860","targetHints":{"allow":["GET"]}}],"collection":[{"href":"https:\/\/lyonbondyblog.fr\/LBB\/wp-json\/wp\/v2\/posts"}],"about":[{"href":"https:\/\/lyonbondyblog.fr\/LBB\/wp-json\/wp\/v2\/types\/post"}],"author":[{"embeddable":true,"href":"https:\/\/lyonbondyblog.fr\/LBB\/wp-json\/wp\/v2\/users\/1"}],"replies":[{"embeddable":true,"href":"https:\/\/lyonbondyblog.fr\/LBB\/wp-json\/wp\/v2\/comments?post=24860"}],"version-history":[{"count":9,"href":"https:\/\/lyonbondyblog.fr\/LBB\/wp-json\/wp\/v2\/posts\/24860\/revisions"}],"predecessor-version":[{"id":24881,"href":"https:\/\/lyonbondyblog.fr\/LBB\/wp-json\/wp\/v2\/posts\/24860\/revisions\/24881"}],"wp:featuredmedia":[{"embeddable":true,"href":"https:\/\/lyonbondyblog.fr\/LBB\/wp-json\/wp\/v2\/media\/24861"}],"wp:attachment":[{"href":"https:\/\/lyonbondyblog.fr\/LBB\/wp-json\/wp\/v2\/media?parent=24860"}],"wp:term":[{"taxonomy":"category","embeddable":true,"href":"https:\/\/lyonbondyblog.fr\/LBB\/wp-json\/wp\/v2\/categories?post=24860"},{"taxonomy":"post_tag","embeddable":true,"href":"https:\/\/lyonbondyblog.fr\/LBB\/wp-json\/wp\/v2\/tags?post=24860"}],"curies":[{"name":"wp","href":"https:\/\/api.w.org\/{rel}","templated":true}]}}